{"id":11395,"date":"2021-12-06T17:31:26","date_gmt":"2021-12-06T17:31:26","guid":{"rendered":"https:\/\/longkft.hu\/audioblog\/?p=11395"},"modified":"2022-05-24T09:56:39","modified_gmt":"2022-05-24T09:56:39","slug":"a-hifista-horgasz","status":"publish","type":"post","link":"https:\/\/longkft.hu\/audioblog\/a-hifista-horgasz\/","title":{"rendered":"A hifista horg\u00e1sz"},"content":{"rendered":"<p style=\"text-align: left;\"><span style=\"font-size: 12pt;\">Egyik olvas\u00f3t\u00e1rsunk egy igencsak \u00e9rdekes \u00edr\u00e1sra h\u00edvta fel a figyelmemet. 1986 m\u00e1rcius\u00e1ban P\u00e9ter Belt feles\u00e9ge, May Belt, a f\u00e9rj\u00e9vel, fi\u00e1val v\u00e9gzett k\u00eds\u00e9rletekr\u0151l, az azok sor\u00e1n szerzett szokatlan tapasztalatair\u00f3l, megfigyel\u00e9seir\u0151l sz\u00e1molt be hosszasan.<\/span><\/p>\n<p style=\"text-align: left;\"><span style=\"font-size: 12pt;\">A r\u00e9gi cikk els\u0151 \u00e9rdekess\u00e9ge, maga a szerz\u0151, aki h\u00f6lgy l\u00e9t\u00e9re akt\u00edv r\u00e9szese volt Peter Belt munk\u00e1ss\u00e1g\u00e1nak, megfigyel\u00e9seinek, felfedez\u00e9seinek. H\u00f6lgy l\u00e9t\u00e9re abszol\u00fat meg\u00e9rt\u00e9ssel \u00e9s nyitotts\u00e1ggal \u00e1llt f\u00e9rje munk\u00e1j\u00e1hoz, ami egyben Peternek a hobbija is volt &#8211; \u00e9s persze a mi\u00e9nk is.<\/span><\/p>\n<p style=\"text-align: center;\"><img loading=\"lazy\" decoding=\"async\" class=\"aligncenter size-full wp-image-11397\" src=\"https:\/\/longkft.hu\/audioblog\/wp-content\/uploads\/2021\/12\/May-Belt.jpg\" alt=\"\" width=\"600\" height=\"449\" srcset=\"https:\/\/longkft.hu\/audioblog\/wp-content\/uploads\/2021\/12\/May-Belt.jpg 600w, https:\/\/longkft.hu\/audioblog\/wp-content\/uploads\/2021\/12\/May-Belt-300x225.jpg 300w, https:\/\/longkft.hu\/audioblog\/wp-content\/uploads\/2021\/12\/May-Belt-200x150.jpg 200w, https:\/\/longkft.hu\/audioblog\/wp-content\/uploads\/2021\/12\/May-Belt-400x299.jpg 400w\" sizes=\"auto, (max-width: 600px) 100vw, 600px\" \/><\/p>\n<p style=\"text-align: left;\"><span style=\"font-size: 12pt;\">Szenzit\u00edv emberk\u00e9nt (mert a h\u00f6lgyek hall\u00e1sa bizony kifinomultabb \u00e9s persze kev\u00e9sb\u00e9 elvakult, mint a hifista pasik\u00e9), nagyon gyorsan ismerte fel a legapr\u00f3bb hangi k\u00fcl\u00f6nbs\u00e9geket. Azokat remek\u00fcl jellemezte \u00e9s megb\u00edzhat\u00f3an hasonl\u00edtotta \u00f6ssze ak\u00e1r h\u00f3napokkal kor\u00e1bbi v\u00e1ltoz\u00e1sokkal &#8211; mert az ember nem aranyhal, hogy mind\u00f6ssze 2 m\u00e1sodperces hangmem\u00f3ri\u00e1ja legyen.<\/span><\/p>\n<h3 style=\"text-align: left;\"><span style=\"font-size: 14pt;\">A cikk m\u00e1sodik \u00e9rdekess\u00e9ge &#8211; egyebek mellett -, az \u00f3lomcs\u0151.<\/span><\/h3>\n<p style=\"text-align: left;\"><span style=\"font-size: 12pt;\">May kifejezetten lelkesen mes\u00e9l egy k\u00f6zvetlen\u00fcl sehova sem vezet\u0151 megtapasztal\u00e1sukr\u00f3l, az \u00f3lomcs\u0151 hangra \u00e9s k\u00e9pre gyakorolt jelent\u0151s hat\u00e1s\u00e1r\u00f3l. El\u0151sz\u00f6r hangsz\u00f3r\u00f3k\u00e1belek hangsug\u00e1rz\u00f3 fel\u0151li oldal\u00e1ra h\u00faztak \u00f3lomcs\u00f6vet &#8211; melynek m\u00e9rete ismeretlen -, majd kipr\u00f3b\u00e1lt\u00e1k mindenf\u00e9le jelk\u00e1belen, k\u00e9sz\u00fcl\u00e9ken k\u00edv\u00fcl \u00e9s k\u00e9sz\u00fcl\u00e9keken bel\u00fcl.<\/span><\/p>\n<p style=\"text-align: left;\"><span style=\"font-size: 12pt;\">Itt felt\u00e9tlen\u00fcl meg kell jegyeznem, hogy anno volt egy igen \u00e9rdekes megtapasztal\u00e1som az aktu\u00e1lis a TV-mmel, amir\u0151l, \u00e9s az abb\u00f3l k\u00f6vetkez\u0151 egy\u00e9b megtapasztal\u00e1sokr\u00f3l <a href=\"https:\/\/longkft.hu\/audioblog\/tv-tuning\/\" target=\"_blank\" rel=\"noopener\"><span style=\"color: #ff6600;\">\u00edrtam kor\u00e1bban egy hosszabb besz\u00e1mol\u00f3t.<\/span><\/a> Az abban le\u00edrtak, sajnos egy igen hangos kisebbs\u00e9g miatt degrad\u00e1lva \u00e9s &#8222;el\u00e1ztatva&#8221; lettek, de most tal\u00e1n elfogadhat\u00f3bbak lesznek ezen TV-tuningos javaslataim (is).<\/span><\/p>\n<p style=\"text-align: center;\"><a href=\"https:\/\/longkft.hu\/\" target=\"_blank\" rel=\"noopener\"><img loading=\"lazy\" decoding=\"async\" class=\"aligncenter wp-image-11872 size-full\" src=\"https:\/\/longkft.hu\/audioblog\/wp-content\/uploads\/2022\/02\/30-ev_2.jpg\" alt=\"grafikus\" width=\"600\" height=\"401\" srcset=\"https:\/\/longkft.hu\/audioblog\/wp-content\/uploads\/2022\/02\/30-ev_2.jpg 600w, https:\/\/longkft.hu\/audioblog\/wp-content\/uploads\/2022\/02\/30-ev_2-300x201.jpg 300w, https:\/\/longkft.hu\/audioblog\/wp-content\/uploads\/2022\/02\/30-ev_2-200x134.jpg 200w, https:\/\/longkft.hu\/audioblog\/wp-content\/uploads\/2022\/02\/30-ev_2-400x267.jpg 400w, https:\/\/longkft.hu\/audioblog\/wp-content\/uploads\/2022\/02\/30-ev_2-272x182.jpg 272w\" sizes=\"auto, (max-width: 600px) 100vw, 600px\" \/><\/a><\/p>\n<p style=\"text-align: left;\"><span style=\"font-size: 12pt;\">May Belt teh\u00e1t k\u00fcl\u00f6n kiemeli, hogy az \u00f3lomcs\u00f6ves k\u00eds\u00e9rleteik sor\u00e1n &#8222;eljutottak&#8221; a k\u00e9pcs\u00f6ves TV-j\u00fck k\u00e9pcs\u00f6v\u00e9nek RGB-vezet\u00e9keiig &#8211; akkoriban minden k\u00e9pmegjelen\u00edt\u0151 k\u00e9pcs\u00f6ves volt. Ezen legutols\u00f3 szakaszokra helyezett \u00f3lomcs\u00f6vek igen jelent\u0151sen v\u00e1ltoztatt\u00e1k meg a TV-k\u00e9pet, aminek k\u00f6vetkezt\u00e9ben a TV-j\u00fck \u00e1lland\u00f3 teszteszk\u00f6z lett. Innent\u0151l kezdve minden k\u00eds\u00e9rlet\u00fcket a TV-n is megism\u00e9telt\u00e9k.<\/span><\/p>\n<p style=\"text-align: left;\"><span style=\"font-size: 12pt;\">Ebb\u0151l &#8222;mind\u00f6ssze&#8221; annyi k\u00f6vetkezik, hogy bizony t\u0151lem sokkal tapasztaltabbak is r\u00e1j\u00f6ttek arra, hogy nem csak a hangtechnikai eszk\u00f6z\u00f6k, hanem a k\u00e9pmegjelen\u00edt\u0151k is rengeteg min\u0151s\u00e9gi &#8222;tartal\u00e9kkal&#8221; rendelkeznek, amit \u00e9rdemes (lenne) kihaszn\u00e1lni.<\/span><\/p>\n<h3 style=\"text-align: left;\"><span style=\"font-size: 14pt;\">Teh\u00e1t od\u00e1ig jutottunk, hogy az \u00f3lomcs\u00f6vet mindenk\u00e9ppen \u00e9rdemes lenne kipr\u00f3b\u00e1lni, azonban a beszerezhet\u0151s\u00e9ge, haszn\u00e1lhat\u00f3s\u00e1ga nem egyszer\u0171 feladat.<\/span><\/h3>\n<p style=\"text-align: left;\"><span style=\"font-size: 12pt;\">Az olvas\u00f3t\u00e1rsunknak (aki egyben r\u00e9g\u00f3ta levelez\u0151t\u00e1rsam is) k\u00e9t \u00f6tlete volt: pingpong\u00fct\u0151h\u00f6z val\u00f3 \u00f3lomszalag, vagy a horg\u00e1szok \u00e1ltal haszn\u00e1lt \u00f3lomszalag &#8211; azonban a pr\u00f3b\u00e1t m\u00e9g halogatta, vagy csak ink\u00e1bb r\u00e1m b\u00edzta&#8230;<\/span><\/p>\n<h3 style=\"text-align: left;\"><span style=\"font-size: 14pt;\">Mivel a k\u00f6zel\u00fcnkben van egy nagy horg\u00e1szbolt, ez\u00e9rt a horg\u00e1szos megold\u00e1st v\u00e1lasztottam pr\u00f3b\u00e1nak &#8211; ami r\u00e1ad\u00e1sul sokkal olcs\u00f3bb is.<\/span><\/h3>\n<p style=\"text-align: left;\"><span style=\"font-size: 12pt;\">Hazahoztam hat darab apr\u00f3 \u00f3lomszalagot, melyek k\u00f6z\u00fcl egy-egy darabot r\u00e1tekertem a hangsug\u00e1rz\u00f3-vezet\u00e9keim hangsug\u00e1rz\u00f3 fel\u0151li v\u00e9g\u00e9re, kett\u0151 darabot pedig a h\u00e1l\u00f3zati-lej\u00e1tsz\u00f3mba fut\u00f3 ethernetk\u00e1bel k\u00e9sz\u00fcl\u00e9k fel\u0151li v\u00e9g\u00e9re.\u00a0<\/span><\/p>\n<p style=\"text-align: center;\"><img loading=\"lazy\" decoding=\"async\" class=\"aligncenter size-full wp-image-11398\" src=\"https:\/\/longkft.hu\/audioblog\/wp-content\/uploads\/2021\/12\/olomszalag.png\" alt=\"\" width=\"486\" height=\"672\" srcset=\"https:\/\/longkft.hu\/audioblog\/wp-content\/uploads\/2021\/12\/olomszalag.png 486w, https:\/\/longkft.hu\/audioblog\/wp-content\/uploads\/2021\/12\/olomszalag-217x300.png 217w, https:\/\/longkft.hu\/audioblog\/wp-content\/uploads\/2021\/12\/olomszalag-145x200.png 145w, https:\/\/longkft.hu\/audioblog\/wp-content\/uploads\/2021\/12\/olomszalag-400x553.png 400w\" sizes=\"auto, (max-width: 486px) 100vw, 486px\" \/><\/p>\n<p style=\"text-align: left;\"><span style=\"font-size: 12pt;\">Nem igaz\u00e1n kellett hosszasan hallgat\u00f3znom, hogy k\u00e9sztet\u00e9st \u00e9rezzek arra, hogy azonnal visszarohanjak a boltba, \u00e9s megvegyem az \u00f6sszes \u00f3lomszalagot. A v\u00e1ltoz\u00e1s m\u00e9rt\u00e9k\u00e9t \u00e9s mik\u00e9ntj\u00e9t ink\u00e1bb nem \u00edrom le &#8211; nem szeretn\u00e9k senkit determin\u00e1lni -, ellenben v\u00e1rom a besz\u00e1mol\u00f3kat.<\/span><\/p>\n<p style=\"text-align: left;\"><span style=\"font-size: 12pt;\">Sz\u00e1momra ism\u00e9telten bebizonyosodott, hogy Belt \u00far \u00e9s feles\u00e9ge (\u00e9s persze a fia), bizony sokkal nagyobb meg\u00e9rt\u00e9st \u00e9s figyelmet \u00e9rdemeltek volna, mint amit kaptak, \u00e9s kapnak az ut\u00f3kort\u00f3l. Olvas\u00f3t\u00e1rsunknak pedig a nevetekben is k\u00f6sz\u00f6n\u00f6m, hogy felh\u00edvta figyelmemet a &#8217;86-os besz\u00e1mol\u00f3ra.<\/span><\/p>\n<p style=\"text-align: left;\"><em><span style=\"font-size: 12pt;\">A term\u00e9szetesen teljesen jogos eg\u00e9szs\u00e9g\u00fcgyi aggodalmak kialakul\u00e1sa el\u0151tt felh\u00edvom a figyelmet arra, hogy nem \u00f3lomporr\u00f3l van sz\u00f3, nem \u00e9vekig tart\u00f3, \u00f3lommal val\u00f3 k\u00f6zvetlen munk\u00e1r\u00f3l, hanem mind\u00f6ssze p\u00e1r m\u00e1sodperces \u00f3lommal val\u00f3 \u00e9rintkez\u00e9sr\u0151l. Akit m\u00e9gis zavarna, haszn\u00e1ljon a felteker\u00e9s idej\u00e9re gumikeszty\u0171t.<\/span><\/em><\/p>\n<span>Megosztom:<\/span><br><a target=\"_blank\" class=\"facebook\" title=\"\" rel=\"external\" href=\"https:\/\/www.facebook.com\/share.php?u=https:\/\/longkft.hu\/audioblog\/a-hifista-horgasz\/&title=A hifista horg\u00e1sz\"><\/a><a target=\"_blank\" class=\"linkedin\" title=\"\" rel=\"external\" href=\"http:\/\/www.linkedin.com\/shareArticle?mini=true&amp;url=https%3A%2F%2Flongkft.hu%2Faudioblog%2Fa-hifista-horgasz%2F&amp;title=A+hifista+horg%C3%A1sz&amp;summary=%3Cp+style%3D%22text-align%3A+left%3B%22%3E%3Cspan+style%3D%22font-size%3A+12pt%3B%22%3EEgyik+olvas%C3%B3t%C3%A1rsunk+egy+igencsak+%C3%A9rdekes+%C3%ADr%C3%A1sra+h%C3%ADvta+fel+a+figyelmemet.+1986+m%C3%A1rcius%C3%A1ban+P%C3%A9ter+Belt+feles%C3%A9ge%2C+May+Belt%2C+a+f%C3%A9rj%C3%A9vel%2C+fi%C3%A1val+v%C3%A9gzett+k%C3%ADs%C3%A9rletekr%C5%91l%2C+az+azok+sor%C3%A1n+szerzett+szokatlan+tapasztalatair%C3%B3l%2C+megfigyel%C3%A9seir%C5%91l+sz%C3%A1molt+be+hosszasan.%3C%2Fspan%3E%3C%2Fp%3E%0D%0A%3Cp+style%3D%22text-align%3A+left%3B%22%3E%3Cspan+style%3D%22font-size%3A+12pt%3B%22%3EA+r%C3%A9gi+cikk+els%C5%91+%C3%A9rdekess%C3%A9ge%2C+maga+a+szerz%C5%91%2C+aki+h%C3%B6lgy+l%C3%A9t%C3%A9re+akt%C3%ADv+r%C3%A9szese+volt+Peter+Belt+munk%C3%A1ss%C3%A1g%C3%A1nak%2C+megfigyel%C3%A9seinek%2C+felfedez%C3%A9seinek.+H%C3%B6lgy+l%C3%A9t%C3%A9re+abszol%C3%BAt+meg%C3%A9rt%C3%A9ssel+%C3%A9s+nyitotts%C3%A1ggal+%C3%A1llt+f%C3%A9rje+munk%C3%A1j%C3%A1hoz%2C+ami+egyben+Peternek+a+hobbija+is+volt+-+%C3%A9s+persze+a+mi%C3%A9nk+is.%3C%2Fspan%3E%3C%2Fp%3E%0D%0A%3Cp+style%3D%22text-align%3A+center%3B%22%3E%3Cimg+class%3D%22aligncenter+size-full+wp-image-11397%22+src%3D%22https%3A%2F%2Flongkft.hu%2Faudioblog%2Fwp-content%2Fuploads%2F2021%2F12%2FMay-Belt.jpg%22+alt%3D%22%22+width%3D%22600%22+height%3D%22449%22+%2F%3E%3C%2Fp%3E%0D%0A%3Cp+style%3D%22text-align%3A+left%3B%22%3E%3Cspan+style%3D%22font-size%3A+12pt%3B%22%3ESzenzit%C3%ADv+emberk%C3%A9nt+%28mert+a+h%C3%B6lgyek+hall%C3%A1sa+bizony+kifinomultabb+%C3%A9s+persze+kev%C3%A9sb%C3%A9+elvakult%2C+mint+a+hifista+pasik%C3%A9%29%2C+nagyon+gyorsan+ismerte+fel+a+legapr%C3%B3bb+hangi+k%C3%BCl%C3%B6nbs%C3%A9geket.+Azokat+remek%C3%BCl+jellemezte+%C3%A9s+megb%C3%ADzhat%C3%B3an+hasonl%C3%ADtotta+%C3%B6ssze+ak%C3%A1r+h%C3%B3napokkal+kor%C3%A1bbi+v%C3%A1ltoz%C3%A1sokkal+-+mert+az+ember+nem+aranyhal%2C+hogy+mind%C3%B6ssze+2+m%C3%A1sodperces+hangmem%C3%B3ri%C3%A1ja+legyen.%3C%2Fspan%3E%3C%2Fp%3E%0D%0A%0D%0A%3Ch3+style%3D%22text-align%3A+left%3B%22%3E%3Cspan+style%3D%22font-size%3A+14pt%3B%22%3EA+cikk+m%C3%A1sodik+%C3%A9rdekess%C3%A9ge+-+egyebek+mellett+-%2C+az+%C3%B3lomcs%C5%91.%3C%2Fspan%3E%3C%2Fh3%3E%0D%0A%3Cp+style%3D%22text-align%3A+left%3B%22%3E%3Cspan+style%3D%22font-size%3A+12pt%3B%22%3EMay+kifejezetten+lelkesen+mes%C3%A9l+egy+k%C3%B6zvetlen%C3%BCl+sehova+sem+vezet%C5%91+megtapasztal%C3%A1sukr%C3%B3l%2C+az+%C3%B3lomcs%C5%91+hangra+%C3%A9s+k%C3%A9pre+gyakorolt+jelent%C5%91s+hat%C3%A1s%C3%A1r%C3%B3l.+El%C5%91sz%C3%B6r+hangsz%C3%B3r%C3%B3k%C3%A1belek+hangsug%C3%A1rz%C3%B3+fel%C5%91li+oldal%C3%A1ra+h%C3%BAztak+%C3%B3lomcs%C3%B6vet+-+melynek+m%C3%A9rete+ismeretlen+-%2C+majd+kipr%C3%B3b%C3%A1lt%C3%A1k+mindenf%C3%A9le+jelk%C3%A1belen%2C+k%C3%A9sz%C3%BCl%C3%A9ken+k%C3%ADv%C3%BCl+%C3%A9s+k%C3%A9sz%C3%BCl%C3%A9keken+bel%C3%BCl.%3C%2Fspan%3E%3C%2Fp%3E%0D%0A%3Cp+style%3D%22text-align%3A+left%3B%22%3E%3Cspan+style%3D%22font-size%3A+12pt%3B%22%3EItt+felt%C3%A9tlen%C3%BCl+meg+kell+jegyeznem%2C+hogy+anno+volt+egy+igen+%C3%A9rdekes+megtapasztal%C3%A1som+az+aktu%C3%A1lis+a+TV-mmel%2C+amir%C5%91l%2C+%C3%A9s+az+abb%C3%B3l+k%C3%B6vetkez%C5%91+egy%C3%A9b+megtapasztal%C3%A1sokr%C3%B3l+%3Ca+href%3D%22https%3A%2F%2Flongkft.hu%2Faudioblog%2Ftv-tuning%2F%22+target%3D%22_blank%22+rel%3D%22noopener%22%3E%3Cspan+style%3D%22color%3A+%23ff6600%3B%22%3E%C3%ADrtam+kor%C3%A1bban+egy+hosszabb+besz%C3%A1mol%C3%B3t.%3C%2Fspan%3E%3C%2Fa%3E+Az+abban+le%C3%ADrtak%2C+sajnos+egy+igen+hangos+kisebbs%C3%A9g+miatt+degrad%C3%A1lva+%C3%A9s+%22el%C3%A1ztatva%22+lettek%2C+de+most+tal%C3%A1n+elfogadhat%C3%B3bbak+lesznek+ezen+TV-tuningos+javaslataim+%28is%29.%3C%2Fspan%3E%3C%2Fp%3E%0D%0A%3Cp+style%3D%22text-align%3A+center%3B%22%3E%3Ca+href%3D%22https%3A%2F%2Flongkft.hu%2F%22+target%3D%22_blank%22+rel%3D%22noopener%22%3E%3Cimg+class%3D%22aligncenter+wp-image-11872+size-full%22+src%3D%22https%3A%2F%2Flongkft.hu%2Faudioblog%2Fwp-content%2Fuploads%2F2022%2F02%2F30-ev_2.jpg%22+alt%3D%22grafikus%22+width%3D%22600%22+height%3D%22401%22+%2F%3E%3C%2Fa%3E%3C%2Fp%3E%0D%0A%3Cp+style%3D%22text-align%3A+left%3B%22%3E%3Cspan+style%3D%22font-size%3A+12pt%3B%22%3EMay+Belt+teh%C3%A1t+k%C3%BCl%C3%B6n+kiemeli%2C+hogy+az+%C3%B3lomcs%C3%B6ves+k%C3%ADs%C3%A9rleteik+sor%C3%A1n+%22eljutottak%22+a+k%C3%A9pcs%C3%B6ves+TV-j%C3%BCk+k%C3%A9pcs%C3%B6v%C3%A9nek+RGB-vezet%C3%A9keiig+-+akkoriban+minden+k%C3%A9pmegjelen%C3%ADt%C5%91+k%C3%A9pcs%C3%B6ves+volt.+Ezen+legutols%C3%B3+szakaszokra+helyezett+%C3%B3lomcs%C3%B6vek+igen+jelent%C5%91sen+v%C3%A1ltoztatt%C3%A1k+meg+a+TV-k%C3%A9pet%2C+aminek+k%C3%B6vetkezt%C3%A9ben+a+TV-j%C3%BCk+%C3%A1lland%C3%B3+teszteszk%C3%B6z+lett.+Innent%C5%91l+kezdve+minden+k%C3%ADs%C3%A9rlet%C3%BCket+a+TV-n+is+megism%C3%A9telt%C3%A9k.%3C%2Fspan%3E%3C%2Fp%3E%0D%0A%3Cp+style%3D%22text-align%3A+left%3B%22%3E%3Cspan+style%3D%22font-size%3A+12pt%3B%22%3EEbb%C5%91l+%22mind%C3%B6ssze%22+annyi+k%C3%B6vetkezik%2C+hogy+bizony+t%C5%91lem+sokkal+tapasztaltabbak+is+r%C3%A1j%C3%B6ttek+arra%2C+hogy+nem+csak+a+hangtechnikai+eszk%C3%B6z%C3%B6k%2C+hanem+a+k%C3%A9pmegjelen%C3%ADt%C5%91k+is+rengeteg+min%C5%91s%C3%A9gi+%22tartal%C3%A9kkal%22+rendelkeznek%2C+amit+%C3%A9rdemes+%28lenne%29+kihaszn%C3%A1lni.%3C%2Fspan%3E%3C%2Fp%3E%0D%0A%0D%0A%3Ch3+style%3D%22text-align%3A+left%3B%22%3E%3Cspan+style%3D%22font-size%3A+14pt%3B%22%3ETeh%C3%A1t+od%C3%A1ig+jutottunk%2C+hogy+az+%C3%B3lomcs%C3%B6vet+mindenk%C3%A9ppen+%C3%A9rdemes+lenne+kipr%C3%B3b%C3%A1lni%2C+azonban+a+beszerezhet%C5%91s%C3%A9ge%2C+haszn%C3%A1lhat%C3%B3s%C3%A1ga+nem+egyszer%C5%B1+feladat.%3C%2Fspan%3E%3C%2Fh3%3E%0D%0A%3Cp+style%3D%22text-align%3A+left%3B%22%3E%3Cspan+style%3D%22font-size%3A+12pt%3B%22%3EAz+olvas%C3%B3t%C3%A1rsunknak+%28aki+egyben+r%C3%A9g%C3%B3ta+levelez%C5%91t%C3%A1rsam+is%29+k%C3%A9t+%C3%B6tlete+volt%3A+pingpong%C3%BCt%C5%91h%C3%B6z+val%C3%B3+%C3%B3lomszalag%2C+vagy+a+horg%C3%A1szok+%C3%A1ltal+haszn%C3%A1lt+%C3%B3lomszalag+-+azonban+a+pr%C3%B3b%C3%A1t+m%C3%A9g+halogatta%2C+vagy+csak+ink%C3%A1bb+r%C3%A1m+b%C3%ADzta...%3C%2Fspan%3E%3C%2Fp%3E%0D%0A%0D%0A%3Ch3+style%3D%22text-align%3A+left%3B%22%3E%3Cspan+style%3D%22font-size%3A+14pt%3B%22%3EMivel+a+k%C3%B6zel%C3%BCnkben+van+egy+nagy+horg%C3%A1szbolt%2C+ez%C3%A9rt+a+horg%C3%A1szos+megold%C3%A1st+v%C3%A1lasztottam+pr%C3%B3b%C3%A1nak+-+ami+r%C3%A1ad%C3%A1sul+sokkal+olcs%C3%B3bb+is.%3C%2Fspan%3E%3C%2Fh3%3E%0D%0A%3Cp+style%3D%22text-align%3A+left%3B%22%3E%3Cspan+style%3D%22font-size%3A+12pt%3B%22%3EHazahoztam+hat+darab+apr%C3%B3+%C3%B3lomszalagot%2C+melyek+k%C3%B6z%C3%BCl+egy-egy+darabot+r%C3%A1tekertem+a+hangsug%C3%A1rz%C3%B3-vezet%C3%A9keim+hangsug%C3%A1rz%C3%B3+fel%C5%91li+v%C3%A9g%C3%A9re%2C+kett%C5%91+darabot+pedig+a+h%C3%A1l%C3%B3zati-lej%C3%A1tsz%C3%B3mba+fut%C3%B3+ethernetk%C3%A1bel+k%C3%A9sz%C3%BCl%C3%A9k+fel%C5%91li+v%C3%A9g%C3%A9re.%C2%A0%3C%2Fspan%3E%3C%2Fp%3E%0D%0A%3Cp+style%3D%22text-align%3A+center%3B%22%3E%3Cimg+class%3D%22aligncenter+size-full+wp-image-11398%22+src%3D%22https%3A%2F%2Flongkft.hu%2Faudioblog%2Fwp-content%2Fuploads%2F2021%2F12%2Folomszalag.png%22+alt%3D%22%22+width%3D%22486%22+height%3D%22672%22+%2F%3E%3C%2Fp%3E%0D%0A%3Cp+style%3D%22text-align%3A+left%3B%22%3E%3Cspan+style%3D%22font-size%3A+12pt%3B%22%3ENem+igaz%C3%A1n+kellett+hosszasan+hallgat%C3%B3znom%2C+hogy+k%C3%A9sztet%C3%A9st+%C3%A9rezzek+arra%2C+hogy+azonnal+visszarohanjak+a+boltba%2C+%C3%A9s+megvegyem+az+%C3%B6sszes+%C3%B3lomszalagot.+A+v%C3%A1ltoz%C3%A1s+m%C3%A9rt%C3%A9k%C3%A9t+%C3%A9s+mik%C3%A9ntj%C3%A9t+ink%C3%A1bb+nem+%C3%ADrom+le+-+nem+szeretn%C3%A9k+senkit+determin%C3%A1lni+-%2C+ellenben+v%C3%A1rom+a+besz%C3%A1mol%C3%B3kat.%3C%2Fspan%3E%3C%2Fp%3E%0D%0A%3Cp+style%3D%22text-align%3A+left%3B%22%3E%3Cspan+style%3D%22font-size%3A+12pt%3B%22%3ESz%C3%A1momra+ism%C3%A9telten+bebizonyosodott%2C+hogy+Belt+%C3%BAr+%C3%A9s+feles%C3%A9ge+%28%C3%A9s+persze+a+fia%29%2C+bizony+sokkal+nagyobb+meg%C3%A9rt%C3%A9st+%C3%A9s+figyelmet+%C3%A9rdemeltek+volna%2C+mint+amit+kaptak%2C+%C3%A9s+kapnak+az+ut%C3%B3kort%C3%B3l.+Olvas%C3%B3t%C3%A1rsunknak+pedig+a+nevetekben+is+k%C3%B6sz%C3%B6n%C3%B6m%2C+hogy+felh%C3%ADvta+figyelmemet+a+%2786-os+besz%C3%A1mol%C3%B3ra.%3C%2Fspan%3E%3C%2Fp%3E%0D%0A%3Cp+style%3D%22text-align%3A+left%3B%22%3E%3Cem%3E%3Cspan+style%3D%22font-size%3A+12pt%3B%22%3EA+term%C3%A9szetesen+teljesen+jogos+eg%C3%A9szs%C3%A9g%C3%BCgyi+aggodalmak+kialakul%C3%A1sa+el%C5%91tt+felh%C3%ADvom+a+figyelmet+arra%2C+hogy+nem+%C3%B3lomporr%C3%B3l+van+sz%C3%B3%2C+nem+%C3%A9vekig+tart%C3%B3%2C+%C3%B3lommal+val%C3%B3+k%C3%B6zvetlen+munk%C3%A1r%C3%B3l%2C+hanem+mind%C3%B6ssze+p%C3%A1r+m%C3%A1sodperces+%C3%B3lommal+val%C3%B3+%C3%A9rintkez%C3%A9sr%C5%91l.+Akit+m%C3%A9gis+zavarna%2C+haszn%C3%A1ljon+a+felteker%C3%A9s+idej%C3%A9re+gumikeszty%C5%B1t.%3C%2Fspan%3E%3C%2Fem%3E%3C%2Fp%3E&amp;source=Longaudio\"><\/a><a target=\"_blank\" class=\"gplusz\" title=\"\" rel=\"external\" href=\"https:\/\/plusone.google.com\/_\/+1\/confirm?url=https:\/\/longkft.hu\/audioblog\/a-hifista-horgasz\/\"><\/a><a target=\"_blank\" rel=\"nofollow\" class=\"email\" href=\"mailto:?subject=Longaudio - A hifista horg\u00e1sz&amp;body=Kedves Bar\u00e1tom! Most olvastam a(z) A hifista horg\u00e1sz  c\u00edm\u0171 cikket a(z) Longaudio  oldalon. Hivatkoz\u00e1s:  https:\/\/longkft.hu\/audioblog\/a-hifista-horgasz\/\" title=\"\"><\/a><a class=\"nyomtatas\" title=\"\" href=\"http:\/\/www.printfriendly.com\" onclick=\"window.print();return false;\"><\/a>","protected":false},"excerpt":{"rendered":"<p>Egyik olvas\u00f3t\u00e1rsunk egy igencsak \u00e9rdekes \u00edr\u00e1sra h\u00edvta fel a figyelmemet. 1986 m\u00e1rcius\u00e1ban P\u00e9ter Belt feles\u00e9ge, May Belt, a f\u00e9rj\u00e9vel, fi\u00e1val&#8230;<\/p>\n<span>Megosztom:<\/span><br><a target=\"_blank\" class=\"facebook\" title=\"\" rel=\"external\" href=\"https:\/\/www.facebook.com\/share.php?u=https:\/\/longkft.hu\/audioblog\/a-hifista-horgasz\/&title=A hifista horg\u00e1sz\"><\/a><a target=\"_blank\" class=\"linkedin\" title=\"\" rel=\"external\" href=\"http:\/\/www.linkedin.com\/shareArticle?mini=true&amp;url=https%3A%2F%2Flongkft.hu%2Faudioblog%2Fa-hifista-horgasz%2F&amp;title=A+hifista+horg%C3%A1sz&amp;summary=%3Cp+style%3D%22text-align%3A+left%3B%22%3E%3Cspan+style%3D%22font-size%3A+12pt%3B%22%3EEgyik+olvas%C3%B3t%C3%A1rsunk+egy+igencsak+%C3%A9rdekes+%C3%ADr%C3%A1sra+h%C3%ADvta+fel+a+figyelmemet.+1986+m%C3%A1rcius%C3%A1ban+P%C3%A9ter+Belt+feles%C3%A9ge%2C+May+Belt%2C+a+f%C3%A9rj%C3%A9vel%2C+fi%C3%A1val+v%C3%A9gzett+k%C3%ADs%C3%A9rletekr%C5%91l%2C+az+azok+sor%C3%A1n+szerzett+szokatlan+tapasztalatair%C3%B3l%2C+megfigyel%C3%A9seir%C5%91l+sz%C3%A1molt+be+hosszasan.%3C%2Fspan%3E%3C%2Fp%3E%0D%0A%3Cp+style%3D%22text-align%3A+left%3B%22%3E%3Cspan+style%3D%22font-size%3A+12pt%3B%22%3EA+r%C3%A9gi+cikk+els%C5%91+%C3%A9rdekess%C3%A9ge%2C+maga+a+szerz%C5%91%2C+aki+h%C3%B6lgy+l%C3%A9t%C3%A9re+akt%C3%ADv+r%C3%A9szese+volt+Peter+Belt+munk%C3%A1ss%C3%A1g%C3%A1nak%2C+megfigyel%C3%A9seinek%2C+felfedez%C3%A9seinek.+H%C3%B6lgy+l%C3%A9t%C3%A9re+abszol%C3%BAt+meg%C3%A9rt%C3%A9ssel+%C3%A9s+nyitotts%C3%A1ggal+%C3%A1llt+f%C3%A9rje+munk%C3%A1j%C3%A1hoz%2C+ami+egyben+Peternek+a+hobbija+is+volt+-+%C3%A9s+persze+a+mi%C3%A9nk+is.%3C%2Fspan%3E%3C%2Fp%3E%0D%0A%3Cp+style%3D%22text-align%3A+center%3B%22%3E%3Cimg+class%3D%22aligncenter+size-full+wp-image-11397%22+src%3D%22https%3A%2F%2Flongkft.hu%2Faudioblog%2Fwp-content%2Fuploads%2F2021%2F12%2FMay-Belt.jpg%22+alt%3D%22%22+width%3D%22600%22+height%3D%22449%22+%2F%3E%3C%2Fp%3E%0D%0A%3Cp+style%3D%22text-align%3A+left%3B%22%3E%3Cspan+style%3D%22font-size%3A+12pt%3B%22%3ESzenzit%C3%ADv+emberk%C3%A9nt+%28mert+a+h%C3%B6lgyek+hall%C3%A1sa+bizony+kifinomultabb+%C3%A9s+persze+kev%C3%A9sb%C3%A9+elvakult%2C+mint+a+hifista+pasik%C3%A9%29%2C+nagyon+gyorsan+ismerte+fel+a+legapr%C3%B3bb+hangi+k%C3%BCl%C3%B6nbs%C3%A9geket.+Azokat+remek%C3%BCl+jellemezte+%C3%A9s+megb%C3%ADzhat%C3%B3an+hasonl%C3%ADtotta+%C3%B6ssze+ak%C3%A1r+h%C3%B3napokkal+kor%C3%A1bbi+v%C3%A1ltoz%C3%A1sokkal+-+mert+az+ember+nem+aranyhal%2C+hogy+mind%C3%B6ssze+2+m%C3%A1sodperces+hangmem%C3%B3ri%C3%A1ja+legyen.%3C%2Fspan%3E%3C%2Fp%3E%0D%0A%0D%0A%3Ch3+style%3D%22text-align%3A+left%3B%22%3E%3Cspan+style%3D%22font-size%3A+14pt%3B%22%3EA+cikk+m%C3%A1sodik+%C3%A9rdekess%C3%A9ge+-+egyebek+mellett+-%2C+az+%C3%B3lomcs%C5%91.%3C%2Fspan%3E%3C%2Fh3%3E%0D%0A%3Cp+style%3D%22text-align%3A+left%3B%22%3E%3Cspan+style%3D%22font-size%3A+12pt%3B%22%3EMay+kifejezetten+lelkesen+mes%C3%A9l+egy+k%C3%B6zvetlen%C3%BCl+sehova+sem+vezet%C5%91+megtapasztal%C3%A1sukr%C3%B3l%2C+az+%C3%B3lomcs%C5%91+hangra+%C3%A9s+k%C3%A9pre+gyakorolt+jelent%C5%91s+hat%C3%A1s%C3%A1r%C3%B3l.+El%C5%91sz%C3%B6r+hangsz%C3%B3r%C3%B3k%C3%A1belek+hangsug%C3%A1rz%C3%B3+fel%C5%91li+oldal%C3%A1ra+h%C3%BAztak+%C3%B3lomcs%C3%B6vet+-+melynek+m%C3%A9rete+ismeretlen+-%2C+majd+kipr%C3%B3b%C3%A1lt%C3%A1k+mindenf%C3%A9le+jelk%C3%A1belen%2C+k%C3%A9sz%C3%BCl%C3%A9ken+k%C3%ADv%C3%BCl+%C3%A9s+k%C3%A9sz%C3%BCl%C3%A9keken+bel%C3%BCl.%3C%2Fspan%3E%3C%2Fp%3E%0D%0A%3Cp+style%3D%22text-align%3A+left%3B%22%3E%3Cspan+style%3D%22font-size%3A+12pt%3B%22%3EItt+felt%C3%A9tlen%C3%BCl+meg+kell+jegyeznem%2C+hogy+anno+volt+egy+igen+%C3%A9rdekes+megtapasztal%C3%A1som+az+aktu%C3%A1lis+a+TV-mmel%2C+amir%C5%91l%2C+%C3%A9s+az+abb%C3%B3l+k%C3%B6vetkez%C5%91+egy%C3%A9b+megtapasztal%C3%A1sokr%C3%B3l+%3Ca+href%3D%22https%3A%2F%2Flongkft.hu%2Faudioblog%2Ftv-tuning%2F%22+target%3D%22_blank%22+rel%3D%22noopener%22%3E%3Cspan+style%3D%22color%3A+%23ff6600%3B%22%3E%C3%ADrtam+kor%C3%A1bban+egy+hosszabb+besz%C3%A1mol%C3%B3t.%3C%2Fspan%3E%3C%2Fa%3E+Az+abban+le%C3%ADrtak%2C+sajnos+egy+igen+hangos+kisebbs%C3%A9g+miatt+degrad%C3%A1lva+%C3%A9s+%22el%C3%A1ztatva%22+lettek%2C+de+most+tal%C3%A1n+elfogadhat%C3%B3bbak+lesznek+ezen+TV-tuningos+javaslataim+%28is%29.%3C%2Fspan%3E%3C%2Fp%3E%0D%0A%3Cp+style%3D%22text-align%3A+center%3B%22%3E%3Ca+href%3D%22https%3A%2F%2Flongkft.hu%2F%22+target%3D%22_blank%22+rel%3D%22noopener%22%3E%3Cimg+class%3D%22aligncenter+wp-image-11872+size-full%22+src%3D%22https%3A%2F%2Flongkft.hu%2Faudioblog%2Fwp-content%2Fuploads%2F2022%2F02%2F30-ev_2.jpg%22+alt%3D%22grafikus%22+width%3D%22600%22+height%3D%22401%22+%2F%3E%3C%2Fa%3E%3C%2Fp%3E%0D%0A%3Cp+style%3D%22text-align%3A+left%3B%22%3E%3Cspan+style%3D%22font-size%3A+12pt%3B%22%3EMay+Belt+teh%C3%A1t+k%C3%BCl%C3%B6n+kiemeli%2C+hogy+az+%C3%B3lomcs%C3%B6ves+k%C3%ADs%C3%A9rleteik+sor%C3%A1n+%22eljutottak%22+a+k%C3%A9pcs%C3%B6ves+TV-j%C3%BCk+k%C3%A9pcs%C3%B6v%C3%A9nek+RGB-vezet%C3%A9keiig+-+akkoriban+minden+k%C3%A9pmegjelen%C3%ADt%C5%91+k%C3%A9pcs%C3%B6ves+volt.+Ezen+legutols%C3%B3+szakaszokra+helyezett+%C3%B3lomcs%C3%B6vek+igen+jelent%C5%91sen+v%C3%A1ltoztatt%C3%A1k+meg+a+TV-k%C3%A9pet%2C+aminek+k%C3%B6vetkezt%C3%A9ben+a+TV-j%C3%BCk+%C3%A1lland%C3%B3+teszteszk%C3%B6z+lett.+Innent%C5%91l+kezdve+minden+k%C3%ADs%C3%A9rlet%C3%BCket+a+TV-n+is+megism%C3%A9telt%C3%A9k.%3C%2Fspan%3E%3C%2Fp%3E%0D%0A%3Cp+style%3D%22text-align%3A+left%3B%22%3E%3Cspan+style%3D%22font-size%3A+12pt%3B%22%3EEbb%C5%91l+%22mind%C3%B6ssze%22+annyi+k%C3%B6vetkezik%2C+hogy+bizony+t%C5%91lem+sokkal+tapasztaltabbak+is+r%C3%A1j%C3%B6ttek+arra%2C+hogy+nem+csak+a+hangtechnikai+eszk%C3%B6z%C3%B6k%2C+hanem+a+k%C3%A9pmegjelen%C3%ADt%C5%91k+is+rengeteg+min%C5%91s%C3%A9gi+%22tartal%C3%A9kkal%22+rendelkeznek%2C+amit+%C3%A9rdemes+%28lenne%29+kihaszn%C3%A1lni.%3C%2Fspan%3E%3C%2Fp%3E%0D%0A%0D%0A%3Ch3+style%3D%22text-align%3A+left%3B%22%3E%3Cspan+style%3D%22font-size%3A+14pt%3B%22%3ETeh%C3%A1t+od%C3%A1ig+jutottunk%2C+hogy+az+%C3%B3lomcs%C3%B6vet+mindenk%C3%A9ppen+%C3%A9rdemes+lenne+kipr%C3%B3b%C3%A1lni%2C+azonban+a+beszerezhet%C5%91s%C3%A9ge%2C+haszn%C3%A1lhat%C3%B3s%C3%A1ga+nem+egyszer%C5%B1+feladat.%3C%2Fspan%3E%3C%2Fh3%3E%0D%0A%3Cp+style%3D%22text-align%3A+left%3B%22%3E%3Cspan+style%3D%22font-size%3A+12pt%3B%22%3EAz+olvas%C3%B3t%C3%A1rsunknak+%28aki+egyben+r%C3%A9g%C3%B3ta+levelez%C5%91t%C3%A1rsam+is%29+k%C3%A9t+%C3%B6tlete+volt%3A+pingpong%C3%BCt%C5%91h%C3%B6z+val%C3%B3+%C3%B3lomszalag%2C+vagy+a+horg%C3%A1szok+%C3%A1ltal+haszn%C3%A1lt+%C3%B3lomszalag+-+azonban+a+pr%C3%B3b%C3%A1t+m%C3%A9g+halogatta%2C+vagy+csak+ink%C3%A1bb+r%C3%A1m+b%C3%ADzta...%3C%2Fspan%3E%3C%2Fp%3E%0D%0A%0D%0A%3Ch3+style%3D%22text-align%3A+left%3B%22%3E%3Cspan+style%3D%22font-size%3A+14pt%3B%22%3EMivel+a+k%C3%B6zel%C3%BCnkben+van+egy+nagy+horg%C3%A1szbolt%2C+ez%C3%A9rt+a+horg%C3%A1szos+megold%C3%A1st+v%C3%A1lasztottam+pr%C3%B3b%C3%A1nak+-+ami+r%C3%A1ad%C3%A1sul+sokkal+olcs%C3%B3bb+is.%3C%2Fspan%3E%3C%2Fh3%3E%0D%0A%3Cp+style%3D%22text-align%3A+left%3B%22%3E%3Cspan+style%3D%22font-size%3A+12pt%3B%22%3EHazahoztam+hat+darab+apr%C3%B3+%C3%B3lomszalagot%2C+melyek+k%C3%B6z%C3%BCl+egy-egy+darabot+r%C3%A1tekertem+a+hangsug%C3%A1rz%C3%B3-vezet%C3%A9keim+hangsug%C3%A1rz%C3%B3+fel%C5%91li+v%C3%A9g%C3%A9re%2C+kett%C5%91+darabot+pedig+a+h%C3%A1l%C3%B3zati-lej%C3%A1tsz%C3%B3mba+fut%C3%B3+ethernetk%C3%A1bel+k%C3%A9sz%C3%BCl%C3%A9k+fel%C5%91li+v%C3%A9g%C3%A9re.%C2%A0%3C%2Fspan%3E%3C%2Fp%3E%0D%0A%3Cp+style%3D%22text-align%3A+center%3B%22%3E%3Cimg+class%3D%22aligncenter+size-full+wp-image-11398%22+src%3D%22https%3A%2F%2Flongkft.hu%2Faudioblog%2Fwp-content%2Fuploads%2F2021%2F12%2Folomszalag.png%22+alt%3D%22%22+width%3D%22486%22+height%3D%22672%22+%2F%3E%3C%2Fp%3E%0D%0A%3Cp+style%3D%22text-align%3A+left%3B%22%3E%3Cspan+style%3D%22font-size%3A+12pt%3B%22%3ENem+igaz%C3%A1n+kellett+hosszasan+hallgat%C3%B3znom%2C+hogy+k%C3%A9sztet%C3%A9st+%C3%A9rezzek+arra%2C+hogy+azonnal+visszarohanjak+a+boltba%2C+%C3%A9s+megvegyem+az+%C3%B6sszes+%C3%B3lomszalagot.+A+v%C3%A1ltoz%C3%A1s+m%C3%A9rt%C3%A9k%C3%A9t+%C3%A9s+mik%C3%A9ntj%C3%A9t+ink%C3%A1bb+nem+%C3%ADrom+le+-+nem+szeretn%C3%A9k+senkit+determin%C3%A1lni+-%2C+ellenben+v%C3%A1rom+a+besz%C3%A1mol%C3%B3kat.%3C%2Fspan%3E%3C%2Fp%3E%0D%0A%3Cp+style%3D%22text-align%3A+left%3B%22%3E%3Cspan+style%3D%22font-size%3A+12pt%3B%22%3ESz%C3%A1momra+ism%C3%A9telten+bebizonyosodott%2C+hogy+Belt+%C3%BAr+%C3%A9s+feles%C3%A9ge+%28%C3%A9s+persze+a+fia%29%2C+bizony+sokkal+nagyobb+meg%C3%A9rt%C3%A9st+%C3%A9s+figyelmet+%C3%A9rdemeltek+volna%2C+mint+amit+kaptak%2C+%C3%A9s+kapnak+az+ut%C3%B3kort%C3%B3l.+Olvas%C3%B3t%C3%A1rsunknak+pedig+a+nevetekben+is+k%C3%B6sz%C3%B6n%C3%B6m%2C+hogy+felh%C3%ADvta+figyelmemet+a+%2786-os+besz%C3%A1mol%C3%B3ra.%3C%2Fspan%3E%3C%2Fp%3E%0D%0A%3Cp+style%3D%22text-align%3A+left%3B%22%3E%3Cem%3E%3Cspan+style%3D%22font-size%3A+12pt%3B%22%3EA+term%C3%A9szetesen+teljesen+jogos+eg%C3%A9szs%C3%A9g%C3%BCgyi+aggodalmak+kialakul%C3%A1sa+el%C5%91tt+felh%C3%ADvom+a+figyelmet+arra%2C+hogy+nem+%C3%B3lomporr%C3%B3l+van+sz%C3%B3%2C+nem+%C3%A9vekig+tart%C3%B3%2C+%C3%B3lommal+val%C3%B3+k%C3%B6zvetlen+munk%C3%A1r%C3%B3l%2C+hanem+mind%C3%B6ssze+p%C3%A1r+m%C3%A1sodperces+%C3%B3lommal+val%C3%B3+%C3%A9rintkez%C3%A9sr%C5%91l.+Akit+m%C3%A9gis+zavarna%2C+haszn%C3%A1ljon+a+felteker%C3%A9s+idej%C3%A9re+gumikeszty%C5%B1t.%3C%2Fspan%3E%3C%2Fem%3E%3C%2Fp%3E&amp;source=Longaudio\"><\/a><a target=\"_blank\" class=\"gplusz\" title=\"\" rel=\"external\" href=\"https:\/\/plusone.google.com\/_\/+1\/confirm?url=https:\/\/longkft.hu\/audioblog\/a-hifista-horgasz\/\"><\/a><a target=\"_blank\" rel=\"nofollow\" class=\"email\" href=\"mailto:?subject=Longaudio - A hifista horg\u00e1sz&amp;body=Kedves Bar\u00e1tom! Most olvastam a(z) A hifista horg\u00e1sz  c\u00edm\u0171 cikket a(z) Longaudio  oldalon. Hivatkoz\u00e1s:  https:\/\/longkft.hu\/audioblog\/a-hifista-horgasz\/\" title=\"\"><\/a><a class=\"nyomtatas\" title=\"\" href=\"http:\/\/www.printfriendly.com\" onclick=\"window.print();return false;\"><\/a>","protected":false},"author":2,"featured_media":11396,"comment_status":"open","ping_status":"closed","sticky":false,"template":"","format":"standard","meta":{"footnotes":""},"categories":[32],"tags":[45,95,88],"class_list":["post-11395","post","type-post","status-publish","format-standard","has-post-thumbnail","hentry","category-tuning","tag-4-dimenzio","tag-kabelek","tag-rezgescsillapitas"],"yoast_head":"<!-- This site is optimized with the Yoast SEO plugin v27.4 - https:\/\/yoast.com\/product\/yoast-seo-wordpress\/ -->\n<title>A hifista horg\u00e1sz - Longaudio<\/title>\n<meta name=\"robots\" content=\"index, follow, max-snippet:-1, max-image-preview:large, max-video-preview:-1\" \/>\n<link rel=\"canonical\" href=\"https:\/\/longkft.hu\/audioblog\/a-hifista-horgasz\/\" \/>\n<meta property=\"og:locale\" content=\"hu_HU\" \/>\n<meta property=\"og:type\" content=\"article\" \/>\n<meta property=\"og:title\" content=\"A hifista horg\u00e1sz - Longaudio\" \/>\n<meta property=\"og:description\" content=\"Egyik olvas\u00f3t\u00e1rsunk egy igencsak \u00e9rdekes \u00edr\u00e1sra h\u00edvta fel a figyelmemet. 1986 m\u00e1rcius\u00e1ban P\u00e9ter Belt feles\u00e9ge, May Belt, a f\u00e9rj\u00e9vel, fi\u00e1val...\" \/>\n<meta property=\"og:url\" content=\"https:\/\/longkft.hu\/audioblog\/a-hifista-horgasz\/\" \/>\n<meta property=\"og:site_name\" content=\"Longaudio\" \/>\n<meta property=\"article:publisher\" content=\"https:\/\/www.facebook.com\/longkft\" \/>\n<meta property=\"article:author\" content=\"https:\/\/www.facebook.com\/longkft\" \/>\n<meta property=\"article:published_time\" content=\"2021-12-06T17:31:26+00:00\" \/>\n<meta property=\"article:modified_time\" content=\"2022-05-24T09:56:39+00:00\" \/>\n<meta property=\"og:image\" content=\"https:\/\/longkft.hu\/audioblog\/wp-content\/uploads\/2021\/12\/olomszalag.jpg\" \/>\n\t<meta property=\"og:image:width\" content=\"1000\" \/>\n\t<meta property=\"og:image:height\" content=\"484\" \/>\n\t<meta property=\"og:image:type\" content=\"image\/jpeg\" \/>\n<meta name=\"author\" content=\"Long\" \/>\n<meta name=\"twitter:card\" content=\"summary_large_image\" \/>\n<meta name=\"twitter:label1\" content=\"Szerz\u0151:\" \/>\n\t<meta name=\"twitter:data1\" content=\"Long\" \/>\n\t<meta name=\"twitter:label2\" content=\"Becs\u00fclt olvas\u00e1si id\u0151\" \/>\n\t<meta name=\"twitter:data2\" content=\"4 perc\" \/>\n<script type=\"application\/ld+json\" class=\"yoast-schema-graph\">{\"@context\":\"https:\\\/\\\/schema.org\",\"@graph\":[{\"@type\":\"Article\",\"@id\":\"https:\\\/\\\/longkft.hu\\\/audioblog\\\/a-hifista-horgasz\\\/#article\",\"isPartOf\":{\"@id\":\"https:\\\/\\\/longkft.hu\\\/audioblog\\\/a-hifista-horgasz\\\/\"},\"author\":{\"name\":\"Long\",\"@id\":\"https:\\\/\\\/longkft.hu\\\/audioblog\\\/#\\\/schema\\\/person\\\/645cabad2d8e942354ed2caeef3aa9ea\"},\"headline\":\"A hifista horg\u00e1sz\",\"datePublished\":\"2021-12-06T17:31:26+00:00\",\"dateModified\":\"2022-05-24T09:56:39+00:00\",\"mainEntityOfPage\":{\"@id\":\"https:\\\/\\\/longkft.hu\\\/audioblog\\\/a-hifista-horgasz\\\/\"},\"wordCount\":790,\"commentCount\":15,\"publisher\":{\"@id\":\"https:\\\/\\\/longkft.hu\\\/audioblog\\\/#\\\/schema\\\/person\\\/645cabad2d8e942354ed2caeef3aa9ea\"},\"image\":{\"@id\":\"https:\\\/\\\/longkft.hu\\\/audioblog\\\/a-hifista-horgasz\\\/#primaryimage\"},\"thumbnailUrl\":\"https:\\\/\\\/longkft.hu\\\/audioblog\\\/wp-content\\\/uploads\\\/2021\\\/12\\\/olomszalag.jpg\",\"keywords\":[\"4. dimenzi\u00f3\",\"K\u00e1belek\",\"Rezg\u00e9scsillap\u00edt\u00e1s\"],\"articleSection\":[\"Tuning\"],\"inLanguage\":\"hu\",\"potentialAction\":[{\"@type\":\"CommentAction\",\"name\":\"Comment\",\"target\":[\"https:\\\/\\\/longkft.hu\\\/audioblog\\\/a-hifista-horgasz\\\/#respond\"]}]},{\"@type\":\"WebPage\",\"@id\":\"https:\\\/\\\/longkft.hu\\\/audioblog\\\/a-hifista-horgasz\\\/\",\"url\":\"https:\\\/\\\/longkft.hu\\\/audioblog\\\/a-hifista-horgasz\\\/\",\"name\":\"A hifista horg\u00e1sz - Longaudio\",\"isPartOf\":{\"@id\":\"https:\\\/\\\/longkft.hu\\\/audioblog\\\/#website\"},\"primaryImageOfPage\":{\"@id\":\"https:\\\/\\\/longkft.hu\\\/audioblog\\\/a-hifista-horgasz\\\/#primaryimage\"},\"image\":{\"@id\":\"https:\\\/\\\/longkft.hu\\\/audioblog\\\/a-hifista-horgasz\\\/#primaryimage\"},\"thumbnailUrl\":\"https:\\\/\\\/longkft.hu\\\/audioblog\\\/wp-content\\\/uploads\\\/2021\\\/12\\\/olomszalag.jpg\",\"datePublished\":\"2021-12-06T17:31:26+00:00\",\"dateModified\":\"2022-05-24T09:56:39+00:00\",\"breadcrumb\":{\"@id\":\"https:\\\/\\\/longkft.hu\\\/audioblog\\\/a-hifista-horgasz\\\/#breadcrumb\"},\"inLanguage\":\"hu\",\"potentialAction\":[{\"@type\":\"ReadAction\",\"target\":[\"https:\\\/\\\/longkft.hu\\\/audioblog\\\/a-hifista-horgasz\\\/\"]}]},{\"@type\":\"ImageObject\",\"inLanguage\":\"hu\",\"@id\":\"https:\\\/\\\/longkft.hu\\\/audioblog\\\/a-hifista-horgasz\\\/#primaryimage\",\"url\":\"https:\\\/\\\/longkft.hu\\\/audioblog\\\/wp-content\\\/uploads\\\/2021\\\/12\\\/olomszalag.jpg\",\"contentUrl\":\"https:\\\/\\\/longkft.hu\\\/audioblog\\\/wp-content\\\/uploads\\\/2021\\\/12\\\/olomszalag.jpg\",\"width\":1000,\"height\":484},{\"@type\":\"BreadcrumbList\",\"@id\":\"https:\\\/\\\/longkft.hu\\\/audioblog\\\/a-hifista-horgasz\\\/#breadcrumb\",\"itemListElement\":[{\"@type\":\"ListItem\",\"position\":1,\"name\":\"Kezd\u0151oldal\",\"item\":\"https:\\\/\\\/longkft.hu\\\/audioblog\\\/\"},{\"@type\":\"ListItem\",\"position\":2,\"name\":\"A hifista horg\u00e1sz\"}]},{\"@type\":\"WebSite\",\"@id\":\"https:\\\/\\\/longkft.hu\\\/audioblog\\\/#website\",\"url\":\"https:\\\/\\\/longkft.hu\\\/audioblog\\\/\",\"name\":\"Longaudio\",\"description\":\"50 \u00e9v lemezgy\u0171jtem\u00e9nye \u00e9s audio k\u00e9sz\u00fcl\u00e9kei\",\"publisher\":{\"@id\":\"https:\\\/\\\/longkft.hu\\\/audioblog\\\/#\\\/schema\\\/person\\\/645cabad2d8e942354ed2caeef3aa9ea\"},\"potentialAction\":[{\"@type\":\"SearchAction\",\"target\":{\"@type\":\"EntryPoint\",\"urlTemplate\":\"https:\\\/\\\/longkft.hu\\\/audioblog\\\/?s={search_term_string}\"},\"query-input\":{\"@type\":\"PropertyValueSpecification\",\"valueRequired\":true,\"valueName\":\"search_term_string\"}}],\"inLanguage\":\"hu\"},{\"@type\":[\"Person\",\"Organization\"],\"@id\":\"https:\\\/\\\/longkft.hu\\\/audioblog\\\/#\\\/schema\\\/person\\\/645cabad2d8e942354ed2caeef3aa9ea\",\"name\":\"Long\",\"image\":{\"@type\":\"ImageObject\",\"inLanguage\":\"hu\",\"@id\":\"https:\\\/\\\/longkft.hu\\\/audioblog\\\/wp-content\\\/uploads\\\/2018\\\/01\\\/logo.jpg\",\"url\":\"https:\\\/\\\/longkft.hu\\\/audioblog\\\/wp-content\\\/uploads\\\/2018\\\/01\\\/logo.jpg\",\"contentUrl\":\"https:\\\/\\\/longkft.hu\\\/audioblog\\\/wp-content\\\/uploads\\\/2018\\\/01\\\/logo.jpg\",\"width\":240,\"height\":240,\"caption\":\"Long\"},\"logo\":{\"@id\":\"https:\\\/\\\/longkft.hu\\\/audioblog\\\/wp-content\\\/uploads\\\/2018\\\/01\\\/logo.jpg\"},\"sameAs\":[\"https:\\\/\\\/www.facebook.com\\\/longkft\",\"https:\\\/\\\/hu.pinterest.com\\\/farkas1051\\\/_saved\\\/\"],\"url\":\"https:\\\/\\\/longkft.hu\\\/audioblog\\\/author\\\/audioblogger\\\/\"}]}<\/script>\n<!-- \/ Yoast SEO plugin. -->","yoast_head_json":{"title":"A hifista horg\u00e1sz - Longaudio","robots":{"index":"index","follow":"follow","max-snippet":"max-snippet:-1","max-image-preview":"max-image-preview:large","max-video-preview":"max-video-preview:-1"},"canonical":"https:\/\/longkft.hu\/audioblog\/a-hifista-horgasz\/","og_locale":"hu_HU","og_type":"article","og_title":"A hifista horg\u00e1sz - Longaudio","og_description":"Egyik olvas\u00f3t\u00e1rsunk egy igencsak \u00e9rdekes \u00edr\u00e1sra h\u00edvta fel a figyelmemet. 1986 m\u00e1rcius\u00e1ban P\u00e9ter Belt feles\u00e9ge, May Belt, a f\u00e9rj\u00e9vel, fi\u00e1val...","og_url":"https:\/\/longkft.hu\/audioblog\/a-hifista-horgasz\/","og_site_name":"Longaudio","article_publisher":"https:\/\/www.facebook.com\/longkft","article_author":"https:\/\/www.facebook.com\/longkft","article_published_time":"2021-12-06T17:31:26+00:00","article_modified_time":"2022-05-24T09:56:39+00:00","og_image":[{"width":1000,"height":484,"url":"https:\/\/longkft.hu\/audioblog\/wp-content\/uploads\/2021\/12\/olomszalag.jpg","type":"image\/jpeg"}],"author":"Long","twitter_card":"summary_large_image","twitter_misc":{"Szerz\u0151:":"Long","Becs\u00fclt olvas\u00e1si id\u0151":"4 perc"},"schema":{"@context":"https:\/\/schema.org","@graph":[{"@type":"Article","@id":"https:\/\/longkft.hu\/audioblog\/a-hifista-horgasz\/#article","isPartOf":{"@id":"https:\/\/longkft.hu\/audioblog\/a-hifista-horgasz\/"},"author":{"name":"Long","@id":"https:\/\/longkft.hu\/audioblog\/#\/schema\/person\/645cabad2d8e942354ed2caeef3aa9ea"},"headline":"A hifista horg\u00e1sz","datePublished":"2021-12-06T17:31:26+00:00","dateModified":"2022-05-24T09:56:39+00:00","mainEntityOfPage":{"@id":"https:\/\/longkft.hu\/audioblog\/a-hifista-horgasz\/"},"wordCount":790,"commentCount":15,"publisher":{"@id":"https:\/\/longkft.hu\/audioblog\/#\/schema\/person\/645cabad2d8e942354ed2caeef3aa9ea"},"image":{"@id":"https:\/\/longkft.hu\/audioblog\/a-hifista-horgasz\/#primaryimage"},"thumbnailUrl":"https:\/\/longkft.hu\/audioblog\/wp-content\/uploads\/2021\/12\/olomszalag.jpg","keywords":["4. dimenzi\u00f3","K\u00e1belek","Rezg\u00e9scsillap\u00edt\u00e1s"],"articleSection":["Tuning"],"inLanguage":"hu","potentialAction":[{"@type":"CommentAction","name":"Comment","target":["https:\/\/longkft.hu\/audioblog\/a-hifista-horgasz\/#respond"]}]},{"@type":"WebPage","@id":"https:\/\/longkft.hu\/audioblog\/a-hifista-horgasz\/","url":"https:\/\/longkft.hu\/audioblog\/a-hifista-horgasz\/","name":"A hifista horg\u00e1sz - Longaudio","isPartOf":{"@id":"https:\/\/longkft.hu\/audioblog\/#website"},"primaryImageOfPage":{"@id":"https:\/\/longkft.hu\/audioblog\/a-hifista-horgasz\/#primaryimage"},"image":{"@id":"https:\/\/longkft.hu\/audioblog\/a-hifista-horgasz\/#primaryimage"},"thumbnailUrl":"https:\/\/longkft.hu\/audioblog\/wp-content\/uploads\/2021\/12\/olomszalag.jpg","datePublished":"2021-12-06T17:31:26+00:00","dateModified":"2022-05-24T09:56:39+00:00","breadcrumb":{"@id":"https:\/\/longkft.hu\/audioblog\/a-hifista-horgasz\/#breadcrumb"},"inLanguage":"hu","potentialAction":[{"@type":"ReadAction","target":["https:\/\/longkft.hu\/audioblog\/a-hifista-horgasz\/"]}]},{"@type":"ImageObject","inLanguage":"hu","@id":"https:\/\/longkft.hu\/audioblog\/a-hifista-horgasz\/#primaryimage","url":"https:\/\/longkft.hu\/audioblog\/wp-content\/uploads\/2021\/12\/olomszalag.jpg","contentUrl":"https:\/\/longkft.hu\/audioblog\/wp-content\/uploads\/2021\/12\/olomszalag.jpg","width":1000,"height":484},{"@type":"BreadcrumbList","@id":"https:\/\/longkft.hu\/audioblog\/a-hifista-horgasz\/#breadcrumb","itemListElement":[{"@type":"ListItem","position":1,"name":"Kezd\u0151oldal","item":"https:\/\/longkft.hu\/audioblog\/"},{"@type":"ListItem","position":2,"name":"A hifista horg\u00e1sz"}]},{"@type":"WebSite","@id":"https:\/\/longkft.hu\/audioblog\/#website","url":"https:\/\/longkft.hu\/audioblog\/","name":"Longaudio","description":"50 \u00e9v lemezgy\u0171jtem\u00e9nye \u00e9s audio k\u00e9sz\u00fcl\u00e9kei","publisher":{"@id":"https:\/\/longkft.hu\/audioblog\/#\/schema\/person\/645cabad2d8e942354ed2caeef3aa9ea"},"potentialAction":[{"@type":"SearchAction","target":{"@type":"EntryPoint","urlTemplate":"https:\/\/longkft.hu\/audioblog\/?s={search_term_string}"},"query-input":{"@type":"PropertyValueSpecification","valueRequired":true,"valueName":"search_term_string"}}],"inLanguage":"hu"},{"@type":["Person","Organization"],"@id":"https:\/\/longkft.hu\/audioblog\/#\/schema\/person\/645cabad2d8e942354ed2caeef3aa9ea","name":"Long","image":{"@type":"ImageObject","inLanguage":"hu","@id":"https:\/\/longkft.hu\/audioblog\/wp-content\/uploads\/2018\/01\/logo.jpg","url":"https:\/\/longkft.hu\/audioblog\/wp-content\/uploads\/2018\/01\/logo.jpg","contentUrl":"https:\/\/longkft.hu\/audioblog\/wp-content\/uploads\/2018\/01\/logo.jpg","width":240,"height":240,"caption":"Long"},"logo":{"@id":"https:\/\/longkft.hu\/audioblog\/wp-content\/uploads\/2018\/01\/logo.jpg"},"sameAs":["https:\/\/www.facebook.com\/longkft","https:\/\/hu.pinterest.com\/farkas1051\/_saved\/"],"url":"https:\/\/longkft.hu\/audioblog\/author\/audioblogger\/"}]}},"_links":{"self":[{"href":"https:\/\/longkft.hu\/audioblog\/wp-json\/wp\/v2\/posts\/11395","targetHints":{"allow":["GET"]}}],"collection":[{"href":"https:\/\/longkft.hu\/audioblog\/wp-json\/wp\/v2\/posts"}],"about":[{"href":"https:\/\/longkft.hu\/audioblog\/wp-json\/wp\/v2\/types\/post"}],"author":[{"embeddable":true,"href":"https:\/\/longkft.hu\/audioblog\/wp-json\/wp\/v2\/users\/2"}],"replies":[{"embeddable":true,"href":"https:\/\/longkft.hu\/audioblog\/wp-json\/wp\/v2\/comments?post=11395"}],"version-history":[{"count":0,"href":"https:\/\/longkft.hu\/audioblog\/wp-json\/wp\/v2\/posts\/11395\/revisions"}],"wp:featuredmedia":[{"embeddable":true,"href":"https:\/\/longkft.hu\/audioblog\/wp-json\/wp\/v2\/media\/11396"}],"wp:attachment":[{"href":"https:\/\/longkft.hu\/audioblog\/wp-json\/wp\/v2\/media?parent=11395"}],"wp:term":[{"taxonomy":"category","embeddable":true,"href":"https:\/\/longkft.hu\/audioblog\/wp-json\/wp\/v2\/categories?post=11395"},{"taxonomy":"post_tag","embeddable":true,"href":"https:\/\/longkft.hu\/audioblog\/wp-json\/wp\/v2\/tags?post=11395"}],"curies":[{"name":"wp","href":"https:\/\/api.w.org\/{rel}","templated":true}]}}