{"id":11622,"date":"2022-02-18T09:37:43","date_gmt":"2022-02-18T09:37:43","guid":{"rendered":"https:\/\/longkft.hu\/audioblog\/?p=11622"},"modified":"2022-02-18T09:37:43","modified_gmt":"2022-02-18T09:37:43","slug":"long-a-grafikus-4-jo-tett-helyeben","status":"publish","type":"post","link":"https:\/\/longkft.hu\/audioblog\/long-a-grafikus-4-jo-tett-helyeben\/","title":{"rendered":"Long a grafikus 4 &#8211; J\u00f3 tett hely\u00e9ben&#8230;"},"content":{"rendered":"<p style=\"text-align: left;\"><span style=\"font-size: 12pt;\">Az a h\u00e1rom pont a &#8222;j\u00f3 tett hely\u00e9ben&#8221; folytat\u00e1sak\u00e9nt sokat sejtet\u0151, de ez most pozit\u00edv v\u00e9gkifejlet\u0171 t\u00f6rt\u00e9net&#8230;<\/span><\/p>\n<p style=\"text-align: left;\"><span style=\"font-size: 12pt;\">\u00dagy v\u00e9lem &#8211; \u00e9s eszerint \u00e9lek -, hogy mindig, mindennek meg van az oka, mindig, mindennek van valamilyenfajta folyat\u00e1sa, m\u00e9g \u00fagyis, hogy mag\u00e1t a folytat\u00e1st tal\u00e1n \u00e9szre sem vessz\u00fck. Mindig minden a kor\u00e1bbi j\u00f3, vagy rossz tett\u00fcnkb\u0151l, pozit\u00edv, vagy negat\u00edv hozz\u00e1\u00e1ll\u00e1sunkb\u00f3l k\u00f6vetkezik. Abszol\u00fat igaznak tartom, hogy a sorsunkat magunk ir\u00e1ny\u00edtjuk, de nem felt\u00e9tlen\u00fcl akkor, amikor az adott pozit\u00edv, vagy negat\u00edv fordulat bek\u00f6vetkezik \u00e9let\u00fcnkben.<\/span><\/p>\n<p style=\"text-align: left;\"><span style=\"font-size: 12pt;\">Erre rendszeresen felh\u00edvom grafikus \u00e9s fot\u00f3s tan\u00edtv\u00e1nyaim figyelm\u00e9t is, \u00e9s id\u0151nk\u00e9nt elmes\u00e9lek nekik egy-k\u00e9t &#8222;tanmes\u00e9t&#8221; arr\u00f3l, hogy a pozit\u00edv hozz\u00e1\u00e1ll\u00e1s, a seg\u00edt\u0151k\u00e9sz attit\u0171d bizony ilyen-olyan m\u00f3don kifizet\u0151d\u0151 &#8211; legal\u00e1bbis id\u0151nk\u00e9nt.<\/span><\/p>\n<p style=\"text-align: left;\"><span style=\"font-size: 12pt;\">&#8230;.<\/span><\/p>\n<p style=\"text-align: left;\"><span style=\"font-size: 12pt;\">\u00c9ppen egy n\u00e1lam szervezett h\u00e1zibuli &#8222;bemeleg\u00edt\u0151&#8221; szakasz\u00e1ban voltam, amikor cs\u00f6rg\u00f6tt a telefon. X h\u00edvott, aki egy rekl\u00e1m\u00fcgyn\u00f6ks\u00e9gn\u00e9l int\u00e9zte azon c\u00e9g anyagait, melyn\u00e9l akkoriban dolgoztam &#8211; teh\u00e1t, munkakapcsolatban voltunk.<\/span><\/p>\n<p style=\"text-align: left;\"><span style=\"font-size: 12pt;\">&#8211; Zsolt, nagy bajban vagyok &#8211; \u0151 ugyan az &#8222;sz-bet\u0171s&#8221; sz\u00f3val mondta, de most m\u00e9giscsak t\u00e1rsas\u00e1gban vagyunk -, seg\u00edts. Hajnalban megy nyomd\u00e1ba egy hetilap \u00e9s annak k\u00fcl\u00f6nsz\u00e1ma, \u00e9n meg lek\u00f6t\u00f6ttem benn\u00fck egy-egy hirdet\u00e9si oldalt, hirdet\u00e9st meg nem csin\u00e1ltunk.<\/span><\/p>\n<h3 style=\"text-align: left;\"><span style=\"font-size: 14pt;\">&#8211; Naaa, ne m\u00e1\u00e1\u00e1, \u00e9ppen buli van, ne tedd ezt velem. H\u00edvd m\u00e1r fel a grafikusotokat.<\/span><\/h3>\n<p style=\"text-align: left;\"><span style=\"font-size: 12pt;\">&#8211; Felh\u00edvtam, de nem j\u00f6n be. Seg\u00edts, ha ez nem ker\u00fcl lead\u00e1sra, akkor felbontj\u00e1k az \u00e9ves szerz\u0151d\u00e9seket, \u00e9s nekem annyi.<\/span><\/p>\n<p style=\"text-align: left;\"><span style=\"font-size: 12pt;\">Az \u00fatt\u00f6r\u0151, ahol tud, seg\u00edt, ez\u00e9rt aut\u00f3ba \u00fcltem, \u00e1tmentem a v\u00e1ros m\u00e1sik v\u00e9g\u00e9be, ahol az \u00fcgyn\u00f6ks\u00e9gen X v\u00e1rt egy k\u00f6nny \u00e1ztatta sz\u00e1zas N\u00e1rcisz zsepihalom tetej\u00e9n. Szipog\u00e1sokkal, fel-felt\u00f6r\u0151 zokog\u00e1si rohamokkal k\u00eds\u00e9rve elmondta, mit \u00e9s hol tal\u00e1lok, mi a feladat, meg valami olyasmit is rebegett, hogy most megmentem \u0151t.<\/span><\/p>\n<p style=\"text-align: center;\"><a href=\"https:\/\/longkft.hu\/\" target=\"_blank\" rel=\"noopener\"><img loading=\"lazy\" decoding=\"async\" class=\"aligncenter wp-image-11378 size-full\" src=\"https:\/\/longkft.hu\/audioblog\/wp-content\/uploads\/2021\/11\/long-kft-banner_OK.jpg\" alt=\"grafikus\" width=\"395\" height=\"528\" srcset=\"https:\/\/longkft.hu\/audioblog\/wp-content\/uploads\/2021\/11\/long-kft-banner_OK.jpg 395w, https:\/\/longkft.hu\/audioblog\/wp-content\/uploads\/2021\/11\/long-kft-banner_OK-224x300.jpg 224w, https:\/\/longkft.hu\/audioblog\/wp-content\/uploads\/2021\/11\/long-kft-banner_OK-150x200.jpg 150w\" sizes=\"auto, (max-width: 395px) 100vw, 395px\" \/><\/a><\/p>\n<p style=\"text-align: left;\"><span style=\"font-size: 12pt;\">Tulajdonk\u00e9ppen, maga a munka semmif\u00e9le neh\u00e9zs\u00e9get nem okozott, ellenben X folyamatos pesztonk\u00e1l\u00e1sa, m\u00e1r-m\u00e1r&#8230; Mit hozhatok; mivel etethetlek; mit adhatok inni; megmassz\u00edrozhatom a nyakad; rendelek pizz\u00e1t; jajj, nem rendeltem innival\u00f3t; juj, gyorsan hozok csokit a sarki \u00e9jjel-nappalib\u00f3l&#8230;<\/span><\/p>\n<p style=\"text-align: left;\"><span style=\"font-size: 12pt;\">A hirdet\u00e9sek elk\u00e9sz\u00fcltek, a ps-\u00e1llom\u00e1nyt (igen, j\u00f3l l\u00e1tt\u00e1tok, ps) egy fut\u00e1r elvitte a szerkeszt\u0151s\u00e9gbe, mi meg nyugiban le\u00fclt\u00fcnk megenni a pizza marad\u00e9k\u00e1t, majd egy kicsit m\u00e9g besz\u00e9lgett\u00fcnk. Leeresztett\u00fcnk, X rohant haza a csal\u00e1dj\u00e1hoz, \u00e9n meg rohantam a h\u00e1zibuliba.<\/span><\/p>\n<p style=\"text-align: left;\"><span style=\"font-size: 12pt;\">T\u00f6bb h\u00e9ttel k\u00e9s\u0151bb, ami tal\u00e1n egy teljes h\u00f3nap is lehetett, azzal h\u00edvott egy h\u00f6lgy &#8211; aki egy nagyv\u00e1llalat igazgat\u00f3j\u00e1nak titk\u00e1rn\u0151jk\u00e9nt mutatkozott be -, hogy f\u0151n\u00f6ke \u00e9s a v\u00e1llalat vezet\u0151s\u00e9ge tal\u00e1lkozni szeretne velem. Indokk\u00e9nt pedig annyit mondott, hogy lenne n\u00e9h\u00e1ny grafikai munk\u00e1juk \u00e9s hallottak r\u00f3lam.<\/span><\/p>\n<p style=\"text-align: left;\"><span style=\"font-size: 12pt;\">Nem vagyok semmi j\u00f3nak elront\u00f3ja, ez\u00e9rt id\u0151pontot egyeztett\u00fcnk, \u00e9s megjelentem a vid\u00e9ki gy\u00e1rban. Volt bemutatkoz\u00e1s, k\u00e1v\u00e9s, \u00e1sv\u00e1nyvizes &#8222;k\u00f6rbe-udvarl\u00e1s&#8221;, \u00fczemi-\u00e9tkezd\u00e9s etet\u00e9s, majd r\u00e1t\u00e9rt\u00fcnk a l\u00e1togat\u00e1som val\u00f3di ok\u00e1ra &#8211; szeretn\u00e9k elk\u00e9sz\u00edteni els\u0151 prospektusukat, \u00e9s m\u00e9g n\u00e9h\u00e1ny apr\u00f3s\u00e1got. Azt is megmondt\u00e1k, hogy mennyi a keret\u00fck r\u00e1, amely \u00f6sszeget meghallva igent mondtam &#8211; de csak azut\u00e1n, hogy magamhoz t\u00e9rtem a sz\u00e1m nagys\u00e1ga okozta sokkomb\u00f3l.<\/span><\/p>\n<p style=\"text-align: left;\"><span style=\"font-size: 12pt;\">A munka abszol\u00fat z\u00f6kken\u0151mentesen elk\u00e9sz\u00fclt. Minden tervemet elfogadt\u00e1k &#8211; de csak egy legal\u00e1bb \u00f6tvenf\u0151s hallgat\u00f3s\u00e1g el\u0151tt tartott prezent\u00e1ci\u00f3 ut\u00e1n -, a grafikai munk\u00e1kat \u00e1tvett\u00e9k, a munkad\u00edjat kp-ban ideadt\u00e1k.<\/span><\/p>\n<p style=\"text-align: left;\"><span style=\"font-size: 12pt;\">Teh\u00e1t minden \u00e1lomszer\u0171en ment, azonban arra a k\u00e9rd\u00e9semre, hogy hol, \u00e9s kit\u0151l hallottak r\u00f3lam, nem kaptam v\u00e1laszt. A v\u00e1llalatt\u00f3l ezt sohasem tudtam meg.<\/span><\/p>\n<p style=\"text-align: left;\"><span style=\"font-size: 12pt;\">M\u00e1r r\u00e9gen elfelejt\u0151d\u00f6tt minden, amikor a t\u00f6rt\u00e9net elej\u00e9n eml\u00edtett rekl\u00e1m\u00fcgyn\u00f6ks\u00e9gn\u00e9l egy igencsak \u00e9rdekes okb\u00f3l &#8211; egyszer tal\u00e1n, ezt is elmes\u00e9lem &#8211; az \u00fcgyn\u00f6ks\u00e9g tulajdonosaival besz\u00e9lgett\u00fcnk. Sz\u00f3ba ker\u00fclt sok-sok minden &#8211; persze els\u0151sorban a terv\u00fcnk -, amikor elhangzott egy f\u00e9lmondat, hogy az, amir\u0151l besz\u00e9lget\u00fcnk, esetleg a t\u00f6rt\u00e9net elej\u00e9n eml\u00edtett X f\u00e9rj\u00e9t is \u00e9rdekeln\u00e9. Majd n\u00e9h\u00e1ny tov\u00e1bbi &#8222;mozaikdarabot&#8221; a hely\u00e9re t\u00e9ve, egyszer csak \u00f6ssze\u00e1llt a k\u00e9p.<\/span><\/p>\n<p style=\"text-align: left;\"><span style=\"font-size: 12pt;\">Annak a vid\u00e9ki v\u00e1llalatnak az igazgat\u00f3ja (pontosabban vez\u00e9rigazgat\u00f3ja), amelyik megrendelte t\u0151lem az eml\u00edtett munk\u00e1kat, X f\u00e9rje volt&#8230;<\/span><\/p>\n<span>Megosztom:<\/span><br><a target=\"_blank\" class=\"facebook\" title=\"\" rel=\"external\" href=\"https:\/\/www.facebook.com\/share.php?u=https:\/\/longkft.hu\/audioblog\/long-a-grafikus-4-jo-tett-helyeben\/&title=Long a grafikus 4 &#8211; J\u00f3 tett hely\u00e9ben&#8230;\"><\/a><a target=\"_blank\" class=\"linkedin\" title=\"\" rel=\"external\" href=\"http:\/\/www.linkedin.com\/shareArticle?mini=true&amp;url=https%3A%2F%2Flongkft.hu%2Faudioblog%2Flong-a-grafikus-4-jo-tett-helyeben%2F&amp;title=Long+a+grafikus+4+%26%238211%3B+J%C3%B3+tett+hely%C3%A9ben%26%238230%3B&amp;summary=%3Cp+style%3D%22text-align%3A+left%3B%22%3E%3Cspan+style%3D%22font-size%3A+12pt%3B%22%3EAz+a+h%C3%A1rom+pont+a+%22j%C3%B3+tett+hely%C3%A9ben%22+folytat%C3%A1sak%C3%A9nt+sokat+sejtet%C5%91%2C+de+ez+most+pozit%C3%ADv+v%C3%A9gkifejlet%C5%B1+t%C3%B6rt%C3%A9net...%3C%2Fspan%3E%3C%2Fp%3E%0D%0A%3Cp+style%3D%22text-align%3A+left%3B%22%3E%3Cspan+style%3D%22font-size%3A+12pt%3B%22%3E%C3%9Agy+v%C3%A9lem+-+%C3%A9s+eszerint+%C3%A9lek+-%2C+hogy+mindig%2C+mindennek+meg+van+az+oka%2C+mindig%2C+mindennek+van+valamilyenfajta+folyat%C3%A1sa%2C+m%C3%A9g+%C3%BAgyis%2C+hogy+mag%C3%A1t+a+folytat%C3%A1st+tal%C3%A1n+%C3%A9szre+sem+vessz%C3%BCk.+Mindig+minden+a+kor%C3%A1bbi+j%C3%B3%2C+vagy+rossz+tett%C3%BCnkb%C5%91l%2C+pozit%C3%ADv%2C+vagy+negat%C3%ADv+hozz%C3%A1%C3%A1ll%C3%A1sunkb%C3%B3l+k%C3%B6vetkezik.+Abszol%C3%BAt+igaznak+tartom%2C+hogy+a+sorsunkat+magunk+ir%C3%A1ny%C3%ADtjuk%2C+de+nem+felt%C3%A9tlen%C3%BCl+akkor%2C+amikor+az+adott+pozit%C3%ADv%2C+vagy+negat%C3%ADv+fordulat+bek%C3%B6vetkezik+%C3%A9let%C3%BCnkben.%3C%2Fspan%3E%3C%2Fp%3E%0D%0A%3Cp+style%3D%22text-align%3A+left%3B%22%3E%3Cspan+style%3D%22font-size%3A+12pt%3B%22%3EErre+rendszeresen+felh%C3%ADvom+grafikus+%C3%A9s+fot%C3%B3s+tan%C3%ADtv%C3%A1nyaim+figyelm%C3%A9t+is%2C+%C3%A9s+id%C5%91nk%C3%A9nt+elmes%C3%A9lek+nekik+egy-k%C3%A9t+%22tanmes%C3%A9t%22+arr%C3%B3l%2C+hogy+a+pozit%C3%ADv+hozz%C3%A1%C3%A1ll%C3%A1s%2C+a+seg%C3%ADt%C5%91k%C3%A9sz+attit%C5%B1d+bizony+ilyen-olyan+m%C3%B3don+kifizet%C5%91d%C5%91+-+legal%C3%A1bbis+id%C5%91nk%C3%A9nt.%3C%2Fspan%3E%3C%2Fp%3E%0D%0A%3Cp+style%3D%22text-align%3A+left%3B%22%3E%3Cspan+style%3D%22font-size%3A+12pt%3B%22%3E....%3C%2Fspan%3E%3C%2Fp%3E%0D%0A%3Cp+style%3D%22text-align%3A+left%3B%22%3E%3Cspan+style%3D%22font-size%3A+12pt%3B%22%3E%C3%89ppen+egy+n%C3%A1lam+szervezett+h%C3%A1zibuli+%22bemeleg%C3%ADt%C5%91%22+szakasz%C3%A1ban+voltam%2C+amikor+cs%C3%B6rg%C3%B6tt+a+telefon.+X+h%C3%ADvott%2C+aki+egy+rekl%C3%A1m%C3%BCgyn%C3%B6ks%C3%A9gn%C3%A9l+int%C3%A9zte+azon+c%C3%A9g+anyagait%2C+melyn%C3%A9l+akkoriban+dolgoztam+-+teh%C3%A1t%2C+munkakapcsolatban+voltunk.%3C%2Fspan%3E%3C%2Fp%3E%0D%0A%3Cp+style%3D%22text-align%3A+left%3B%22%3E%3Cspan+style%3D%22font-size%3A+12pt%3B%22%3E-+Zsolt%2C+nagy+bajban+vagyok+-+%C5%91+ugyan+az+%22sz-bet%C5%B1s%22+sz%C3%B3val+mondta%2C+de+most+m%C3%A9giscsak+t%C3%A1rsas%C3%A1gban+vagyunk+-%2C+seg%C3%ADts.+Hajnalban+megy+nyomd%C3%A1ba+egy+hetilap+%C3%A9s+annak+k%C3%BCl%C3%B6nsz%C3%A1ma%2C+%C3%A9n+meg+lek%C3%B6t%C3%B6ttem+benn%C3%BCk+egy-egy+hirdet%C3%A9si+oldalt%2C+hirdet%C3%A9st+meg+nem+csin%C3%A1ltunk.%3C%2Fspan%3E%3C%2Fp%3E%0D%0A%0D%0A%3Ch3+style%3D%22text-align%3A+left%3B%22%3E%3Cspan+style%3D%22font-size%3A+14pt%3B%22%3E-+Naaa%2C+ne+m%C3%A1%C3%A1%C3%A1%2C+%C3%A9ppen+buli+van%2C+ne+tedd+ezt+velem.+H%C3%ADvd+m%C3%A1r+fel+a+grafikusotokat.%3C%2Fspan%3E%3C%2Fh3%3E%0D%0A%3Cp+style%3D%22text-align%3A+left%3B%22%3E%3Cspan+style%3D%22font-size%3A+12pt%3B%22%3E-+Felh%C3%ADvtam%2C+de+nem+j%C3%B6n+be.+Seg%C3%ADts%2C+ha+ez+nem+ker%C3%BCl+lead%C3%A1sra%2C+akkor+felbontj%C3%A1k+az+%C3%A9ves+szerz%C5%91d%C3%A9seket%2C+%C3%A9s+nekem+annyi.%3C%2Fspan%3E%3C%2Fp%3E%0D%0A%3Cp+style%3D%22text-align%3A+left%3B%22%3E%3Cspan+style%3D%22font-size%3A+12pt%3B%22%3EAz+%C3%BAtt%C3%B6r%C5%91%2C+ahol+tud%2C+seg%C3%ADt%2C+ez%C3%A9rt+aut%C3%B3ba+%C3%BCltem%2C+%C3%A1tmentem+a+v%C3%A1ros+m%C3%A1sik+v%C3%A9g%C3%A9be%2C+ahol+az+%C3%BCgyn%C3%B6ks%C3%A9gen+X+v%C3%A1rt+egy+k%C3%B6nny+%C3%A1ztatta+sz%C3%A1zas+N%C3%A1rcisz+zsepihalom+tetej%C3%A9n.+Szipog%C3%A1sokkal%2C+fel-felt%C3%B6r%C5%91+zokog%C3%A1si+rohamokkal+k%C3%ADs%C3%A9rve+elmondta%2C+mit+%C3%A9s+hol+tal%C3%A1lok%2C+mi+a+feladat%2C+meg+valami+olyasmit+is+rebegett%2C+hogy+most+megmentem+%C5%91t.%3C%2Fspan%3E%3C%2Fp%3E%0D%0A%3Cp+style%3D%22text-align%3A+center%3B%22%3E%3Ca+href%3D%22https%3A%2F%2Flongkft.hu%2F%22+target%3D%22_blank%22+rel%3D%22noopener%22%3E%3Cimg+class%3D%22aligncenter+wp-image-11378+size-full%22+src%3D%22https%3A%2F%2Flongkft.hu%2Faudioblog%2Fwp-content%2Fuploads%2F2021%2F11%2Flong-kft-banner_OK.jpg%22+alt%3D%22grafikus%22+width%3D%22395%22+height%3D%22528%22+%2F%3E%3C%2Fa%3E%3C%2Fp%3E%0D%0A%3Cp+style%3D%22text-align%3A+left%3B%22%3E%3Cspan+style%3D%22font-size%3A+12pt%3B%22%3ETulajdonk%C3%A9ppen%2C+maga+a+munka+semmif%C3%A9le+neh%C3%A9zs%C3%A9get+nem+okozott%2C+ellenben+X+folyamatos+pesztonk%C3%A1l%C3%A1sa%2C+m%C3%A1r-m%C3%A1r...+Mit+hozhatok%3B+mivel+etethetlek%3B+mit+adhatok+inni%3B+megmassz%C3%ADrozhatom+a+nyakad%3B+rendelek+pizz%C3%A1t%3B+jajj%2C+nem+rendeltem+innival%C3%B3t%3B+juj%2C+gyorsan+hozok+csokit+a+sarki+%C3%A9jjel-nappalib%C3%B3l...%3C%2Fspan%3E%3C%2Fp%3E%0D%0A%3Cp+style%3D%22text-align%3A+left%3B%22%3E%3Cspan+style%3D%22font-size%3A+12pt%3B%22%3EA+hirdet%C3%A9sek+elk%C3%A9sz%C3%BCltek%2C+a+ps-%C3%A1llom%C3%A1nyt+%28igen%2C+j%C3%B3l+l%C3%A1tt%C3%A1tok%2C+ps%29+egy+fut%C3%A1r+elvitte+a+szerkeszt%C5%91s%C3%A9gbe%2C+mi+meg+nyugiban+le%C3%BClt%C3%BCnk+megenni+a+pizza+marad%C3%A9k%C3%A1t%2C+majd+egy+kicsit+m%C3%A9g+besz%C3%A9lgett%C3%BCnk.+Leeresztett%C3%BCnk%2C+X+rohant+haza+a+csal%C3%A1dj%C3%A1hoz%2C+%C3%A9n+meg+rohantam+a+h%C3%A1zibuliba.%3C%2Fspan%3E%3C%2Fp%3E%0D%0A%3Cp+style%3D%22text-align%3A+left%3B%22%3E%3Cspan+style%3D%22font-size%3A+12pt%3B%22%3ET%C3%B6bb+h%C3%A9ttel+k%C3%A9s%C5%91bb%2C+ami+tal%C3%A1n+egy+teljes+h%C3%B3nap+is+lehetett%2C+azzal+h%C3%ADvott+egy+h%C3%B6lgy+-+aki+egy+nagyv%C3%A1llalat+igazgat%C3%B3j%C3%A1nak+titk%C3%A1rn%C5%91jk%C3%A9nt+mutatkozott+be+-%2C+hogy+f%C5%91n%C3%B6ke+%C3%A9s+a+v%C3%A1llalat+vezet%C5%91s%C3%A9ge+tal%C3%A1lkozni+szeretne+velem.+Indokk%C3%A9nt+pedig+annyit+mondott%2C+hogy+lenne+n%C3%A9h%C3%A1ny+grafikai+munk%C3%A1juk+%C3%A9s+hallottak+r%C3%B3lam.%3C%2Fspan%3E%3C%2Fp%3E%0D%0A%3Cp+style%3D%22text-align%3A+left%3B%22%3E%3Cspan+style%3D%22font-size%3A+12pt%3B%22%3ENem+vagyok+semmi+j%C3%B3nak+elront%C3%B3ja%2C+ez%C3%A9rt+id%C5%91pontot+egyeztett%C3%BCnk%2C+%C3%A9s+megjelentem+a+vid%C3%A9ki+gy%C3%A1rban.+Volt+bemutatkoz%C3%A1s%2C+k%C3%A1v%C3%A9s%2C+%C3%A1sv%C3%A1nyvizes+%22k%C3%B6rbe-udvarl%C3%A1s%22%2C+%C3%BCzemi-%C3%A9tkezd%C3%A9s+etet%C3%A9s%2C+majd+r%C3%A1t%C3%A9rt%C3%BCnk+a+l%C3%A1togat%C3%A1som+val%C3%B3di+ok%C3%A1ra+-+szeretn%C3%A9k+elk%C3%A9sz%C3%ADteni+els%C5%91+prospektusukat%2C+%C3%A9s+m%C3%A9g+n%C3%A9h%C3%A1ny+apr%C3%B3s%C3%A1got.+Azt+is+megmondt%C3%A1k%2C+hogy+mennyi+a+keret%C3%BCk+r%C3%A1%2C+amely+%C3%B6sszeget+meghallva+igent+mondtam+-+de+csak+azut%C3%A1n%2C+hogy+magamhoz+t%C3%A9rtem+a+sz%C3%A1m+nagys%C3%A1ga+okozta+sokkomb%C3%B3l.%3C%2Fspan%3E%3C%2Fp%3E%0D%0A%3Cp+style%3D%22text-align%3A+left%3B%22%3E%3Cspan+style%3D%22font-size%3A+12pt%3B%22%3EA+munka+abszol%C3%BAt+z%C3%B6kken%C5%91mentesen+elk%C3%A9sz%C3%BClt.+Minden+tervemet+elfogadt%C3%A1k+-+de+csak+egy+legal%C3%A1bb+%C3%B6tvenf%C5%91s+hallgat%C3%B3s%C3%A1g+el%C5%91tt+tartott+prezent%C3%A1ci%C3%B3+ut%C3%A1n+-%2C+a+grafikai+munk%C3%A1kat+%C3%A1tvett%C3%A9k%2C+a+munkad%C3%ADjat+kp-ban+ideadt%C3%A1k.%3C%2Fspan%3E%3C%2Fp%3E%0D%0A%3Cp+style%3D%22text-align%3A+left%3B%22%3E%3Cspan+style%3D%22font-size%3A+12pt%3B%22%3ETeh%C3%A1t+minden+%C3%A1lomszer%C5%B1en+ment%2C+azonban+arra+a+k%C3%A9rd%C3%A9semre%2C+hogy+hol%2C+%C3%A9s+kit%C5%91l+hallottak+r%C3%B3lam%2C+nem+kaptam+v%C3%A1laszt.+A+v%C3%A1llalatt%C3%B3l+ezt+sohasem+tudtam+meg.%3C%2Fspan%3E%3C%2Fp%3E%0D%0A%3Cp+style%3D%22text-align%3A+left%3B%22%3E%3Cspan+style%3D%22font-size%3A+12pt%3B%22%3EM%C3%A1r+r%C3%A9gen+elfelejt%C5%91d%C3%B6tt+minden%2C+amikor+a+t%C3%B6rt%C3%A9net+elej%C3%A9n+eml%C3%ADtett+rekl%C3%A1m%C3%BCgyn%C3%B6ks%C3%A9gn%C3%A9l+egy+igencsak+%C3%A9rdekes+okb%C3%B3l+-+egyszer+tal%C3%A1n%2C+ezt+is+elmes%C3%A9lem+-+az+%C3%BCgyn%C3%B6ks%C3%A9g+tulajdonosaival+besz%C3%A9lgett%C3%BCnk.+Sz%C3%B3ba+ker%C3%BClt+sok-sok+minden+-+persze+els%C5%91sorban+a+terv%C3%BCnk+-%2C+amikor+elhangzott+egy+f%C3%A9lmondat%2C+hogy+az%2C+amir%C5%91l+besz%C3%A9lget%C3%BCnk%2C+esetleg+a+t%C3%B6rt%C3%A9net+elej%C3%A9n+eml%C3%ADtett+X+f%C3%A9rj%C3%A9t+is+%C3%A9rdekeln%C3%A9.+Majd+n%C3%A9h%C3%A1ny+tov%C3%A1bbi+%22mozaikdarabot%22+a+hely%C3%A9re+t%C3%A9ve%2C+egyszer+csak+%C3%B6ssze%C3%A1llt+a+k%C3%A9p.%3C%2Fspan%3E%3C%2Fp%3E%0D%0A%3Cp+style%3D%22text-align%3A+left%3B%22%3E%3Cspan+style%3D%22font-size%3A+12pt%3B%22%3EAnnak+a+vid%C3%A9ki+v%C3%A1llalatnak+az+igazgat%C3%B3ja+%28pontosabban+vez%C3%A9rigazgat%C3%B3ja%29%2C+amelyik+megrendelte+t%C5%91lem+az+eml%C3%ADtett+munk%C3%A1kat%2C+X+f%C3%A9rje+volt...%3C%2Fspan%3E%3C%2Fp%3E&amp;source=Longaudio\"><\/a><a target=\"_blank\" class=\"gplusz\" title=\"\" rel=\"external\" href=\"https:\/\/plusone.google.com\/_\/+1\/confirm?url=https:\/\/longkft.hu\/audioblog\/long-a-grafikus-4-jo-tett-helyeben\/\"><\/a><a target=\"_blank\" rel=\"nofollow\" class=\"email\" href=\"mailto:?subject=Longaudio - Long a grafikus 4 &#8211; J\u00f3 tett hely\u00e9ben&#8230;&amp;body=Kedves Bar\u00e1tom! Most olvastam a(z) Long a grafikus 4 &#8211; J\u00f3 tett hely\u00e9ben&#8230;  c\u00edm\u0171 cikket a(z) Longaudio  oldalon. Hivatkoz\u00e1s:  https:\/\/longkft.hu\/audioblog\/long-a-grafikus-4-jo-tett-helyeben\/\" title=\"\"><\/a><a class=\"nyomtatas\" title=\"\" href=\"http:\/\/www.printfriendly.com\" onclick=\"window.print();return false;\"><\/a>","protected":false},"excerpt":{"rendered":"<p>Az a h\u00e1rom pont a &#8222;j\u00f3 tett hely\u00e9ben&#8221; folytat\u00e1sak\u00e9nt sokat sejtet\u0151, de ez most pozit\u00edv v\u00e9gkifejlet\u0171 t\u00f6rt\u00e9net&#8230; \u00dagy v\u00e9lem &#8211;&#8230;<\/p>\n<span>Megosztom:<\/span><br><a target=\"_blank\" class=\"facebook\" title=\"\" rel=\"external\" href=\"https:\/\/www.facebook.com\/share.php?u=https:\/\/longkft.hu\/audioblog\/long-a-grafikus-4-jo-tett-helyeben\/&title=Long a grafikus 4 &#8211; J\u00f3 tett hely\u00e9ben&#8230;\"><\/a><a target=\"_blank\" class=\"linkedin\" title=\"\" rel=\"external\" href=\"http:\/\/www.linkedin.com\/shareArticle?mini=true&amp;url=https%3A%2F%2Flongkft.hu%2Faudioblog%2Flong-a-grafikus-4-jo-tett-helyeben%2F&amp;title=Long+a+grafikus+4+%26%238211%3B+J%C3%B3+tett+hely%C3%A9ben%26%238230%3B&amp;summary=%3Cp+style%3D%22text-align%3A+left%3B%22%3E%3Cspan+style%3D%22font-size%3A+12pt%3B%22%3EAz+a+h%C3%A1rom+pont+a+%22j%C3%B3+tett+hely%C3%A9ben%22+folytat%C3%A1sak%C3%A9nt+sokat+sejtet%C5%91%2C+de+ez+most+pozit%C3%ADv+v%C3%A9gkifejlet%C5%B1+t%C3%B6rt%C3%A9net...%3C%2Fspan%3E%3C%2Fp%3E%0D%0A%3Cp+style%3D%22text-align%3A+left%3B%22%3E%3Cspan+style%3D%22font-size%3A+12pt%3B%22%3E%C3%9Agy+v%C3%A9lem+-+%C3%A9s+eszerint+%C3%A9lek+-%2C+hogy+mindig%2C+mindennek+meg+van+az+oka%2C+mindig%2C+mindennek+van+valamilyenfajta+folyat%C3%A1sa%2C+m%C3%A9g+%C3%BAgyis%2C+hogy+mag%C3%A1t+a+folytat%C3%A1st+tal%C3%A1n+%C3%A9szre+sem+vessz%C3%BCk.+Mindig+minden+a+kor%C3%A1bbi+j%C3%B3%2C+vagy+rossz+tett%C3%BCnkb%C5%91l%2C+pozit%C3%ADv%2C+vagy+negat%C3%ADv+hozz%C3%A1%C3%A1ll%C3%A1sunkb%C3%B3l+k%C3%B6vetkezik.+Abszol%C3%BAt+igaznak+tartom%2C+hogy+a+sorsunkat+magunk+ir%C3%A1ny%C3%ADtjuk%2C+de+nem+felt%C3%A9tlen%C3%BCl+akkor%2C+amikor+az+adott+pozit%C3%ADv%2C+vagy+negat%C3%ADv+fordulat+bek%C3%B6vetkezik+%C3%A9let%C3%BCnkben.%3C%2Fspan%3E%3C%2Fp%3E%0D%0A%3Cp+style%3D%22text-align%3A+left%3B%22%3E%3Cspan+style%3D%22font-size%3A+12pt%3B%22%3EErre+rendszeresen+felh%C3%ADvom+grafikus+%C3%A9s+fot%C3%B3s+tan%C3%ADtv%C3%A1nyaim+figyelm%C3%A9t+is%2C+%C3%A9s+id%C5%91nk%C3%A9nt+elmes%C3%A9lek+nekik+egy-k%C3%A9t+%22tanmes%C3%A9t%22+arr%C3%B3l%2C+hogy+a+pozit%C3%ADv+hozz%C3%A1%C3%A1ll%C3%A1s%2C+a+seg%C3%ADt%C5%91k%C3%A9sz+attit%C5%B1d+bizony+ilyen-olyan+m%C3%B3don+kifizet%C5%91d%C5%91+-+legal%C3%A1bbis+id%C5%91nk%C3%A9nt.%3C%2Fspan%3E%3C%2Fp%3E%0D%0A%3Cp+style%3D%22text-align%3A+left%3B%22%3E%3Cspan+style%3D%22font-size%3A+12pt%3B%22%3E....%3C%2Fspan%3E%3C%2Fp%3E%0D%0A%3Cp+style%3D%22text-align%3A+left%3B%22%3E%3Cspan+style%3D%22font-size%3A+12pt%3B%22%3E%C3%89ppen+egy+n%C3%A1lam+szervezett+h%C3%A1zibuli+%22bemeleg%C3%ADt%C5%91%22+szakasz%C3%A1ban+voltam%2C+amikor+cs%C3%B6rg%C3%B6tt+a+telefon.+X+h%C3%ADvott%2C+aki+egy+rekl%C3%A1m%C3%BCgyn%C3%B6ks%C3%A9gn%C3%A9l+int%C3%A9zte+azon+c%C3%A9g+anyagait%2C+melyn%C3%A9l+akkoriban+dolgoztam+-+teh%C3%A1t%2C+munkakapcsolatban+voltunk.%3C%2Fspan%3E%3C%2Fp%3E%0D%0A%3Cp+style%3D%22text-align%3A+left%3B%22%3E%3Cspan+style%3D%22font-size%3A+12pt%3B%22%3E-+Zsolt%2C+nagy+bajban+vagyok+-+%C5%91+ugyan+az+%22sz-bet%C5%B1s%22+sz%C3%B3val+mondta%2C+de+most+m%C3%A9giscsak+t%C3%A1rsas%C3%A1gban+vagyunk+-%2C+seg%C3%ADts.+Hajnalban+megy+nyomd%C3%A1ba+egy+hetilap+%C3%A9s+annak+k%C3%BCl%C3%B6nsz%C3%A1ma%2C+%C3%A9n+meg+lek%C3%B6t%C3%B6ttem+benn%C3%BCk+egy-egy+hirdet%C3%A9si+oldalt%2C+hirdet%C3%A9st+meg+nem+csin%C3%A1ltunk.%3C%2Fspan%3E%3C%2Fp%3E%0D%0A%0D%0A%3Ch3+style%3D%22text-align%3A+left%3B%22%3E%3Cspan+style%3D%22font-size%3A+14pt%3B%22%3E-+Naaa%2C+ne+m%C3%A1%C3%A1%C3%A1%2C+%C3%A9ppen+buli+van%2C+ne+tedd+ezt+velem.+H%C3%ADvd+m%C3%A1r+fel+a+grafikusotokat.%3C%2Fspan%3E%3C%2Fh3%3E%0D%0A%3Cp+style%3D%22text-align%3A+left%3B%22%3E%3Cspan+style%3D%22font-size%3A+12pt%3B%22%3E-+Felh%C3%ADvtam%2C+de+nem+j%C3%B6n+be.+Seg%C3%ADts%2C+ha+ez+nem+ker%C3%BCl+lead%C3%A1sra%2C+akkor+felbontj%C3%A1k+az+%C3%A9ves+szerz%C5%91d%C3%A9seket%2C+%C3%A9s+nekem+annyi.%3C%2Fspan%3E%3C%2Fp%3E%0D%0A%3Cp+style%3D%22text-align%3A+left%3B%22%3E%3Cspan+style%3D%22font-size%3A+12pt%3B%22%3EAz+%C3%BAtt%C3%B6r%C5%91%2C+ahol+tud%2C+seg%C3%ADt%2C+ez%C3%A9rt+aut%C3%B3ba+%C3%BCltem%2C+%C3%A1tmentem+a+v%C3%A1ros+m%C3%A1sik+v%C3%A9g%C3%A9be%2C+ahol+az+%C3%BCgyn%C3%B6ks%C3%A9gen+X+v%C3%A1rt+egy+k%C3%B6nny+%C3%A1ztatta+sz%C3%A1zas+N%C3%A1rcisz+zsepihalom+tetej%C3%A9n.+Szipog%C3%A1sokkal%2C+fel-felt%C3%B6r%C5%91+zokog%C3%A1si+rohamokkal+k%C3%ADs%C3%A9rve+elmondta%2C+mit+%C3%A9s+hol+tal%C3%A1lok%2C+mi+a+feladat%2C+meg+valami+olyasmit+is+rebegett%2C+hogy+most+megmentem+%C5%91t.%3C%2Fspan%3E%3C%2Fp%3E%0D%0A%3Cp+style%3D%22text-align%3A+center%3B%22%3E%3Ca+href%3D%22https%3A%2F%2Flongkft.hu%2F%22+target%3D%22_blank%22+rel%3D%22noopener%22%3E%3Cimg+class%3D%22aligncenter+wp-image-11378+size-full%22+src%3D%22https%3A%2F%2Flongkft.hu%2Faudioblog%2Fwp-content%2Fuploads%2F2021%2F11%2Flong-kft-banner_OK.jpg%22+alt%3D%22grafikus%22+width%3D%22395%22+height%3D%22528%22+%2F%3E%3C%2Fa%3E%3C%2Fp%3E%0D%0A%3Cp+style%3D%22text-align%3A+left%3B%22%3E%3Cspan+style%3D%22font-size%3A+12pt%3B%22%3ETulajdonk%C3%A9ppen%2C+maga+a+munka+semmif%C3%A9le+neh%C3%A9zs%C3%A9get+nem+okozott%2C+ellenben+X+folyamatos+pesztonk%C3%A1l%C3%A1sa%2C+m%C3%A1r-m%C3%A1r...+Mit+hozhatok%3B+mivel+etethetlek%3B+mit+adhatok+inni%3B+megmassz%C3%ADrozhatom+a+nyakad%3B+rendelek+pizz%C3%A1t%3B+jajj%2C+nem+rendeltem+innival%C3%B3t%3B+juj%2C+gyorsan+hozok+csokit+a+sarki+%C3%A9jjel-nappalib%C3%B3l...%3C%2Fspan%3E%3C%2Fp%3E%0D%0A%3Cp+style%3D%22text-align%3A+left%3B%22%3E%3Cspan+style%3D%22font-size%3A+12pt%3B%22%3EA+hirdet%C3%A9sek+elk%C3%A9sz%C3%BCltek%2C+a+ps-%C3%A1llom%C3%A1nyt+%28igen%2C+j%C3%B3l+l%C3%A1tt%C3%A1tok%2C+ps%29+egy+fut%C3%A1r+elvitte+a+szerkeszt%C5%91s%C3%A9gbe%2C+mi+meg+nyugiban+le%C3%BClt%C3%BCnk+megenni+a+pizza+marad%C3%A9k%C3%A1t%2C+majd+egy+kicsit+m%C3%A9g+besz%C3%A9lgett%C3%BCnk.+Leeresztett%C3%BCnk%2C+X+rohant+haza+a+csal%C3%A1dj%C3%A1hoz%2C+%C3%A9n+meg+rohantam+a+h%C3%A1zibuliba.%3C%2Fspan%3E%3C%2Fp%3E%0D%0A%3Cp+style%3D%22text-align%3A+left%3B%22%3E%3Cspan+style%3D%22font-size%3A+12pt%3B%22%3ET%C3%B6bb+h%C3%A9ttel+k%C3%A9s%C5%91bb%2C+ami+tal%C3%A1n+egy+teljes+h%C3%B3nap+is+lehetett%2C+azzal+h%C3%ADvott+egy+h%C3%B6lgy+-+aki+egy+nagyv%C3%A1llalat+igazgat%C3%B3j%C3%A1nak+titk%C3%A1rn%C5%91jk%C3%A9nt+mutatkozott+be+-%2C+hogy+f%C5%91n%C3%B6ke+%C3%A9s+a+v%C3%A1llalat+vezet%C5%91s%C3%A9ge+tal%C3%A1lkozni+szeretne+velem.+Indokk%C3%A9nt+pedig+annyit+mondott%2C+hogy+lenne+n%C3%A9h%C3%A1ny+grafikai+munk%C3%A1juk+%C3%A9s+hallottak+r%C3%B3lam.%3C%2Fspan%3E%3C%2Fp%3E%0D%0A%3Cp+style%3D%22text-align%3A+left%3B%22%3E%3Cspan+style%3D%22font-size%3A+12pt%3B%22%3ENem+vagyok+semmi+j%C3%B3nak+elront%C3%B3ja%2C+ez%C3%A9rt+id%C5%91pontot+egyeztett%C3%BCnk%2C+%C3%A9s+megjelentem+a+vid%C3%A9ki+gy%C3%A1rban.+Volt+bemutatkoz%C3%A1s%2C+k%C3%A1v%C3%A9s%2C+%C3%A1sv%C3%A1nyvizes+%22k%C3%B6rbe-udvarl%C3%A1s%22%2C+%C3%BCzemi-%C3%A9tkezd%C3%A9s+etet%C3%A9s%2C+majd+r%C3%A1t%C3%A9rt%C3%BCnk+a+l%C3%A1togat%C3%A1som+val%C3%B3di+ok%C3%A1ra+-+szeretn%C3%A9k+elk%C3%A9sz%C3%ADteni+els%C5%91+prospektusukat%2C+%C3%A9s+m%C3%A9g+n%C3%A9h%C3%A1ny+apr%C3%B3s%C3%A1got.+Azt+is+megmondt%C3%A1k%2C+hogy+mennyi+a+keret%C3%BCk+r%C3%A1%2C+amely+%C3%B6sszeget+meghallva+igent+mondtam+-+de+csak+azut%C3%A1n%2C+hogy+magamhoz+t%C3%A9rtem+a+sz%C3%A1m+nagys%C3%A1ga+okozta+sokkomb%C3%B3l.%3C%2Fspan%3E%3C%2Fp%3E%0D%0A%3Cp+style%3D%22text-align%3A+left%3B%22%3E%3Cspan+style%3D%22font-size%3A+12pt%3B%22%3EA+munka+abszol%C3%BAt+z%C3%B6kken%C5%91mentesen+elk%C3%A9sz%C3%BClt.+Minden+tervemet+elfogadt%C3%A1k+-+de+csak+egy+legal%C3%A1bb+%C3%B6tvenf%C5%91s+hallgat%C3%B3s%C3%A1g+el%C5%91tt+tartott+prezent%C3%A1ci%C3%B3+ut%C3%A1n+-%2C+a+grafikai+munk%C3%A1kat+%C3%A1tvett%C3%A9k%2C+a+munkad%C3%ADjat+kp-ban+ideadt%C3%A1k.%3C%2Fspan%3E%3C%2Fp%3E%0D%0A%3Cp+style%3D%22text-align%3A+left%3B%22%3E%3Cspan+style%3D%22font-size%3A+12pt%3B%22%3ETeh%C3%A1t+minden+%C3%A1lomszer%C5%B1en+ment%2C+azonban+arra+a+k%C3%A9rd%C3%A9semre%2C+hogy+hol%2C+%C3%A9s+kit%C5%91l+hallottak+r%C3%B3lam%2C+nem+kaptam+v%C3%A1laszt.+A+v%C3%A1llalatt%C3%B3l+ezt+sohasem+tudtam+meg.%3C%2Fspan%3E%3C%2Fp%3E%0D%0A%3Cp+style%3D%22text-align%3A+left%3B%22%3E%3Cspan+style%3D%22font-size%3A+12pt%3B%22%3EM%C3%A1r+r%C3%A9gen+elfelejt%C5%91d%C3%B6tt+minden%2C+amikor+a+t%C3%B6rt%C3%A9net+elej%C3%A9n+eml%C3%ADtett+rekl%C3%A1m%C3%BCgyn%C3%B6ks%C3%A9gn%C3%A9l+egy+igencsak+%C3%A9rdekes+okb%C3%B3l+-+egyszer+tal%C3%A1n%2C+ezt+is+elmes%C3%A9lem+-+az+%C3%BCgyn%C3%B6ks%C3%A9g+tulajdonosaival+besz%C3%A9lgett%C3%BCnk.+Sz%C3%B3ba+ker%C3%BClt+sok-sok+minden+-+persze+els%C5%91sorban+a+terv%C3%BCnk+-%2C+amikor+elhangzott+egy+f%C3%A9lmondat%2C+hogy+az%2C+amir%C5%91l+besz%C3%A9lget%C3%BCnk%2C+esetleg+a+t%C3%B6rt%C3%A9net+elej%C3%A9n+eml%C3%ADtett+X+f%C3%A9rj%C3%A9t+is+%C3%A9rdekeln%C3%A9.+Majd+n%C3%A9h%C3%A1ny+tov%C3%A1bbi+%22mozaikdarabot%22+a+hely%C3%A9re+t%C3%A9ve%2C+egyszer+csak+%C3%B6ssze%C3%A1llt+a+k%C3%A9p.%3C%2Fspan%3E%3C%2Fp%3E%0D%0A%3Cp+style%3D%22text-align%3A+left%3B%22%3E%3Cspan+style%3D%22font-size%3A+12pt%3B%22%3EAnnak+a+vid%C3%A9ki+v%C3%A1llalatnak+az+igazgat%C3%B3ja+%28pontosabban+vez%C3%A9rigazgat%C3%B3ja%29%2C+amelyik+megrendelte+t%C5%91lem+az+eml%C3%ADtett+munk%C3%A1kat%2C+X+f%C3%A9rje+volt...%3C%2Fspan%3E%3C%2Fp%3E&amp;source=Longaudio\"><\/a><a target=\"_blank\" class=\"gplusz\" title=\"\" rel=\"external\" href=\"https:\/\/plusone.google.com\/_\/+1\/confirm?url=https:\/\/longkft.hu\/audioblog\/long-a-grafikus-4-jo-tett-helyeben\/\"><\/a><a target=\"_blank\" rel=\"nofollow\" class=\"email\" href=\"mailto:?subject=Longaudio - Long a grafikus 4 &#8211; J\u00f3 tett hely\u00e9ben&#8230;&amp;body=Kedves Bar\u00e1tom! Most olvastam a(z) Long a grafikus 4 &#8211; J\u00f3 tett hely\u00e9ben&#8230;  c\u00edm\u0171 cikket a(z) Longaudio  oldalon. Hivatkoz\u00e1s:  https:\/\/longkft.hu\/audioblog\/long-a-grafikus-4-jo-tett-helyeben\/\" title=\"\"><\/a><a class=\"nyomtatas\" title=\"\" href=\"http:\/\/www.printfriendly.com\" onclick=\"window.print();return false;\"><\/a>","protected":false},"author":2,"featured_media":11623,"comment_status":"open","ping_status":"closed","sticky":false,"template":"","format":"standard","meta":{"footnotes":""},"categories":[1],"tags":[94],"class_list":["post-11622","post","type-post","status-publish","format-standard","has-post-thumbnail","hentry","category-egyeb","tag-long-a-grafikus"],"yoast_head":"<!-- This site is optimized with the Yoast SEO plugin v27.5 - https:\/\/yoast.com\/product\/yoast-seo-wordpress\/ -->\n<title>Long a grafikus 4 - J\u00f3 tett hely\u00e9ben... - Longaudio<\/title>\n<meta name=\"description\" content=\"A pozit\u00edv hozz\u00e1\u00e1ll\u00e1s, a seg\u00edt\u0151k\u00e9sz attit\u0171d bizony ilyen-olyan m\u00f3don kifizet\u0151d\u0151 - legal\u00e1bbis id\u0151nk\u00e9nt.\" \/>\n<meta name=\"robots\" content=\"index, follow, max-snippet:-1, max-image-preview:large, max-video-preview:-1\" \/>\n<link rel=\"canonical\" href=\"https:\/\/longkft.hu\/audioblog\/long-a-grafikus-4-jo-tett-helyeben\/\" \/>\n<meta property=\"og:locale\" content=\"hu_HU\" \/>\n<meta property=\"og:type\" content=\"article\" \/>\n<meta property=\"og:title\" content=\"Long a grafikus 4 - J\u00f3 tett hely\u00e9ben... - Longaudio\" \/>\n<meta property=\"og:description\" content=\"A pozit\u00edv hozz\u00e1\u00e1ll\u00e1s, a seg\u00edt\u0151k\u00e9sz attit\u0171d bizony ilyen-olyan m\u00f3don kifizet\u0151d\u0151 - legal\u00e1bbis id\u0151nk\u00e9nt.\" \/>\n<meta property=\"og:url\" content=\"https:\/\/longkft.hu\/audioblog\/long-a-grafikus-4-jo-tett-helyeben\/\" \/>\n<meta property=\"og:site_name\" content=\"Longaudio\" \/>\n<meta property=\"article:publisher\" content=\"https:\/\/www.facebook.com\/longkft\" \/>\n<meta property=\"article:author\" content=\"https:\/\/www.facebook.com\/longkft\" \/>\n<meta property=\"article:published_time\" content=\"2022-02-18T09:37:43+00:00\" \/>\n<meta property=\"og:image\" content=\"https:\/\/longkft.hu\/audioblog\/wp-content\/uploads\/2022\/02\/jotett.jpg\" \/>\n\t<meta property=\"og:image:width\" content=\"1000\" \/>\n\t<meta property=\"og:image:height\" content=\"553\" \/>\n\t<meta property=\"og:image:type\" content=\"image\/jpeg\" \/>\n<meta name=\"author\" content=\"Long\" \/>\n<meta name=\"twitter:card\" content=\"summary_large_image\" \/>\n<meta name=\"twitter:label1\" content=\"Szerz\u0151:\" \/>\n\t<meta name=\"twitter:data1\" content=\"Long\" \/>\n\t<meta name=\"twitter:label2\" content=\"Becs\u00fclt olvas\u00e1si id\u0151\" \/>\n\t<meta name=\"twitter:data2\" content=\"4 perc\" \/>\n<script type=\"application\/ld+json\" class=\"yoast-schema-graph\">{\"@context\":\"https:\\\/\\\/schema.org\",\"@graph\":[{\"@type\":\"Article\",\"@id\":\"https:\\\/\\\/longkft.hu\\\/audioblog\\\/long-a-grafikus-4-jo-tett-helyeben\\\/#article\",\"isPartOf\":{\"@id\":\"https:\\\/\\\/longkft.hu\\\/audioblog\\\/long-a-grafikus-4-jo-tett-helyeben\\\/\"},\"author\":{\"name\":\"Long\",\"@id\":\"https:\\\/\\\/longkft.hu\\\/audioblog\\\/#\\\/schema\\\/person\\\/645cabad2d8e942354ed2caeef3aa9ea\"},\"headline\":\"Long a grafikus 4 &#8211; J\u00f3 tett hely\u00e9ben&#8230;\",\"datePublished\":\"2022-02-18T09:37:43+00:00\",\"mainEntityOfPage\":{\"@id\":\"https:\\\/\\\/longkft.hu\\\/audioblog\\\/long-a-grafikus-4-jo-tett-helyeben\\\/\"},\"wordCount\":868,\"commentCount\":0,\"publisher\":{\"@id\":\"https:\\\/\\\/longkft.hu\\\/audioblog\\\/#\\\/schema\\\/person\\\/645cabad2d8e942354ed2caeef3aa9ea\"},\"image\":{\"@id\":\"https:\\\/\\\/longkft.hu\\\/audioblog\\\/long-a-grafikus-4-jo-tett-helyeben\\\/#primaryimage\"},\"thumbnailUrl\":\"https:\\\/\\\/longkft.hu\\\/audioblog\\\/wp-content\\\/uploads\\\/2022\\\/02\\\/jotett.jpg\",\"keywords\":[\"Long a grafikus\"],\"inLanguage\":\"hu\",\"potentialAction\":[{\"@type\":\"CommentAction\",\"name\":\"Comment\",\"target\":[\"https:\\\/\\\/longkft.hu\\\/audioblog\\\/long-a-grafikus-4-jo-tett-helyeben\\\/#respond\"]}]},{\"@type\":\"WebPage\",\"@id\":\"https:\\\/\\\/longkft.hu\\\/audioblog\\\/long-a-grafikus-4-jo-tett-helyeben\\\/\",\"url\":\"https:\\\/\\\/longkft.hu\\\/audioblog\\\/long-a-grafikus-4-jo-tett-helyeben\\\/\",\"name\":\"Long a grafikus 4 - J\u00f3 tett hely\u00e9ben... - Longaudio\",\"isPartOf\":{\"@id\":\"https:\\\/\\\/longkft.hu\\\/audioblog\\\/#website\"},\"primaryImageOfPage\":{\"@id\":\"https:\\\/\\\/longkft.hu\\\/audioblog\\\/long-a-grafikus-4-jo-tett-helyeben\\\/#primaryimage\"},\"image\":{\"@id\":\"https:\\\/\\\/longkft.hu\\\/audioblog\\\/long-a-grafikus-4-jo-tett-helyeben\\\/#primaryimage\"},\"thumbnailUrl\":\"https:\\\/\\\/longkft.hu\\\/audioblog\\\/wp-content\\\/uploads\\\/2022\\\/02\\\/jotett.jpg\",\"datePublished\":\"2022-02-18T09:37:43+00:00\",\"description\":\"A pozit\u00edv hozz\u00e1\u00e1ll\u00e1s, a seg\u00edt\u0151k\u00e9sz attit\u0171d bizony ilyen-olyan m\u00f3don kifizet\u0151d\u0151 - legal\u00e1bbis id\u0151nk\u00e9nt.\",\"breadcrumb\":{\"@id\":\"https:\\\/\\\/longkft.hu\\\/audioblog\\\/long-a-grafikus-4-jo-tett-helyeben\\\/#breadcrumb\"},\"inLanguage\":\"hu\",\"potentialAction\":[{\"@type\":\"ReadAction\",\"target\":[\"https:\\\/\\\/longkft.hu\\\/audioblog\\\/long-a-grafikus-4-jo-tett-helyeben\\\/\"]}]},{\"@type\":\"ImageObject\",\"inLanguage\":\"hu\",\"@id\":\"https:\\\/\\\/longkft.hu\\\/audioblog\\\/long-a-grafikus-4-jo-tett-helyeben\\\/#primaryimage\",\"url\":\"https:\\\/\\\/longkft.hu\\\/audioblog\\\/wp-content\\\/uploads\\\/2022\\\/02\\\/jotett.jpg\",\"contentUrl\":\"https:\\\/\\\/longkft.hu\\\/audioblog\\\/wp-content\\\/uploads\\\/2022\\\/02\\\/jotett.jpg\",\"width\":1000,\"height\":553},{\"@type\":\"BreadcrumbList\",\"@id\":\"https:\\\/\\\/longkft.hu\\\/audioblog\\\/long-a-grafikus-4-jo-tett-helyeben\\\/#breadcrumb\",\"itemListElement\":[{\"@type\":\"ListItem\",\"position\":1,\"name\":\"Kezd\u0151oldal\",\"item\":\"https:\\\/\\\/longkft.hu\\\/audioblog\\\/\"},{\"@type\":\"ListItem\",\"position\":2,\"name\":\"Long a grafikus 4 &#8211; J\u00f3 tett hely\u00e9ben&#8230;\"}]},{\"@type\":\"WebSite\",\"@id\":\"https:\\\/\\\/longkft.hu\\\/audioblog\\\/#website\",\"url\":\"https:\\\/\\\/longkft.hu\\\/audioblog\\\/\",\"name\":\"Longaudio\",\"description\":\"50 \u00e9v lemezgy\u0171jtem\u00e9nye \u00e9s audio k\u00e9sz\u00fcl\u00e9kei\",\"publisher\":{\"@id\":\"https:\\\/\\\/longkft.hu\\\/audioblog\\\/#\\\/schema\\\/person\\\/645cabad2d8e942354ed2caeef3aa9ea\"},\"potentialAction\":[{\"@type\":\"SearchAction\",\"target\":{\"@type\":\"EntryPoint\",\"urlTemplate\":\"https:\\\/\\\/longkft.hu\\\/audioblog\\\/?s={search_term_string}\"},\"query-input\":{\"@type\":\"PropertyValueSpecification\",\"valueRequired\":true,\"valueName\":\"search_term_string\"}}],\"inLanguage\":\"hu\"},{\"@type\":[\"Person\",\"Organization\"],\"@id\":\"https:\\\/\\\/longkft.hu\\\/audioblog\\\/#\\\/schema\\\/person\\\/645cabad2d8e942354ed2caeef3aa9ea\",\"name\":\"Long\",\"image\":{\"@type\":\"ImageObject\",\"inLanguage\":\"hu\",\"@id\":\"https:\\\/\\\/longkft.hu\\\/audioblog\\\/wp-content\\\/uploads\\\/2018\\\/01\\\/logo.jpg\",\"url\":\"https:\\\/\\\/longkft.hu\\\/audioblog\\\/wp-content\\\/uploads\\\/2018\\\/01\\\/logo.jpg\",\"contentUrl\":\"https:\\\/\\\/longkft.hu\\\/audioblog\\\/wp-content\\\/uploads\\\/2018\\\/01\\\/logo.jpg\",\"width\":240,\"height\":240,\"caption\":\"Long\"},\"logo\":{\"@id\":\"https:\\\/\\\/longkft.hu\\\/audioblog\\\/wp-content\\\/uploads\\\/2018\\\/01\\\/logo.jpg\"},\"sameAs\":[\"https:\\\/\\\/www.facebook.com\\\/longkft\",\"https:\\\/\\\/hu.pinterest.com\\\/farkas1051\\\/_saved\\\/\"],\"url\":\"https:\\\/\\\/longkft.hu\\\/audioblog\\\/author\\\/audioblogger\\\/\"}]}<\/script>\n<!-- \/ Yoast SEO plugin. -->","yoast_head_json":{"title":"Long a grafikus 4 - J\u00f3 tett hely\u00e9ben... - Longaudio","description":"A pozit\u00edv hozz\u00e1\u00e1ll\u00e1s, a seg\u00edt\u0151k\u00e9sz attit\u0171d bizony ilyen-olyan m\u00f3don kifizet\u0151d\u0151 - legal\u00e1bbis id\u0151nk\u00e9nt.","robots":{"index":"index","follow":"follow","max-snippet":"max-snippet:-1","max-image-preview":"max-image-preview:large","max-video-preview":"max-video-preview:-1"},"canonical":"https:\/\/longkft.hu\/audioblog\/long-a-grafikus-4-jo-tett-helyeben\/","og_locale":"hu_HU","og_type":"article","og_title":"Long a grafikus 4 - J\u00f3 tett hely\u00e9ben... - Longaudio","og_description":"A pozit\u00edv hozz\u00e1\u00e1ll\u00e1s, a seg\u00edt\u0151k\u00e9sz attit\u0171d bizony ilyen-olyan m\u00f3don kifizet\u0151d\u0151 - legal\u00e1bbis id\u0151nk\u00e9nt.","og_url":"https:\/\/longkft.hu\/audioblog\/long-a-grafikus-4-jo-tett-helyeben\/","og_site_name":"Longaudio","article_publisher":"https:\/\/www.facebook.com\/longkft","article_author":"https:\/\/www.facebook.com\/longkft","article_published_time":"2022-02-18T09:37:43+00:00","og_image":[{"width":1000,"height":553,"url":"https:\/\/longkft.hu\/audioblog\/wp-content\/uploads\/2022\/02\/jotett.jpg","type":"image\/jpeg"}],"author":"Long","twitter_card":"summary_large_image","twitter_misc":{"Szerz\u0151:":"Long","Becs\u00fclt olvas\u00e1si id\u0151":"4 perc"},"schema":{"@context":"https:\/\/schema.org","@graph":[{"@type":"Article","@id":"https:\/\/longkft.hu\/audioblog\/long-a-grafikus-4-jo-tett-helyeben\/#article","isPartOf":{"@id":"https:\/\/longkft.hu\/audioblog\/long-a-grafikus-4-jo-tett-helyeben\/"},"author":{"name":"Long","@id":"https:\/\/longkft.hu\/audioblog\/#\/schema\/person\/645cabad2d8e942354ed2caeef3aa9ea"},"headline":"Long a grafikus 4 &#8211; J\u00f3 tett hely\u00e9ben&#8230;","datePublished":"2022-02-18T09:37:43+00:00","mainEntityOfPage":{"@id":"https:\/\/longkft.hu\/audioblog\/long-a-grafikus-4-jo-tett-helyeben\/"},"wordCount":868,"commentCount":0,"publisher":{"@id":"https:\/\/longkft.hu\/audioblog\/#\/schema\/person\/645cabad2d8e942354ed2caeef3aa9ea"},"image":{"@id":"https:\/\/longkft.hu\/audioblog\/long-a-grafikus-4-jo-tett-helyeben\/#primaryimage"},"thumbnailUrl":"https:\/\/longkft.hu\/audioblog\/wp-content\/uploads\/2022\/02\/jotett.jpg","keywords":["Long a grafikus"],"inLanguage":"hu","potentialAction":[{"@type":"CommentAction","name":"Comment","target":["https:\/\/longkft.hu\/audioblog\/long-a-grafikus-4-jo-tett-helyeben\/#respond"]}]},{"@type":"WebPage","@id":"https:\/\/longkft.hu\/audioblog\/long-a-grafikus-4-jo-tett-helyeben\/","url":"https:\/\/longkft.hu\/audioblog\/long-a-grafikus-4-jo-tett-helyeben\/","name":"Long a grafikus 4 - J\u00f3 tett hely\u00e9ben... - Longaudio","isPartOf":{"@id":"https:\/\/longkft.hu\/audioblog\/#website"},"primaryImageOfPage":{"@id":"https:\/\/longkft.hu\/audioblog\/long-a-grafikus-4-jo-tett-helyeben\/#primaryimage"},"image":{"@id":"https:\/\/longkft.hu\/audioblog\/long-a-grafikus-4-jo-tett-helyeben\/#primaryimage"},"thumbnailUrl":"https:\/\/longkft.hu\/audioblog\/wp-content\/uploads\/2022\/02\/jotett.jpg","datePublished":"2022-02-18T09:37:43+00:00","description":"A pozit\u00edv hozz\u00e1\u00e1ll\u00e1s, a seg\u00edt\u0151k\u00e9sz attit\u0171d bizony ilyen-olyan m\u00f3don kifizet\u0151d\u0151 - legal\u00e1bbis id\u0151nk\u00e9nt.","breadcrumb":{"@id":"https:\/\/longkft.hu\/audioblog\/long-a-grafikus-4-jo-tett-helyeben\/#breadcrumb"},"inLanguage":"hu","potentialAction":[{"@type":"ReadAction","target":["https:\/\/longkft.hu\/audioblog\/long-a-grafikus-4-jo-tett-helyeben\/"]}]},{"@type":"ImageObject","inLanguage":"hu","@id":"https:\/\/longkft.hu\/audioblog\/long-a-grafikus-4-jo-tett-helyeben\/#primaryimage","url":"https:\/\/longkft.hu\/audioblog\/wp-content\/uploads\/2022\/02\/jotett.jpg","contentUrl":"https:\/\/longkft.hu\/audioblog\/wp-content\/uploads\/2022\/02\/jotett.jpg","width":1000,"height":553},{"@type":"BreadcrumbList","@id":"https:\/\/longkft.hu\/audioblog\/long-a-grafikus-4-jo-tett-helyeben\/#breadcrumb","itemListElement":[{"@type":"ListItem","position":1,"name":"Kezd\u0151oldal","item":"https:\/\/longkft.hu\/audioblog\/"},{"@type":"ListItem","position":2,"name":"Long a grafikus 4 &#8211; J\u00f3 tett hely\u00e9ben&#8230;"}]},{"@type":"WebSite","@id":"https:\/\/longkft.hu\/audioblog\/#website","url":"https:\/\/longkft.hu\/audioblog\/","name":"Longaudio","description":"50 \u00e9v lemezgy\u0171jtem\u00e9nye \u00e9s audio k\u00e9sz\u00fcl\u00e9kei","publisher":{"@id":"https:\/\/longkft.hu\/audioblog\/#\/schema\/person\/645cabad2d8e942354ed2caeef3aa9ea"},"potentialAction":[{"@type":"SearchAction","target":{"@type":"EntryPoint","urlTemplate":"https:\/\/longkft.hu\/audioblog\/?s={search_term_string}"},"query-input":{"@type":"PropertyValueSpecification","valueRequired":true,"valueName":"search_term_string"}}],"inLanguage":"hu"},{"@type":["Person","Organization"],"@id":"https:\/\/longkft.hu\/audioblog\/#\/schema\/person\/645cabad2d8e942354ed2caeef3aa9ea","name":"Long","image":{"@type":"ImageObject","inLanguage":"hu","@id":"https:\/\/longkft.hu\/audioblog\/wp-content\/uploads\/2018\/01\/logo.jpg","url":"https:\/\/longkft.hu\/audioblog\/wp-content\/uploads\/2018\/01\/logo.jpg","contentUrl":"https:\/\/longkft.hu\/audioblog\/wp-content\/uploads\/2018\/01\/logo.jpg","width":240,"height":240,"caption":"Long"},"logo":{"@id":"https:\/\/longkft.hu\/audioblog\/wp-content\/uploads\/2018\/01\/logo.jpg"},"sameAs":["https:\/\/www.facebook.com\/longkft","https:\/\/hu.pinterest.com\/farkas1051\/_saved\/"],"url":"https:\/\/longkft.hu\/audioblog\/author\/audioblogger\/"}]}},"_links":{"self":[{"href":"https:\/\/longkft.hu\/audioblog\/wp-json\/wp\/v2\/posts\/11622","targetHints":{"allow":["GET"]}}],"collection":[{"href":"https:\/\/longkft.hu\/audioblog\/wp-json\/wp\/v2\/posts"}],"about":[{"href":"https:\/\/longkft.hu\/audioblog\/wp-json\/wp\/v2\/types\/post"}],"author":[{"embeddable":true,"href":"https:\/\/longkft.hu\/audioblog\/wp-json\/wp\/v2\/users\/2"}],"replies":[{"embeddable":true,"href":"https:\/\/longkft.hu\/audioblog\/wp-json\/wp\/v2\/comments?post=11622"}],"version-history":[{"count":0,"href":"https:\/\/longkft.hu\/audioblog\/wp-json\/wp\/v2\/posts\/11622\/revisions"}],"wp:featuredmedia":[{"embeddable":true,"href":"https:\/\/longkft.hu\/audioblog\/wp-json\/wp\/v2\/media\/11623"}],"wp:attachment":[{"href":"https:\/\/longkft.hu\/audioblog\/wp-json\/wp\/v2\/media?parent=11622"}],"wp:term":[{"taxonomy":"category","embeddable":true,"href":"https:\/\/longkft.hu\/audioblog\/wp-json\/wp\/v2\/categories?post=11622"},{"taxonomy":"post_tag","embeddable":true,"href":"https:\/\/longkft.hu\/audioblog\/wp-json\/wp\/v2\/tags?post=11622"}],"curies":[{"name":"wp","href":"https:\/\/api.w.org\/{rel}","templated":true}]}}