{"id":11768,"date":"2022-04-07T09:46:50","date_gmt":"2022-04-07T09:46:50","guid":{"rendered":"https:\/\/longkft.hu\/audioblog\/?p=11768"},"modified":"2023-06-14T13:00:35","modified_gmt":"2023-06-14T13:00:35","slug":"long-a-grafikus-8-a-gyermek-apja-brad-pitt-vagy-george-clooney","status":"publish","type":"post","link":"https:\/\/longkft.hu\/audioblog\/long-a-grafikus-8-a-gyermek-apja-brad-pitt-vagy-george-clooney\/","title":{"rendered":"Long a grafikus 8 \u2013 a gyermek apja Brad Pitt, vagy George Clooney"},"content":{"rendered":"<p style=\"text-align: left;\"><span style=\"font-size: 12pt;\"><em>English language can be selected in upper left corner (British flag).<\/em>\u00a0 Minden azzal kezd\u0151d\u00f6tt, hogy igen komoly probl\u00e9m\u00e1im vannak a \u201edress code-dal\u201d. Nincs nyakkend\u0151m \u2013 sosem volt \u2013, egyetlen \u00f6lt\u00f6ny\u00f6met pedig nagyon hosszasan kellene keresg\u00e9lnem a lak\u00e1sban. Vannak c\u00e9gek, ahol ezzel nem foglalkoznak, \u00e9s vannak, ahol komolyan veszik \u2013 s\u0151t, nagyon komolyan.<\/span><\/p>\n<p style=\"text-align: left;\"><span style=\"font-size: 12pt;\">N\u0151nem\u0171 bar\u00e1tom \u2013 akivel, \u00e9s akinek t\u00e1rsas\u00e1g\u00e1val volt n\u00e9h\u00e1ny \u201eunok\u00e1knak mes\u00e9l\u0151s\u201d kalandom \u2013 egy, a \u201edress code-ra\u201d nagyon sokat ad\u00f3 p\u00e9nz\u00fcgyi v\u00e1llalat magas beoszt\u00e1s\u00fa munkat\u00e1rsa volt. Megbesz\u00e9lt\u00fck, hogy a munka ut\u00e1ni nap marad\u00e9k\u00e1t egy\u00fctt t\u00f6ltj\u00fck, ez\u00e9rt kifejezetten \u00f6r\u00f6mszerz\u00e9si c\u00e9llal becsattogtam az elit p\u00e9nz\u00fcgyi c\u00e9ghez \u00e9s felvonultam a valamelyik fels\u0151bb szinten l\u00e9v\u0151 irod\u00e1j\u00e1ba.<\/span><\/p>\n<p style=\"text-align: left;\"><span style=\"font-size: 12pt;\">Nem igaz\u00e1n \u00e9rtettem, hogy mi\u00e9rt b\u00e1mul dermedten a t\u00e1bornoki egyenruh\u00e1ban volt port\u00e1s, mi\u00e9rt hallgatnak el a Chanel kiskoszt\u00fcmben l\u00e9v\u0151 ifjabb \u00e9s id\u0151sebb h\u00f6lgyek, mi\u00e9rt tekintenek r\u00e1m v\u00e9rben forg\u00f3 szemmel Gucci \u00f6lt\u00f6ny\u00f6kben fesz\u00edt\u0151 pasik. \u00c9n csak csattogtam az emeletre, hogy elr\u00e1ngathassam a munk\u00e1b\u00f3l bar\u00e1tomat.<\/span><\/p>\n<p style=\"text-align: center;\"><img loading=\"lazy\" decoding=\"async\" class=\"aligncenter size-full wp-image-11771\" src=\"https:\/\/longkft.hu\/audioblog\/wp-content\/uploads\/2022\/04\/Brad-Pitt-3.jpg\" alt=\"Brad Pitt 3\" width=\"800\" height=\"300\" srcset=\"https:\/\/longkft.hu\/audioblog\/wp-content\/uploads\/2022\/04\/Brad-Pitt-3.jpg 800w, https:\/\/longkft.hu\/audioblog\/wp-content\/uploads\/2022\/04\/Brad-Pitt-3-300x113.jpg 300w, https:\/\/longkft.hu\/audioblog\/wp-content\/uploads\/2022\/04\/Brad-Pitt-3-768x288.jpg 768w, https:\/\/longkft.hu\/audioblog\/wp-content\/uploads\/2022\/04\/Brad-Pitt-3-200x75.jpg 200w, https:\/\/longkft.hu\/audioblog\/wp-content\/uploads\/2022\/04\/Brad-Pitt-3-400x150.jpg 400w\" sizes=\"auto, (max-width: 800px) 100vw, 800px\" \/><\/p>\n<p style=\"text-align: left;\"><span style=\"font-size: 12pt;\">Persze, biztos, ami biztos, v\u00e9gign\u00e9ztem magamon, mert b\u00e1rmi is megt\u00f6rt\u00e9nhetett, de nem l\u00e1ttam semmi kivetend\u0151t, semmi felh\u00e1bor\u00edt\u00f3t \u2013 szand\u00e1l, r\u00f6vidnadr\u00e1g, p\u00f3l\u00f3, teh\u00e1t minden rendben.<\/span><\/p>\n<p style=\"text-align: left;\"><span style=\"font-size: 12pt;\">Fel\u00e9rve, hatalmas lelkesed\u00e9ssel nyitottam be Y irod\u00e1j\u00e1ba, aki megl\u00e1tva engem, hosszasan zih\u00e1lva pr\u00f3b\u00e1lt leveg\u0151h\u00f6z jutni, egyszerre v\u00f6r\u00f6s\u00f6d\u00f6tt \u00e9s z\u00f6ld\u00fclt \u2013 persze, mindezt, csak az \u00f6r\u00f6mt\u0151l, legal\u00e1bbis erre tippeltem.<\/span><\/p>\n<h3 style=\"text-align: left;\"><span style=\"font-size: 14pt;\">Majd egyszerre t\u00f6rt ki az Etna, a Vez\u00fav \u00e9s persze a Szamalasz.<\/span><\/h3>\n<p style=\"text-align: left;\"><span style=\"font-size: 12pt;\">Ha nem lettek volna az irodah\u00e1z ablakai fixen z\u00e1rva, akkor az ablakon haj\u00edt ki, \u00edgy csak a folyos\u00f3n \u00e9s a l\u00e9pcs\u0151h\u00e1zon kereszt\u00fcl kergetett ki mindenf\u00e9le cifras\u00e1got a fejemhez v\u00e1gva. A jelenetet a munkat\u00e1rsak \u00fagy n\u00e9zt\u00e9k \u00e9s hallgatt\u00e1k v\u00e9gig dermedten, mintha semmi sem t\u00f6rt\u00e9nt volna \u2013 \u201eelv\u00e9gre angolok vagyunk\u201d \u2013, de \u00fagy \u00e9reztem, hogy a felsz\u00edn alatt n\u00e9h\u00e1ny \u00e9rz\u0151 n\u0151i sz\u00edv megsajn\u00e1lt.<\/span><\/p>\n<p style=\"text-align: left;\"><span style=\"font-size: 12pt;\">Kidob\u00f3dtam teh\u00e1t az irodah\u00e1zb\u00f3l, de m\u00e1r a folyamat alatt azon kezdtem el gondolkodni, hogy mik\u00e9nt is fogom ezt visszafizetni. S\u0151t, mire ruh\u00e1zatomat \u00e9s lelkemet az \u00e9p\u00fclet el\u0151tt rendbe tettem, m\u00e1r tudtam is, hogy mit teszek\u2026<\/span><\/p>\n<p style=\"text-align: left;\"><span style=\"font-size: 12pt;\">Aznap ugyan m\u00e1r nem tal\u00e1lkoztunk, de m\u00e1snapra helyre\u00e1llt a lelki b\u00e9ke, \u00e9s bar\u00e1tn\u0151ivel egy\u00fctt t\u00f6lt\u00f6tt\u00fck az est\u00e9t valamelyik vend\u00e9gl\u00e1t\u00f3helyen \u2013 \u00e9n meg magamban r\u00f6h\u00f6gtem, mert a tervet nagyon j\u00f3nak tal\u00e1ltam.<\/span><\/p>\n<p style=\"text-align: center;\"><a href=\"https:\/\/longkft.hu\/\" target=\"_blank\" rel=\"noopener\"><img loading=\"lazy\" decoding=\"async\" class=\"aligncenter wp-image-11847\" src=\"https:\/\/longkft.hu\/audioblog\/wp-content\/uploads\/2022\/05\/30-ev_2.jpg\" alt=\"grafikus\" width=\"600\" height=\"401\" srcset=\"https:\/\/longkft.hu\/audioblog\/wp-content\/uploads\/2022\/05\/30-ev_2.jpg 800w, https:\/\/longkft.hu\/audioblog\/wp-content\/uploads\/2022\/05\/30-ev_2-300x200.jpg 300w, https:\/\/longkft.hu\/audioblog\/wp-content\/uploads\/2022\/05\/30-ev_2-768x513.jpg 768w, https:\/\/longkft.hu\/audioblog\/wp-content\/uploads\/2022\/05\/30-ev_2-200x134.jpg 200w, https:\/\/longkft.hu\/audioblog\/wp-content\/uploads\/2022\/05\/30-ev_2-400x267.jpg 400w, https:\/\/longkft.hu\/audioblog\/wp-content\/uploads\/2022\/05\/30-ev_2-272x182.jpg 272w\" sizes=\"auto, (max-width: 600px) 100vw, 600px\" \/><\/a><\/p>\n<p style=\"text-align: left;\"><span style=\"font-size: 12pt;\">A terv h\u00e1rom alapinform\u00e1ci\u00f3ra \u00e9p\u00fclt: Y hivatalosan hajadon volt (manaps\u00e1g m\u00e1r szinglinek mondj\u00e1k) rendszeresen j\u00e1rt h\u00e9tk\u00f6znapokon (is) Budapestre, valamint kort\u00e1rs koll\u00e9gan\u0151i k\u00f6z\u00fcl t\u00f6bben terhesek lettek (amit nagyon buta kifejez\u00e9snek tartok), \u00e9s persze sz\u00fcltek.<\/span><\/p>\n<p style=\"text-align: left;\"><span style=\"font-size: 12pt;\">A Sch\u00f6pf-Merei \u00c1gost K\u00f3rh\u00e1z orsz\u00e1gos h\u00edr\u0171 sz\u00fcl\u00e9szeti \u00e9s anyav\u00e9delmi k\u00f6zpont, ahol k\u00fcl\u00f6nf\u00e9le praktik\u00e1kkal seg\u00edtik a megterm\u00e9keny\u00edt\u00e9st, ak\u00e1r mesters\u00e9ges \u00faton is \u2013 gondolom, ebb\u0151l m\u00e1r sejtitek a t\u00f6rt\u00e9net folytat\u00e1s\u00e1t.<\/span><\/p>\n<p style=\"text-align: left;\"><span style=\"font-size: 12pt;\">Szereztem egy fejl\u00e9ces pap\u00edrt a K\u00f3rh\u00e1zb\u00f3l, hivatalos pecs\u00e9ttel, al\u00e1\u00edr\u00e1ssal ell\u00e1tottat is tal\u00e1ltam, \u00edgy nekil\u00e1ttam egy \u201ehivatalos\u201d k\u00f3rh\u00e1zi \u00e9rtes\u00edt\u00e9st mont\u00edrozni \u2013 legal\u00e1bb tudtam valamire haszn\u00e1lni grafikusi, retus\u00e1l\u00e1si ismereteimet.<\/span><\/p>\n<p style=\"text-align: left;\"><span style=\"font-size: 12pt;\">K\u00e9sz\u00edtettem egy fejl\u00e9ces, pecs\u00e9tes, a K\u00f3rh\u00e1z egyik f\u0151orvosa \u00e1ltal al\u00e1\u00edrt pap\u00edrt, melyben Y-t arr\u00f3l \u00e9rtes\u00edtett\u00e9k, hogy:<\/span><br \/>\n<span style=\"font-size: 12pt;\">A folyamatos k\u00f3rh\u00e1zi ell\u00e1t\u00e1s, szervezet\u00e9nek hormon\u00e1lis felk\u00e9sz\u00edt\u00e9se, \u00e9s a sajnos t\u00f6bbsz\u00f6ri sikertelen be\u00fcltet\u00e9s ut\u00e1n v\u00e9gre sikert \u00e9rtek el. A legutols\u00f3 vizsg\u00e1latok alapj\u00e1n egy\u00e9rtelm\u0171, hogy a megterm\u00e9keny\u00edtett petesejt megtapadt, \u00d6n v\u00e1rand\u00f3s.<\/span><\/p>\n<p style=\"text-align: left;\"><span style=\"font-size: 12pt;\">Nagyon sz\u00e9p, nagyon hihet\u0151 lett, de m\u00e9g biztosabb\u00e1 t\u00e9ve a dolgot, bek\u00f6ny\u00f6r\u00f6gtem magamat a K\u00f3rh\u00e1z egyik irod\u00e1j\u00e1ba, \u00e9s onnan k\u00fcldtem el faxon a levelet \u2013 teh\u00e1t az \u00e9rkez\u00e9si oldalon az inform\u00e1ci\u00f3s mez\u0151ben a Sch\u00f6pf-Merei \u00c1gost K\u00f3rh\u00e1z szerepelt, mint felad\u00f3.<\/span><\/p>\n<h3 style=\"text-align: left;\"><span style=\"font-size: 14pt;\">\u2026\u00e9s m\u00e9g csavartam is a dolgon, mert nem Y k\u00f6zvetlen fax\u00e1ra, hanem a p\u00e9nz\u00fcgyi c\u00e9g k\u00f6zponti fax\u00e1ra k\u00fcldtem a levelet.<\/span><\/h3>\n<p style=\"text-align: left;\"><span style=\"font-size: 12pt;\">\u00dct\u0151s kis \u201eellencsap\u00e1s\u201d lett, aminek eredm\u00e9ny\u00e9t Y szavainak zanz\u00e1s\u00edt\u00e1s\u00e1val mondom el.<\/span><\/p>\n<p style=\"text-align: left;\"><span style=\"font-size: 12pt;\">\u201eNem tudtam, hogy mi\u00e9rt, de az egyik pillanatr\u00f3l a m\u00e1sikra, mindenki sokkal udvariasabb, kedvesebb lett\u2026 dermedten konstat\u00e1ltam, hogy kinyitj\u00e1k el\u0151ttem az ajt\u00f3t, hoznak sz\u00e9ket\u2026 sose k\u00e9rdezt\u00e9k, most viszont percenk\u00e9nt, hogy hogy vagyok\u2026 mosolyogtak r\u00e1m\u2026 elhallgattak, ha oda\u00e9rtem, a h\u00e1tam m\u00f6g\u00f6tt meg pusmogtak\u2026\u201d stb.<\/span><\/p>\n<p style=\"text-align: left;\"><span style=\"font-size: 12pt;\">A k\u00f6zponti faxra \u00e9rkezett levelet term\u00e9szetesen mindenki olvasta, de Y-nak senki sem merte felvinni, \u00edgy rajta k\u00edv\u00fcl az eg\u00e9sz c\u00e9g tudta, hogy mesters\u00e9ges megterm\u00e9keny\u00edt\u00e9ssel &#8222;teherbe esett&#8221;.<\/span><\/p>\n<p style=\"text-align: left;\"><span style=\"font-size: 12pt;\">A v\u00e9g\u00e9re pedig az emberi term\u00e9szettel kapcsolatban egy apr\u00f3cska inform\u00e1ci\u00f3, amit senki sem akart meg\u00e9rteni, senki sem akart \u00e9rtelmezni, mert nem illett a \u201erendszerbe&#8221;.<\/span><\/p>\n<p style=\"text-align: center;\"><img loading=\"lazy\" decoding=\"async\" class=\"aligncenter size-full wp-image-11770\" src=\"https:\/\/longkft.hu\/audioblog\/wp-content\/uploads\/2022\/04\/Brad-Pitt-2.jpg\" alt=\"Brad Pitt\" width=\"800\" height=\"490\" srcset=\"https:\/\/longkft.hu\/audioblog\/wp-content\/uploads\/2022\/04\/Brad-Pitt-2.jpg 800w, https:\/\/longkft.hu\/audioblog\/wp-content\/uploads\/2022\/04\/Brad-Pitt-2-300x184.jpg 300w, https:\/\/longkft.hu\/audioblog\/wp-content\/uploads\/2022\/04\/Brad-Pitt-2-768x470.jpg 768w, https:\/\/longkft.hu\/audioblog\/wp-content\/uploads\/2022\/04\/Brad-Pitt-2-200x123.jpg 200w, https:\/\/longkft.hu\/audioblog\/wp-content\/uploads\/2022\/04\/Brad-Pitt-2-400x245.jpg 400w\" sizes=\"auto, (max-width: 800px) 100vw, 800px\" \/><\/p>\n<p style=\"text-align: left;\"><span style=\"font-size: 12pt;\">\u201eUi-k\u00e9nt\u201d azzal z\u00e1rtam az \u00e9rtes\u00edt\u00e9st, hogy a genetikai vizsg\u00e1latok alapj\u00e1n a gyermek legval\u00f3sz\u00edn\u0171bb apja Brad Pitt, vagy George Clooney\u2026<\/span><\/p>\n<span>Megosztom:<\/span><br><a target=\"_blank\" class=\"facebook\" title=\"\" rel=\"external\" href=\"https:\/\/www.facebook.com\/share.php?u=https:\/\/longkft.hu\/audioblog\/long-a-grafikus-8-a-gyermek-apja-brad-pitt-vagy-george-clooney\/&title=Long a grafikus 8 \u2013 a gyermek apja Brad Pitt, vagy George Clooney\"><\/a><a target=\"_blank\" class=\"linkedin\" title=\"\" rel=\"external\" href=\"http:\/\/www.linkedin.com\/shareArticle?mini=true&amp;url=https%3A%2F%2Flongkft.hu%2Faudioblog%2Flong-a-grafikus-8-a-gyermek-apja-brad-pitt-vagy-george-clooney%2F&amp;title=Long+a+grafikus+8+%E2%80%93+a+gyermek+apja+Brad+Pitt%2C+vagy+George+Clooney&amp;summary=%3Cp+style%3D%22text-align%3A+left%3B%22%3E%3Cspan+style%3D%22font-size%3A+12pt%3B%22%3E%3Cem%3EEnglish+language+can+be+selected+in+upper+left+corner+%28British+flag%29.%3C%2Fem%3E%C2%A0+Minden+azzal+kezd%C5%91d%C3%B6tt%2C+hogy+igen+komoly+probl%C3%A9m%C3%A1im+vannak+a+%E2%80%9Edress+code-dal%E2%80%9D.+Nincs+nyakkend%C5%91m+%E2%80%93+sosem+volt+%E2%80%93%2C+egyetlen+%C3%B6lt%C3%B6ny%C3%B6met+pedig+nagyon+hosszasan+kellene+keresg%C3%A9lnem+a+lak%C3%A1sban.+Vannak+c%C3%A9gek%2C+ahol+ezzel+nem+foglalkoznak%2C+%C3%A9s+vannak%2C+ahol+komolyan+veszik+%E2%80%93+s%C5%91t%2C+nagyon+komolyan.%3C%2Fspan%3E%3C%2Fp%3E%0D%0A%3Cp+style%3D%22text-align%3A+left%3B%22%3E%3Cspan+style%3D%22font-size%3A+12pt%3B%22%3EN%C5%91nem%C5%B1+bar%C3%A1tom+%E2%80%93+akivel%2C+%C3%A9s+akinek+t%C3%A1rsas%C3%A1g%C3%A1val+volt+n%C3%A9h%C3%A1ny+%E2%80%9Eunok%C3%A1knak+mes%C3%A9l%C5%91s%E2%80%9D+kalandom+%E2%80%93+egy%2C+a+%E2%80%9Edress+code-ra%E2%80%9D+nagyon+sokat+ad%C3%B3+p%C3%A9nz%C3%BCgyi+v%C3%A1llalat+magas+beoszt%C3%A1s%C3%BA+munkat%C3%A1rsa+volt.+Megbesz%C3%A9lt%C3%BCk%2C+hogy+a+munka+ut%C3%A1ni+nap+marad%C3%A9k%C3%A1t+egy%C3%BCtt+t%C3%B6ltj%C3%BCk%2C+ez%C3%A9rt+kifejezetten+%C3%B6r%C3%B6mszerz%C3%A9si+c%C3%A9llal+becsattogtam+az+elit+p%C3%A9nz%C3%BCgyi+c%C3%A9ghez+%C3%A9s+felvonultam+a+valamelyik+fels%C5%91bb+szinten+l%C3%A9v%C5%91+irod%C3%A1j%C3%A1ba.%3C%2Fspan%3E%3C%2Fp%3E%0D%0A%3Cp+style%3D%22text-align%3A+left%3B%22%3E%3Cspan+style%3D%22font-size%3A+12pt%3B%22%3ENem+igaz%C3%A1n+%C3%A9rtettem%2C+hogy+mi%C3%A9rt+b%C3%A1mul+dermedten+a+t%C3%A1bornoki+egyenruh%C3%A1ban+volt+port%C3%A1s%2C+mi%C3%A9rt+hallgatnak+el+a+Chanel+kiskoszt%C3%BCmben+l%C3%A9v%C5%91+ifjabb+%C3%A9s+id%C5%91sebb+h%C3%B6lgyek%2C+mi%C3%A9rt+tekintenek+r%C3%A1m+v%C3%A9rben+forg%C3%B3+szemmel+Gucci+%C3%B6lt%C3%B6ny%C3%B6kben+fesz%C3%ADt%C5%91+pasik.+%C3%89n+csak+csattogtam+az+emeletre%2C+hogy+elr%C3%A1ngathassam+a+munk%C3%A1b%C3%B3l+bar%C3%A1tomat.%3C%2Fspan%3E%3C%2Fp%3E%0D%0A%3Cp+style%3D%22text-align%3A+center%3B%22%3E%3Cimg+class%3D%22aligncenter+size-full+wp-image-11771%22+src%3D%22https%3A%2F%2Flongkft.hu%2Faudioblog%2Fwp-content%2Fuploads%2F2022%2F04%2FBrad-Pitt-3.jpg%22+alt%3D%22Brad+Pitt+3%22+width%3D%22800%22+height%3D%22300%22+%2F%3E%3C%2Fp%3E%0D%0A%3Cp+style%3D%22text-align%3A+left%3B%22%3E%3Cspan+style%3D%22font-size%3A+12pt%3B%22%3EPersze%2C+biztos%2C+ami+biztos%2C+v%C3%A9gign%C3%A9ztem+magamon%2C+mert+b%C3%A1rmi+is+megt%C3%B6rt%C3%A9nhetett%2C+de+nem+l%C3%A1ttam+semmi+kivetend%C5%91t%2C+semmi+felh%C3%A1bor%C3%ADt%C3%B3t+%E2%80%93+szand%C3%A1l%2C+r%C3%B6vidnadr%C3%A1g%2C+p%C3%B3l%C3%B3%2C+teh%C3%A1t+minden+rendben.%3C%2Fspan%3E%3C%2Fp%3E%0D%0A%3Cp+style%3D%22text-align%3A+left%3B%22%3E%3Cspan+style%3D%22font-size%3A+12pt%3B%22%3EFel%C3%A9rve%2C+hatalmas+lelkesed%C3%A9ssel+nyitottam+be+Y+irod%C3%A1j%C3%A1ba%2C+aki+megl%C3%A1tva+engem%2C+hosszasan+zih%C3%A1lva+pr%C3%B3b%C3%A1lt+leveg%C5%91h%C3%B6z+jutni%2C+egyszerre+v%C3%B6r%C3%B6s%C3%B6d%C3%B6tt+%C3%A9s+z%C3%B6ld%C3%BClt+%E2%80%93+persze%2C+mindezt%2C+csak+az+%C3%B6r%C3%B6mt%C5%91l%2C+legal%C3%A1bbis+erre+tippeltem.%3C%2Fspan%3E%3C%2Fp%3E%0D%0A%0D%0A%3Ch3+style%3D%22text-align%3A+left%3B%22%3E%3Cspan+style%3D%22font-size%3A+14pt%3B%22%3EMajd+egyszerre+t%C3%B6rt+ki+az+Etna%2C+a+Vez%C3%BAv+%C3%A9s+persze+a+Szamalasz.%3C%2Fspan%3E%3C%2Fh3%3E%0D%0A%3Cp+style%3D%22text-align%3A+left%3B%22%3E%3Cspan+style%3D%22font-size%3A+12pt%3B%22%3EHa+nem+lettek+volna+az+irodah%C3%A1z+ablakai+fixen+z%C3%A1rva%2C+akkor+az+ablakon+haj%C3%ADt+ki%2C+%C3%ADgy+csak+a+folyos%C3%B3n+%C3%A9s+a+l%C3%A9pcs%C5%91h%C3%A1zon+kereszt%C3%BCl+kergetett+ki+mindenf%C3%A9le+cifras%C3%A1got+a+fejemhez+v%C3%A1gva.+A+jelenetet+a+munkat%C3%A1rsak+%C3%BAgy+n%C3%A9zt%C3%A9k+%C3%A9s+hallgatt%C3%A1k+v%C3%A9gig+dermedten%2C+mintha+semmi+sem+t%C3%B6rt%C3%A9nt+volna+%E2%80%93+%E2%80%9Eelv%C3%A9gre+angolok+vagyunk%E2%80%9D+%E2%80%93%2C+de+%C3%BAgy+%C3%A9reztem%2C+hogy+a+felsz%C3%ADn+alatt+n%C3%A9h%C3%A1ny+%C3%A9rz%C5%91+n%C5%91i+sz%C3%ADv+megsajn%C3%A1lt.%3C%2Fspan%3E%3C%2Fp%3E%0D%0A%3Cp+style%3D%22text-align%3A+left%3B%22%3E%3Cspan+style%3D%22font-size%3A+12pt%3B%22%3EKidob%C3%B3dtam+teh%C3%A1t+az+irodah%C3%A1zb%C3%B3l%2C+de+m%C3%A1r+a+folyamat+alatt+azon+kezdtem+el+gondolkodni%2C+hogy+mik%C3%A9nt+is+fogom+ezt+visszafizetni.+S%C5%91t%2C+mire+ruh%C3%A1zatomat+%C3%A9s+lelkemet+az+%C3%A9p%C3%BClet+el%C5%91tt+rendbe+tettem%2C+m%C3%A1r+tudtam+is%2C+hogy+mit+teszek%E2%80%A6%3C%2Fspan%3E%3C%2Fp%3E%0D%0A%3Cp+style%3D%22text-align%3A+left%3B%22%3E%3Cspan+style%3D%22font-size%3A+12pt%3B%22%3EAznap+ugyan+m%C3%A1r+nem+tal%C3%A1lkoztunk%2C+de+m%C3%A1snapra+helyre%C3%A1llt+a+lelki+b%C3%A9ke%2C+%C3%A9s+bar%C3%A1tn%C5%91ivel+egy%C3%BCtt+t%C3%B6lt%C3%B6tt%C3%BCk+az+est%C3%A9t+valamelyik+vend%C3%A9gl%C3%A1t%C3%B3helyen+%E2%80%93+%C3%A9n+meg+magamban+r%C3%B6h%C3%B6gtem%2C+mert+a+tervet+nagyon+j%C3%B3nak+tal%C3%A1ltam.%3C%2Fspan%3E%3C%2Fp%3E%0D%0A%3Cp+style%3D%22text-align%3A+center%3B%22%3E%3Ca+href%3D%22https%3A%2F%2Flongkft.hu%2F%22+target%3D%22_blank%22+rel%3D%22noopener%22%3E%3Cimg+class%3D%22aligncenter+wp-image-11847%22+src%3D%22https%3A%2F%2Flongkft.hu%2Faudioblog%2Fwp-content%2Fuploads%2F2022%2F05%2F30-ev_2.jpg%22+alt%3D%22grafikus%22+width%3D%22600%22+height%3D%22401%22+%2F%3E%3C%2Fa%3E%3C%2Fp%3E%0D%0A%3Cp+style%3D%22text-align%3A+left%3B%22%3E%3Cspan+style%3D%22font-size%3A+12pt%3B%22%3EA+terv+h%C3%A1rom+alapinform%C3%A1ci%C3%B3ra+%C3%A9p%C3%BClt%3A+Y+hivatalosan+hajadon+volt+%28manaps%C3%A1g+m%C3%A1r+szinglinek+mondj%C3%A1k%29+rendszeresen+j%C3%A1rt+h%C3%A9tk%C3%B6znapokon+%28is%29+Budapestre%2C+valamint+kort%C3%A1rs+koll%C3%A9gan%C5%91i+k%C3%B6z%C3%BCl+t%C3%B6bben+terhesek+lettek+%28amit+nagyon+buta+kifejez%C3%A9snek+tartok%29%2C+%C3%A9s+persze+sz%C3%BCltek.%3C%2Fspan%3E%3C%2Fp%3E%0D%0A%3Cp+style%3D%22text-align%3A+left%3B%22%3E%3Cspan+style%3D%22font-size%3A+12pt%3B%22%3EA+Sch%C3%B6pf-Merei+%C3%81gost+K%C3%B3rh%C3%A1z+orsz%C3%A1gos+h%C3%ADr%C5%B1+sz%C3%BCl%C3%A9szeti+%C3%A9s+anyav%C3%A9delmi+k%C3%B6zpont%2C+ahol+k%C3%BCl%C3%B6nf%C3%A9le+praktik%C3%A1kkal+seg%C3%ADtik+a+megterm%C3%A9keny%C3%ADt%C3%A9st%2C+ak%C3%A1r+mesters%C3%A9ges+%C3%BAton+is+%E2%80%93+gondolom%2C+ebb%C5%91l+m%C3%A1r+sejtitek+a+t%C3%B6rt%C3%A9net+folytat%C3%A1s%C3%A1t.%3C%2Fspan%3E%3C%2Fp%3E%0D%0A%3Cp+style%3D%22text-align%3A+left%3B%22%3E%3Cspan+style%3D%22font-size%3A+12pt%3B%22%3ESzereztem+egy+fejl%C3%A9ces+pap%C3%ADrt+a+K%C3%B3rh%C3%A1zb%C3%B3l%2C+hivatalos+pecs%C3%A9ttel%2C+al%C3%A1%C3%ADr%C3%A1ssal+ell%C3%A1tottat+is+tal%C3%A1ltam%2C+%C3%ADgy+nekil%C3%A1ttam+egy+%E2%80%9Ehivatalos%E2%80%9D+k%C3%B3rh%C3%A1zi+%C3%A9rtes%C3%ADt%C3%A9st+mont%C3%ADrozni+%E2%80%93+legal%C3%A1bb+tudtam+valamire+haszn%C3%A1lni+grafikusi%2C+retus%C3%A1l%C3%A1si+ismereteimet.%3C%2Fspan%3E%3C%2Fp%3E%0D%0A%3Cp+style%3D%22text-align%3A+left%3B%22%3E%3Cspan+style%3D%22font-size%3A+12pt%3B%22%3EK%C3%A9sz%C3%ADtettem+egy+fejl%C3%A9ces%2C+pecs%C3%A9tes%2C+a+K%C3%B3rh%C3%A1z+egyik+f%C5%91orvosa+%C3%A1ltal+al%C3%A1%C3%ADrt+pap%C3%ADrt%2C+melyben+Y-t+arr%C3%B3l+%C3%A9rtes%C3%ADtett%C3%A9k%2C+hogy%3A%3C%2Fspan%3E%0D%0A%3Cspan+style%3D%22font-size%3A+12pt%3B%22%3EA+folyamatos+k%C3%B3rh%C3%A1zi+ell%C3%A1t%C3%A1s%2C+szervezet%C3%A9nek+hormon%C3%A1lis+felk%C3%A9sz%C3%ADt%C3%A9se%2C+%C3%A9s+a+sajnos+t%C3%B6bbsz%C3%B6ri+sikertelen+be%C3%BCltet%C3%A9s+ut%C3%A1n+v%C3%A9gre+sikert+%C3%A9rtek+el.+A+legutols%C3%B3+vizsg%C3%A1latok+alapj%C3%A1n+egy%C3%A9rtelm%C5%B1%2C+hogy+a+megterm%C3%A9keny%C3%ADtett+petesejt+megtapadt%2C+%C3%96n+v%C3%A1rand%C3%B3s.%3C%2Fspan%3E%3C%2Fp%3E%0D%0A%3Cp+style%3D%22text-align%3A+left%3B%22%3E%3Cspan+style%3D%22font-size%3A+12pt%3B%22%3ENagyon+sz%C3%A9p%2C+nagyon+hihet%C5%91+lett%2C+de+m%C3%A9g+biztosabb%C3%A1+t%C3%A9ve+a+dolgot%2C+bek%C3%B6ny%C3%B6r%C3%B6gtem+magamat+a+K%C3%B3rh%C3%A1z+egyik+irod%C3%A1j%C3%A1ba%2C+%C3%A9s+onnan+k%C3%BCldtem+el+faxon+a+levelet+%E2%80%93+teh%C3%A1t+az+%C3%A9rkez%C3%A9si+oldalon+az+inform%C3%A1ci%C3%B3s+mez%C5%91ben+a+Sch%C3%B6pf-Merei+%C3%81gost+K%C3%B3rh%C3%A1z+szerepelt%2C+mint+felad%C3%B3.%3C%2Fspan%3E%3C%2Fp%3E%0D%0A%0D%0A%3Ch3+style%3D%22text-align%3A+left%3B%22%3E%3Cspan+style%3D%22font-size%3A+14pt%3B%22%3E%E2%80%A6%C3%A9s+m%C3%A9g+csavartam+is+a+dolgon%2C+mert+nem+Y+k%C3%B6zvetlen+fax%C3%A1ra%2C+hanem+a+p%C3%A9nz%C3%BCgyi+c%C3%A9g+k%C3%B6zponti+fax%C3%A1ra+k%C3%BCldtem+a+levelet.%3C%2Fspan%3E%3C%2Fh3%3E%0D%0A%3Cp+style%3D%22text-align%3A+left%3B%22%3E%3Cspan+style%3D%22font-size%3A+12pt%3B%22%3E%C3%9Ct%C5%91s+kis+%E2%80%9Eellencsap%C3%A1s%E2%80%9D+lett%2C+aminek+eredm%C3%A9ny%C3%A9t+Y+szavainak+zanz%C3%A1s%C3%ADt%C3%A1s%C3%A1val+mondom+el.%3C%2Fspan%3E%3C%2Fp%3E%0D%0A%3Cp+style%3D%22text-align%3A+left%3B%22%3E%3Cspan+style%3D%22font-size%3A+12pt%3B%22%3E%E2%80%9ENem+tudtam%2C+hogy+mi%C3%A9rt%2C+de+az+egyik+pillanatr%C3%B3l+a+m%C3%A1sikra%2C+mindenki+sokkal+udvariasabb%2C+kedvesebb+lett%E2%80%A6+dermedten+konstat%C3%A1ltam%2C+hogy+kinyitj%C3%A1k+el%C5%91ttem+az+ajt%C3%B3t%2C+hoznak+sz%C3%A9ket%E2%80%A6+sose+k%C3%A9rdezt%C3%A9k%2C+most+viszont+percenk%C3%A9nt%2C+hogy+hogy+vagyok%E2%80%A6+mosolyogtak+r%C3%A1m%E2%80%A6+elhallgattak%2C+ha+oda%C3%A9rtem%2C+a+h%C3%A1tam+m%C3%B6g%C3%B6tt+meg+pusmogtak%E2%80%A6%E2%80%9D+stb.%3C%2Fspan%3E%3C%2Fp%3E%0D%0A%3Cp+style%3D%22text-align%3A+left%3B%22%3E%3Cspan+style%3D%22font-size%3A+12pt%3B%22%3EA+k%C3%B6zponti+faxra+%C3%A9rkezett+levelet+term%C3%A9szetesen+mindenki+olvasta%2C+de+Y-nak+senki+sem+merte+felvinni%2C+%C3%ADgy+rajta+k%C3%ADv%C3%BCl+az+eg%C3%A9sz+c%C3%A9g+tudta%2C+hogy+mesters%C3%A9ges+megterm%C3%A9keny%C3%ADt%C3%A9ssel+%22teherbe+esett%22.%3C%2Fspan%3E%3C%2Fp%3E%0D%0A%3Cp+style%3D%22text-align%3A+left%3B%22%3E%3Cspan+style%3D%22font-size%3A+12pt%3B%22%3EA+v%C3%A9g%C3%A9re+pedig+az+emberi+term%C3%A9szettel+kapcsolatban+egy+apr%C3%B3cska+inform%C3%A1ci%C3%B3%2C+amit+senki+sem+akart+meg%C3%A9rteni%2C+senki+sem+akart+%C3%A9rtelmezni%2C+mert+nem+illett+a+%E2%80%9Erendszerbe%22.%3C%2Fspan%3E%3C%2Fp%3E%0D%0A%3Cp+style%3D%22text-align%3A+center%3B%22%3E%3Cimg+class%3D%22aligncenter+size-full+wp-image-11770%22+src%3D%22https%3A%2F%2Flongkft.hu%2Faudioblog%2Fwp-content%2Fuploads%2F2022%2F04%2FBrad-Pitt-2.jpg%22+alt%3D%22Brad+Pitt%22+width%3D%22800%22+height%3D%22490%22+%2F%3E%3C%2Fp%3E%0D%0A%3Cp+style%3D%22text-align%3A+left%3B%22%3E%3Cspan+style%3D%22font-size%3A+12pt%3B%22%3E%E2%80%9EUi-k%C3%A9nt%E2%80%9D+azzal+z%C3%A1rtam+az+%C3%A9rtes%C3%ADt%C3%A9st%2C+hogy+a+genetikai+vizsg%C3%A1latok+alapj%C3%A1n+a+gyermek+legval%C3%B3sz%C3%ADn%C5%B1bb+apja+Brad+Pitt%2C+vagy+George+Clooney%E2%80%A6%3C%2Fspan%3E%3C%2Fp%3E&amp;source=Longaudio\"><\/a><a target=\"_blank\" class=\"gplusz\" title=\"\" rel=\"external\" href=\"https:\/\/plusone.google.com\/_\/+1\/confirm?url=https:\/\/longkft.hu\/audioblog\/long-a-grafikus-8-a-gyermek-apja-brad-pitt-vagy-george-clooney\/\"><\/a><a target=\"_blank\" rel=\"nofollow\" class=\"email\" href=\"mailto:?subject=Longaudio - Long a grafikus 8 \u2013 a gyermek apja Brad Pitt, vagy George Clooney&amp;body=Kedves Bar\u00e1tom! Most olvastam a(z) Long a grafikus 8 \u2013 a gyermek apja Brad Pitt, vagy George Clooney  c\u00edm\u0171 cikket a(z) Longaudio  oldalon. Hivatkoz\u00e1s:  https:\/\/longkft.hu\/audioblog\/long-a-grafikus-8-a-gyermek-apja-brad-pitt-vagy-george-clooney\/\" title=\"\"><\/a><a class=\"nyomtatas\" title=\"\" href=\"http:\/\/www.printfriendly.com\" onclick=\"window.print();return false;\"><\/a>","protected":false},"excerpt":{"rendered":"<p>English language can be selected in upper left corner (British flag).\u00a0 Minden azzal kezd\u0151d\u00f6tt, hogy igen komoly probl\u00e9m\u00e1im vannak a&#8230;<\/p>\n<span>Megosztom:<\/span><br><a target=\"_blank\" class=\"facebook\" title=\"\" rel=\"external\" href=\"https:\/\/www.facebook.com\/share.php?u=https:\/\/longkft.hu\/audioblog\/long-a-grafikus-8-a-gyermek-apja-brad-pitt-vagy-george-clooney\/&title=Long a grafikus 8 \u2013 a gyermek apja Brad Pitt, vagy George Clooney\"><\/a><a target=\"_blank\" class=\"linkedin\" title=\"\" rel=\"external\" href=\"http:\/\/www.linkedin.com\/shareArticle?mini=true&amp;url=https%3A%2F%2Flongkft.hu%2Faudioblog%2Flong-a-grafikus-8-a-gyermek-apja-brad-pitt-vagy-george-clooney%2F&amp;title=Long+a+grafikus+8+%E2%80%93+a+gyermek+apja+Brad+Pitt%2C+vagy+George+Clooney&amp;summary=%3Cp+style%3D%22text-align%3A+left%3B%22%3E%3Cspan+style%3D%22font-size%3A+12pt%3B%22%3E%3Cem%3EEnglish+language+can+be+selected+in+upper+left+corner+%28British+flag%29.%3C%2Fem%3E%C2%A0+Minden+azzal+kezd%C5%91d%C3%B6tt%2C+hogy+igen+komoly+probl%C3%A9m%C3%A1im+vannak+a+%E2%80%9Edress+code-dal%E2%80%9D.+Nincs+nyakkend%C5%91m+%E2%80%93+sosem+volt+%E2%80%93%2C+egyetlen+%C3%B6lt%C3%B6ny%C3%B6met+pedig+nagyon+hosszasan+kellene+keresg%C3%A9lnem+a+lak%C3%A1sban.+Vannak+c%C3%A9gek%2C+ahol+ezzel+nem+foglalkoznak%2C+%C3%A9s+vannak%2C+ahol+komolyan+veszik+%E2%80%93+s%C5%91t%2C+nagyon+komolyan.%3C%2Fspan%3E%3C%2Fp%3E%0D%0A%3Cp+style%3D%22text-align%3A+left%3B%22%3E%3Cspan+style%3D%22font-size%3A+12pt%3B%22%3EN%C5%91nem%C5%B1+bar%C3%A1tom+%E2%80%93+akivel%2C+%C3%A9s+akinek+t%C3%A1rsas%C3%A1g%C3%A1val+volt+n%C3%A9h%C3%A1ny+%E2%80%9Eunok%C3%A1knak+mes%C3%A9l%C5%91s%E2%80%9D+kalandom+%E2%80%93+egy%2C+a+%E2%80%9Edress+code-ra%E2%80%9D+nagyon+sokat+ad%C3%B3+p%C3%A9nz%C3%BCgyi+v%C3%A1llalat+magas+beoszt%C3%A1s%C3%BA+munkat%C3%A1rsa+volt.+Megbesz%C3%A9lt%C3%BCk%2C+hogy+a+munka+ut%C3%A1ni+nap+marad%C3%A9k%C3%A1t+egy%C3%BCtt+t%C3%B6ltj%C3%BCk%2C+ez%C3%A9rt+kifejezetten+%C3%B6r%C3%B6mszerz%C3%A9si+c%C3%A9llal+becsattogtam+az+elit+p%C3%A9nz%C3%BCgyi+c%C3%A9ghez+%C3%A9s+felvonultam+a+valamelyik+fels%C5%91bb+szinten+l%C3%A9v%C5%91+irod%C3%A1j%C3%A1ba.%3C%2Fspan%3E%3C%2Fp%3E%0D%0A%3Cp+style%3D%22text-align%3A+left%3B%22%3E%3Cspan+style%3D%22font-size%3A+12pt%3B%22%3ENem+igaz%C3%A1n+%C3%A9rtettem%2C+hogy+mi%C3%A9rt+b%C3%A1mul+dermedten+a+t%C3%A1bornoki+egyenruh%C3%A1ban+volt+port%C3%A1s%2C+mi%C3%A9rt+hallgatnak+el+a+Chanel+kiskoszt%C3%BCmben+l%C3%A9v%C5%91+ifjabb+%C3%A9s+id%C5%91sebb+h%C3%B6lgyek%2C+mi%C3%A9rt+tekintenek+r%C3%A1m+v%C3%A9rben+forg%C3%B3+szemmel+Gucci+%C3%B6lt%C3%B6ny%C3%B6kben+fesz%C3%ADt%C5%91+pasik.+%C3%89n+csak+csattogtam+az+emeletre%2C+hogy+elr%C3%A1ngathassam+a+munk%C3%A1b%C3%B3l+bar%C3%A1tomat.%3C%2Fspan%3E%3C%2Fp%3E%0D%0A%3Cp+style%3D%22text-align%3A+center%3B%22%3E%3Cimg+class%3D%22aligncenter+size-full+wp-image-11771%22+src%3D%22https%3A%2F%2Flongkft.hu%2Faudioblog%2Fwp-content%2Fuploads%2F2022%2F04%2FBrad-Pitt-3.jpg%22+alt%3D%22Brad+Pitt+3%22+width%3D%22800%22+height%3D%22300%22+%2F%3E%3C%2Fp%3E%0D%0A%3Cp+style%3D%22text-align%3A+left%3B%22%3E%3Cspan+style%3D%22font-size%3A+12pt%3B%22%3EPersze%2C+biztos%2C+ami+biztos%2C+v%C3%A9gign%C3%A9ztem+magamon%2C+mert+b%C3%A1rmi+is+megt%C3%B6rt%C3%A9nhetett%2C+de+nem+l%C3%A1ttam+semmi+kivetend%C5%91t%2C+semmi+felh%C3%A1bor%C3%ADt%C3%B3t+%E2%80%93+szand%C3%A1l%2C+r%C3%B6vidnadr%C3%A1g%2C+p%C3%B3l%C3%B3%2C+teh%C3%A1t+minden+rendben.%3C%2Fspan%3E%3C%2Fp%3E%0D%0A%3Cp+style%3D%22text-align%3A+left%3B%22%3E%3Cspan+style%3D%22font-size%3A+12pt%3B%22%3EFel%C3%A9rve%2C+hatalmas+lelkesed%C3%A9ssel+nyitottam+be+Y+irod%C3%A1j%C3%A1ba%2C+aki+megl%C3%A1tva+engem%2C+hosszasan+zih%C3%A1lva+pr%C3%B3b%C3%A1lt+leveg%C5%91h%C3%B6z+jutni%2C+egyszerre+v%C3%B6r%C3%B6s%C3%B6d%C3%B6tt+%C3%A9s+z%C3%B6ld%C3%BClt+%E2%80%93+persze%2C+mindezt%2C+csak+az+%C3%B6r%C3%B6mt%C5%91l%2C+legal%C3%A1bbis+erre+tippeltem.%3C%2Fspan%3E%3C%2Fp%3E%0D%0A%0D%0A%3Ch3+style%3D%22text-align%3A+left%3B%22%3E%3Cspan+style%3D%22font-size%3A+14pt%3B%22%3EMajd+egyszerre+t%C3%B6rt+ki+az+Etna%2C+a+Vez%C3%BAv+%C3%A9s+persze+a+Szamalasz.%3C%2Fspan%3E%3C%2Fh3%3E%0D%0A%3Cp+style%3D%22text-align%3A+left%3B%22%3E%3Cspan+style%3D%22font-size%3A+12pt%3B%22%3EHa+nem+lettek+volna+az+irodah%C3%A1z+ablakai+fixen+z%C3%A1rva%2C+akkor+az+ablakon+haj%C3%ADt+ki%2C+%C3%ADgy+csak+a+folyos%C3%B3n+%C3%A9s+a+l%C3%A9pcs%C5%91h%C3%A1zon+kereszt%C3%BCl+kergetett+ki+mindenf%C3%A9le+cifras%C3%A1got+a+fejemhez+v%C3%A1gva.+A+jelenetet+a+munkat%C3%A1rsak+%C3%BAgy+n%C3%A9zt%C3%A9k+%C3%A9s+hallgatt%C3%A1k+v%C3%A9gig+dermedten%2C+mintha+semmi+sem+t%C3%B6rt%C3%A9nt+volna+%E2%80%93+%E2%80%9Eelv%C3%A9gre+angolok+vagyunk%E2%80%9D+%E2%80%93%2C+de+%C3%BAgy+%C3%A9reztem%2C+hogy+a+felsz%C3%ADn+alatt+n%C3%A9h%C3%A1ny+%C3%A9rz%C5%91+n%C5%91i+sz%C3%ADv+megsajn%C3%A1lt.%3C%2Fspan%3E%3C%2Fp%3E%0D%0A%3Cp+style%3D%22text-align%3A+left%3B%22%3E%3Cspan+style%3D%22font-size%3A+12pt%3B%22%3EKidob%C3%B3dtam+teh%C3%A1t+az+irodah%C3%A1zb%C3%B3l%2C+de+m%C3%A1r+a+folyamat+alatt+azon+kezdtem+el+gondolkodni%2C+hogy+mik%C3%A9nt+is+fogom+ezt+visszafizetni.+S%C5%91t%2C+mire+ruh%C3%A1zatomat+%C3%A9s+lelkemet+az+%C3%A9p%C3%BClet+el%C5%91tt+rendbe+tettem%2C+m%C3%A1r+tudtam+is%2C+hogy+mit+teszek%E2%80%A6%3C%2Fspan%3E%3C%2Fp%3E%0D%0A%3Cp+style%3D%22text-align%3A+left%3B%22%3E%3Cspan+style%3D%22font-size%3A+12pt%3B%22%3EAznap+ugyan+m%C3%A1r+nem+tal%C3%A1lkoztunk%2C+de+m%C3%A1snapra+helyre%C3%A1llt+a+lelki+b%C3%A9ke%2C+%C3%A9s+bar%C3%A1tn%C5%91ivel+egy%C3%BCtt+t%C3%B6lt%C3%B6tt%C3%BCk+az+est%C3%A9t+valamelyik+vend%C3%A9gl%C3%A1t%C3%B3helyen+%E2%80%93+%C3%A9n+meg+magamban+r%C3%B6h%C3%B6gtem%2C+mert+a+tervet+nagyon+j%C3%B3nak+tal%C3%A1ltam.%3C%2Fspan%3E%3C%2Fp%3E%0D%0A%3Cp+style%3D%22text-align%3A+center%3B%22%3E%3Ca+href%3D%22https%3A%2F%2Flongkft.hu%2F%22+target%3D%22_blank%22+rel%3D%22noopener%22%3E%3Cimg+class%3D%22aligncenter+wp-image-11847%22+src%3D%22https%3A%2F%2Flongkft.hu%2Faudioblog%2Fwp-content%2Fuploads%2F2022%2F05%2F30-ev_2.jpg%22+alt%3D%22grafikus%22+width%3D%22600%22+height%3D%22401%22+%2F%3E%3C%2Fa%3E%3C%2Fp%3E%0D%0A%3Cp+style%3D%22text-align%3A+left%3B%22%3E%3Cspan+style%3D%22font-size%3A+12pt%3B%22%3EA+terv+h%C3%A1rom+alapinform%C3%A1ci%C3%B3ra+%C3%A9p%C3%BClt%3A+Y+hivatalosan+hajadon+volt+%28manaps%C3%A1g+m%C3%A1r+szinglinek+mondj%C3%A1k%29+rendszeresen+j%C3%A1rt+h%C3%A9tk%C3%B6znapokon+%28is%29+Budapestre%2C+valamint+kort%C3%A1rs+koll%C3%A9gan%C5%91i+k%C3%B6z%C3%BCl+t%C3%B6bben+terhesek+lettek+%28amit+nagyon+buta+kifejez%C3%A9snek+tartok%29%2C+%C3%A9s+persze+sz%C3%BCltek.%3C%2Fspan%3E%3C%2Fp%3E%0D%0A%3Cp+style%3D%22text-align%3A+left%3B%22%3E%3Cspan+style%3D%22font-size%3A+12pt%3B%22%3EA+Sch%C3%B6pf-Merei+%C3%81gost+K%C3%B3rh%C3%A1z+orsz%C3%A1gos+h%C3%ADr%C5%B1+sz%C3%BCl%C3%A9szeti+%C3%A9s+anyav%C3%A9delmi+k%C3%B6zpont%2C+ahol+k%C3%BCl%C3%B6nf%C3%A9le+praktik%C3%A1kkal+seg%C3%ADtik+a+megterm%C3%A9keny%C3%ADt%C3%A9st%2C+ak%C3%A1r+mesters%C3%A9ges+%C3%BAton+is+%E2%80%93+gondolom%2C+ebb%C5%91l+m%C3%A1r+sejtitek+a+t%C3%B6rt%C3%A9net+folytat%C3%A1s%C3%A1t.%3C%2Fspan%3E%3C%2Fp%3E%0D%0A%3Cp+style%3D%22text-align%3A+left%3B%22%3E%3Cspan+style%3D%22font-size%3A+12pt%3B%22%3ESzereztem+egy+fejl%C3%A9ces+pap%C3%ADrt+a+K%C3%B3rh%C3%A1zb%C3%B3l%2C+hivatalos+pecs%C3%A9ttel%2C+al%C3%A1%C3%ADr%C3%A1ssal+ell%C3%A1tottat+is+tal%C3%A1ltam%2C+%C3%ADgy+nekil%C3%A1ttam+egy+%E2%80%9Ehivatalos%E2%80%9D+k%C3%B3rh%C3%A1zi+%C3%A9rtes%C3%ADt%C3%A9st+mont%C3%ADrozni+%E2%80%93+legal%C3%A1bb+tudtam+valamire+haszn%C3%A1lni+grafikusi%2C+retus%C3%A1l%C3%A1si+ismereteimet.%3C%2Fspan%3E%3C%2Fp%3E%0D%0A%3Cp+style%3D%22text-align%3A+left%3B%22%3E%3Cspan+style%3D%22font-size%3A+12pt%3B%22%3EK%C3%A9sz%C3%ADtettem+egy+fejl%C3%A9ces%2C+pecs%C3%A9tes%2C+a+K%C3%B3rh%C3%A1z+egyik+f%C5%91orvosa+%C3%A1ltal+al%C3%A1%C3%ADrt+pap%C3%ADrt%2C+melyben+Y-t+arr%C3%B3l+%C3%A9rtes%C3%ADtett%C3%A9k%2C+hogy%3A%3C%2Fspan%3E%0D%0A%3Cspan+style%3D%22font-size%3A+12pt%3B%22%3EA+folyamatos+k%C3%B3rh%C3%A1zi+ell%C3%A1t%C3%A1s%2C+szervezet%C3%A9nek+hormon%C3%A1lis+felk%C3%A9sz%C3%ADt%C3%A9se%2C+%C3%A9s+a+sajnos+t%C3%B6bbsz%C3%B6ri+sikertelen+be%C3%BCltet%C3%A9s+ut%C3%A1n+v%C3%A9gre+sikert+%C3%A9rtek+el.+A+legutols%C3%B3+vizsg%C3%A1latok+alapj%C3%A1n+egy%C3%A9rtelm%C5%B1%2C+hogy+a+megterm%C3%A9keny%C3%ADtett+petesejt+megtapadt%2C+%C3%96n+v%C3%A1rand%C3%B3s.%3C%2Fspan%3E%3C%2Fp%3E%0D%0A%3Cp+style%3D%22text-align%3A+left%3B%22%3E%3Cspan+style%3D%22font-size%3A+12pt%3B%22%3ENagyon+sz%C3%A9p%2C+nagyon+hihet%C5%91+lett%2C+de+m%C3%A9g+biztosabb%C3%A1+t%C3%A9ve+a+dolgot%2C+bek%C3%B6ny%C3%B6r%C3%B6gtem+magamat+a+K%C3%B3rh%C3%A1z+egyik+irod%C3%A1j%C3%A1ba%2C+%C3%A9s+onnan+k%C3%BCldtem+el+faxon+a+levelet+%E2%80%93+teh%C3%A1t+az+%C3%A9rkez%C3%A9si+oldalon+az+inform%C3%A1ci%C3%B3s+mez%C5%91ben+a+Sch%C3%B6pf-Merei+%C3%81gost+K%C3%B3rh%C3%A1z+szerepelt%2C+mint+felad%C3%B3.%3C%2Fspan%3E%3C%2Fp%3E%0D%0A%0D%0A%3Ch3+style%3D%22text-align%3A+left%3B%22%3E%3Cspan+style%3D%22font-size%3A+14pt%3B%22%3E%E2%80%A6%C3%A9s+m%C3%A9g+csavartam+is+a+dolgon%2C+mert+nem+Y+k%C3%B6zvetlen+fax%C3%A1ra%2C+hanem+a+p%C3%A9nz%C3%BCgyi+c%C3%A9g+k%C3%B6zponti+fax%C3%A1ra+k%C3%BCldtem+a+levelet.%3C%2Fspan%3E%3C%2Fh3%3E%0D%0A%3Cp+style%3D%22text-align%3A+left%3B%22%3E%3Cspan+style%3D%22font-size%3A+12pt%3B%22%3E%C3%9Ct%C5%91s+kis+%E2%80%9Eellencsap%C3%A1s%E2%80%9D+lett%2C+aminek+eredm%C3%A9ny%C3%A9t+Y+szavainak+zanz%C3%A1s%C3%ADt%C3%A1s%C3%A1val+mondom+el.%3C%2Fspan%3E%3C%2Fp%3E%0D%0A%3Cp+style%3D%22text-align%3A+left%3B%22%3E%3Cspan+style%3D%22font-size%3A+12pt%3B%22%3E%E2%80%9ENem+tudtam%2C+hogy+mi%C3%A9rt%2C+de+az+egyik+pillanatr%C3%B3l+a+m%C3%A1sikra%2C+mindenki+sokkal+udvariasabb%2C+kedvesebb+lett%E2%80%A6+dermedten+konstat%C3%A1ltam%2C+hogy+kinyitj%C3%A1k+el%C5%91ttem+az+ajt%C3%B3t%2C+hoznak+sz%C3%A9ket%E2%80%A6+sose+k%C3%A9rdezt%C3%A9k%2C+most+viszont+percenk%C3%A9nt%2C+hogy+hogy+vagyok%E2%80%A6+mosolyogtak+r%C3%A1m%E2%80%A6+elhallgattak%2C+ha+oda%C3%A9rtem%2C+a+h%C3%A1tam+m%C3%B6g%C3%B6tt+meg+pusmogtak%E2%80%A6%E2%80%9D+stb.%3C%2Fspan%3E%3C%2Fp%3E%0D%0A%3Cp+style%3D%22text-align%3A+left%3B%22%3E%3Cspan+style%3D%22font-size%3A+12pt%3B%22%3EA+k%C3%B6zponti+faxra+%C3%A9rkezett+levelet+term%C3%A9szetesen+mindenki+olvasta%2C+de+Y-nak+senki+sem+merte+felvinni%2C+%C3%ADgy+rajta+k%C3%ADv%C3%BCl+az+eg%C3%A9sz+c%C3%A9g+tudta%2C+hogy+mesters%C3%A9ges+megterm%C3%A9keny%C3%ADt%C3%A9ssel+%22teherbe+esett%22.%3C%2Fspan%3E%3C%2Fp%3E%0D%0A%3Cp+style%3D%22text-align%3A+left%3B%22%3E%3Cspan+style%3D%22font-size%3A+12pt%3B%22%3EA+v%C3%A9g%C3%A9re+pedig+az+emberi+term%C3%A9szettel+kapcsolatban+egy+apr%C3%B3cska+inform%C3%A1ci%C3%B3%2C+amit+senki+sem+akart+meg%C3%A9rteni%2C+senki+sem+akart+%C3%A9rtelmezni%2C+mert+nem+illett+a+%E2%80%9Erendszerbe%22.%3C%2Fspan%3E%3C%2Fp%3E%0D%0A%3Cp+style%3D%22text-align%3A+center%3B%22%3E%3Cimg+class%3D%22aligncenter+size-full+wp-image-11770%22+src%3D%22https%3A%2F%2Flongkft.hu%2Faudioblog%2Fwp-content%2Fuploads%2F2022%2F04%2FBrad-Pitt-2.jpg%22+alt%3D%22Brad+Pitt%22+width%3D%22800%22+height%3D%22490%22+%2F%3E%3C%2Fp%3E%0D%0A%3Cp+style%3D%22text-align%3A+left%3B%22%3E%3Cspan+style%3D%22font-size%3A+12pt%3B%22%3E%E2%80%9EUi-k%C3%A9nt%E2%80%9D+azzal+z%C3%A1rtam+az+%C3%A9rtes%C3%ADt%C3%A9st%2C+hogy+a+genetikai+vizsg%C3%A1latok+alapj%C3%A1n+a+gyermek+legval%C3%B3sz%C3%ADn%C5%B1bb+apja+Brad+Pitt%2C+vagy+George+Clooney%E2%80%A6%3C%2Fspan%3E%3C%2Fp%3E&amp;source=Longaudio\"><\/a><a target=\"_blank\" class=\"gplusz\" title=\"\" rel=\"external\" href=\"https:\/\/plusone.google.com\/_\/+1\/confirm?url=https:\/\/longkft.hu\/audioblog\/long-a-grafikus-8-a-gyermek-apja-brad-pitt-vagy-george-clooney\/\"><\/a><a target=\"_blank\" rel=\"nofollow\" class=\"email\" href=\"mailto:?subject=Longaudio - Long a grafikus 8 \u2013 a gyermek apja Brad Pitt, vagy George Clooney&amp;body=Kedves Bar\u00e1tom! Most olvastam a(z) Long a grafikus 8 \u2013 a gyermek apja Brad Pitt, vagy George Clooney  c\u00edm\u0171 cikket a(z) Longaudio  oldalon. Hivatkoz\u00e1s:  https:\/\/longkft.hu\/audioblog\/long-a-grafikus-8-a-gyermek-apja-brad-pitt-vagy-george-clooney\/\" title=\"\"><\/a><a class=\"nyomtatas\" title=\"\" href=\"http:\/\/www.printfriendly.com\" onclick=\"window.print();return false;\"><\/a>","protected":false},"author":2,"featured_media":11769,"comment_status":"open","ping_status":"closed","sticky":false,"template":"","format":"standard","meta":{"footnotes":""},"categories":[1],"tags":[94],"class_list":["post-11768","post","type-post","status-publish","format-standard","has-post-thumbnail","hentry","category-egyeb","tag-long-a-grafikus"],"yoast_head":"<!-- This site is optimized with the Yoast SEO plugin v27.5 - https:\/\/yoast.com\/product\/yoast-seo-wordpress\/ -->\n<title>Long a grafikus 8 \u2013 a gyermek apja Brad Pitt, vagy George Clooney - Longaudio<\/title>\n<meta name=\"description\" content=\"...\u00e9s a l\u00e9nyeg, a genetikai vizsg\u00e1latok alapj\u00e1n a gyermek legval\u00f3sz\u00edn\u0171bb apja Brad Pitt, vagy George Clooney\u2026\" \/>\n<meta name=\"robots\" content=\"index, follow, max-snippet:-1, max-image-preview:large, max-video-preview:-1\" \/>\n<link rel=\"canonical\" href=\"https:\/\/longkft.hu\/audioblog\/long-a-grafikus-8-a-gyermek-apja-brad-pitt-vagy-george-clooney\/\" \/>\n<meta property=\"og:locale\" content=\"hu_HU\" \/>\n<meta property=\"og:type\" content=\"article\" \/>\n<meta property=\"og:title\" content=\"Long a grafikus 8 \u2013 a gyermek apja Brad Pitt, vagy George Clooney - Longaudio\" \/>\n<meta property=\"og:description\" content=\"...\u00e9s a l\u00e9nyeg, a genetikai vizsg\u00e1latok alapj\u00e1n a gyermek legval\u00f3sz\u00edn\u0171bb apja Brad Pitt, vagy George Clooney\u2026\" \/>\n<meta property=\"og:url\" content=\"https:\/\/longkft.hu\/audioblog\/long-a-grafikus-8-a-gyermek-apja-brad-pitt-vagy-george-clooney\/\" \/>\n<meta property=\"og:site_name\" content=\"Longaudio\" \/>\n<meta property=\"article:publisher\" content=\"https:\/\/www.facebook.com\/longkft\" \/>\n<meta property=\"article:author\" content=\"https:\/\/www.facebook.com\/longkft\" \/>\n<meta property=\"article:published_time\" content=\"2022-04-07T09:46:50+00:00\" \/>\n<meta property=\"article:modified_time\" content=\"2023-06-14T13:00:35+00:00\" \/>\n<meta property=\"og:image\" content=\"https:\/\/longkft.hu\/audioblog\/wp-content\/uploads\/2022\/04\/Brad-Pitt-1.jpg\" \/>\n\t<meta property=\"og:image:width\" content=\"1000\" \/>\n\t<meta property=\"og:image:height\" content=\"553\" \/>\n\t<meta property=\"og:image:type\" content=\"image\/jpeg\" \/>\n<meta name=\"author\" content=\"Long\" \/>\n<meta name=\"twitter:card\" content=\"summary_large_image\" \/>\n<meta name=\"twitter:label1\" content=\"Szerz\u0151:\" \/>\n\t<meta name=\"twitter:data1\" content=\"Long\" \/>\n\t<meta name=\"twitter:label2\" content=\"Becs\u00fclt olvas\u00e1si id\u0151\" \/>\n\t<meta name=\"twitter:data2\" content=\"5 perc\" \/>\n<script type=\"application\/ld+json\" class=\"yoast-schema-graph\">{\"@context\":\"https:\\\/\\\/schema.org\",\"@graph\":[{\"@type\":\"Article\",\"@id\":\"https:\\\/\\\/longkft.hu\\\/audioblog\\\/long-a-grafikus-8-a-gyermek-apja-brad-pitt-vagy-george-clooney\\\/#article\",\"isPartOf\":{\"@id\":\"https:\\\/\\\/longkft.hu\\\/audioblog\\\/long-a-grafikus-8-a-gyermek-apja-brad-pitt-vagy-george-clooney\\\/\"},\"author\":{\"name\":\"Long\",\"@id\":\"https:\\\/\\\/longkft.hu\\\/audioblog\\\/#\\\/schema\\\/person\\\/645cabad2d8e942354ed2caeef3aa9ea\"},\"headline\":\"Long a grafikus 8 \u2013 a gyermek apja Brad Pitt, vagy George Clooney\",\"datePublished\":\"2022-04-07T09:46:50+00:00\",\"dateModified\":\"2023-06-14T13:00:35+00:00\",\"mainEntityOfPage\":{\"@id\":\"https:\\\/\\\/longkft.hu\\\/audioblog\\\/long-a-grafikus-8-a-gyermek-apja-brad-pitt-vagy-george-clooney\\\/\"},\"wordCount\":982,\"commentCount\":0,\"publisher\":{\"@id\":\"https:\\\/\\\/longkft.hu\\\/audioblog\\\/#\\\/schema\\\/person\\\/645cabad2d8e942354ed2caeef3aa9ea\"},\"image\":{\"@id\":\"https:\\\/\\\/longkft.hu\\\/audioblog\\\/long-a-grafikus-8-a-gyermek-apja-brad-pitt-vagy-george-clooney\\\/#primaryimage\"},\"thumbnailUrl\":\"https:\\\/\\\/longkft.hu\\\/audioblog\\\/wp-content\\\/uploads\\\/2022\\\/04\\\/Brad-Pitt-1.jpg\",\"keywords\":[\"Long a grafikus\"],\"inLanguage\":\"hu\",\"potentialAction\":[{\"@type\":\"CommentAction\",\"name\":\"Comment\",\"target\":[\"https:\\\/\\\/longkft.hu\\\/audioblog\\\/long-a-grafikus-8-a-gyermek-apja-brad-pitt-vagy-george-clooney\\\/#respond\"]}]},{\"@type\":\"WebPage\",\"@id\":\"https:\\\/\\\/longkft.hu\\\/audioblog\\\/long-a-grafikus-8-a-gyermek-apja-brad-pitt-vagy-george-clooney\\\/\",\"url\":\"https:\\\/\\\/longkft.hu\\\/audioblog\\\/long-a-grafikus-8-a-gyermek-apja-brad-pitt-vagy-george-clooney\\\/\",\"name\":\"Long a grafikus 8 \u2013 a gyermek apja Brad Pitt, vagy George Clooney - Longaudio\",\"isPartOf\":{\"@id\":\"https:\\\/\\\/longkft.hu\\\/audioblog\\\/#website\"},\"primaryImageOfPage\":{\"@id\":\"https:\\\/\\\/longkft.hu\\\/audioblog\\\/long-a-grafikus-8-a-gyermek-apja-brad-pitt-vagy-george-clooney\\\/#primaryimage\"},\"image\":{\"@id\":\"https:\\\/\\\/longkft.hu\\\/audioblog\\\/long-a-grafikus-8-a-gyermek-apja-brad-pitt-vagy-george-clooney\\\/#primaryimage\"},\"thumbnailUrl\":\"https:\\\/\\\/longkft.hu\\\/audioblog\\\/wp-content\\\/uploads\\\/2022\\\/04\\\/Brad-Pitt-1.jpg\",\"datePublished\":\"2022-04-07T09:46:50+00:00\",\"dateModified\":\"2023-06-14T13:00:35+00:00\",\"description\":\"...\u00e9s a l\u00e9nyeg, a genetikai vizsg\u00e1latok alapj\u00e1n a gyermek legval\u00f3sz\u00edn\u0171bb apja Brad Pitt, vagy George Clooney\u2026\",\"breadcrumb\":{\"@id\":\"https:\\\/\\\/longkft.hu\\\/audioblog\\\/long-a-grafikus-8-a-gyermek-apja-brad-pitt-vagy-george-clooney\\\/#breadcrumb\"},\"inLanguage\":\"hu\",\"potentialAction\":[{\"@type\":\"ReadAction\",\"target\":[\"https:\\\/\\\/longkft.hu\\\/audioblog\\\/long-a-grafikus-8-a-gyermek-apja-brad-pitt-vagy-george-clooney\\\/\"]}]},{\"@type\":\"ImageObject\",\"inLanguage\":\"hu\",\"@id\":\"https:\\\/\\\/longkft.hu\\\/audioblog\\\/long-a-grafikus-8-a-gyermek-apja-brad-pitt-vagy-george-clooney\\\/#primaryimage\",\"url\":\"https:\\\/\\\/longkft.hu\\\/audioblog\\\/wp-content\\\/uploads\\\/2022\\\/04\\\/Brad-Pitt-1.jpg\",\"contentUrl\":\"https:\\\/\\\/longkft.hu\\\/audioblog\\\/wp-content\\\/uploads\\\/2022\\\/04\\\/Brad-Pitt-1.jpg\",\"width\":1000,\"height\":553,\"caption\":\"Brad Pitt 1\"},{\"@type\":\"BreadcrumbList\",\"@id\":\"https:\\\/\\\/longkft.hu\\\/audioblog\\\/long-a-grafikus-8-a-gyermek-apja-brad-pitt-vagy-george-clooney\\\/#breadcrumb\",\"itemListElement\":[{\"@type\":\"ListItem\",\"position\":1,\"name\":\"Kezd\u0151oldal\",\"item\":\"https:\\\/\\\/longkft.hu\\\/audioblog\\\/\"},{\"@type\":\"ListItem\",\"position\":2,\"name\":\"Long a grafikus 8 \u2013 a gyermek apja Brad Pitt, vagy George Clooney\"}]},{\"@type\":\"WebSite\",\"@id\":\"https:\\\/\\\/longkft.hu\\\/audioblog\\\/#website\",\"url\":\"https:\\\/\\\/longkft.hu\\\/audioblog\\\/\",\"name\":\"Longaudio\",\"description\":\"50 \u00e9v lemezgy\u0171jtem\u00e9nye \u00e9s audio k\u00e9sz\u00fcl\u00e9kei\",\"publisher\":{\"@id\":\"https:\\\/\\\/longkft.hu\\\/audioblog\\\/#\\\/schema\\\/person\\\/645cabad2d8e942354ed2caeef3aa9ea\"},\"potentialAction\":[{\"@type\":\"SearchAction\",\"target\":{\"@type\":\"EntryPoint\",\"urlTemplate\":\"https:\\\/\\\/longkft.hu\\\/audioblog\\\/?s={search_term_string}\"},\"query-input\":{\"@type\":\"PropertyValueSpecification\",\"valueRequired\":true,\"valueName\":\"search_term_string\"}}],\"inLanguage\":\"hu\"},{\"@type\":[\"Person\",\"Organization\"],\"@id\":\"https:\\\/\\\/longkft.hu\\\/audioblog\\\/#\\\/schema\\\/person\\\/645cabad2d8e942354ed2caeef3aa9ea\",\"name\":\"Long\",\"image\":{\"@type\":\"ImageObject\",\"inLanguage\":\"hu\",\"@id\":\"https:\\\/\\\/longkft.hu\\\/audioblog\\\/wp-content\\\/uploads\\\/2018\\\/01\\\/logo.jpg\",\"url\":\"https:\\\/\\\/longkft.hu\\\/audioblog\\\/wp-content\\\/uploads\\\/2018\\\/01\\\/logo.jpg\",\"contentUrl\":\"https:\\\/\\\/longkft.hu\\\/audioblog\\\/wp-content\\\/uploads\\\/2018\\\/01\\\/logo.jpg\",\"width\":240,\"height\":240,\"caption\":\"Long\"},\"logo\":{\"@id\":\"https:\\\/\\\/longkft.hu\\\/audioblog\\\/wp-content\\\/uploads\\\/2018\\\/01\\\/logo.jpg\"},\"sameAs\":[\"https:\\\/\\\/www.facebook.com\\\/longkft\",\"https:\\\/\\\/hu.pinterest.com\\\/farkas1051\\\/_saved\\\/\"],\"url\":\"https:\\\/\\\/longkft.hu\\\/audioblog\\\/author\\\/audioblogger\\\/\"}]}<\/script>\n<!-- \/ Yoast SEO plugin. -->","yoast_head_json":{"title":"Long a grafikus 8 \u2013 a gyermek apja Brad Pitt, vagy George Clooney - Longaudio","description":"...\u00e9s a l\u00e9nyeg, a genetikai vizsg\u00e1latok alapj\u00e1n a gyermek legval\u00f3sz\u00edn\u0171bb apja Brad Pitt, vagy George Clooney\u2026","robots":{"index":"index","follow":"follow","max-snippet":"max-snippet:-1","max-image-preview":"max-image-preview:large","max-video-preview":"max-video-preview:-1"},"canonical":"https:\/\/longkft.hu\/audioblog\/long-a-grafikus-8-a-gyermek-apja-brad-pitt-vagy-george-clooney\/","og_locale":"hu_HU","og_type":"article","og_title":"Long a grafikus 8 \u2013 a gyermek apja Brad Pitt, vagy George Clooney - Longaudio","og_description":"...\u00e9s a l\u00e9nyeg, a genetikai vizsg\u00e1latok alapj\u00e1n a gyermek legval\u00f3sz\u00edn\u0171bb apja Brad Pitt, vagy George Clooney\u2026","og_url":"https:\/\/longkft.hu\/audioblog\/long-a-grafikus-8-a-gyermek-apja-brad-pitt-vagy-george-clooney\/","og_site_name":"Longaudio","article_publisher":"https:\/\/www.facebook.com\/longkft","article_author":"https:\/\/www.facebook.com\/longkft","article_published_time":"2022-04-07T09:46:50+00:00","article_modified_time":"2023-06-14T13:00:35+00:00","og_image":[{"width":1000,"height":553,"url":"https:\/\/longkft.hu\/audioblog\/wp-content\/uploads\/2022\/04\/Brad-Pitt-1.jpg","type":"image\/jpeg"}],"author":"Long","twitter_card":"summary_large_image","twitter_misc":{"Szerz\u0151:":"Long","Becs\u00fclt olvas\u00e1si id\u0151":"5 perc"},"schema":{"@context":"https:\/\/schema.org","@graph":[{"@type":"Article","@id":"https:\/\/longkft.hu\/audioblog\/long-a-grafikus-8-a-gyermek-apja-brad-pitt-vagy-george-clooney\/#article","isPartOf":{"@id":"https:\/\/longkft.hu\/audioblog\/long-a-grafikus-8-a-gyermek-apja-brad-pitt-vagy-george-clooney\/"},"author":{"name":"Long","@id":"https:\/\/longkft.hu\/audioblog\/#\/schema\/person\/645cabad2d8e942354ed2caeef3aa9ea"},"headline":"Long a grafikus 8 \u2013 a gyermek apja Brad Pitt, vagy George Clooney","datePublished":"2022-04-07T09:46:50+00:00","dateModified":"2023-06-14T13:00:35+00:00","mainEntityOfPage":{"@id":"https:\/\/longkft.hu\/audioblog\/long-a-grafikus-8-a-gyermek-apja-brad-pitt-vagy-george-clooney\/"},"wordCount":982,"commentCount":0,"publisher":{"@id":"https:\/\/longkft.hu\/audioblog\/#\/schema\/person\/645cabad2d8e942354ed2caeef3aa9ea"},"image":{"@id":"https:\/\/longkft.hu\/audioblog\/long-a-grafikus-8-a-gyermek-apja-brad-pitt-vagy-george-clooney\/#primaryimage"},"thumbnailUrl":"https:\/\/longkft.hu\/audioblog\/wp-content\/uploads\/2022\/04\/Brad-Pitt-1.jpg","keywords":["Long a grafikus"],"inLanguage":"hu","potentialAction":[{"@type":"CommentAction","name":"Comment","target":["https:\/\/longkft.hu\/audioblog\/long-a-grafikus-8-a-gyermek-apja-brad-pitt-vagy-george-clooney\/#respond"]}]},{"@type":"WebPage","@id":"https:\/\/longkft.hu\/audioblog\/long-a-grafikus-8-a-gyermek-apja-brad-pitt-vagy-george-clooney\/","url":"https:\/\/longkft.hu\/audioblog\/long-a-grafikus-8-a-gyermek-apja-brad-pitt-vagy-george-clooney\/","name":"Long a grafikus 8 \u2013 a gyermek apja Brad Pitt, vagy George Clooney - Longaudio","isPartOf":{"@id":"https:\/\/longkft.hu\/audioblog\/#website"},"primaryImageOfPage":{"@id":"https:\/\/longkft.hu\/audioblog\/long-a-grafikus-8-a-gyermek-apja-brad-pitt-vagy-george-clooney\/#primaryimage"},"image":{"@id":"https:\/\/longkft.hu\/audioblog\/long-a-grafikus-8-a-gyermek-apja-brad-pitt-vagy-george-clooney\/#primaryimage"},"thumbnailUrl":"https:\/\/longkft.hu\/audioblog\/wp-content\/uploads\/2022\/04\/Brad-Pitt-1.jpg","datePublished":"2022-04-07T09:46:50+00:00","dateModified":"2023-06-14T13:00:35+00:00","description":"...\u00e9s a l\u00e9nyeg, a genetikai vizsg\u00e1latok alapj\u00e1n a gyermek legval\u00f3sz\u00edn\u0171bb apja Brad Pitt, vagy George Clooney\u2026","breadcrumb":{"@id":"https:\/\/longkft.hu\/audioblog\/long-a-grafikus-8-a-gyermek-apja-brad-pitt-vagy-george-clooney\/#breadcrumb"},"inLanguage":"hu","potentialAction":[{"@type":"ReadAction","target":["https:\/\/longkft.hu\/audioblog\/long-a-grafikus-8-a-gyermek-apja-brad-pitt-vagy-george-clooney\/"]}]},{"@type":"ImageObject","inLanguage":"hu","@id":"https:\/\/longkft.hu\/audioblog\/long-a-grafikus-8-a-gyermek-apja-brad-pitt-vagy-george-clooney\/#primaryimage","url":"https:\/\/longkft.hu\/audioblog\/wp-content\/uploads\/2022\/04\/Brad-Pitt-1.jpg","contentUrl":"https:\/\/longkft.hu\/audioblog\/wp-content\/uploads\/2022\/04\/Brad-Pitt-1.jpg","width":1000,"height":553,"caption":"Brad Pitt 1"},{"@type":"BreadcrumbList","@id":"https:\/\/longkft.hu\/audioblog\/long-a-grafikus-8-a-gyermek-apja-brad-pitt-vagy-george-clooney\/#breadcrumb","itemListElement":[{"@type":"ListItem","position":1,"name":"Kezd\u0151oldal","item":"https:\/\/longkft.hu\/audioblog\/"},{"@type":"ListItem","position":2,"name":"Long a grafikus 8 \u2013 a gyermek apja Brad Pitt, vagy George Clooney"}]},{"@type":"WebSite","@id":"https:\/\/longkft.hu\/audioblog\/#website","url":"https:\/\/longkft.hu\/audioblog\/","name":"Longaudio","description":"50 \u00e9v lemezgy\u0171jtem\u00e9nye \u00e9s audio k\u00e9sz\u00fcl\u00e9kei","publisher":{"@id":"https:\/\/longkft.hu\/audioblog\/#\/schema\/person\/645cabad2d8e942354ed2caeef3aa9ea"},"potentialAction":[{"@type":"SearchAction","target":{"@type":"EntryPoint","urlTemplate":"https:\/\/longkft.hu\/audioblog\/?s={search_term_string}"},"query-input":{"@type":"PropertyValueSpecification","valueRequired":true,"valueName":"search_term_string"}}],"inLanguage":"hu"},{"@type":["Person","Organization"],"@id":"https:\/\/longkft.hu\/audioblog\/#\/schema\/person\/645cabad2d8e942354ed2caeef3aa9ea","name":"Long","image":{"@type":"ImageObject","inLanguage":"hu","@id":"https:\/\/longkft.hu\/audioblog\/wp-content\/uploads\/2018\/01\/logo.jpg","url":"https:\/\/longkft.hu\/audioblog\/wp-content\/uploads\/2018\/01\/logo.jpg","contentUrl":"https:\/\/longkft.hu\/audioblog\/wp-content\/uploads\/2018\/01\/logo.jpg","width":240,"height":240,"caption":"Long"},"logo":{"@id":"https:\/\/longkft.hu\/audioblog\/wp-content\/uploads\/2018\/01\/logo.jpg"},"sameAs":["https:\/\/www.facebook.com\/longkft","https:\/\/hu.pinterest.com\/farkas1051\/_saved\/"],"url":"https:\/\/longkft.hu\/audioblog\/author\/audioblogger\/"}]}},"_links":{"self":[{"href":"https:\/\/longkft.hu\/audioblog\/wp-json\/wp\/v2\/posts\/11768","targetHints":{"allow":["GET"]}}],"collection":[{"href":"https:\/\/longkft.hu\/audioblog\/wp-json\/wp\/v2\/posts"}],"about":[{"href":"https:\/\/longkft.hu\/audioblog\/wp-json\/wp\/v2\/types\/post"}],"author":[{"embeddable":true,"href":"https:\/\/longkft.hu\/audioblog\/wp-json\/wp\/v2\/users\/2"}],"replies":[{"embeddable":true,"href":"https:\/\/longkft.hu\/audioblog\/wp-json\/wp\/v2\/comments?post=11768"}],"version-history":[{"count":0,"href":"https:\/\/longkft.hu\/audioblog\/wp-json\/wp\/v2\/posts\/11768\/revisions"}],"wp:featuredmedia":[{"embeddable":true,"href":"https:\/\/longkft.hu\/audioblog\/wp-json\/wp\/v2\/media\/11769"}],"wp:attachment":[{"href":"https:\/\/longkft.hu\/audioblog\/wp-json\/wp\/v2\/media?parent=11768"}],"wp:term":[{"taxonomy":"category","embeddable":true,"href":"https:\/\/longkft.hu\/audioblog\/wp-json\/wp\/v2\/categories?post=11768"},{"taxonomy":"post_tag","embeddable":true,"href":"https:\/\/longkft.hu\/audioblog\/wp-json\/wp\/v2\/tags?post=11768"}],"curies":[{"name":"wp","href":"https:\/\/api.w.org\/{rel}","templated":true}]}}