{"id":12064,"date":"2022-07-03T17:01:25","date_gmt":"2022-07-03T17:01:25","guid":{"rendered":"https:\/\/longkft.hu\/audioblog\/?p=12064"},"modified":"2023-04-14T10:51:09","modified_gmt":"2023-04-14T10:51:09","slug":"long-a-grafikus-11-amikor-duhos-lettem-nagyon-nagyon-duhos","status":"publish","type":"post","link":"https:\/\/longkft.hu\/audioblog\/long-a-grafikus-11-amikor-duhos-lettem-nagyon-nagyon-duhos\/","title":{"rendered":"Long a grafikus 11 &#8211; amikor d\u00fch\u00f6s lettem, nagyon-nagyon d\u00fch\u00f6s&#8230;"},"content":{"rendered":"<p style=\"text-align: left;\"><span style=\"font-size: 12pt;\"><em>English language can be selected in upper left corner (British flag).<\/em>\u00a0A maga m\u00f3dj\u00e1n ez is egy vid\u00e1m, pozit\u00edv v\u00e9gkifejlet\u0171 t\u00f6rt\u00e9net, hiszen a v\u00e9g\u00e9n, sem az akkori munkahelyemnek, sem nekem nem kellett &#8211; mai \u00e1rakon sz\u00e1molva &#8211; kb. 100+ milli\u00f3 Ft k\u00e1rt\u00e9r\u00edt\u00e9st fizetni.<\/span><\/p>\n<h3 style=\"text-align: left;\"><span style=\"font-size: 14pt;\">&#8230;mert bizony, arr\u00f3l sokan elfelejtkeznek &#8211; n\u00e9mely account pedig pl\u00e1ne -, hogy az anyagi felel\u0151ss\u00e9g nem j\u00e1t\u00e9kszer.<\/span><\/h3>\n<p style=\"text-align: left;\"><span style=\"font-size: 12pt;\">Az egyik munkahelyemen megnyertem azt a nemes feladatot, hogy egy ismert, &#8222;z\u00f6ld&#8221; term\u00e9ksorozat \u00f6sszes csomagol\u00e1s\u00e1t nyomdak\u00e9sz \u00e1llapotba hozzam. Megkaptam a grafikai alapelemeket, melyek felhaszn\u00e1l\u00e1s\u00e1val &#8222;m\u00e1r csak&#8221; egys\u00e9gesen \u00f6ssze kellett raknom a c\u00edmk\u00e9ket, pal\u00e1stokat, dobozokat, t\u00e1lc\u00e1kat, gy\u0171jt\u0151csomagol\u00e1sokat, stb&#8230;<\/span><\/p>\n<p style=\"text-align: left;\"><span style=\"font-size: 12pt;\">Aki k\u00e9sz\u00edtett m\u00e1r term\u00e9kcsomagol\u00e1st, tudja, hogy nagyon sz\u00e9p munka, de nem egyszer\u0171. Amennyiben pedig brand-r\u0151l van sz\u00f3, minden mindennel \u00f6sszef\u00fcgg, mindennek ugyanott, ugyanolyan k\u00f6zegben, ugyanazon ar\u00e1nyban kell lennie, \u00e9s ezzel kapcsolatban a legbonyolultabb stancform\u00e1k sem jelenthetnek akad\u00e1lyt.<\/span><\/p>\n<h3 style=\"text-align: left;\"><span style=\"font-size: 14pt;\">Mivel nagyon sok term\u00e9k, nagyon sokf\u00e9le csomagol\u00e1s\u00e1r\u00f3l volt sz\u00f3, ez\u00e9rt k\u00f6zel egy \u00e9vig tart\u00f3 v\u00e9gtelen t\u00f6rt\u00e9net lett bel\u0151le, 2300 <em>(mondom, kett\u0151ezer h\u00e1romsz\u00e1z)<\/em> k\u00fcl\u00f6nb\u00f6z\u0151 m\u00e9rt\u00e9k\u0171 korrekt\u00farafordul\u00f3val.<\/span><\/h3>\n<p style=\"text-align: left;\"><span style=\"font-size: 12pt;\">Mint \u00e1ltal\u00e1ban minden grafikai munk\u00e1nak, ennek is elj\u00f6tt a v\u00e9ge, vagyis a nyomdai lead\u00e1s. A nyomtat\u00e1s Spanyolorsz\u00e1gban t\u00f6rt\u00e9nt, ez\u00e9rt a pr\u00f3banyomatokhoz sz\u00fcks\u00e9ges pdf-eket elk\u00fcldtem, a sz\u00ednes nyomatok meg\u00e9rkeztek, a megrendel\u0151 mindent al\u00e1\u00edrt, teh\u00e1t&#8230;<\/span><\/p>\n<p style=\"text-align: left;\"><span style=\"font-size: 12pt;\">Mivel a &#8222;teh\u00e1t&#8230;&#8221; helyzet a nap v\u00e9g\u00e9n j\u00f6tt el, \u00e9s mintegy 70 nyomdai pdf elk\u00e9sz\u00edt\u00e9s\u00e9r\u0151l volt sz\u00f3 &#8211; melyek nem csak CMYK plate-eket tartalmaztak -, a munk\u00e1t \u00e1ttoltam m\u00e1snapra, \u00e9s hazamentem.<\/span><\/p>\n<p style=\"text-align: left;\"><span style=\"font-size: 12pt;\">Reggel friss fejjel, friss szemmel belekezdtem Luca sz\u00e9k\u00e9be, vagyis az \u00f3r\u00e1kon kereszt\u00fcl tart\u00f3 pdf-\u00edr\u00e1sba, majd j\u00f3 szok\u00e1som szerint, nekil\u00e1ttam egym\u00e1s ut\u00e1n kinyitni \u00e9s megszeml\u00e9lni a nyomdai \u00e1llom\u00e1nyokat.<\/span><\/p>\n<p style=\"text-align: left;\"><span style=\"font-size: 12pt;\">Nyit, megszeml\u00e9l, z\u00e1r, nyit, megszeml\u00e9l, z\u00e1r&#8230; nyit, megszeml\u00e9l, z\u00e1r &#8211; b@sszus, mi van. \u00dajra kinyit, megszeml\u00e9l, kinyit az el\u0151tte l\u00e9v\u0151 \u00e1llom\u00e1nyt, megszeml\u00e9l, kinyit az ut\u00e1na k\u00f6vetkez\u0151 \u00e1llom\u00e1ny, megszeml\u00e9l &#8211; dermedten vettem \u00e9szre, hogy az egyik \u00e1llom\u00e1ny m\u00e1s, mint a t\u00f6bbi. Nem a term\u00e9k t\u00edpusa miatt &#8211; ami logikus -, hanem az egys\u00e9ges arculatban, a minden csomagol\u00e1son azonos k\u00f6zegben, k\u00f6telez\u0151en azonos m\u00f3don megjelen\u00edtend\u0151 elrendez\u00e9sben volt m\u00e1s.<\/span><\/p>\n<p style=\"text-align: left;\"><span style=\"font-size: 12pt;\">T\u00fczetesebben megszeml\u00e9lve a &#8222;m\u00e1ss\u00e1g\u00e1val&#8221; kit\u0171n\u0151 csomagol\u00e1st, azon m\u00e1s volt egy mondat, \u00e9s n\u00e9mileg m\u00e1s volt egy k\u00f6telez\u0151en megjelen\u00edtend\u0151 log\u00f3. Nem volt nagy k\u00fcl\u00f6nbs\u00e9g, ha nem p\u00f6rgetem v\u00e9gig a pdf-eket, \u00e9szre sem vettem volna.<\/span><\/p>\n<p style=\"text-align: left;\"><em><span style=\"font-size: 12pt;\">A tan\u00edtv\u00e1nyaim kedv\u00e9\u00e9rt ezt ki is emelem, mint tapasztalaton alapul\u00f3 alapszab\u00e1lyt: Mindig csin\u00e1ljatok egy legutols\u00f3 ellen\u0151rz\u00e9st \u00e9s \u00f6sszehasonl\u00edt\u00e1st a leadand\u00f3 anyagon, de nem abban a programban, melyben k\u00e9sz\u00fclt. A k\u00e9sz\u00edt\u00e9shez haszn\u00e1lt, megszokott fel\u00fclet elterelheti figyelmeteket az elrendez\u00e9si, sz\u00ednbeli, helyes\u00edr\u00e1si, stb. hib\u00e1kr\u00f3l, ez\u00e9rt a pdf, m\u00e9g akkor is a bar\u00e1tunk, ha az \u00e1llom\u00e1nyt nem abban kell leadni.<\/span><\/em><\/p>\n<h3 style=\"text-align: left;\"><span style=\"font-size: 14pt;\">Ez a szok\u00e1som sokszor megmentett m\u00e1r az ekkor felfedezett, m\u00e1smilyen csomagol\u00e1s el\u0151tt is, \u00e9s az\u00f3ta is.<\/span><\/h3>\n<p style=\"text-align: left;\"><span style=\"font-size: 12pt;\">Teh\u00e1t volt egy csomagol\u00e1som, ami m\u00e1s volt, mint a t\u00f6bbi, m\u00e1s volt, mint amit el\u0151z\u0151 este a g\u00e9pemen hagytam &#8211; mert bizony nem pdf-\u00edr\u00e1si hiba t\u00f6rt\u00e9nt, hanem az inDesign \u00e1llom\u00e1ny lett megv\u00e1ltoztatva.<\/span><\/p>\n<p style=\"text-align: left;\"><span style=\"font-size: 12pt;\">\u00c1tslattyogtam az account kollegin\u00e1hoz, akivel imm\u00e1r egy \u00e9ve dolgoztunk egy\u00fctt az anyagon &#8211; de &#8222;term\u00e9szetesen&#8221; csak az \u00e9n anyagi \u00e9s hat\u00e1rid\u0151s felel\u0151ss\u00e9gemmel -, \u00e9s megk\u00e9rdeztem, hogy este t\u00f6rt\u00e9nt-e valami, amir\u0151l tudnom kellene. A t\u00f6rt\u00e9ntekhez hozz\u00e1tartozik, hogy az account tiszt\u00e1ban volt azzal, hogy a csomagol\u00e1sokat a megrendel\u0151 elfogadta, azokat lez\u00e1rtam, \u00e9s m\u00e1r nyomd\u00e1ban lenne a hely\u00fck.<\/span><\/p>\n<p style=\"text-align: center;\"><img loading=\"lazy\" decoding=\"async\" class=\"aligncenter size-full wp-image-12066\" src=\"https:\/\/longkft.hu\/audioblog\/wp-content\/uploads\/2022\/07\/osszeomlas-1.jpg\" alt=\"\" width=\"600\" height=\"449\" srcset=\"https:\/\/longkft.hu\/audioblog\/wp-content\/uploads\/2022\/07\/osszeomlas-1.jpg 600w, https:\/\/longkft.hu\/audioblog\/wp-content\/uploads\/2022\/07\/osszeomlas-1-300x225.jpg 300w, https:\/\/longkft.hu\/audioblog\/wp-content\/uploads\/2022\/07\/osszeomlas-1-200x150.jpg 200w, https:\/\/longkft.hu\/audioblog\/wp-content\/uploads\/2022\/07\/osszeomlas-1-400x299.jpg 400w\" sizes=\"auto, (max-width: 600px) 100vw, 600px\" \/><\/p>\n<p style=\"text-align: left;\"><span style=\"font-size: 12pt;\">&#8211; &#8230;ja, este j\u00f6tt egy lev\u00e9l, amiben jelezt\u00e9k, hogy egy apr\u00f3s\u00e1got m\u00f3dos\u00edtanak, de semmi baj, mert X megcsin\u00e1lta. \u00c1tk\u00fcldtem, \u00e9s mondt\u00e1k, hogy rendben.<\/span><\/p>\n<p style=\"text-align: left;\"><span style=\"font-size: 12pt;\">&#8211; Miel\u0151tt m\u00e9g felrobbantam volna, feltettem azt az egyszer\u0171 k\u00e9rd\u00e9st, hogy ugye azt tudod, hogy 70 csomagol\u00e1sr\u00f3l van sz\u00f3, amit nekem kell leadni, ami\u00e9rt \u00e9n v\u00e1llaltam felel\u0151ss\u00e9get, \u00e9s a v\u00e1ltoztat\u00e1s mindegyiket \u00e9rinti? Nem kellett volna ezt jelezni, nem kellett volna netal\u00e1n nekem is tudni r\u00f3la?<\/span><\/p>\n<p style=\"text-align: left;\"><span style=\"font-size: 12pt;\">&#8211; Most mit vagy \u00fagy oda, nem mindegy, hogy ki csin\u00e1lta meg azt, amit \u00e1tk\u00fcldt\u00fcnk? \u00d6r\u00fclj ink\u00e1bb, hogy nem neked kellett &#8211; j\u00f6tt a h\u00e1rom IQ-s account v\u00e1lasz.<\/span><\/p>\n<p style=\"text-align: left;\"><span style=\"font-size: 12pt;\">Valahol itt szakadhatott el az a bizonyos c\u00e9rna, mert nagyon durv\u00e1n \u00e9s nagyon hosszan k\u00fcldtem el a j\u00f3 b\u00fcd\u00f6s&#8230; Majd pedig feltettem neki a k\u00e9rd\u00e9st, hogy ugyan tiszt\u00e1ba van-e azzal, hogy ha nem veszem \u00e9szre a v\u00e1ltoztat\u00e1st \u00e9s elk\u00fcld\u00f6m nyomd\u00e1ba a csomagol\u00e1sokat, ahol azokat kinyomtatj\u00e1k &#8211; \u00f6sszesen milli\u00f3s nagys\u00e1grend\u0171 p\u00e9ld\u00e1nysz\u00e1mban -, az a c\u00e9gnek is, nekem is, tot\u00e1lis anyagi cs\u0151d\u00f6t jelentett volna?<\/span><\/p>\n<p style=\"text-align: center;\"><img loading=\"lazy\" decoding=\"async\" class=\"aligncenter size-full wp-image-12067\" src=\"https:\/\/longkft.hu\/audioblog\/wp-content\/uploads\/2022\/07\/osszeomlas-2.jpg\" alt=\"\" width=\"800\" height=\"450\" srcset=\"https:\/\/longkft.hu\/audioblog\/wp-content\/uploads\/2022\/07\/osszeomlas-2.jpg 800w, https:\/\/longkft.hu\/audioblog\/wp-content\/uploads\/2022\/07\/osszeomlas-2-300x169.jpg 300w, https:\/\/longkft.hu\/audioblog\/wp-content\/uploads\/2022\/07\/osszeomlas-2-768x432.jpg 768w, https:\/\/longkft.hu\/audioblog\/wp-content\/uploads\/2022\/07\/osszeomlas-2-200x113.jpg 200w, https:\/\/longkft.hu\/audioblog\/wp-content\/uploads\/2022\/07\/osszeomlas-2-400x225.jpg 400w\" sizes=\"auto, (max-width: 800px) 100vw, 800px\" \/><\/p>\n<h3 style=\"text-align: left;\"><span style=\"font-size: 14pt;\">A szentem nem volt tiszt\u00e1ban vele, mint ahogy azzal sem, hogy mi\u00e9rt v\u00e1gtam be magam ut\u00e1n az ajt\u00f3t.<\/span><\/h3>\n<p style=\"text-align: left;\"><span style=\"font-size: 12pt;\">Vissza\u00fclve az asztalomhoz, felh\u00edvtam a megrendel\u0151n\u00e9l l\u00e9v\u0151 &#8222;kapcsolatot&#8221;, besz\u00e1moltam a t\u00f6rt\u00e9ntekr\u0151l, \u00e9s megk\u00e9rdeztem, hogy ha Spanyolorsz\u00e1gban kinyomtatj\u00e1k a teljes mennyis\u00e9get hib\u00e1san, akkor az anyagilag mit jelentett volna. Egy mai \u00e1rakon kb. 100+ milli\u00f3s \u00f6sszeg hangzott el&#8230; <\/span><span style=\"font-size: 12pt;\">Amikor tudatosult bennem az \u00f6sszeg nagys\u00e1ga, hangosan \u00e9s hosszasan k\u00fcldtem el a j\u00f3 b\u00fasba a v\u00e1ltoztat\u00e1st \u00e1tvezet\u0151, \u00e1m arr\u00f3l nekem nem sz\u00f3l\u00f3 oper\u00e1tor koll\u00e9g\u00e1t is&#8230;<\/span><\/p>\n<p style=\"text-align: left;\"><span style=\"font-size: 12pt;\">Ezut\u00e1n elk\u00e9sz\u00edtettem minden csomagol\u00e1son a m\u00f3dos\u00edt\u00e1sokat, meg\u00edrtam a pdf-eket &#8211; a stancform\u00e1kat sem felejtettem le r\u00f3luk -, \u00e9s mindent tov\u00e1bb\u00edtottam Spanyolorsz\u00e1gba.<\/span><\/p>\n<p style=\"text-align: left;\"><span style=\"font-size: 12pt;\">M\u00e1snap beh\u00edvott irod\u00e1j\u00e1ba a c\u00e9g tulajdonosa \u00e9s a l\u00e9nyegre t\u00e9rt: viselked\u00e9sem annyira megd\u00f6bbentette a koll\u00e9g\u00e1kat, hogy mivel anyagi okokb\u00f3l valakit el kellene k\u00fcldeni, \u00fagy d\u00f6nt\u00f6ttek, \u00e9n legyek a &#8222;nyertes&#8221;. Majd csendben, rezign\u00e1ltan belekezdett: &#8222;K\u00f6sz\u00f6n\u00f6m, hogy \u00e9szrevetted&#8230;&#8221;.<\/span><\/p>\n<p style=\"text-align: left;\"><span style=\"font-size: 12pt;\">Rezzen\u00e9stelen arccal elk\u00f6sz\u00f6ntem, \u00e1tmentem a szomsz\u00e9dba a k\u00f6nyvel\u0151h\u00f6z, hogy rendezz\u00fck az anyagikat. A k\u00f6nyvel\u0151 el\u0151sz\u00f6r is megdics\u00e9rte az \u00f6nuralmamat &#8211; mert saj\u00e1t bevall\u00e1sa szerint \u0151 sim\u00e1n felpofozta volna a kollegin\u00e1t -, majd pedig mindenf\u00e9le komment\u00e1r n\u00e9lk\u00fcl megmutatta monitor\u00e1n az utols\u00f3 12 h\u00f3nap &#8222;sz\u00e1mait&#8221;. A 15 f\u0151s c\u00e9g bev\u00e9tel\u00e9nek 74-89%-\u00e1t minden h\u00f3napban az \u00e9n munka\u00f3r\u00e1im ut\u00e1n sz\u00e1ml\u00e1zt\u00e1k ki&#8230;<\/span><\/p>\n<p style=\"text-align: left;\"><span style=\"font-size: 12pt;\">Summ\u00e1zva a t\u00f6rt\u00e9nteket &#8211; meg\u00fasztam, hogy egy teljes anyagi cs\u0151d\u00f6t jelent\u0151 k\u00e1rt\u00e9r\u00edt\u00e9si per egyik v\u00e1dlottja(?) legyek, ugyanakkor elvesztettem egy munkahelyet&#8230; Mentem tov\u00e1bb.<\/span><\/p>\n<span>Megosztom:<\/span><br><a target=\"_blank\" class=\"facebook\" title=\"\" rel=\"external\" href=\"https:\/\/www.facebook.com\/share.php?u=https:\/\/longkft.hu\/audioblog\/long-a-grafikus-11-amikor-duhos-lettem-nagyon-nagyon-duhos\/&title=Long a grafikus 11 &#8211; amikor d\u00fch\u00f6s lettem, nagyon-nagyon d\u00fch\u00f6s&#8230;\"><\/a><a target=\"_blank\" class=\"linkedin\" title=\"\" rel=\"external\" href=\"http:\/\/www.linkedin.com\/shareArticle?mini=true&amp;url=https%3A%2F%2Flongkft.hu%2Faudioblog%2Flong-a-grafikus-11-amikor-duhos-lettem-nagyon-nagyon-duhos%2F&amp;title=Long+a+grafikus+11+%26%238211%3B+amikor+d%C3%BCh%C3%B6s+lettem%2C+nagyon-nagyon+d%C3%BCh%C3%B6s%26%238230%3B&amp;summary=%3Cp+style%3D%22text-align%3A+left%3B%22%3E%3Cspan+style%3D%22font-size%3A+12pt%3B%22%3E%3Cem%3EEnglish+language+can+be+selected+in+upper+left+corner+%28British+flag%29.%3C%2Fem%3E%C2%A0A+maga+m%C3%B3dj%C3%A1n+ez+is+egy+vid%C3%A1m%2C+pozit%C3%ADv+v%C3%A9gkifejlet%C5%B1+t%C3%B6rt%C3%A9net%2C+hiszen+a+v%C3%A9g%C3%A9n%2C+sem+az+akkori+munkahelyemnek%2C+sem+nekem+nem+kellett+-+mai+%C3%A1rakon+sz%C3%A1molva+-+kb.+100%2B+milli%C3%B3+Ft+k%C3%A1rt%C3%A9r%C3%ADt%C3%A9st+fizetni.%3C%2Fspan%3E%3C%2Fp%3E%0D%0A%0D%0A%3Ch3+style%3D%22text-align%3A+left%3B%22%3E%3Cspan+style%3D%22font-size%3A+14pt%3B%22%3E...mert+bizony%2C+arr%C3%B3l+sokan+elfelejtkeznek+-+n%C3%A9mely+account+pedig+pl%C3%A1ne+-%2C+hogy+az+anyagi+felel%C5%91ss%C3%A9g+nem+j%C3%A1t%C3%A9kszer.%3C%2Fspan%3E%3C%2Fh3%3E%0D%0A%3Cp+style%3D%22text-align%3A+left%3B%22%3E%3Cspan+style%3D%22font-size%3A+12pt%3B%22%3EAz+egyik+munkahelyemen+megnyertem+azt+a+nemes+feladatot%2C+hogy+egy+ismert%2C+%22z%C3%B6ld%22+term%C3%A9ksorozat+%C3%B6sszes+csomagol%C3%A1s%C3%A1t+nyomdak%C3%A9sz+%C3%A1llapotba+hozzam.+Megkaptam+a+grafikai+alapelemeket%2C+melyek+felhaszn%C3%A1l%C3%A1s%C3%A1val+%22m%C3%A1r+csak%22+egys%C3%A9gesen+%C3%B6ssze+kellett+raknom+a+c%C3%ADmk%C3%A9ket%2C+pal%C3%A1stokat%2C+dobozokat%2C+t%C3%A1lc%C3%A1kat%2C+gy%C5%B1jt%C5%91csomagol%C3%A1sokat%2C+stb...%3C%2Fspan%3E%3C%2Fp%3E%0D%0A%3Cp+style%3D%22text-align%3A+left%3B%22%3E%3Cspan+style%3D%22font-size%3A+12pt%3B%22%3EAki+k%C3%A9sz%C3%ADtett+m%C3%A1r+term%C3%A9kcsomagol%C3%A1st%2C+tudja%2C+hogy+nagyon+sz%C3%A9p+munka%2C+de+nem+egyszer%C5%B1.+Amennyiben+pedig+brand-r%C5%91l+van+sz%C3%B3%2C+minden+mindennel+%C3%B6sszef%C3%BCgg%2C+mindennek+ugyanott%2C+ugyanolyan+k%C3%B6zegben%2C+ugyanazon+ar%C3%A1nyban+kell+lennie%2C+%C3%A9s+ezzel+kapcsolatban+a+legbonyolultabb+stancform%C3%A1k+sem+jelenthetnek+akad%C3%A1lyt.%3C%2Fspan%3E%3C%2Fp%3E%0D%0A%0D%0A%3Ch3+style%3D%22text-align%3A+left%3B%22%3E%3Cspan+style%3D%22font-size%3A+14pt%3B%22%3EMivel+nagyon+sok+term%C3%A9k%2C+nagyon+sokf%C3%A9le+csomagol%C3%A1s%C3%A1r%C3%B3l+volt+sz%C3%B3%2C+ez%C3%A9rt+k%C3%B6zel+egy+%C3%A9vig+tart%C3%B3+v%C3%A9gtelen+t%C3%B6rt%C3%A9net+lett+bel%C5%91le%2C+2300+%3Cem%3E%28mondom%2C+kett%C5%91ezer+h%C3%A1romsz%C3%A1z%29%3C%2Fem%3E+k%C3%BCl%C3%B6nb%C3%B6z%C5%91+m%C3%A9rt%C3%A9k%C5%B1+korrekt%C3%BArafordul%C3%B3val.%3C%2Fspan%3E%3C%2Fh3%3E%0D%0A%3Cp+style%3D%22text-align%3A+left%3B%22%3E%3Cspan+style%3D%22font-size%3A+12pt%3B%22%3EMint+%C3%A1ltal%C3%A1ban+minden+grafikai+munk%C3%A1nak%2C+ennek+is+elj%C3%B6tt+a+v%C3%A9ge%2C+vagyis+a+nyomdai+lead%C3%A1s.+A+nyomtat%C3%A1s+Spanyolorsz%C3%A1gban+t%C3%B6rt%C3%A9nt%2C+ez%C3%A9rt+a+pr%C3%B3banyomatokhoz+sz%C3%BCks%C3%A9ges+pdf-eket+elk%C3%BCldtem%2C+a+sz%C3%ADnes+nyomatok+meg%C3%A9rkeztek%2C+a+megrendel%C5%91+mindent+al%C3%A1%C3%ADrt%2C+teh%C3%A1t...%3C%2Fspan%3E%3C%2Fp%3E%0D%0A%3Cp+style%3D%22text-align%3A+left%3B%22%3E%3Cspan+style%3D%22font-size%3A+12pt%3B%22%3EMivel+a+%22teh%C3%A1t...%22+helyzet+a+nap+v%C3%A9g%C3%A9n+j%C3%B6tt+el%2C+%C3%A9s+mintegy+70+nyomdai+pdf+elk%C3%A9sz%C3%ADt%C3%A9s%C3%A9r%C5%91l+volt+sz%C3%B3+-+melyek+nem+csak+CMYK+plate-eket+tartalmaztak+-%2C+a+munk%C3%A1t+%C3%A1ttoltam+m%C3%A1snapra%2C+%C3%A9s+hazamentem.%3C%2Fspan%3E%3C%2Fp%3E%0D%0A%3Cp+style%3D%22text-align%3A+left%3B%22%3E%3Cspan+style%3D%22font-size%3A+12pt%3B%22%3EReggel+friss+fejjel%2C+friss+szemmel+belekezdtem+Luca+sz%C3%A9k%C3%A9be%2C+vagyis+az+%C3%B3r%C3%A1kon+kereszt%C3%BCl+tart%C3%B3+pdf-%C3%ADr%C3%A1sba%2C+majd+j%C3%B3+szok%C3%A1som+szerint%2C+nekil%C3%A1ttam+egym%C3%A1s+ut%C3%A1n+kinyitni+%C3%A9s+megszeml%C3%A9lni+a+nyomdai+%C3%A1llom%C3%A1nyokat.%3C%2Fspan%3E%3C%2Fp%3E%0D%0A%3Cp+style%3D%22text-align%3A+left%3B%22%3E%3Cspan+style%3D%22font-size%3A+12pt%3B%22%3ENyit%2C+megszeml%C3%A9l%2C+z%C3%A1r%2C+nyit%2C+megszeml%C3%A9l%2C+z%C3%A1r...+nyit%2C+megszeml%C3%A9l%2C+z%C3%A1r+-+b%40sszus%2C+mi+van.+%C3%9Ajra+kinyit%2C+megszeml%C3%A9l%2C+kinyit+az+el%C5%91tte+l%C3%A9v%C5%91+%C3%A1llom%C3%A1nyt%2C+megszeml%C3%A9l%2C+kinyit+az+ut%C3%A1na+k%C3%B6vetkez%C5%91+%C3%A1llom%C3%A1ny%2C+megszeml%C3%A9l+-+dermedten+vettem+%C3%A9szre%2C+hogy+az+egyik+%C3%A1llom%C3%A1ny+m%C3%A1s%2C+mint+a+t%C3%B6bbi.+Nem+a+term%C3%A9k+t%C3%ADpusa+miatt+-+ami+logikus+-%2C+hanem+az+egys%C3%A9ges+arculatban%2C+a+minden+csomagol%C3%A1son+azonos+k%C3%B6zegben%2C+k%C3%B6telez%C5%91en+azonos+m%C3%B3don+megjelen%C3%ADtend%C5%91+elrendez%C3%A9sben+volt+m%C3%A1s.%3C%2Fspan%3E%3C%2Fp%3E%0D%0A%3Cp+style%3D%22text-align%3A+left%3B%22%3E%3Cspan+style%3D%22font-size%3A+12pt%3B%22%3ET%C3%BCzetesebben+megszeml%C3%A9lve+a+%22m%C3%A1ss%C3%A1g%C3%A1val%22+kit%C5%B1n%C5%91+csomagol%C3%A1st%2C+azon+m%C3%A1s+volt+egy+mondat%2C+%C3%A9s+n%C3%A9mileg+m%C3%A1s+volt+egy+k%C3%B6telez%C5%91en+megjelen%C3%ADtend%C5%91+log%C3%B3.+Nem+volt+nagy+k%C3%BCl%C3%B6nbs%C3%A9g%2C+ha+nem+p%C3%B6rgetem+v%C3%A9gig+a+pdf-eket%2C+%C3%A9szre+sem+vettem+volna.%3C%2Fspan%3E%3C%2Fp%3E%0D%0A%3Cp+style%3D%22text-align%3A+left%3B%22%3E%3Cem%3E%3Cspan+style%3D%22font-size%3A+12pt%3B%22%3EA+tan%C3%ADtv%C3%A1nyaim+kedv%C3%A9%C3%A9rt+ezt+ki+is+emelem%2C+mint+tapasztalaton+alapul%C3%B3+alapszab%C3%A1lyt%3A+Mindig+csin%C3%A1ljatok+egy+legutols%C3%B3+ellen%C5%91rz%C3%A9st+%C3%A9s+%C3%B6sszehasonl%C3%ADt%C3%A1st+a+leadand%C3%B3+anyagon%2C+de+nem+abban+a+programban%2C+melyben+k%C3%A9sz%C3%BClt.+A+k%C3%A9sz%C3%ADt%C3%A9shez+haszn%C3%A1lt%2C+megszokott+fel%C3%BClet+elterelheti+figyelmeteket+az+elrendez%C3%A9si%2C+sz%C3%ADnbeli%2C+helyes%C3%ADr%C3%A1si%2C+stb.+hib%C3%A1kr%C3%B3l%2C+ez%C3%A9rt+a+pdf%2C+m%C3%A9g+akkor+is+a+bar%C3%A1tunk%2C+ha+az+%C3%A1llom%C3%A1nyt+nem+abban+kell+leadni.%3C%2Fspan%3E%3C%2Fem%3E%3C%2Fp%3E%0D%0A%0D%0A%3Ch3+style%3D%22text-align%3A+left%3B%22%3E%3Cspan+style%3D%22font-size%3A+14pt%3B%22%3EEz+a+szok%C3%A1som+sokszor+megmentett+m%C3%A1r+az+ekkor+felfedezett%2C+m%C3%A1smilyen+csomagol%C3%A1s+el%C5%91tt+is%2C+%C3%A9s+az%C3%B3ta+is.%3C%2Fspan%3E%3C%2Fh3%3E%0D%0A%3Cp+style%3D%22text-align%3A+left%3B%22%3E%3Cspan+style%3D%22font-size%3A+12pt%3B%22%3ETeh%C3%A1t+volt+egy+csomagol%C3%A1som%2C+ami+m%C3%A1s+volt%2C+mint+a+t%C3%B6bbi%2C+m%C3%A1s+volt%2C+mint+amit+el%C5%91z%C5%91+este+a+g%C3%A9pemen+hagytam+-+mert+bizony+nem+pdf-%C3%ADr%C3%A1si+hiba+t%C3%B6rt%C3%A9nt%2C+hanem+az+inDesign+%C3%A1llom%C3%A1ny+lett+megv%C3%A1ltoztatva.%3C%2Fspan%3E%3C%2Fp%3E%0D%0A%3Cp+style%3D%22text-align%3A+left%3B%22%3E%3Cspan+style%3D%22font-size%3A+12pt%3B%22%3E%C3%81tslattyogtam+az+account+kollegin%C3%A1hoz%2C+akivel+imm%C3%A1r+egy+%C3%A9ve+dolgoztunk+egy%C3%BCtt+az+anyagon+-+de+%22term%C3%A9szetesen%22+csak+az+%C3%A9n+anyagi+%C3%A9s+hat%C3%A1rid%C5%91s+felel%C5%91ss%C3%A9gemmel+-%2C+%C3%A9s+megk%C3%A9rdeztem%2C+hogy+este+t%C3%B6rt%C3%A9nt-e+valami%2C+amir%C5%91l+tudnom+kellene.+A+t%C3%B6rt%C3%A9ntekhez+hozz%C3%A1tartozik%2C+hogy+az+account+tiszt%C3%A1ban+volt+azzal%2C+hogy+a+csomagol%C3%A1sokat+a+megrendel%C5%91+elfogadta%2C+azokat+lez%C3%A1rtam%2C+%C3%A9s+m%C3%A1r+nyomd%C3%A1ban+lenne+a+hely%C3%BCk.%3C%2Fspan%3E%3C%2Fp%3E%0D%0A%3Cp+style%3D%22text-align%3A+center%3B%22%3E%3Cimg+class%3D%22aligncenter+size-full+wp-image-12066%22+src%3D%22https%3A%2F%2Flongkft.hu%2Faudioblog%2Fwp-content%2Fuploads%2F2022%2F07%2Fosszeomlas-1.jpg%22+alt%3D%22%22+width%3D%22600%22+height%3D%22449%22+%2F%3E%3C%2Fp%3E%0D%0A%3Cp+style%3D%22text-align%3A+left%3B%22%3E%3Cspan+style%3D%22font-size%3A+12pt%3B%22%3E-+...ja%2C+este+j%C3%B6tt+egy+lev%C3%A9l%2C+amiben+jelezt%C3%A9k%2C+hogy+egy+apr%C3%B3s%C3%A1got+m%C3%B3dos%C3%ADtanak%2C+de+semmi+baj%2C+mert+X+megcsin%C3%A1lta.+%C3%81tk%C3%BCldtem%2C+%C3%A9s+mondt%C3%A1k%2C+hogy+rendben.%3C%2Fspan%3E%3C%2Fp%3E%0D%0A%3Cp+style%3D%22text-align%3A+left%3B%22%3E%3Cspan+style%3D%22font-size%3A+12pt%3B%22%3E-+Miel%C5%91tt+m%C3%A9g+felrobbantam+volna%2C+feltettem+azt+az+egyszer%C5%B1+k%C3%A9rd%C3%A9st%2C+hogy+ugye+azt+tudod%2C+hogy+70+csomagol%C3%A1sr%C3%B3l+van+sz%C3%B3%2C+amit+nekem+kell+leadni%2C+ami%C3%A9rt+%C3%A9n+v%C3%A1llaltam+felel%C5%91ss%C3%A9get%2C+%C3%A9s+a+v%C3%A1ltoztat%C3%A1s+mindegyiket+%C3%A9rinti%3F+Nem+kellett+volna+ezt+jelezni%2C+nem+kellett+volna+netal%C3%A1n+nekem+is+tudni+r%C3%B3la%3F%3C%2Fspan%3E%3C%2Fp%3E%0D%0A%3Cp+style%3D%22text-align%3A+left%3B%22%3E%3Cspan+style%3D%22font-size%3A+12pt%3B%22%3E-+Most+mit+vagy+%C3%BAgy+oda%2C+nem+mindegy%2C+hogy+ki+csin%C3%A1lta+meg+azt%2C+amit+%C3%A1tk%C3%BCldt%C3%BCnk%3F+%C3%96r%C3%BClj+ink%C3%A1bb%2C+hogy+nem+neked+kellett+-+j%C3%B6tt+a+h%C3%A1rom+IQ-s+account+v%C3%A1lasz.%3C%2Fspan%3E%3C%2Fp%3E%0D%0A%3Cp+style%3D%22text-align%3A+left%3B%22%3E%3Cspan+style%3D%22font-size%3A+12pt%3B%22%3EValahol+itt+szakadhatott+el+az+a+bizonyos+c%C3%A9rna%2C+mert+nagyon+durv%C3%A1n+%C3%A9s+nagyon+hosszan+k%C3%BCldtem+el+a+j%C3%B3+b%C3%BCd%C3%B6s...+Majd+pedig+feltettem+neki+a+k%C3%A9rd%C3%A9st%2C+hogy+ugyan+tiszt%C3%A1ba+van-e+azzal%2C+hogy+ha+nem+veszem+%C3%A9szre+a+v%C3%A1ltoztat%C3%A1st+%C3%A9s+elk%C3%BCld%C3%B6m+nyomd%C3%A1ba+a+csomagol%C3%A1sokat%2C+ahol+azokat+kinyomtatj%C3%A1k+-+%C3%B6sszesen+milli%C3%B3s+nagys%C3%A1grend%C5%B1+p%C3%A9ld%C3%A1nysz%C3%A1mban+-%2C+az+a+c%C3%A9gnek+is%2C+nekem+is%2C+tot%C3%A1lis+anyagi+cs%C5%91d%C3%B6t+jelentett+volna%3F%3C%2Fspan%3E%3C%2Fp%3E%0D%0A%3Cp+style%3D%22text-align%3A+center%3B%22%3E%3Cimg+class%3D%22aligncenter+size-full+wp-image-12067%22+src%3D%22https%3A%2F%2Flongkft.hu%2Faudioblog%2Fwp-content%2Fuploads%2F2022%2F07%2Fosszeomlas-2.jpg%22+alt%3D%22%22+width%3D%22800%22+height%3D%22450%22+%2F%3E%3C%2Fp%3E%0D%0A%0D%0A%3Ch3+style%3D%22text-align%3A+left%3B%22%3E%3Cspan+style%3D%22font-size%3A+14pt%3B%22%3EA+szentem+nem+volt+tiszt%C3%A1ban+vele%2C+mint+ahogy+azzal+sem%2C+hogy+mi%C3%A9rt+v%C3%A1gtam+be+magam+ut%C3%A1n+az+ajt%C3%B3t.%3C%2Fspan%3E%3C%2Fh3%3E%0D%0A%3Cp+style%3D%22text-align%3A+left%3B%22%3E%3Cspan+style%3D%22font-size%3A+12pt%3B%22%3EVissza%C3%BClve+az+asztalomhoz%2C+felh%C3%ADvtam+a+megrendel%C5%91n%C3%A9l+l%C3%A9v%C5%91+%22kapcsolatot%22%2C+besz%C3%A1moltam+a+t%C3%B6rt%C3%A9ntekr%C5%91l%2C+%C3%A9s+megk%C3%A9rdeztem%2C+hogy+ha+Spanyolorsz%C3%A1gban+kinyomtatj%C3%A1k+a+teljes+mennyis%C3%A9get+hib%C3%A1san%2C+akkor+az+anyagilag+mit+jelentett+volna.+Egy+mai+%C3%A1rakon+kb.+100%2B+milli%C3%B3s+%C3%B6sszeg+hangzott+el...+%3C%2Fspan%3E%3Cspan+style%3D%22font-size%3A+12pt%3B%22%3EAmikor+tudatosult+bennem+az+%C3%B6sszeg+nagys%C3%A1ga%2C+hangosan+%C3%A9s+hosszasan+k%C3%BCldtem+el+a+j%C3%B3+b%C3%BAsba+a+v%C3%A1ltoztat%C3%A1st+%C3%A1tvezet%C5%91%2C+%C3%A1m+arr%C3%B3l+nekem+nem+sz%C3%B3l%C3%B3+oper%C3%A1tor+koll%C3%A9g%C3%A1t+is...%3C%2Fspan%3E%3C%2Fp%3E%0D%0A%3Cp+style%3D%22text-align%3A+left%3B%22%3E%3Cspan+style%3D%22font-size%3A+12pt%3B%22%3EEzut%C3%A1n+elk%C3%A9sz%C3%ADtettem+minden+csomagol%C3%A1son+a+m%C3%B3dos%C3%ADt%C3%A1sokat%2C+meg%C3%ADrtam+a+pdf-eket+-+a+stancform%C3%A1kat+sem+felejtettem+le+r%C3%B3luk+-%2C+%C3%A9s+mindent+tov%C3%A1bb%C3%ADtottam+Spanyolorsz%C3%A1gba.%3C%2Fspan%3E%3C%2Fp%3E%0D%0A%3Cp+style%3D%22text-align%3A+left%3B%22%3E%3Cspan+style%3D%22font-size%3A+12pt%3B%22%3EM%C3%A1snap+beh%C3%ADvott+irod%C3%A1j%C3%A1ba+a+c%C3%A9g+tulajdonosa+%C3%A9s+a+l%C3%A9nyegre+t%C3%A9rt%3A+viselked%C3%A9sem+annyira+megd%C3%B6bbentette+a+koll%C3%A9g%C3%A1kat%2C+hogy+mivel+anyagi+okokb%C3%B3l+valakit+el+kellene+k%C3%BCldeni%2C+%C3%BAgy+d%C3%B6nt%C3%B6ttek%2C+%C3%A9n+legyek+a+%22nyertes%22.+Majd+csendben%2C+rezign%C3%A1ltan+belekezdett%3A+%22K%C3%B6sz%C3%B6n%C3%B6m%2C+hogy+%C3%A9szrevetted...%22.%3C%2Fspan%3E%3C%2Fp%3E%0D%0A%3Cp+style%3D%22text-align%3A+left%3B%22%3E%3Cspan+style%3D%22font-size%3A+12pt%3B%22%3ERezzen%C3%A9stelen+arccal+elk%C3%B6sz%C3%B6ntem%2C+%C3%A1tmentem+a+szomsz%C3%A9dba+a+k%C3%B6nyvel%C5%91h%C3%B6z%2C+hogy+rendezz%C3%BCk+az+anyagikat.+A+k%C3%B6nyvel%C5%91+el%C5%91sz%C3%B6r+is+megdics%C3%A9rte+az+%C3%B6nuralmamat+-+mert+saj%C3%A1t+bevall%C3%A1sa+szerint+%C5%91+sim%C3%A1n+felpofozta+volna+a+kollegin%C3%A1t+-%2C+majd+pedig+mindenf%C3%A9le+komment%C3%A1r+n%C3%A9lk%C3%BCl+megmutatta+monitor%C3%A1n+az+utols%C3%B3+12+h%C3%B3nap+%22sz%C3%A1mait%22.+A+15+f%C5%91s+c%C3%A9g+bev%C3%A9tel%C3%A9nek+74-89%25-%C3%A1t+minden+h%C3%B3napban+az+%C3%A9n+munka%C3%B3r%C3%A1im+ut%C3%A1n+sz%C3%A1ml%C3%A1zt%C3%A1k+ki...%3C%2Fspan%3E%3C%2Fp%3E%0D%0A%3Cp+style%3D%22text-align%3A+left%3B%22%3E%3Cspan+style%3D%22font-size%3A+12pt%3B%22%3ESumm%C3%A1zva+a+t%C3%B6rt%C3%A9nteket+-+meg%C3%BAsztam%2C+hogy+egy+teljes+anyagi+cs%C5%91d%C3%B6t+jelent%C5%91+k%C3%A1rt%C3%A9r%C3%ADt%C3%A9si+per+egyik+v%C3%A1dlottja%28%3F%29+legyek%2C+ugyanakkor+elvesztettem+egy+munkahelyet...+Mentem+tov%C3%A1bb.%3C%2Fspan%3E%3C%2Fp%3E&amp;source=Longaudio\"><\/a><a target=\"_blank\" class=\"gplusz\" title=\"\" rel=\"external\" href=\"https:\/\/plusone.google.com\/_\/+1\/confirm?url=https:\/\/longkft.hu\/audioblog\/long-a-grafikus-11-amikor-duhos-lettem-nagyon-nagyon-duhos\/\"><\/a><a target=\"_blank\" rel=\"nofollow\" class=\"email\" href=\"mailto:?subject=Longaudio - Long a grafikus 11 &#8211; amikor d\u00fch\u00f6s lettem, nagyon-nagyon d\u00fch\u00f6s&#8230;&amp;body=Kedves Bar\u00e1tom! Most olvastam a(z) Long a grafikus 11 &#8211; amikor d\u00fch\u00f6s lettem, nagyon-nagyon d\u00fch\u00f6s&#8230;  c\u00edm\u0171 cikket a(z) Longaudio  oldalon. Hivatkoz\u00e1s:  https:\/\/longkft.hu\/audioblog\/long-a-grafikus-11-amikor-duhos-lettem-nagyon-nagyon-duhos\/\" title=\"\"><\/a><a class=\"nyomtatas\" title=\"\" href=\"http:\/\/www.printfriendly.com\" onclick=\"window.print();return false;\"><\/a>","protected":false},"excerpt":{"rendered":"<p>English language can be selected in upper left corner (British flag).\u00a0A maga m\u00f3dj\u00e1n ez is egy vid\u00e1m, pozit\u00edv v\u00e9gkifejlet\u0171 t\u00f6rt\u00e9net,&#8230;<\/p>\n<span>Megosztom:<\/span><br><a target=\"_blank\" class=\"facebook\" title=\"\" rel=\"external\" href=\"https:\/\/www.facebook.com\/share.php?u=https:\/\/longkft.hu\/audioblog\/long-a-grafikus-11-amikor-duhos-lettem-nagyon-nagyon-duhos\/&title=Long a grafikus 11 &#8211; amikor d\u00fch\u00f6s lettem, nagyon-nagyon d\u00fch\u00f6s&#8230;\"><\/a><a target=\"_blank\" class=\"linkedin\" title=\"\" rel=\"external\" href=\"http:\/\/www.linkedin.com\/shareArticle?mini=true&amp;url=https%3A%2F%2Flongkft.hu%2Faudioblog%2Flong-a-grafikus-11-amikor-duhos-lettem-nagyon-nagyon-duhos%2F&amp;title=Long+a+grafikus+11+%26%238211%3B+amikor+d%C3%BCh%C3%B6s+lettem%2C+nagyon-nagyon+d%C3%BCh%C3%B6s%26%238230%3B&amp;summary=%3Cp+style%3D%22text-align%3A+left%3B%22%3E%3Cspan+style%3D%22font-size%3A+12pt%3B%22%3E%3Cem%3EEnglish+language+can+be+selected+in+upper+left+corner+%28British+flag%29.%3C%2Fem%3E%C2%A0A+maga+m%C3%B3dj%C3%A1n+ez+is+egy+vid%C3%A1m%2C+pozit%C3%ADv+v%C3%A9gkifejlet%C5%B1+t%C3%B6rt%C3%A9net%2C+hiszen+a+v%C3%A9g%C3%A9n%2C+sem+az+akkori+munkahelyemnek%2C+sem+nekem+nem+kellett+-+mai+%C3%A1rakon+sz%C3%A1molva+-+kb.+100%2B+milli%C3%B3+Ft+k%C3%A1rt%C3%A9r%C3%ADt%C3%A9st+fizetni.%3C%2Fspan%3E%3C%2Fp%3E%0D%0A%0D%0A%3Ch3+style%3D%22text-align%3A+left%3B%22%3E%3Cspan+style%3D%22font-size%3A+14pt%3B%22%3E...mert+bizony%2C+arr%C3%B3l+sokan+elfelejtkeznek+-+n%C3%A9mely+account+pedig+pl%C3%A1ne+-%2C+hogy+az+anyagi+felel%C5%91ss%C3%A9g+nem+j%C3%A1t%C3%A9kszer.%3C%2Fspan%3E%3C%2Fh3%3E%0D%0A%3Cp+style%3D%22text-align%3A+left%3B%22%3E%3Cspan+style%3D%22font-size%3A+12pt%3B%22%3EAz+egyik+munkahelyemen+megnyertem+azt+a+nemes+feladatot%2C+hogy+egy+ismert%2C+%22z%C3%B6ld%22+term%C3%A9ksorozat+%C3%B6sszes+csomagol%C3%A1s%C3%A1t+nyomdak%C3%A9sz+%C3%A1llapotba+hozzam.+Megkaptam+a+grafikai+alapelemeket%2C+melyek+felhaszn%C3%A1l%C3%A1s%C3%A1val+%22m%C3%A1r+csak%22+egys%C3%A9gesen+%C3%B6ssze+kellett+raknom+a+c%C3%ADmk%C3%A9ket%2C+pal%C3%A1stokat%2C+dobozokat%2C+t%C3%A1lc%C3%A1kat%2C+gy%C5%B1jt%C5%91csomagol%C3%A1sokat%2C+stb...%3C%2Fspan%3E%3C%2Fp%3E%0D%0A%3Cp+style%3D%22text-align%3A+left%3B%22%3E%3Cspan+style%3D%22font-size%3A+12pt%3B%22%3EAki+k%C3%A9sz%C3%ADtett+m%C3%A1r+term%C3%A9kcsomagol%C3%A1st%2C+tudja%2C+hogy+nagyon+sz%C3%A9p+munka%2C+de+nem+egyszer%C5%B1.+Amennyiben+pedig+brand-r%C5%91l+van+sz%C3%B3%2C+minden+mindennel+%C3%B6sszef%C3%BCgg%2C+mindennek+ugyanott%2C+ugyanolyan+k%C3%B6zegben%2C+ugyanazon+ar%C3%A1nyban+kell+lennie%2C+%C3%A9s+ezzel+kapcsolatban+a+legbonyolultabb+stancform%C3%A1k+sem+jelenthetnek+akad%C3%A1lyt.%3C%2Fspan%3E%3C%2Fp%3E%0D%0A%0D%0A%3Ch3+style%3D%22text-align%3A+left%3B%22%3E%3Cspan+style%3D%22font-size%3A+14pt%3B%22%3EMivel+nagyon+sok+term%C3%A9k%2C+nagyon+sokf%C3%A9le+csomagol%C3%A1s%C3%A1r%C3%B3l+volt+sz%C3%B3%2C+ez%C3%A9rt+k%C3%B6zel+egy+%C3%A9vig+tart%C3%B3+v%C3%A9gtelen+t%C3%B6rt%C3%A9net+lett+bel%C5%91le%2C+2300+%3Cem%3E%28mondom%2C+kett%C5%91ezer+h%C3%A1romsz%C3%A1z%29%3C%2Fem%3E+k%C3%BCl%C3%B6nb%C3%B6z%C5%91+m%C3%A9rt%C3%A9k%C5%B1+korrekt%C3%BArafordul%C3%B3val.%3C%2Fspan%3E%3C%2Fh3%3E%0D%0A%3Cp+style%3D%22text-align%3A+left%3B%22%3E%3Cspan+style%3D%22font-size%3A+12pt%3B%22%3EMint+%C3%A1ltal%C3%A1ban+minden+grafikai+munk%C3%A1nak%2C+ennek+is+elj%C3%B6tt+a+v%C3%A9ge%2C+vagyis+a+nyomdai+lead%C3%A1s.+A+nyomtat%C3%A1s+Spanyolorsz%C3%A1gban+t%C3%B6rt%C3%A9nt%2C+ez%C3%A9rt+a+pr%C3%B3banyomatokhoz+sz%C3%BCks%C3%A9ges+pdf-eket+elk%C3%BCldtem%2C+a+sz%C3%ADnes+nyomatok+meg%C3%A9rkeztek%2C+a+megrendel%C5%91+mindent+al%C3%A1%C3%ADrt%2C+teh%C3%A1t...%3C%2Fspan%3E%3C%2Fp%3E%0D%0A%3Cp+style%3D%22text-align%3A+left%3B%22%3E%3Cspan+style%3D%22font-size%3A+12pt%3B%22%3EMivel+a+%22teh%C3%A1t...%22+helyzet+a+nap+v%C3%A9g%C3%A9n+j%C3%B6tt+el%2C+%C3%A9s+mintegy+70+nyomdai+pdf+elk%C3%A9sz%C3%ADt%C3%A9s%C3%A9r%C5%91l+volt+sz%C3%B3+-+melyek+nem+csak+CMYK+plate-eket+tartalmaztak+-%2C+a+munk%C3%A1t+%C3%A1ttoltam+m%C3%A1snapra%2C+%C3%A9s+hazamentem.%3C%2Fspan%3E%3C%2Fp%3E%0D%0A%3Cp+style%3D%22text-align%3A+left%3B%22%3E%3Cspan+style%3D%22font-size%3A+12pt%3B%22%3EReggel+friss+fejjel%2C+friss+szemmel+belekezdtem+Luca+sz%C3%A9k%C3%A9be%2C+vagyis+az+%C3%B3r%C3%A1kon+kereszt%C3%BCl+tart%C3%B3+pdf-%C3%ADr%C3%A1sba%2C+majd+j%C3%B3+szok%C3%A1som+szerint%2C+nekil%C3%A1ttam+egym%C3%A1s+ut%C3%A1n+kinyitni+%C3%A9s+megszeml%C3%A9lni+a+nyomdai+%C3%A1llom%C3%A1nyokat.%3C%2Fspan%3E%3C%2Fp%3E%0D%0A%3Cp+style%3D%22text-align%3A+left%3B%22%3E%3Cspan+style%3D%22font-size%3A+12pt%3B%22%3ENyit%2C+megszeml%C3%A9l%2C+z%C3%A1r%2C+nyit%2C+megszeml%C3%A9l%2C+z%C3%A1r...+nyit%2C+megszeml%C3%A9l%2C+z%C3%A1r+-+b%40sszus%2C+mi+van.+%C3%9Ajra+kinyit%2C+megszeml%C3%A9l%2C+kinyit+az+el%C5%91tte+l%C3%A9v%C5%91+%C3%A1llom%C3%A1nyt%2C+megszeml%C3%A9l%2C+kinyit+az+ut%C3%A1na+k%C3%B6vetkez%C5%91+%C3%A1llom%C3%A1ny%2C+megszeml%C3%A9l+-+dermedten+vettem+%C3%A9szre%2C+hogy+az+egyik+%C3%A1llom%C3%A1ny+m%C3%A1s%2C+mint+a+t%C3%B6bbi.+Nem+a+term%C3%A9k+t%C3%ADpusa+miatt+-+ami+logikus+-%2C+hanem+az+egys%C3%A9ges+arculatban%2C+a+minden+csomagol%C3%A1son+azonos+k%C3%B6zegben%2C+k%C3%B6telez%C5%91en+azonos+m%C3%B3don+megjelen%C3%ADtend%C5%91+elrendez%C3%A9sben+volt+m%C3%A1s.%3C%2Fspan%3E%3C%2Fp%3E%0D%0A%3Cp+style%3D%22text-align%3A+left%3B%22%3E%3Cspan+style%3D%22font-size%3A+12pt%3B%22%3ET%C3%BCzetesebben+megszeml%C3%A9lve+a+%22m%C3%A1ss%C3%A1g%C3%A1val%22+kit%C5%B1n%C5%91+csomagol%C3%A1st%2C+azon+m%C3%A1s+volt+egy+mondat%2C+%C3%A9s+n%C3%A9mileg+m%C3%A1s+volt+egy+k%C3%B6telez%C5%91en+megjelen%C3%ADtend%C5%91+log%C3%B3.+Nem+volt+nagy+k%C3%BCl%C3%B6nbs%C3%A9g%2C+ha+nem+p%C3%B6rgetem+v%C3%A9gig+a+pdf-eket%2C+%C3%A9szre+sem+vettem+volna.%3C%2Fspan%3E%3C%2Fp%3E%0D%0A%3Cp+style%3D%22text-align%3A+left%3B%22%3E%3Cem%3E%3Cspan+style%3D%22font-size%3A+12pt%3B%22%3EA+tan%C3%ADtv%C3%A1nyaim+kedv%C3%A9%C3%A9rt+ezt+ki+is+emelem%2C+mint+tapasztalaton+alapul%C3%B3+alapszab%C3%A1lyt%3A+Mindig+csin%C3%A1ljatok+egy+legutols%C3%B3+ellen%C5%91rz%C3%A9st+%C3%A9s+%C3%B6sszehasonl%C3%ADt%C3%A1st+a+leadand%C3%B3+anyagon%2C+de+nem+abban+a+programban%2C+melyben+k%C3%A9sz%C3%BClt.+A+k%C3%A9sz%C3%ADt%C3%A9shez+haszn%C3%A1lt%2C+megszokott+fel%C3%BClet+elterelheti+figyelmeteket+az+elrendez%C3%A9si%2C+sz%C3%ADnbeli%2C+helyes%C3%ADr%C3%A1si%2C+stb.+hib%C3%A1kr%C3%B3l%2C+ez%C3%A9rt+a+pdf%2C+m%C3%A9g+akkor+is+a+bar%C3%A1tunk%2C+ha+az+%C3%A1llom%C3%A1nyt+nem+abban+kell+leadni.%3C%2Fspan%3E%3C%2Fem%3E%3C%2Fp%3E%0D%0A%0D%0A%3Ch3+style%3D%22text-align%3A+left%3B%22%3E%3Cspan+style%3D%22font-size%3A+14pt%3B%22%3EEz+a+szok%C3%A1som+sokszor+megmentett+m%C3%A1r+az+ekkor+felfedezett%2C+m%C3%A1smilyen+csomagol%C3%A1s+el%C5%91tt+is%2C+%C3%A9s+az%C3%B3ta+is.%3C%2Fspan%3E%3C%2Fh3%3E%0D%0A%3Cp+style%3D%22text-align%3A+left%3B%22%3E%3Cspan+style%3D%22font-size%3A+12pt%3B%22%3ETeh%C3%A1t+volt+egy+csomagol%C3%A1som%2C+ami+m%C3%A1s+volt%2C+mint+a+t%C3%B6bbi%2C+m%C3%A1s+volt%2C+mint+amit+el%C5%91z%C5%91+este+a+g%C3%A9pemen+hagytam+-+mert+bizony+nem+pdf-%C3%ADr%C3%A1si+hiba+t%C3%B6rt%C3%A9nt%2C+hanem+az+inDesign+%C3%A1llom%C3%A1ny+lett+megv%C3%A1ltoztatva.%3C%2Fspan%3E%3C%2Fp%3E%0D%0A%3Cp+style%3D%22text-align%3A+left%3B%22%3E%3Cspan+style%3D%22font-size%3A+12pt%3B%22%3E%C3%81tslattyogtam+az+account+kollegin%C3%A1hoz%2C+akivel+imm%C3%A1r+egy+%C3%A9ve+dolgoztunk+egy%C3%BCtt+az+anyagon+-+de+%22term%C3%A9szetesen%22+csak+az+%C3%A9n+anyagi+%C3%A9s+hat%C3%A1rid%C5%91s+felel%C5%91ss%C3%A9gemmel+-%2C+%C3%A9s+megk%C3%A9rdeztem%2C+hogy+este+t%C3%B6rt%C3%A9nt-e+valami%2C+amir%C5%91l+tudnom+kellene.+A+t%C3%B6rt%C3%A9ntekhez+hozz%C3%A1tartozik%2C+hogy+az+account+tiszt%C3%A1ban+volt+azzal%2C+hogy+a+csomagol%C3%A1sokat+a+megrendel%C5%91+elfogadta%2C+azokat+lez%C3%A1rtam%2C+%C3%A9s+m%C3%A1r+nyomd%C3%A1ban+lenne+a+hely%C3%BCk.%3C%2Fspan%3E%3C%2Fp%3E%0D%0A%3Cp+style%3D%22text-align%3A+center%3B%22%3E%3Cimg+class%3D%22aligncenter+size-full+wp-image-12066%22+src%3D%22https%3A%2F%2Flongkft.hu%2Faudioblog%2Fwp-content%2Fuploads%2F2022%2F07%2Fosszeomlas-1.jpg%22+alt%3D%22%22+width%3D%22600%22+height%3D%22449%22+%2F%3E%3C%2Fp%3E%0D%0A%3Cp+style%3D%22text-align%3A+left%3B%22%3E%3Cspan+style%3D%22font-size%3A+12pt%3B%22%3E-+...ja%2C+este+j%C3%B6tt+egy+lev%C3%A9l%2C+amiben+jelezt%C3%A9k%2C+hogy+egy+apr%C3%B3s%C3%A1got+m%C3%B3dos%C3%ADtanak%2C+de+semmi+baj%2C+mert+X+megcsin%C3%A1lta.+%C3%81tk%C3%BCldtem%2C+%C3%A9s+mondt%C3%A1k%2C+hogy+rendben.%3C%2Fspan%3E%3C%2Fp%3E%0D%0A%3Cp+style%3D%22text-align%3A+left%3B%22%3E%3Cspan+style%3D%22font-size%3A+12pt%3B%22%3E-+Miel%C5%91tt+m%C3%A9g+felrobbantam+volna%2C+feltettem+azt+az+egyszer%C5%B1+k%C3%A9rd%C3%A9st%2C+hogy+ugye+azt+tudod%2C+hogy+70+csomagol%C3%A1sr%C3%B3l+van+sz%C3%B3%2C+amit+nekem+kell+leadni%2C+ami%C3%A9rt+%C3%A9n+v%C3%A1llaltam+felel%C5%91ss%C3%A9get%2C+%C3%A9s+a+v%C3%A1ltoztat%C3%A1s+mindegyiket+%C3%A9rinti%3F+Nem+kellett+volna+ezt+jelezni%2C+nem+kellett+volna+netal%C3%A1n+nekem+is+tudni+r%C3%B3la%3F%3C%2Fspan%3E%3C%2Fp%3E%0D%0A%3Cp+style%3D%22text-align%3A+left%3B%22%3E%3Cspan+style%3D%22font-size%3A+12pt%3B%22%3E-+Most+mit+vagy+%C3%BAgy+oda%2C+nem+mindegy%2C+hogy+ki+csin%C3%A1lta+meg+azt%2C+amit+%C3%A1tk%C3%BCldt%C3%BCnk%3F+%C3%96r%C3%BClj+ink%C3%A1bb%2C+hogy+nem+neked+kellett+-+j%C3%B6tt+a+h%C3%A1rom+IQ-s+account+v%C3%A1lasz.%3C%2Fspan%3E%3C%2Fp%3E%0D%0A%3Cp+style%3D%22text-align%3A+left%3B%22%3E%3Cspan+style%3D%22font-size%3A+12pt%3B%22%3EValahol+itt+szakadhatott+el+az+a+bizonyos+c%C3%A9rna%2C+mert+nagyon+durv%C3%A1n+%C3%A9s+nagyon+hosszan+k%C3%BCldtem+el+a+j%C3%B3+b%C3%BCd%C3%B6s...+Majd+pedig+feltettem+neki+a+k%C3%A9rd%C3%A9st%2C+hogy+ugyan+tiszt%C3%A1ba+van-e+azzal%2C+hogy+ha+nem+veszem+%C3%A9szre+a+v%C3%A1ltoztat%C3%A1st+%C3%A9s+elk%C3%BCld%C3%B6m+nyomd%C3%A1ba+a+csomagol%C3%A1sokat%2C+ahol+azokat+kinyomtatj%C3%A1k+-+%C3%B6sszesen+milli%C3%B3s+nagys%C3%A1grend%C5%B1+p%C3%A9ld%C3%A1nysz%C3%A1mban+-%2C+az+a+c%C3%A9gnek+is%2C+nekem+is%2C+tot%C3%A1lis+anyagi+cs%C5%91d%C3%B6t+jelentett+volna%3F%3C%2Fspan%3E%3C%2Fp%3E%0D%0A%3Cp+style%3D%22text-align%3A+center%3B%22%3E%3Cimg+class%3D%22aligncenter+size-full+wp-image-12067%22+src%3D%22https%3A%2F%2Flongkft.hu%2Faudioblog%2Fwp-content%2Fuploads%2F2022%2F07%2Fosszeomlas-2.jpg%22+alt%3D%22%22+width%3D%22800%22+height%3D%22450%22+%2F%3E%3C%2Fp%3E%0D%0A%0D%0A%3Ch3+style%3D%22text-align%3A+left%3B%22%3E%3Cspan+style%3D%22font-size%3A+14pt%3B%22%3EA+szentem+nem+volt+tiszt%C3%A1ban+vele%2C+mint+ahogy+azzal+sem%2C+hogy+mi%C3%A9rt+v%C3%A1gtam+be+magam+ut%C3%A1n+az+ajt%C3%B3t.%3C%2Fspan%3E%3C%2Fh3%3E%0D%0A%3Cp+style%3D%22text-align%3A+left%3B%22%3E%3Cspan+style%3D%22font-size%3A+12pt%3B%22%3EVissza%C3%BClve+az+asztalomhoz%2C+felh%C3%ADvtam+a+megrendel%C5%91n%C3%A9l+l%C3%A9v%C5%91+%22kapcsolatot%22%2C+besz%C3%A1moltam+a+t%C3%B6rt%C3%A9ntekr%C5%91l%2C+%C3%A9s+megk%C3%A9rdeztem%2C+hogy+ha+Spanyolorsz%C3%A1gban+kinyomtatj%C3%A1k+a+teljes+mennyis%C3%A9get+hib%C3%A1san%2C+akkor+az+anyagilag+mit+jelentett+volna.+Egy+mai+%C3%A1rakon+kb.+100%2B+milli%C3%B3s+%C3%B6sszeg+hangzott+el...+%3C%2Fspan%3E%3Cspan+style%3D%22font-size%3A+12pt%3B%22%3EAmikor+tudatosult+bennem+az+%C3%B6sszeg+nagys%C3%A1ga%2C+hangosan+%C3%A9s+hosszasan+k%C3%BCldtem+el+a+j%C3%B3+b%C3%BAsba+a+v%C3%A1ltoztat%C3%A1st+%C3%A1tvezet%C5%91%2C+%C3%A1m+arr%C3%B3l+nekem+nem+sz%C3%B3l%C3%B3+oper%C3%A1tor+koll%C3%A9g%C3%A1t+is...%3C%2Fspan%3E%3C%2Fp%3E%0D%0A%3Cp+style%3D%22text-align%3A+left%3B%22%3E%3Cspan+style%3D%22font-size%3A+12pt%3B%22%3EEzut%C3%A1n+elk%C3%A9sz%C3%ADtettem+minden+csomagol%C3%A1son+a+m%C3%B3dos%C3%ADt%C3%A1sokat%2C+meg%C3%ADrtam+a+pdf-eket+-+a+stancform%C3%A1kat+sem+felejtettem+le+r%C3%B3luk+-%2C+%C3%A9s+mindent+tov%C3%A1bb%C3%ADtottam+Spanyolorsz%C3%A1gba.%3C%2Fspan%3E%3C%2Fp%3E%0D%0A%3Cp+style%3D%22text-align%3A+left%3B%22%3E%3Cspan+style%3D%22font-size%3A+12pt%3B%22%3EM%C3%A1snap+beh%C3%ADvott+irod%C3%A1j%C3%A1ba+a+c%C3%A9g+tulajdonosa+%C3%A9s+a+l%C3%A9nyegre+t%C3%A9rt%3A+viselked%C3%A9sem+annyira+megd%C3%B6bbentette+a+koll%C3%A9g%C3%A1kat%2C+hogy+mivel+anyagi+okokb%C3%B3l+valakit+el+kellene+k%C3%BCldeni%2C+%C3%BAgy+d%C3%B6nt%C3%B6ttek%2C+%C3%A9n+legyek+a+%22nyertes%22.+Majd+csendben%2C+rezign%C3%A1ltan+belekezdett%3A+%22K%C3%B6sz%C3%B6n%C3%B6m%2C+hogy+%C3%A9szrevetted...%22.%3C%2Fspan%3E%3C%2Fp%3E%0D%0A%3Cp+style%3D%22text-align%3A+left%3B%22%3E%3Cspan+style%3D%22font-size%3A+12pt%3B%22%3ERezzen%C3%A9stelen+arccal+elk%C3%B6sz%C3%B6ntem%2C+%C3%A1tmentem+a+szomsz%C3%A9dba+a+k%C3%B6nyvel%C5%91h%C3%B6z%2C+hogy+rendezz%C3%BCk+az+anyagikat.+A+k%C3%B6nyvel%C5%91+el%C5%91sz%C3%B6r+is+megdics%C3%A9rte+az+%C3%B6nuralmamat+-+mert+saj%C3%A1t+bevall%C3%A1sa+szerint+%C5%91+sim%C3%A1n+felpofozta+volna+a+kollegin%C3%A1t+-%2C+majd+pedig+mindenf%C3%A9le+komment%C3%A1r+n%C3%A9lk%C3%BCl+megmutatta+monitor%C3%A1n+az+utols%C3%B3+12+h%C3%B3nap+%22sz%C3%A1mait%22.+A+15+f%C5%91s+c%C3%A9g+bev%C3%A9tel%C3%A9nek+74-89%25-%C3%A1t+minden+h%C3%B3napban+az+%C3%A9n+munka%C3%B3r%C3%A1im+ut%C3%A1n+sz%C3%A1ml%C3%A1zt%C3%A1k+ki...%3C%2Fspan%3E%3C%2Fp%3E%0D%0A%3Cp+style%3D%22text-align%3A+left%3B%22%3E%3Cspan+style%3D%22font-size%3A+12pt%3B%22%3ESumm%C3%A1zva+a+t%C3%B6rt%C3%A9nteket+-+meg%C3%BAsztam%2C+hogy+egy+teljes+anyagi+cs%C5%91d%C3%B6t+jelent%C5%91+k%C3%A1rt%C3%A9r%C3%ADt%C3%A9si+per+egyik+v%C3%A1dlottja%28%3F%29+legyek%2C+ugyanakkor+elvesztettem+egy+munkahelyet...+Mentem+tov%C3%A1bb.%3C%2Fspan%3E%3C%2Fp%3E&amp;source=Longaudio\"><\/a><a target=\"_blank\" class=\"gplusz\" title=\"\" rel=\"external\" href=\"https:\/\/plusone.google.com\/_\/+1\/confirm?url=https:\/\/longkft.hu\/audioblog\/long-a-grafikus-11-amikor-duhos-lettem-nagyon-nagyon-duhos\/\"><\/a><a target=\"_blank\" rel=\"nofollow\" class=\"email\" href=\"mailto:?subject=Longaudio - Long a grafikus 11 &#8211; amikor d\u00fch\u00f6s lettem, nagyon-nagyon d\u00fch\u00f6s&#8230;&amp;body=Kedves Bar\u00e1tom! Most olvastam a(z) Long a grafikus 11 &#8211; amikor d\u00fch\u00f6s lettem, nagyon-nagyon d\u00fch\u00f6s&#8230;  c\u00edm\u0171 cikket a(z) Longaudio  oldalon. Hivatkoz\u00e1s:  https:\/\/longkft.hu\/audioblog\/long-a-grafikus-11-amikor-duhos-lettem-nagyon-nagyon-duhos\/\" title=\"\"><\/a><a class=\"nyomtatas\" title=\"\" href=\"http:\/\/www.printfriendly.com\" onclick=\"window.print();return false;\"><\/a>","protected":false},"author":2,"featured_media":12065,"comment_status":"open","ping_status":"closed","sticky":false,"template":"","format":"standard","meta":{"footnotes":""},"categories":[1],"tags":[94],"class_list":["post-12064","post","type-post","status-publish","format-standard","has-post-thumbnail","hentry","category-egyeb","tag-long-a-grafikus"],"yoast_head":"<!-- This site is optimized with the Yoast SEO plugin v27.5 - https:\/\/yoast.com\/product\/yoast-seo-wordpress\/ -->\n<title>Long a grafikus 11 - amikor d\u00fch\u00f6s lettem, nagyon-nagyon d\u00fch\u00f6s... - Longaudio<\/title>\n<meta name=\"description\" content=\"Valahol itt szakadhatott el az a bizonyos c\u00e9rna, mert nagyon durv\u00e1n \u00e9s nagyon hosszan k\u00fcldtem el a j\u00f3 b\u00fcd\u00f6s...\" \/>\n<meta name=\"robots\" content=\"index, follow, max-snippet:-1, max-image-preview:large, max-video-preview:-1\" \/>\n<link rel=\"canonical\" href=\"https:\/\/longkft.hu\/audioblog\/long-a-grafikus-11-amikor-duhos-lettem-nagyon-nagyon-duhos\/\" \/>\n<meta property=\"og:locale\" content=\"hu_HU\" \/>\n<meta property=\"og:type\" content=\"article\" \/>\n<meta property=\"og:title\" content=\"Long a grafikus 11 - amikor d\u00fch\u00f6s lettem, nagyon-nagyon d\u00fch\u00f6s... - Longaudio\" \/>\n<meta property=\"og:description\" content=\"Valahol itt szakadhatott el az a bizonyos c\u00e9rna, mert nagyon durv\u00e1n \u00e9s nagyon hosszan k\u00fcldtem el a j\u00f3 b\u00fcd\u00f6s...\" \/>\n<meta property=\"og:url\" content=\"https:\/\/longkft.hu\/audioblog\/long-a-grafikus-11-amikor-duhos-lettem-nagyon-nagyon-duhos\/\" \/>\n<meta property=\"og:site_name\" content=\"Longaudio\" \/>\n<meta property=\"article:publisher\" content=\"https:\/\/www.facebook.com\/longkft\" \/>\n<meta property=\"article:author\" content=\"https:\/\/www.facebook.com\/longkft\" \/>\n<meta property=\"article:published_time\" content=\"2022-07-03T17:01:25+00:00\" \/>\n<meta property=\"article:modified_time\" content=\"2023-04-14T10:51:09+00:00\" \/>\n<meta property=\"og:image\" content=\"https:\/\/longkft.hu\/audioblog\/wp-content\/uploads\/2022\/07\/osszeomlas-nyito.jpg\" \/>\n\t<meta property=\"og:image:width\" content=\"1000\" \/>\n\t<meta property=\"og:image:height\" content=\"568\" \/>\n\t<meta property=\"og:image:type\" content=\"image\/jpeg\" \/>\n<meta name=\"author\" content=\"Long\" \/>\n<meta name=\"twitter:card\" content=\"summary_large_image\" \/>\n<meta name=\"twitter:label1\" content=\"Szerz\u0151:\" \/>\n\t<meta name=\"twitter:data1\" content=\"Long\" \/>\n\t<meta name=\"twitter:label2\" content=\"Becs\u00fclt olvas\u00e1si id\u0151\" \/>\n\t<meta name=\"twitter:data2\" content=\"6 perc\" \/>\n<script type=\"application\/ld+json\" class=\"yoast-schema-graph\">{\"@context\":\"https:\\\/\\\/schema.org\",\"@graph\":[{\"@type\":\"Article\",\"@id\":\"https:\\\/\\\/longkft.hu\\\/audioblog\\\/long-a-grafikus-11-amikor-duhos-lettem-nagyon-nagyon-duhos\\\/#article\",\"isPartOf\":{\"@id\":\"https:\\\/\\\/longkft.hu\\\/audioblog\\\/long-a-grafikus-11-amikor-duhos-lettem-nagyon-nagyon-duhos\\\/\"},\"author\":{\"name\":\"Long\",\"@id\":\"https:\\\/\\\/longkft.hu\\\/audioblog\\\/#\\\/schema\\\/person\\\/645cabad2d8e942354ed2caeef3aa9ea\"},\"headline\":\"Long a grafikus 11 &#8211; amikor d\u00fch\u00f6s lettem, nagyon-nagyon d\u00fch\u00f6s&#8230;\",\"datePublished\":\"2022-07-03T17:01:25+00:00\",\"dateModified\":\"2023-04-14T10:51:09+00:00\",\"mainEntityOfPage\":{\"@id\":\"https:\\\/\\\/longkft.hu\\\/audioblog\\\/long-a-grafikus-11-amikor-duhos-lettem-nagyon-nagyon-duhos\\\/\"},\"wordCount\":1278,\"commentCount\":4,\"publisher\":{\"@id\":\"https:\\\/\\\/longkft.hu\\\/audioblog\\\/#\\\/schema\\\/person\\\/645cabad2d8e942354ed2caeef3aa9ea\"},\"image\":{\"@id\":\"https:\\\/\\\/longkft.hu\\\/audioblog\\\/long-a-grafikus-11-amikor-duhos-lettem-nagyon-nagyon-duhos\\\/#primaryimage\"},\"thumbnailUrl\":\"https:\\\/\\\/longkft.hu\\\/audioblog\\\/wp-content\\\/uploads\\\/2022\\\/07\\\/osszeomlas-nyito.jpg\",\"keywords\":[\"Long a grafikus\"],\"inLanguage\":\"hu\",\"potentialAction\":[{\"@type\":\"CommentAction\",\"name\":\"Comment\",\"target\":[\"https:\\\/\\\/longkft.hu\\\/audioblog\\\/long-a-grafikus-11-amikor-duhos-lettem-nagyon-nagyon-duhos\\\/#respond\"]}]},{\"@type\":\"WebPage\",\"@id\":\"https:\\\/\\\/longkft.hu\\\/audioblog\\\/long-a-grafikus-11-amikor-duhos-lettem-nagyon-nagyon-duhos\\\/\",\"url\":\"https:\\\/\\\/longkft.hu\\\/audioblog\\\/long-a-grafikus-11-amikor-duhos-lettem-nagyon-nagyon-duhos\\\/\",\"name\":\"Long a grafikus 11 - amikor d\u00fch\u00f6s lettem, nagyon-nagyon d\u00fch\u00f6s... - Longaudio\",\"isPartOf\":{\"@id\":\"https:\\\/\\\/longkft.hu\\\/audioblog\\\/#website\"},\"primaryImageOfPage\":{\"@id\":\"https:\\\/\\\/longkft.hu\\\/audioblog\\\/long-a-grafikus-11-amikor-duhos-lettem-nagyon-nagyon-duhos\\\/#primaryimage\"},\"image\":{\"@id\":\"https:\\\/\\\/longkft.hu\\\/audioblog\\\/long-a-grafikus-11-amikor-duhos-lettem-nagyon-nagyon-duhos\\\/#primaryimage\"},\"thumbnailUrl\":\"https:\\\/\\\/longkft.hu\\\/audioblog\\\/wp-content\\\/uploads\\\/2022\\\/07\\\/osszeomlas-nyito.jpg\",\"datePublished\":\"2022-07-03T17:01:25+00:00\",\"dateModified\":\"2023-04-14T10:51:09+00:00\",\"description\":\"Valahol itt szakadhatott el az a bizonyos c\u00e9rna, mert nagyon durv\u00e1n \u00e9s nagyon hosszan k\u00fcldtem el a j\u00f3 b\u00fcd\u00f6s...\",\"breadcrumb\":{\"@id\":\"https:\\\/\\\/longkft.hu\\\/audioblog\\\/long-a-grafikus-11-amikor-duhos-lettem-nagyon-nagyon-duhos\\\/#breadcrumb\"},\"inLanguage\":\"hu\",\"potentialAction\":[{\"@type\":\"ReadAction\",\"target\":[\"https:\\\/\\\/longkft.hu\\\/audioblog\\\/long-a-grafikus-11-amikor-duhos-lettem-nagyon-nagyon-duhos\\\/\"]}]},{\"@type\":\"ImageObject\",\"inLanguage\":\"hu\",\"@id\":\"https:\\\/\\\/longkft.hu\\\/audioblog\\\/long-a-grafikus-11-amikor-duhos-lettem-nagyon-nagyon-duhos\\\/#primaryimage\",\"url\":\"https:\\\/\\\/longkft.hu\\\/audioblog\\\/wp-content\\\/uploads\\\/2022\\\/07\\\/osszeomlas-nyito.jpg\",\"contentUrl\":\"https:\\\/\\\/longkft.hu\\\/audioblog\\\/wp-content\\\/uploads\\\/2022\\\/07\\\/osszeomlas-nyito.jpg\",\"width\":1000,\"height\":568},{\"@type\":\"BreadcrumbList\",\"@id\":\"https:\\\/\\\/longkft.hu\\\/audioblog\\\/long-a-grafikus-11-amikor-duhos-lettem-nagyon-nagyon-duhos\\\/#breadcrumb\",\"itemListElement\":[{\"@type\":\"ListItem\",\"position\":1,\"name\":\"Kezd\u0151oldal\",\"item\":\"https:\\\/\\\/longkft.hu\\\/audioblog\\\/\"},{\"@type\":\"ListItem\",\"position\":2,\"name\":\"Long a grafikus 11 &#8211; amikor d\u00fch\u00f6s lettem, nagyon-nagyon d\u00fch\u00f6s&#8230;\"}]},{\"@type\":\"WebSite\",\"@id\":\"https:\\\/\\\/longkft.hu\\\/audioblog\\\/#website\",\"url\":\"https:\\\/\\\/longkft.hu\\\/audioblog\\\/\",\"name\":\"Longaudio\",\"description\":\"50 \u00e9v lemezgy\u0171jtem\u00e9nye \u00e9s audio k\u00e9sz\u00fcl\u00e9kei\",\"publisher\":{\"@id\":\"https:\\\/\\\/longkft.hu\\\/audioblog\\\/#\\\/schema\\\/person\\\/645cabad2d8e942354ed2caeef3aa9ea\"},\"potentialAction\":[{\"@type\":\"SearchAction\",\"target\":{\"@type\":\"EntryPoint\",\"urlTemplate\":\"https:\\\/\\\/longkft.hu\\\/audioblog\\\/?s={search_term_string}\"},\"query-input\":{\"@type\":\"PropertyValueSpecification\",\"valueRequired\":true,\"valueName\":\"search_term_string\"}}],\"inLanguage\":\"hu\"},{\"@type\":[\"Person\",\"Organization\"],\"@id\":\"https:\\\/\\\/longkft.hu\\\/audioblog\\\/#\\\/schema\\\/person\\\/645cabad2d8e942354ed2caeef3aa9ea\",\"name\":\"Long\",\"image\":{\"@type\":\"ImageObject\",\"inLanguage\":\"hu\",\"@id\":\"https:\\\/\\\/longkft.hu\\\/audioblog\\\/wp-content\\\/uploads\\\/2018\\\/01\\\/logo.jpg\",\"url\":\"https:\\\/\\\/longkft.hu\\\/audioblog\\\/wp-content\\\/uploads\\\/2018\\\/01\\\/logo.jpg\",\"contentUrl\":\"https:\\\/\\\/longkft.hu\\\/audioblog\\\/wp-content\\\/uploads\\\/2018\\\/01\\\/logo.jpg\",\"width\":240,\"height\":240,\"caption\":\"Long\"},\"logo\":{\"@id\":\"https:\\\/\\\/longkft.hu\\\/audioblog\\\/wp-content\\\/uploads\\\/2018\\\/01\\\/logo.jpg\"},\"sameAs\":[\"https:\\\/\\\/www.facebook.com\\\/longkft\",\"https:\\\/\\\/hu.pinterest.com\\\/farkas1051\\\/_saved\\\/\"],\"url\":\"https:\\\/\\\/longkft.hu\\\/audioblog\\\/author\\\/audioblogger\\\/\"}]}<\/script>\n<!-- \/ Yoast SEO plugin. -->","yoast_head_json":{"title":"Long a grafikus 11 - amikor d\u00fch\u00f6s lettem, nagyon-nagyon d\u00fch\u00f6s... - Longaudio","description":"Valahol itt szakadhatott el az a bizonyos c\u00e9rna, mert nagyon durv\u00e1n \u00e9s nagyon hosszan k\u00fcldtem el a j\u00f3 b\u00fcd\u00f6s...","robots":{"index":"index","follow":"follow","max-snippet":"max-snippet:-1","max-image-preview":"max-image-preview:large","max-video-preview":"max-video-preview:-1"},"canonical":"https:\/\/longkft.hu\/audioblog\/long-a-grafikus-11-amikor-duhos-lettem-nagyon-nagyon-duhos\/","og_locale":"hu_HU","og_type":"article","og_title":"Long a grafikus 11 - amikor d\u00fch\u00f6s lettem, nagyon-nagyon d\u00fch\u00f6s... - Longaudio","og_description":"Valahol itt szakadhatott el az a bizonyos c\u00e9rna, mert nagyon durv\u00e1n \u00e9s nagyon hosszan k\u00fcldtem el a j\u00f3 b\u00fcd\u00f6s...","og_url":"https:\/\/longkft.hu\/audioblog\/long-a-grafikus-11-amikor-duhos-lettem-nagyon-nagyon-duhos\/","og_site_name":"Longaudio","article_publisher":"https:\/\/www.facebook.com\/longkft","article_author":"https:\/\/www.facebook.com\/longkft","article_published_time":"2022-07-03T17:01:25+00:00","article_modified_time":"2023-04-14T10:51:09+00:00","og_image":[{"width":1000,"height":568,"url":"https:\/\/longkft.hu\/audioblog\/wp-content\/uploads\/2022\/07\/osszeomlas-nyito.jpg","type":"image\/jpeg"}],"author":"Long","twitter_card":"summary_large_image","twitter_misc":{"Szerz\u0151:":"Long","Becs\u00fclt olvas\u00e1si id\u0151":"6 perc"},"schema":{"@context":"https:\/\/schema.org","@graph":[{"@type":"Article","@id":"https:\/\/longkft.hu\/audioblog\/long-a-grafikus-11-amikor-duhos-lettem-nagyon-nagyon-duhos\/#article","isPartOf":{"@id":"https:\/\/longkft.hu\/audioblog\/long-a-grafikus-11-amikor-duhos-lettem-nagyon-nagyon-duhos\/"},"author":{"name":"Long","@id":"https:\/\/longkft.hu\/audioblog\/#\/schema\/person\/645cabad2d8e942354ed2caeef3aa9ea"},"headline":"Long a grafikus 11 &#8211; amikor d\u00fch\u00f6s lettem, nagyon-nagyon d\u00fch\u00f6s&#8230;","datePublished":"2022-07-03T17:01:25+00:00","dateModified":"2023-04-14T10:51:09+00:00","mainEntityOfPage":{"@id":"https:\/\/longkft.hu\/audioblog\/long-a-grafikus-11-amikor-duhos-lettem-nagyon-nagyon-duhos\/"},"wordCount":1278,"commentCount":4,"publisher":{"@id":"https:\/\/longkft.hu\/audioblog\/#\/schema\/person\/645cabad2d8e942354ed2caeef3aa9ea"},"image":{"@id":"https:\/\/longkft.hu\/audioblog\/long-a-grafikus-11-amikor-duhos-lettem-nagyon-nagyon-duhos\/#primaryimage"},"thumbnailUrl":"https:\/\/longkft.hu\/audioblog\/wp-content\/uploads\/2022\/07\/osszeomlas-nyito.jpg","keywords":["Long a grafikus"],"inLanguage":"hu","potentialAction":[{"@type":"CommentAction","name":"Comment","target":["https:\/\/longkft.hu\/audioblog\/long-a-grafikus-11-amikor-duhos-lettem-nagyon-nagyon-duhos\/#respond"]}]},{"@type":"WebPage","@id":"https:\/\/longkft.hu\/audioblog\/long-a-grafikus-11-amikor-duhos-lettem-nagyon-nagyon-duhos\/","url":"https:\/\/longkft.hu\/audioblog\/long-a-grafikus-11-amikor-duhos-lettem-nagyon-nagyon-duhos\/","name":"Long a grafikus 11 - amikor d\u00fch\u00f6s lettem, nagyon-nagyon d\u00fch\u00f6s... - Longaudio","isPartOf":{"@id":"https:\/\/longkft.hu\/audioblog\/#website"},"primaryImageOfPage":{"@id":"https:\/\/longkft.hu\/audioblog\/long-a-grafikus-11-amikor-duhos-lettem-nagyon-nagyon-duhos\/#primaryimage"},"image":{"@id":"https:\/\/longkft.hu\/audioblog\/long-a-grafikus-11-amikor-duhos-lettem-nagyon-nagyon-duhos\/#primaryimage"},"thumbnailUrl":"https:\/\/longkft.hu\/audioblog\/wp-content\/uploads\/2022\/07\/osszeomlas-nyito.jpg","datePublished":"2022-07-03T17:01:25+00:00","dateModified":"2023-04-14T10:51:09+00:00","description":"Valahol itt szakadhatott el az a bizonyos c\u00e9rna, mert nagyon durv\u00e1n \u00e9s nagyon hosszan k\u00fcldtem el a j\u00f3 b\u00fcd\u00f6s...","breadcrumb":{"@id":"https:\/\/longkft.hu\/audioblog\/long-a-grafikus-11-amikor-duhos-lettem-nagyon-nagyon-duhos\/#breadcrumb"},"inLanguage":"hu","potentialAction":[{"@type":"ReadAction","target":["https:\/\/longkft.hu\/audioblog\/long-a-grafikus-11-amikor-duhos-lettem-nagyon-nagyon-duhos\/"]}]},{"@type":"ImageObject","inLanguage":"hu","@id":"https:\/\/longkft.hu\/audioblog\/long-a-grafikus-11-amikor-duhos-lettem-nagyon-nagyon-duhos\/#primaryimage","url":"https:\/\/longkft.hu\/audioblog\/wp-content\/uploads\/2022\/07\/osszeomlas-nyito.jpg","contentUrl":"https:\/\/longkft.hu\/audioblog\/wp-content\/uploads\/2022\/07\/osszeomlas-nyito.jpg","width":1000,"height":568},{"@type":"BreadcrumbList","@id":"https:\/\/longkft.hu\/audioblog\/long-a-grafikus-11-amikor-duhos-lettem-nagyon-nagyon-duhos\/#breadcrumb","itemListElement":[{"@type":"ListItem","position":1,"name":"Kezd\u0151oldal","item":"https:\/\/longkft.hu\/audioblog\/"},{"@type":"ListItem","position":2,"name":"Long a grafikus 11 &#8211; amikor d\u00fch\u00f6s lettem, nagyon-nagyon d\u00fch\u00f6s&#8230;"}]},{"@type":"WebSite","@id":"https:\/\/longkft.hu\/audioblog\/#website","url":"https:\/\/longkft.hu\/audioblog\/","name":"Longaudio","description":"50 \u00e9v lemezgy\u0171jtem\u00e9nye \u00e9s audio k\u00e9sz\u00fcl\u00e9kei","publisher":{"@id":"https:\/\/longkft.hu\/audioblog\/#\/schema\/person\/645cabad2d8e942354ed2caeef3aa9ea"},"potentialAction":[{"@type":"SearchAction","target":{"@type":"EntryPoint","urlTemplate":"https:\/\/longkft.hu\/audioblog\/?s={search_term_string}"},"query-input":{"@type":"PropertyValueSpecification","valueRequired":true,"valueName":"search_term_string"}}],"inLanguage":"hu"},{"@type":["Person","Organization"],"@id":"https:\/\/longkft.hu\/audioblog\/#\/schema\/person\/645cabad2d8e942354ed2caeef3aa9ea","name":"Long","image":{"@type":"ImageObject","inLanguage":"hu","@id":"https:\/\/longkft.hu\/audioblog\/wp-content\/uploads\/2018\/01\/logo.jpg","url":"https:\/\/longkft.hu\/audioblog\/wp-content\/uploads\/2018\/01\/logo.jpg","contentUrl":"https:\/\/longkft.hu\/audioblog\/wp-content\/uploads\/2018\/01\/logo.jpg","width":240,"height":240,"caption":"Long"},"logo":{"@id":"https:\/\/longkft.hu\/audioblog\/wp-content\/uploads\/2018\/01\/logo.jpg"},"sameAs":["https:\/\/www.facebook.com\/longkft","https:\/\/hu.pinterest.com\/farkas1051\/_saved\/"],"url":"https:\/\/longkft.hu\/audioblog\/author\/audioblogger\/"}]}},"_links":{"self":[{"href":"https:\/\/longkft.hu\/audioblog\/wp-json\/wp\/v2\/posts\/12064","targetHints":{"allow":["GET"]}}],"collection":[{"href":"https:\/\/longkft.hu\/audioblog\/wp-json\/wp\/v2\/posts"}],"about":[{"href":"https:\/\/longkft.hu\/audioblog\/wp-json\/wp\/v2\/types\/post"}],"author":[{"embeddable":true,"href":"https:\/\/longkft.hu\/audioblog\/wp-json\/wp\/v2\/users\/2"}],"replies":[{"embeddable":true,"href":"https:\/\/longkft.hu\/audioblog\/wp-json\/wp\/v2\/comments?post=12064"}],"version-history":[{"count":0,"href":"https:\/\/longkft.hu\/audioblog\/wp-json\/wp\/v2\/posts\/12064\/revisions"}],"wp:featuredmedia":[{"embeddable":true,"href":"https:\/\/longkft.hu\/audioblog\/wp-json\/wp\/v2\/media\/12065"}],"wp:attachment":[{"href":"https:\/\/longkft.hu\/audioblog\/wp-json\/wp\/v2\/media?parent=12064"}],"wp:term":[{"taxonomy":"category","embeddable":true,"href":"https:\/\/longkft.hu\/audioblog\/wp-json\/wp\/v2\/categories?post=12064"},{"taxonomy":"post_tag","embeddable":true,"href":"https:\/\/longkft.hu\/audioblog\/wp-json\/wp\/v2\/tags?post=12064"}],"curies":[{"name":"wp","href":"https:\/\/api.w.org\/{rel}","templated":true}]}}