{"id":12440,"date":"2022-11-22T14:03:07","date_gmt":"2022-11-22T14:03:07","guid":{"rendered":"https:\/\/longkft.hu\/audioblog\/?p=12440"},"modified":"2023-09-03T09:33:51","modified_gmt":"2023-09-03T09:33:51","slug":"hungral-mondom-hungral","status":"publish","type":"post","link":"https:\/\/longkft.hu\/audioblog\/hungral-mondom-hungral\/","title":{"rendered":"Hungr\u00e1l &#8211; mondom, Hungr\u00e1l!"},"content":{"rendered":"<p style=\"text-align: left;\"><span style=\"font-size: 12pt;\"><em>English language can be selected in upper left corner (British flag).<\/em>\u00a0Azt, hogy val\u00f3j\u00e1ban mi is az a Hungr\u00e1l, <a href=\"https:\/\/hungral.hu\/\" target=\"_blank\" rel=\"noopener\"><span style=\"color: #ff6600;\">mire val\u00f3, mi\u00e9rt fejlesztett\u00e9k ki<\/span><\/a>, mindenki elolvashatja a weben, elolvashatja egy Hungr\u00e1l prospektusban. Garant\u00e1lt, hogy a fellelhet\u0151 inform\u00e1ci\u00f3k, egyesek arc\u00e1ra mosolyt csalnak, m\u00e1sok teljesen jogos \u00e9s logikus &#8222;k\u00f6lt\u0151i&#8221; k\u00e9rd\u00e9seket tesznek fel. Mindk\u00e9t reakci\u00f3t meg\u00e9rtem \u00e9s abszol\u00fat elfogadom. Term\u00e9szetesen meg\u00e9rtem azokat is, akik eme blogbejegyz\u00e9s ut\u00e1n legyintve &#8222;tov\u00e1bb\u00e1llnak&#8221;, \u00e9s meg\u00e9rtem mindazokat, akik kipr\u00f3b\u00e1lva a Hungr\u00e1l \u00e9lettani hat\u00e1sait, pozit\u00edv v\u00e9lem\u00e9nnyel vannak r\u00f3la. Valamint meg\u00e9rtem mindazon zenehallgat\u00f3t, aki a tapasztalatok alapj\u00e1n azt mondja, k\u00f6telez\u0151 (lenne) Hungr\u00e1l-t tenni minden hangrendszerbe, h\u00e1zimoziba, hangfelv\u00e9teli-st\u00fadi\u00f3ba.<\/span><\/p>\n<p style=\"text-align: center;\"><img loading=\"lazy\" decoding=\"async\" class=\"aligncenter size-full wp-image-12444\" src=\"https:\/\/longkft.hu\/audioblog\/wp-content\/uploads\/2022\/11\/hungral-1.jpg\" alt=\"hungr\u00e1l\" width=\"800\" height=\"373\" srcset=\"https:\/\/longkft.hu\/audioblog\/wp-content\/uploads\/2022\/11\/hungral-1.jpg 800w, https:\/\/longkft.hu\/audioblog\/wp-content\/uploads\/2022\/11\/hungral-1-300x140.jpg 300w, https:\/\/longkft.hu\/audioblog\/wp-content\/uploads\/2022\/11\/hungral-1-768x358.jpg 768w, https:\/\/longkft.hu\/audioblog\/wp-content\/uploads\/2022\/11\/hungral-1-200x93.jpg 200w, https:\/\/longkft.hu\/audioblog\/wp-content\/uploads\/2022\/11\/hungral-1-400x187.jpg 400w\" sizes=\"auto, (max-width: 800px) 100vw, 800px\" \/><\/p>\n<p style=\"text-align: left;\"><span style=\"font-size: 12pt;\">Az elm\u00falt <a href=\"https:\/\/longkft.hu\/audioblog\/kategoria\/tuning\/\" target=\"_blank\" rel=\"noopener\"><span style=\"color: #ff6600;\">6-7 \u00e9vben tett javaslataimat<\/span><\/a> nagyon sokan kipr\u00f3b\u00e1lt\u00e1tok, haszn\u00e1lj\u00e1tok. A k\u00fcl\u00f6nb\u00f6z\u0151 megold\u00e1sokkal kapcsolatban voltak negat\u00edv \u00e9s pozit\u00edv visszajelz\u00e9sek, voltak visszajelz\u00e9sek, melyek semmilyen, vagy csak nagyon pici hat\u00e1sr\u00f3l sz\u00e1moltak be, vagy \u00e9ppen k\u00e9sz\u00fcl\u00e9kcser\u00e9vel fel\u00e9r\u0151 v\u00e1ltoz\u00e1sr\u00f3l. Sok mindent meg\u00e9lt\u00fcnk, megtapasztaltunk k\u00f6z\u00f6sen, \u00e9s \u00fagy v\u00e9lem, jutottunk &#8222;valahov\u00e1&#8221;.<\/span><\/p>\n<p style=\"text-align: left;\"><span style=\"font-size: 12pt;\">Zenehallgat\u00f3-k\u00f6z\u00f6ss\u00e9g\u00fcnk ma m\u00e1r nyitottabban \u00e1ll azon hangz\u00e1sjav\u00edt\u00f3 megold\u00e1sokhoz, melyek hat\u00e1sa ma m\u00e9g kev\u00e9ss\u00e9 \u00e9rthet\u0151, melyeknek l\u00e1tsz\u00f3lag semmi k\u00f6ze az elektronik\u00e1k &#8222;lelki-vil\u00e1g\u00e1hoz&#8221;, semmi k\u00f6ze az akusztik\u00e1hoz, a hangkelt\u00e9s-hang\u00e9rz\u00e9kel\u00e9s fizikai folyamataihoz. &#8222;L\u00e1tsz\u00f3lag&#8221; nincs k\u00f6z\u00fck, de mi, zenehallgat\u00f3k m\u00e9gis halljuk.<\/span><\/p>\n<p style=\"text-align: left;\"><span style=\"font-size: 12pt;\">Az elm\u00falt \u00e9vekben megtapasztaltak vezettek el od\u00e1ig, hogy magam is el\u00e9g nyitott legyek ahhoz, hogy megrendeljek egy Hungr\u00e1l-t, amely &#8222;\u00e9lett\u00e9r-harmoniz\u00e1l\u00f3&#8221; eszk\u00f6z pozit\u00edv \u00e9lettani hat\u00e1sair\u00f3l nagyj\u00e1b\u00f3l egy \u00e9vvel ezel\u0151tt olvastam el\u0151sz\u00f6r.<\/span><\/p>\n<p style=\"text-align: left;\"><span style=\"font-size: 12pt;\">Puszt\u00e1n elvi s\u00edkon t\u00f6bbsz\u00f6r is v\u00e9giggondolva az &#8222;\u00e9lett\u00e9r-harmoniz\u00e1l\u00e1st&#8221;, arra az eredm\u00e9nyre jutottam, hogy ha \u00e9n j\u00f3l \u00e9rzem magamat, akkor az \u00e9rz\u00e9kszerveim jobban m\u0171k\u00f6dnek, agyam befogad\u00f3bb &#8211; ergo, jobbnak fogom hallani a rendszerem reproduk\u00e1lta zen\u00e9t.<\/span><\/p>\n<p style=\"text-align: center;\"><img loading=\"lazy\" decoding=\"async\" class=\"aligncenter wp-image-13091 size-full\" src=\"https:\/\/longkft.hu\/audioblog\/wp-content\/uploads\/2023\/09\/hungral-2_2.jpg\" alt=\"\" width=\"600\" height=\"843\" srcset=\"https:\/\/longkft.hu\/audioblog\/wp-content\/uploads\/2023\/09\/hungral-2_2.jpg 600w, https:\/\/longkft.hu\/audioblog\/wp-content\/uploads\/2023\/09\/hungral-2_2-214x300.jpg 214w, https:\/\/longkft.hu\/audioblog\/wp-content\/uploads\/2023\/09\/hungral-2_2-142x200.jpg 142w, https:\/\/longkft.hu\/audioblog\/wp-content\/uploads\/2023\/09\/hungral-2_2-584x820.jpg 584w, https:\/\/longkft.hu\/audioblog\/wp-content\/uploads\/2023\/09\/hungral-2_2-400x562.jpg 400w\" sizes=\"auto, (max-width: 600px) 100vw, 600px\" \/><\/p>\n<p style=\"text-align: left;\"><span style=\"font-size: 12pt;\">Id\u00e1ig t\u00f6bbsz\u00f6r is eljutottam, de v\u00e9g\u00fcl csak a lak\u00e1s \u00e1talak\u00edt\u00e1sa, rendszer-le\u00e9p\u00edt\u00e9s, vagyis a tot\u00e1lis k\u00e1osz k\u00f6zep\u00e9n hat\u00e1roztam el, hogy na, most azonnal rendelek, mert a k\u00f6rnyezetemre alaposan r\u00e1f\u00e9r a &#8222;harmoniz\u00e1l\u00e1s&#8221;. Ha semmif\u00e9le v\u00e1ltoz\u00e1st nem hoz a Hungr\u00e1l, akkor is mindegy, mert a helyzet rosszabb m\u00e1r \u00fagysem lehet.<\/span><\/p>\n<p style=\"text-align: center;\"><img loading=\"lazy\" decoding=\"async\" class=\"aligncenter size-full wp-image-12443\" src=\"https:\/\/longkft.hu\/audioblog\/wp-content\/uploads\/2022\/11\/hungral.jpg\" alt=\"hungr\u00e1l\" width=\"600\" height=\"498\" srcset=\"https:\/\/longkft.hu\/audioblog\/wp-content\/uploads\/2022\/11\/hungral.jpg 600w, https:\/\/longkft.hu\/audioblog\/wp-content\/uploads\/2022\/11\/hungral-300x249.jpg 300w, https:\/\/longkft.hu\/audioblog\/wp-content\/uploads\/2022\/11\/hungral-200x166.jpg 200w, https:\/\/longkft.hu\/audioblog\/wp-content\/uploads\/2022\/11\/hungral-400x332.jpg 400w\" sizes=\"auto, (max-width: 600px) 100vw, 600px\" \/><\/p>\n<p style=\"text-align: left;\"><span style=\"font-size: 12pt;\">Megj\u00f6tt a Hungr\u00e1l, <a href=\"https:\/\/hungral.hu\/hungral-elhelyezese\/\" target=\"_blank\" rel=\"noopener\"><span style=\"color: #ff6600;\">letettem a javasolt hely\u00e9re a javasolt m\u00f3don<\/span><\/a>, majd vissza\u00fcltem dolgozni, mik\u00f6zben \u00fajraind\u00edtottam a zen\u00e9t megmaradt h\u00e1zimozimon. Nagyj\u00e1b\u00f3l n\u00e9h\u00e1ny perc telhetett el a felismer\u00e9s, az oda-vissza pr\u00f3ba, majd az \u00fajabb Hungr\u00e1lok megrendel\u00e9se k\u00f6z\u00f6tt. \u00dagy d\u00f6nt\u00f6ttem, beteszem a nappalinkba a javasolt h\u00e1rom szettet, \u00e9s teszek a h\u00e1l\u00f3ba is.<\/span><\/p>\n<p style=\"text-align: left;\"><span style=\"font-size: 12pt;\">&#8230;mert a Hungr\u00e1l olyan hat\u00e1ssal volt r\u00e1m, aminek eredm\u00e9nyek\u00e9nt sim\u00e1bbnak, teresebbnek hallottam a hangot, \u00e9s tiszt\u00e1bbnak l\u00e1ttam a munkamonitoromat. Kontrasztosabbnak, nem \u00f6sszefoly\u00f3nak l\u00e1ttam rajta azokat a bet\u0171m\u00e9reteket is, melyek elolvas\u00e1s\u00e1hoz id\u0151nk\u00e9nt m\u00e1r szem\u00fcvegre volt sz\u00fcks\u00e9gem.<\/span><\/p>\n<p style=\"text-align: left;\"><span style=\"font-size: 12pt;\">Megj\u00f6tt a m\u00e1sodik rendel\u00e9s, \u00e9s a feh\u00e9r cserepeket a javasolt matrjoska baba elrendez\u00e9ssel (nagyban kicsi cser\u00e9p, abban pedig a legkisebb) elhelyeztem a nappaliban \u00e9s a h\u00e1l\u00f3ban. Egy\u00e9rtelm\u0171en tov\u00e1bb javult az \u00e9letterem, mert javult a hang\u00e9rzetem, javult a l\u00e1t\u00e1som &#8211; m\u00e9g jobbnak hallottam a megsz\u00f3lal\u00f3 zen\u00e9t, \u00e9s m\u00e9g \u00e9lesebbnek a monitoromat.<\/span><\/p>\n<p style=\"text-align: left;\"><span style=\"font-size: 12pt;\">Nem sokat gondolkodtam az okokon, egyszer\u0171en \u00f6r\u00fcltem az eredm\u00e9nynek, \u00e9s elhat\u00e1roztam, hogy \u00edrok p\u00e1r sort arr\u00f3l, hogy a Hungr\u00e1l \u00e9lettani hat\u00e1sainak k\u00f6sz\u00f6nhet\u0151en javulnak \u00e9rz\u00e9kszerveink. No, de ennyit?<\/span><\/p>\n<p style=\"text-align: center;\"><img loading=\"lazy\" decoding=\"async\" class=\"aligncenter wp-image-12446 size-full\" src=\"https:\/\/longkft.hu\/audioblog\/wp-content\/uploads\/2022\/11\/hungral-3.jpg\" alt=\"h\u00e1zimozi\" width=\"800\" height=\"454\" srcset=\"https:\/\/longkft.hu\/audioblog\/wp-content\/uploads\/2022\/11\/hungral-3.jpg 800w, https:\/\/longkft.hu\/audioblog\/wp-content\/uploads\/2022\/11\/hungral-3-300x170.jpg 300w, https:\/\/longkft.hu\/audioblog\/wp-content\/uploads\/2022\/11\/hungral-3-768x436.jpg 768w, https:\/\/longkft.hu\/audioblog\/wp-content\/uploads\/2022\/11\/hungral-3-200x114.jpg 200w, https:\/\/longkft.hu\/audioblog\/wp-content\/uploads\/2022\/11\/hungral-3-400x227.jpg 400w\" sizes=\"auto, (max-width: 800px) 100vw, 800px\" \/><\/p>\n<p style=\"text-align: left;\"><span style=\"font-size: 12pt;\">Felh\u00edvtam n\u00e9h\u00e1ny bar\u00e1tomat, ismer\u0151s\u00f6met, akiknek javasoltam a cserepek beszerz\u00e9s\u00e9t, \u00e9s \u00e9rtes\u00fcltem m\u00e1s zenehallgat\u00f3kt\u00f3l &#8211; akikkel nem besz\u00e9lt\u00fcnk \u00f6ssze, s\u0151t, \u00e9vek \u00f3ta nem is besz\u00e9lt\u00fcnk &#8211; hasonl\u00f3 eredm\u00e9nyekr\u0151l.<\/span><\/p>\n<p style=\"text-align: left;\"><span style=\"font-size: 12pt;\">&#8222;Tov\u00e1bbl\u00e9pve&#8221; a dolgon, \u00e9ltem tov\u00e1bb a szorgos mindennapokat, amikor sz\u00e9p lassan tudatosult bennem, hogy a konyhai TV-nk k\u00e9pe, hangja is v\u00e1ltozott a Hungr\u00e1l hat\u00e1s\u00e1ra, valamint a h\u00e1z h\u00e1ts\u00f3 r\u00e9sz\u00e9n l\u00e9v\u0151 rumliszob\u00e1ban a telefonr\u00f3l n\u00e9zett (NETFLIX) filmek hm-er\u0151s\u00edt\u0151re k\u00fcld\u00f6tt hangja is megv\u00e1ltozott. S\u0151t, a nappaliban sz\u00f3l\u00f3 zen\u00e9t nem csak a nappaliban, hanem a konyh\u00e1ban is, az emeleten is jobbnak, igazibbnak hallom, pedig a Hungr\u00e1l hat\u00e1sa akkora t\u00e1vols\u00e1gban m\u00e1r nem j\u00f6n l\u00e9tre.<\/span><\/p>\n<p style=\"text-align: left;\"><span style=\"font-size: 12pt;\">Tettem n\u00e9h\u00e1ny &#8211; val\u00f3j\u00e1ban nagyon sok &#8211; pr\u00f3b\u00e1t, \u00e9s k\u00e9nytelen voltam arra az eredm\u00e9nyre jutni, hogy a Hungr\u00e1l nem csak r\u00e1nk, mint \u00e9l\u0151 szervezetre hat, hanem az elektronik\u00e1kra, hangsug\u00e1rz\u00f3kra is &#8211; az eml\u00edtett esetekben pl. a modemre \u00e9s routerre, t\u00e1psz\u0171r\u0151kre.<\/span><\/p>\n<h3 style=\"text-align: left;\"><span style=\"font-size: 14pt;\">&#8222;Ha a lehetetlent kiz\u00e1rtuk, ami marad, az az igazs\u00e1g, ak\u00e1rmilyen val\u00f3sz\u00edn\u0171tlen legyen is.&#8221;<\/span><\/h3>\n<p style=\"text-align: left;\"><span style=\"font-size: 12pt;\">A felismer\u00e9s ut\u00e1n felgyorsultak az esem\u00e9nyek, de a blogcikk meg\u00edr\u00e1sa csak tol\u00f3dott, tol\u00f3dott, aminek oka a Sherlock Holmes \u00e1ltal eml\u00edtett &#8222;ak\u00e1rmilyen val\u00f3sz\u00edn\u0171tlens\u00e9g&#8221;. Nagyon egyszer\u0171 lett volna mindent az akusztik\u00e1ra fogni &#8211; tett\u00fcnk is ilyen ir\u00e1ny\u00fa k\u00eds\u00e9rleteket -, de az, hogy a TV-k\u00e9p is megv\u00e1ltozik, k\u00e9ts\u00e9ges\u00e9 teszi, de nem z\u00e1rja ki. Nem z\u00e1rja ki, mert a pl. ugyanazon kb. 15&#215;15 centis ter\u00fcleten t\u00f6rt\u00e9n\u0151 k\u00e9tf\u00e9le elrendez\u00e9ssel m\u00e9lys\u00e9g\u00e9ben, vagy sz\u00e9lt\u00e9ben lehet a hangsz\u00ednpadot megn\u00f6velni.<\/span><\/p>\n<p style=\"text-align: center;\"><img loading=\"lazy\" decoding=\"async\" class=\"aligncenter size-full wp-image-12447\" src=\"https:\/\/longkft.hu\/audioblog\/wp-content\/uploads\/2022\/11\/hungral-4.jpg\" alt=\"hungr\u00e1l 4\" width=\"600\" height=\"963\" srcset=\"https:\/\/longkft.hu\/audioblog\/wp-content\/uploads\/2022\/11\/hungral-4.jpg 600w, https:\/\/longkft.hu\/audioblog\/wp-content\/uploads\/2022\/11\/hungral-4-187x300.jpg 187w, https:\/\/longkft.hu\/audioblog\/wp-content\/uploads\/2022\/11\/hungral-4-125x200.jpg 125w, https:\/\/longkft.hu\/audioblog\/wp-content\/uploads\/2022\/11\/hungral-4-511x820.jpg 511w, https:\/\/longkft.hu\/audioblog\/wp-content\/uploads\/2022\/11\/hungral-4-400x642.jpg 400w\" sizes=\"auto, (max-width: 600px) 100vw, 600px\" \/><\/p>\n<p style=\"text-align: left;\"><span style=\"font-size: 12pt;\">Igen fontos felismer\u00e9s volt, hogy a &#8222;gy\u00e1ri&#8221; javaslattal szemben a k\u00fcl\u00f6nb\u00f6z\u0151 m\u00e9ret\u0171 ker\u00e1mi\u00e1kat egym\u00e1s mellett, egy sorban kell elhelyezni. Nagyon fontos felismer\u00e9s volt az is &#8211; amit ez\u00faton (is) k\u00f6sz\u00f6n\u00f6k a nevetekben is Attila bar\u00e1tomnak -, hogy a Hungr\u00e1lok szeretnek &#8222;csoportosulni&#8221;, viszont, nem szeretnek egym\u00e1shoz \u00e9rni.<\/span><\/p>\n<p style=\"text-align: left;\"><span style=\"font-size: 12pt;\">A sok-sok, k\u00fcl\u00f6nb\u00f6z\u0151 szob\u00e1kban, k\u00fcl\u00f6nb\u00f6z\u0151 rendszerekben volt meghallgat\u00e1s, egy\u00e9rtelm\u0171en azt az eredm\u00e9nyt hozta, hogy ennek a besz\u00e1mol\u00f3nak meg kell sz\u00fcletnie, \u00e9s a Hungr\u00e1l pozit\u00edv hat\u00e1saira fel kell h\u00edvnom minden hifista, &#8222;h\u00e1zimozista&#8221; figyelm\u00e9t.<\/span><\/p>\n<h3 style=\"text-align: left;\"><span style=\"font-size: 14pt;\">Teh\u00e1t akkor a Hungr\u00e1l javaslatok, hat\u00e1sok hangrendszerben, h\u00e1zimoziban.<\/span><\/h3>\n<p style=\"text-align: left;\"><span style=\"font-size: 12pt;\">A Hungr\u00e1l h\u00e1rom, k\u00fcl\u00f6nb\u00f6z\u0151 m\u00e9ret\u0171 &#8222;ed\u00e9nyb\u0151l&#8221; \u00e1ll, melyeket az &#8222;\u00e9lett\u00e9rharmoniz\u00e1ci\u00f3s&#8221; javaslat szerint egym\u00e1sra t\u00e9ve (martjoska baba) kell elhelyezni a szoba, a lak\u00e1s k\u00fcl\u00f6nb\u00f6z\u0151 ter\u00fcletein, a f\u00f6ld\u00f6n. M\u00e1r \u00edgy is \u00e9rz\u00e9kelhet\u0151, egy\u00e9rtelm\u0171en pozit\u00edv v\u00e1ltoz\u00e1st hoz a hang- \u00e9s k\u00e9pmin\u0151s\u00e9gben, \u00e9s egyben pozit\u00edvan befoly\u00e1solja alv\u00e1sunkat, valamint &#8211; \u00fagy v\u00e9lem -, olyan, mint egy &#8222;lesz@rom&#8221; tabletta. Nagyobb lesz t\u0151le (t\u0151l\u00fck) a stresszt\u0171r\u0151-k\u00e9pess\u00e9g\u00fcnk.<\/span><\/p>\n<p style=\"text-align: left;\"><span style=\"font-size: 12pt;\">B\u00e1r, pr\u00f3bak\u00e9nt a legt\u00f6bben egy darabot v\u00e1s\u00e1roln\u00e1nak, azonban r\u00e1 kell, hogy besz\u00e9ljelek titeket a h\u00e1rom k\u00e9szletre, aminek nagyon egyszer\u0171 oka van. A &#8222;gy\u00e1ri&#8221; elrendez\u00e9s eset\u00e9ben 3-4 az a Hungr\u00e1l mennyis\u00e9g, aminek hat\u00e1sa m\u00e9g hallhat\u00f3, \u00e9rz\u00e9kelhet\u0151. A harmadik hat\u00e1s\u00e1t m\u00e9g (szinte) mindenki \u00e9rz\u00e9keli, a negyediket m\u00e1r csak nagyon kevesen.<\/span><\/p>\n<p style=\"text-align: left;\"><span style=\"font-size: 12pt;\">A most javaslatra ker\u00fcl\u0151 elrendez\u00e9sben, az els\u0151 k\u00e9t szett egym\u00e1st er\u0151s\u00edtve megn\u00f6veli, tapinthat\u00f3v\u00e1 teszi a teret, sim\u00e1bb\u00e1, torz\u00edtatlanabb\u00e1 a hangot. A harmadik szett bet\u00e9tele azonban, valami m\u00e1s, igen fontos v\u00e1ltoz\u00e1st hoz. A harmadik meghozza azt a basszust, azt a m\u00e9lytartom\u00e1nyt, testet, amit hangsug\u00e1rz\u00f3nkt\u00f3l reproduk\u00e1lhatatlannak tartunk. Minden hangsug\u00e1rz\u00f3 &#8211; f\u00fcggetlen\u00fcl a m\u00e9rett\u0151l &#8211; a megszokotthoz, a t\u0151le elv\u00e1rhat\u00f3hoz k\u00e9pest gyorsabb, pontosabb, \u00fct\u0151sebb, \u00e9s m\u00e9lyebbre hatol\u00f3 basszustartom\u00e1nyt sz\u00f3laltat meg. Egy\u00e9rtelm\u0171v\u00e9 v\u00e1lik, hogy a Hungr\u00e1lok torz\u00edt\u00e1sokat sz\u0171ntetnek meg, amit mi sem jelez pregn\u00e1nsabban, mint az, hogy kedv\u00fcnk lesz feljebb tekerni a hanger\u0151t.<\/span><\/p>\n<p style=\"text-align: center;\"><img loading=\"lazy\" decoding=\"async\" class=\"aligncenter size-full wp-image-12448\" src=\"https:\/\/longkft.hu\/audioblog\/wp-content\/uploads\/2022\/11\/hungral-5.jpg\" alt=\"hungr\u00e1l 5\" width=\"600\" height=\"750\" srcset=\"https:\/\/longkft.hu\/audioblog\/wp-content\/uploads\/2022\/11\/hungral-5.jpg 600w, https:\/\/longkft.hu\/audioblog\/wp-content\/uploads\/2022\/11\/hungral-5-240x300.jpg 240w, https:\/\/longkft.hu\/audioblog\/wp-content\/uploads\/2022\/11\/hungral-5-160x200.jpg 160w, https:\/\/longkft.hu\/audioblog\/wp-content\/uploads\/2022\/11\/hungral-5-400x500.jpg 400w\" sizes=\"auto, (max-width: 600px) 100vw, 600px\" \/><\/p>\n<p style=\"text-align: left;\"><span style=\"font-size: 12pt;\">Ez a cs\u00f6kkentett (-nek hallhat\u00f3) torz\u00edt\u00e1s \u00e9pp\u00fagy megjelenik sz\u00f3l\u00f3hangszeren, mint nagyzenekarn\u00e1l, \u00e9pp\u00fagy megjelenik \u00e9nekhangon, mint elektronikus zen\u00e9n. Minden hang, mindenfajta zene befogadhat\u00f3bb\u00e1, zeneibb\u00e9 v\u00e1lik, megn\u0151 a zenehallgat\u00e1si kedv \u00e9s a zenehallgat\u00e1ssal t\u00f6lt\u00f6tt id\u0151.<\/span><\/p>\n<p style=\"text-align: left;\"><span style=\"font-size: 12pt;\">A pr\u00f3b\u00e1k sor\u00e1n meghallgatott minden rendszer hangj\u00e1ban megjelent egyfajta k\u00e9pszer\u0171s\u00e9g. Olyan \u00e9rz\u00e9s, mintha a zen\u00e9t, a zen\u00e9szeket nem csak hallan\u00e1nk, hanem l\u00e1tn\u00e1nk is. Ezt alapvet\u0151en csak a rendszerek egy sz\u0171k r\u00e9tege tudja, \u00edgy a stabil \u00e9s pontos basszus mellett ez a m\u00e1sik legfontosabb pozit\u00edvuma a Hungr\u00e1loknak.<\/span><\/p>\n<p style=\"text-align: left;\"><span style=\"font-size: 12pt;\">Tov\u00e1bbn\u00f6velve az ugyanazon sz\u0171k ter\u00fcleten l\u00e9v\u0151 Hungr\u00e1l sz\u00e1mot, \u00f6t darabig tov\u00e1bbi javul\u00e1s \u00e9rz\u00e9kelhet\u0151, de m\u00e1r csak egyre kisebb m\u00e9rt\u00e9k\u0171 v\u00e1ltoz\u00e1ssal &#8211; s\u0151t, a hatodik bet\u00e9tel\u00e9vel visszaes\u00e9s k\u00f6vetkezik be. Teh\u00e1t ha valaki szeretn\u00e9 kihozni a maximumot, maradjon az \u00f6tn\u00e9l, optim\u00e1lis helyzetben pedig a h\u00e1romn\u00e1l.<\/span><\/p>\n<p style=\"text-align: center;\"><img loading=\"lazy\" decoding=\"async\" class=\"aligncenter size-full wp-image-12449\" src=\"https:\/\/longkft.hu\/audioblog\/wp-content\/uploads\/2022\/11\/hungral-6.jpg\" alt=\"hungr\u00e1l 6\" width=\"600\" height=\"406\" srcset=\"https:\/\/longkft.hu\/audioblog\/wp-content\/uploads\/2022\/11\/hungral-6.jpg 600w, https:\/\/longkft.hu\/audioblog\/wp-content\/uploads\/2022\/11\/hungral-6-300x203.jpg 300w, https:\/\/longkft.hu\/audioblog\/wp-content\/uploads\/2022\/11\/hungral-6-200x135.jpg 200w, https:\/\/longkft.hu\/audioblog\/wp-content\/uploads\/2022\/11\/hungral-6-400x271.jpg 400w\" sizes=\"auto, (max-width: 600px) 100vw, 600px\" \/><\/p>\n<p style=\"text-align: left;\"><span style=\"font-size: 12pt;\">A javasolt elrendez\u00e9st k\u00e9retik megvari\u00e1lni, mert t\u00f6bb f\u00fcl t\u00f6bbet hall alapon, lehetnek m\u00e1s opci\u00f3k. P\u00e9ld\u00e1ul, ha a sz\u00e9ls\u0151 Hungr\u00e1lok eset\u00e9ben a sorozatot jobbra-balra \u00e9p\u00edtj\u00fck fel, akkor a t\u00e9r kit\u00e1gul oldalra, de a hang vesz\u00edt a melegs\u00e9g\u00e9b\u0151l, simas\u00e1g\u00e1b\u00f3l. Ugyanez a helyzet a h\u00e1trafel\u00e9 &#8222;\u00e9p\u00edtkez\u00e9s&#8221; eset\u00e9n is. N\u0151 h\u00e1trafel\u00e9 a t\u00e9r, de cs\u00f6kken a &#8222;simas\u00e1g&#8221;. Azonban, vannak helyzetek, melyek nem tesznek lehet\u0151v\u00e9 m\u00e1s elrendez\u00e9st.<\/span><\/p>\n<p style=\"text-align: center;\"><img loading=\"lazy\" decoding=\"async\" class=\"aligncenter size-full wp-image-12450\" src=\"https:\/\/longkft.hu\/audioblog\/wp-content\/uploads\/2022\/11\/hungral-7.jpg\" alt=\"\" width=\"600\" height=\"406\" srcset=\"https:\/\/longkft.hu\/audioblog\/wp-content\/uploads\/2022\/11\/hungral-7.jpg 600w, https:\/\/longkft.hu\/audioblog\/wp-content\/uploads\/2022\/11\/hungral-7-300x203.jpg 300w, https:\/\/longkft.hu\/audioblog\/wp-content\/uploads\/2022\/11\/hungral-7-200x135.jpg 200w, https:\/\/longkft.hu\/audioblog\/wp-content\/uploads\/2022\/11\/hungral-7-400x271.jpg 400w\" sizes=\"auto, (max-width: 600px) 100vw, 600px\" \/><\/p>\n<h3 style=\"text-align: left;\"><span style=\"font-size: 14pt;\">\u00c9rdekes m\u00f3don az egy csoportban l\u00e9v\u0151 Hungr\u00e1l eset\u00e9ben \u00f6t t\u0171nik &#8222;hat\u00e1rmennyis\u00e9gnek&#8221;, azonban k\u00fcl\u00f6n csoportokat l\u00e9trehozva, betehet\u00fcnk rendszer\u00fcnkbe ak\u00e1r hat, vagy t\u00f6bb darabot is.<\/span><\/h3>\n<p style=\"text-align: left;\"><span style=\"font-size: 12pt;\">Vannak olyan elrendez\u00e9sek, melyek eset\u00e9ben a &#8222;kecske is, k\u00e1poszta is&#8221; j\u00f3l j\u00e1r. K\u00f6z\u00e9pen meg\u0151rizve az \u00f6t\u00f6s elrendez\u00e9st, \u00e9s ezzel meg\u0151rizve minden hangi pozit\u00edvumot, tov\u00e1bb n\u00f6velhetj\u00fck a hangsz\u00ednpad m\u00e9ret\u00e9t, a l\u00e9gteret, ha a zenehallgat\u00f3val szemben, lehet\u0151leg az &#8222;\u00f6t\u00f6s, vagy h\u00e1rmas csoporttal&#8221; egyvonalban jobb \u00e9s baloldalon a falak mellett, vagy \u00e9ppen, mint a k\u00e9pen, polc mellett elhelyez\u00fcnk tov\u00e1bbi egy-egy (kett\u0151-kett\u0151) Hungr\u00e1lt.<\/span><\/p>\n<p style=\"text-align: center;\"><img loading=\"lazy\" decoding=\"async\" class=\"aligncenter size-full wp-image-12451\" src=\"https:\/\/longkft.hu\/audioblog\/wp-content\/uploads\/2022\/11\/hungral-8.jpg\" alt=\"\" width=\"600\" height=\"426\" srcset=\"https:\/\/longkft.hu\/audioblog\/wp-content\/uploads\/2022\/11\/hungral-8.jpg 600w, https:\/\/longkft.hu\/audioblog\/wp-content\/uploads\/2022\/11\/hungral-8-300x213.jpg 300w, https:\/\/longkft.hu\/audioblog\/wp-content\/uploads\/2022\/11\/hungral-8-200x142.jpg 200w, https:\/\/longkft.hu\/audioblog\/wp-content\/uploads\/2022\/11\/hungral-8-400x284.jpg 400w\" sizes=\"auto, (max-width: 600px) 100vw, 600px\" \/><\/p>\n<p style=\"text-align: left;\"><span style=\"font-size: 12pt;\">Mivel tapasztaltunk m\u00e1r ilyesmit virtu\u00e1lisf\u00f6ldekkel, p\u00e1rhuzamos t\u00e1psz\u0171r\u0151kkel kapcsolatban is, ez\u00e9rt m\u00e1r meg sem lep\u0151dt\u00fcnk, hogy a pr\u00f3b\u00e1k sor\u00e1n t\u00f6bbsz\u00f6r is egy\u00e9rtelm\u0171 volt, hogy nem tiszt\u00e1n A-B, vele, vagy n\u00e9lk\u00fcle helyzetr\u0151l van sz\u00f3. Van egy C \u00e1llapot is, ami bizonyos id\u0151 eltelt\u00e9vel alakul ki. Gyors A-B tesztek alatt kev\u00e9ss\u00e9 \u00e9rz\u00e9kelni, de egy-egy hosszabb zener\u00e9szlet, komplett lemez meghallgat\u00e1sa sor\u00e1n m\u00e1r egy\u00e9rtelm\u0171en hallhat\u00f3.<\/span><\/p>\n<p style=\"text-align: center;\"><img loading=\"lazy\" decoding=\"async\" class=\"aligncenter size-full wp-image-12453\" src=\"https:\/\/longkft.hu\/audioblog\/wp-content\/uploads\/2022\/11\/hungral-9.jpg\" alt=\"\" width=\"800\" height=\"470\" srcset=\"https:\/\/longkft.hu\/audioblog\/wp-content\/uploads\/2022\/11\/hungral-9.jpg 800w, https:\/\/longkft.hu\/audioblog\/wp-content\/uploads\/2022\/11\/hungral-9-300x176.jpg 300w, https:\/\/longkft.hu\/audioblog\/wp-content\/uploads\/2022\/11\/hungral-9-768x451.jpg 768w, https:\/\/longkft.hu\/audioblog\/wp-content\/uploads\/2022\/11\/hungral-9-200x118.jpg 200w, https:\/\/longkft.hu\/audioblog\/wp-content\/uploads\/2022\/11\/hungral-9-400x235.jpg 400w\" sizes=\"auto, (max-width: 800px) 100vw, 800px\" \/><\/p>\n<p style=\"text-align: left;\"><span style=\"font-size: 12pt;\">\u00dagy v\u00e9lem, hogy kell egy bizonyos id\u0151 a teljes hat\u00e1s fel\u00e9p\u00fcl\u00e9s\u00e9hez, ugyan\u00fagy, mint a teljes megsz\u0171n\u00e9s\u00e9hez. Ez \u00fagy jelentkezik, hogy a Hungr\u00e1l bet\u00e9tele eset\u00e9n nagyobb v\u00e1ltoz\u00e1st \u00e9rz\u00fcnk, mint kiv\u00e9telkor, ha az eltelt id\u0151 legal\u00e1bb 8-10 perc. Sajnos, a kiv\u00e9tel ut\u00e1n nagyon gyorsan vissza\u00e1ll a kor\u00e1bbi, kev\u00e9sb\u00e9 \u00e9l\u0151, torzabb, kopog\u00f3s, sz\u0171k, t\u00e9rm\u00e9lys\u00e9g n\u00e9lk\u00fcli hangk\u00e9p &#8211; amit pedig a Hungr\u00e1l elhelyez\u00e9se el\u0151tt oly j\u00f3nak tal\u00e1ltunk. Eme &#8222;visszal\u00e9p\u00e9s&#8221; miatt t\u00f6bben is megut\u00e1ltak, amikor a saj\u00e1t Hungr\u00e1ljaimat egy-egy bar\u00e1ti bemutat\u00f3 ut\u00e1n elcsomagoltam, \u00e9s hazavittem&#8230;<\/span><\/p>\n<span>Megosztom:<\/span><br><a target=\"_blank\" class=\"facebook\" title=\"\" rel=\"external\" href=\"https:\/\/www.facebook.com\/share.php?u=https:\/\/longkft.hu\/audioblog\/hungral-mondom-hungral\/&title=Hungr\u00e1l &#8211; mondom, Hungr\u00e1l!\"><\/a><a target=\"_blank\" class=\"linkedin\" title=\"\" rel=\"external\" href=\"http:\/\/www.linkedin.com\/shareArticle?mini=true&amp;url=https%3A%2F%2Flongkft.hu%2Faudioblog%2Fhungral-mondom-hungral%2F&amp;title=Hungr%C3%A1l+%26%238211%3B+mondom%2C+Hungr%C3%A1l%21&amp;summary=%3Cp+style%3D%22text-align%3A+left%3B%22%3E%3Cspan+style%3D%22font-size%3A+12pt%3B%22%3E%3Cem%3EEnglish+language+can+be+selected+in+upper+left+corner+%28British+flag%29.%3C%2Fem%3E%C2%A0Azt%2C+hogy+val%C3%B3j%C3%A1ban+mi+is+az+a+Hungr%C3%A1l%2C+%3Ca+href%3D%22https%3A%2F%2Fhungral.hu%2F%22+target%3D%22_blank%22+rel%3D%22noopener%22%3E%3Cspan+style%3D%22color%3A+%23ff6600%3B%22%3Emire+val%C3%B3%2C+mi%C3%A9rt+fejlesztett%C3%A9k+ki%3C%2Fspan%3E%3C%2Fa%3E%2C+mindenki+elolvashatja+a+weben%2C+elolvashatja+egy+Hungr%C3%A1l+prospektusban.+Garant%C3%A1lt%2C+hogy+a+fellelhet%C5%91+inform%C3%A1ci%C3%B3k%2C+egyesek+arc%C3%A1ra+mosolyt+csalnak%2C+m%C3%A1sok+teljesen+jogos+%C3%A9s+logikus+%22k%C3%B6lt%C5%91i%22+k%C3%A9rd%C3%A9seket+tesznek+fel.+Mindk%C3%A9t+reakci%C3%B3t+meg%C3%A9rtem+%C3%A9s+abszol%C3%BAt+elfogadom.+Term%C3%A9szetesen+meg%C3%A9rtem+azokat+is%2C+akik+eme+blogbejegyz%C3%A9s+ut%C3%A1n+legyintve+%22tov%C3%A1bb%C3%A1llnak%22%2C+%C3%A9s+meg%C3%A9rtem+mindazokat%2C+akik+kipr%C3%B3b%C3%A1lva+a+Hungr%C3%A1l+%C3%A9lettani+hat%C3%A1sait%2C+pozit%C3%ADv+v%C3%A9lem%C3%A9nnyel+vannak+r%C3%B3la.+Valamint+meg%C3%A9rtem+mindazon+zenehallgat%C3%B3t%2C+aki+a+tapasztalatok+alapj%C3%A1n+azt+mondja%2C+k%C3%B6telez%C5%91+%28lenne%29+Hungr%C3%A1l-t+tenni+minden+hangrendszerbe%2C+h%C3%A1zimoziba%2C+hangfelv%C3%A9teli-st%C3%BAdi%C3%B3ba.%3C%2Fspan%3E%3C%2Fp%3E%0D%0A%3Cp+style%3D%22text-align%3A+center%3B%22%3E%3Cimg+class%3D%22aligncenter+size-full+wp-image-12444%22+src%3D%22https%3A%2F%2Flongkft.hu%2Faudioblog%2Fwp-content%2Fuploads%2F2022%2F11%2Fhungral-1.jpg%22+alt%3D%22hungr%C3%A1l%22+width%3D%22800%22+height%3D%22373%22+%2F%3E%3C%2Fp%3E%0D%0A%3Cp+style%3D%22text-align%3A+left%3B%22%3E%3Cspan+style%3D%22font-size%3A+12pt%3B%22%3EAz+elm%C3%BAlt+%3Ca+href%3D%22https%3A%2F%2Flongkft.hu%2Faudioblog%2Fkategoria%2Ftuning%2F%22+target%3D%22_blank%22+rel%3D%22noopener%22%3E%3Cspan+style%3D%22color%3A+%23ff6600%3B%22%3E6-7+%C3%A9vben+tett+javaslataimat%3C%2Fspan%3E%3C%2Fa%3E+nagyon+sokan+kipr%C3%B3b%C3%A1lt%C3%A1tok%2C+haszn%C3%A1lj%C3%A1tok.+A+k%C3%BCl%C3%B6nb%C3%B6z%C5%91+megold%C3%A1sokkal+kapcsolatban+voltak+negat%C3%ADv+%C3%A9s+pozit%C3%ADv+visszajelz%C3%A9sek%2C+voltak+visszajelz%C3%A9sek%2C+melyek+semmilyen%2C+vagy+csak+nagyon+pici+hat%C3%A1sr%C3%B3l+sz%C3%A1moltak+be%2C+vagy+%C3%A9ppen+k%C3%A9sz%C3%BCl%C3%A9kcser%C3%A9vel+fel%C3%A9r%C5%91+v%C3%A1ltoz%C3%A1sr%C3%B3l.+Sok+mindent+meg%C3%A9lt%C3%BCnk%2C+megtapasztaltunk+k%C3%B6z%C3%B6sen%2C+%C3%A9s+%C3%BAgy+v%C3%A9lem%2C+jutottunk+%22valahov%C3%A1%22.%3C%2Fspan%3E%3C%2Fp%3E%0D%0A%3Cp+style%3D%22text-align%3A+left%3B%22%3E%3Cspan+style%3D%22font-size%3A+12pt%3B%22%3EZenehallgat%C3%B3-k%C3%B6z%C3%B6ss%C3%A9g%C3%BCnk+ma+m%C3%A1r+nyitottabban+%C3%A1ll+azon+hangz%C3%A1sjav%C3%ADt%C3%B3+megold%C3%A1sokhoz%2C+melyek+hat%C3%A1sa+ma+m%C3%A9g+kev%C3%A9ss%C3%A9+%C3%A9rthet%C5%91%2C+melyeknek+l%C3%A1tsz%C3%B3lag+semmi+k%C3%B6ze+az+elektronik%C3%A1k+%22lelki-vil%C3%A1g%C3%A1hoz%22%2C+semmi+k%C3%B6ze+az+akusztik%C3%A1hoz%2C+a+hangkelt%C3%A9s-hang%C3%A9rz%C3%A9kel%C3%A9s+fizikai+folyamataihoz.+%22L%C3%A1tsz%C3%B3lag%22+nincs+k%C3%B6z%C3%BCk%2C+de+mi%2C+zenehallgat%C3%B3k+m%C3%A9gis+halljuk.%3C%2Fspan%3E%3C%2Fp%3E%0D%0A%3Cp+style%3D%22text-align%3A+left%3B%22%3E%3Cspan+style%3D%22font-size%3A+12pt%3B%22%3EAz+elm%C3%BAlt+%C3%A9vekben+megtapasztaltak+vezettek+el+od%C3%A1ig%2C+hogy+magam+is+el%C3%A9g+nyitott+legyek+ahhoz%2C+hogy+megrendeljek+egy+Hungr%C3%A1l-t%2C+amely+%22%C3%A9lett%C3%A9r-harmoniz%C3%A1l%C3%B3%22+eszk%C3%B6z+pozit%C3%ADv+%C3%A9lettani+hat%C3%A1sair%C3%B3l+nagyj%C3%A1b%C3%B3l+egy+%C3%A9vvel+ezel%C5%91tt+olvastam+el%C5%91sz%C3%B6r.%3C%2Fspan%3E%3C%2Fp%3E%0D%0A%3Cp+style%3D%22text-align%3A+left%3B%22%3E%3Cspan+style%3D%22font-size%3A+12pt%3B%22%3EPuszt%C3%A1n+elvi+s%C3%ADkon+t%C3%B6bbsz%C3%B6r+is+v%C3%A9giggondolva+az+%22%C3%A9lett%C3%A9r-harmoniz%C3%A1l%C3%A1st%22%2C+arra+az+eredm%C3%A9nyre+jutottam%2C+hogy+ha+%C3%A9n+j%C3%B3l+%C3%A9rzem+magamat%2C+akkor+az+%C3%A9rz%C3%A9kszerveim+jobban+m%C5%B1k%C3%B6dnek%2C+agyam+befogad%C3%B3bb+-+ergo%2C+jobbnak+fogom+hallani+a+rendszerem+reproduk%C3%A1lta+zen%C3%A9t.%3C%2Fspan%3E%3C%2Fp%3E%0D%0A%3Cp+style%3D%22text-align%3A+center%3B%22%3E%3Cimg+class%3D%22aligncenter+wp-image-13091+size-full%22+src%3D%22https%3A%2F%2Flongkft.hu%2Faudioblog%2Fwp-content%2Fuploads%2F2023%2F09%2Fhungral-2_2.jpg%22+alt%3D%22%22+width%3D%22600%22+height%3D%22843%22+%2F%3E%3C%2Fp%3E%0D%0A%3Cp+style%3D%22text-align%3A+left%3B%22%3E%3Cspan+style%3D%22font-size%3A+12pt%3B%22%3EId%C3%A1ig+t%C3%B6bbsz%C3%B6r+is+eljutottam%2C+de+v%C3%A9g%C3%BCl+csak+a+lak%C3%A1s+%C3%A1talak%C3%ADt%C3%A1sa%2C+rendszer-le%C3%A9p%C3%ADt%C3%A9s%2C+vagyis+a+tot%C3%A1lis+k%C3%A1osz+k%C3%B6zep%C3%A9n+hat%C3%A1roztam+el%2C+hogy+na%2C+most+azonnal+rendelek%2C+mert+a+k%C3%B6rnyezetemre+alaposan+r%C3%A1f%C3%A9r+a+%22harmoniz%C3%A1l%C3%A1s%22.+Ha+semmif%C3%A9le+v%C3%A1ltoz%C3%A1st+nem+hoz+a+Hungr%C3%A1l%2C+akkor+is+mindegy%2C+mert+a+helyzet+rosszabb+m%C3%A1r+%C3%BAgysem+lehet.%3C%2Fspan%3E%3C%2Fp%3E%0D%0A%3Cp+style%3D%22text-align%3A+center%3B%22%3E%3Cimg+class%3D%22aligncenter+size-full+wp-image-12443%22+src%3D%22https%3A%2F%2Flongkft.hu%2Faudioblog%2Fwp-content%2Fuploads%2F2022%2F11%2Fhungral.jpg%22+alt%3D%22hungr%C3%A1l%22+width%3D%22600%22+height%3D%22498%22+%2F%3E%3C%2Fp%3E%0D%0A%3Cp+style%3D%22text-align%3A+left%3B%22%3E%3Cspan+style%3D%22font-size%3A+12pt%3B%22%3EMegj%C3%B6tt+a+Hungr%C3%A1l%2C+%3Ca+href%3D%22https%3A%2F%2Fhungral.hu%2Fhungral-elhelyezese%2F%22+target%3D%22_blank%22+rel%3D%22noopener%22%3E%3Cspan+style%3D%22color%3A+%23ff6600%3B%22%3Eletettem+a+javasolt+hely%C3%A9re+a+javasolt+m%C3%B3don%3C%2Fspan%3E%3C%2Fa%3E%2C+majd+vissza%C3%BCltem+dolgozni%2C+mik%C3%B6zben+%C3%BAjraind%C3%ADtottam+a+zen%C3%A9t+megmaradt+h%C3%A1zimozimon.+Nagyj%C3%A1b%C3%B3l+n%C3%A9h%C3%A1ny+perc+telhetett+el+a+felismer%C3%A9s%2C+az+oda-vissza+pr%C3%B3ba%2C+majd+az+%C3%BAjabb+Hungr%C3%A1lok+megrendel%C3%A9se+k%C3%B6z%C3%B6tt.+%C3%9Agy+d%C3%B6nt%C3%B6ttem%2C+beteszem+a+nappalinkba+a+javasolt+h%C3%A1rom+szettet%2C+%C3%A9s+teszek+a+h%C3%A1l%C3%B3ba+is.%3C%2Fspan%3E%3C%2Fp%3E%0D%0A%3Cp+style%3D%22text-align%3A+left%3B%22%3E%3Cspan+style%3D%22font-size%3A+12pt%3B%22%3E...mert+a+Hungr%C3%A1l+olyan+hat%C3%A1ssal+volt+r%C3%A1m%2C+aminek+eredm%C3%A9nyek%C3%A9nt+sim%C3%A1bbnak%2C+teresebbnek+hallottam+a+hangot%2C+%C3%A9s+tiszt%C3%A1bbnak+l%C3%A1ttam+a+munkamonitoromat.+Kontrasztosabbnak%2C+nem+%C3%B6sszefoly%C3%B3nak+l%C3%A1ttam+rajta+azokat+a+bet%C5%B1m%C3%A9reteket+is%2C+melyek+elolvas%C3%A1s%C3%A1hoz+id%C5%91nk%C3%A9nt+m%C3%A1r+szem%C3%BCvegre+volt+sz%C3%BCks%C3%A9gem.%3C%2Fspan%3E%3C%2Fp%3E%0D%0A%3Cp+style%3D%22text-align%3A+left%3B%22%3E%3Cspan+style%3D%22font-size%3A+12pt%3B%22%3EMegj%C3%B6tt+a+m%C3%A1sodik+rendel%C3%A9s%2C+%C3%A9s+a+feh%C3%A9r+cserepeket+a+javasolt+matrjoska+baba+elrendez%C3%A9ssel+%28nagyban+kicsi+cser%C3%A9p%2C+abban+pedig+a+legkisebb%29+elhelyeztem+a+nappaliban+%C3%A9s+a+h%C3%A1l%C3%B3ban.+Egy%C3%A9rtelm%C5%B1en+tov%C3%A1bb+javult+az+%C3%A9letterem%2C+mert+javult+a+hang%C3%A9rzetem%2C+javult+a+l%C3%A1t%C3%A1som+-+m%C3%A9g+jobbnak+hallottam+a+megsz%C3%B3lal%C3%B3+zen%C3%A9t%2C+%C3%A9s+m%C3%A9g+%C3%A9lesebbnek+a+monitoromat.%3C%2Fspan%3E%3C%2Fp%3E%0D%0A%3Cp+style%3D%22text-align%3A+left%3B%22%3E%3Cspan+style%3D%22font-size%3A+12pt%3B%22%3ENem+sokat+gondolkodtam+az+okokon%2C+egyszer%C5%B1en+%C3%B6r%C3%BCltem+az+eredm%C3%A9nynek%2C+%C3%A9s+elhat%C3%A1roztam%2C+hogy+%C3%ADrok+p%C3%A1r+sort+arr%C3%B3l%2C+hogy+a+Hungr%C3%A1l+%C3%A9lettani+hat%C3%A1sainak+k%C3%B6sz%C3%B6nhet%C5%91en+javulnak+%C3%A9rz%C3%A9kszerveink.+No%2C+de+ennyit%3F%3C%2Fspan%3E%3C%2Fp%3E%0D%0A%3Cp+style%3D%22text-align%3A+center%3B%22%3E%3Cimg+class%3D%22aligncenter+wp-image-12446+size-full%22+src%3D%22https%3A%2F%2Flongkft.hu%2Faudioblog%2Fwp-content%2Fuploads%2F2022%2F11%2Fhungral-3.jpg%22+alt%3D%22h%C3%A1zimozi%22+width%3D%22800%22+height%3D%22454%22+%2F%3E%3C%2Fp%3E%0D%0A%3Cp+style%3D%22text-align%3A+left%3B%22%3E%3Cspan+style%3D%22font-size%3A+12pt%3B%22%3EFelh%C3%ADvtam+n%C3%A9h%C3%A1ny+bar%C3%A1tomat%2C+ismer%C5%91s%C3%B6met%2C+akiknek+javasoltam+a+cserepek+beszerz%C3%A9s%C3%A9t%2C+%C3%A9s+%C3%A9rtes%C3%BCltem+m%C3%A1s+zenehallgat%C3%B3kt%C3%B3l+-+akikkel+nem+besz%C3%A9lt%C3%BCnk+%C3%B6ssze%2C+s%C5%91t%2C+%C3%A9vek+%C3%B3ta+nem+is+besz%C3%A9lt%C3%BCnk+-+hasonl%C3%B3+eredm%C3%A9nyekr%C5%91l.%3C%2Fspan%3E%3C%2Fp%3E%0D%0A%3Cp+style%3D%22text-align%3A+left%3B%22%3E%3Cspan+style%3D%22font-size%3A+12pt%3B%22%3E%22Tov%C3%A1bbl%C3%A9pve%22+a+dolgon%2C+%C3%A9ltem+tov%C3%A1bb+a+szorgos+mindennapokat%2C+amikor+sz%C3%A9p+lassan+tudatosult+bennem%2C+hogy+a+konyhai+TV-nk+k%C3%A9pe%2C+hangja+is+v%C3%A1ltozott+a+Hungr%C3%A1l+hat%C3%A1s%C3%A1ra%2C+valamint+a+h%C3%A1z+h%C3%A1ts%C3%B3+r%C3%A9sz%C3%A9n+l%C3%A9v%C5%91+rumliszob%C3%A1ban+a+telefonr%C3%B3l+n%C3%A9zett+%28NETFLIX%29+filmek+hm-er%C5%91s%C3%ADt%C5%91re+k%C3%BCld%C3%B6tt+hangja+is+megv%C3%A1ltozott.+S%C5%91t%2C+a+nappaliban+sz%C3%B3l%C3%B3+zen%C3%A9t+nem+csak+a+nappaliban%2C+hanem+a+konyh%C3%A1ban+is%2C+az+emeleten+is+jobbnak%2C+igazibbnak+hallom%2C+pedig+a+Hungr%C3%A1l+hat%C3%A1sa+akkora+t%C3%A1vols%C3%A1gban+m%C3%A1r+nem+j%C3%B6n+l%C3%A9tre.%3C%2Fspan%3E%3C%2Fp%3E%0D%0A%3Cp+style%3D%22text-align%3A+left%3B%22%3E%3Cspan+style%3D%22font-size%3A+12pt%3B%22%3ETettem+n%C3%A9h%C3%A1ny+-+val%C3%B3j%C3%A1ban+nagyon+sok+-+pr%C3%B3b%C3%A1t%2C+%C3%A9s+k%C3%A9nytelen+voltam+arra+az+eredm%C3%A9nyre+jutni%2C+hogy+a+Hungr%C3%A1l+nem+csak+r%C3%A1nk%2C+mint+%C3%A9l%C5%91+szervezetre+hat%2C+hanem+az+elektronik%C3%A1kra%2C+hangsug%C3%A1rz%C3%B3kra+is+-+az+eml%C3%ADtett+esetekben+pl.+a+modemre+%C3%A9s+routerre%2C+t%C3%A1psz%C5%B1r%C5%91kre.%3C%2Fspan%3E%3C%2Fp%3E%0D%0A%0D%0A%3Ch3+style%3D%22text-align%3A+left%3B%22%3E%3Cspan+style%3D%22font-size%3A+14pt%3B%22%3E%22Ha+a+lehetetlent+kiz%C3%A1rtuk%2C+ami+marad%2C+az+az+igazs%C3%A1g%2C+ak%C3%A1rmilyen+val%C3%B3sz%C3%ADn%C5%B1tlen+legyen+is.%22%3C%2Fspan%3E%3C%2Fh3%3E%0D%0A%3Cp+style%3D%22text-align%3A+left%3B%22%3E%3Cspan+style%3D%22font-size%3A+12pt%3B%22%3EA+felismer%C3%A9s+ut%C3%A1n+felgyorsultak+az+esem%C3%A9nyek%2C+de+a+blogcikk+meg%C3%ADr%C3%A1sa+csak+tol%C3%B3dott%2C+tol%C3%B3dott%2C+aminek+oka+a+Sherlock+Holmes+%C3%A1ltal+eml%C3%ADtett+%22ak%C3%A1rmilyen+val%C3%B3sz%C3%ADn%C5%B1tlens%C3%A9g%22.+Nagyon+egyszer%C5%B1+lett+volna+mindent+az+akusztik%C3%A1ra+fogni+-+tett%C3%BCnk+is+ilyen+ir%C3%A1ny%C3%BA+k%C3%ADs%C3%A9rleteket+-%2C+de+az%2C+hogy+a+TV-k%C3%A9p+is+megv%C3%A1ltozik%2C+k%C3%A9ts%C3%A9ges%C3%A9+teszi%2C+de+nem+z%C3%A1rja+ki.+Nem+z%C3%A1rja+ki%2C+mert+a+pl.+ugyanazon+kb.+15x15+centis+ter%C3%BCleten+t%C3%B6rt%C3%A9n%C5%91+k%C3%A9tf%C3%A9le+elrendez%C3%A9ssel+m%C3%A9lys%C3%A9g%C3%A9ben%2C+vagy+sz%C3%A9lt%C3%A9ben+lehet+a+hangsz%C3%ADnpadot+megn%C3%B6velni.%3C%2Fspan%3E%3C%2Fp%3E%0D%0A%3Cp+style%3D%22text-align%3A+center%3B%22%3E%3Cimg+class%3D%22aligncenter+size-full+wp-image-12447%22+src%3D%22https%3A%2F%2Flongkft.hu%2Faudioblog%2Fwp-content%2Fuploads%2F2022%2F11%2Fhungral-4.jpg%22+alt%3D%22hungr%C3%A1l+4%22+width%3D%22600%22+height%3D%22963%22+%2F%3E%3C%2Fp%3E%0D%0A%3Cp+style%3D%22text-align%3A+left%3B%22%3E%3Cspan+style%3D%22font-size%3A+12pt%3B%22%3EIgen+fontos+felismer%C3%A9s+volt%2C+hogy+a+%22gy%C3%A1ri%22+javaslattal+szemben+a+k%C3%BCl%C3%B6nb%C3%B6z%C5%91+m%C3%A9ret%C5%B1+ker%C3%A1mi%C3%A1kat+egym%C3%A1s+mellett%2C+egy+sorban+kell+elhelyezni.+Nagyon+fontos+felismer%C3%A9s+volt+az+is+-+amit+ez%C3%BAton+%28is%29+k%C3%B6sz%C3%B6n%C3%B6k+a+nevetekben+is+Attila+bar%C3%A1tomnak+-%2C+hogy+a+Hungr%C3%A1lok+szeretnek+%22csoportosulni%22%2C+viszont%2C+nem+szeretnek+egym%C3%A1shoz+%C3%A9rni.%3C%2Fspan%3E%3C%2Fp%3E%0D%0A%3Cp+style%3D%22text-align%3A+left%3B%22%3E%3Cspan+style%3D%22font-size%3A+12pt%3B%22%3EA+sok-sok%2C+k%C3%BCl%C3%B6nb%C3%B6z%C5%91+szob%C3%A1kban%2C+k%C3%BCl%C3%B6nb%C3%B6z%C5%91+rendszerekben+volt+meghallgat%C3%A1s%2C+egy%C3%A9rtelm%C5%B1en+azt+az+eredm%C3%A9nyt+hozta%2C+hogy+ennek+a+besz%C3%A1mol%C3%B3nak+meg+kell+sz%C3%BCletnie%2C+%C3%A9s+a+Hungr%C3%A1l+pozit%C3%ADv+hat%C3%A1saira+fel+kell+h%C3%ADvnom+minden+hifista%2C+%22h%C3%A1zimozista%22+figyelm%C3%A9t.%3C%2Fspan%3E%3C%2Fp%3E%0D%0A%0D%0A%3Ch3+style%3D%22text-align%3A+left%3B%22%3E%3Cspan+style%3D%22font-size%3A+14pt%3B%22%3ETeh%C3%A1t+akkor+a+Hungr%C3%A1l+javaslatok%2C+hat%C3%A1sok+hangrendszerben%2C+h%C3%A1zimoziban.%3C%2Fspan%3E%3C%2Fh3%3E%0D%0A%3Cp+style%3D%22text-align%3A+left%3B%22%3E%3Cspan+style%3D%22font-size%3A+12pt%3B%22%3EA+Hungr%C3%A1l+h%C3%A1rom%2C+k%C3%BCl%C3%B6nb%C3%B6z%C5%91+m%C3%A9ret%C5%B1+%22ed%C3%A9nyb%C5%91l%22+%C3%A1ll%2C+melyeket+az+%22%C3%A9lett%C3%A9rharmoniz%C3%A1ci%C3%B3s%22+javaslat+szerint+egym%C3%A1sra+t%C3%A9ve+%28martjoska+baba%29+kell+elhelyezni+a+szoba%2C+a+lak%C3%A1s+k%C3%BCl%C3%B6nb%C3%B6z%C5%91+ter%C3%BCletein%2C+a+f%C3%B6ld%C3%B6n.+M%C3%A1r+%C3%ADgy+is+%C3%A9rz%C3%A9kelhet%C5%91%2C+egy%C3%A9rtelm%C5%B1en+pozit%C3%ADv+v%C3%A1ltoz%C3%A1st+hoz+a+hang-+%C3%A9s+k%C3%A9pmin%C5%91s%C3%A9gben%2C+%C3%A9s+egyben+pozit%C3%ADvan+befoly%C3%A1solja+alv%C3%A1sunkat%2C+valamint+-+%C3%BAgy+v%C3%A9lem+-%2C+olyan%2C+mint+egy+%22lesz%40rom%22+tabletta.+Nagyobb+lesz+t%C5%91le+%28t%C5%91l%C3%BCk%29+a+stresszt%C5%B1r%C5%91-k%C3%A9pess%C3%A9g%C3%BCnk.%3C%2Fspan%3E%3C%2Fp%3E%0D%0A%3Cp+style%3D%22text-align%3A+left%3B%22%3E%3Cspan+style%3D%22font-size%3A+12pt%3B%22%3EB%C3%A1r%2C+pr%C3%B3bak%C3%A9nt+a+legt%C3%B6bben+egy+darabot+v%C3%A1s%C3%A1roln%C3%A1nak%2C+azonban+r%C3%A1+kell%2C+hogy+besz%C3%A9ljelek+titeket+a+h%C3%A1rom+k%C3%A9szletre%2C+aminek+nagyon+egyszer%C5%B1+oka+van.+A+%22gy%C3%A1ri%22+elrendez%C3%A9s+eset%C3%A9ben+3-4+az+a+Hungr%C3%A1l+mennyis%C3%A9g%2C+aminek+hat%C3%A1sa+m%C3%A9g+hallhat%C3%B3%2C+%C3%A9rz%C3%A9kelhet%C5%91.+A+harmadik+hat%C3%A1s%C3%A1t+m%C3%A9g+%28szinte%29+mindenki+%C3%A9rz%C3%A9keli%2C+a+negyediket+m%C3%A1r+csak+nagyon+kevesen.%3C%2Fspan%3E%3C%2Fp%3E%0D%0A%3Cp+style%3D%22text-align%3A+left%3B%22%3E%3Cspan+style%3D%22font-size%3A+12pt%3B%22%3EA+most+javaslatra+ker%C3%BCl%C5%91+elrendez%C3%A9sben%2C+az+els%C5%91+k%C3%A9t+szett+egym%C3%A1st+er%C5%91s%C3%ADtve+megn%C3%B6veli%2C+tapinthat%C3%B3v%C3%A1+teszi+a+teret%2C+sim%C3%A1bb%C3%A1%2C+torz%C3%ADtatlanabb%C3%A1+a+hangot.+A+harmadik+szett+bet%C3%A9tele+azonban%2C+valami+m%C3%A1s%2C+igen+fontos+v%C3%A1ltoz%C3%A1st+hoz.+A+harmadik+meghozza+azt+a+basszust%2C+azt+a+m%C3%A9lytartom%C3%A1nyt%2C+testet%2C+amit+hangsug%C3%A1rz%C3%B3nkt%C3%B3l+reproduk%C3%A1lhatatlannak+tartunk.+Minden+hangsug%C3%A1rz%C3%B3+-+f%C3%BCggetlen%C3%BCl+a+m%C3%A9rett%C5%91l+-+a+megszokotthoz%2C+a+t%C5%91le+elv%C3%A1rhat%C3%B3hoz+k%C3%A9pest+gyorsabb%2C+pontosabb%2C+%C3%BCt%C5%91sebb%2C+%C3%A9s+m%C3%A9lyebbre+hatol%C3%B3+basszustartom%C3%A1nyt+sz%C3%B3laltat+meg.+Egy%C3%A9rtelm%C5%B1v%C3%A9+v%C3%A1lik%2C+hogy+a+Hungr%C3%A1lok+torz%C3%ADt%C3%A1sokat+sz%C5%B1ntetnek+meg%2C+amit+mi+sem+jelez+pregn%C3%A1nsabban%2C+mint+az%2C+hogy+kedv%C3%BCnk+lesz+feljebb+tekerni+a+hanger%C5%91t.%3C%2Fspan%3E%3C%2Fp%3E%0D%0A%3Cp+style%3D%22text-align%3A+center%3B%22%3E%3Cimg+class%3D%22aligncenter+size-full+wp-image-12448%22+src%3D%22https%3A%2F%2Flongkft.hu%2Faudioblog%2Fwp-content%2Fuploads%2F2022%2F11%2Fhungral-5.jpg%22+alt%3D%22hungr%C3%A1l+5%22+width%3D%22600%22+height%3D%22750%22+%2F%3E%3C%2Fp%3E%0D%0A%3Cp+style%3D%22text-align%3A+left%3B%22%3E%3Cspan+style%3D%22font-size%3A+12pt%3B%22%3EEz+a+cs%C3%B6kkentett+%28-nek+hallhat%C3%B3%29+torz%C3%ADt%C3%A1s+%C3%A9pp%C3%BAgy+megjelenik+sz%C3%B3l%C3%B3hangszeren%2C+mint+nagyzenekarn%C3%A1l%2C+%C3%A9pp%C3%BAgy+megjelenik+%C3%A9nekhangon%2C+mint+elektronikus+zen%C3%A9n.+Minden+hang%2C+mindenfajta+zene+befogadhat%C3%B3bb%C3%A1%2C+zeneibb%C3%A9+v%C3%A1lik%2C+megn%C5%91+a+zenehallgat%C3%A1si+kedv+%C3%A9s+a+zenehallgat%C3%A1ssal+t%C3%B6lt%C3%B6tt+id%C5%91.%3C%2Fspan%3E%3C%2Fp%3E%0D%0A%3Cp+style%3D%22text-align%3A+left%3B%22%3E%3Cspan+style%3D%22font-size%3A+12pt%3B%22%3EA+pr%C3%B3b%C3%A1k+sor%C3%A1n+meghallgatott+minden+rendszer+hangj%C3%A1ban+megjelent+egyfajta+k%C3%A9pszer%C5%B1s%C3%A9g.+Olyan+%C3%A9rz%C3%A9s%2C+mintha+a+zen%C3%A9t%2C+a+zen%C3%A9szeket+nem+csak+hallan%C3%A1nk%2C+hanem+l%C3%A1tn%C3%A1nk+is.+Ezt+alapvet%C5%91en+csak+a+rendszerek+egy+sz%C5%B1k+r%C3%A9tege+tudja%2C+%C3%ADgy+a+stabil+%C3%A9s+pontos+basszus+mellett+ez+a+m%C3%A1sik+legfontosabb+pozit%C3%ADvuma+a+Hungr%C3%A1loknak.%3C%2Fspan%3E%3C%2Fp%3E%0D%0A%3Cp+style%3D%22text-align%3A+left%3B%22%3E%3Cspan+style%3D%22font-size%3A+12pt%3B%22%3ETov%C3%A1bbn%C3%B6velve+az+ugyanazon+sz%C5%B1k+ter%C3%BCleten+l%C3%A9v%C5%91+Hungr%C3%A1l+sz%C3%A1mot%2C+%C3%B6t+darabig+tov%C3%A1bbi+javul%C3%A1s+%C3%A9rz%C3%A9kelhet%C5%91%2C+de+m%C3%A1r+csak+egyre+kisebb+m%C3%A9rt%C3%A9k%C5%B1+v%C3%A1ltoz%C3%A1ssal+-+s%C5%91t%2C+a+hatodik+bet%C3%A9tel%C3%A9vel+visszaes%C3%A9s+k%C3%B6vetkezik+be.+Teh%C3%A1t+ha+valaki+szeretn%C3%A9+kihozni+a+maximumot%2C+maradjon+az+%C3%B6tn%C3%A9l%2C+optim%C3%A1lis+helyzetben+pedig+a+h%C3%A1romn%C3%A1l.%3C%2Fspan%3E%3C%2Fp%3E%0D%0A%3Cp+style%3D%22text-align%3A+center%3B%22%3E%3Cimg+class%3D%22aligncenter+size-full+wp-image-12449%22+src%3D%22https%3A%2F%2Flongkft.hu%2Faudioblog%2Fwp-content%2Fuploads%2F2022%2F11%2Fhungral-6.jpg%22+alt%3D%22hungr%C3%A1l+6%22+width%3D%22600%22+height%3D%22406%22+%2F%3E%3C%2Fp%3E%0D%0A%3Cp+style%3D%22text-align%3A+left%3B%22%3E%3Cspan+style%3D%22font-size%3A+12pt%3B%22%3EA+javasolt+elrendez%C3%A9st+k%C3%A9retik+megvari%C3%A1lni%2C+mert+t%C3%B6bb+f%C3%BCl+t%C3%B6bbet+hall+alapon%2C+lehetnek+m%C3%A1s+opci%C3%B3k.+P%C3%A9ld%C3%A1ul%2C+ha+a+sz%C3%A9ls%C5%91+Hungr%C3%A1lok+eset%C3%A9ben+a+sorozatot+jobbra-balra+%C3%A9p%C3%ADtj%C3%BCk+fel%2C+akkor+a+t%C3%A9r+kit%C3%A1gul+oldalra%2C+de+a+hang+vesz%C3%ADt+a+melegs%C3%A9g%C3%A9b%C5%91l%2C+simas%C3%A1g%C3%A1b%C3%B3l.+Ugyanez+a+helyzet+a+h%C3%A1trafel%C3%A9+%22%C3%A9p%C3%ADtkez%C3%A9s%22+eset%C3%A9n+is.+N%C5%91+h%C3%A1trafel%C3%A9+a+t%C3%A9r%2C+de+cs%C3%B6kken+a+%22simas%C3%A1g%22.+Azonban%2C+vannak+helyzetek%2C+melyek+nem+tesznek+lehet%C5%91v%C3%A9+m%C3%A1s+elrendez%C3%A9st.%3C%2Fspan%3E%3C%2Fp%3E%0D%0A%3Cp+style%3D%22text-align%3A+center%3B%22%3E%3Cimg+class%3D%22aligncenter+size-full+wp-image-12450%22+src%3D%22https%3A%2F%2Flongkft.hu%2Faudioblog%2Fwp-content%2Fuploads%2F2022%2F11%2Fhungral-7.jpg%22+alt%3D%22%22+width%3D%22600%22+height%3D%22406%22+%2F%3E%3C%2Fp%3E%0D%0A%0D%0A%3Ch3+style%3D%22text-align%3A+left%3B%22%3E%3Cspan+style%3D%22font-size%3A+14pt%3B%22%3E%C3%89rdekes+m%C3%B3don+az+egy+csoportban+l%C3%A9v%C5%91+Hungr%C3%A1l+eset%C3%A9ben+%C3%B6t+t%C5%B1nik+%22hat%C3%A1rmennyis%C3%A9gnek%22%2C+azonban+k%C3%BCl%C3%B6n+csoportokat+l%C3%A9trehozva%2C+betehet%C3%BCnk+rendszer%C3%BCnkbe+ak%C3%A1r+hat%2C+vagy+t%C3%B6bb+darabot+is.%3C%2Fspan%3E%3C%2Fh3%3E%0D%0A%3Cp+style%3D%22text-align%3A+left%3B%22%3E%3Cspan+style%3D%22font-size%3A+12pt%3B%22%3EVannak+olyan+elrendez%C3%A9sek%2C+melyek+eset%C3%A9ben+a+%22kecske+is%2C+k%C3%A1poszta+is%22+j%C3%B3l+j%C3%A1r.+K%C3%B6z%C3%A9pen+meg%C5%91rizve+az+%C3%B6t%C3%B6s+elrendez%C3%A9st%2C+%C3%A9s+ezzel+meg%C5%91rizve+minden+hangi+pozit%C3%ADvumot%2C+tov%C3%A1bb+n%C3%B6velhetj%C3%BCk+a+hangsz%C3%ADnpad+m%C3%A9ret%C3%A9t%2C+a+l%C3%A9gteret%2C+ha+a+zenehallgat%C3%B3val+szemben%2C+lehet%C5%91leg+az+%22%C3%B6t%C3%B6s%2C+vagy+h%C3%A1rmas+csoporttal%22+egyvonalban+jobb+%C3%A9s+baloldalon+a+falak+mellett%2C+vagy+%C3%A9ppen%2C+mint+a+k%C3%A9pen%2C+polc+mellett+elhelyez%C3%BCnk+tov%C3%A1bbi+egy-egy+%28kett%C5%91-kett%C5%91%29+Hungr%C3%A1lt.%3C%2Fspan%3E%3C%2Fp%3E%0D%0A%3Cp+style%3D%22text-align%3A+center%3B%22%3E%3Cimg+class%3D%22aligncenter+size-full+wp-image-12451%22+src%3D%22https%3A%2F%2Flongkft.hu%2Faudioblog%2Fwp-content%2Fuploads%2F2022%2F11%2Fhungral-8.jpg%22+alt%3D%22%22+width%3D%22600%22+height%3D%22426%22+%2F%3E%3C%2Fp%3E%0D%0A%3Cp+style%3D%22text-align%3A+left%3B%22%3E%3Cspan+style%3D%22font-size%3A+12pt%3B%22%3EMivel+tapasztaltunk+m%C3%A1r+ilyesmit+virtu%C3%A1lisf%C3%B6ldekkel%2C+p%C3%A1rhuzamos+t%C3%A1psz%C5%B1r%C5%91kkel+kapcsolatban+is%2C+ez%C3%A9rt+m%C3%A1r+meg+sem+lep%C5%91dt%C3%BCnk%2C+hogy+a+pr%C3%B3b%C3%A1k+sor%C3%A1n+t%C3%B6bbsz%C3%B6r+is+egy%C3%A9rtelm%C5%B1+volt%2C+hogy+nem+tiszt%C3%A1n+A-B%2C+vele%2C+vagy+n%C3%A9lk%C3%BCle+helyzetr%C5%91l+van+sz%C3%B3.+Van+egy+C+%C3%A1llapot+is%2C+ami+bizonyos+id%C5%91+eltelt%C3%A9vel+alakul+ki.+Gyors+A-B+tesztek+alatt+kev%C3%A9ss%C3%A9+%C3%A9rz%C3%A9kelni%2C+de+egy-egy+hosszabb+zener%C3%A9szlet%2C+komplett+lemez+meghallgat%C3%A1sa+sor%C3%A1n+m%C3%A1r+egy%C3%A9rtelm%C5%B1en+hallhat%C3%B3.%3C%2Fspan%3E%3C%2Fp%3E%0D%0A%3Cp+style%3D%22text-align%3A+center%3B%22%3E%3Cimg+class%3D%22aligncenter+size-full+wp-image-12453%22+src%3D%22https%3A%2F%2Flongkft.hu%2Faudioblog%2Fwp-content%2Fuploads%2F2022%2F11%2Fhungral-9.jpg%22+alt%3D%22%22+width%3D%22800%22+height%3D%22470%22+%2F%3E%3C%2Fp%3E%0D%0A%3Cp+style%3D%22text-align%3A+left%3B%22%3E%3Cspan+style%3D%22font-size%3A+12pt%3B%22%3E%C3%9Agy+v%C3%A9lem%2C+hogy+kell+egy+bizonyos+id%C5%91+a+teljes+hat%C3%A1s+fel%C3%A9p%C3%BCl%C3%A9s%C3%A9hez%2C+ugyan%C3%BAgy%2C+mint+a+teljes+megsz%C5%B1n%C3%A9s%C3%A9hez.+Ez+%C3%BAgy+jelentkezik%2C+hogy+a+Hungr%C3%A1l+bet%C3%A9tele+eset%C3%A9n+nagyobb+v%C3%A1ltoz%C3%A1st+%C3%A9rz%C3%BCnk%2C+mint+kiv%C3%A9telkor%2C+ha+az+eltelt+id%C5%91+legal%C3%A1bb+8-10+perc.+Sajnos%2C+a+kiv%C3%A9tel+ut%C3%A1n+nagyon+gyorsan+vissza%C3%A1ll+a+kor%C3%A1bbi%2C+kev%C3%A9sb%C3%A9+%C3%A9l%C5%91%2C+torzabb%2C+kopog%C3%B3s%2C+sz%C5%B1k%2C+t%C3%A9rm%C3%A9lys%C3%A9g+n%C3%A9lk%C3%BCli+hangk%C3%A9p+-+amit+pedig+a+Hungr%C3%A1l+elhelyez%C3%A9se+el%C5%91tt+oly+j%C3%B3nak+tal%C3%A1ltunk.+Eme+%22visszal%C3%A9p%C3%A9s%22+miatt+t%C3%B6bben+is+megut%C3%A1ltak%2C+amikor+a+saj%C3%A1t+Hungr%C3%A1ljaimat+egy-egy+bar%C3%A1ti+bemutat%C3%B3+ut%C3%A1n+elcsomagoltam%2C+%C3%A9s+hazavittem...%3C%2Fspan%3E%3C%2Fp%3E&amp;source=Longaudio\"><\/a><a target=\"_blank\" class=\"gplusz\" title=\"\" rel=\"external\" href=\"https:\/\/plusone.google.com\/_\/+1\/confirm?url=https:\/\/longkft.hu\/audioblog\/hungral-mondom-hungral\/\"><\/a><a target=\"_blank\" rel=\"nofollow\" class=\"email\" href=\"mailto:?subject=Longaudio - Hungr\u00e1l &#8211; mondom, Hungr\u00e1l!&amp;body=Kedves Bar\u00e1tom! Most olvastam a(z) Hungr\u00e1l &#8211; mondom, Hungr\u00e1l!  c\u00edm\u0171 cikket a(z) Longaudio  oldalon. Hivatkoz\u00e1s:  https:\/\/longkft.hu\/audioblog\/hungral-mondom-hungral\/\" title=\"\"><\/a><a class=\"nyomtatas\" title=\"\" href=\"http:\/\/www.printfriendly.com\" onclick=\"window.print();return false;\"><\/a>","protected":false},"excerpt":{"rendered":"<p>English language can be selected in upper left corner (British flag).\u00a0Azt, hogy val\u00f3j\u00e1ban mi is az a Hungr\u00e1l, mire val\u00f3,&#8230;<\/p>\n<span>Megosztom:<\/span><br><a target=\"_blank\" class=\"facebook\" title=\"\" rel=\"external\" href=\"https:\/\/www.facebook.com\/share.php?u=https:\/\/longkft.hu\/audioblog\/hungral-mondom-hungral\/&title=Hungr\u00e1l &#8211; mondom, Hungr\u00e1l!\"><\/a><a target=\"_blank\" class=\"linkedin\" title=\"\" rel=\"external\" href=\"http:\/\/www.linkedin.com\/shareArticle?mini=true&amp;url=https%3A%2F%2Flongkft.hu%2Faudioblog%2Fhungral-mondom-hungral%2F&amp;title=Hungr%C3%A1l+%26%238211%3B+mondom%2C+Hungr%C3%A1l%21&amp;summary=%3Cp+style%3D%22text-align%3A+left%3B%22%3E%3Cspan+style%3D%22font-size%3A+12pt%3B%22%3E%3Cem%3EEnglish+language+can+be+selected+in+upper+left+corner+%28British+flag%29.%3C%2Fem%3E%C2%A0Azt%2C+hogy+val%C3%B3j%C3%A1ban+mi+is+az+a+Hungr%C3%A1l%2C+%3Ca+href%3D%22https%3A%2F%2Fhungral.hu%2F%22+target%3D%22_blank%22+rel%3D%22noopener%22%3E%3Cspan+style%3D%22color%3A+%23ff6600%3B%22%3Emire+val%C3%B3%2C+mi%C3%A9rt+fejlesztett%C3%A9k+ki%3C%2Fspan%3E%3C%2Fa%3E%2C+mindenki+elolvashatja+a+weben%2C+elolvashatja+egy+Hungr%C3%A1l+prospektusban.+Garant%C3%A1lt%2C+hogy+a+fellelhet%C5%91+inform%C3%A1ci%C3%B3k%2C+egyesek+arc%C3%A1ra+mosolyt+csalnak%2C+m%C3%A1sok+teljesen+jogos+%C3%A9s+logikus+%22k%C3%B6lt%C5%91i%22+k%C3%A9rd%C3%A9seket+tesznek+fel.+Mindk%C3%A9t+reakci%C3%B3t+meg%C3%A9rtem+%C3%A9s+abszol%C3%BAt+elfogadom.+Term%C3%A9szetesen+meg%C3%A9rtem+azokat+is%2C+akik+eme+blogbejegyz%C3%A9s+ut%C3%A1n+legyintve+%22tov%C3%A1bb%C3%A1llnak%22%2C+%C3%A9s+meg%C3%A9rtem+mindazokat%2C+akik+kipr%C3%B3b%C3%A1lva+a+Hungr%C3%A1l+%C3%A9lettani+hat%C3%A1sait%2C+pozit%C3%ADv+v%C3%A9lem%C3%A9nnyel+vannak+r%C3%B3la.+Valamint+meg%C3%A9rtem+mindazon+zenehallgat%C3%B3t%2C+aki+a+tapasztalatok+alapj%C3%A1n+azt+mondja%2C+k%C3%B6telez%C5%91+%28lenne%29+Hungr%C3%A1l-t+tenni+minden+hangrendszerbe%2C+h%C3%A1zimoziba%2C+hangfelv%C3%A9teli-st%C3%BAdi%C3%B3ba.%3C%2Fspan%3E%3C%2Fp%3E%0D%0A%3Cp+style%3D%22text-align%3A+center%3B%22%3E%3Cimg+class%3D%22aligncenter+size-full+wp-image-12444%22+src%3D%22https%3A%2F%2Flongkft.hu%2Faudioblog%2Fwp-content%2Fuploads%2F2022%2F11%2Fhungral-1.jpg%22+alt%3D%22hungr%C3%A1l%22+width%3D%22800%22+height%3D%22373%22+%2F%3E%3C%2Fp%3E%0D%0A%3Cp+style%3D%22text-align%3A+left%3B%22%3E%3Cspan+style%3D%22font-size%3A+12pt%3B%22%3EAz+elm%C3%BAlt+%3Ca+href%3D%22https%3A%2F%2Flongkft.hu%2Faudioblog%2Fkategoria%2Ftuning%2F%22+target%3D%22_blank%22+rel%3D%22noopener%22%3E%3Cspan+style%3D%22color%3A+%23ff6600%3B%22%3E6-7+%C3%A9vben+tett+javaslataimat%3C%2Fspan%3E%3C%2Fa%3E+nagyon+sokan+kipr%C3%B3b%C3%A1lt%C3%A1tok%2C+haszn%C3%A1lj%C3%A1tok.+A+k%C3%BCl%C3%B6nb%C3%B6z%C5%91+megold%C3%A1sokkal+kapcsolatban+voltak+negat%C3%ADv+%C3%A9s+pozit%C3%ADv+visszajelz%C3%A9sek%2C+voltak+visszajelz%C3%A9sek%2C+melyek+semmilyen%2C+vagy+csak+nagyon+pici+hat%C3%A1sr%C3%B3l+sz%C3%A1moltak+be%2C+vagy+%C3%A9ppen+k%C3%A9sz%C3%BCl%C3%A9kcser%C3%A9vel+fel%C3%A9r%C5%91+v%C3%A1ltoz%C3%A1sr%C3%B3l.+Sok+mindent+meg%C3%A9lt%C3%BCnk%2C+megtapasztaltunk+k%C3%B6z%C3%B6sen%2C+%C3%A9s+%C3%BAgy+v%C3%A9lem%2C+jutottunk+%22valahov%C3%A1%22.%3C%2Fspan%3E%3C%2Fp%3E%0D%0A%3Cp+style%3D%22text-align%3A+left%3B%22%3E%3Cspan+style%3D%22font-size%3A+12pt%3B%22%3EZenehallgat%C3%B3-k%C3%B6z%C3%B6ss%C3%A9g%C3%BCnk+ma+m%C3%A1r+nyitottabban+%C3%A1ll+azon+hangz%C3%A1sjav%C3%ADt%C3%B3+megold%C3%A1sokhoz%2C+melyek+hat%C3%A1sa+ma+m%C3%A9g+kev%C3%A9ss%C3%A9+%C3%A9rthet%C5%91%2C+melyeknek+l%C3%A1tsz%C3%B3lag+semmi+k%C3%B6ze+az+elektronik%C3%A1k+%22lelki-vil%C3%A1g%C3%A1hoz%22%2C+semmi+k%C3%B6ze+az+akusztik%C3%A1hoz%2C+a+hangkelt%C3%A9s-hang%C3%A9rz%C3%A9kel%C3%A9s+fizikai+folyamataihoz.+%22L%C3%A1tsz%C3%B3lag%22+nincs+k%C3%B6z%C3%BCk%2C+de+mi%2C+zenehallgat%C3%B3k+m%C3%A9gis+halljuk.%3C%2Fspan%3E%3C%2Fp%3E%0D%0A%3Cp+style%3D%22text-align%3A+left%3B%22%3E%3Cspan+style%3D%22font-size%3A+12pt%3B%22%3EAz+elm%C3%BAlt+%C3%A9vekben+megtapasztaltak+vezettek+el+od%C3%A1ig%2C+hogy+magam+is+el%C3%A9g+nyitott+legyek+ahhoz%2C+hogy+megrendeljek+egy+Hungr%C3%A1l-t%2C+amely+%22%C3%A9lett%C3%A9r-harmoniz%C3%A1l%C3%B3%22+eszk%C3%B6z+pozit%C3%ADv+%C3%A9lettani+hat%C3%A1sair%C3%B3l+nagyj%C3%A1b%C3%B3l+egy+%C3%A9vvel+ezel%C5%91tt+olvastam+el%C5%91sz%C3%B6r.%3C%2Fspan%3E%3C%2Fp%3E%0D%0A%3Cp+style%3D%22text-align%3A+left%3B%22%3E%3Cspan+style%3D%22font-size%3A+12pt%3B%22%3EPuszt%C3%A1n+elvi+s%C3%ADkon+t%C3%B6bbsz%C3%B6r+is+v%C3%A9giggondolva+az+%22%C3%A9lett%C3%A9r-harmoniz%C3%A1l%C3%A1st%22%2C+arra+az+eredm%C3%A9nyre+jutottam%2C+hogy+ha+%C3%A9n+j%C3%B3l+%C3%A9rzem+magamat%2C+akkor+az+%C3%A9rz%C3%A9kszerveim+jobban+m%C5%B1k%C3%B6dnek%2C+agyam+befogad%C3%B3bb+-+ergo%2C+jobbnak+fogom+hallani+a+rendszerem+reproduk%C3%A1lta+zen%C3%A9t.%3C%2Fspan%3E%3C%2Fp%3E%0D%0A%3Cp+style%3D%22text-align%3A+center%3B%22%3E%3Cimg+class%3D%22aligncenter+wp-image-13091+size-full%22+src%3D%22https%3A%2F%2Flongkft.hu%2Faudioblog%2Fwp-content%2Fuploads%2F2023%2F09%2Fhungral-2_2.jpg%22+alt%3D%22%22+width%3D%22600%22+height%3D%22843%22+%2F%3E%3C%2Fp%3E%0D%0A%3Cp+style%3D%22text-align%3A+left%3B%22%3E%3Cspan+style%3D%22font-size%3A+12pt%3B%22%3EId%C3%A1ig+t%C3%B6bbsz%C3%B6r+is+eljutottam%2C+de+v%C3%A9g%C3%BCl+csak+a+lak%C3%A1s+%C3%A1talak%C3%ADt%C3%A1sa%2C+rendszer-le%C3%A9p%C3%ADt%C3%A9s%2C+vagyis+a+tot%C3%A1lis+k%C3%A1osz+k%C3%B6zep%C3%A9n+hat%C3%A1roztam+el%2C+hogy+na%2C+most+azonnal+rendelek%2C+mert+a+k%C3%B6rnyezetemre+alaposan+r%C3%A1f%C3%A9r+a+%22harmoniz%C3%A1l%C3%A1s%22.+Ha+semmif%C3%A9le+v%C3%A1ltoz%C3%A1st+nem+hoz+a+Hungr%C3%A1l%2C+akkor+is+mindegy%2C+mert+a+helyzet+rosszabb+m%C3%A1r+%C3%BAgysem+lehet.%3C%2Fspan%3E%3C%2Fp%3E%0D%0A%3Cp+style%3D%22text-align%3A+center%3B%22%3E%3Cimg+class%3D%22aligncenter+size-full+wp-image-12443%22+src%3D%22https%3A%2F%2Flongkft.hu%2Faudioblog%2Fwp-content%2Fuploads%2F2022%2F11%2Fhungral.jpg%22+alt%3D%22hungr%C3%A1l%22+width%3D%22600%22+height%3D%22498%22+%2F%3E%3C%2Fp%3E%0D%0A%3Cp+style%3D%22text-align%3A+left%3B%22%3E%3Cspan+style%3D%22font-size%3A+12pt%3B%22%3EMegj%C3%B6tt+a+Hungr%C3%A1l%2C+%3Ca+href%3D%22https%3A%2F%2Fhungral.hu%2Fhungral-elhelyezese%2F%22+target%3D%22_blank%22+rel%3D%22noopener%22%3E%3Cspan+style%3D%22color%3A+%23ff6600%3B%22%3Eletettem+a+javasolt+hely%C3%A9re+a+javasolt+m%C3%B3don%3C%2Fspan%3E%3C%2Fa%3E%2C+majd+vissza%C3%BCltem+dolgozni%2C+mik%C3%B6zben+%C3%BAjraind%C3%ADtottam+a+zen%C3%A9t+megmaradt+h%C3%A1zimozimon.+Nagyj%C3%A1b%C3%B3l+n%C3%A9h%C3%A1ny+perc+telhetett+el+a+felismer%C3%A9s%2C+az+oda-vissza+pr%C3%B3ba%2C+majd+az+%C3%BAjabb+Hungr%C3%A1lok+megrendel%C3%A9se+k%C3%B6z%C3%B6tt.+%C3%9Agy+d%C3%B6nt%C3%B6ttem%2C+beteszem+a+nappalinkba+a+javasolt+h%C3%A1rom+szettet%2C+%C3%A9s+teszek+a+h%C3%A1l%C3%B3ba+is.%3C%2Fspan%3E%3C%2Fp%3E%0D%0A%3Cp+style%3D%22text-align%3A+left%3B%22%3E%3Cspan+style%3D%22font-size%3A+12pt%3B%22%3E...mert+a+Hungr%C3%A1l+olyan+hat%C3%A1ssal+volt+r%C3%A1m%2C+aminek+eredm%C3%A9nyek%C3%A9nt+sim%C3%A1bbnak%2C+teresebbnek+hallottam+a+hangot%2C+%C3%A9s+tiszt%C3%A1bbnak+l%C3%A1ttam+a+munkamonitoromat.+Kontrasztosabbnak%2C+nem+%C3%B6sszefoly%C3%B3nak+l%C3%A1ttam+rajta+azokat+a+bet%C5%B1m%C3%A9reteket+is%2C+melyek+elolvas%C3%A1s%C3%A1hoz+id%C5%91nk%C3%A9nt+m%C3%A1r+szem%C3%BCvegre+volt+sz%C3%BCks%C3%A9gem.%3C%2Fspan%3E%3C%2Fp%3E%0D%0A%3Cp+style%3D%22text-align%3A+left%3B%22%3E%3Cspan+style%3D%22font-size%3A+12pt%3B%22%3EMegj%C3%B6tt+a+m%C3%A1sodik+rendel%C3%A9s%2C+%C3%A9s+a+feh%C3%A9r+cserepeket+a+javasolt+matrjoska+baba+elrendez%C3%A9ssel+%28nagyban+kicsi+cser%C3%A9p%2C+abban+pedig+a+legkisebb%29+elhelyeztem+a+nappaliban+%C3%A9s+a+h%C3%A1l%C3%B3ban.+Egy%C3%A9rtelm%C5%B1en+tov%C3%A1bb+javult+az+%C3%A9letterem%2C+mert+javult+a+hang%C3%A9rzetem%2C+javult+a+l%C3%A1t%C3%A1som+-+m%C3%A9g+jobbnak+hallottam+a+megsz%C3%B3lal%C3%B3+zen%C3%A9t%2C+%C3%A9s+m%C3%A9g+%C3%A9lesebbnek+a+monitoromat.%3C%2Fspan%3E%3C%2Fp%3E%0D%0A%3Cp+style%3D%22text-align%3A+left%3B%22%3E%3Cspan+style%3D%22font-size%3A+12pt%3B%22%3ENem+sokat+gondolkodtam+az+okokon%2C+egyszer%C5%B1en+%C3%B6r%C3%BCltem+az+eredm%C3%A9nynek%2C+%C3%A9s+elhat%C3%A1roztam%2C+hogy+%C3%ADrok+p%C3%A1r+sort+arr%C3%B3l%2C+hogy+a+Hungr%C3%A1l+%C3%A9lettani+hat%C3%A1sainak+k%C3%B6sz%C3%B6nhet%C5%91en+javulnak+%C3%A9rz%C3%A9kszerveink.+No%2C+de+ennyit%3F%3C%2Fspan%3E%3C%2Fp%3E%0D%0A%3Cp+style%3D%22text-align%3A+center%3B%22%3E%3Cimg+class%3D%22aligncenter+wp-image-12446+size-full%22+src%3D%22https%3A%2F%2Flongkft.hu%2Faudioblog%2Fwp-content%2Fuploads%2F2022%2F11%2Fhungral-3.jpg%22+alt%3D%22h%C3%A1zimozi%22+width%3D%22800%22+height%3D%22454%22+%2F%3E%3C%2Fp%3E%0D%0A%3Cp+style%3D%22text-align%3A+left%3B%22%3E%3Cspan+style%3D%22font-size%3A+12pt%3B%22%3EFelh%C3%ADvtam+n%C3%A9h%C3%A1ny+bar%C3%A1tomat%2C+ismer%C5%91s%C3%B6met%2C+akiknek+javasoltam+a+cserepek+beszerz%C3%A9s%C3%A9t%2C+%C3%A9s+%C3%A9rtes%C3%BCltem+m%C3%A1s+zenehallgat%C3%B3kt%C3%B3l+-+akikkel+nem+besz%C3%A9lt%C3%BCnk+%C3%B6ssze%2C+s%C5%91t%2C+%C3%A9vek+%C3%B3ta+nem+is+besz%C3%A9lt%C3%BCnk+-+hasonl%C3%B3+eredm%C3%A9nyekr%C5%91l.%3C%2Fspan%3E%3C%2Fp%3E%0D%0A%3Cp+style%3D%22text-align%3A+left%3B%22%3E%3Cspan+style%3D%22font-size%3A+12pt%3B%22%3E%22Tov%C3%A1bbl%C3%A9pve%22+a+dolgon%2C+%C3%A9ltem+tov%C3%A1bb+a+szorgos+mindennapokat%2C+amikor+sz%C3%A9p+lassan+tudatosult+bennem%2C+hogy+a+konyhai+TV-nk+k%C3%A9pe%2C+hangja+is+v%C3%A1ltozott+a+Hungr%C3%A1l+hat%C3%A1s%C3%A1ra%2C+valamint+a+h%C3%A1z+h%C3%A1ts%C3%B3+r%C3%A9sz%C3%A9n+l%C3%A9v%C5%91+rumliszob%C3%A1ban+a+telefonr%C3%B3l+n%C3%A9zett+%28NETFLIX%29+filmek+hm-er%C5%91s%C3%ADt%C5%91re+k%C3%BCld%C3%B6tt+hangja+is+megv%C3%A1ltozott.+S%C5%91t%2C+a+nappaliban+sz%C3%B3l%C3%B3+zen%C3%A9t+nem+csak+a+nappaliban%2C+hanem+a+konyh%C3%A1ban+is%2C+az+emeleten+is+jobbnak%2C+igazibbnak+hallom%2C+pedig+a+Hungr%C3%A1l+hat%C3%A1sa+akkora+t%C3%A1vols%C3%A1gban+m%C3%A1r+nem+j%C3%B6n+l%C3%A9tre.%3C%2Fspan%3E%3C%2Fp%3E%0D%0A%3Cp+style%3D%22text-align%3A+left%3B%22%3E%3Cspan+style%3D%22font-size%3A+12pt%3B%22%3ETettem+n%C3%A9h%C3%A1ny+-+val%C3%B3j%C3%A1ban+nagyon+sok+-+pr%C3%B3b%C3%A1t%2C+%C3%A9s+k%C3%A9nytelen+voltam+arra+az+eredm%C3%A9nyre+jutni%2C+hogy+a+Hungr%C3%A1l+nem+csak+r%C3%A1nk%2C+mint+%C3%A9l%C5%91+szervezetre+hat%2C+hanem+az+elektronik%C3%A1kra%2C+hangsug%C3%A1rz%C3%B3kra+is+-+az+eml%C3%ADtett+esetekben+pl.+a+modemre+%C3%A9s+routerre%2C+t%C3%A1psz%C5%B1r%C5%91kre.%3C%2Fspan%3E%3C%2Fp%3E%0D%0A%0D%0A%3Ch3+style%3D%22text-align%3A+left%3B%22%3E%3Cspan+style%3D%22font-size%3A+14pt%3B%22%3E%22Ha+a+lehetetlent+kiz%C3%A1rtuk%2C+ami+marad%2C+az+az+igazs%C3%A1g%2C+ak%C3%A1rmilyen+val%C3%B3sz%C3%ADn%C5%B1tlen+legyen+is.%22%3C%2Fspan%3E%3C%2Fh3%3E%0D%0A%3Cp+style%3D%22text-align%3A+left%3B%22%3E%3Cspan+style%3D%22font-size%3A+12pt%3B%22%3EA+felismer%C3%A9s+ut%C3%A1n+felgyorsultak+az+esem%C3%A9nyek%2C+de+a+blogcikk+meg%C3%ADr%C3%A1sa+csak+tol%C3%B3dott%2C+tol%C3%B3dott%2C+aminek+oka+a+Sherlock+Holmes+%C3%A1ltal+eml%C3%ADtett+%22ak%C3%A1rmilyen+val%C3%B3sz%C3%ADn%C5%B1tlens%C3%A9g%22.+Nagyon+egyszer%C5%B1+lett+volna+mindent+az+akusztik%C3%A1ra+fogni+-+tett%C3%BCnk+is+ilyen+ir%C3%A1ny%C3%BA+k%C3%ADs%C3%A9rleteket+-%2C+de+az%2C+hogy+a+TV-k%C3%A9p+is+megv%C3%A1ltozik%2C+k%C3%A9ts%C3%A9ges%C3%A9+teszi%2C+de+nem+z%C3%A1rja+ki.+Nem+z%C3%A1rja+ki%2C+mert+a+pl.+ugyanazon+kb.+15x15+centis+ter%C3%BCleten+t%C3%B6rt%C3%A9n%C5%91+k%C3%A9tf%C3%A9le+elrendez%C3%A9ssel+m%C3%A9lys%C3%A9g%C3%A9ben%2C+vagy+sz%C3%A9lt%C3%A9ben+lehet+a+hangsz%C3%ADnpadot+megn%C3%B6velni.%3C%2Fspan%3E%3C%2Fp%3E%0D%0A%3Cp+style%3D%22text-align%3A+center%3B%22%3E%3Cimg+class%3D%22aligncenter+size-full+wp-image-12447%22+src%3D%22https%3A%2F%2Flongkft.hu%2Faudioblog%2Fwp-content%2Fuploads%2F2022%2F11%2Fhungral-4.jpg%22+alt%3D%22hungr%C3%A1l+4%22+width%3D%22600%22+height%3D%22963%22+%2F%3E%3C%2Fp%3E%0D%0A%3Cp+style%3D%22text-align%3A+left%3B%22%3E%3Cspan+style%3D%22font-size%3A+12pt%3B%22%3EIgen+fontos+felismer%C3%A9s+volt%2C+hogy+a+%22gy%C3%A1ri%22+javaslattal+szemben+a+k%C3%BCl%C3%B6nb%C3%B6z%C5%91+m%C3%A9ret%C5%B1+ker%C3%A1mi%C3%A1kat+egym%C3%A1s+mellett%2C+egy+sorban+kell+elhelyezni.+Nagyon+fontos+felismer%C3%A9s+volt+az+is+-+amit+ez%C3%BAton+%28is%29+k%C3%B6sz%C3%B6n%C3%B6k+a+nevetekben+is+Attila+bar%C3%A1tomnak+-%2C+hogy+a+Hungr%C3%A1lok+szeretnek+%22csoportosulni%22%2C+viszont%2C+nem+szeretnek+egym%C3%A1shoz+%C3%A9rni.%3C%2Fspan%3E%3C%2Fp%3E%0D%0A%3Cp+style%3D%22text-align%3A+left%3B%22%3E%3Cspan+style%3D%22font-size%3A+12pt%3B%22%3EA+sok-sok%2C+k%C3%BCl%C3%B6nb%C3%B6z%C5%91+szob%C3%A1kban%2C+k%C3%BCl%C3%B6nb%C3%B6z%C5%91+rendszerekben+volt+meghallgat%C3%A1s%2C+egy%C3%A9rtelm%C5%B1en+azt+az+eredm%C3%A9nyt+hozta%2C+hogy+ennek+a+besz%C3%A1mol%C3%B3nak+meg+kell+sz%C3%BCletnie%2C+%C3%A9s+a+Hungr%C3%A1l+pozit%C3%ADv+hat%C3%A1saira+fel+kell+h%C3%ADvnom+minden+hifista%2C+%22h%C3%A1zimozista%22+figyelm%C3%A9t.%3C%2Fspan%3E%3C%2Fp%3E%0D%0A%0D%0A%3Ch3+style%3D%22text-align%3A+left%3B%22%3E%3Cspan+style%3D%22font-size%3A+14pt%3B%22%3ETeh%C3%A1t+akkor+a+Hungr%C3%A1l+javaslatok%2C+hat%C3%A1sok+hangrendszerben%2C+h%C3%A1zimoziban.%3C%2Fspan%3E%3C%2Fh3%3E%0D%0A%3Cp+style%3D%22text-align%3A+left%3B%22%3E%3Cspan+style%3D%22font-size%3A+12pt%3B%22%3EA+Hungr%C3%A1l+h%C3%A1rom%2C+k%C3%BCl%C3%B6nb%C3%B6z%C5%91+m%C3%A9ret%C5%B1+%22ed%C3%A9nyb%C5%91l%22+%C3%A1ll%2C+melyeket+az+%22%C3%A9lett%C3%A9rharmoniz%C3%A1ci%C3%B3s%22+javaslat+szerint+egym%C3%A1sra+t%C3%A9ve+%28martjoska+baba%29+kell+elhelyezni+a+szoba%2C+a+lak%C3%A1s+k%C3%BCl%C3%B6nb%C3%B6z%C5%91+ter%C3%BCletein%2C+a+f%C3%B6ld%C3%B6n.+M%C3%A1r+%C3%ADgy+is+%C3%A9rz%C3%A9kelhet%C5%91%2C+egy%C3%A9rtelm%C5%B1en+pozit%C3%ADv+v%C3%A1ltoz%C3%A1st+hoz+a+hang-+%C3%A9s+k%C3%A9pmin%C5%91s%C3%A9gben%2C+%C3%A9s+egyben+pozit%C3%ADvan+befoly%C3%A1solja+alv%C3%A1sunkat%2C+valamint+-+%C3%BAgy+v%C3%A9lem+-%2C+olyan%2C+mint+egy+%22lesz%40rom%22+tabletta.+Nagyobb+lesz+t%C5%91le+%28t%C5%91l%C3%BCk%29+a+stresszt%C5%B1r%C5%91-k%C3%A9pess%C3%A9g%C3%BCnk.%3C%2Fspan%3E%3C%2Fp%3E%0D%0A%3Cp+style%3D%22text-align%3A+left%3B%22%3E%3Cspan+style%3D%22font-size%3A+12pt%3B%22%3EB%C3%A1r%2C+pr%C3%B3bak%C3%A9nt+a+legt%C3%B6bben+egy+darabot+v%C3%A1s%C3%A1roln%C3%A1nak%2C+azonban+r%C3%A1+kell%2C+hogy+besz%C3%A9ljelek+titeket+a+h%C3%A1rom+k%C3%A9szletre%2C+aminek+nagyon+egyszer%C5%B1+oka+van.+A+%22gy%C3%A1ri%22+elrendez%C3%A9s+eset%C3%A9ben+3-4+az+a+Hungr%C3%A1l+mennyis%C3%A9g%2C+aminek+hat%C3%A1sa+m%C3%A9g+hallhat%C3%B3%2C+%C3%A9rz%C3%A9kelhet%C5%91.+A+harmadik+hat%C3%A1s%C3%A1t+m%C3%A9g+%28szinte%29+mindenki+%C3%A9rz%C3%A9keli%2C+a+negyediket+m%C3%A1r+csak+nagyon+kevesen.%3C%2Fspan%3E%3C%2Fp%3E%0D%0A%3Cp+style%3D%22text-align%3A+left%3B%22%3E%3Cspan+style%3D%22font-size%3A+12pt%3B%22%3EA+most+javaslatra+ker%C3%BCl%C5%91+elrendez%C3%A9sben%2C+az+els%C5%91+k%C3%A9t+szett+egym%C3%A1st+er%C5%91s%C3%ADtve+megn%C3%B6veli%2C+tapinthat%C3%B3v%C3%A1+teszi+a+teret%2C+sim%C3%A1bb%C3%A1%2C+torz%C3%ADtatlanabb%C3%A1+a+hangot.+A+harmadik+szett+bet%C3%A9tele+azonban%2C+valami+m%C3%A1s%2C+igen+fontos+v%C3%A1ltoz%C3%A1st+hoz.+A+harmadik+meghozza+azt+a+basszust%2C+azt+a+m%C3%A9lytartom%C3%A1nyt%2C+testet%2C+amit+hangsug%C3%A1rz%C3%B3nkt%C3%B3l+reproduk%C3%A1lhatatlannak+tartunk.+Minden+hangsug%C3%A1rz%C3%B3+-+f%C3%BCggetlen%C3%BCl+a+m%C3%A9rett%C5%91l+-+a+megszokotthoz%2C+a+t%C5%91le+elv%C3%A1rhat%C3%B3hoz+k%C3%A9pest+gyorsabb%2C+pontosabb%2C+%C3%BCt%C5%91sebb%2C+%C3%A9s+m%C3%A9lyebbre+hatol%C3%B3+basszustartom%C3%A1nyt+sz%C3%B3laltat+meg.+Egy%C3%A9rtelm%C5%B1v%C3%A9+v%C3%A1lik%2C+hogy+a+Hungr%C3%A1lok+torz%C3%ADt%C3%A1sokat+sz%C5%B1ntetnek+meg%2C+amit+mi+sem+jelez+pregn%C3%A1nsabban%2C+mint+az%2C+hogy+kedv%C3%BCnk+lesz+feljebb+tekerni+a+hanger%C5%91t.%3C%2Fspan%3E%3C%2Fp%3E%0D%0A%3Cp+style%3D%22text-align%3A+center%3B%22%3E%3Cimg+class%3D%22aligncenter+size-full+wp-image-12448%22+src%3D%22https%3A%2F%2Flongkft.hu%2Faudioblog%2Fwp-content%2Fuploads%2F2022%2F11%2Fhungral-5.jpg%22+alt%3D%22hungr%C3%A1l+5%22+width%3D%22600%22+height%3D%22750%22+%2F%3E%3C%2Fp%3E%0D%0A%3Cp+style%3D%22text-align%3A+left%3B%22%3E%3Cspan+style%3D%22font-size%3A+12pt%3B%22%3EEz+a+cs%C3%B6kkentett+%28-nek+hallhat%C3%B3%29+torz%C3%ADt%C3%A1s+%C3%A9pp%C3%BAgy+megjelenik+sz%C3%B3l%C3%B3hangszeren%2C+mint+nagyzenekarn%C3%A1l%2C+%C3%A9pp%C3%BAgy+megjelenik+%C3%A9nekhangon%2C+mint+elektronikus+zen%C3%A9n.+Minden+hang%2C+mindenfajta+zene+befogadhat%C3%B3bb%C3%A1%2C+zeneibb%C3%A9+v%C3%A1lik%2C+megn%C5%91+a+zenehallgat%C3%A1si+kedv+%C3%A9s+a+zenehallgat%C3%A1ssal+t%C3%B6lt%C3%B6tt+id%C5%91.%3C%2Fspan%3E%3C%2Fp%3E%0D%0A%3Cp+style%3D%22text-align%3A+left%3B%22%3E%3Cspan+style%3D%22font-size%3A+12pt%3B%22%3EA+pr%C3%B3b%C3%A1k+sor%C3%A1n+meghallgatott+minden+rendszer+hangj%C3%A1ban+megjelent+egyfajta+k%C3%A9pszer%C5%B1s%C3%A9g.+Olyan+%C3%A9rz%C3%A9s%2C+mintha+a+zen%C3%A9t%2C+a+zen%C3%A9szeket+nem+csak+hallan%C3%A1nk%2C+hanem+l%C3%A1tn%C3%A1nk+is.+Ezt+alapvet%C5%91en+csak+a+rendszerek+egy+sz%C5%B1k+r%C3%A9tege+tudja%2C+%C3%ADgy+a+stabil+%C3%A9s+pontos+basszus+mellett+ez+a+m%C3%A1sik+legfontosabb+pozit%C3%ADvuma+a+Hungr%C3%A1loknak.%3C%2Fspan%3E%3C%2Fp%3E%0D%0A%3Cp+style%3D%22text-align%3A+left%3B%22%3E%3Cspan+style%3D%22font-size%3A+12pt%3B%22%3ETov%C3%A1bbn%C3%B6velve+az+ugyanazon+sz%C5%B1k+ter%C3%BCleten+l%C3%A9v%C5%91+Hungr%C3%A1l+sz%C3%A1mot%2C+%C3%B6t+darabig+tov%C3%A1bbi+javul%C3%A1s+%C3%A9rz%C3%A9kelhet%C5%91%2C+de+m%C3%A1r+csak+egyre+kisebb+m%C3%A9rt%C3%A9k%C5%B1+v%C3%A1ltoz%C3%A1ssal+-+s%C5%91t%2C+a+hatodik+bet%C3%A9tel%C3%A9vel+visszaes%C3%A9s+k%C3%B6vetkezik+be.+Teh%C3%A1t+ha+valaki+szeretn%C3%A9+kihozni+a+maximumot%2C+maradjon+az+%C3%B6tn%C3%A9l%2C+optim%C3%A1lis+helyzetben+pedig+a+h%C3%A1romn%C3%A1l.%3C%2Fspan%3E%3C%2Fp%3E%0D%0A%3Cp+style%3D%22text-align%3A+center%3B%22%3E%3Cimg+class%3D%22aligncenter+size-full+wp-image-12449%22+src%3D%22https%3A%2F%2Flongkft.hu%2Faudioblog%2Fwp-content%2Fuploads%2F2022%2F11%2Fhungral-6.jpg%22+alt%3D%22hungr%C3%A1l+6%22+width%3D%22600%22+height%3D%22406%22+%2F%3E%3C%2Fp%3E%0D%0A%3Cp+style%3D%22text-align%3A+left%3B%22%3E%3Cspan+style%3D%22font-size%3A+12pt%3B%22%3EA+javasolt+elrendez%C3%A9st+k%C3%A9retik+megvari%C3%A1lni%2C+mert+t%C3%B6bb+f%C3%BCl+t%C3%B6bbet+hall+alapon%2C+lehetnek+m%C3%A1s+opci%C3%B3k.+P%C3%A9ld%C3%A1ul%2C+ha+a+sz%C3%A9ls%C5%91+Hungr%C3%A1lok+eset%C3%A9ben+a+sorozatot+jobbra-balra+%C3%A9p%C3%ADtj%C3%BCk+fel%2C+akkor+a+t%C3%A9r+kit%C3%A1gul+oldalra%2C+de+a+hang+vesz%C3%ADt+a+melegs%C3%A9g%C3%A9b%C5%91l%2C+simas%C3%A1g%C3%A1b%C3%B3l.+Ugyanez+a+helyzet+a+h%C3%A1trafel%C3%A9+%22%C3%A9p%C3%ADtkez%C3%A9s%22+eset%C3%A9n+is.+N%C5%91+h%C3%A1trafel%C3%A9+a+t%C3%A9r%2C+de+cs%C3%B6kken+a+%22simas%C3%A1g%22.+Azonban%2C+vannak+helyzetek%2C+melyek+nem+tesznek+lehet%C5%91v%C3%A9+m%C3%A1s+elrendez%C3%A9st.%3C%2Fspan%3E%3C%2Fp%3E%0D%0A%3Cp+style%3D%22text-align%3A+center%3B%22%3E%3Cimg+class%3D%22aligncenter+size-full+wp-image-12450%22+src%3D%22https%3A%2F%2Flongkft.hu%2Faudioblog%2Fwp-content%2Fuploads%2F2022%2F11%2Fhungral-7.jpg%22+alt%3D%22%22+width%3D%22600%22+height%3D%22406%22+%2F%3E%3C%2Fp%3E%0D%0A%0D%0A%3Ch3+style%3D%22text-align%3A+left%3B%22%3E%3Cspan+style%3D%22font-size%3A+14pt%3B%22%3E%C3%89rdekes+m%C3%B3don+az+egy+csoportban+l%C3%A9v%C5%91+Hungr%C3%A1l+eset%C3%A9ben+%C3%B6t+t%C5%B1nik+%22hat%C3%A1rmennyis%C3%A9gnek%22%2C+azonban+k%C3%BCl%C3%B6n+csoportokat+l%C3%A9trehozva%2C+betehet%C3%BCnk+rendszer%C3%BCnkbe+ak%C3%A1r+hat%2C+vagy+t%C3%B6bb+darabot+is.%3C%2Fspan%3E%3C%2Fh3%3E%0D%0A%3Cp+style%3D%22text-align%3A+left%3B%22%3E%3Cspan+style%3D%22font-size%3A+12pt%3B%22%3EVannak+olyan+elrendez%C3%A9sek%2C+melyek+eset%C3%A9ben+a+%22kecske+is%2C+k%C3%A1poszta+is%22+j%C3%B3l+j%C3%A1r.+K%C3%B6z%C3%A9pen+meg%C5%91rizve+az+%C3%B6t%C3%B6s+elrendez%C3%A9st%2C+%C3%A9s+ezzel+meg%C5%91rizve+minden+hangi+pozit%C3%ADvumot%2C+tov%C3%A1bb+n%C3%B6velhetj%C3%BCk+a+hangsz%C3%ADnpad+m%C3%A9ret%C3%A9t%2C+a+l%C3%A9gteret%2C+ha+a+zenehallgat%C3%B3val+szemben%2C+lehet%C5%91leg+az+%22%C3%B6t%C3%B6s%2C+vagy+h%C3%A1rmas+csoporttal%22+egyvonalban+jobb+%C3%A9s+baloldalon+a+falak+mellett%2C+vagy+%C3%A9ppen%2C+mint+a+k%C3%A9pen%2C+polc+mellett+elhelyez%C3%BCnk+tov%C3%A1bbi+egy-egy+%28kett%C5%91-kett%C5%91%29+Hungr%C3%A1lt.%3C%2Fspan%3E%3C%2Fp%3E%0D%0A%3Cp+style%3D%22text-align%3A+center%3B%22%3E%3Cimg+class%3D%22aligncenter+size-full+wp-image-12451%22+src%3D%22https%3A%2F%2Flongkft.hu%2Faudioblog%2Fwp-content%2Fuploads%2F2022%2F11%2Fhungral-8.jpg%22+alt%3D%22%22+width%3D%22600%22+height%3D%22426%22+%2F%3E%3C%2Fp%3E%0D%0A%3Cp+style%3D%22text-align%3A+left%3B%22%3E%3Cspan+style%3D%22font-size%3A+12pt%3B%22%3EMivel+tapasztaltunk+m%C3%A1r+ilyesmit+virtu%C3%A1lisf%C3%B6ldekkel%2C+p%C3%A1rhuzamos+t%C3%A1psz%C5%B1r%C5%91kkel+kapcsolatban+is%2C+ez%C3%A9rt+m%C3%A1r+meg+sem+lep%C5%91dt%C3%BCnk%2C+hogy+a+pr%C3%B3b%C3%A1k+sor%C3%A1n+t%C3%B6bbsz%C3%B6r+is+egy%C3%A9rtelm%C5%B1+volt%2C+hogy+nem+tiszt%C3%A1n+A-B%2C+vele%2C+vagy+n%C3%A9lk%C3%BCle+helyzetr%C5%91l+van+sz%C3%B3.+Van+egy+C+%C3%A1llapot+is%2C+ami+bizonyos+id%C5%91+eltelt%C3%A9vel+alakul+ki.+Gyors+A-B+tesztek+alatt+kev%C3%A9ss%C3%A9+%C3%A9rz%C3%A9kelni%2C+de+egy-egy+hosszabb+zener%C3%A9szlet%2C+komplett+lemez+meghallgat%C3%A1sa+sor%C3%A1n+m%C3%A1r+egy%C3%A9rtelm%C5%B1en+hallhat%C3%B3.%3C%2Fspan%3E%3C%2Fp%3E%0D%0A%3Cp+style%3D%22text-align%3A+center%3B%22%3E%3Cimg+class%3D%22aligncenter+size-full+wp-image-12453%22+src%3D%22https%3A%2F%2Flongkft.hu%2Faudioblog%2Fwp-content%2Fuploads%2F2022%2F11%2Fhungral-9.jpg%22+alt%3D%22%22+width%3D%22800%22+height%3D%22470%22+%2F%3E%3C%2Fp%3E%0D%0A%3Cp+style%3D%22text-align%3A+left%3B%22%3E%3Cspan+style%3D%22font-size%3A+12pt%3B%22%3E%C3%9Agy+v%C3%A9lem%2C+hogy+kell+egy+bizonyos+id%C5%91+a+teljes+hat%C3%A1s+fel%C3%A9p%C3%BCl%C3%A9s%C3%A9hez%2C+ugyan%C3%BAgy%2C+mint+a+teljes+megsz%C5%B1n%C3%A9s%C3%A9hez.+Ez+%C3%BAgy+jelentkezik%2C+hogy+a+Hungr%C3%A1l+bet%C3%A9tele+eset%C3%A9n+nagyobb+v%C3%A1ltoz%C3%A1st+%C3%A9rz%C3%BCnk%2C+mint+kiv%C3%A9telkor%2C+ha+az+eltelt+id%C5%91+legal%C3%A1bb+8-10+perc.+Sajnos%2C+a+kiv%C3%A9tel+ut%C3%A1n+nagyon+gyorsan+vissza%C3%A1ll+a+kor%C3%A1bbi%2C+kev%C3%A9sb%C3%A9+%C3%A9l%C5%91%2C+torzabb%2C+kopog%C3%B3s%2C+sz%C5%B1k%2C+t%C3%A9rm%C3%A9lys%C3%A9g+n%C3%A9lk%C3%BCli+hangk%C3%A9p+-+amit+pedig+a+Hungr%C3%A1l+elhelyez%C3%A9se+el%C5%91tt+oly+j%C3%B3nak+tal%C3%A1ltunk.+Eme+%22visszal%C3%A9p%C3%A9s%22+miatt+t%C3%B6bben+is+megut%C3%A1ltak%2C+amikor+a+saj%C3%A1t+Hungr%C3%A1ljaimat+egy-egy+bar%C3%A1ti+bemutat%C3%B3+ut%C3%A1n+elcsomagoltam%2C+%C3%A9s+hazavittem...%3C%2Fspan%3E%3C%2Fp%3E&amp;source=Longaudio\"><\/a><a target=\"_blank\" class=\"gplusz\" title=\"\" rel=\"external\" href=\"https:\/\/plusone.google.com\/_\/+1\/confirm?url=https:\/\/longkft.hu\/audioblog\/hungral-mondom-hungral\/\"><\/a><a target=\"_blank\" rel=\"nofollow\" class=\"email\" href=\"mailto:?subject=Longaudio - Hungr\u00e1l &#8211; mondom, Hungr\u00e1l!&amp;body=Kedves Bar\u00e1tom! Most olvastam a(z) Hungr\u00e1l &#8211; mondom, Hungr\u00e1l!  c\u00edm\u0171 cikket a(z) Longaudio  oldalon. Hivatkoz\u00e1s:  https:\/\/longkft.hu\/audioblog\/hungral-mondom-hungral\/\" title=\"\"><\/a><a class=\"nyomtatas\" title=\"\" href=\"http:\/\/www.printfriendly.com\" onclick=\"window.print();return false;\"><\/a>","protected":false},"author":2,"featured_media":13089,"comment_status":"open","ping_status":"closed","sticky":false,"template":"","format":"standard","meta":{"footnotes":""},"categories":[86,25,32],"tags":[45],"class_list":["post-12440","post","type-post","status-publish","format-standard","has-post-thumbnail","hentry","category-audio","category-bemutato","category-tuning","tag-4-dimenzio"],"yoast_head":"<!-- This site is optimized with the Yoast SEO plugin v27.4 - https:\/\/yoast.com\/product\/yoast-seo-wordpress\/ -->\n<title>Hungr\u00e1l - mondom, Hungr\u00e1l! - Longaudio<\/title>\n<meta name=\"description\" content=\"A Hungr\u00e1l hangrendszerben t\u00f6rt\u00e9nt bemutat\u00e1sa ut\u00e1n, mindenki, minden alkalommal elszomorodott, amikor azokat kivettem, hazavittem...\" \/>\n<meta name=\"robots\" content=\"index, follow, max-snippet:-1, max-image-preview:large, max-video-preview:-1\" \/>\n<link rel=\"canonical\" href=\"https:\/\/longkft.hu\/audioblog\/hungral-mondom-hungral\/\" \/>\n<meta property=\"og:locale\" content=\"hu_HU\" \/>\n<meta property=\"og:type\" content=\"article\" \/>\n<meta property=\"og:title\" content=\"Hungr\u00e1l - mondom, Hungr\u00e1l! - Longaudio\" \/>\n<meta property=\"og:description\" content=\"A Hungr\u00e1l hangrendszerben t\u00f6rt\u00e9nt bemutat\u00e1sa ut\u00e1n, mindenki, minden alkalommal elszomorodott, amikor azokat kivettem, hazavittem...\" \/>\n<meta property=\"og:url\" content=\"https:\/\/longkft.hu\/audioblog\/hungral-mondom-hungral\/\" \/>\n<meta property=\"og:site_name\" content=\"Longaudio\" \/>\n<meta property=\"article:publisher\" content=\"https:\/\/www.facebook.com\/longkft\" \/>\n<meta property=\"article:author\" content=\"https:\/\/www.facebook.com\/longkft\" \/>\n<meta property=\"article:published_time\" content=\"2022-11-22T14:03:07+00:00\" \/>\n<meta property=\"article:modified_time\" content=\"2023-09-03T09:33:51+00:00\" \/>\n<meta property=\"og:image\" content=\"https:\/\/longkft.hu\/audioblog\/wp-content\/uploads\/2022\/11\/hungral-nyito_2.jpg\" \/>\n\t<meta property=\"og:image:width\" content=\"1000\" \/>\n\t<meta property=\"og:image:height\" content=\"568\" \/>\n\t<meta property=\"og:image:type\" content=\"image\/jpeg\" \/>\n<meta name=\"author\" content=\"Long\" \/>\n<meta name=\"twitter:card\" content=\"summary_large_image\" \/>\n<meta name=\"twitter:label1\" content=\"Szerz\u0151:\" \/>\n\t<meta name=\"twitter:data1\" content=\"Long\" \/>\n\t<meta name=\"twitter:label2\" content=\"Becs\u00fclt olvas\u00e1si id\u0151\" \/>\n\t<meta name=\"twitter:data2\" content=\"10 perc\" \/>\n<script type=\"application\/ld+json\" class=\"yoast-schema-graph\">{\"@context\":\"https:\\\/\\\/schema.org\",\"@graph\":[{\"@type\":\"Article\",\"@id\":\"https:\\\/\\\/longkft.hu\\\/audioblog\\\/hungral-mondom-hungral\\\/#article\",\"isPartOf\":{\"@id\":\"https:\\\/\\\/longkft.hu\\\/audioblog\\\/hungral-mondom-hungral\\\/\"},\"author\":{\"name\":\"Long\",\"@id\":\"https:\\\/\\\/longkft.hu\\\/audioblog\\\/#\\\/schema\\\/person\\\/645cabad2d8e942354ed2caeef3aa9ea\"},\"headline\":\"Hungr\u00e1l &#8211; mondom, Hungr\u00e1l!\",\"datePublished\":\"2022-11-22T14:03:07+00:00\",\"dateModified\":\"2023-09-03T09:33:51+00:00\",\"mainEntityOfPage\":{\"@id\":\"https:\\\/\\\/longkft.hu\\\/audioblog\\\/hungral-mondom-hungral\\\/\"},\"wordCount\":2073,\"commentCount\":21,\"publisher\":{\"@id\":\"https:\\\/\\\/longkft.hu\\\/audioblog\\\/#\\\/schema\\\/person\\\/645cabad2d8e942354ed2caeef3aa9ea\"},\"image\":{\"@id\":\"https:\\\/\\\/longkft.hu\\\/audioblog\\\/hungral-mondom-hungral\\\/#primaryimage\"},\"thumbnailUrl\":\"https:\\\/\\\/longkft.hu\\\/audioblog\\\/wp-content\\\/uploads\\\/2022\\\/11\\\/hungral-nyito_2.jpg\",\"keywords\":[\"4. dimenzi\u00f3\"],\"articleSection\":[\"Audio\",\"Bemutat\u00f3\",\"Tuning\"],\"inLanguage\":\"hu\",\"potentialAction\":[{\"@type\":\"CommentAction\",\"name\":\"Comment\",\"target\":[\"https:\\\/\\\/longkft.hu\\\/audioblog\\\/hungral-mondom-hungral\\\/#respond\"]}]},{\"@type\":\"WebPage\",\"@id\":\"https:\\\/\\\/longkft.hu\\\/audioblog\\\/hungral-mondom-hungral\\\/\",\"url\":\"https:\\\/\\\/longkft.hu\\\/audioblog\\\/hungral-mondom-hungral\\\/\",\"name\":\"Hungr\u00e1l - mondom, Hungr\u00e1l! - Longaudio\",\"isPartOf\":{\"@id\":\"https:\\\/\\\/longkft.hu\\\/audioblog\\\/#website\"},\"primaryImageOfPage\":{\"@id\":\"https:\\\/\\\/longkft.hu\\\/audioblog\\\/hungral-mondom-hungral\\\/#primaryimage\"},\"image\":{\"@id\":\"https:\\\/\\\/longkft.hu\\\/audioblog\\\/hungral-mondom-hungral\\\/#primaryimage\"},\"thumbnailUrl\":\"https:\\\/\\\/longkft.hu\\\/audioblog\\\/wp-content\\\/uploads\\\/2022\\\/11\\\/hungral-nyito_2.jpg\",\"datePublished\":\"2022-11-22T14:03:07+00:00\",\"dateModified\":\"2023-09-03T09:33:51+00:00\",\"description\":\"A Hungr\u00e1l hangrendszerben t\u00f6rt\u00e9nt bemutat\u00e1sa ut\u00e1n, mindenki, minden alkalommal elszomorodott, amikor azokat kivettem, hazavittem...\",\"breadcrumb\":{\"@id\":\"https:\\\/\\\/longkft.hu\\\/audioblog\\\/hungral-mondom-hungral\\\/#breadcrumb\"},\"inLanguage\":\"hu\",\"potentialAction\":[{\"@type\":\"ReadAction\",\"target\":[\"https:\\\/\\\/longkft.hu\\\/audioblog\\\/hungral-mondom-hungral\\\/\"]}]},{\"@type\":\"ImageObject\",\"inLanguage\":\"hu\",\"@id\":\"https:\\\/\\\/longkft.hu\\\/audioblog\\\/hungral-mondom-hungral\\\/#primaryimage\",\"url\":\"https:\\\/\\\/longkft.hu\\\/audioblog\\\/wp-content\\\/uploads\\\/2022\\\/11\\\/hungral-nyito_2.jpg\",\"contentUrl\":\"https:\\\/\\\/longkft.hu\\\/audioblog\\\/wp-content\\\/uploads\\\/2022\\\/11\\\/hungral-nyito_2.jpg\",\"width\":1000,\"height\":568},{\"@type\":\"BreadcrumbList\",\"@id\":\"https:\\\/\\\/longkft.hu\\\/audioblog\\\/hungral-mondom-hungral\\\/#breadcrumb\",\"itemListElement\":[{\"@type\":\"ListItem\",\"position\":1,\"name\":\"Kezd\u0151oldal\",\"item\":\"https:\\\/\\\/longkft.hu\\\/audioblog\\\/\"},{\"@type\":\"ListItem\",\"position\":2,\"name\":\"Hungr\u00e1l &#8211; mondom, Hungr\u00e1l!\"}]},{\"@type\":\"WebSite\",\"@id\":\"https:\\\/\\\/longkft.hu\\\/audioblog\\\/#website\",\"url\":\"https:\\\/\\\/longkft.hu\\\/audioblog\\\/\",\"name\":\"Longaudio\",\"description\":\"50 \u00e9v lemezgy\u0171jtem\u00e9nye \u00e9s audio k\u00e9sz\u00fcl\u00e9kei\",\"publisher\":{\"@id\":\"https:\\\/\\\/longkft.hu\\\/audioblog\\\/#\\\/schema\\\/person\\\/645cabad2d8e942354ed2caeef3aa9ea\"},\"potentialAction\":[{\"@type\":\"SearchAction\",\"target\":{\"@type\":\"EntryPoint\",\"urlTemplate\":\"https:\\\/\\\/longkft.hu\\\/audioblog\\\/?s={search_term_string}\"},\"query-input\":{\"@type\":\"PropertyValueSpecification\",\"valueRequired\":true,\"valueName\":\"search_term_string\"}}],\"inLanguage\":\"hu\"},{\"@type\":[\"Person\",\"Organization\"],\"@id\":\"https:\\\/\\\/longkft.hu\\\/audioblog\\\/#\\\/schema\\\/person\\\/645cabad2d8e942354ed2caeef3aa9ea\",\"name\":\"Long\",\"image\":{\"@type\":\"ImageObject\",\"inLanguage\":\"hu\",\"@id\":\"https:\\\/\\\/longkft.hu\\\/audioblog\\\/wp-content\\\/uploads\\\/2018\\\/01\\\/logo.jpg\",\"url\":\"https:\\\/\\\/longkft.hu\\\/audioblog\\\/wp-content\\\/uploads\\\/2018\\\/01\\\/logo.jpg\",\"contentUrl\":\"https:\\\/\\\/longkft.hu\\\/audioblog\\\/wp-content\\\/uploads\\\/2018\\\/01\\\/logo.jpg\",\"width\":240,\"height\":240,\"caption\":\"Long\"},\"logo\":{\"@id\":\"https:\\\/\\\/longkft.hu\\\/audioblog\\\/wp-content\\\/uploads\\\/2018\\\/01\\\/logo.jpg\"},\"sameAs\":[\"https:\\\/\\\/www.facebook.com\\\/longkft\",\"https:\\\/\\\/hu.pinterest.com\\\/farkas1051\\\/_saved\\\/\"],\"url\":\"https:\\\/\\\/longkft.hu\\\/audioblog\\\/author\\\/audioblogger\\\/\"}]}<\/script>\n<!-- \/ Yoast SEO plugin. -->","yoast_head_json":{"title":"Hungr\u00e1l - mondom, Hungr\u00e1l! - Longaudio","description":"A Hungr\u00e1l hangrendszerben t\u00f6rt\u00e9nt bemutat\u00e1sa ut\u00e1n, mindenki, minden alkalommal elszomorodott, amikor azokat kivettem, hazavittem...","robots":{"index":"index","follow":"follow","max-snippet":"max-snippet:-1","max-image-preview":"max-image-preview:large","max-video-preview":"max-video-preview:-1"},"canonical":"https:\/\/longkft.hu\/audioblog\/hungral-mondom-hungral\/","og_locale":"hu_HU","og_type":"article","og_title":"Hungr\u00e1l - mondom, Hungr\u00e1l! - Longaudio","og_description":"A Hungr\u00e1l hangrendszerben t\u00f6rt\u00e9nt bemutat\u00e1sa ut\u00e1n, mindenki, minden alkalommal elszomorodott, amikor azokat kivettem, hazavittem...","og_url":"https:\/\/longkft.hu\/audioblog\/hungral-mondom-hungral\/","og_site_name":"Longaudio","article_publisher":"https:\/\/www.facebook.com\/longkft","article_author":"https:\/\/www.facebook.com\/longkft","article_published_time":"2022-11-22T14:03:07+00:00","article_modified_time":"2023-09-03T09:33:51+00:00","og_image":[{"width":1000,"height":568,"url":"https:\/\/longkft.hu\/audioblog\/wp-content\/uploads\/2022\/11\/hungral-nyito_2.jpg","type":"image\/jpeg"}],"author":"Long","twitter_card":"summary_large_image","twitter_misc":{"Szerz\u0151:":"Long","Becs\u00fclt olvas\u00e1si id\u0151":"10 perc"},"schema":{"@context":"https:\/\/schema.org","@graph":[{"@type":"Article","@id":"https:\/\/longkft.hu\/audioblog\/hungral-mondom-hungral\/#article","isPartOf":{"@id":"https:\/\/longkft.hu\/audioblog\/hungral-mondom-hungral\/"},"author":{"name":"Long","@id":"https:\/\/longkft.hu\/audioblog\/#\/schema\/person\/645cabad2d8e942354ed2caeef3aa9ea"},"headline":"Hungr\u00e1l &#8211; mondom, Hungr\u00e1l!","datePublished":"2022-11-22T14:03:07+00:00","dateModified":"2023-09-03T09:33:51+00:00","mainEntityOfPage":{"@id":"https:\/\/longkft.hu\/audioblog\/hungral-mondom-hungral\/"},"wordCount":2073,"commentCount":21,"publisher":{"@id":"https:\/\/longkft.hu\/audioblog\/#\/schema\/person\/645cabad2d8e942354ed2caeef3aa9ea"},"image":{"@id":"https:\/\/longkft.hu\/audioblog\/hungral-mondom-hungral\/#primaryimage"},"thumbnailUrl":"https:\/\/longkft.hu\/audioblog\/wp-content\/uploads\/2022\/11\/hungral-nyito_2.jpg","keywords":["4. dimenzi\u00f3"],"articleSection":["Audio","Bemutat\u00f3","Tuning"],"inLanguage":"hu","potentialAction":[{"@type":"CommentAction","name":"Comment","target":["https:\/\/longkft.hu\/audioblog\/hungral-mondom-hungral\/#respond"]}]},{"@type":"WebPage","@id":"https:\/\/longkft.hu\/audioblog\/hungral-mondom-hungral\/","url":"https:\/\/longkft.hu\/audioblog\/hungral-mondom-hungral\/","name":"Hungr\u00e1l - mondom, Hungr\u00e1l! - Longaudio","isPartOf":{"@id":"https:\/\/longkft.hu\/audioblog\/#website"},"primaryImageOfPage":{"@id":"https:\/\/longkft.hu\/audioblog\/hungral-mondom-hungral\/#primaryimage"},"image":{"@id":"https:\/\/longkft.hu\/audioblog\/hungral-mondom-hungral\/#primaryimage"},"thumbnailUrl":"https:\/\/longkft.hu\/audioblog\/wp-content\/uploads\/2022\/11\/hungral-nyito_2.jpg","datePublished":"2022-11-22T14:03:07+00:00","dateModified":"2023-09-03T09:33:51+00:00","description":"A Hungr\u00e1l hangrendszerben t\u00f6rt\u00e9nt bemutat\u00e1sa ut\u00e1n, mindenki, minden alkalommal elszomorodott, amikor azokat kivettem, hazavittem...","breadcrumb":{"@id":"https:\/\/longkft.hu\/audioblog\/hungral-mondom-hungral\/#breadcrumb"},"inLanguage":"hu","potentialAction":[{"@type":"ReadAction","target":["https:\/\/longkft.hu\/audioblog\/hungral-mondom-hungral\/"]}]},{"@type":"ImageObject","inLanguage":"hu","@id":"https:\/\/longkft.hu\/audioblog\/hungral-mondom-hungral\/#primaryimage","url":"https:\/\/longkft.hu\/audioblog\/wp-content\/uploads\/2022\/11\/hungral-nyito_2.jpg","contentUrl":"https:\/\/longkft.hu\/audioblog\/wp-content\/uploads\/2022\/11\/hungral-nyito_2.jpg","width":1000,"height":568},{"@type":"BreadcrumbList","@id":"https:\/\/longkft.hu\/audioblog\/hungral-mondom-hungral\/#breadcrumb","itemListElement":[{"@type":"ListItem","position":1,"name":"Kezd\u0151oldal","item":"https:\/\/longkft.hu\/audioblog\/"},{"@type":"ListItem","position":2,"name":"Hungr\u00e1l &#8211; mondom, Hungr\u00e1l!"}]},{"@type":"WebSite","@id":"https:\/\/longkft.hu\/audioblog\/#website","url":"https:\/\/longkft.hu\/audioblog\/","name":"Longaudio","description":"50 \u00e9v lemezgy\u0171jtem\u00e9nye \u00e9s audio k\u00e9sz\u00fcl\u00e9kei","publisher":{"@id":"https:\/\/longkft.hu\/audioblog\/#\/schema\/person\/645cabad2d8e942354ed2caeef3aa9ea"},"potentialAction":[{"@type":"SearchAction","target":{"@type":"EntryPoint","urlTemplate":"https:\/\/longkft.hu\/audioblog\/?s={search_term_string}"},"query-input":{"@type":"PropertyValueSpecification","valueRequired":true,"valueName":"search_term_string"}}],"inLanguage":"hu"},{"@type":["Person","Organization"],"@id":"https:\/\/longkft.hu\/audioblog\/#\/schema\/person\/645cabad2d8e942354ed2caeef3aa9ea","name":"Long","image":{"@type":"ImageObject","inLanguage":"hu","@id":"https:\/\/longkft.hu\/audioblog\/wp-content\/uploads\/2018\/01\/logo.jpg","url":"https:\/\/longkft.hu\/audioblog\/wp-content\/uploads\/2018\/01\/logo.jpg","contentUrl":"https:\/\/longkft.hu\/audioblog\/wp-content\/uploads\/2018\/01\/logo.jpg","width":240,"height":240,"caption":"Long"},"logo":{"@id":"https:\/\/longkft.hu\/audioblog\/wp-content\/uploads\/2018\/01\/logo.jpg"},"sameAs":["https:\/\/www.facebook.com\/longkft","https:\/\/hu.pinterest.com\/farkas1051\/_saved\/"],"url":"https:\/\/longkft.hu\/audioblog\/author\/audioblogger\/"}]}},"_links":{"self":[{"href":"https:\/\/longkft.hu\/audioblog\/wp-json\/wp\/v2\/posts\/12440","targetHints":{"allow":["GET"]}}],"collection":[{"href":"https:\/\/longkft.hu\/audioblog\/wp-json\/wp\/v2\/posts"}],"about":[{"href":"https:\/\/longkft.hu\/audioblog\/wp-json\/wp\/v2\/types\/post"}],"author":[{"embeddable":true,"href":"https:\/\/longkft.hu\/audioblog\/wp-json\/wp\/v2\/users\/2"}],"replies":[{"embeddable":true,"href":"https:\/\/longkft.hu\/audioblog\/wp-json\/wp\/v2\/comments?post=12440"}],"version-history":[{"count":0,"href":"https:\/\/longkft.hu\/audioblog\/wp-json\/wp\/v2\/posts\/12440\/revisions"}],"wp:featuredmedia":[{"embeddable":true,"href":"https:\/\/longkft.hu\/audioblog\/wp-json\/wp\/v2\/media\/13089"}],"wp:attachment":[{"href":"https:\/\/longkft.hu\/audioblog\/wp-json\/wp\/v2\/media?parent=12440"}],"wp:term":[{"taxonomy":"category","embeddable":true,"href":"https:\/\/longkft.hu\/audioblog\/wp-json\/wp\/v2\/categories?post=12440"},{"taxonomy":"post_tag","embeddable":true,"href":"https:\/\/longkft.hu\/audioblog\/wp-json\/wp\/v2\/tags?post=12440"}],"curies":[{"name":"wp","href":"https:\/\/api.w.org\/{rel}","templated":true}]}}