{"id":1245,"date":"2016-12-07T13:30:30","date_gmt":"2016-12-07T13:30:30","guid":{"rendered":"http:\/\/longkft.hu\/audioblog\/?p=1245"},"modified":"2023-06-29T06:21:13","modified_gmt":"2023-06-29T06:21:13","slug":"edda-muvek","status":"publish","type":"post","link":"https:\/\/longkft.hu\/audioblog\/edda-muvek\/","title":{"rendered":"Edda M\u0171vek &#8211; 5"},"content":{"rendered":"<p style=\"text-align: left;\"><span style=\"font-size: 12pt;\"><em>English language can be selected in upper left corner (British flag).<\/em>\u00a0 1983. december 19. &#8211; a val\u00f3j\u00e1ban utols\u00f3, gy\u00f6ngy\u00f6si koncert &#8211; ut\u00e1n az Edda M\u0171vek megsz\u0171nt l\u00e9tezni. Volt egy remek \u00e9s gyors kezd\u00e9s, n\u00e9h\u00e1ny boldog \u00e9v, k\u00fczdelmek, belh\u00e1bor\u00fak, hatalmas rajong\u00f3t\u00e1bor, majd egy m\u00e9lt\u00f3 befejez\u00e9s, ami az Edda 4. album\u00e1n az ut\u00f3kor sz\u00e1m\u00e1ra is fennmaradt. Itt pontot is kellene tenni az Edda-jelens\u00e9g \u00e9s maga a Zenekar t\u00f6rt\u00e9net\u00e9nek v\u00e9g\u00e9re. A rajong\u00f3k ugyan v\u00e1rt\u00e1k (v\u00e1rtuk) a csod\u00e1t, de valahol a legt\u00f6bben \u00e9rezt\u00fck, hogy ez eddig tartott, \u00e9s boldogak voltunk, hogy \u00e9let\u00fcnk r\u00e9sze lehetett.<\/span><\/p>\n<p style=\"text-align: left;\"><span style=\"font-size: 12pt;\"><a href=\"https:\/\/hu.wikipedia.org\/wiki\/Pataky_Attila\" target=\"_blank\" rel=\"noopener noreferrer\"><span style=\"color: #ff6600;\">Pataky Attila<\/span><\/a> &#8211; \u00fagy gondolom &#8211; m\u00e1r a b\u00facs\u00fakoncert v\u00e9gs\u0151 meghajl\u00e1sa \u00e9s az \u00f6lt\u00f6z\u0151be val\u00f3 bemenet k\u00f6zben tudta, hogy j\u00f6n a folytat\u00e1s. Er\u0151vel, akarattal, foggal-k\u00f6r\u00f6mmel \u00fajra\u00e9p\u00edti a k\u00f6r\u00fcl\u00f6tte kialakult nimbuszt, kiszolg\u00e1lja az &#8222;\u0151&#8221; rajong\u00f3t\u00e1bor\u00e1t. 1984-ben Norv\u00e9gi\u00e1ba ment &#8222;vend\u00e9gl\u00e1t\u00f3zni&#8221;, ahol profi zen\u00e9szekkel k\u00f6r\u00fclv\u00e9ve mag\u00e1t, egyr\u00e9szt p\u00e9nzt keresett, m\u00e1sr\u00e9szt a j\u00f6v\u0151r\u0151l \u00e1lmodozott, de a legfontosabb, kem\u00e9nyen, vasakarattal el kezdte \u00e9p\u00edteni, szervezni a visszat\u00e9r\u00e9s\u00e9t. 1985-ben hazat\u00e9rt, tele energi\u00e1val, tervekkel, \u00faj dalokkal \u00e9s g\u0151zer\u0151vel beind\u00edtotta \u00f6nmaga menedzsel\u00e9s\u00e9t &#8211; bocs\u00e1nat, az Edd\u00e1\u00e9t&#8230;<\/span><\/p>\n<h3 style=\"text-align: left;\"><span style=\"font-size: 12pt;\">&#8230;egyszer csak megl\u00e1ttuk a plak\u00e1tokat, Edda M\u0171vek a Budapest Sportcsarnokban &#8211; mi van? J\u00f6ttek-mentek a sz\u00f3besz\u00e9dek, Pataky \u00fajj\u00e1szervezte az Edd\u00e1t, minden megy tov\u00e1bb, minden ugyanolyan lesz, mint r\u00e9gen&#8230;<\/span><\/h3>\n<p style=\"text-align: left;\"><span style=\"font-size: 12pt;\">Term\u00e9szetesen elmentem megn\u00e9zni, meghallgatni az Egy\u00fcttest \u00e9s tulajdonk\u00e9ppen nem is volt rossz a koncert &#8211; \u00fagy h\u00e1tulr\u00f3l, messzir\u0151l, kicsit hunyor\u00edtva n\u00e9zve&#8230; Minden tiszteletem Pataky Attil\u00e1\u00e9, hogy megcsin\u00e1lta, \u00f6sszehozta, bebizony\u00edtotta &#8211; azonban volt n\u00e9mi gondom.<\/span><\/p>\n<p style=\"text-align: left;\"><span style=\"font-size: 12pt;\">N\u00e9h\u00e1ny h\u00e9t m\u00falva a m\u0171sort, \u00e9s az \u00faj fel\u00e1ll\u00e1st bemutatta Miskolcon is. Ott is megn\u00e9ztem, igaz, kicsit mag\u00e1nyosnak \u00e9reztem magamat a kiss\u00e9 kong\u00f3 n\u00e9z\u0151t\u00e9ren &#8211; mert bizony nagyon kevesen voltunk. Az Edda M\u0171vek v\u00e1rosa, ahol a b\u00facs\u00fa koncerten legal\u00e1bb 5-6000 fiatal gy\u0171lt \u00f6ssze a v\u00e1rosi Sportcsarnokban \u00e9s k\u00f6r\u00fcl\u00f6tte, nem volt k\u00edv\u00e1ncsi az indul\u00e1sra, nem volt k\u00edv\u00e1ncsi Pataky Attil\u00e1ra, aki a &#8222;visszat\u00e9r\u00e9st&#8221; Budapesten tette meg.<\/span><\/p>\n<p style=\"text-align: left;\"><span style=\"font-size: 12pt;\">Elkezd\u0151d\u00f6tt a miskolci koncert, s ugyanazt \u00e9reztem, mint a budapestin &#8211; mi a fene ez? Hasonl\u00edtott az Edd\u00e1ra, ez vitathatatlan, de m\u00e9gis m\u00e1s volt, \u00fcresebb, ugyanakkor magamutogat\u00f3bb. A koncert k\u00f6zben egym\u00e1s mell\u00e9 &#8222;sodr\u00f3dtunk&#8221; R\u00f3na Gyurival, akivel kicsit besz\u00e9lgetni kezdt\u00fcnk, s szinte egyszerre mondtuk ki &#8211; ennek semmi k\u00f6ze az Edda M\u0171vekhez, ez nem m\u00e1s, mint &#8222;A&#8221; Pataky M\u0171vek&#8230;<\/span><\/p>\n<p style=\"text-align: left;\"><span style=\"font-size: 12pt;\">Nem v\u00e1rtam meg a koncert v\u00e9g\u00e9t, elj\u0151ve, megpr\u00f3b\u00e1ltam kiverni magamb\u00f3l a l\u00e1tottakat, hallottakat, \u00e9s soha t\u00f6bb\u00e9 nem tettem be a l\u00e1bamat &#8222;Edda M\u0171vek&#8221; koncertre. Az 5. album volt az utols\u00f3, amit megv\u00e1s\u00e1roltam (de csak az\u00e9rt, mert ott voltam).<\/span><\/p>\n<p style=\"text-align: center;\"><img loading=\"lazy\" decoding=\"async\" class=\"aligncenter wp-image-1244\" src=\"http:\/\/longkft.hu\/audioblog\/wp-content\/uploads\/2018\/02\/edda_5_pataki_attila_eleje.jpg\" alt=\"Edda\" width=\"600\" height=\"600\" srcset=\"https:\/\/longkft.hu\/audioblog\/wp-content\/uploads\/2018\/02\/edda_5_pataki_attila_eleje.jpg 983w, https:\/\/longkft.hu\/audioblog\/wp-content\/uploads\/2018\/02\/edda_5_pataki_attila_eleje-150x150.jpg 150w, https:\/\/longkft.hu\/audioblog\/wp-content\/uploads\/2018\/02\/edda_5_pataki_attila_eleje-300x300.jpg 300w, https:\/\/longkft.hu\/audioblog\/wp-content\/uploads\/2018\/02\/edda_5_pataki_attila_eleje-768x768.jpg 768w, https:\/\/longkft.hu\/audioblog\/wp-content\/uploads\/2018\/02\/edda_5_pataki_attila_eleje-500x500.jpg 500w, https:\/\/longkft.hu\/audioblog\/wp-content\/uploads\/2018\/02\/edda_5_pataki_attila_eleje-400x400.jpg 400w, https:\/\/longkft.hu\/audioblog\/wp-content\/uploads\/2018\/02\/edda_5_pataki_attila_eleje-200x200.jpg 200w, https:\/\/longkft.hu\/audioblog\/wp-content\/uploads\/2018\/02\/edda_5_pataki_attila_eleje-820x820.jpg 820w\" sizes=\"auto, (max-width: 600px) 100vw, 600px\" \/><\/p>\n<p style=\"text-align: left;\"><span style=\"font-size: 12pt;\">&#8217;85-ben teh\u00e1t elindult egy \u00faj zenekar, ami nem volt m\u00e1s, mint Pataky h\u00e1tt\u00e9rzen\u00e9szeinek \u00f6sszess\u00e9ge. M\u00e1r az 5. album taglist\u00e1ja is vicces: Edda M\u0171vek &#8211; Pataky, Fortuna, az \u00f6sszes t\u00f6bbi tag csak vend\u00e9gzen\u00e9sz&#8230;<\/span><\/p>\n<p style=\"text-align: center;\"><img loading=\"lazy\" decoding=\"async\" class=\"aligncenter wp-image-10068\" src=\"https:\/\/longkft.hu\/audioblog\/wp-content\/uploads\/2016\/12\/edda_5_pataki_attila_hata.jpg\" alt=\"\" width=\"600\" height=\"600\" srcset=\"https:\/\/longkft.hu\/audioblog\/wp-content\/uploads\/2016\/12\/edda_5_pataki_attila_hata.jpg 983w, https:\/\/longkft.hu\/audioblog\/wp-content\/uploads\/2016\/12\/edda_5_pataki_attila_hata-300x300.jpg 300w, https:\/\/longkft.hu\/audioblog\/wp-content\/uploads\/2016\/12\/edda_5_pataki_attila_hata-150x150.jpg 150w, https:\/\/longkft.hu\/audioblog\/wp-content\/uploads\/2016\/12\/edda_5_pataki_attila_hata-768x768.jpg 768w, https:\/\/longkft.hu\/audioblog\/wp-content\/uploads\/2016\/12\/edda_5_pataki_attila_hata-500x500.jpg 500w, https:\/\/longkft.hu\/audioblog\/wp-content\/uploads\/2016\/12\/edda_5_pataki_attila_hata-400x400.jpg 400w, https:\/\/longkft.hu\/audioblog\/wp-content\/uploads\/2016\/12\/edda_5_pataki_attila_hata-200x200.jpg 200w, https:\/\/longkft.hu\/audioblog\/wp-content\/uploads\/2016\/12\/edda_5_pataki_attila_hata-820x820.jpg 820w\" sizes=\"auto, (max-width: 600px) 100vw, 600px\" \/><\/p>\n<p style=\"text-align: left;\"><span style=\"font-size: 12pt;\">Az 5. albumot sohasem hallgattam meg &#8211; tal\u00e1n megbocs\u00e1jtj\u00e1tok nekem, ha elolvast\u00e1tok, hogy a &#8217;78-83 k\u00f6z\u00f6tti id\u0151szakban mit jelentett sz\u00e1momra (sz\u00e1munkra) az Edda. Ott van a polcon az els\u0151 n\u00e9gy lemez mellett, mint egy, a csal\u00e1dba &#8222;bepottyant&#8221; zabigyerek. Term\u00e9szetesen elfogadom \u00e9s meg\u00e9rtem az \u00faj rajong\u00f3kat, meg\u00e9rtem a Patakyt b\u00e1lv\u00e1nyoz\u00f3kat, hisz j\u00f3l csin\u00e1lja. Szinte oktatni kellene a &#8222;m\u00f3dszert&#8221;, ahogy talpra \u00e1llt, ahogy fel\u00e9p\u00edtette \u00f6nmag\u00e1t.<\/span><\/p>\n<p style=\"text-align: center;\"><img loading=\"lazy\" decoding=\"async\" class=\"aligncenter wp-image-10070\" src=\"https:\/\/longkft.hu\/audioblog\/wp-content\/uploads\/2016\/12\/edda_5_pataki_attila_bele_2.jpg\" alt=\"\" width=\"600\" height=\"600\" srcset=\"https:\/\/longkft.hu\/audioblog\/wp-content\/uploads\/2016\/12\/edda_5_pataki_attila_bele_2.jpg 983w, https:\/\/longkft.hu\/audioblog\/wp-content\/uploads\/2016\/12\/edda_5_pataki_attila_bele_2-300x300.jpg 300w, https:\/\/longkft.hu\/audioblog\/wp-content\/uploads\/2016\/12\/edda_5_pataki_attila_bele_2-150x150.jpg 150w, https:\/\/longkft.hu\/audioblog\/wp-content\/uploads\/2016\/12\/edda_5_pataki_attila_bele_2-768x768.jpg 768w, https:\/\/longkft.hu\/audioblog\/wp-content\/uploads\/2016\/12\/edda_5_pataki_attila_bele_2-500x500.jpg 500w, https:\/\/longkft.hu\/audioblog\/wp-content\/uploads\/2016\/12\/edda_5_pataki_attila_bele_2-400x400.jpg 400w, https:\/\/longkft.hu\/audioblog\/wp-content\/uploads\/2016\/12\/edda_5_pataki_attila_bele_2-200x200.jpg 200w, https:\/\/longkft.hu\/audioblog\/wp-content\/uploads\/2016\/12\/edda_5_pataki_attila_bele_2-820x820.jpg 820w\" sizes=\"auto, (max-width: 600px) 100vw, 600px\" \/><\/p>\n<h3 style=\"text-align: justify;\"><span style=\"font-size: 12pt;\">&#8230;\u00e9s persze oktatni kellene, hogyan k\u00e9pes valaki &#8222;lemenni kuty\u00e1ba&#8221;, t\u00f6nkretenni mindent az eg\u00f3ja \u00e9rdek\u00e9ben.<\/span><\/h3>\n<p><span style=\"font-size: 12pt;\"><a href=\"http:\/\/longkft.hu\/audioblog\/tag\/edda-slamo\/\">Tov\u00e1bbi Edda \/ Slam\u00f3<br \/>\n<\/a><a href=\"http:\/\/longkft.hu\/audioblog\/kategoria\/lemezkritika\/\">Tov\u00e1bbi lemezkritik\u00e1k<\/a><\/span><\/p>\n<span>Megosztom:<\/span><br><a target=\"_blank\" class=\"facebook\" title=\"\" rel=\"external\" href=\"https:\/\/www.facebook.com\/share.php?u=https:\/\/longkft.hu\/audioblog\/edda-muvek\/&title=Edda M\u0171vek &#8211; 5\"><\/a><a target=\"_blank\" class=\"linkedin\" title=\"\" rel=\"external\" href=\"http:\/\/www.linkedin.com\/shareArticle?mini=true&amp;url=https%3A%2F%2Flongkft.hu%2Faudioblog%2Fedda-muvek%2F&amp;title=Edda+M%C5%B1vek+%26%238211%3B+5&amp;summary=%3Cp+style%3D%22text-align%3A+left%3B%22%3E%3Cspan+style%3D%22font-size%3A+12pt%3B%22%3E%3Cem%3EEnglish+language+can+be+selected+in+upper+left+corner+%28British+flag%29.%3C%2Fem%3E%C2%A0+1983.+december+19.+-+a+val%C3%B3j%C3%A1ban+utols%C3%B3%2C+gy%C3%B6ngy%C3%B6si+koncert+-+ut%C3%A1n+az+Edda+M%C5%B1vek+megsz%C5%B1nt+l%C3%A9tezni.+Volt+egy+remek+%C3%A9s+gyors+kezd%C3%A9s%2C+n%C3%A9h%C3%A1ny+boldog+%C3%A9v%2C+k%C3%BCzdelmek%2C+belh%C3%A1bor%C3%BAk%2C+hatalmas+rajong%C3%B3t%C3%A1bor%2C+majd+egy+m%C3%A9lt%C3%B3+befejez%C3%A9s%2C+ami+az+Edda+4.+album%C3%A1n+az+ut%C3%B3kor+sz%C3%A1m%C3%A1ra+is+fennmaradt.+Itt+pontot+is+kellene+tenni+az+Edda-jelens%C3%A9g+%C3%A9s+maga+a+Zenekar+t%C3%B6rt%C3%A9net%C3%A9nek+v%C3%A9g%C3%A9re.+A+rajong%C3%B3k+ugyan+v%C3%A1rt%C3%A1k+%28v%C3%A1rtuk%29+a+csod%C3%A1t%2C+de+valahol+a+legt%C3%B6bben+%C3%A9rezt%C3%BCk%2C+hogy+ez+eddig+tartott%2C+%C3%A9s+boldogak+voltunk%2C+hogy+%C3%A9let%C3%BCnk+r%C3%A9sze+lehetett.%3C%2Fspan%3E%3C%2Fp%3E%0D%0A%3Cp+style%3D%22text-align%3A+left%3B%22%3E%3Cspan+style%3D%22font-size%3A+12pt%3B%22%3E%3Ca+href%3D%22https%3A%2F%2Fhu.wikipedia.org%2Fwiki%2FPataky_Attila%22+target%3D%22_blank%22+rel%3D%22noopener+noreferrer%22%3E%3Cspan+style%3D%22color%3A+%23ff6600%3B%22%3EPataky+Attila%3C%2Fspan%3E%3C%2Fa%3E+-+%C3%BAgy+gondolom+-+m%C3%A1r+a+b%C3%BAcs%C3%BAkoncert+v%C3%A9gs%C5%91+meghajl%C3%A1sa+%C3%A9s+az+%C3%B6lt%C3%B6z%C5%91be+val%C3%B3+bemenet+k%C3%B6zben+tudta%2C+hogy+j%C3%B6n+a+folytat%C3%A1s.+Er%C5%91vel%2C+akarattal%2C+foggal-k%C3%B6r%C3%B6mmel+%C3%BAjra%C3%A9p%C3%ADti+a+k%C3%B6r%C3%BCl%C3%B6tte+kialakult+nimbuszt%2C+kiszolg%C3%A1lja+az+%22%C5%91%22+rajong%C3%B3t%C3%A1bor%C3%A1t.+1984-ben+Norv%C3%A9gi%C3%A1ba+ment+%22vend%C3%A9gl%C3%A1t%C3%B3zni%22%2C+ahol+profi+zen%C3%A9szekkel+k%C3%B6r%C3%BClv%C3%A9ve+mag%C3%A1t%2C+egyr%C3%A9szt+p%C3%A9nzt+keresett%2C+m%C3%A1sr%C3%A9szt+a+j%C3%B6v%C5%91r%C5%91l+%C3%A1lmodozott%2C+de+a+legfontosabb%2C+kem%C3%A9nyen%2C+vasakarattal+el+kezdte+%C3%A9p%C3%ADteni%2C+szervezni+a+visszat%C3%A9r%C3%A9s%C3%A9t.+1985-ben+hazat%C3%A9rt%2C+tele+energi%C3%A1val%2C+tervekkel%2C+%C3%BAj+dalokkal+%C3%A9s+g%C5%91zer%C5%91vel+beind%C3%ADtotta+%C3%B6nmaga+menedzsel%C3%A9s%C3%A9t+-+bocs%C3%A1nat%2C+az+Edd%C3%A1%C3%A9t...%3C%2Fspan%3E%3C%2Fp%3E%0D%0A%0D%0A%3Ch3+style%3D%22text-align%3A+left%3B%22%3E%3Cspan+style%3D%22font-size%3A+12pt%3B%22%3E...egyszer+csak+megl%C3%A1ttuk+a+plak%C3%A1tokat%2C+Edda+M%C5%B1vek+a+Budapest+Sportcsarnokban+-+mi+van%3F+J%C3%B6ttek-mentek+a+sz%C3%B3besz%C3%A9dek%2C+Pataky+%C3%BAjj%C3%A1szervezte+az+Edd%C3%A1t%2C+minden+megy+tov%C3%A1bb%2C+minden+ugyanolyan+lesz%2C+mint+r%C3%A9gen...%3C%2Fspan%3E%3C%2Fh3%3E%0D%0A%3Cp+style%3D%22text-align%3A+left%3B%22%3E%3Cspan+style%3D%22font-size%3A+12pt%3B%22%3ETerm%C3%A9szetesen+elmentem+megn%C3%A9zni%2C+meghallgatni+az+Egy%C3%BCttest+%C3%A9s+tulajdonk%C3%A9ppen+nem+is+volt+rossz+a+koncert+-+%C3%BAgy+h%C3%A1tulr%C3%B3l%2C+messzir%C5%91l%2C+kicsit+hunyor%C3%ADtva+n%C3%A9zve...+Minden+tiszteletem+Pataky+Attil%C3%A1%C3%A9%2C+hogy+megcsin%C3%A1lta%2C+%C3%B6sszehozta%2C+bebizony%C3%ADtotta+-+azonban+volt+n%C3%A9mi+gondom.%3C%2Fspan%3E%3C%2Fp%3E%0D%0A%3Cp+style%3D%22text-align%3A+left%3B%22%3E%3Cspan+style%3D%22font-size%3A+12pt%3B%22%3EN%C3%A9h%C3%A1ny+h%C3%A9t+m%C3%BAlva+a+m%C5%B1sort%2C+%C3%A9s+az+%C3%BAj+fel%C3%A1ll%C3%A1st+bemutatta+Miskolcon+is.+Ott+is+megn%C3%A9ztem%2C+igaz%2C+kicsit+mag%C3%A1nyosnak+%C3%A9reztem+magamat+a+kiss%C3%A9+kong%C3%B3+n%C3%A9z%C5%91t%C3%A9ren+-+mert+bizony+nagyon+kevesen+voltunk.+Az+Edda+M%C5%B1vek+v%C3%A1rosa%2C+ahol+a+b%C3%BAcs%C3%BA+koncerten+legal%C3%A1bb+5-6000+fiatal+gy%C5%B1lt+%C3%B6ssze+a+v%C3%A1rosi+Sportcsarnokban+%C3%A9s+k%C3%B6r%C3%BCl%C3%B6tte%2C+nem+volt+k%C3%ADv%C3%A1ncsi+az+indul%C3%A1sra%2C+nem+volt+k%C3%ADv%C3%A1ncsi+Pataky+Attil%C3%A1ra%2C+aki+a+%22visszat%C3%A9r%C3%A9st%22+Budapesten+tette+meg.%3C%2Fspan%3E%3C%2Fp%3E%0D%0A%3Cp+style%3D%22text-align%3A+left%3B%22%3E%3Cspan+style%3D%22font-size%3A+12pt%3B%22%3EElkezd%C5%91d%C3%B6tt+a+miskolci+koncert%2C+s+ugyanazt+%C3%A9reztem%2C+mint+a+budapestin+-+mi+a+fene+ez%3F+Hasonl%C3%ADtott+az+Edd%C3%A1ra%2C+ez+vitathatatlan%2C+de+m%C3%A9gis+m%C3%A1s+volt%2C+%C3%BCresebb%2C+ugyanakkor+magamutogat%C3%B3bb.+A+koncert+k%C3%B6zben+egym%C3%A1s+mell%C3%A9+%22sodr%C3%B3dtunk%22+R%C3%B3na+Gyurival%2C+akivel+kicsit+besz%C3%A9lgetni+kezdt%C3%BCnk%2C+s+szinte+egyszerre+mondtuk+ki+-+ennek+semmi+k%C3%B6ze+az+Edda+M%C5%B1vekhez%2C+ez+nem+m%C3%A1s%2C+mint+%22A%22+Pataky+M%C5%B1vek...%3C%2Fspan%3E%3C%2Fp%3E%0D%0A%3Cp+style%3D%22text-align%3A+left%3B%22%3E%3Cspan+style%3D%22font-size%3A+12pt%3B%22%3ENem+v%C3%A1rtam+meg+a+koncert+v%C3%A9g%C3%A9t%2C+elj%C5%91ve%2C+megpr%C3%B3b%C3%A1ltam+kiverni+magamb%C3%B3l+a+l%C3%A1tottakat%2C+hallottakat%2C+%C3%A9s+soha+t%C3%B6bb%C3%A9+nem+tettem+be+a+l%C3%A1bamat+%22Edda+M%C5%B1vek%22+koncertre.+Az+5.+album+volt+az+utols%C3%B3%2C+amit+megv%C3%A1s%C3%A1roltam+%28de+csak+az%C3%A9rt%2C+mert+ott+voltam%29.%3C%2Fspan%3E%3C%2Fp%3E%0D%0A%3Cp+style%3D%22text-align%3A+center%3B%22%3E%3Cimg+class%3D%22aligncenter+wp-image-1244%22+src%3D%22http%3A%2F%2Flongkft.hu%2Faudioblog%2Fwp-content%2Fuploads%2F2018%2F02%2Fedda_5_pataki_attila_eleje.jpg%22+alt%3D%22Edda%22+width%3D%22600%22+height%3D%22600%22+%2F%3E%3C%2Fp%3E%0D%0A%3Cp+style%3D%22text-align%3A+left%3B%22%3E%3Cspan+style%3D%22font-size%3A+12pt%3B%22%3E%2785-ben+teh%C3%A1t+elindult+egy+%C3%BAj+zenekar%2C+ami+nem+volt+m%C3%A1s%2C+mint+Pataky+h%C3%A1tt%C3%A9rzen%C3%A9szeinek+%C3%B6sszess%C3%A9ge.+M%C3%A1r+az+5.+album+taglist%C3%A1ja+is+vicces%3A+Edda+M%C5%B1vek+-+Pataky%2C+Fortuna%2C+az+%C3%B6sszes+t%C3%B6bbi+tag+csak+vend%C3%A9gzen%C3%A9sz...%3C%2Fspan%3E%3C%2Fp%3E%0D%0A%3Cp+style%3D%22text-align%3A+center%3B%22%3E%3Cimg+class%3D%22aligncenter+wp-image-10068%22+src%3D%22https%3A%2F%2Flongkft.hu%2Faudioblog%2Fwp-content%2Fuploads%2F2016%2F12%2Fedda_5_pataki_attila_hata.jpg%22+alt%3D%22%22+width%3D%22600%22+height%3D%22600%22+%2F%3E%3C%2Fp%3E%0D%0A%3Cp+style%3D%22text-align%3A+left%3B%22%3E%3Cspan+style%3D%22font-size%3A+12pt%3B%22%3EAz+5.+albumot+sohasem+hallgattam+meg+-+tal%C3%A1n+megbocs%C3%A1jtj%C3%A1tok+nekem%2C+ha+elolvast%C3%A1tok%2C+hogy+a+%2778-83+k%C3%B6z%C3%B6tti+id%C5%91szakban+mit+jelentett+sz%C3%A1momra+%28sz%C3%A1munkra%29+az+Edda.+Ott+van+a+polcon+az+els%C5%91+n%C3%A9gy+lemez+mellett%2C+mint+egy%2C+a+csal%C3%A1dba+%22bepottyant%22+zabigyerek.+Term%C3%A9szetesen+elfogadom+%C3%A9s+meg%C3%A9rtem+az+%C3%BAj+rajong%C3%B3kat%2C+meg%C3%A9rtem+a+Patakyt+b%C3%A1lv%C3%A1nyoz%C3%B3kat%2C+hisz+j%C3%B3l+csin%C3%A1lja.+Szinte+oktatni+kellene+a+%22m%C3%B3dszert%22%2C+ahogy+talpra+%C3%A1llt%2C+ahogy+fel%C3%A9p%C3%ADtette+%C3%B6nmag%C3%A1t.%3C%2Fspan%3E%3C%2Fp%3E%0D%0A%3Cp+style%3D%22text-align%3A+center%3B%22%3E%3Cimg+class%3D%22aligncenter+wp-image-10070%22+src%3D%22https%3A%2F%2Flongkft.hu%2Faudioblog%2Fwp-content%2Fuploads%2F2016%2F12%2Fedda_5_pataki_attila_bele_2.jpg%22+alt%3D%22%22+width%3D%22600%22+height%3D%22600%22+%2F%3E%3C%2Fp%3E%0D%0A%0D%0A%3Ch3+style%3D%22text-align%3A+justify%3B%22%3E%3Cspan+style%3D%22font-size%3A+12pt%3B%22%3E...%C3%A9s+persze+oktatni+kellene%2C+hogyan+k%C3%A9pes+valaki+%22lemenni+kuty%C3%A1ba%22%2C+t%C3%B6nkretenni+mindent+az+eg%C3%B3ja+%C3%A9rdek%C3%A9ben.%3C%2Fspan%3E%3C%2Fh3%3E%0D%0A%3Cspan+style%3D%22font-size%3A+12pt%3B%22%3E%3Ca+href%3D%22http%3A%2F%2Flongkft.hu%2Faudioblog%2Ftag%2Fedda-slamo%2F%22%3ETov%C3%A1bbi+Edda+%2F+Slam%C3%B3%0D%0A%3C%2Fa%3E%3Ca+href%3D%22http%3A%2F%2Flongkft.hu%2Faudioblog%2Fkategoria%2Flemezkritika%2F%22%3ETov%C3%A1bbi+lemezkritik%C3%A1k%3C%2Fa%3E%3C%2Fspan%3E&amp;source=Longaudio\"><\/a><a target=\"_blank\" class=\"gplusz\" title=\"\" rel=\"external\" href=\"https:\/\/plusone.google.com\/_\/+1\/confirm?url=https:\/\/longkft.hu\/audioblog\/edda-muvek\/\"><\/a><a target=\"_blank\" rel=\"nofollow\" class=\"email\" href=\"mailto:?subject=Longaudio - Edda M\u0171vek &#8211; 5&amp;body=Kedves Bar\u00e1tom! Most olvastam a(z) Edda M\u0171vek &#8211; 5  c\u00edm\u0171 cikket a(z) Longaudio  oldalon. Hivatkoz\u00e1s:  https:\/\/longkft.hu\/audioblog\/edda-muvek\/\" title=\"\"><\/a><a class=\"nyomtatas\" title=\"\" href=\"http:\/\/www.printfriendly.com\" onclick=\"window.print();return false;\"><\/a>","protected":false},"excerpt":{"rendered":"<p>English language can be selected in upper left corner (British flag).\u00a0 1983. december 19. &#8211; a val\u00f3j\u00e1ban utols\u00f3, gy\u00f6ngy\u00f6si koncert&#8230;<\/p>\n<span>Megosztom:<\/span><br><a target=\"_blank\" class=\"facebook\" title=\"\" rel=\"external\" href=\"https:\/\/www.facebook.com\/share.php?u=https:\/\/longkft.hu\/audioblog\/edda-muvek\/&title=Edda M\u0171vek &#8211; 5\"><\/a><a target=\"_blank\" class=\"linkedin\" title=\"\" rel=\"external\" href=\"http:\/\/www.linkedin.com\/shareArticle?mini=true&amp;url=https%3A%2F%2Flongkft.hu%2Faudioblog%2Fedda-muvek%2F&amp;title=Edda+M%C5%B1vek+%26%238211%3B+5&amp;summary=%3Cp+style%3D%22text-align%3A+left%3B%22%3E%3Cspan+style%3D%22font-size%3A+12pt%3B%22%3E%3Cem%3EEnglish+language+can+be+selected+in+upper+left+corner+%28British+flag%29.%3C%2Fem%3E%C2%A0+1983.+december+19.+-+a+val%C3%B3j%C3%A1ban+utols%C3%B3%2C+gy%C3%B6ngy%C3%B6si+koncert+-+ut%C3%A1n+az+Edda+M%C5%B1vek+megsz%C5%B1nt+l%C3%A9tezni.+Volt+egy+remek+%C3%A9s+gyors+kezd%C3%A9s%2C+n%C3%A9h%C3%A1ny+boldog+%C3%A9v%2C+k%C3%BCzdelmek%2C+belh%C3%A1bor%C3%BAk%2C+hatalmas+rajong%C3%B3t%C3%A1bor%2C+majd+egy+m%C3%A9lt%C3%B3+befejez%C3%A9s%2C+ami+az+Edda+4.+album%C3%A1n+az+ut%C3%B3kor+sz%C3%A1m%C3%A1ra+is+fennmaradt.+Itt+pontot+is+kellene+tenni+az+Edda-jelens%C3%A9g+%C3%A9s+maga+a+Zenekar+t%C3%B6rt%C3%A9net%C3%A9nek+v%C3%A9g%C3%A9re.+A+rajong%C3%B3k+ugyan+v%C3%A1rt%C3%A1k+%28v%C3%A1rtuk%29+a+csod%C3%A1t%2C+de+valahol+a+legt%C3%B6bben+%C3%A9rezt%C3%BCk%2C+hogy+ez+eddig+tartott%2C+%C3%A9s+boldogak+voltunk%2C+hogy+%C3%A9let%C3%BCnk+r%C3%A9sze+lehetett.%3C%2Fspan%3E%3C%2Fp%3E%0D%0A%3Cp+style%3D%22text-align%3A+left%3B%22%3E%3Cspan+style%3D%22font-size%3A+12pt%3B%22%3E%3Ca+href%3D%22https%3A%2F%2Fhu.wikipedia.org%2Fwiki%2FPataky_Attila%22+target%3D%22_blank%22+rel%3D%22noopener+noreferrer%22%3E%3Cspan+style%3D%22color%3A+%23ff6600%3B%22%3EPataky+Attila%3C%2Fspan%3E%3C%2Fa%3E+-+%C3%BAgy+gondolom+-+m%C3%A1r+a+b%C3%BAcs%C3%BAkoncert+v%C3%A9gs%C5%91+meghajl%C3%A1sa+%C3%A9s+az+%C3%B6lt%C3%B6z%C5%91be+val%C3%B3+bemenet+k%C3%B6zben+tudta%2C+hogy+j%C3%B6n+a+folytat%C3%A1s.+Er%C5%91vel%2C+akarattal%2C+foggal-k%C3%B6r%C3%B6mmel+%C3%BAjra%C3%A9p%C3%ADti+a+k%C3%B6r%C3%BCl%C3%B6tte+kialakult+nimbuszt%2C+kiszolg%C3%A1lja+az+%22%C5%91%22+rajong%C3%B3t%C3%A1bor%C3%A1t.+1984-ben+Norv%C3%A9gi%C3%A1ba+ment+%22vend%C3%A9gl%C3%A1t%C3%B3zni%22%2C+ahol+profi+zen%C3%A9szekkel+k%C3%B6r%C3%BClv%C3%A9ve+mag%C3%A1t%2C+egyr%C3%A9szt+p%C3%A9nzt+keresett%2C+m%C3%A1sr%C3%A9szt+a+j%C3%B6v%C5%91r%C5%91l+%C3%A1lmodozott%2C+de+a+legfontosabb%2C+kem%C3%A9nyen%2C+vasakarattal+el+kezdte+%C3%A9p%C3%ADteni%2C+szervezni+a+visszat%C3%A9r%C3%A9s%C3%A9t.+1985-ben+hazat%C3%A9rt%2C+tele+energi%C3%A1val%2C+tervekkel%2C+%C3%BAj+dalokkal+%C3%A9s+g%C5%91zer%C5%91vel+beind%C3%ADtotta+%C3%B6nmaga+menedzsel%C3%A9s%C3%A9t+-+bocs%C3%A1nat%2C+az+Edd%C3%A1%C3%A9t...%3C%2Fspan%3E%3C%2Fp%3E%0D%0A%0D%0A%3Ch3+style%3D%22text-align%3A+left%3B%22%3E%3Cspan+style%3D%22font-size%3A+12pt%3B%22%3E...egyszer+csak+megl%C3%A1ttuk+a+plak%C3%A1tokat%2C+Edda+M%C5%B1vek+a+Budapest+Sportcsarnokban+-+mi+van%3F+J%C3%B6ttek-mentek+a+sz%C3%B3besz%C3%A9dek%2C+Pataky+%C3%BAjj%C3%A1szervezte+az+Edd%C3%A1t%2C+minden+megy+tov%C3%A1bb%2C+minden+ugyanolyan+lesz%2C+mint+r%C3%A9gen...%3C%2Fspan%3E%3C%2Fh3%3E%0D%0A%3Cp+style%3D%22text-align%3A+left%3B%22%3E%3Cspan+style%3D%22font-size%3A+12pt%3B%22%3ETerm%C3%A9szetesen+elmentem+megn%C3%A9zni%2C+meghallgatni+az+Egy%C3%BCttest+%C3%A9s+tulajdonk%C3%A9ppen+nem+is+volt+rossz+a+koncert+-+%C3%BAgy+h%C3%A1tulr%C3%B3l%2C+messzir%C5%91l%2C+kicsit+hunyor%C3%ADtva+n%C3%A9zve...+Minden+tiszteletem+Pataky+Attil%C3%A1%C3%A9%2C+hogy+megcsin%C3%A1lta%2C+%C3%B6sszehozta%2C+bebizony%C3%ADtotta+-+azonban+volt+n%C3%A9mi+gondom.%3C%2Fspan%3E%3C%2Fp%3E%0D%0A%3Cp+style%3D%22text-align%3A+left%3B%22%3E%3Cspan+style%3D%22font-size%3A+12pt%3B%22%3EN%C3%A9h%C3%A1ny+h%C3%A9t+m%C3%BAlva+a+m%C5%B1sort%2C+%C3%A9s+az+%C3%BAj+fel%C3%A1ll%C3%A1st+bemutatta+Miskolcon+is.+Ott+is+megn%C3%A9ztem%2C+igaz%2C+kicsit+mag%C3%A1nyosnak+%C3%A9reztem+magamat+a+kiss%C3%A9+kong%C3%B3+n%C3%A9z%C5%91t%C3%A9ren+-+mert+bizony+nagyon+kevesen+voltunk.+Az+Edda+M%C5%B1vek+v%C3%A1rosa%2C+ahol+a+b%C3%BAcs%C3%BA+koncerten+legal%C3%A1bb+5-6000+fiatal+gy%C5%B1lt+%C3%B6ssze+a+v%C3%A1rosi+Sportcsarnokban+%C3%A9s+k%C3%B6r%C3%BCl%C3%B6tte%2C+nem+volt+k%C3%ADv%C3%A1ncsi+az+indul%C3%A1sra%2C+nem+volt+k%C3%ADv%C3%A1ncsi+Pataky+Attil%C3%A1ra%2C+aki+a+%22visszat%C3%A9r%C3%A9st%22+Budapesten+tette+meg.%3C%2Fspan%3E%3C%2Fp%3E%0D%0A%3Cp+style%3D%22text-align%3A+left%3B%22%3E%3Cspan+style%3D%22font-size%3A+12pt%3B%22%3EElkezd%C5%91d%C3%B6tt+a+miskolci+koncert%2C+s+ugyanazt+%C3%A9reztem%2C+mint+a+budapestin+-+mi+a+fene+ez%3F+Hasonl%C3%ADtott+az+Edd%C3%A1ra%2C+ez+vitathatatlan%2C+de+m%C3%A9gis+m%C3%A1s+volt%2C+%C3%BCresebb%2C+ugyanakkor+magamutogat%C3%B3bb.+A+koncert+k%C3%B6zben+egym%C3%A1s+mell%C3%A9+%22sodr%C3%B3dtunk%22+R%C3%B3na+Gyurival%2C+akivel+kicsit+besz%C3%A9lgetni+kezdt%C3%BCnk%2C+s+szinte+egyszerre+mondtuk+ki+-+ennek+semmi+k%C3%B6ze+az+Edda+M%C5%B1vekhez%2C+ez+nem+m%C3%A1s%2C+mint+%22A%22+Pataky+M%C5%B1vek...%3C%2Fspan%3E%3C%2Fp%3E%0D%0A%3Cp+style%3D%22text-align%3A+left%3B%22%3E%3Cspan+style%3D%22font-size%3A+12pt%3B%22%3ENem+v%C3%A1rtam+meg+a+koncert+v%C3%A9g%C3%A9t%2C+elj%C5%91ve%2C+megpr%C3%B3b%C3%A1ltam+kiverni+magamb%C3%B3l+a+l%C3%A1tottakat%2C+hallottakat%2C+%C3%A9s+soha+t%C3%B6bb%C3%A9+nem+tettem+be+a+l%C3%A1bamat+%22Edda+M%C5%B1vek%22+koncertre.+Az+5.+album+volt+az+utols%C3%B3%2C+amit+megv%C3%A1s%C3%A1roltam+%28de+csak+az%C3%A9rt%2C+mert+ott+voltam%29.%3C%2Fspan%3E%3C%2Fp%3E%0D%0A%3Cp+style%3D%22text-align%3A+center%3B%22%3E%3Cimg+class%3D%22aligncenter+wp-image-1244%22+src%3D%22http%3A%2F%2Flongkft.hu%2Faudioblog%2Fwp-content%2Fuploads%2F2018%2F02%2Fedda_5_pataki_attila_eleje.jpg%22+alt%3D%22Edda%22+width%3D%22600%22+height%3D%22600%22+%2F%3E%3C%2Fp%3E%0D%0A%3Cp+style%3D%22text-align%3A+left%3B%22%3E%3Cspan+style%3D%22font-size%3A+12pt%3B%22%3E%2785-ben+teh%C3%A1t+elindult+egy+%C3%BAj+zenekar%2C+ami+nem+volt+m%C3%A1s%2C+mint+Pataky+h%C3%A1tt%C3%A9rzen%C3%A9szeinek+%C3%B6sszess%C3%A9ge.+M%C3%A1r+az+5.+album+taglist%C3%A1ja+is+vicces%3A+Edda+M%C5%B1vek+-+Pataky%2C+Fortuna%2C+az+%C3%B6sszes+t%C3%B6bbi+tag+csak+vend%C3%A9gzen%C3%A9sz...%3C%2Fspan%3E%3C%2Fp%3E%0D%0A%3Cp+style%3D%22text-align%3A+center%3B%22%3E%3Cimg+class%3D%22aligncenter+wp-image-10068%22+src%3D%22https%3A%2F%2Flongkft.hu%2Faudioblog%2Fwp-content%2Fuploads%2F2016%2F12%2Fedda_5_pataki_attila_hata.jpg%22+alt%3D%22%22+width%3D%22600%22+height%3D%22600%22+%2F%3E%3C%2Fp%3E%0D%0A%3Cp+style%3D%22text-align%3A+left%3B%22%3E%3Cspan+style%3D%22font-size%3A+12pt%3B%22%3EAz+5.+albumot+sohasem+hallgattam+meg+-+tal%C3%A1n+megbocs%C3%A1jtj%C3%A1tok+nekem%2C+ha+elolvast%C3%A1tok%2C+hogy+a+%2778-83+k%C3%B6z%C3%B6tti+id%C5%91szakban+mit+jelentett+sz%C3%A1momra+%28sz%C3%A1munkra%29+az+Edda.+Ott+van+a+polcon+az+els%C5%91+n%C3%A9gy+lemez+mellett%2C+mint+egy%2C+a+csal%C3%A1dba+%22bepottyant%22+zabigyerek.+Term%C3%A9szetesen+elfogadom+%C3%A9s+meg%C3%A9rtem+az+%C3%BAj+rajong%C3%B3kat%2C+meg%C3%A9rtem+a+Patakyt+b%C3%A1lv%C3%A1nyoz%C3%B3kat%2C+hisz+j%C3%B3l+csin%C3%A1lja.+Szinte+oktatni+kellene+a+%22m%C3%B3dszert%22%2C+ahogy+talpra+%C3%A1llt%2C+ahogy+fel%C3%A9p%C3%ADtette+%C3%B6nmag%C3%A1t.%3C%2Fspan%3E%3C%2Fp%3E%0D%0A%3Cp+style%3D%22text-align%3A+center%3B%22%3E%3Cimg+class%3D%22aligncenter+wp-image-10070%22+src%3D%22https%3A%2F%2Flongkft.hu%2Faudioblog%2Fwp-content%2Fuploads%2F2016%2F12%2Fedda_5_pataki_attila_bele_2.jpg%22+alt%3D%22%22+width%3D%22600%22+height%3D%22600%22+%2F%3E%3C%2Fp%3E%0D%0A%0D%0A%3Ch3+style%3D%22text-align%3A+justify%3B%22%3E%3Cspan+style%3D%22font-size%3A+12pt%3B%22%3E...%C3%A9s+persze+oktatni+kellene%2C+hogyan+k%C3%A9pes+valaki+%22lemenni+kuty%C3%A1ba%22%2C+t%C3%B6nkretenni+mindent+az+eg%C3%B3ja+%C3%A9rdek%C3%A9ben.%3C%2Fspan%3E%3C%2Fh3%3E%0D%0A%3Cspan+style%3D%22font-size%3A+12pt%3B%22%3E%3Ca+href%3D%22http%3A%2F%2Flongkft.hu%2Faudioblog%2Ftag%2Fedda-slamo%2F%22%3ETov%C3%A1bbi+Edda+%2F+Slam%C3%B3%0D%0A%3C%2Fa%3E%3Ca+href%3D%22http%3A%2F%2Flongkft.hu%2Faudioblog%2Fkategoria%2Flemezkritika%2F%22%3ETov%C3%A1bbi+lemezkritik%C3%A1k%3C%2Fa%3E%3C%2Fspan%3E&amp;source=Longaudio\"><\/a><a target=\"_blank\" class=\"gplusz\" title=\"\" rel=\"external\" href=\"https:\/\/plusone.google.com\/_\/+1\/confirm?url=https:\/\/longkft.hu\/audioblog\/edda-muvek\/\"><\/a><a target=\"_blank\" rel=\"nofollow\" class=\"email\" href=\"mailto:?subject=Longaudio - Edda M\u0171vek &#8211; 5&amp;body=Kedves Bar\u00e1tom! Most olvastam a(z) Edda M\u0171vek &#8211; 5  c\u00edm\u0171 cikket a(z) Longaudio  oldalon. Hivatkoz\u00e1s:  https:\/\/longkft.hu\/audioblog\/edda-muvek\/\" title=\"\"><\/a><a class=\"nyomtatas\" title=\"\" href=\"http:\/\/www.printfriendly.com\" onclick=\"window.print();return false;\"><\/a>","protected":false},"author":2,"featured_media":1244,"comment_status":"open","ping_status":"closed","sticky":false,"template":"","format":"standard","meta":{"footnotes":""},"categories":[31],"tags":[49,76,36],"class_list":["post-1245","post","type-post","status-publish","format-standard","has-post-thumbnail","hentry","category-lemezkritika","tag-edda-slamo","tag-koncert","tag-zenekarok"],"yoast_head":"<!-- This site is optimized with the Yoast SEO plugin v27.5 - https:\/\/yoast.com\/product\/yoast-seo-wordpress\/ -->\n<title>Az EDDA M\u0171vek 5. album\u00e1nak bemutat\u00e1sa<\/title>\n<meta name=\"description\" content=\"Az Edda M\u0171vek \u00f6t\u00f6dik albuma Pataky Attila visszat\u00e9r\u0151 albuma, aminek sajnos, m\u00e1r semmi k\u00f6ze a kor\u00e1bbi edd\u00e1s szellemis\u00e9ghez, k\u00f6z\u00f6ss\u00e9ghez.\" \/>\n<meta name=\"robots\" content=\"index, follow, max-snippet:-1, max-image-preview:large, max-video-preview:-1\" \/>\n<link rel=\"canonical\" href=\"https:\/\/longkft.hu\/audioblog\/edda-muvek\/\" \/>\n<meta property=\"og:locale\" content=\"hu_HU\" \/>\n<meta property=\"og:type\" content=\"article\" \/>\n<meta property=\"og:title\" content=\"Az EDDA M\u0171vek 5. album\u00e1nak bemutat\u00e1sa\" \/>\n<meta property=\"og:description\" content=\"Az Edda M\u0171vek \u00f6t\u00f6dik albuma Pataky Attila visszat\u00e9r\u0151 albuma, aminek sajnos, m\u00e1r semmi k\u00f6ze a kor\u00e1bbi edd\u00e1s szellemis\u00e9ghez, k\u00f6z\u00f6ss\u00e9ghez.\" \/>\n<meta property=\"og:url\" content=\"https:\/\/longkft.hu\/audioblog\/edda-muvek\/\" \/>\n<meta property=\"og:site_name\" content=\"Longaudio\" \/>\n<meta property=\"article:publisher\" content=\"https:\/\/www.facebook.com\/longkft\" \/>\n<meta property=\"article:author\" content=\"https:\/\/www.facebook.com\/longkft\" \/>\n<meta property=\"article:published_time\" content=\"2016-12-07T13:30:30+00:00\" \/>\n<meta property=\"article:modified_time\" content=\"2023-06-29T06:21:13+00:00\" \/>\n<meta property=\"og:image\" content=\"https:\/\/longkft.hu\/audioblog\/wp-content\/uploads\/2018\/02\/edda_5_pataki_attila_eleje.jpg\" \/>\n\t<meta property=\"og:image:width\" content=\"983\" \/>\n\t<meta property=\"og:image:height\" content=\"983\" \/>\n\t<meta property=\"og:image:type\" content=\"image\/jpeg\" \/>\n<meta name=\"author\" content=\"Long\" \/>\n<meta name=\"twitter:card\" content=\"summary_large_image\" \/>\n<meta name=\"twitter:label1\" content=\"Szerz\u0151:\" \/>\n\t<meta name=\"twitter:data1\" content=\"Long\" \/>\n\t<meta name=\"twitter:label2\" content=\"Becs\u00fclt olvas\u00e1si id\u0151\" \/>\n\t<meta name=\"twitter:data2\" content=\"4 perc\" \/>\n<script type=\"application\/ld+json\" class=\"yoast-schema-graph\">{\"@context\":\"https:\\\/\\\/schema.org\",\"@graph\":[{\"@type\":\"Article\",\"@id\":\"https:\\\/\\\/longkft.hu\\\/audioblog\\\/edda-muvek\\\/#article\",\"isPartOf\":{\"@id\":\"https:\\\/\\\/longkft.hu\\\/audioblog\\\/edda-muvek\\\/\"},\"author\":{\"name\":\"Long\",\"@id\":\"https:\\\/\\\/longkft.hu\\\/audioblog\\\/#\\\/schema\\\/person\\\/645cabad2d8e942354ed2caeef3aa9ea\"},\"headline\":\"Edda M\u0171vek &#8211; 5\",\"datePublished\":\"2016-12-07T13:30:30+00:00\",\"dateModified\":\"2023-06-29T06:21:13+00:00\",\"mainEntityOfPage\":{\"@id\":\"https:\\\/\\\/longkft.hu\\\/audioblog\\\/edda-muvek\\\/\"},\"wordCount\":716,\"commentCount\":1,\"publisher\":{\"@id\":\"https:\\\/\\\/longkft.hu\\\/audioblog\\\/#\\\/schema\\\/person\\\/645cabad2d8e942354ed2caeef3aa9ea\"},\"image\":{\"@id\":\"https:\\\/\\\/longkft.hu\\\/audioblog\\\/edda-muvek\\\/#primaryimage\"},\"thumbnailUrl\":\"https:\\\/\\\/longkft.hu\\\/audioblog\\\/wp-content\\\/uploads\\\/2018\\\/02\\\/edda_5_pataki_attila_eleje.jpg\",\"keywords\":[\"Edda \\\/ Slam\u00f3\",\"Koncert\",\"Zenekarok\"],\"articleSection\":[\"Lemezkritika\"],\"inLanguage\":\"hu\",\"potentialAction\":[{\"@type\":\"CommentAction\",\"name\":\"Comment\",\"target\":[\"https:\\\/\\\/longkft.hu\\\/audioblog\\\/edda-muvek\\\/#respond\"]}]},{\"@type\":\"WebPage\",\"@id\":\"https:\\\/\\\/longkft.hu\\\/audioblog\\\/edda-muvek\\\/\",\"url\":\"https:\\\/\\\/longkft.hu\\\/audioblog\\\/edda-muvek\\\/\",\"name\":\"Az EDDA M\u0171vek 5. album\u00e1nak bemutat\u00e1sa\",\"isPartOf\":{\"@id\":\"https:\\\/\\\/longkft.hu\\\/audioblog\\\/#website\"},\"primaryImageOfPage\":{\"@id\":\"https:\\\/\\\/longkft.hu\\\/audioblog\\\/edda-muvek\\\/#primaryimage\"},\"image\":{\"@id\":\"https:\\\/\\\/longkft.hu\\\/audioblog\\\/edda-muvek\\\/#primaryimage\"},\"thumbnailUrl\":\"https:\\\/\\\/longkft.hu\\\/audioblog\\\/wp-content\\\/uploads\\\/2018\\\/02\\\/edda_5_pataki_attila_eleje.jpg\",\"datePublished\":\"2016-12-07T13:30:30+00:00\",\"dateModified\":\"2023-06-29T06:21:13+00:00\",\"description\":\"Az Edda M\u0171vek \u00f6t\u00f6dik albuma Pataky Attila visszat\u00e9r\u0151 albuma, aminek sajnos, m\u00e1r semmi k\u00f6ze a kor\u00e1bbi edd\u00e1s szellemis\u00e9ghez, k\u00f6z\u00f6ss\u00e9ghez.\",\"breadcrumb\":{\"@id\":\"https:\\\/\\\/longkft.hu\\\/audioblog\\\/edda-muvek\\\/#breadcrumb\"},\"inLanguage\":\"hu\",\"potentialAction\":[{\"@type\":\"ReadAction\",\"target\":[\"https:\\\/\\\/longkft.hu\\\/audioblog\\\/edda-muvek\\\/\"]}]},{\"@type\":\"ImageObject\",\"inLanguage\":\"hu\",\"@id\":\"https:\\\/\\\/longkft.hu\\\/audioblog\\\/edda-muvek\\\/#primaryimage\",\"url\":\"https:\\\/\\\/longkft.hu\\\/audioblog\\\/wp-content\\\/uploads\\\/2018\\\/02\\\/edda_5_pataki_attila_eleje.jpg\",\"contentUrl\":\"https:\\\/\\\/longkft.hu\\\/audioblog\\\/wp-content\\\/uploads\\\/2018\\\/02\\\/edda_5_pataki_attila_eleje.jpg\",\"width\":983,\"height\":983},{\"@type\":\"BreadcrumbList\",\"@id\":\"https:\\\/\\\/longkft.hu\\\/audioblog\\\/edda-muvek\\\/#breadcrumb\",\"itemListElement\":[{\"@type\":\"ListItem\",\"position\":1,\"name\":\"Kezd\u0151oldal\",\"item\":\"https:\\\/\\\/longkft.hu\\\/audioblog\\\/\"},{\"@type\":\"ListItem\",\"position\":2,\"name\":\"Edda M\u0171vek &#8211; 5\"}]},{\"@type\":\"WebSite\",\"@id\":\"https:\\\/\\\/longkft.hu\\\/audioblog\\\/#website\",\"url\":\"https:\\\/\\\/longkft.hu\\\/audioblog\\\/\",\"name\":\"Longaudio\",\"description\":\"50 \u00e9v lemezgy\u0171jtem\u00e9nye \u00e9s audio k\u00e9sz\u00fcl\u00e9kei\",\"publisher\":{\"@id\":\"https:\\\/\\\/longkft.hu\\\/audioblog\\\/#\\\/schema\\\/person\\\/645cabad2d8e942354ed2caeef3aa9ea\"},\"potentialAction\":[{\"@type\":\"SearchAction\",\"target\":{\"@type\":\"EntryPoint\",\"urlTemplate\":\"https:\\\/\\\/longkft.hu\\\/audioblog\\\/?s={search_term_string}\"},\"query-input\":{\"@type\":\"PropertyValueSpecification\",\"valueRequired\":true,\"valueName\":\"search_term_string\"}}],\"inLanguage\":\"hu\"},{\"@type\":[\"Person\",\"Organization\"],\"@id\":\"https:\\\/\\\/longkft.hu\\\/audioblog\\\/#\\\/schema\\\/person\\\/645cabad2d8e942354ed2caeef3aa9ea\",\"name\":\"Long\",\"image\":{\"@type\":\"ImageObject\",\"inLanguage\":\"hu\",\"@id\":\"https:\\\/\\\/longkft.hu\\\/audioblog\\\/wp-content\\\/uploads\\\/2018\\\/01\\\/logo.jpg\",\"url\":\"https:\\\/\\\/longkft.hu\\\/audioblog\\\/wp-content\\\/uploads\\\/2018\\\/01\\\/logo.jpg\",\"contentUrl\":\"https:\\\/\\\/longkft.hu\\\/audioblog\\\/wp-content\\\/uploads\\\/2018\\\/01\\\/logo.jpg\",\"width\":240,\"height\":240,\"caption\":\"Long\"},\"logo\":{\"@id\":\"https:\\\/\\\/longkft.hu\\\/audioblog\\\/wp-content\\\/uploads\\\/2018\\\/01\\\/logo.jpg\"},\"sameAs\":[\"https:\\\/\\\/www.facebook.com\\\/longkft\",\"https:\\\/\\\/hu.pinterest.com\\\/farkas1051\\\/_saved\\\/\"],\"url\":\"https:\\\/\\\/longkft.hu\\\/audioblog\\\/author\\\/audioblogger\\\/\"}]}<\/script>\n<!-- \/ Yoast SEO plugin. -->","yoast_head_json":{"title":"Az EDDA M\u0171vek 5. album\u00e1nak bemutat\u00e1sa","description":"Az Edda M\u0171vek \u00f6t\u00f6dik albuma Pataky Attila visszat\u00e9r\u0151 albuma, aminek sajnos, m\u00e1r semmi k\u00f6ze a kor\u00e1bbi edd\u00e1s szellemis\u00e9ghez, k\u00f6z\u00f6ss\u00e9ghez.","robots":{"index":"index","follow":"follow","max-snippet":"max-snippet:-1","max-image-preview":"max-image-preview:large","max-video-preview":"max-video-preview:-1"},"canonical":"https:\/\/longkft.hu\/audioblog\/edda-muvek\/","og_locale":"hu_HU","og_type":"article","og_title":"Az EDDA M\u0171vek 5. album\u00e1nak bemutat\u00e1sa","og_description":"Az Edda M\u0171vek \u00f6t\u00f6dik albuma Pataky Attila visszat\u00e9r\u0151 albuma, aminek sajnos, m\u00e1r semmi k\u00f6ze a kor\u00e1bbi edd\u00e1s szellemis\u00e9ghez, k\u00f6z\u00f6ss\u00e9ghez.","og_url":"https:\/\/longkft.hu\/audioblog\/edda-muvek\/","og_site_name":"Longaudio","article_publisher":"https:\/\/www.facebook.com\/longkft","article_author":"https:\/\/www.facebook.com\/longkft","article_published_time":"2016-12-07T13:30:30+00:00","article_modified_time":"2023-06-29T06:21:13+00:00","og_image":[{"width":983,"height":983,"url":"https:\/\/longkft.hu\/audioblog\/wp-content\/uploads\/2018\/02\/edda_5_pataki_attila_eleje.jpg","type":"image\/jpeg"}],"author":"Long","twitter_card":"summary_large_image","twitter_misc":{"Szerz\u0151:":"Long","Becs\u00fclt olvas\u00e1si id\u0151":"4 perc"},"schema":{"@context":"https:\/\/schema.org","@graph":[{"@type":"Article","@id":"https:\/\/longkft.hu\/audioblog\/edda-muvek\/#article","isPartOf":{"@id":"https:\/\/longkft.hu\/audioblog\/edda-muvek\/"},"author":{"name":"Long","@id":"https:\/\/longkft.hu\/audioblog\/#\/schema\/person\/645cabad2d8e942354ed2caeef3aa9ea"},"headline":"Edda M\u0171vek &#8211; 5","datePublished":"2016-12-07T13:30:30+00:00","dateModified":"2023-06-29T06:21:13+00:00","mainEntityOfPage":{"@id":"https:\/\/longkft.hu\/audioblog\/edda-muvek\/"},"wordCount":716,"commentCount":1,"publisher":{"@id":"https:\/\/longkft.hu\/audioblog\/#\/schema\/person\/645cabad2d8e942354ed2caeef3aa9ea"},"image":{"@id":"https:\/\/longkft.hu\/audioblog\/edda-muvek\/#primaryimage"},"thumbnailUrl":"https:\/\/longkft.hu\/audioblog\/wp-content\/uploads\/2018\/02\/edda_5_pataki_attila_eleje.jpg","keywords":["Edda \/ Slam\u00f3","Koncert","Zenekarok"],"articleSection":["Lemezkritika"],"inLanguage":"hu","potentialAction":[{"@type":"CommentAction","name":"Comment","target":["https:\/\/longkft.hu\/audioblog\/edda-muvek\/#respond"]}]},{"@type":"WebPage","@id":"https:\/\/longkft.hu\/audioblog\/edda-muvek\/","url":"https:\/\/longkft.hu\/audioblog\/edda-muvek\/","name":"Az EDDA M\u0171vek 5. album\u00e1nak bemutat\u00e1sa","isPartOf":{"@id":"https:\/\/longkft.hu\/audioblog\/#website"},"primaryImageOfPage":{"@id":"https:\/\/longkft.hu\/audioblog\/edda-muvek\/#primaryimage"},"image":{"@id":"https:\/\/longkft.hu\/audioblog\/edda-muvek\/#primaryimage"},"thumbnailUrl":"https:\/\/longkft.hu\/audioblog\/wp-content\/uploads\/2018\/02\/edda_5_pataki_attila_eleje.jpg","datePublished":"2016-12-07T13:30:30+00:00","dateModified":"2023-06-29T06:21:13+00:00","description":"Az Edda M\u0171vek \u00f6t\u00f6dik albuma Pataky Attila visszat\u00e9r\u0151 albuma, aminek sajnos, m\u00e1r semmi k\u00f6ze a kor\u00e1bbi edd\u00e1s szellemis\u00e9ghez, k\u00f6z\u00f6ss\u00e9ghez.","breadcrumb":{"@id":"https:\/\/longkft.hu\/audioblog\/edda-muvek\/#breadcrumb"},"inLanguage":"hu","potentialAction":[{"@type":"ReadAction","target":["https:\/\/longkft.hu\/audioblog\/edda-muvek\/"]}]},{"@type":"ImageObject","inLanguage":"hu","@id":"https:\/\/longkft.hu\/audioblog\/edda-muvek\/#primaryimage","url":"https:\/\/longkft.hu\/audioblog\/wp-content\/uploads\/2018\/02\/edda_5_pataki_attila_eleje.jpg","contentUrl":"https:\/\/longkft.hu\/audioblog\/wp-content\/uploads\/2018\/02\/edda_5_pataki_attila_eleje.jpg","width":983,"height":983},{"@type":"BreadcrumbList","@id":"https:\/\/longkft.hu\/audioblog\/edda-muvek\/#breadcrumb","itemListElement":[{"@type":"ListItem","position":1,"name":"Kezd\u0151oldal","item":"https:\/\/longkft.hu\/audioblog\/"},{"@type":"ListItem","position":2,"name":"Edda M\u0171vek &#8211; 5"}]},{"@type":"WebSite","@id":"https:\/\/longkft.hu\/audioblog\/#website","url":"https:\/\/longkft.hu\/audioblog\/","name":"Longaudio","description":"50 \u00e9v lemezgy\u0171jtem\u00e9nye \u00e9s audio k\u00e9sz\u00fcl\u00e9kei","publisher":{"@id":"https:\/\/longkft.hu\/audioblog\/#\/schema\/person\/645cabad2d8e942354ed2caeef3aa9ea"},"potentialAction":[{"@type":"SearchAction","target":{"@type":"EntryPoint","urlTemplate":"https:\/\/longkft.hu\/audioblog\/?s={search_term_string}"},"query-input":{"@type":"PropertyValueSpecification","valueRequired":true,"valueName":"search_term_string"}}],"inLanguage":"hu"},{"@type":["Person","Organization"],"@id":"https:\/\/longkft.hu\/audioblog\/#\/schema\/person\/645cabad2d8e942354ed2caeef3aa9ea","name":"Long","image":{"@type":"ImageObject","inLanguage":"hu","@id":"https:\/\/longkft.hu\/audioblog\/wp-content\/uploads\/2018\/01\/logo.jpg","url":"https:\/\/longkft.hu\/audioblog\/wp-content\/uploads\/2018\/01\/logo.jpg","contentUrl":"https:\/\/longkft.hu\/audioblog\/wp-content\/uploads\/2018\/01\/logo.jpg","width":240,"height":240,"caption":"Long"},"logo":{"@id":"https:\/\/longkft.hu\/audioblog\/wp-content\/uploads\/2018\/01\/logo.jpg"},"sameAs":["https:\/\/www.facebook.com\/longkft","https:\/\/hu.pinterest.com\/farkas1051\/_saved\/"],"url":"https:\/\/longkft.hu\/audioblog\/author\/audioblogger\/"}]}},"_links":{"self":[{"href":"https:\/\/longkft.hu\/audioblog\/wp-json\/wp\/v2\/posts\/1245","targetHints":{"allow":["GET"]}}],"collection":[{"href":"https:\/\/longkft.hu\/audioblog\/wp-json\/wp\/v2\/posts"}],"about":[{"href":"https:\/\/longkft.hu\/audioblog\/wp-json\/wp\/v2\/types\/post"}],"author":[{"embeddable":true,"href":"https:\/\/longkft.hu\/audioblog\/wp-json\/wp\/v2\/users\/2"}],"replies":[{"embeddable":true,"href":"https:\/\/longkft.hu\/audioblog\/wp-json\/wp\/v2\/comments?post=1245"}],"version-history":[{"count":0,"href":"https:\/\/longkft.hu\/audioblog\/wp-json\/wp\/v2\/posts\/1245\/revisions"}],"wp:featuredmedia":[{"embeddable":true,"href":"https:\/\/longkft.hu\/audioblog\/wp-json\/wp\/v2\/media\/1244"}],"wp:attachment":[{"href":"https:\/\/longkft.hu\/audioblog\/wp-json\/wp\/v2\/media?parent=1245"}],"wp:term":[{"taxonomy":"category","embeddable":true,"href":"https:\/\/longkft.hu\/audioblog\/wp-json\/wp\/v2\/categories?post=1245"},{"taxonomy":"post_tag","embeddable":true,"href":"https:\/\/longkft.hu\/audioblog\/wp-json\/wp\/v2\/tags?post=1245"}],"curies":[{"name":"wp","href":"https:\/\/api.w.org\/{rel}","templated":true}]}}