{"id":13849,"date":"2026-04-27T09:33:50","date_gmt":"2026-04-27T09:33:50","guid":{"rendered":"https:\/\/longkft.hu\/audioblog\/?p=13849"},"modified":"2026-04-27T09:33:50","modified_gmt":"2026-04-27T09:33:50","slug":"hifi-forum-1992","status":"publish","type":"post","link":"https:\/\/longkft.hu\/audioblog\/hifi-forum-1992\/","title":{"rendered":"HiFi F\u00f3rum 1992"},"content":{"rendered":"<p style=\"text-align: left;\"><span style=\"font-size: 12pt;\">Ism\u00e9t id\u0151utaz\u00e1sra invit\u00e1llak titeket. 1992-ben elindult a HiFi F\u00f3rum c. magazin, amely kiadv\u00e1ny, azaz annak k\u00e9sz\u00edt\u0151i azt a c\u00e9lt t\u0171zt\u00e9k ki, hogy a n\u00e9h\u00e1ny h\u00f3nappal kor\u00e1bban megsz\u0171nt HiFi Magazin m\u00e9lt\u00f3 ut\u00f3dja legyen.<\/span><\/p>\n<p style=\"text-align: left;\"><span style=\"font-size: 12pt;\">A HiFi F\u00f3rum j\u00f6tt, majd nyom n\u00e9lk\u00fcl t\u0171nt el. A megjelent egyetlen lapsz\u00e1mot a c\u00edmlapra klikkelve tudj\u00e1tok elolvasni, let\u00f6lteni.<\/span><\/p>\n<p style=\"text-align: center;\"><a href=\"https:\/\/longkft.hu\/audioblog\/wp-content\/uploads\/2026\/04\/Hifi-Forum.pdf\" target=\"_blank\" rel=\"noopener\"><img loading=\"lazy\" decoding=\"async\" class=\"aligncenter wp-image-13850 size-full\" src=\"https:\/\/longkft.hu\/audioblog\/wp-content\/uploads\/2026\/04\/hifi-forum.jpg\" alt=\"\" width=\"600\" height=\"866\" srcset=\"https:\/\/longkft.hu\/audioblog\/wp-content\/uploads\/2026\/04\/hifi-forum.jpg 600w, https:\/\/longkft.hu\/audioblog\/wp-content\/uploads\/2026\/04\/hifi-forum-208x300.jpg 208w, https:\/\/longkft.hu\/audioblog\/wp-content\/uploads\/2026\/04\/hifi-forum-139x200.jpg 139w, https:\/\/longkft.hu\/audioblog\/wp-content\/uploads\/2026\/04\/hifi-forum-568x820.jpg 568w, https:\/\/longkft.hu\/audioblog\/wp-content\/uploads\/2026\/04\/hifi-forum-400x577.jpg 400w\" sizes=\"auto, (max-width: 600px) 100vw, 600px\" \/><\/a><\/p>\n<span>Megosztom:<\/span><br><a target=\"_blank\" class=\"facebook\" title=\"\" rel=\"external\" href=\"https:\/\/www.facebook.com\/share.php?u=https:\/\/longkft.hu\/audioblog\/hifi-forum-1992\/&title=HiFi F\u00f3rum 1992\"><\/a><a target=\"_blank\" class=\"linkedin\" title=\"\" rel=\"external\" href=\"http:\/\/www.linkedin.com\/shareArticle?mini=true&amp;url=https%3A%2F%2Flongkft.hu%2Faudioblog%2Fhifi-forum-1992%2F&amp;title=HiFi+F%C3%B3rum+1992&amp;summary=%3Cp+style%3D%22text-align%3A+left%3B%22%3E%3Cspan+style%3D%22font-size%3A+12pt%3B%22%3EIsm%C3%A9t+id%C5%91utaz%C3%A1sra+invit%C3%A1llak+titeket.+1992-ben+elindult+a+HiFi+F%C3%B3rum+c.+magazin%2C+amely+kiadv%C3%A1ny%2C+azaz+annak+k%C3%A9sz%C3%ADt%C5%91i+azt+a+c%C3%A9lt+t%C5%B1zt%C3%A9k+ki%2C+hogy+a+n%C3%A9h%C3%A1ny+h%C3%B3nappal+kor%C3%A1bban+megsz%C5%B1nt+HiFi+Magazin+m%C3%A9lt%C3%B3+ut%C3%B3dja+legyen.%3C%2Fspan%3E%3C%2Fp%3E%0D%0A%3Cp+style%3D%22text-align%3A+left%3B%22%3E%3Cspan+style%3D%22font-size%3A+12pt%3B%22%3EA+HiFi+F%C3%B3rum+j%C3%B6tt%2C+majd+nyom+n%C3%A9lk%C3%BCl+t%C5%B1nt+el.+A+megjelent+egyetlen+lapsz%C3%A1mot+a+c%C3%ADmlapra+klikkelve+tudj%C3%A1tok+elolvasni%2C+let%C3%B6lteni.%3C%2Fspan%3E%3C%2Fp%3E%0D%0A%3Cp+style%3D%22text-align%3A+center%3B%22%3E%3Ca+href%3D%22https%3A%2F%2Flongkft.hu%2Faudioblog%2Fwp-content%2Fuploads%2F2026%2F04%2FHifi-Forum.pdf%22+target%3D%22_blank%22+rel%3D%22noopener%22%3E%3Cimg+class%3D%22aligncenter+wp-image-13850+size-full%22+src%3D%22https%3A%2F%2Flongkft.hu%2Faudioblog%2Fwp-content%2Fuploads%2F2026%2F04%2Fhifi-forum.jpg%22+alt%3D%22%22+width%3D%22600%22+height%3D%22866%22+%2F%3E%3C%2Fa%3E%3C%2Fp%3E&amp;source=Longaudio\"><\/a><a target=\"_blank\" class=\"gplusz\" title=\"\" rel=\"external\" href=\"https:\/\/plusone.google.com\/_\/+1\/confirm?url=https:\/\/longkft.hu\/audioblog\/hifi-forum-1992\/\"><\/a><a target=\"_blank\" rel=\"nofollow\" class=\"email\" href=\"mailto:?subject=Longaudio - HiFi F\u00f3rum 1992&amp;body=Kedves Bar\u00e1tom! Most olvastam a(z) HiFi F\u00f3rum 1992  c\u00edm\u0171 cikket a(z) Longaudio  oldalon. Hivatkoz\u00e1s:  https:\/\/longkft.hu\/audioblog\/hifi-forum-1992\/\" title=\"\"><\/a><a class=\"nyomtatas\" title=\"\" href=\"http:\/\/www.printfriendly.com\" onclick=\"window.print();return false;\"><\/a>","protected":false},"excerpt":{"rendered":"<p>Ism\u00e9t id\u0151utaz\u00e1sra invit\u00e1llak titeket. 1992-ben elindult a HiFi F\u00f3rum c. magazin, amely kiadv\u00e1ny, azaz annak k\u00e9sz\u00edt\u0151i azt a c\u00e9lt t\u0171zt\u00e9k&#8230;<\/p>\n<span>Megosztom:<\/span><br><a target=\"_blank\" class=\"facebook\" title=\"\" rel=\"external\" href=\"https:\/\/www.facebook.com\/share.php?u=https:\/\/longkft.hu\/audioblog\/hifi-forum-1992\/&title=HiFi F\u00f3rum 1992\"><\/a><a target=\"_blank\" class=\"linkedin\" title=\"\" rel=\"external\" href=\"http:\/\/www.linkedin.com\/shareArticle?mini=true&amp;url=https%3A%2F%2Flongkft.hu%2Faudioblog%2Fhifi-forum-1992%2F&amp;title=HiFi+F%C3%B3rum+1992&amp;summary=%3Cp+style%3D%22text-align%3A+left%3B%22%3E%3Cspan+style%3D%22font-size%3A+12pt%3B%22%3EIsm%C3%A9t+id%C5%91utaz%C3%A1sra+invit%C3%A1llak+titeket.+1992-ben+elindult+a+HiFi+F%C3%B3rum+c.+magazin%2C+amely+kiadv%C3%A1ny%2C+azaz+annak+k%C3%A9sz%C3%ADt%C5%91i+azt+a+c%C3%A9lt+t%C5%B1zt%C3%A9k+ki%2C+hogy+a+n%C3%A9h%C3%A1ny+h%C3%B3nappal+kor%C3%A1bban+megsz%C5%B1nt+HiFi+Magazin+m%C3%A9lt%C3%B3+ut%C3%B3dja+legyen.%3C%2Fspan%3E%3C%2Fp%3E%0D%0A%3Cp+style%3D%22text-align%3A+left%3B%22%3E%3Cspan+style%3D%22font-size%3A+12pt%3B%22%3EA+HiFi+F%C3%B3rum+j%C3%B6tt%2C+majd+nyom+n%C3%A9lk%C3%BCl+t%C5%B1nt+el.+A+megjelent+egyetlen+lapsz%C3%A1mot+a+c%C3%ADmlapra+klikkelve+tudj%C3%A1tok+elolvasni%2C+let%C3%B6lteni.%3C%2Fspan%3E%3C%2Fp%3E%0D%0A%3Cp+style%3D%22text-align%3A+center%3B%22%3E%3Ca+href%3D%22https%3A%2F%2Flongkft.hu%2Faudioblog%2Fwp-content%2Fuploads%2F2026%2F04%2FHifi-Forum.pdf%22+target%3D%22_blank%22+rel%3D%22noopener%22%3E%3Cimg+class%3D%22aligncenter+wp-image-13850+size-full%22+src%3D%22https%3A%2F%2Flongkft.hu%2Faudioblog%2Fwp-content%2Fuploads%2F2026%2F04%2Fhifi-forum.jpg%22+alt%3D%22%22+width%3D%22600%22+height%3D%22866%22+%2F%3E%3C%2Fa%3E%3C%2Fp%3E&amp;source=Longaudio\"><\/a><a target=\"_blank\" class=\"gplusz\" title=\"\" rel=\"external\" href=\"https:\/\/plusone.google.com\/_\/+1\/confirm?url=https:\/\/longkft.hu\/audioblog\/hifi-forum-1992\/\"><\/a><a target=\"_blank\" rel=\"nofollow\" class=\"email\" href=\"mailto:?subject=Longaudio - HiFi F\u00f3rum 1992&amp;body=Kedves Bar\u00e1tom! Most olvastam a(z) HiFi F\u00f3rum 1992  c\u00edm\u0171 cikket a(z) Longaudio  oldalon. Hivatkoz\u00e1s:  https:\/\/longkft.hu\/audioblog\/hifi-forum-1992\/\" title=\"\"><\/a><a class=\"nyomtatas\" title=\"\" href=\"http:\/\/www.printfriendly.com\" onclick=\"window.print();return false;\"><\/a>","protected":false},"author":2,"featured_media":13852,"comment_status":"open","ping_status":"closed","sticky":false,"template":"","format":"standard","meta":{"footnotes":""},"categories":[86,25,1,33],"tags":[78,98],"class_list":["post-13849","post","type-post","status-publish","format-standard","has-post-thumbnail","hentry","category-audio","category-bemutato","category-egyeb","category-vintage","tag-hifi-kiadvany","tag-magyar-hifi"],"yoast_head":"<!-- This site is optimized with the Yoast SEO plugin v27.4 - https:\/\/yoast.com\/product\/yoast-seo-wordpress\/ -->\n<title>HiFi F\u00f3rum 1992 - Longaudio<\/title>\n<meta name=\"description\" content=\"A HiFi F\u00f3rum j\u00f6tt, majd nyom n\u00e9lk\u00fcl t\u0171nt el. A megjelent egyetlen lapsz\u00e1mot a c\u00edmlapra klikkelve tudj\u00e1tok elolvasni, let\u00f6lteni.\" \/>\n<meta name=\"robots\" content=\"index, follow, max-snippet:-1, max-image-preview:large, max-video-preview:-1\" \/>\n<link rel=\"canonical\" href=\"https:\/\/longkft.hu\/audioblog\/hifi-forum-1992\/\" \/>\n<meta property=\"og:locale\" content=\"hu_HU\" \/>\n<meta property=\"og:type\" content=\"article\" \/>\n<meta property=\"og:title\" content=\"HiFi F\u00f3rum 1992 - Longaudio\" \/>\n<meta property=\"og:description\" content=\"A HiFi F\u00f3rum j\u00f6tt, majd nyom n\u00e9lk\u00fcl t\u0171nt el. A megjelent egyetlen lapsz\u00e1mot a c\u00edmlapra klikkelve tudj\u00e1tok elolvasni, let\u00f6lteni.\" \/>\n<meta property=\"og:url\" content=\"https:\/\/longkft.hu\/audioblog\/hifi-forum-1992\/\" \/>\n<meta property=\"og:site_name\" content=\"Longaudio\" \/>\n<meta property=\"article:publisher\" content=\"https:\/\/www.facebook.com\/longkft\" \/>\n<meta property=\"article:author\" content=\"https:\/\/www.facebook.com\/longkft\" \/>\n<meta property=\"article:published_time\" content=\"2026-04-27T09:33:50+00:00\" \/>\n<meta property=\"og:image\" content=\"https:\/\/longkft.hu\/audioblog\/wp-content\/uploads\/2026\/04\/hifi-forum-nyito-nyito.jpg\" \/>\n\t<meta property=\"og:image:width\" content=\"1000\" \/>\n\t<meta property=\"og:image:height\" content=\"568\" \/>\n\t<meta property=\"og:image:type\" content=\"image\/jpeg\" \/>\n<meta name=\"author\" content=\"Long\" \/>\n<meta name=\"twitter:card\" content=\"summary_large_image\" \/>\n<meta name=\"twitter:label1\" content=\"Szerz\u0151:\" \/>\n\t<meta name=\"twitter:data1\" content=\"Long\" \/>\n\t<meta name=\"twitter:label2\" content=\"Becs\u00fclt olvas\u00e1si id\u0151\" \/>\n\t<meta name=\"twitter:data2\" content=\"1 perc\" \/>\n<script type=\"application\/ld+json\" class=\"yoast-schema-graph\">{\"@context\":\"https:\\\/\\\/schema.org\",\"@graph\":[{\"@type\":\"Article\",\"@id\":\"https:\\\/\\\/longkft.hu\\\/audioblog\\\/hifi-forum-1992\\\/#article\",\"isPartOf\":{\"@id\":\"https:\\\/\\\/longkft.hu\\\/audioblog\\\/hifi-forum-1992\\\/\"},\"author\":{\"name\":\"Long\",\"@id\":\"https:\\\/\\\/longkft.hu\\\/audioblog\\\/#\\\/schema\\\/person\\\/645cabad2d8e942354ed2caeef3aa9ea\"},\"headline\":\"HiFi F\u00f3rum 1992\",\"datePublished\":\"2026-04-27T09:33:50+00:00\",\"mainEntityOfPage\":{\"@id\":\"https:\\\/\\\/longkft.hu\\\/audioblog\\\/hifi-forum-1992\\\/\"},\"wordCount\":82,\"commentCount\":0,\"publisher\":{\"@id\":\"https:\\\/\\\/longkft.hu\\\/audioblog\\\/#\\\/schema\\\/person\\\/645cabad2d8e942354ed2caeef3aa9ea\"},\"image\":{\"@id\":\"https:\\\/\\\/longkft.hu\\\/audioblog\\\/hifi-forum-1992\\\/#primaryimage\"},\"thumbnailUrl\":\"https:\\\/\\\/longkft.hu\\\/audioblog\\\/wp-content\\\/uploads\\\/2026\\\/04\\\/hifi-forum-nyito-nyito.jpg\",\"keywords\":[\"Hifi kiadv\u00e1ny\",\"Magyar hifi\"],\"articleSection\":{\"0\":\"Audio\",\"1\":\"Bemutat\u00f3\",\"3\":\"Vintage\"},\"inLanguage\":\"hu\",\"potentialAction\":[{\"@type\":\"CommentAction\",\"name\":\"Comment\",\"target\":[\"https:\\\/\\\/longkft.hu\\\/audioblog\\\/hifi-forum-1992\\\/#respond\"]}]},{\"@type\":\"WebPage\",\"@id\":\"https:\\\/\\\/longkft.hu\\\/audioblog\\\/hifi-forum-1992\\\/\",\"url\":\"https:\\\/\\\/longkft.hu\\\/audioblog\\\/hifi-forum-1992\\\/\",\"name\":\"HiFi F\u00f3rum 1992 - Longaudio\",\"isPartOf\":{\"@id\":\"https:\\\/\\\/longkft.hu\\\/audioblog\\\/#website\"},\"primaryImageOfPage\":{\"@id\":\"https:\\\/\\\/longkft.hu\\\/audioblog\\\/hifi-forum-1992\\\/#primaryimage\"},\"image\":{\"@id\":\"https:\\\/\\\/longkft.hu\\\/audioblog\\\/hifi-forum-1992\\\/#primaryimage\"},\"thumbnailUrl\":\"https:\\\/\\\/longkft.hu\\\/audioblog\\\/wp-content\\\/uploads\\\/2026\\\/04\\\/hifi-forum-nyito-nyito.jpg\",\"datePublished\":\"2026-04-27T09:33:50+00:00\",\"description\":\"A HiFi F\u00f3rum j\u00f6tt, majd nyom n\u00e9lk\u00fcl t\u0171nt el. A megjelent egyetlen lapsz\u00e1mot a c\u00edmlapra klikkelve tudj\u00e1tok elolvasni, let\u00f6lteni.\",\"breadcrumb\":{\"@id\":\"https:\\\/\\\/longkft.hu\\\/audioblog\\\/hifi-forum-1992\\\/#breadcrumb\"},\"inLanguage\":\"hu\",\"potentialAction\":[{\"@type\":\"ReadAction\",\"target\":[\"https:\\\/\\\/longkft.hu\\\/audioblog\\\/hifi-forum-1992\\\/\"]}]},{\"@type\":\"ImageObject\",\"inLanguage\":\"hu\",\"@id\":\"https:\\\/\\\/longkft.hu\\\/audioblog\\\/hifi-forum-1992\\\/#primaryimage\",\"url\":\"https:\\\/\\\/longkft.hu\\\/audioblog\\\/wp-content\\\/uploads\\\/2026\\\/04\\\/hifi-forum-nyito-nyito.jpg\",\"contentUrl\":\"https:\\\/\\\/longkft.hu\\\/audioblog\\\/wp-content\\\/uploads\\\/2026\\\/04\\\/hifi-forum-nyito-nyito.jpg\",\"width\":1000,\"height\":568},{\"@type\":\"BreadcrumbList\",\"@id\":\"https:\\\/\\\/longkft.hu\\\/audioblog\\\/hifi-forum-1992\\\/#breadcrumb\",\"itemListElement\":[{\"@type\":\"ListItem\",\"position\":1,\"name\":\"Kezd\u0151oldal\",\"item\":\"https:\\\/\\\/longkft.hu\\\/audioblog\\\/\"},{\"@type\":\"ListItem\",\"position\":2,\"name\":\"HiFi F\u00f3rum 1992\"}]},{\"@type\":\"WebSite\",\"@id\":\"https:\\\/\\\/longkft.hu\\\/audioblog\\\/#website\",\"url\":\"https:\\\/\\\/longkft.hu\\\/audioblog\\\/\",\"name\":\"Longaudio\",\"description\":\"50 \u00e9v lemezgy\u0171jtem\u00e9nye \u00e9s audio k\u00e9sz\u00fcl\u00e9kei\",\"publisher\":{\"@id\":\"https:\\\/\\\/longkft.hu\\\/audioblog\\\/#\\\/schema\\\/person\\\/645cabad2d8e942354ed2caeef3aa9ea\"},\"potentialAction\":[{\"@type\":\"SearchAction\",\"target\":{\"@type\":\"EntryPoint\",\"urlTemplate\":\"https:\\\/\\\/longkft.hu\\\/audioblog\\\/?s={search_term_string}\"},\"query-input\":{\"@type\":\"PropertyValueSpecification\",\"valueRequired\":true,\"valueName\":\"search_term_string\"}}],\"inLanguage\":\"hu\"},{\"@type\":[\"Person\",\"Organization\"],\"@id\":\"https:\\\/\\\/longkft.hu\\\/audioblog\\\/#\\\/schema\\\/person\\\/645cabad2d8e942354ed2caeef3aa9ea\",\"name\":\"Long\",\"image\":{\"@type\":\"ImageObject\",\"inLanguage\":\"hu\",\"@id\":\"https:\\\/\\\/longkft.hu\\\/audioblog\\\/wp-content\\\/uploads\\\/2018\\\/01\\\/logo.jpg\",\"url\":\"https:\\\/\\\/longkft.hu\\\/audioblog\\\/wp-content\\\/uploads\\\/2018\\\/01\\\/logo.jpg\",\"contentUrl\":\"https:\\\/\\\/longkft.hu\\\/audioblog\\\/wp-content\\\/uploads\\\/2018\\\/01\\\/logo.jpg\",\"width\":240,\"height\":240,\"caption\":\"Long\"},\"logo\":{\"@id\":\"https:\\\/\\\/longkft.hu\\\/audioblog\\\/wp-content\\\/uploads\\\/2018\\\/01\\\/logo.jpg\"},\"sameAs\":[\"https:\\\/\\\/www.facebook.com\\\/longkft\",\"https:\\\/\\\/hu.pinterest.com\\\/farkas1051\\\/_saved\\\/\"],\"url\":\"https:\\\/\\\/longkft.hu\\\/audioblog\\\/author\\\/audioblogger\\\/\"}]}<\/script>\n<!-- \/ Yoast SEO plugin. -->","yoast_head_json":{"title":"HiFi F\u00f3rum 1992 - Longaudio","description":"A HiFi F\u00f3rum j\u00f6tt, majd nyom n\u00e9lk\u00fcl t\u0171nt el. A megjelent egyetlen lapsz\u00e1mot a c\u00edmlapra klikkelve tudj\u00e1tok elolvasni, let\u00f6lteni.","robots":{"index":"index","follow":"follow","max-snippet":"max-snippet:-1","max-image-preview":"max-image-preview:large","max-video-preview":"max-video-preview:-1"},"canonical":"https:\/\/longkft.hu\/audioblog\/hifi-forum-1992\/","og_locale":"hu_HU","og_type":"article","og_title":"HiFi F\u00f3rum 1992 - Longaudio","og_description":"A HiFi F\u00f3rum j\u00f6tt, majd nyom n\u00e9lk\u00fcl t\u0171nt el. A megjelent egyetlen lapsz\u00e1mot a c\u00edmlapra klikkelve tudj\u00e1tok elolvasni, let\u00f6lteni.","og_url":"https:\/\/longkft.hu\/audioblog\/hifi-forum-1992\/","og_site_name":"Longaudio","article_publisher":"https:\/\/www.facebook.com\/longkft","article_author":"https:\/\/www.facebook.com\/longkft","article_published_time":"2026-04-27T09:33:50+00:00","og_image":[{"width":1000,"height":568,"url":"https:\/\/longkft.hu\/audioblog\/wp-content\/uploads\/2026\/04\/hifi-forum-nyito-nyito.jpg","type":"image\/jpeg"}],"author":"Long","twitter_card":"summary_large_image","twitter_misc":{"Szerz\u0151:":"Long","Becs\u00fclt olvas\u00e1si id\u0151":"1 perc"},"schema":{"@context":"https:\/\/schema.org","@graph":[{"@type":"Article","@id":"https:\/\/longkft.hu\/audioblog\/hifi-forum-1992\/#article","isPartOf":{"@id":"https:\/\/longkft.hu\/audioblog\/hifi-forum-1992\/"},"author":{"name":"Long","@id":"https:\/\/longkft.hu\/audioblog\/#\/schema\/person\/645cabad2d8e942354ed2caeef3aa9ea"},"headline":"HiFi F\u00f3rum 1992","datePublished":"2026-04-27T09:33:50+00:00","mainEntityOfPage":{"@id":"https:\/\/longkft.hu\/audioblog\/hifi-forum-1992\/"},"wordCount":82,"commentCount":0,"publisher":{"@id":"https:\/\/longkft.hu\/audioblog\/#\/schema\/person\/645cabad2d8e942354ed2caeef3aa9ea"},"image":{"@id":"https:\/\/longkft.hu\/audioblog\/hifi-forum-1992\/#primaryimage"},"thumbnailUrl":"https:\/\/longkft.hu\/audioblog\/wp-content\/uploads\/2026\/04\/hifi-forum-nyito-nyito.jpg","keywords":["Hifi kiadv\u00e1ny","Magyar hifi"],"articleSection":{"0":"Audio","1":"Bemutat\u00f3","3":"Vintage"},"inLanguage":"hu","potentialAction":[{"@type":"CommentAction","name":"Comment","target":["https:\/\/longkft.hu\/audioblog\/hifi-forum-1992\/#respond"]}]},{"@type":"WebPage","@id":"https:\/\/longkft.hu\/audioblog\/hifi-forum-1992\/","url":"https:\/\/longkft.hu\/audioblog\/hifi-forum-1992\/","name":"HiFi F\u00f3rum 1992 - Longaudio","isPartOf":{"@id":"https:\/\/longkft.hu\/audioblog\/#website"},"primaryImageOfPage":{"@id":"https:\/\/longkft.hu\/audioblog\/hifi-forum-1992\/#primaryimage"},"image":{"@id":"https:\/\/longkft.hu\/audioblog\/hifi-forum-1992\/#primaryimage"},"thumbnailUrl":"https:\/\/longkft.hu\/audioblog\/wp-content\/uploads\/2026\/04\/hifi-forum-nyito-nyito.jpg","datePublished":"2026-04-27T09:33:50+00:00","description":"A HiFi F\u00f3rum j\u00f6tt, majd nyom n\u00e9lk\u00fcl t\u0171nt el. A megjelent egyetlen lapsz\u00e1mot a c\u00edmlapra klikkelve tudj\u00e1tok elolvasni, let\u00f6lteni.","breadcrumb":{"@id":"https:\/\/longkft.hu\/audioblog\/hifi-forum-1992\/#breadcrumb"},"inLanguage":"hu","potentialAction":[{"@type":"ReadAction","target":["https:\/\/longkft.hu\/audioblog\/hifi-forum-1992\/"]}]},{"@type":"ImageObject","inLanguage":"hu","@id":"https:\/\/longkft.hu\/audioblog\/hifi-forum-1992\/#primaryimage","url":"https:\/\/longkft.hu\/audioblog\/wp-content\/uploads\/2026\/04\/hifi-forum-nyito-nyito.jpg","contentUrl":"https:\/\/longkft.hu\/audioblog\/wp-content\/uploads\/2026\/04\/hifi-forum-nyito-nyito.jpg","width":1000,"height":568},{"@type":"BreadcrumbList","@id":"https:\/\/longkft.hu\/audioblog\/hifi-forum-1992\/#breadcrumb","itemListElement":[{"@type":"ListItem","position":1,"name":"Kezd\u0151oldal","item":"https:\/\/longkft.hu\/audioblog\/"},{"@type":"ListItem","position":2,"name":"HiFi F\u00f3rum 1992"}]},{"@type":"WebSite","@id":"https:\/\/longkft.hu\/audioblog\/#website","url":"https:\/\/longkft.hu\/audioblog\/","name":"Longaudio","description":"50 \u00e9v lemezgy\u0171jtem\u00e9nye \u00e9s audio k\u00e9sz\u00fcl\u00e9kei","publisher":{"@id":"https:\/\/longkft.hu\/audioblog\/#\/schema\/person\/645cabad2d8e942354ed2caeef3aa9ea"},"potentialAction":[{"@type":"SearchAction","target":{"@type":"EntryPoint","urlTemplate":"https:\/\/longkft.hu\/audioblog\/?s={search_term_string}"},"query-input":{"@type":"PropertyValueSpecification","valueRequired":true,"valueName":"search_term_string"}}],"inLanguage":"hu"},{"@type":["Person","Organization"],"@id":"https:\/\/longkft.hu\/audioblog\/#\/schema\/person\/645cabad2d8e942354ed2caeef3aa9ea","name":"Long","image":{"@type":"ImageObject","inLanguage":"hu","@id":"https:\/\/longkft.hu\/audioblog\/wp-content\/uploads\/2018\/01\/logo.jpg","url":"https:\/\/longkft.hu\/audioblog\/wp-content\/uploads\/2018\/01\/logo.jpg","contentUrl":"https:\/\/longkft.hu\/audioblog\/wp-content\/uploads\/2018\/01\/logo.jpg","width":240,"height":240,"caption":"Long"},"logo":{"@id":"https:\/\/longkft.hu\/audioblog\/wp-content\/uploads\/2018\/01\/logo.jpg"},"sameAs":["https:\/\/www.facebook.com\/longkft","https:\/\/hu.pinterest.com\/farkas1051\/_saved\/"],"url":"https:\/\/longkft.hu\/audioblog\/author\/audioblogger\/"}]}},"_links":{"self":[{"href":"https:\/\/longkft.hu\/audioblog\/wp-json\/wp\/v2\/posts\/13849","targetHints":{"allow":["GET"]}}],"collection":[{"href":"https:\/\/longkft.hu\/audioblog\/wp-json\/wp\/v2\/posts"}],"about":[{"href":"https:\/\/longkft.hu\/audioblog\/wp-json\/wp\/v2\/types\/post"}],"author":[{"embeddable":true,"href":"https:\/\/longkft.hu\/audioblog\/wp-json\/wp\/v2\/users\/2"}],"replies":[{"embeddable":true,"href":"https:\/\/longkft.hu\/audioblog\/wp-json\/wp\/v2\/comments?post=13849"}],"version-history":[{"count":3,"href":"https:\/\/longkft.hu\/audioblog\/wp-json\/wp\/v2\/posts\/13849\/revisions"}],"predecessor-version":[{"id":13854,"href":"https:\/\/longkft.hu\/audioblog\/wp-json\/wp\/v2\/posts\/13849\/revisions\/13854"}],"wp:featuredmedia":[{"embeddable":true,"href":"https:\/\/longkft.hu\/audioblog\/wp-json\/wp\/v2\/media\/13852"}],"wp:attachment":[{"href":"https:\/\/longkft.hu\/audioblog\/wp-json\/wp\/v2\/media?parent=13849"}],"wp:term":[{"taxonomy":"category","embeddable":true,"href":"https:\/\/longkft.hu\/audioblog\/wp-json\/wp\/v2\/categories?post=13849"},{"taxonomy":"post_tag","embeddable":true,"href":"https:\/\/longkft.hu\/audioblog\/wp-json\/wp\/v2\/tags?post=13849"}],"curies":[{"name":"wp","href":"https:\/\/api.w.org\/{rel}","templated":true}]}}