{"id":13980,"date":"2026-09-03T16:07:18","date_gmt":"2026-09-03T16:07:18","guid":{"rendered":"https:\/\/longkft.hu\/audioblog\/?p=13980"},"modified":"2026-09-03T16:11:27","modified_gmt":"2026-09-03T16:11:27","slug":"elektroncso-regen-meg-a-vakuum-is-jobb-volt-1-resz","status":"publish","type":"post","link":"https:\/\/longkft.hu\/audioblog\/elektroncso-regen-meg-a-vakuum-is-jobb-volt-1-resz\/","title":{"rendered":"R\u00e9gen m\u00e9g a v\u00e1kuum is jobb volt &#8211; 1. r\u00e9sz"},"content":{"rendered":"<p style=\"text-align: left;\"><span style=\"font-size: 12pt;\">Kedves hobbit\u00e1rsak!<\/span><\/p>\n<p style=\"text-align: left;\"><span style=\"font-size: 12pt;\">Mindenki ismeri azt a szelekt\u00edv eml\u00e9kezeten alapul\u00f3 nosztalgikus kifejez\u00e9st, hogy &#8222;r\u00e9gen minden jobb volt&#8221;. Annak ellen\u00e9re, hogy \u00e9n nem szeretem ezt a szlogent haszn\u00e1lni, az elektroncs\u00f6vekkel kapcsolatos cikksorozat c\u00edm\u00e9nek m\u00e9gis ezt v\u00e1lasztottuk, mert a v\u00e1kuum ugyan nem lehetett jobb, de a r\u00e9gi elektroncs\u00f6vek bizony a legt\u00f6bb esetben jobban zen\u00e9lnek, mint az \u00faj gy\u00e1rt\u00e1s\u00fa lesz\u00e1rmazottjaik.<\/span><\/p>\n<p style=\"text-align: center;\"><img loading=\"lazy\" decoding=\"async\" class=\"aligncenter size-full wp-image-13992\" src=\"https:\/\/longkft.hu\/audioblog\/wp-content\/uploads\/2026\/09\/elektroncso-5S2D.jpg\" alt=\"elektroncs\u0151 5S2D\" width=\"600\" height=\"800\" srcset=\"https:\/\/longkft.hu\/audioblog\/wp-content\/uploads\/2026\/09\/elektroncso-5S2D.jpg 600w, https:\/\/longkft.hu\/audioblog\/wp-content\/uploads\/2026\/09\/elektroncso-5S2D-225x300.jpg 225w, https:\/\/longkft.hu\/audioblog\/wp-content\/uploads\/2026\/09\/elektroncso-5S2D-150x200.jpg 150w, https:\/\/longkft.hu\/audioblog\/wp-content\/uploads\/2026\/09\/elektroncso-5S2D-400x533.jpg 400w\" sizes=\"auto, (max-width: 600px) 100vw, 600px\" \/><\/p>\n<p style=\"text-align: left;\"><span style=\"font-size: 12pt;\">A m\u00falt h\u00e9ten Attila bar\u00e1tommal tartottunk egy kis bemutat\u00f3t az <a href=\"https:\/\/hu.wikipedia.org\/wiki\/Elektroncs%C5%91\" target=\"_blank\" rel=\"noopener\"><span style=\"color: #ff6600;\">elektroncs\u0151<\/span><\/a> gy\u0171jtem\u00e9ny\u00fcnkb\u0151l a Long audioblog f\u0151 &#8222;F\u00fcleinek&#8221;, amir\u0151l Zsolt m\u00e1r meg is osztotta a saj\u00e1t gondolatait. A sze\u00e1nsz sor\u00e1n hat\u00e1roztuk el, hogy hi\u00e1nyp\u00f3tl\u00f3 lenne, ez\u00e9rt elind\u00edtunk egy cikksorozatot, ahol technikai \u00e9s m\u00e1rkat\u00f6rt\u00e9neti ismeretek mellett, szubjekt\u00edv tapasztalatokat \u00e9s tan\u00e1csokat is szeretn\u00e9nk \u00e1tadni az erre nyitott hobbit\u00e1rsaknak.<\/span><\/p>\n<p style=\"text-align: center;\"><img loading=\"lazy\" decoding=\"async\" class=\"aligncenter size-full wp-image-13990\" src=\"https:\/\/longkft.hu\/audioblog\/wp-content\/uploads\/2026\/09\/elektroncso-805_300B_12AU7.jpg\" alt=\"elektroncs\u0151 805_300B_12AU7\" width=\"800\" height=\"582\" srcset=\"https:\/\/longkft.hu\/audioblog\/wp-content\/uploads\/2026\/09\/elektroncso-805_300B_12AU7.jpg 800w, https:\/\/longkft.hu\/audioblog\/wp-content\/uploads\/2026\/09\/elektroncso-805_300B_12AU7-300x218.jpg 300w, https:\/\/longkft.hu\/audioblog\/wp-content\/uploads\/2026\/09\/elektroncso-805_300B_12AU7-768x559.jpg 768w, https:\/\/longkft.hu\/audioblog\/wp-content\/uploads\/2026\/09\/elektroncso-805_300B_12AU7-200x146.jpg 200w, https:\/\/longkft.hu\/audioblog\/wp-content\/uploads\/2026\/09\/elektroncso-805_300B_12AU7-400x291.jpg 400w\" sizes=\"auto, (max-width: 800px) 100vw, 800px\" \/><\/p>\n<p style=\"text-align: left;\"><span style=\"font-size: 12pt;\">M\u00e1r 10-11 \u00e9ves koromban elkezdtem rajongani a zenehallgat\u00e1s\u00e9rt \u00e9s az audio berendez\u00e9sek ir\u00e1nt, de a komolyabb &#8222;csod\u00e1k&#8221; ut\u00e1n csak a ny\u00e1lam csorgattam a katal\u00f3gusokban, illetve &#8211; k\u00e9s\u0151bb, a &#8217;90-es \u00e9vekben &#8211; a bemutat\u00f3 termekben \u00e9s ki\u00e1ll\u00edt\u00e1sokon. Egy hosszabb kihagy\u00e1s ut\u00e1n (csal\u00e1d, gyerekek, stb.) k\u00f6zel egy \u00e9vtizede kezdtem bele ism\u00e9t elmer\u00fclni ennek a sz\u00e9p hobbinak a rejtelmeiben. Az els\u0151 h\u00e1rom \u00e9vre \u00fagy tekintek vissza, mint az \u00fatkeres\u00e9sem folyamat\u00e1ra, amely sor\u00e1n megfordult n\u00e1lam j\u00f3 p\u00e1r er\u0151s\u00edt\u0151 (is). Volt k\u00f6z\u00f6tt\u00fck <a href=\"https:\/\/longkft.hu\/audioblog\/kategoria\/vintage\/\" target=\"_blank\" rel=\"noopener\"><span style=\"color: #ff6600;\">vintage<\/span><\/a> darab (egy megval\u00f3sult fiatalkori \u00e1lomk\u00e9nt \u00e9ltem meg), \u00e9s \u00fajabb gy\u00e1rtm\u00e1nyok is, k\u00fcl\u00f6nb\u00f6z\u0151 m\u00e1rk\u00e1kat \u00e9s kateg\u00f3ri\u00e1kat reprezent\u00e1lva, amiket a csal\u00e1di kassza m\u00e9g elb\u00edrt.<\/span><\/p>\n<p style=\"text-align: center;\"><img loading=\"lazy\" decoding=\"async\" class=\"aligncenter size-full wp-image-13987\" src=\"https:\/\/longkft.hu\/audioblog\/wp-content\/uploads\/2026\/09\/elektroncso-RCA_RedBase.jpg\" alt=\"elektroncs\u0151 RCA_RedBase\" width=\"600\" height=\"754\" srcset=\"https:\/\/longkft.hu\/audioblog\/wp-content\/uploads\/2026\/09\/elektroncso-RCA_RedBase.jpg 600w, https:\/\/longkft.hu\/audioblog\/wp-content\/uploads\/2026\/09\/elektroncso-RCA_RedBase-239x300.jpg 239w, https:\/\/longkft.hu\/audioblog\/wp-content\/uploads\/2026\/09\/elektroncso-RCA_RedBase-159x200.jpg 159w, https:\/\/longkft.hu\/audioblog\/wp-content\/uploads\/2026\/09\/elektroncso-RCA_RedBase-400x503.jpg 400w\" sizes=\"auto, (max-width: 600px) 100vw, 600px\" \/><\/p>\n<p style=\"text-align: left;\"><span style=\"font-size: 12pt;\">Volt, hogy \u00fagy \u00e9reztem, feljebb l\u00e9pek, volt, hogy ink\u00e1bb csak oldalra. Azt\u00e1n a k\u00edv\u00e1ncsis\u00e1gom v\u00e9gett vettem egy cs\u00f6ves integr\u00e1lt er\u0151s\u00edt\u0151t. Ez volt az a fordul\u00f3pont, ami teljesen megv\u00e1ltoztatta azt, amit kor\u00e1bban a m\u00e9rn\u00f6ki gondolkod\u00e1s\u00fa agyam sugallt. A puszta adatok (jel\/zaj viszony, teljes harmonikus torz\u00edt\u00e1s, stb.) \u00e1ltal vez\u00e9relt elk\u00e9pzel\u00e9seimet fel\u00fcl\u00edrta a f\u00fclem \u00e9s a lelkem \u00e1ltal \u00e9rz\u00e9kelt zenehallgat\u00e1s. Ezzel nem szeretn\u00e9k belemenni egy tranzisztoros kontra cs\u00f6ves vit\u00e1ba, f\u0151leg \u00fagy, hogy mindegyik technol\u00f3gi\u00e1nak vannak j\u00f3l \u00e9s rosszul siker\u00fclt p\u00e9ld\u00e1i. A zenehallgat\u00e1s egy szubjekt\u00edv dolog, \u00e9s mindenki el tudja d\u00f6nteni, hogy milyen t\u00edpus\u00fa er\u0151s\u00edt\u0151t favoriz\u00e1l, \u00e9s ehhez sz\u00edve joga van. Az viszont sz\u00e1momra egy\u00e9rtelm\u0171, hogy nekem a <a href=\"https:\/\/longkft.hu\/audioblog\/tag\/csoves-keszulek\/\" target=\"_blank\" rel=\"noopener\"><span style=\"color: #ff6600;\">cs\u00f6ves elektronik\u00e1kkal<\/span><\/a> zen\u00e9t hallgatni j\u00f3val nagyobb \u00e9lvezeti faktorral j\u00e1r.<\/span><\/p>\n<p style=\"text-align: center;\"><img loading=\"lazy\" decoding=\"async\" class=\"aligncenter size-full wp-image-13986\" src=\"https:\/\/longkft.hu\/audioblog\/wp-content\/uploads\/2026\/09\/elektroncso-Bendix_5992.jpg\" alt=\"elektroncs\u0151 Bendix_5992\" width=\"600\" height=\"556\" srcset=\"https:\/\/longkft.hu\/audioblog\/wp-content\/uploads\/2026\/09\/elektroncso-Bendix_5992.jpg 600w, https:\/\/longkft.hu\/audioblog\/wp-content\/uploads\/2026\/09\/elektroncso-Bendix_5992-300x278.jpg 300w, https:\/\/longkft.hu\/audioblog\/wp-content\/uploads\/2026\/09\/elektroncso-Bendix_5992-200x185.jpg 200w, https:\/\/longkft.hu\/audioblog\/wp-content\/uploads\/2026\/09\/elektroncso-Bendix_5992-400x371.jpg 400w\" sizes=\"auto, (max-width: 600px) 100vw, 600px\" \/><\/p>\n<h3 style=\"text-align: left;\"><span style=\"font-size: 14pt;\">Ez a cikksorozat is els\u0151sorban azoknak \u00edr\u00f3dik, akik hasonl\u00f3an \u00e9reznek, de m\u00e9g nem \u00e1st\u00e1k bele magukat, vagy \u00e9ppens\u00e9ggel elvesztek az elektroncs\u00f6vek tenger\u00e9ben&#8230;<\/span><\/h3>\n<p style=\"text-align: left;\"><span style=\"font-size: 12pt;\">M\u00e1r az els\u0151 cs\u00f6ves er\u0151s\u00edt\u0151m kapcs\u00e1n is tal\u00e1lkoztam a NOS (New Old Stock &#8211; vagyis: k\u00e9szleten maradt r\u00e9gi gy\u00e1rt\u00e1s\u00fa, de \u00faj \u00e1llapot\u00fa term\u00e9k) kifejez\u00e9ssel. Bevallom, \u00e9n nem hittem benne, \u00e9s ink\u00e1bb \u00faj, de magasabb kateg\u00f3ri\u00e1s cs\u00f6vekre cser\u00e9ltem a gy\u00e1rilag mell\u00e9kelt cs\u0151k\u00e9szletet. M\u00e1r ez is komoly v\u00e1ltoz\u00e1st okozott, \u00e9s term\u00e9szetesen a j\u00f3 ir\u00e1nyban. Csup\u00e1n k\u00e9t \u00e9s f\u00e9l \u00e9ve sz\u00e1ntam r\u00e1 magam &#8211; egy pr\u00f3ba kedv\u00e9\u00e9rt &#8211; az els\u0151 NOS cs\u0151p\u00e1rra, \u00e9s azonnal olyan meglepet\u00e9st okozott, hogy elkezdtem bele\u00e1sni magam a t\u00e9m\u00e1ba. Mit tesz az ember ilyenkor? Megk\u00e9rdez m\u00e1sokat, megn\u00e9zi az erre szakosodott f\u00f3rumokat, (\u00fajabban) r\u00e1k\u00e9rdez valamelyik AI-motorn\u00e1l (ChatGPT, Gemini, stb.). Igen \u00e1m, de mindenki m\u00e1st mond p\u00e9ld\u00e1ul arra a k\u00e9rd\u00e9sre, hogy melyik a legjobb t\u00edz az adott t\u00edpuson bel\u00fcl. \u00c9s kinek van igaza? K\u00f6z\u00f6s metszetet lehet tal\u00e1lni, de egyforma sorrend nincs. Van egy\u00e1ltal\u00e1n sorrend??<\/span><\/p>\n<p style=\"text-align: center;\"><img loading=\"lazy\" decoding=\"async\" class=\"aligncenter size-full wp-image-13988\" src=\"https:\/\/longkft.hu\/audioblog\/wp-content\/uploads\/2026\/09\/KEN_RAD_VT231_01.jpg\" alt=\"\" width=\"600\" height=\"643\" srcset=\"https:\/\/longkft.hu\/audioblog\/wp-content\/uploads\/2026\/09\/KEN_RAD_VT231_01.jpg 600w, https:\/\/longkft.hu\/audioblog\/wp-content\/uploads\/2026\/09\/KEN_RAD_VT231_01-280x300.jpg 280w, https:\/\/longkft.hu\/audioblog\/wp-content\/uploads\/2026\/09\/KEN_RAD_VT231_01-187x200.jpg 187w, https:\/\/longkft.hu\/audioblog\/wp-content\/uploads\/2026\/09\/KEN_RAD_VT231_01-400x429.jpg 400w\" sizes=\"auto, (max-width: 600px) 100vw, 600px\" \/><\/p>\n<p style=\"text-align: left;\"><span style=\"font-size: 12pt;\">Aki szerint van egy preferencia lista, az vajon meghallgatta az \u00f6sszeset? Ezek a k\u00e9rd\u00e9sek (\u00e9s a maximalizmussal megf\u0171szerezett k\u00edv\u00e1ncsis\u00e1gom) miatt d\u00f6nt\u00f6ttem el azt, hogy meghallgatom magam az \u00f6sszes beszerezhet\u0151 (\u00e9s m\u00e9g megfizethet\u0151) gy\u00e1rtm\u00e1nyt az egyes t\u00edpusokb\u00f3l, \u00e9s megv\u00e1laszolom magamnak a k\u00e9rd\u00e9st. \u00cdgy jutottam el addig, hogy az Octal foglalatos <a href=\"https:\/\/en.wikipedia.org\/wiki\/6SN7\" target=\"_blank\" rel=\"noopener\"><span style=\"color: #ff6600;\">6SN7<\/span><\/a> cs\u0151t\u00edpusb\u00f3l, annak lehets\u00e9ges alternat\u00edv\u00e1ib\u00f3l (pl.: ECC33, ECC40, 7N7, stb.) \u00e9s a miniat\u0171r Noval foglalatos 12AU7 dupla tri\u00f3d\u00e1kb\u00f3l t\u00f6bb, mint 150 k\u00fcl\u00f6nb\u00f6z\u0151 gy\u00e1rtm\u00e1nyt siker\u00fclt meghallgatnom. Mik\u00f6zben figyeltem a hangjukra, megismertem j\u00f3 p\u00e1r t\u00f6rv\u00e9nyszer\u0171s\u00e9get, a beazonos\u00edt\u00e1sukhoz sz\u00fcks\u00e9ges inform\u00e1ci\u00f3kat (p\u00e9ld\u00e1ul a gy\u00e1ri k\u00f3drendszereket), \u00e9s az egym\u00e1shoz k\u00e9pest viszony\u00edtott elt\u00e9r\u00e9seket a hangkarakter\u00fckben. Ezt az ismeretet szeretn\u00e9nk majd \u00e1tadni ebben a cikksorozatban. Term\u00e9szetesen nem az \u00f6sszes t\u00edpusr\u00f3l tudunk \u00edrni, de a tervek &#8211; t\u00f6bbek k\u00f6z\u00f6tt &#8211; ezekr\u0151l sz\u00f3lnak: 6SN7, 6SL7, 12AU7, 6V6, 300B, 805. Az Attila fogja az \u00e1ltalam haszn\u00e1lt cs\u00f6vek list\u00e1j\u00e1t kieg\u00e9sz\u00edteni olyanokkal, mint EL34, KT88, 12AT7, 12AX7, stb. Szeretn\u00e9nk majd belecsemp\u00e9szni olyan inform\u00e1ci\u00f3kat is, mint a cs\u00f6vek m\u00e9r\u00e9se, mire \u00e9rdemes figyelni v\u00e1s\u00e1rl\u00e1skor, mekkora \u00e9s milyen gy\u0171jtem\u00e9nyt \u00e9rdemes \u00e9p\u00edteni a biztons\u00e1gos \u00e9s hossz\u00fa t\u00e1vra tervezett zenehallgat\u00e1shoz.<\/span><\/p>\n<p style=\"text-align: center;\"><img loading=\"lazy\" decoding=\"async\" class=\"aligncenter size-full wp-image-13989\" src=\"https:\/\/longkft.hu\/audioblog\/wp-content\/uploads\/2026\/09\/SYL_6SN7A_measurement.jpg\" alt=\"SYL_6SN7A_measurement\" width=\"600\" height=\"450\" srcset=\"https:\/\/longkft.hu\/audioblog\/wp-content\/uploads\/2026\/09\/SYL_6SN7A_measurement.jpg 600w, https:\/\/longkft.hu\/audioblog\/wp-content\/uploads\/2026\/09\/SYL_6SN7A_measurement-300x225.jpg 300w, https:\/\/longkft.hu\/audioblog\/wp-content\/uploads\/2026\/09\/SYL_6SN7A_measurement-200x150.jpg 200w, https:\/\/longkft.hu\/audioblog\/wp-content\/uploads\/2026\/09\/SYL_6SN7A_measurement-400x300.jpg 400w\" sizes=\"auto, (max-width: 600px) 100vw, 600px\" \/><\/p>\n<h3 style=\"text-align: left;\"><span style=\"font-size: 14pt;\">Ezt a bevezet\u0151 cikket egy olyan 10 pontba szedett tan\u00e1cs gy\u0171jtem\u00e9nnyel szeretn\u00e9m z\u00e1rni, amit m\u00e1r egy k\u00fclf\u00f6ldi f\u00f3rumon publik\u00e1ltam, de \u00edgy a hazai olvas\u00f3khoz is eljuthat. A terveim szerint m\u00e9g vissza fogunk t\u00e9rni ezekre a t\u00e9mak\u00f6r\u00f6kre b\u0151vebb form\u00e1ban. Most, csak \u00edgy nagy vonalakban:<\/span><\/h3>\n<ol>\n<li><span style=\"font-size: 12pt;\">\u00a0Az elektroncs\u0151-csereber\u00e9l\u00e9s (a szakzsargonban tube rolling) nagyon j\u00f3 sz\u00f3rakoz\u00e1s, \u00e9s az audiof\u00edli\u00e1ban t\u00f6rt\u00e9n\u0151 utaz\u00e1s egyik koron\u00e1ja.<\/span><\/li>\n<li><span style=\"font-size: 12pt;\">Nincs olyan, hogy LEGJOBB cs\u0151! Ellenben nagyon sok olyan kiv\u00e1l\u00f3 cs\u0151 l\u00e9tezik, amelyeknek a megfelel\u0151 kombin\u00e1ci\u00f3j\u00e1val el lehet \u00e9rni azt a szinergi\u00e1t egy adott l\u00e1ncban (rendszerben), ami az \u00e9lvezetes zenehallgat\u00e1shoz sz\u00fcks\u00e9ges.<\/span><\/li>\n<li><span style=\"font-size: 12pt;\">A legt\u00f6bb er\u0151s\u00edt\u0151 a gy\u00e1ri cs\u00f6vekkel nem tudja megmutatni a maximum\u00e1t. Ennek az az oka, hogy az \u00e1lland\u00f3 min\u0151s\u00e9g el\u00e9r\u00e9s\u00e9hez nagy mennyis\u00e9g\u0171 egyforma cs\u0151re van sz\u00fcks\u00e9g, de ezt a gy\u00e1rt\u00f3k csak az \u00faj (\u00e9s sajnos, sokszor a legolcs\u00f3bb) gy\u00e1rt\u00e1s\u00fa cs\u00f6vekkel tudj\u00e1k lebiztos\u00edtani. Szerencs\u00e9re, a legt\u00f6bb er\u0151s\u00edt\u0151 j\u00f3l reag\u00e1l a cs\u00f6vek kicser\u00e9l\u00e9s\u00e9re (m\u00e1rmint a megengedett cs\u0151t\u00edpusokon bel\u00fcl!), \u00e9s sokszor egy magasabb kateg\u00f3ri\u00e1s hang el\u00e9r\u00e9se is lehets\u00e9ges.<\/span><\/li>\n<li><span style=\"font-size: 12pt;\">A cs\u00f6vekkel finomhangolni lehet egy rendszer hangj\u00e1t an\u00e9lk\u00fcl, hogy a f\u0151 komponenseket cser\u00e9ln\u00e9nk. Az adott l\u00e1ncban a k\u00edv\u00e1nt szinergia el\u00e9r\u00e9se a c\u00e9l, amit a felhaszn\u00e1lt cs\u00f6vek \u00f6sszess\u00e9ge, a forr\u00e1sok, az er\u0151s\u00edt\u0151(k), a k\u00e1belez\u00e9s, a hallgatott zenei st\u00edlus, \u00e9s a hallgat\u00f3 szem\u00e9lyes \u00edzl\u00e9se egy\u00fcttesen hat\u00e1roz meg.<\/span><\/li>\n<li><span style=\"font-size: 12pt;\">Az el\u0151fok cs\u00f6vekn\u00e9l a NOS cs\u00f6vek egyszer\u0171en jobbak, mint az \u00faj gy\u00e1rt\u00e1s\u00fa t\u00e1rsaik. A legfrissebb fejleszt\u00e9sek \u00edg\u00e9retesek, de m\u00e9g nem \u00e9rnek fel a &#8217;40-es\/&#8217;50-es \u00e9vekben gy\u00e1rtott cs\u00f6vek hangmin\u0151s\u00e9g\u00e9hez. A v\u00e9gfok cs\u00f6vekn\u00e9l m\u00e1r \u00e1rnyaltabb a k\u00e9p. Azokn\u00e1l sokszor m\u00e1r nem is \u00e9rdemes NOS verzi\u00f3ban gondolkozni.<\/span><\/li>\n<li><span style=\"font-size: 12pt;\">\u00c9szrevehet\u0151 p\u00e1r tulajdons\u00e1g, ami szinte mindig garancia a jobb hangra (p\u00e9ld\u00e1ul: fekete an\u00f3dlemez, f\u00f3li\u00e1s vagy sz\u00f6gletes getter, h\u00e1romszoros csill\u00e1mlemez, stb.). Term\u00e9szetesen nincs aranyszab\u00e1ly r\u00e1, \u00e9s mindig vannak kiv\u00e9telek, de jellemz\u0151 ez a t\u00f6rv\u00e9nyszer\u0171s\u00e9g.<\/span><\/li>\n<li><span style=\"font-size: 12pt;\">A cs\u0151 m\u00e9r\u00e9si adatait a hely\u00e9n kell kezelni. Nem mindegy, hogy ki m\u00e9ri \u00e9s milyen m\u00e9r\u0151m\u0171szeren. A hangja nem a m\u00e9rt eredm\u00e9nyekt\u0151l f\u00fcgg! Term\u00e9szetesen, egy az \u00e9lettartama v\u00e9g\u00e9n j\u00e1r\u00f3 elektroncs\u0151 m\u00e1r fedett, halkabb, stb. lehet. De a 80%-os \u00e9rt\u00e9k\u0171 cs\u0151 nem sz\u00f3l m\u00e1sk\u00e9nt, mint a 95%-os. Abb\u00f3l a szempontb\u00f3l probl\u00e9m\u00e1s csak, hogy a v\u00e1rhat\u00f3 \u00e9lettartama r\u00f6videbb.<\/span><\/li>\n<li><span style=\"font-size: 12pt;\">Az elektroncs\u0151 cserebere nem ugyanaz, mint a (ritka) cs\u00f6vek gy\u0171jt\u00e9se, ami egy m\u00e1sik (\u00e9s nagyon k\u00f6lts\u00e9ges) hobbi! \ud83d\ude42<\/span><\/li>\n<li><span style=\"font-size: 12pt;\">Ami sz\u00e1momra m\u0171k\u00f6dik (\u00e9rtsd: j\u00f3l sz\u00f3l), az nem garant\u00e1lt, hogy m\u00e1sn\u00e1l is \u00fagy fog. Nem vagyunk egyform\u00e1k, \u00e9s ez egy szubjekt\u00edv hobbi. Mindenkinek saj\u00e1t mag\u00e1nak kell megtal\u00e1lnia, hogy mi az \u00e1ltala keresett hang. De az is igaz, hogy ha a nagy t\u00f6bbs\u00e9g kiki\u00e1lt valamit &#8222;Szent Gr\u00e1lnak&#8221;, akkor az val\u00f3sz\u00edn\u0171leg nem sz\u00f3l majd rosszul \ud83d\ude42<\/span><\/li>\n<li><span style=\"font-size: 12pt;\">Ha valaki sok\u00e1ig szeretn\u00e9 az aktu\u00e1lis er\u0151s\u00edt\u0151j\u00e9t hallgatni, akkor \u00e9rdemes 2-3 tartal\u00e9kot felhalmozni a haszn\u00e1lt elektroncs\u0151-t\u00edpusokb\u00f3l. Eleve vannak olyan cs\u00f6vek, amikb\u0151l m\u00e1r nem is gy\u00e1rtanak \u00fajat, \u00e9s a r\u00e9gi k\u00e9szletek is rohamosan fogynak. Az \u00e1rak emelked\u00e9s\u00e9t n\u00e9zve, ak\u00e1r befektet\u00e9sk\u00e9nt is felfoghat\u00f3 p\u00e1r tartal\u00e9k a fi\u00f3kban&#8230;<\/span><\/li>\n<\/ol>\n<h3 style=\"text-align: center;\"><img loading=\"lazy\" decoding=\"async\" class=\"aligncenter size-full wp-image-13991\" src=\"https:\/\/longkft.hu\/audioblog\/wp-content\/uploads\/2026\/09\/Mullard_Porn.jpg\" alt=\"elektroncs\u0151 mullaed\" width=\"800\" height=\"600\" srcset=\"https:\/\/longkft.hu\/audioblog\/wp-content\/uploads\/2026\/09\/Mullard_Porn.jpg 800w, https:\/\/longkft.hu\/audioblog\/wp-content\/uploads\/2026\/09\/Mullard_Porn-300x225.jpg 300w, https:\/\/longkft.hu\/audioblog\/wp-content\/uploads\/2026\/09\/Mullard_Porn-768x576.jpg 768w, https:\/\/longkft.hu\/audioblog\/wp-content\/uploads\/2026\/09\/Mullard_Porn-200x150.jpg 200w, https:\/\/longkft.hu\/audioblog\/wp-content\/uploads\/2026\/09\/Mullard_Porn-400x300.jpg 400w\" sizes=\"auto, (max-width: 800px) 100vw, 800px\" \/><\/h3>\n<h3 style=\"text-align: left;\"><span style=\"font-size: 14pt;\">Ennyit sz\u00e1ntam bevezet\u00e9snek, \u00e9s a folytat\u00e1sban a <a href=\"https:\/\/audiolife.blog.hu\/2016\/12\/01\/a_nagy_6sn7_csoportteszt\" target=\"_blank\" rel=\"noopener\"><span style=\"color: #ff6600;\">6SN7<\/span><\/a> elektroncs\u0151 bemutat\u00e1s\u00e1val jelentkezem.<\/span><\/h3>\n<p style=\"text-align: left;\"><span style=\"font-size: 12pt;\">K\u00f6sz\u00f6n\u00f6m sz\u00e9pen, hogy elolvastad!<\/span><\/p>\n<p style=\"text-align: left;\"><span style=\"font-size: 12pt;\">\u00dcdv.,<\/span><br \/>\n<span style=\"font-size: 12pt;\">Szabolcs<\/span><\/p>\n<span>Megosztom:<\/span><br><a target=\"_blank\" class=\"facebook\" title=\"\" rel=\"external\" href=\"https:\/\/www.facebook.com\/share.php?u=https:\/\/longkft.hu\/audioblog\/elektroncso-regen-meg-a-vakuum-is-jobb-volt-1-resz\/&title=R\u00e9gen m\u00e9g a v\u00e1kuum is jobb volt &#8211; 1. r\u00e9sz\"><\/a><a target=\"_blank\" class=\"linkedin\" title=\"\" rel=\"external\" href=\"http:\/\/www.linkedin.com\/shareArticle?mini=true&amp;url=https%3A%2F%2Flongkft.hu%2Faudioblog%2Felektroncso-regen-meg-a-vakuum-is-jobb-volt-1-resz%2F&amp;title=R%C3%A9gen+m%C3%A9g+a+v%C3%A1kuum+is+jobb+volt+%26%238211%3B+1.+r%C3%A9sz&amp;summary=%3Cp+style%3D%22text-align%3A+left%3B%22%3E%3Cspan+style%3D%22font-size%3A+12pt%3B%22%3EKedves+hobbit%C3%A1rsak%21%3C%2Fspan%3E%3C%2Fp%3E%0D%0A%3Cp+style%3D%22text-align%3A+left%3B%22%3E%3Cspan+style%3D%22font-size%3A+12pt%3B%22%3EMindenki+ismeri+azt+a+szelekt%C3%ADv+eml%C3%A9kezeten+alapul%C3%B3+nosztalgikus+kifejez%C3%A9st%2C+hogy+%22r%C3%A9gen+minden+jobb+volt%22.+Annak+ellen%C3%A9re%2C+hogy+%C3%A9n+nem+szeretem+ezt+a+szlogent+haszn%C3%A1lni%2C+az+elektroncs%C3%B6vekkel+kapcsolatos+cikksorozat+c%C3%ADm%C3%A9nek+m%C3%A9gis+ezt+v%C3%A1lasztottuk%2C+mert+a+v%C3%A1kuum+ugyan+nem+lehetett+jobb%2C+de+a+r%C3%A9gi+elektroncs%C3%B6vek+bizony+a+legt%C3%B6bb+esetben+jobban+zen%C3%A9lnek%2C+mint+az+%C3%BAj+gy%C3%A1rt%C3%A1s%C3%BA+lesz%C3%A1rmazottjaik.%3C%2Fspan%3E%3C%2Fp%3E%0D%0A%3Cp+style%3D%22text-align%3A+center%3B%22%3E%3Cimg+class%3D%22aligncenter+size-full+wp-image-13992%22+src%3D%22https%3A%2F%2Flongkft.hu%2Faudioblog%2Fwp-content%2Fuploads%2F2026%2F09%2Felektroncso-5S2D.jpg%22+alt%3D%22elektroncs%C5%91+5S2D%22+width%3D%22600%22+height%3D%22800%22+%2F%3E%3C%2Fp%3E%0D%0A%3Cp+style%3D%22text-align%3A+left%3B%22%3E%3Cspan+style%3D%22font-size%3A+12pt%3B%22%3EA+m%C3%BAlt+h%C3%A9ten+Attila+bar%C3%A1tommal+tartottunk+egy+kis+bemutat%C3%B3t+az+%3Ca+href%3D%22https%3A%2F%2Fhu.wikipedia.org%2Fwiki%2FElektroncs%25C5%2591%22+target%3D%22_blank%22+rel%3D%22noopener%22%3E%3Cspan+style%3D%22color%3A+%23ff6600%3B%22%3Eelektroncs%C5%91%3C%2Fspan%3E%3C%2Fa%3E+gy%C5%B1jtem%C3%A9ny%C3%BCnkb%C5%91l+a+Long+audioblog+f%C5%91+%22F%C3%BCleinek%22%2C+amir%C5%91l+Zsolt+m%C3%A1r+meg+is+osztotta+a+saj%C3%A1t+gondolatait.+A+sze%C3%A1nsz+sor%C3%A1n+hat%C3%A1roztuk+el%2C+hogy+hi%C3%A1nyp%C3%B3tl%C3%B3+lenne%2C+ez%C3%A9rt+elind%C3%ADtunk+egy+cikksorozatot%2C+ahol+technikai+%C3%A9s+m%C3%A1rkat%C3%B6rt%C3%A9neti+ismeretek+mellett%2C+szubjekt%C3%ADv+tapasztalatokat+%C3%A9s+tan%C3%A1csokat+is+szeretn%C3%A9nk+%C3%A1tadni+az+erre+nyitott+hobbit%C3%A1rsaknak.%3C%2Fspan%3E%3C%2Fp%3E%0D%0A%3Cp+style%3D%22text-align%3A+center%3B%22%3E%3Cimg+class%3D%22aligncenter+size-full+wp-image-13990%22+src%3D%22https%3A%2F%2Flongkft.hu%2Faudioblog%2Fwp-content%2Fuploads%2F2026%2F09%2Felektroncso-805_300B_12AU7.jpg%22+alt%3D%22elektroncs%C5%91+805_300B_12AU7%22+width%3D%22800%22+height%3D%22582%22+%2F%3E%3C%2Fp%3E%0D%0A%3Cp+style%3D%22text-align%3A+left%3B%22%3E%3Cspan+style%3D%22font-size%3A+12pt%3B%22%3EM%C3%A1r+10-11+%C3%A9ves+koromban+elkezdtem+rajongani+a+zenehallgat%C3%A1s%C3%A9rt+%C3%A9s+az+audio+berendez%C3%A9sek+ir%C3%A1nt%2C+de+a+komolyabb+%22csod%C3%A1k%22+ut%C3%A1n+csak+a+ny%C3%A1lam+csorgattam+a+katal%C3%B3gusokban%2C+illetve+-+k%C3%A9s%C5%91bb%2C+a+%2790-es+%C3%A9vekben+-+a+bemutat%C3%B3+termekben+%C3%A9s+ki%C3%A1ll%C3%ADt%C3%A1sokon.+Egy+hosszabb+kihagy%C3%A1s+ut%C3%A1n+%28csal%C3%A1d%2C+gyerekek%2C+stb.%29+k%C3%B6zel+egy+%C3%A9vtizede+kezdtem+bele+ism%C3%A9t+elmer%C3%BClni+ennek+a+sz%C3%A9p+hobbinak+a+rejtelmeiben.+Az+els%C5%91+h%C3%A1rom+%C3%A9vre+%C3%BAgy+tekintek+vissza%2C+mint+az+%C3%BAtkeres%C3%A9sem+folyamat%C3%A1ra%2C+amely+sor%C3%A1n+megfordult+n%C3%A1lam+j%C3%B3+p%C3%A1r+er%C5%91s%C3%ADt%C5%91+%28is%29.+Volt+k%C3%B6z%C3%B6tt%C3%BCk+%3Ca+href%3D%22https%3A%2F%2Flongkft.hu%2Faudioblog%2Fkategoria%2Fvintage%2F%22+target%3D%22_blank%22+rel%3D%22noopener%22%3E%3Cspan+style%3D%22color%3A+%23ff6600%3B%22%3Evintage%3C%2Fspan%3E%3C%2Fa%3E+darab+%28egy+megval%C3%B3sult+fiatalkori+%C3%A1lomk%C3%A9nt+%C3%A9ltem+meg%29%2C+%C3%A9s+%C3%BAjabb+gy%C3%A1rtm%C3%A1nyok+is%2C+k%C3%BCl%C3%B6nb%C3%B6z%C5%91+m%C3%A1rk%C3%A1kat+%C3%A9s+kateg%C3%B3ri%C3%A1kat+reprezent%C3%A1lva%2C+amiket+a+csal%C3%A1di+kassza+m%C3%A9g+elb%C3%ADrt.%3C%2Fspan%3E%3C%2Fp%3E%0D%0A%3Cp+style%3D%22text-align%3A+center%3B%22%3E%3Cimg+class%3D%22aligncenter+size-full+wp-image-13987%22+src%3D%22https%3A%2F%2Flongkft.hu%2Faudioblog%2Fwp-content%2Fuploads%2F2026%2F09%2Felektroncso-RCA_RedBase.jpg%22+alt%3D%22elektroncs%C5%91+RCA_RedBase%22+width%3D%22600%22+height%3D%22754%22+%2F%3E%3C%2Fp%3E%0D%0A%3Cp+style%3D%22text-align%3A+left%3B%22%3E%3Cspan+style%3D%22font-size%3A+12pt%3B%22%3EVolt%2C+hogy+%C3%BAgy+%C3%A9reztem%2C+feljebb+l%C3%A9pek%2C+volt%2C+hogy+ink%C3%A1bb+csak+oldalra.+Azt%C3%A1n+a+k%C3%ADv%C3%A1ncsis%C3%A1gom+v%C3%A9gett+vettem+egy+cs%C3%B6ves+integr%C3%A1lt+er%C5%91s%C3%ADt%C5%91t.+Ez+volt+az+a+fordul%C3%B3pont%2C+ami+teljesen+megv%C3%A1ltoztatta+azt%2C+amit+kor%C3%A1bban+a+m%C3%A9rn%C3%B6ki+gondolkod%C3%A1s%C3%BA+agyam+sugallt.+A+puszta+adatok+%28jel%2Fzaj+viszony%2C+teljes+harmonikus+torz%C3%ADt%C3%A1s%2C+stb.%29+%C3%A1ltal+vez%C3%A9relt+elk%C3%A9pzel%C3%A9seimet+fel%C3%BCl%C3%ADrta+a+f%C3%BClem+%C3%A9s+a+lelkem+%C3%A1ltal+%C3%A9rz%C3%A9kelt+zenehallgat%C3%A1s.+Ezzel+nem+szeretn%C3%A9k+belemenni+egy+tranzisztoros+kontra+cs%C3%B6ves+vit%C3%A1ba%2C+f%C5%91leg+%C3%BAgy%2C+hogy+mindegyik+technol%C3%B3gi%C3%A1nak+vannak+j%C3%B3l+%C3%A9s+rosszul+siker%C3%BClt+p%C3%A9ld%C3%A1i.+A+zenehallgat%C3%A1s+egy+szubjekt%C3%ADv+dolog%2C+%C3%A9s+mindenki+el+tudja+d%C3%B6nteni%2C+hogy+milyen+t%C3%ADpus%C3%BA+er%C5%91s%C3%ADt%C5%91t+favoriz%C3%A1l%2C+%C3%A9s+ehhez+sz%C3%ADve+joga+van.+Az+viszont+sz%C3%A1momra+egy%C3%A9rtelm%C5%B1%2C+hogy+nekem+a+%3Ca+href%3D%22https%3A%2F%2Flongkft.hu%2Faudioblog%2Ftag%2Fcsoves-keszulek%2F%22+target%3D%22_blank%22+rel%3D%22noopener%22%3E%3Cspan+style%3D%22color%3A+%23ff6600%3B%22%3Ecs%C3%B6ves+elektronik%C3%A1kkal%3C%2Fspan%3E%3C%2Fa%3E+zen%C3%A9t+hallgatni+j%C3%B3val+nagyobb+%C3%A9lvezeti+faktorral+j%C3%A1r.%3C%2Fspan%3E%3C%2Fp%3E%0D%0A%3Cp+style%3D%22text-align%3A+center%3B%22%3E%3Cimg+class%3D%22aligncenter+size-full+wp-image-13986%22+src%3D%22https%3A%2F%2Flongkft.hu%2Faudioblog%2Fwp-content%2Fuploads%2F2026%2F09%2Felektroncso-Bendix_5992.jpg%22+alt%3D%22elektroncs%C5%91+Bendix_5992%22+width%3D%22600%22+height%3D%22556%22+%2F%3E%3C%2Fp%3E%0D%0A%0D%0A%3Ch3+style%3D%22text-align%3A+left%3B%22%3E%3Cspan+style%3D%22font-size%3A+14pt%3B%22%3EEz+a+cikksorozat+is+els%C5%91sorban+azoknak+%C3%ADr%C3%B3dik%2C+akik+hasonl%C3%B3an+%C3%A9reznek%2C+de+m%C3%A9g+nem+%C3%A1st%C3%A1k+bele+magukat%2C+vagy+%C3%A9ppens%C3%A9ggel+elvesztek+az+elektroncs%C3%B6vek+tenger%C3%A9ben...%3C%2Fspan%3E%3C%2Fh3%3E%0D%0A%3Cp+style%3D%22text-align%3A+left%3B%22%3E%3Cspan+style%3D%22font-size%3A+12pt%3B%22%3EM%C3%A1r+az+els%C5%91+cs%C3%B6ves+er%C5%91s%C3%ADt%C5%91m+kapcs%C3%A1n+is+tal%C3%A1lkoztam+a+NOS+%28New+Old+Stock+-+vagyis%3A+k%C3%A9szleten+maradt+r%C3%A9gi+gy%C3%A1rt%C3%A1s%C3%BA%2C+de+%C3%BAj+%C3%A1llapot%C3%BA+term%C3%A9k%29+kifejez%C3%A9ssel.+Bevallom%2C+%C3%A9n+nem+hittem+benne%2C+%C3%A9s+ink%C3%A1bb+%C3%BAj%2C+de+magasabb+kateg%C3%B3ri%C3%A1s+cs%C3%B6vekre+cser%C3%A9ltem+a+gy%C3%A1rilag+mell%C3%A9kelt+cs%C5%91k%C3%A9szletet.+M%C3%A1r+ez+is+komoly+v%C3%A1ltoz%C3%A1st+okozott%2C+%C3%A9s+term%C3%A9szetesen+a+j%C3%B3+ir%C3%A1nyban.+Csup%C3%A1n+k%C3%A9t+%C3%A9s+f%C3%A9l+%C3%A9ve+sz%C3%A1ntam+r%C3%A1+magam+-+egy+pr%C3%B3ba+kedv%C3%A9%C3%A9rt+-+az+els%C5%91+NOS+cs%C5%91p%C3%A1rra%2C+%C3%A9s+azonnal+olyan+meglepet%C3%A9st+okozott%2C+hogy+elkezdtem+bele%C3%A1sni+magam+a+t%C3%A9m%C3%A1ba.+Mit+tesz+az+ember+ilyenkor%3F+Megk%C3%A9rdez+m%C3%A1sokat%2C+megn%C3%A9zi+az+erre+szakosodott+f%C3%B3rumokat%2C+%28%C3%BAjabban%29+r%C3%A1k%C3%A9rdez+valamelyik+AI-motorn%C3%A1l+%28ChatGPT%2C+Gemini%2C+stb.%29.+Igen+%C3%A1m%2C+de+mindenki+m%C3%A1st+mond+p%C3%A9ld%C3%A1ul+arra+a+k%C3%A9rd%C3%A9sre%2C+hogy+melyik+a+legjobb+t%C3%ADz+az+adott+t%C3%ADpuson+bel%C3%BCl.+%C3%89s+kinek+van+igaza%3F+K%C3%B6z%C3%B6s+metszetet+lehet+tal%C3%A1lni%2C+de+egyforma+sorrend+nincs.+Van+egy%C3%A1ltal%C3%A1n+sorrend%3F%3F%3C%2Fspan%3E%3C%2Fp%3E%0D%0A%3Cp+style%3D%22text-align%3A+center%3B%22%3E%3Cimg+class%3D%22aligncenter+size-full+wp-image-13988%22+src%3D%22https%3A%2F%2Flongkft.hu%2Faudioblog%2Fwp-content%2Fuploads%2F2026%2F09%2FKEN_RAD_VT231_01.jpg%22+alt%3D%22%22+width%3D%22600%22+height%3D%22643%22+%2F%3E%3C%2Fp%3E%0D%0A%3Cp+style%3D%22text-align%3A+left%3B%22%3E%3Cspan+style%3D%22font-size%3A+12pt%3B%22%3EAki+szerint+van+egy+preferencia+lista%2C+az+vajon+meghallgatta+az+%C3%B6sszeset%3F+Ezek+a+k%C3%A9rd%C3%A9sek+%28%C3%A9s+a+maximalizmussal+megf%C5%B1szerezett+k%C3%ADv%C3%A1ncsis%C3%A1gom%29+miatt+d%C3%B6nt%C3%B6ttem+el+azt%2C+hogy+meghallgatom+magam+az+%C3%B6sszes+beszerezhet%C5%91+%28%C3%A9s+m%C3%A9g+megfizethet%C5%91%29+gy%C3%A1rtm%C3%A1nyt+az+egyes+t%C3%ADpusokb%C3%B3l%2C+%C3%A9s+megv%C3%A1laszolom+magamnak+a+k%C3%A9rd%C3%A9st.+%C3%8Dgy+jutottam+el+addig%2C+hogy+az+Octal+foglalatos+%3Ca+href%3D%22https%3A%2F%2Fen.wikipedia.org%2Fwiki%2F6SN7%22+target%3D%22_blank%22+rel%3D%22noopener%22%3E%3Cspan+style%3D%22color%3A+%23ff6600%3B%22%3E6SN7%3C%2Fspan%3E%3C%2Fa%3E+cs%C5%91t%C3%ADpusb%C3%B3l%2C+annak+lehets%C3%A9ges+alternat%C3%ADv%C3%A1ib%C3%B3l+%28pl.%3A+ECC33%2C+ECC40%2C+7N7%2C+stb.%29+%C3%A9s+a+miniat%C5%B1r+Noval+foglalatos+12AU7+dupla+tri%C3%B3d%C3%A1kb%C3%B3l+t%C3%B6bb%2C+mint+150+k%C3%BCl%C3%B6nb%C3%B6z%C5%91+gy%C3%A1rtm%C3%A1nyt+siker%C3%BClt+meghallgatnom.+Mik%C3%B6zben+figyeltem+a+hangjukra%2C+megismertem+j%C3%B3+p%C3%A1r+t%C3%B6rv%C3%A9nyszer%C5%B1s%C3%A9get%2C+a+beazonos%C3%ADt%C3%A1sukhoz+sz%C3%BCks%C3%A9ges+inform%C3%A1ci%C3%B3kat+%28p%C3%A9ld%C3%A1ul+a+gy%C3%A1ri+k%C3%B3drendszereket%29%2C+%C3%A9s+az+egym%C3%A1shoz+k%C3%A9pest+viszony%C3%ADtott+elt%C3%A9r%C3%A9seket+a+hangkarakter%C3%BCkben.+Ezt+az+ismeretet+szeretn%C3%A9nk+majd+%C3%A1tadni+ebben+a+cikksorozatban.+Term%C3%A9szetesen+nem+az+%C3%B6sszes+t%C3%ADpusr%C3%B3l+tudunk+%C3%ADrni%2C+de+a+tervek+-+t%C3%B6bbek+k%C3%B6z%C3%B6tt+-+ezekr%C5%91l+sz%C3%B3lnak%3A+6SN7%2C+6SL7%2C+12AU7%2C+6V6%2C+300B%2C+805.+Az+Attila+fogja+az+%C3%A1ltalam+haszn%C3%A1lt+cs%C3%B6vek+list%C3%A1j%C3%A1t+kieg%C3%A9sz%C3%ADteni+olyanokkal%2C+mint+EL34%2C+KT88%2C+12AT7%2C+12AX7%2C+stb.+Szeretn%C3%A9nk+majd+belecsemp%C3%A9szni+olyan+inform%C3%A1ci%C3%B3kat+is%2C+mint+a+cs%C3%B6vek+m%C3%A9r%C3%A9se%2C+mire+%C3%A9rdemes+figyelni+v%C3%A1s%C3%A1rl%C3%A1skor%2C+mekkora+%C3%A9s+milyen+gy%C5%B1jtem%C3%A9nyt+%C3%A9rdemes+%C3%A9p%C3%ADteni+a+biztons%C3%A1gos+%C3%A9s+hossz%C3%BA+t%C3%A1vra+tervezett+zenehallgat%C3%A1shoz.%3C%2Fspan%3E%3C%2Fp%3E%0D%0A%3Cp+style%3D%22text-align%3A+center%3B%22%3E%3Cimg+class%3D%22aligncenter+size-full+wp-image-13989%22+src%3D%22https%3A%2F%2Flongkft.hu%2Faudioblog%2Fwp-content%2Fuploads%2F2026%2F09%2FSYL_6SN7A_measurement.jpg%22+alt%3D%22SYL_6SN7A_measurement%22+width%3D%22600%22+height%3D%22450%22+%2F%3E%3C%2Fp%3E%0D%0A%0D%0A%3Ch3+style%3D%22text-align%3A+left%3B%22%3E%3Cspan+style%3D%22font-size%3A+14pt%3B%22%3EEzt+a+bevezet%C5%91+cikket+egy+olyan+10+pontba+szedett+tan%C3%A1cs+gy%C5%B1jtem%C3%A9nnyel+szeretn%C3%A9m+z%C3%A1rni%2C+amit+m%C3%A1r+egy+k%C3%BClf%C3%B6ldi+f%C3%B3rumon+publik%C3%A1ltam%2C+de+%C3%ADgy+a+hazai+olvas%C3%B3khoz+is+eljuthat.+A+terveim+szerint+m%C3%A9g+vissza+fogunk+t%C3%A9rni+ezekre+a+t%C3%A9mak%C3%B6r%C3%B6kre+b%C5%91vebb+form%C3%A1ban.+Most%2C+csak+%C3%ADgy+nagy+vonalakban%3A%3C%2Fspan%3E%3C%2Fh3%3E%0D%0A%3Col%3E%0D%0A+%09%3Cli%3E%3Cspan+style%3D%22font-size%3A+12pt%3B%22%3E%C2%A0Az+elektroncs%C5%91-csereber%C3%A9l%C3%A9s+%28a+szakzsargonban+tube+rolling%29+nagyon+j%C3%B3+sz%C3%B3rakoz%C3%A1s%2C+%C3%A9s+az+audiof%C3%ADli%C3%A1ban+t%C3%B6rt%C3%A9n%C5%91+utaz%C3%A1s+egyik+koron%C3%A1ja.%3C%2Fspan%3E%3C%2Fli%3E%0D%0A+%09%3Cli%3E%3Cspan+style%3D%22font-size%3A+12pt%3B%22%3ENincs+olyan%2C+hogy+LEGJOBB+cs%C5%91%21+Ellenben+nagyon+sok+olyan+kiv%C3%A1l%C3%B3+cs%C5%91+l%C3%A9tezik%2C+amelyeknek+a+megfelel%C5%91+kombin%C3%A1ci%C3%B3j%C3%A1val+el+lehet+%C3%A9rni+azt+a+szinergi%C3%A1t+egy+adott+l%C3%A1ncban+%28rendszerben%29%2C+ami+az+%C3%A9lvezetes+zenehallgat%C3%A1shoz+sz%C3%BCks%C3%A9ges.%3C%2Fspan%3E%3C%2Fli%3E%0D%0A+%09%3Cli%3E%3Cspan+style%3D%22font-size%3A+12pt%3B%22%3EA+legt%C3%B6bb+er%C5%91s%C3%ADt%C5%91+a+gy%C3%A1ri+cs%C3%B6vekkel+nem+tudja+megmutatni+a+maximum%C3%A1t.+Ennek+az+az+oka%2C+hogy+az+%C3%A1lland%C3%B3+min%C5%91s%C3%A9g+el%C3%A9r%C3%A9s%C3%A9hez+nagy+mennyis%C3%A9g%C5%B1+egyforma+cs%C5%91re+van+sz%C3%BCks%C3%A9g%2C+de+ezt+a+gy%C3%A1rt%C3%B3k+csak+az+%C3%BAj+%28%C3%A9s+sajnos%2C+sokszor+a+legolcs%C3%B3bb%29+gy%C3%A1rt%C3%A1s%C3%BA+cs%C3%B6vekkel+tudj%C3%A1k+lebiztos%C3%ADtani.+Szerencs%C3%A9re%2C+a+legt%C3%B6bb+er%C5%91s%C3%ADt%C5%91+j%C3%B3l+reag%C3%A1l+a+cs%C3%B6vek+kicser%C3%A9l%C3%A9s%C3%A9re+%28m%C3%A1rmint+a+megengedett+cs%C5%91t%C3%ADpusokon+bel%C3%BCl%21%29%2C+%C3%A9s+sokszor+egy+magasabb+kateg%C3%B3ri%C3%A1s+hang+el%C3%A9r%C3%A9se+is+lehets%C3%A9ges.%3C%2Fspan%3E%3C%2Fli%3E%0D%0A+%09%3Cli%3E%3Cspan+style%3D%22font-size%3A+12pt%3B%22%3EA+cs%C3%B6vekkel+finomhangolni+lehet+egy+rendszer+hangj%C3%A1t+an%C3%A9lk%C3%BCl%2C+hogy+a+f%C5%91+komponenseket+cser%C3%A9ln%C3%A9nk.+Az+adott+l%C3%A1ncban+a+k%C3%ADv%C3%A1nt+szinergia+el%C3%A9r%C3%A9se+a+c%C3%A9l%2C+amit+a+felhaszn%C3%A1lt+cs%C3%B6vek+%C3%B6sszess%C3%A9ge%2C+a+forr%C3%A1sok%2C+az+er%C5%91s%C3%ADt%C5%91%28k%29%2C+a+k%C3%A1belez%C3%A9s%2C+a+hallgatott+zenei+st%C3%ADlus%2C+%C3%A9s+a+hallgat%C3%B3+szem%C3%A9lyes+%C3%ADzl%C3%A9se+egy%C3%BCttesen+hat%C3%A1roz+meg.%3C%2Fspan%3E%3C%2Fli%3E%0D%0A+%09%3Cli%3E%3Cspan+style%3D%22font-size%3A+12pt%3B%22%3EAz+el%C5%91fok+cs%C3%B6vekn%C3%A9l+a+NOS+cs%C3%B6vek+egyszer%C5%B1en+jobbak%2C+mint+az+%C3%BAj+gy%C3%A1rt%C3%A1s%C3%BA+t%C3%A1rsaik.+A+legfrissebb+fejleszt%C3%A9sek+%C3%ADg%C3%A9retesek%2C+de+m%C3%A9g+nem+%C3%A9rnek+fel+a+%2740-es%2F%2750-es+%C3%A9vekben+gy%C3%A1rtott+cs%C3%B6vek+hangmin%C5%91s%C3%A9g%C3%A9hez.+A+v%C3%A9gfok+cs%C3%B6vekn%C3%A9l+m%C3%A1r+%C3%A1rnyaltabb+a+k%C3%A9p.+Azokn%C3%A1l+sokszor+m%C3%A1r+nem+is+%C3%A9rdemes+NOS+verzi%C3%B3ban+gondolkozni.%3C%2Fspan%3E%3C%2Fli%3E%0D%0A+%09%3Cli%3E%3Cspan+style%3D%22font-size%3A+12pt%3B%22%3E%C3%89szrevehet%C5%91+p%C3%A1r+tulajdons%C3%A1g%2C+ami+szinte+mindig+garancia+a+jobb+hangra+%28p%C3%A9ld%C3%A1ul%3A+fekete+an%C3%B3dlemez%2C+f%C3%B3li%C3%A1s+vagy+sz%C3%B6gletes+getter%2C+h%C3%A1romszoros+csill%C3%A1mlemez%2C+stb.%29.+Term%C3%A9szetesen+nincs+aranyszab%C3%A1ly+r%C3%A1%2C+%C3%A9s+mindig+vannak+kiv%C3%A9telek%2C+de+jellemz%C5%91+ez+a+t%C3%B6rv%C3%A9nyszer%C5%B1s%C3%A9g.%3C%2Fspan%3E%3C%2Fli%3E%0D%0A+%09%3Cli%3E%3Cspan+style%3D%22font-size%3A+12pt%3B%22%3EA+cs%C5%91+m%C3%A9r%C3%A9si+adatait+a+hely%C3%A9n+kell+kezelni.+Nem+mindegy%2C+hogy+ki+m%C3%A9ri+%C3%A9s+milyen+m%C3%A9r%C5%91m%C5%B1szeren.+A+hangja+nem+a+m%C3%A9rt+eredm%C3%A9nyekt%C5%91l+f%C3%BCgg%21+Term%C3%A9szetesen%2C+egy+az+%C3%A9lettartama+v%C3%A9g%C3%A9n+j%C3%A1r%C3%B3+elektroncs%C5%91+m%C3%A1r+fedett%2C+halkabb%2C+stb.+lehet.+De+a+80%25-os+%C3%A9rt%C3%A9k%C5%B1+cs%C5%91+nem+sz%C3%B3l+m%C3%A1sk%C3%A9nt%2C+mint+a+95%25-os.+Abb%C3%B3l+a+szempontb%C3%B3l+probl%C3%A9m%C3%A1s+csak%2C+hogy+a+v%C3%A1rhat%C3%B3+%C3%A9lettartama+r%C3%B6videbb.%3C%2Fspan%3E%3C%2Fli%3E%0D%0A+%09%3Cli%3E%3Cspan+style%3D%22font-size%3A+12pt%3B%22%3EAz+elektroncs%C5%91+cserebere+nem+ugyanaz%2C+mint+a+%28ritka%29+cs%C3%B6vek+gy%C5%B1jt%C3%A9se%2C+ami+egy+m%C3%A1sik+%28%C3%A9s+nagyon+k%C3%B6lts%C3%A9ges%29+hobbi%21+%F0%9F%99%82%3C%2Fspan%3E%3C%2Fli%3E%0D%0A+%09%3Cli%3E%3Cspan+style%3D%22font-size%3A+12pt%3B%22%3EAmi+sz%C3%A1momra+m%C5%B1k%C3%B6dik+%28%C3%A9rtsd%3A+j%C3%B3l+sz%C3%B3l%29%2C+az+nem+garant%C3%A1lt%2C+hogy+m%C3%A1sn%C3%A1l+is+%C3%BAgy+fog.+Nem+vagyunk+egyform%C3%A1k%2C+%C3%A9s+ez+egy+szubjekt%C3%ADv+hobbi.+Mindenkinek+saj%C3%A1t+mag%C3%A1nak+kell+megtal%C3%A1lnia%2C+hogy+mi+az+%C3%A1ltala+keresett+hang.+De+az+is+igaz%2C+hogy+ha+a+nagy+t%C3%B6bbs%C3%A9g+kiki%C3%A1lt+valamit+%22Szent+Gr%C3%A1lnak%22%2C+akkor+az+val%C3%B3sz%C3%ADn%C5%B1leg+nem+sz%C3%B3l+majd+rosszul+%F0%9F%99%82%3C%2Fspan%3E%3C%2Fli%3E%0D%0A+%09%3Cli%3E%3Cspan+style%3D%22font-size%3A+12pt%3B%22%3EHa+valaki+sok%C3%A1ig+szeretn%C3%A9+az+aktu%C3%A1lis+er%C5%91s%C3%ADt%C5%91j%C3%A9t+hallgatni%2C+akkor+%C3%A9rdemes+2-3+tartal%C3%A9kot+felhalmozni+a+haszn%C3%A1lt+elektroncs%C5%91-t%C3%ADpusokb%C3%B3l.+Eleve+vannak+olyan+cs%C3%B6vek%2C+amikb%C5%91l+m%C3%A1r+nem+is+gy%C3%A1rtanak+%C3%BAjat%2C+%C3%A9s+a+r%C3%A9gi+k%C3%A9szletek+is+rohamosan+fogynak.+Az+%C3%A1rak+emelked%C3%A9s%C3%A9t+n%C3%A9zve%2C+ak%C3%A1r+befektet%C3%A9sk%C3%A9nt+is+felfoghat%C3%B3+p%C3%A1r+tartal%C3%A9k+a+fi%C3%B3kban...%3C%2Fspan%3E%3C%2Fli%3E%0D%0A%3C%2Fol%3E%0D%0A%3Ch3+style%3D%22text-align%3A+center%3B%22%3E%3Cimg+class%3D%22aligncenter+size-full+wp-image-13991%22+src%3D%22https%3A%2F%2Flongkft.hu%2Faudioblog%2Fwp-content%2Fuploads%2F2026%2F09%2FMullard_Porn.jpg%22+alt%3D%22elektroncs%C5%91+mullaed%22+width%3D%22800%22+height%3D%22600%22+%2F%3E%3C%2Fh3%3E%0D%0A%3Ch3+style%3D%22text-align%3A+left%3B%22%3E%3Cspan+style%3D%22font-size%3A+14pt%3B%22%3EEnnyit+sz%C3%A1ntam+bevezet%C3%A9snek%2C+%C3%A9s+a+folytat%C3%A1sban+a+%3Ca+href%3D%22https%3A%2F%2Faudiolife.blog.hu%2F2016%2F12%2F01%2Fa_nagy_6sn7_csoportteszt%22+target%3D%22_blank%22+rel%3D%22noopener%22%3E%3Cspan+style%3D%22color%3A+%23ff6600%3B%22%3E6SN7%3C%2Fspan%3E%3C%2Fa%3E+elektroncs%C5%91+bemutat%C3%A1s%C3%A1val+jelentkezem.%3C%2Fspan%3E%3C%2Fh3%3E%0D%0A%3Cp+style%3D%22text-align%3A+left%3B%22%3E%3Cspan+style%3D%22font-size%3A+12pt%3B%22%3EK%C3%B6sz%C3%B6n%C3%B6m+sz%C3%A9pen%2C+hogy+elolvastad%21%3C%2Fspan%3E%3C%2Fp%3E%0D%0A%3Cp+style%3D%22text-align%3A+left%3B%22%3E%3Cspan+style%3D%22font-size%3A+12pt%3B%22%3E%C3%9Cdv.%2C%3C%2Fspan%3E%0D%0A%3Cspan+style%3D%22font-size%3A+12pt%3B%22%3ESzabolcs%3C%2Fspan%3E%3C%2Fp%3E&amp;source=Longaudio\"><\/a><a target=\"_blank\" class=\"gplusz\" title=\"\" rel=\"external\" href=\"https:\/\/plusone.google.com\/_\/+1\/confirm?url=https:\/\/longkft.hu\/audioblog\/elektroncso-regen-meg-a-vakuum-is-jobb-volt-1-resz\/\"><\/a><a target=\"_blank\" rel=\"nofollow\" class=\"email\" href=\"mailto:?subject=Longaudio - R\u00e9gen m\u00e9g a v\u00e1kuum is jobb volt &#8211; 1. r\u00e9sz&amp;body=Kedves Bar\u00e1tom! Most olvastam a(z) R\u00e9gen m\u00e9g a v\u00e1kuum is jobb volt &#8211; 1. r\u00e9sz  c\u00edm\u0171 cikket a(z) Longaudio  oldalon. Hivatkoz\u00e1s:  https:\/\/longkft.hu\/audioblog\/elektroncso-regen-meg-a-vakuum-is-jobb-volt-1-resz\/\" title=\"\"><\/a><a class=\"nyomtatas\" title=\"\" href=\"http:\/\/www.printfriendly.com\" onclick=\"window.print();return false;\"><\/a>","protected":false},"excerpt":{"rendered":"<p>Kedves hobbit\u00e1rsak! Mindenki ismeri azt a szelekt\u00edv eml\u00e9kezeten alapul\u00f3 nosztalgikus kifejez\u00e9st, hogy &#8222;r\u00e9gen minden jobb volt&#8221;. Annak ellen\u00e9re, hogy \u00e9n&#8230;<\/p>\n<span>Megosztom:<\/span><br><a target=\"_blank\" class=\"facebook\" title=\"\" rel=\"external\" href=\"https:\/\/www.facebook.com\/share.php?u=https:\/\/longkft.hu\/audioblog\/elektroncso-regen-meg-a-vakuum-is-jobb-volt-1-resz\/&title=R\u00e9gen m\u00e9g a v\u00e1kuum is jobb volt &#8211; 1. r\u00e9sz\"><\/a><a target=\"_blank\" class=\"linkedin\" title=\"\" rel=\"external\" href=\"http:\/\/www.linkedin.com\/shareArticle?mini=true&amp;url=https%3A%2F%2Flongkft.hu%2Faudioblog%2Felektroncso-regen-meg-a-vakuum-is-jobb-volt-1-resz%2F&amp;title=R%C3%A9gen+m%C3%A9g+a+v%C3%A1kuum+is+jobb+volt+%26%238211%3B+1.+r%C3%A9sz&amp;summary=%3Cp+style%3D%22text-align%3A+left%3B%22%3E%3Cspan+style%3D%22font-size%3A+12pt%3B%22%3EKedves+hobbit%C3%A1rsak%21%3C%2Fspan%3E%3C%2Fp%3E%0D%0A%3Cp+style%3D%22text-align%3A+left%3B%22%3E%3Cspan+style%3D%22font-size%3A+12pt%3B%22%3EMindenki+ismeri+azt+a+szelekt%C3%ADv+eml%C3%A9kezeten+alapul%C3%B3+nosztalgikus+kifejez%C3%A9st%2C+hogy+%22r%C3%A9gen+minden+jobb+volt%22.+Annak+ellen%C3%A9re%2C+hogy+%C3%A9n+nem+szeretem+ezt+a+szlogent+haszn%C3%A1lni%2C+az+elektroncs%C3%B6vekkel+kapcsolatos+cikksorozat+c%C3%ADm%C3%A9nek+m%C3%A9gis+ezt+v%C3%A1lasztottuk%2C+mert+a+v%C3%A1kuum+ugyan+nem+lehetett+jobb%2C+de+a+r%C3%A9gi+elektroncs%C3%B6vek+bizony+a+legt%C3%B6bb+esetben+jobban+zen%C3%A9lnek%2C+mint+az+%C3%BAj+gy%C3%A1rt%C3%A1s%C3%BA+lesz%C3%A1rmazottjaik.%3C%2Fspan%3E%3C%2Fp%3E%0D%0A%3Cp+style%3D%22text-align%3A+center%3B%22%3E%3Cimg+class%3D%22aligncenter+size-full+wp-image-13992%22+src%3D%22https%3A%2F%2Flongkft.hu%2Faudioblog%2Fwp-content%2Fuploads%2F2026%2F09%2Felektroncso-5S2D.jpg%22+alt%3D%22elektroncs%C5%91+5S2D%22+width%3D%22600%22+height%3D%22800%22+%2F%3E%3C%2Fp%3E%0D%0A%3Cp+style%3D%22text-align%3A+left%3B%22%3E%3Cspan+style%3D%22font-size%3A+12pt%3B%22%3EA+m%C3%BAlt+h%C3%A9ten+Attila+bar%C3%A1tommal+tartottunk+egy+kis+bemutat%C3%B3t+az+%3Ca+href%3D%22https%3A%2F%2Fhu.wikipedia.org%2Fwiki%2FElektroncs%25C5%2591%22+target%3D%22_blank%22+rel%3D%22noopener%22%3E%3Cspan+style%3D%22color%3A+%23ff6600%3B%22%3Eelektroncs%C5%91%3C%2Fspan%3E%3C%2Fa%3E+gy%C5%B1jtem%C3%A9ny%C3%BCnkb%C5%91l+a+Long+audioblog+f%C5%91+%22F%C3%BCleinek%22%2C+amir%C5%91l+Zsolt+m%C3%A1r+meg+is+osztotta+a+saj%C3%A1t+gondolatait.+A+sze%C3%A1nsz+sor%C3%A1n+hat%C3%A1roztuk+el%2C+hogy+hi%C3%A1nyp%C3%B3tl%C3%B3+lenne%2C+ez%C3%A9rt+elind%C3%ADtunk+egy+cikksorozatot%2C+ahol+technikai+%C3%A9s+m%C3%A1rkat%C3%B6rt%C3%A9neti+ismeretek+mellett%2C+szubjekt%C3%ADv+tapasztalatokat+%C3%A9s+tan%C3%A1csokat+is+szeretn%C3%A9nk+%C3%A1tadni+az+erre+nyitott+hobbit%C3%A1rsaknak.%3C%2Fspan%3E%3C%2Fp%3E%0D%0A%3Cp+style%3D%22text-align%3A+center%3B%22%3E%3Cimg+class%3D%22aligncenter+size-full+wp-image-13990%22+src%3D%22https%3A%2F%2Flongkft.hu%2Faudioblog%2Fwp-content%2Fuploads%2F2026%2F09%2Felektroncso-805_300B_12AU7.jpg%22+alt%3D%22elektroncs%C5%91+805_300B_12AU7%22+width%3D%22800%22+height%3D%22582%22+%2F%3E%3C%2Fp%3E%0D%0A%3Cp+style%3D%22text-align%3A+left%3B%22%3E%3Cspan+style%3D%22font-size%3A+12pt%3B%22%3EM%C3%A1r+10-11+%C3%A9ves+koromban+elkezdtem+rajongani+a+zenehallgat%C3%A1s%C3%A9rt+%C3%A9s+az+audio+berendez%C3%A9sek+ir%C3%A1nt%2C+de+a+komolyabb+%22csod%C3%A1k%22+ut%C3%A1n+csak+a+ny%C3%A1lam+csorgattam+a+katal%C3%B3gusokban%2C+illetve+-+k%C3%A9s%C5%91bb%2C+a+%2790-es+%C3%A9vekben+-+a+bemutat%C3%B3+termekben+%C3%A9s+ki%C3%A1ll%C3%ADt%C3%A1sokon.+Egy+hosszabb+kihagy%C3%A1s+ut%C3%A1n+%28csal%C3%A1d%2C+gyerekek%2C+stb.%29+k%C3%B6zel+egy+%C3%A9vtizede+kezdtem+bele+ism%C3%A9t+elmer%C3%BClni+ennek+a+sz%C3%A9p+hobbinak+a+rejtelmeiben.+Az+els%C5%91+h%C3%A1rom+%C3%A9vre+%C3%BAgy+tekintek+vissza%2C+mint+az+%C3%BAtkeres%C3%A9sem+folyamat%C3%A1ra%2C+amely+sor%C3%A1n+megfordult+n%C3%A1lam+j%C3%B3+p%C3%A1r+er%C5%91s%C3%ADt%C5%91+%28is%29.+Volt+k%C3%B6z%C3%B6tt%C3%BCk+%3Ca+href%3D%22https%3A%2F%2Flongkft.hu%2Faudioblog%2Fkategoria%2Fvintage%2F%22+target%3D%22_blank%22+rel%3D%22noopener%22%3E%3Cspan+style%3D%22color%3A+%23ff6600%3B%22%3Evintage%3C%2Fspan%3E%3C%2Fa%3E+darab+%28egy+megval%C3%B3sult+fiatalkori+%C3%A1lomk%C3%A9nt+%C3%A9ltem+meg%29%2C+%C3%A9s+%C3%BAjabb+gy%C3%A1rtm%C3%A1nyok+is%2C+k%C3%BCl%C3%B6nb%C3%B6z%C5%91+m%C3%A1rk%C3%A1kat+%C3%A9s+kateg%C3%B3ri%C3%A1kat+reprezent%C3%A1lva%2C+amiket+a+csal%C3%A1di+kassza+m%C3%A9g+elb%C3%ADrt.%3C%2Fspan%3E%3C%2Fp%3E%0D%0A%3Cp+style%3D%22text-align%3A+center%3B%22%3E%3Cimg+class%3D%22aligncenter+size-full+wp-image-13987%22+src%3D%22https%3A%2F%2Flongkft.hu%2Faudioblog%2Fwp-content%2Fuploads%2F2026%2F09%2Felektroncso-RCA_RedBase.jpg%22+alt%3D%22elektroncs%C5%91+RCA_RedBase%22+width%3D%22600%22+height%3D%22754%22+%2F%3E%3C%2Fp%3E%0D%0A%3Cp+style%3D%22text-align%3A+left%3B%22%3E%3Cspan+style%3D%22font-size%3A+12pt%3B%22%3EVolt%2C+hogy+%C3%BAgy+%C3%A9reztem%2C+feljebb+l%C3%A9pek%2C+volt%2C+hogy+ink%C3%A1bb+csak+oldalra.+Azt%C3%A1n+a+k%C3%ADv%C3%A1ncsis%C3%A1gom+v%C3%A9gett+vettem+egy+cs%C3%B6ves+integr%C3%A1lt+er%C5%91s%C3%ADt%C5%91t.+Ez+volt+az+a+fordul%C3%B3pont%2C+ami+teljesen+megv%C3%A1ltoztatta+azt%2C+amit+kor%C3%A1bban+a+m%C3%A9rn%C3%B6ki+gondolkod%C3%A1s%C3%BA+agyam+sugallt.+A+puszta+adatok+%28jel%2Fzaj+viszony%2C+teljes+harmonikus+torz%C3%ADt%C3%A1s%2C+stb.%29+%C3%A1ltal+vez%C3%A9relt+elk%C3%A9pzel%C3%A9seimet+fel%C3%BCl%C3%ADrta+a+f%C3%BClem+%C3%A9s+a+lelkem+%C3%A1ltal+%C3%A9rz%C3%A9kelt+zenehallgat%C3%A1s.+Ezzel+nem+szeretn%C3%A9k+belemenni+egy+tranzisztoros+kontra+cs%C3%B6ves+vit%C3%A1ba%2C+f%C5%91leg+%C3%BAgy%2C+hogy+mindegyik+technol%C3%B3gi%C3%A1nak+vannak+j%C3%B3l+%C3%A9s+rosszul+siker%C3%BClt+p%C3%A9ld%C3%A1i.+A+zenehallgat%C3%A1s+egy+szubjekt%C3%ADv+dolog%2C+%C3%A9s+mindenki+el+tudja+d%C3%B6nteni%2C+hogy+milyen+t%C3%ADpus%C3%BA+er%C5%91s%C3%ADt%C5%91t+favoriz%C3%A1l%2C+%C3%A9s+ehhez+sz%C3%ADve+joga+van.+Az+viszont+sz%C3%A1momra+egy%C3%A9rtelm%C5%B1%2C+hogy+nekem+a+%3Ca+href%3D%22https%3A%2F%2Flongkft.hu%2Faudioblog%2Ftag%2Fcsoves-keszulek%2F%22+target%3D%22_blank%22+rel%3D%22noopener%22%3E%3Cspan+style%3D%22color%3A+%23ff6600%3B%22%3Ecs%C3%B6ves+elektronik%C3%A1kkal%3C%2Fspan%3E%3C%2Fa%3E+zen%C3%A9t+hallgatni+j%C3%B3val+nagyobb+%C3%A9lvezeti+faktorral+j%C3%A1r.%3C%2Fspan%3E%3C%2Fp%3E%0D%0A%3Cp+style%3D%22text-align%3A+center%3B%22%3E%3Cimg+class%3D%22aligncenter+size-full+wp-image-13986%22+src%3D%22https%3A%2F%2Flongkft.hu%2Faudioblog%2Fwp-content%2Fuploads%2F2026%2F09%2Felektroncso-Bendix_5992.jpg%22+alt%3D%22elektroncs%C5%91+Bendix_5992%22+width%3D%22600%22+height%3D%22556%22+%2F%3E%3C%2Fp%3E%0D%0A%0D%0A%3Ch3+style%3D%22text-align%3A+left%3B%22%3E%3Cspan+style%3D%22font-size%3A+14pt%3B%22%3EEz+a+cikksorozat+is+els%C5%91sorban+azoknak+%C3%ADr%C3%B3dik%2C+akik+hasonl%C3%B3an+%C3%A9reznek%2C+de+m%C3%A9g+nem+%C3%A1st%C3%A1k+bele+magukat%2C+vagy+%C3%A9ppens%C3%A9ggel+elvesztek+az+elektroncs%C3%B6vek+tenger%C3%A9ben...%3C%2Fspan%3E%3C%2Fh3%3E%0D%0A%3Cp+style%3D%22text-align%3A+left%3B%22%3E%3Cspan+style%3D%22font-size%3A+12pt%3B%22%3EM%C3%A1r+az+els%C5%91+cs%C3%B6ves+er%C5%91s%C3%ADt%C5%91m+kapcs%C3%A1n+is+tal%C3%A1lkoztam+a+NOS+%28New+Old+Stock+-+vagyis%3A+k%C3%A9szleten+maradt+r%C3%A9gi+gy%C3%A1rt%C3%A1s%C3%BA%2C+de+%C3%BAj+%C3%A1llapot%C3%BA+term%C3%A9k%29+kifejez%C3%A9ssel.+Bevallom%2C+%C3%A9n+nem+hittem+benne%2C+%C3%A9s+ink%C3%A1bb+%C3%BAj%2C+de+magasabb+kateg%C3%B3ri%C3%A1s+cs%C3%B6vekre+cser%C3%A9ltem+a+gy%C3%A1rilag+mell%C3%A9kelt+cs%C5%91k%C3%A9szletet.+M%C3%A1r+ez+is+komoly+v%C3%A1ltoz%C3%A1st+okozott%2C+%C3%A9s+term%C3%A9szetesen+a+j%C3%B3+ir%C3%A1nyban.+Csup%C3%A1n+k%C3%A9t+%C3%A9s+f%C3%A9l+%C3%A9ve+sz%C3%A1ntam+r%C3%A1+magam+-+egy+pr%C3%B3ba+kedv%C3%A9%C3%A9rt+-+az+els%C5%91+NOS+cs%C5%91p%C3%A1rra%2C+%C3%A9s+azonnal+olyan+meglepet%C3%A9st+okozott%2C+hogy+elkezdtem+bele%C3%A1sni+magam+a+t%C3%A9m%C3%A1ba.+Mit+tesz+az+ember+ilyenkor%3F+Megk%C3%A9rdez+m%C3%A1sokat%2C+megn%C3%A9zi+az+erre+szakosodott+f%C3%B3rumokat%2C+%28%C3%BAjabban%29+r%C3%A1k%C3%A9rdez+valamelyik+AI-motorn%C3%A1l+%28ChatGPT%2C+Gemini%2C+stb.%29.+Igen+%C3%A1m%2C+de+mindenki+m%C3%A1st+mond+p%C3%A9ld%C3%A1ul+arra+a+k%C3%A9rd%C3%A9sre%2C+hogy+melyik+a+legjobb+t%C3%ADz+az+adott+t%C3%ADpuson+bel%C3%BCl.+%C3%89s+kinek+van+igaza%3F+K%C3%B6z%C3%B6s+metszetet+lehet+tal%C3%A1lni%2C+de+egyforma+sorrend+nincs.+Van+egy%C3%A1ltal%C3%A1n+sorrend%3F%3F%3C%2Fspan%3E%3C%2Fp%3E%0D%0A%3Cp+style%3D%22text-align%3A+center%3B%22%3E%3Cimg+class%3D%22aligncenter+size-full+wp-image-13988%22+src%3D%22https%3A%2F%2Flongkft.hu%2Faudioblog%2Fwp-content%2Fuploads%2F2026%2F09%2FKEN_RAD_VT231_01.jpg%22+alt%3D%22%22+width%3D%22600%22+height%3D%22643%22+%2F%3E%3C%2Fp%3E%0D%0A%3Cp+style%3D%22text-align%3A+left%3B%22%3E%3Cspan+style%3D%22font-size%3A+12pt%3B%22%3EAki+szerint+van+egy+preferencia+lista%2C+az+vajon+meghallgatta+az+%C3%B6sszeset%3F+Ezek+a+k%C3%A9rd%C3%A9sek+%28%C3%A9s+a+maximalizmussal+megf%C5%B1szerezett+k%C3%ADv%C3%A1ncsis%C3%A1gom%29+miatt+d%C3%B6nt%C3%B6ttem+el+azt%2C+hogy+meghallgatom+magam+az+%C3%B6sszes+beszerezhet%C5%91+%28%C3%A9s+m%C3%A9g+megfizethet%C5%91%29+gy%C3%A1rtm%C3%A1nyt+az+egyes+t%C3%ADpusokb%C3%B3l%2C+%C3%A9s+megv%C3%A1laszolom+magamnak+a+k%C3%A9rd%C3%A9st.+%C3%8Dgy+jutottam+el+addig%2C+hogy+az+Octal+foglalatos+%3Ca+href%3D%22https%3A%2F%2Fen.wikipedia.org%2Fwiki%2F6SN7%22+target%3D%22_blank%22+rel%3D%22noopener%22%3E%3Cspan+style%3D%22color%3A+%23ff6600%3B%22%3E6SN7%3C%2Fspan%3E%3C%2Fa%3E+cs%C5%91t%C3%ADpusb%C3%B3l%2C+annak+lehets%C3%A9ges+alternat%C3%ADv%C3%A1ib%C3%B3l+%28pl.%3A+ECC33%2C+ECC40%2C+7N7%2C+stb.%29+%C3%A9s+a+miniat%C5%B1r+Noval+foglalatos+12AU7+dupla+tri%C3%B3d%C3%A1kb%C3%B3l+t%C3%B6bb%2C+mint+150+k%C3%BCl%C3%B6nb%C3%B6z%C5%91+gy%C3%A1rtm%C3%A1nyt+siker%C3%BClt+meghallgatnom.+Mik%C3%B6zben+figyeltem+a+hangjukra%2C+megismertem+j%C3%B3+p%C3%A1r+t%C3%B6rv%C3%A9nyszer%C5%B1s%C3%A9get%2C+a+beazonos%C3%ADt%C3%A1sukhoz+sz%C3%BCks%C3%A9ges+inform%C3%A1ci%C3%B3kat+%28p%C3%A9ld%C3%A1ul+a+gy%C3%A1ri+k%C3%B3drendszereket%29%2C+%C3%A9s+az+egym%C3%A1shoz+k%C3%A9pest+viszony%C3%ADtott+elt%C3%A9r%C3%A9seket+a+hangkarakter%C3%BCkben.+Ezt+az+ismeretet+szeretn%C3%A9nk+majd+%C3%A1tadni+ebben+a+cikksorozatban.+Term%C3%A9szetesen+nem+az+%C3%B6sszes+t%C3%ADpusr%C3%B3l+tudunk+%C3%ADrni%2C+de+a+tervek+-+t%C3%B6bbek+k%C3%B6z%C3%B6tt+-+ezekr%C5%91l+sz%C3%B3lnak%3A+6SN7%2C+6SL7%2C+12AU7%2C+6V6%2C+300B%2C+805.+Az+Attila+fogja+az+%C3%A1ltalam+haszn%C3%A1lt+cs%C3%B6vek+list%C3%A1j%C3%A1t+kieg%C3%A9sz%C3%ADteni+olyanokkal%2C+mint+EL34%2C+KT88%2C+12AT7%2C+12AX7%2C+stb.+Szeretn%C3%A9nk+majd+belecsemp%C3%A9szni+olyan+inform%C3%A1ci%C3%B3kat+is%2C+mint+a+cs%C3%B6vek+m%C3%A9r%C3%A9se%2C+mire+%C3%A9rdemes+figyelni+v%C3%A1s%C3%A1rl%C3%A1skor%2C+mekkora+%C3%A9s+milyen+gy%C5%B1jtem%C3%A9nyt+%C3%A9rdemes+%C3%A9p%C3%ADteni+a+biztons%C3%A1gos+%C3%A9s+hossz%C3%BA+t%C3%A1vra+tervezett+zenehallgat%C3%A1shoz.%3C%2Fspan%3E%3C%2Fp%3E%0D%0A%3Cp+style%3D%22text-align%3A+center%3B%22%3E%3Cimg+class%3D%22aligncenter+size-full+wp-image-13989%22+src%3D%22https%3A%2F%2Flongkft.hu%2Faudioblog%2Fwp-content%2Fuploads%2F2026%2F09%2FSYL_6SN7A_measurement.jpg%22+alt%3D%22SYL_6SN7A_measurement%22+width%3D%22600%22+height%3D%22450%22+%2F%3E%3C%2Fp%3E%0D%0A%0D%0A%3Ch3+style%3D%22text-align%3A+left%3B%22%3E%3Cspan+style%3D%22font-size%3A+14pt%3B%22%3EEzt+a+bevezet%C5%91+cikket+egy+olyan+10+pontba+szedett+tan%C3%A1cs+gy%C5%B1jtem%C3%A9nnyel+szeretn%C3%A9m+z%C3%A1rni%2C+amit+m%C3%A1r+egy+k%C3%BClf%C3%B6ldi+f%C3%B3rumon+publik%C3%A1ltam%2C+de+%C3%ADgy+a+hazai+olvas%C3%B3khoz+is+eljuthat.+A+terveim+szerint+m%C3%A9g+vissza+fogunk+t%C3%A9rni+ezekre+a+t%C3%A9mak%C3%B6r%C3%B6kre+b%C5%91vebb+form%C3%A1ban.+Most%2C+csak+%C3%ADgy+nagy+vonalakban%3A%3C%2Fspan%3E%3C%2Fh3%3E%0D%0A%3Col%3E%0D%0A+%09%3Cli%3E%3Cspan+style%3D%22font-size%3A+12pt%3B%22%3E%C2%A0Az+elektroncs%C5%91-csereber%C3%A9l%C3%A9s+%28a+szakzsargonban+tube+rolling%29+nagyon+j%C3%B3+sz%C3%B3rakoz%C3%A1s%2C+%C3%A9s+az+audiof%C3%ADli%C3%A1ban+t%C3%B6rt%C3%A9n%C5%91+utaz%C3%A1s+egyik+koron%C3%A1ja.%3C%2Fspan%3E%3C%2Fli%3E%0D%0A+%09%3Cli%3E%3Cspan+style%3D%22font-size%3A+12pt%3B%22%3ENincs+olyan%2C+hogy+LEGJOBB+cs%C5%91%21+Ellenben+nagyon+sok+olyan+kiv%C3%A1l%C3%B3+cs%C5%91+l%C3%A9tezik%2C+amelyeknek+a+megfelel%C5%91+kombin%C3%A1ci%C3%B3j%C3%A1val+el+lehet+%C3%A9rni+azt+a+szinergi%C3%A1t+egy+adott+l%C3%A1ncban+%28rendszerben%29%2C+ami+az+%C3%A9lvezetes+zenehallgat%C3%A1shoz+sz%C3%BCks%C3%A9ges.%3C%2Fspan%3E%3C%2Fli%3E%0D%0A+%09%3Cli%3E%3Cspan+style%3D%22font-size%3A+12pt%3B%22%3EA+legt%C3%B6bb+er%C5%91s%C3%ADt%C5%91+a+gy%C3%A1ri+cs%C3%B6vekkel+nem+tudja+megmutatni+a+maximum%C3%A1t.+Ennek+az+az+oka%2C+hogy+az+%C3%A1lland%C3%B3+min%C5%91s%C3%A9g+el%C3%A9r%C3%A9s%C3%A9hez+nagy+mennyis%C3%A9g%C5%B1+egyforma+cs%C5%91re+van+sz%C3%BCks%C3%A9g%2C+de+ezt+a+gy%C3%A1rt%C3%B3k+csak+az+%C3%BAj+%28%C3%A9s+sajnos%2C+sokszor+a+legolcs%C3%B3bb%29+gy%C3%A1rt%C3%A1s%C3%BA+cs%C3%B6vekkel+tudj%C3%A1k+lebiztos%C3%ADtani.+Szerencs%C3%A9re%2C+a+legt%C3%B6bb+er%C5%91s%C3%ADt%C5%91+j%C3%B3l+reag%C3%A1l+a+cs%C3%B6vek+kicser%C3%A9l%C3%A9s%C3%A9re+%28m%C3%A1rmint+a+megengedett+cs%C5%91t%C3%ADpusokon+bel%C3%BCl%21%29%2C+%C3%A9s+sokszor+egy+magasabb+kateg%C3%B3ri%C3%A1s+hang+el%C3%A9r%C3%A9se+is+lehets%C3%A9ges.%3C%2Fspan%3E%3C%2Fli%3E%0D%0A+%09%3Cli%3E%3Cspan+style%3D%22font-size%3A+12pt%3B%22%3EA+cs%C3%B6vekkel+finomhangolni+lehet+egy+rendszer+hangj%C3%A1t+an%C3%A9lk%C3%BCl%2C+hogy+a+f%C5%91+komponenseket+cser%C3%A9ln%C3%A9nk.+Az+adott+l%C3%A1ncban+a+k%C3%ADv%C3%A1nt+szinergia+el%C3%A9r%C3%A9se+a+c%C3%A9l%2C+amit+a+felhaszn%C3%A1lt+cs%C3%B6vek+%C3%B6sszess%C3%A9ge%2C+a+forr%C3%A1sok%2C+az+er%C5%91s%C3%ADt%C5%91%28k%29%2C+a+k%C3%A1belez%C3%A9s%2C+a+hallgatott+zenei+st%C3%ADlus%2C+%C3%A9s+a+hallgat%C3%B3+szem%C3%A9lyes+%C3%ADzl%C3%A9se+egy%C3%BCttesen+hat%C3%A1roz+meg.%3C%2Fspan%3E%3C%2Fli%3E%0D%0A+%09%3Cli%3E%3Cspan+style%3D%22font-size%3A+12pt%3B%22%3EAz+el%C5%91fok+cs%C3%B6vekn%C3%A9l+a+NOS+cs%C3%B6vek+egyszer%C5%B1en+jobbak%2C+mint+az+%C3%BAj+gy%C3%A1rt%C3%A1s%C3%BA+t%C3%A1rsaik.+A+legfrissebb+fejleszt%C3%A9sek+%C3%ADg%C3%A9retesek%2C+de+m%C3%A9g+nem+%C3%A9rnek+fel+a+%2740-es%2F%2750-es+%C3%A9vekben+gy%C3%A1rtott+cs%C3%B6vek+hangmin%C5%91s%C3%A9g%C3%A9hez.+A+v%C3%A9gfok+cs%C3%B6vekn%C3%A9l+m%C3%A1r+%C3%A1rnyaltabb+a+k%C3%A9p.+Azokn%C3%A1l+sokszor+m%C3%A1r+nem+is+%C3%A9rdemes+NOS+verzi%C3%B3ban+gondolkozni.%3C%2Fspan%3E%3C%2Fli%3E%0D%0A+%09%3Cli%3E%3Cspan+style%3D%22font-size%3A+12pt%3B%22%3E%C3%89szrevehet%C5%91+p%C3%A1r+tulajdons%C3%A1g%2C+ami+szinte+mindig+garancia+a+jobb+hangra+%28p%C3%A9ld%C3%A1ul%3A+fekete+an%C3%B3dlemez%2C+f%C3%B3li%C3%A1s+vagy+sz%C3%B6gletes+getter%2C+h%C3%A1romszoros+csill%C3%A1mlemez%2C+stb.%29.+Term%C3%A9szetesen+nincs+aranyszab%C3%A1ly+r%C3%A1%2C+%C3%A9s+mindig+vannak+kiv%C3%A9telek%2C+de+jellemz%C5%91+ez+a+t%C3%B6rv%C3%A9nyszer%C5%B1s%C3%A9g.%3C%2Fspan%3E%3C%2Fli%3E%0D%0A+%09%3Cli%3E%3Cspan+style%3D%22font-size%3A+12pt%3B%22%3EA+cs%C5%91+m%C3%A9r%C3%A9si+adatait+a+hely%C3%A9n+kell+kezelni.+Nem+mindegy%2C+hogy+ki+m%C3%A9ri+%C3%A9s+milyen+m%C3%A9r%C5%91m%C5%B1szeren.+A+hangja+nem+a+m%C3%A9rt+eredm%C3%A9nyekt%C5%91l+f%C3%BCgg%21+Term%C3%A9szetesen%2C+egy+az+%C3%A9lettartama+v%C3%A9g%C3%A9n+j%C3%A1r%C3%B3+elektroncs%C5%91+m%C3%A1r+fedett%2C+halkabb%2C+stb.+lehet.+De+a+80%25-os+%C3%A9rt%C3%A9k%C5%B1+cs%C5%91+nem+sz%C3%B3l+m%C3%A1sk%C3%A9nt%2C+mint+a+95%25-os.+Abb%C3%B3l+a+szempontb%C3%B3l+probl%C3%A9m%C3%A1s+csak%2C+hogy+a+v%C3%A1rhat%C3%B3+%C3%A9lettartama+r%C3%B6videbb.%3C%2Fspan%3E%3C%2Fli%3E%0D%0A+%09%3Cli%3E%3Cspan+style%3D%22font-size%3A+12pt%3B%22%3EAz+elektroncs%C5%91+cserebere+nem+ugyanaz%2C+mint+a+%28ritka%29+cs%C3%B6vek+gy%C5%B1jt%C3%A9se%2C+ami+egy+m%C3%A1sik+%28%C3%A9s+nagyon+k%C3%B6lts%C3%A9ges%29+hobbi%21+%F0%9F%99%82%3C%2Fspan%3E%3C%2Fli%3E%0D%0A+%09%3Cli%3E%3Cspan+style%3D%22font-size%3A+12pt%3B%22%3EAmi+sz%C3%A1momra+m%C5%B1k%C3%B6dik+%28%C3%A9rtsd%3A+j%C3%B3l+sz%C3%B3l%29%2C+az+nem+garant%C3%A1lt%2C+hogy+m%C3%A1sn%C3%A1l+is+%C3%BAgy+fog.+Nem+vagyunk+egyform%C3%A1k%2C+%C3%A9s+ez+egy+szubjekt%C3%ADv+hobbi.+Mindenkinek+saj%C3%A1t+mag%C3%A1nak+kell+megtal%C3%A1lnia%2C+hogy+mi+az+%C3%A1ltala+keresett+hang.+De+az+is+igaz%2C+hogy+ha+a+nagy+t%C3%B6bbs%C3%A9g+kiki%C3%A1lt+valamit+%22Szent+Gr%C3%A1lnak%22%2C+akkor+az+val%C3%B3sz%C3%ADn%C5%B1leg+nem+sz%C3%B3l+majd+rosszul+%F0%9F%99%82%3C%2Fspan%3E%3C%2Fli%3E%0D%0A+%09%3Cli%3E%3Cspan+style%3D%22font-size%3A+12pt%3B%22%3EHa+valaki+sok%C3%A1ig+szeretn%C3%A9+az+aktu%C3%A1lis+er%C5%91s%C3%ADt%C5%91j%C3%A9t+hallgatni%2C+akkor+%C3%A9rdemes+2-3+tartal%C3%A9kot+felhalmozni+a+haszn%C3%A1lt+elektroncs%C5%91-t%C3%ADpusokb%C3%B3l.+Eleve+vannak+olyan+cs%C3%B6vek%2C+amikb%C5%91l+m%C3%A1r+nem+is+gy%C3%A1rtanak+%C3%BAjat%2C+%C3%A9s+a+r%C3%A9gi+k%C3%A9szletek+is+rohamosan+fogynak.+Az+%C3%A1rak+emelked%C3%A9s%C3%A9t+n%C3%A9zve%2C+ak%C3%A1r+befektet%C3%A9sk%C3%A9nt+is+felfoghat%C3%B3+p%C3%A1r+tartal%C3%A9k+a+fi%C3%B3kban...%3C%2Fspan%3E%3C%2Fli%3E%0D%0A%3C%2Fol%3E%0D%0A%3Ch3+style%3D%22text-align%3A+center%3B%22%3E%3Cimg+class%3D%22aligncenter+size-full+wp-image-13991%22+src%3D%22https%3A%2F%2Flongkft.hu%2Faudioblog%2Fwp-content%2Fuploads%2F2026%2F09%2FMullard_Porn.jpg%22+alt%3D%22elektroncs%C5%91+mullaed%22+width%3D%22800%22+height%3D%22600%22+%2F%3E%3C%2Fh3%3E%0D%0A%3Ch3+style%3D%22text-align%3A+left%3B%22%3E%3Cspan+style%3D%22font-size%3A+14pt%3B%22%3EEnnyit+sz%C3%A1ntam+bevezet%C3%A9snek%2C+%C3%A9s+a+folytat%C3%A1sban+a+%3Ca+href%3D%22https%3A%2F%2Faudiolife.blog.hu%2F2016%2F12%2F01%2Fa_nagy_6sn7_csoportteszt%22+target%3D%22_blank%22+rel%3D%22noopener%22%3E%3Cspan+style%3D%22color%3A+%23ff6600%3B%22%3E6SN7%3C%2Fspan%3E%3C%2Fa%3E+elektroncs%C5%91+bemutat%C3%A1s%C3%A1val+jelentkezem.%3C%2Fspan%3E%3C%2Fh3%3E%0D%0A%3Cp+style%3D%22text-align%3A+left%3B%22%3E%3Cspan+style%3D%22font-size%3A+12pt%3B%22%3EK%C3%B6sz%C3%B6n%C3%B6m+sz%C3%A9pen%2C+hogy+elolvastad%21%3C%2Fspan%3E%3C%2Fp%3E%0D%0A%3Cp+style%3D%22text-align%3A+left%3B%22%3E%3Cspan+style%3D%22font-size%3A+12pt%3B%22%3E%C3%9Cdv.%2C%3C%2Fspan%3E%0D%0A%3Cspan+style%3D%22font-size%3A+12pt%3B%22%3ESzabolcs%3C%2Fspan%3E%3C%2Fp%3E&amp;source=Longaudio\"><\/a><a target=\"_blank\" class=\"gplusz\" title=\"\" rel=\"external\" href=\"https:\/\/plusone.google.com\/_\/+1\/confirm?url=https:\/\/longkft.hu\/audioblog\/elektroncso-regen-meg-a-vakuum-is-jobb-volt-1-resz\/\"><\/a><a target=\"_blank\" rel=\"nofollow\" class=\"email\" href=\"mailto:?subject=Longaudio - R\u00e9gen m\u00e9g a v\u00e1kuum is jobb volt &#8211; 1. r\u00e9sz&amp;body=Kedves Bar\u00e1tom! Most olvastam a(z) R\u00e9gen m\u00e9g a v\u00e1kuum is jobb volt &#8211; 1. r\u00e9sz  c\u00edm\u0171 cikket a(z) Longaudio  oldalon. Hivatkoz\u00e1s:  https:\/\/longkft.hu\/audioblog\/elektroncso-regen-meg-a-vakuum-is-jobb-volt-1-resz\/\" title=\"\"><\/a><a class=\"nyomtatas\" title=\"\" href=\"http:\/\/www.printfriendly.com\" onclick=\"window.print();return false;\"><\/a>","protected":false},"author":2,"featured_media":13981,"comment_status":"open","ping_status":"closed","sticky":false,"template":"","format":"standard","meta":{"footnotes":""},"categories":[86,1,32,33],"tags":[171,178],"class_list":["post-13980","post","type-post","status-publish","format-standard","has-post-thumbnail","hentry","category-audio","category-egyeb","category-tuning","category-vintage","tag-csoves-keszulek","tag-elektroncso"],"yoast_head":"<!-- This site is optimized with the Yoast SEO plugin v28.4 - https:\/\/yoast.com\/product\/yoast-seo-wordpress\/ -->\n<title>R\u00e9gen m\u00e9g a v\u00e1kuum is jobb volt - 1. r\u00e9sz - Longaudio<\/title>\n<meta name=\"description\" content=\"Az elektroncs\u0151 nem csak a hangmin\u0151s\u00e9gr\u0151l, nem csak az \u00f6r\u00f6k csereber\u00e9l\u00e9sr\u0151l sz\u00f3l, hanem szerelem, \u00e9s sokaknak, gy\u0171jt\u0151szenved\u00e9ly.\" \/>\n<meta name=\"robots\" content=\"index, follow, max-snippet:-1, max-image-preview:large, max-video-preview:-1\" \/>\n<link rel=\"canonical\" href=\"https:\/\/longkft.hu\/audioblog\/elektroncso-regen-meg-a-vakuum-is-jobb-volt-1-resz\/\" \/>\n<meta property=\"og:locale\" content=\"hu_HU\" \/>\n<meta property=\"og:type\" content=\"article\" \/>\n<meta property=\"og:title\" content=\"R\u00e9gen m\u00e9g a v\u00e1kuum is jobb volt - 1. r\u00e9sz - Longaudio\" \/>\n<meta property=\"og:description\" content=\"Az elektroncs\u0151 nem csak a hangmin\u0151s\u00e9gr\u0151l, nem csak az \u00f6r\u00f6k csereber\u00e9l\u00e9sr\u0151l sz\u00f3l, hanem szerelem, \u00e9s sokaknak, gy\u0171jt\u0151szenved\u00e9ly.\" \/>\n<meta property=\"og:url\" content=\"https:\/\/longkft.hu\/audioblog\/elektroncso-regen-meg-a-vakuum-is-jobb-volt-1-resz\/\" \/>\n<meta property=\"og:site_name\" content=\"Longaudio\" \/>\n<meta property=\"article:publisher\" content=\"https:\/\/www.facebook.com\/longkft\" \/>\n<meta property=\"article:author\" content=\"https:\/\/www.facebook.com\/longkft\" \/>\n<meta property=\"article:published_time\" content=\"2026-09-03T16:07:18+00:00\" \/>\n<meta property=\"article:modified_time\" content=\"2026-09-03T16:11:27+00:00\" \/>\n<meta property=\"og:image\" content=\"https:\/\/longkft.hu\/audioblog\/wp-content\/uploads\/2026\/09\/elektroncso-nyito.jpg\" \/>\n\t<meta property=\"og:image:width\" content=\"1000\" \/>\n\t<meta property=\"og:image:height\" content=\"553\" \/>\n\t<meta property=\"og:image:type\" content=\"image\/jpeg\" \/>\n<meta name=\"author\" content=\"Long\" \/>\n<meta name=\"twitter:card\" content=\"summary_large_image\" \/>\n<meta name=\"twitter:label1\" content=\"Szerz\u0151:\" \/>\n\t<meta name=\"twitter:data1\" content=\"Long\" \/>\n\t<meta name=\"twitter:label2\" content=\"Becs\u00fclt olvas\u00e1si id\u0151\" \/>\n\t<meta name=\"twitter:data2\" content=\"8 perc\" \/>\n<script type=\"application\/ld+json\" class=\"yoast-schema-graph\">{\"@context\":\"https:\\\/\\\/schema.org\",\"@graph\":[{\"@type\":\"Article\",\"@id\":\"https:\\\/\\\/longkft.hu\\\/audioblog\\\/elektroncso-regen-meg-a-vakuum-is-jobb-volt-1-resz\\\/#article\",\"isPartOf\":{\"@id\":\"https:\\\/\\\/longkft.hu\\\/audioblog\\\/elektroncso-regen-meg-a-vakuum-is-jobb-volt-1-resz\\\/\"},\"author\":{\"name\":\"Long\",\"@id\":\"https:\\\/\\\/longkft.hu\\\/audioblog\\\/#\\\/schema\\\/person\\\/645cabad2d8e942354ed2caeef3aa9ea\"},\"headline\":\"R\u00e9gen m\u00e9g a v\u00e1kuum is jobb volt &#8211; 1. r\u00e9sz\",\"datePublished\":\"2026-09-03T16:07:18+00:00\",\"dateModified\":\"2026-09-03T16:11:27+00:00\",\"mainEntityOfPage\":{\"@id\":\"https:\\\/\\\/longkft.hu\\\/audioblog\\\/elektroncso-regen-meg-a-vakuum-is-jobb-volt-1-resz\\\/\"},\"wordCount\":1665,\"commentCount\":0,\"publisher\":{\"@id\":\"https:\\\/\\\/longkft.hu\\\/audioblog\\\/#\\\/schema\\\/person\\\/645cabad2d8e942354ed2caeef3aa9ea\"},\"image\":{\"@id\":\"https:\\\/\\\/longkft.hu\\\/audioblog\\\/elektroncso-regen-meg-a-vakuum-is-jobb-volt-1-resz\\\/#primaryimage\"},\"thumbnailUrl\":\"https:\\\/\\\/longkft.hu\\\/audioblog\\\/wp-content\\\/uploads\\\/2026\\\/09\\\/elektroncso-nyito.jpg\",\"keywords\":[\"Cs\u00f6ves k\u00e9sz\u00fcl\u00e9k\",\"Elektroncs\u0151\"],\"articleSection\":{\"0\":\"Audio\",\"2\":\"Tuning\",\"3\":\"Vintage\"},\"inLanguage\":\"hu\",\"potentialAction\":[{\"@type\":\"CommentAction\",\"name\":\"Comment\",\"target\":[\"https:\\\/\\\/longkft.hu\\\/audioblog\\\/elektroncso-regen-meg-a-vakuum-is-jobb-volt-1-resz\\\/#respond\"]}]},{\"@type\":\"WebPage\",\"@id\":\"https:\\\/\\\/longkft.hu\\\/audioblog\\\/elektroncso-regen-meg-a-vakuum-is-jobb-volt-1-resz\\\/\",\"url\":\"https:\\\/\\\/longkft.hu\\\/audioblog\\\/elektroncso-regen-meg-a-vakuum-is-jobb-volt-1-resz\\\/\",\"name\":\"R\u00e9gen m\u00e9g a v\u00e1kuum is jobb volt - 1. r\u00e9sz - Longaudio\",\"isPartOf\":{\"@id\":\"https:\\\/\\\/longkft.hu\\\/audioblog\\\/#website\"},\"primaryImageOfPage\":{\"@id\":\"https:\\\/\\\/longkft.hu\\\/audioblog\\\/elektroncso-regen-meg-a-vakuum-is-jobb-volt-1-resz\\\/#primaryimage\"},\"image\":{\"@id\":\"https:\\\/\\\/longkft.hu\\\/audioblog\\\/elektroncso-regen-meg-a-vakuum-is-jobb-volt-1-resz\\\/#primaryimage\"},\"thumbnailUrl\":\"https:\\\/\\\/longkft.hu\\\/audioblog\\\/wp-content\\\/uploads\\\/2026\\\/09\\\/elektroncso-nyito.jpg\",\"datePublished\":\"2026-09-03T16:07:18+00:00\",\"dateModified\":\"2026-09-03T16:11:27+00:00\",\"description\":\"Az elektroncs\u0151 nem csak a hangmin\u0151s\u00e9gr\u0151l, nem csak az \u00f6r\u00f6k csereber\u00e9l\u00e9sr\u0151l sz\u00f3l, hanem szerelem, \u00e9s sokaknak, gy\u0171jt\u0151szenved\u00e9ly.\",\"breadcrumb\":{\"@id\":\"https:\\\/\\\/longkft.hu\\\/audioblog\\\/elektroncso-regen-meg-a-vakuum-is-jobb-volt-1-resz\\\/#breadcrumb\"},\"inLanguage\":\"hu\",\"potentialAction\":[{\"@type\":\"ReadAction\",\"target\":[\"https:\\\/\\\/longkft.hu\\\/audioblog\\\/elektroncso-regen-meg-a-vakuum-is-jobb-volt-1-resz\\\/\"]}]},{\"@type\":\"ImageObject\",\"inLanguage\":\"hu\",\"@id\":\"https:\\\/\\\/longkft.hu\\\/audioblog\\\/elektroncso-regen-meg-a-vakuum-is-jobb-volt-1-resz\\\/#primaryimage\",\"url\":\"https:\\\/\\\/longkft.hu\\\/audioblog\\\/wp-content\\\/uploads\\\/2026\\\/09\\\/elektroncso-nyito.jpg\",\"contentUrl\":\"https:\\\/\\\/longkft.hu\\\/audioblog\\\/wp-content\\\/uploads\\\/2026\\\/09\\\/elektroncso-nyito.jpg\",\"width\":1000,\"height\":553,\"caption\":\"elektroncs\u0151 valvo\"},{\"@type\":\"BreadcrumbList\",\"@id\":\"https:\\\/\\\/longkft.hu\\\/audioblog\\\/elektroncso-regen-meg-a-vakuum-is-jobb-volt-1-resz\\\/#breadcrumb\",\"itemListElement\":[{\"@type\":\"ListItem\",\"position\":1,\"name\":\"Kezd\u0151oldal\",\"item\":\"https:\\\/\\\/longkft.hu\\\/audioblog\\\/\"},{\"@type\":\"ListItem\",\"position\":2,\"name\":\"R\u00e9gen m\u00e9g a v\u00e1kuum is jobb volt &#8211; 1. r\u00e9sz\"}]},{\"@type\":\"WebSite\",\"@id\":\"https:\\\/\\\/longkft.hu\\\/audioblog\\\/#website\",\"url\":\"https:\\\/\\\/longkft.hu\\\/audioblog\\\/\",\"name\":\"Longaudio\",\"description\":\"50 \u00e9v lemezgy\u0171jtem\u00e9nye \u00e9s audio k\u00e9sz\u00fcl\u00e9kei\",\"publisher\":{\"@id\":\"https:\\\/\\\/longkft.hu\\\/audioblog\\\/#\\\/schema\\\/person\\\/645cabad2d8e942354ed2caeef3aa9ea\"},\"potentialAction\":[{\"@type\":\"SearchAction\",\"target\":{\"@type\":\"EntryPoint\",\"urlTemplate\":\"https:\\\/\\\/longkft.hu\\\/audioblog\\\/?s={search_term_string}\"},\"query-input\":{\"@type\":\"PropertyValueSpecification\",\"valueRequired\":true,\"valueName\":\"search_term_string\"}}],\"inLanguage\":\"hu\"},{\"@type\":[\"Person\",\"Organization\"],\"@id\":\"https:\\\/\\\/longkft.hu\\\/audioblog\\\/#\\\/schema\\\/person\\\/645cabad2d8e942354ed2caeef3aa9ea\",\"name\":\"Long\",\"image\":{\"@type\":\"ImageObject\",\"inLanguage\":\"hu\",\"@id\":\"https:\\\/\\\/longkft.hu\\\/audioblog\\\/wp-content\\\/uploads\\\/2018\\\/01\\\/logo.jpg\",\"url\":\"https:\\\/\\\/longkft.hu\\\/audioblog\\\/wp-content\\\/uploads\\\/2018\\\/01\\\/logo.jpg\",\"contentUrl\":\"https:\\\/\\\/longkft.hu\\\/audioblog\\\/wp-content\\\/uploads\\\/2018\\\/01\\\/logo.jpg\",\"width\":240,\"height\":240,\"caption\":\"Long\"},\"logo\":{\"@id\":\"https:\\\/\\\/longkft.hu\\\/audioblog\\\/wp-content\\\/uploads\\\/2018\\\/01\\\/logo.jpg\"},\"sameAs\":[\"https:\\\/\\\/www.facebook.com\\\/longkft\",\"https:\\\/\\\/hu.pinterest.com\\\/farkas1051\\\/_saved\\\/\"],\"url\":\"https:\\\/\\\/longkft.hu\\\/audioblog\\\/author\\\/audioblogger\\\/\"}]}<\/script>\n<!-- \/ Yoast SEO plugin. -->","yoast_head_json":{"title":"R\u00e9gen m\u00e9g a v\u00e1kuum is jobb volt - 1. r\u00e9sz - Longaudio","description":"Az elektroncs\u0151 nem csak a hangmin\u0151s\u00e9gr\u0151l, nem csak az \u00f6r\u00f6k csereber\u00e9l\u00e9sr\u0151l sz\u00f3l, hanem szerelem, \u00e9s sokaknak, gy\u0171jt\u0151szenved\u00e9ly.","robots":{"index":"index","follow":"follow","max-snippet":"max-snippet:-1","max-image-preview":"max-image-preview:large","max-video-preview":"max-video-preview:-1"},"canonical":"https:\/\/longkft.hu\/audioblog\/elektroncso-regen-meg-a-vakuum-is-jobb-volt-1-resz\/","og_locale":"hu_HU","og_type":"article","og_title":"R\u00e9gen m\u00e9g a v\u00e1kuum is jobb volt - 1. r\u00e9sz - Longaudio","og_description":"Az elektroncs\u0151 nem csak a hangmin\u0151s\u00e9gr\u0151l, nem csak az \u00f6r\u00f6k csereber\u00e9l\u00e9sr\u0151l sz\u00f3l, hanem szerelem, \u00e9s sokaknak, gy\u0171jt\u0151szenved\u00e9ly.","og_url":"https:\/\/longkft.hu\/audioblog\/elektroncso-regen-meg-a-vakuum-is-jobb-volt-1-resz\/","og_site_name":"Longaudio","article_publisher":"https:\/\/www.facebook.com\/longkft","article_author":"https:\/\/www.facebook.com\/longkft","article_published_time":"2026-09-03T16:07:18+00:00","article_modified_time":"2026-09-03T16:11:27+00:00","og_image":[{"width":1000,"height":553,"url":"https:\/\/longkft.hu\/audioblog\/wp-content\/uploads\/2026\/09\/elektroncso-nyito.jpg","type":"image\/jpeg"}],"author":"Long","twitter_card":"summary_large_image","twitter_misc":{"Szerz\u0151:":"Long","Becs\u00fclt olvas\u00e1si id\u0151":"8 perc"},"schema":{"@context":"https:\/\/schema.org","@graph":[{"@type":"Article","@id":"https:\/\/longkft.hu\/audioblog\/elektroncso-regen-meg-a-vakuum-is-jobb-volt-1-resz\/#article","isPartOf":{"@id":"https:\/\/longkft.hu\/audioblog\/elektroncso-regen-meg-a-vakuum-is-jobb-volt-1-resz\/"},"author":{"name":"Long","@id":"https:\/\/longkft.hu\/audioblog\/#\/schema\/person\/645cabad2d8e942354ed2caeef3aa9ea"},"headline":"R\u00e9gen m\u00e9g a v\u00e1kuum is jobb volt &#8211; 1. r\u00e9sz","datePublished":"2026-09-03T16:07:18+00:00","dateModified":"2026-09-03T16:11:27+00:00","mainEntityOfPage":{"@id":"https:\/\/longkft.hu\/audioblog\/elektroncso-regen-meg-a-vakuum-is-jobb-volt-1-resz\/"},"wordCount":1665,"commentCount":0,"publisher":{"@id":"https:\/\/longkft.hu\/audioblog\/#\/schema\/person\/645cabad2d8e942354ed2caeef3aa9ea"},"image":{"@id":"https:\/\/longkft.hu\/audioblog\/elektroncso-regen-meg-a-vakuum-is-jobb-volt-1-resz\/#primaryimage"},"thumbnailUrl":"https:\/\/longkft.hu\/audioblog\/wp-content\/uploads\/2026\/09\/elektroncso-nyito.jpg","keywords":["Cs\u00f6ves k\u00e9sz\u00fcl\u00e9k","Elektroncs\u0151"],"articleSection":{"0":"Audio","2":"Tuning","3":"Vintage"},"inLanguage":"hu","potentialAction":[{"@type":"CommentAction","name":"Comment","target":["https:\/\/longkft.hu\/audioblog\/elektroncso-regen-meg-a-vakuum-is-jobb-volt-1-resz\/#respond"]}]},{"@type":"WebPage","@id":"https:\/\/longkft.hu\/audioblog\/elektroncso-regen-meg-a-vakuum-is-jobb-volt-1-resz\/","url":"https:\/\/longkft.hu\/audioblog\/elektroncso-regen-meg-a-vakuum-is-jobb-volt-1-resz\/","name":"R\u00e9gen m\u00e9g a v\u00e1kuum is jobb volt - 1. r\u00e9sz - Longaudio","isPartOf":{"@id":"https:\/\/longkft.hu\/audioblog\/#website"},"primaryImageOfPage":{"@id":"https:\/\/longkft.hu\/audioblog\/elektroncso-regen-meg-a-vakuum-is-jobb-volt-1-resz\/#primaryimage"},"image":{"@id":"https:\/\/longkft.hu\/audioblog\/elektroncso-regen-meg-a-vakuum-is-jobb-volt-1-resz\/#primaryimage"},"thumbnailUrl":"https:\/\/longkft.hu\/audioblog\/wp-content\/uploads\/2026\/09\/elektroncso-nyito.jpg","datePublished":"2026-09-03T16:07:18+00:00","dateModified":"2026-09-03T16:11:27+00:00","description":"Az elektroncs\u0151 nem csak a hangmin\u0151s\u00e9gr\u0151l, nem csak az \u00f6r\u00f6k csereber\u00e9l\u00e9sr\u0151l sz\u00f3l, hanem szerelem, \u00e9s sokaknak, gy\u0171jt\u0151szenved\u00e9ly.","breadcrumb":{"@id":"https:\/\/longkft.hu\/audioblog\/elektroncso-regen-meg-a-vakuum-is-jobb-volt-1-resz\/#breadcrumb"},"inLanguage":"hu","potentialAction":[{"@type":"ReadAction","target":["https:\/\/longkft.hu\/audioblog\/elektroncso-regen-meg-a-vakuum-is-jobb-volt-1-resz\/"]}]},{"@type":"ImageObject","inLanguage":"hu","@id":"https:\/\/longkft.hu\/audioblog\/elektroncso-regen-meg-a-vakuum-is-jobb-volt-1-resz\/#primaryimage","url":"https:\/\/longkft.hu\/audioblog\/wp-content\/uploads\/2026\/09\/elektroncso-nyito.jpg","contentUrl":"https:\/\/longkft.hu\/audioblog\/wp-content\/uploads\/2026\/09\/elektroncso-nyito.jpg","width":1000,"height":553,"caption":"elektroncs\u0151 valvo"},{"@type":"BreadcrumbList","@id":"https:\/\/longkft.hu\/audioblog\/elektroncso-regen-meg-a-vakuum-is-jobb-volt-1-resz\/#breadcrumb","itemListElement":[{"@type":"ListItem","position":1,"name":"Kezd\u0151oldal","item":"https:\/\/longkft.hu\/audioblog\/"},{"@type":"ListItem","position":2,"name":"R\u00e9gen m\u00e9g a v\u00e1kuum is jobb volt &#8211; 1. r\u00e9sz"}]},{"@type":"WebSite","@id":"https:\/\/longkft.hu\/audioblog\/#website","url":"https:\/\/longkft.hu\/audioblog\/","name":"Longaudio","description":"50 \u00e9v lemezgy\u0171jtem\u00e9nye \u00e9s audio k\u00e9sz\u00fcl\u00e9kei","publisher":{"@id":"https:\/\/longkft.hu\/audioblog\/#\/schema\/person\/645cabad2d8e942354ed2caeef3aa9ea"},"potentialAction":[{"@type":"SearchAction","target":{"@type":"EntryPoint","urlTemplate":"https:\/\/longkft.hu\/audioblog\/?s={search_term_string}"},"query-input":{"@type":"PropertyValueSpecification","valueRequired":true,"valueName":"search_term_string"}}],"inLanguage":"hu"},{"@type":["Person","Organization"],"@id":"https:\/\/longkft.hu\/audioblog\/#\/schema\/person\/645cabad2d8e942354ed2caeef3aa9ea","name":"Long","image":{"@type":"ImageObject","inLanguage":"hu","@id":"https:\/\/longkft.hu\/audioblog\/wp-content\/uploads\/2018\/01\/logo.jpg","url":"https:\/\/longkft.hu\/audioblog\/wp-content\/uploads\/2018\/01\/logo.jpg","contentUrl":"https:\/\/longkft.hu\/audioblog\/wp-content\/uploads\/2018\/01\/logo.jpg","width":240,"height":240,"caption":"Long"},"logo":{"@id":"https:\/\/longkft.hu\/audioblog\/wp-content\/uploads\/2018\/01\/logo.jpg"},"sameAs":["https:\/\/www.facebook.com\/longkft","https:\/\/hu.pinterest.com\/farkas1051\/_saved\/"],"url":"https:\/\/longkft.hu\/audioblog\/author\/audioblogger\/"}]}},"_links":{"self":[{"href":"https:\/\/longkft.hu\/audioblog\/wp-json\/wp\/v2\/posts\/13980","targetHints":{"allow":["GET"]}}],"collection":[{"href":"https:\/\/longkft.hu\/audioblog\/wp-json\/wp\/v2\/posts"}],"about":[{"href":"https:\/\/longkft.hu\/audioblog\/wp-json\/wp\/v2\/types\/post"}],"author":[{"embeddable":true,"href":"https:\/\/longkft.hu\/audioblog\/wp-json\/wp\/v2\/users\/2"}],"replies":[{"embeddable":true,"href":"https:\/\/longkft.hu\/audioblog\/wp-json\/wp\/v2\/comments?post=13980"}],"version-history":[{"count":4,"href":"https:\/\/longkft.hu\/audioblog\/wp-json\/wp\/v2\/posts\/13980\/revisions"}],"predecessor-version":[{"id":13994,"href":"https:\/\/longkft.hu\/audioblog\/wp-json\/wp\/v2\/posts\/13980\/revisions\/13994"}],"wp:featuredmedia":[{"embeddable":true,"href":"https:\/\/longkft.hu\/audioblog\/wp-json\/wp\/v2\/media\/13981"}],"wp:attachment":[{"href":"https:\/\/longkft.hu\/audioblog\/wp-json\/wp\/v2\/media?parent=13980"}],"wp:term":[{"taxonomy":"category","embeddable":true,"href":"https:\/\/longkft.hu\/audioblog\/wp-json\/wp\/v2\/categories?post=13980"},{"taxonomy":"post_tag","embeddable":true,"href":"https:\/\/longkft.hu\/audioblog\/wp-json\/wp\/v2\/tags?post=13980"}],"curies":[{"name":"wp","href":"https:\/\/api.w.org\/{rel}","templated":true}]}}