{"id":2745,"date":"2017-08-04T18:39:35","date_gmt":"2017-08-04T18:39:35","guid":{"rendered":"http:\/\/longkft.hu\/audioblog\/?p=2745"},"modified":"2022-05-26T19:57:15","modified_gmt":"2022-05-26T19:57:15","slug":"sbb-masodik-resz","status":"publish","type":"post","link":"https:\/\/longkft.hu\/audioblog\/sbb-masodik-resz\/","title":{"rendered":"SBB (m\u00e1sodik r\u00e9sz)"},"content":{"rendered":"<h3 style=\"text-align: justify;\"><span style=\"font-size: 14pt;\">SBB, alias Silesian Blues Band, alias Szukaj Burz Buduj, akias Search, Break up, Build, alias Keresd meg, Z\u00fazd sz\u00e9t, \u00c9p\u00edtsd fel<\/span><\/h3>\n<p style=\"text-align: justify;\"><span style=\"font-size: 12pt;\">Az els\u0151 album megjelen\u00e9se ut\u00e1n nagyon sok lengyel zen\u00e9sz az <span style=\"color: #ff6600;\"><a style=\"color: #ff6600;\" href=\"https:\/\/hu.wikipedia.org\/wiki\/SBB_(egy%C3%BCttes)\" target=\"_blank\" rel=\"noopener\">SBB<\/a><\/span>-t v\u00e1lasztotta albumai elk\u00e9sz\u00edt\u00e9s\u00e9hez, koncertjeik &#8222;h\u00e1tt\u00e9rzen\u00e9szeinek&#8221;. Felt\u00e9tlen\u00fcl ki kell, hogy emeljem k\u00f6z\u00fcl\u00fck Tomasz Sta\u0144ko jazz trombit\u00e1st. Sta\u0144ko kiv\u00e1l\u00f3 tehets\u00e9g\u0171, igazi k\u00eds\u00e9rletez\u0151 kedv\u0171 zen\u00e9sz, akinek tradicion\u00e1lis jazz \u00e9s jazz-rock k\u00f6z\u00f6tti csapong\u00e1sai, free jazz \u00e9s avantgarde albumai, performanszai egyar\u00e1nt maradand\u00f3 \u00e9rt\u00e9ket k\u00e9pviselnek. Egy\u00e9nis\u00e9g\u00e9re az ECM lemezkiad\u00f3 is felfigyelt \u00e9s n\u00e9gy lemezt is megjelentetett vele. Olyan nagys\u00e1gokkal zen\u00e9lt egy\u00fctt, mint Chico Freeman, Lester Bowie, Dave Holland&#8230; \u00e9s persze az SBB.\u00a0<\/span><span style=\"font-size: 12pt;\">A &#8222;Sikorki&#8221; c. albumot felt\u00e9tlen\u00fcl \u00e9rdemes meghallgatni, m\u00e1r csat Sta\u0144ko trombitaj\u00e1t\u00e9ka miatt is.<\/span><\/p>\n<p style=\"text-align: center;\"><span style=\"font-size: 12pt;\"><img loading=\"lazy\" decoding=\"async\" class=\"aligncenter wp-image-2747 size-full\" src=\"http:\/\/longkft.hu\/audioblog\/wp-content\/uploads\/2018\/02\/sbb_shikorki.jpg\" alt=\"sbb\" width=\"500\" height=\"447\" srcset=\"https:\/\/longkft.hu\/audioblog\/wp-content\/uploads\/2018\/02\/sbb_shikorki.jpg 500w, https:\/\/longkft.hu\/audioblog\/wp-content\/uploads\/2018\/02\/sbb_shikorki-300x268.jpg 300w, https:\/\/longkft.hu\/audioblog\/wp-content\/uploads\/2018\/02\/sbb_shikorki-200x179.jpg 200w, https:\/\/longkft.hu\/audioblog\/wp-content\/uploads\/2018\/02\/sbb_shikorki-400x358.jpg 400w\" sizes=\"auto, (max-width: 500px) 100vw, 500px\" \/><\/span><\/p>\n<p style=\"text-align: justify;\"><span style=\"font-size: 12pt;\">1977-ben megkezd\u0151d\u00f6tt a &#8222;nyugat&#8221; eg\u00e9szp\u00e1ly\u00e1s &#8222;let\u00e1mad\u00e1sa&#8221;. Kos G\u00f6ttingen producer k\u00e9t albumot is elk\u00e9sz\u00edttetett a Zenekarral, melyek kiz\u00e1r\u00f3lag a nyugati r\u00e9gi\u00f3ban jelentek meg (akkoriban): &#8222;Follow my Dream&#8221;, &#8222;Welcome&#8221;.<\/span><br \/>\n<span style=\"font-size: 12pt;\"> A Zenekar folyamatosan utazott \u00e9s koncertezett, id\u0151nk\u00e9nt m\u00e1r azt sem tudt\u00e1k \u00e9ppen melyik v\u00e1rosban, vagy melyik orsz\u00e1gban j\u00e1rnak. Az idegi, fizikai megterhel\u00e9s hat\u00e1s\u00e1ra el\u0151sz\u00f6r Anthimos f\u00e1radt el, akinek &#8222;kiseg\u00edt\u00e9s\u00e9re&#8221; S\u0142awomir Piwowar git\u00e1ros, billenty\u0171s jelent meg az egy\u00fcttesben.<\/span><\/p>\n<p style=\"text-align: center;\"><span style=\"font-size: 12pt;\"><img loading=\"lazy\" decoding=\"async\" class=\"aligncenter wp-image-2748\" src=\"http:\/\/longkft.hu\/audioblog\/wp-content\/uploads\/2018\/02\/S\u0142awomir-Piwowar.jpg\" alt=\"sbb\" width=\"500\" height=\"305\" srcset=\"https:\/\/longkft.hu\/audioblog\/wp-content\/uploads\/2018\/02\/S\u0142awomir-Piwowar.jpg 945w, https:\/\/longkft.hu\/audioblog\/wp-content\/uploads\/2018\/02\/S\u0142awomir-Piwowar-300x183.jpg 300w, https:\/\/longkft.hu\/audioblog\/wp-content\/uploads\/2018\/02\/S\u0142awomir-Piwowar-768x468.jpg 768w, https:\/\/longkft.hu\/audioblog\/wp-content\/uploads\/2018\/02\/S\u0142awomir-Piwowar-200x122.jpg 200w, https:\/\/longkft.hu\/audioblog\/wp-content\/uploads\/2018\/02\/S\u0142awomir-Piwowar-820x500.jpg 820w, https:\/\/longkft.hu\/audioblog\/wp-content\/uploads\/2018\/02\/S\u0142awomir-Piwowar-400x244.jpg 400w\" sizes=\"auto, (max-width: 500px) 100vw, 500px\" \/><\/span><\/p>\n<p style=\"text-align: justify;\"><span style=\"font-size: 12pt;\">Nem puszt\u00e1n &#8222;kiseg\u00edt\u0151&#8221; szerep jutott neki &#8211; k\u00e9tnyak\u00fa Gibson git\u00e1rj\u00e1val \u00faj sz\u00ednt, \u00faj lend\u00fcletet adott az Egy\u00fcttesnek. Szerencs\u00e9re egy 1979-es vars\u00f3i koncertet a kvartett\u00e9 b\u0151v\u00fclt SBB-r\u0151l teljes eg\u00e9sz\u00e9ben megjelentettek DVD-n \u00edgy az ut\u00f3kor is l\u00e1thatja, mire voltak k\u00e9pesek n\u00e9gyen. Amennyiben a kib\u0151v\u00edtett SBB-nek csak a zen\u00e9j\u00e9re vagyunk k\u00edv\u00e1ncsiak, \u00fagy felt\u00e9tlen\u00fcl meg kell hallgatnunk a &#8222;Memento z banalnym tryptykiem&#8221; c. albumot, ami nem csak egy korszak lez\u00e1r\u00e1sa, hanem az SBB els\u0151 korszak\u00e1nak legjobb, legkiforrottabb albuma &#8211; t\u00f6bb kritikus \u00e9s zenehallgat\u00f3 szerint eg\u00e9sz munk\u00e1ss\u00e1guk cs\u00facspontja.<\/span><\/p>\n<h3>Az SBB els\u0151 korszak\u00e1nak v\u00e9ge<\/h3>\n<p style=\"text-align: justify;\"><span style=\"font-size: 12pt;\">1980-ban az SBB megsz\u0171nt, azonban a tagok tov\u00e1bbzen\u00e9ltek, sorban jelentett\u00e9k meg albumaikat (f\u0151leg Skrzek), valamint h\u00e1tt\u00e9rzen\u00e9szk\u00e9nt k\u00eds\u00e9rtek m\u00e1sokat. A nyolcvanas \u00e9vek (\u00e9s a kilencvenes \u00e9vek eleje) \u00fagy telt el az SBB n\u00e9lk\u00fcl, hogy a k\u00f6ztudatban maxim\u00e1lisan megmaradtak. Sokan m\u00e1ig \u00fagy tudj\u00e1k, \u00fagy \u00e9rzik (\u00e9n is), hogy nem is volt egy teljes \u00e9vtizednyi sz\u00fcnet a Zenekar \u00e9let\u00e9ben.<\/span><\/p>\n<h3>Az SBB m\u00e1sodik korszaka<\/h3>\n<p style=\"text-align: justify;\"><span style=\"font-size: 12pt;\">1991. j\u00falius 3-\u00e1n a &#8222;Trzy Dekady Rocka&#8221; fesztiv\u00e1lon fell\u00e9pett ugyan az SBB, de ezt a tagok akkor m\u00e9g egyszeri \u00e9s megism\u00e9telhetetlen alkalomnak tekintett\u00e9k. 1993. j\u00falius 19-\u00e9n azonban Katowic\u00e9ben j\u00f3t\u00e9konys\u00e1gi koncertet rendeztek, melynek szt\u00e1rvend\u00e9ge az SBB volt, m\u00e9ghozz\u00e1 kvintett\u00e9 kieg\u00e9sz\u00fclve (Andrzeja Ruska basszus, Janusz Hryniewicz \u00e9nek, git\u00e1r). Az SBB arch\u00edvum\u00e1nak k\u00f6sz\u00f6nhet\u0151en a &#8222;Live 1993&#8221; c\u00edmmel megjelent CD-r\u0151l mi is meghallgathatjuk a koncertet. A kvintet &#8211; kiel\u00e9g\u00edtve a k\u00f6z\u00f6ns\u00e9gakaratot (is) &#8211; k\u00e9t \u00e9vig egy\u00fctt maradt \u00e9s folyamatosan koncertezett. A sajnos nagyon r\u00f6vid korszak z\u00e1r\u00f3akkordja a &#8217;94 m\u00e1jus\u00e1ban megrendezett amerikai turn\u00e9 volt, amelynek v\u00e9g\u00e9n Jerzy Piotrowski az Egyes\u00fclt \u00c1llamokban maradt, a Zenekar pedig ism\u00e9t feloszlott &#8211; &#8222;Live in America &#8217;94&#8221; c\u00edmmel megjelentett\u00e9k a turn\u00e9 New Jersey-i \u00e9s Chicago-i koncertjeinek legjobb pillanatait.<\/span><\/p>\n<h3>Az SBB harmadik korszaka<\/h3>\n<p style=\"text-align: justify;\"><span style=\"font-size: 12pt;\">Ism\u00e9t hossz\u00fa sz\u00fcnet j\u00f6tt a Zenekar \u00e9let\u00e9ben, amit egy fiatal dobos, Miroslaw Muzykant megjelen\u00e9se szak\u00edtott meg. Skrzek \u00e9s Muzykant b\u00e1r eg\u00e9szen k\u00fcl\u00f6nb\u00f6z\u0151 koroszt\u00e1ly k\u00e9pvisel\u0151i, zeneileg egym\u00e1sra tal\u00e1ltak, egym\u00e1st Skrzek saj\u00e1t projektjeiben remek\u00fcl kieg\u00e9sz\u00edtett\u00e9k. A &#8217;98-ban 30 \u00e9ves dobos r\u00e1vette Skrzek-et a folytat\u00e1sra. Imm\u00e1r negyedszer is \u00f6ssze\u00e1llt az SBB \u00e9s ott folytatta, ahol 1980-ban abbahagyta. 2000-ben az ifj\u00fa dobos hely\u00e9re egy igazi &#8222;nagy\u00e1gy\u00fa&#8221; Paul Wertico \u00e9rkezett, akinek eg\u00e9szen egyedi, jazz- \u00e9s rock-elemeket egyar\u00e1nt tartalmaz\u00f3, rendk\u00edv\u00fcl sz\u00ednes, sz\u00f3lisztikus \u00fct\u0151sj\u00e1t\u00e9ka n\u00e9mileg a jazz-rock ir\u00e1ny\u00e1ba terelte a Zenekart.<\/span><\/p>\n<h3>K\u00e9t \u00e9vtized ut\u00e1n \u00faj st\u00fadi\u00f3album<\/h3>\n<p style=\"text-align: justify;\"><span style=\"font-size: 12pt;\">2001-ben v\u00e9gre ism\u00e9t st\u00fadi\u00f3ba vonultak \u00e9s 21 \u00e9v ut\u00e1n elk\u00e9sz\u00edtett\u00e9k k\u00f6vetkez\u0151 st\u00fadi\u00f3albumukat &#8222;Nastroje&#8221; n\u00e9ven. Sajnos, az 1980-as &#8222;Memento-t&#8221; meg sem k\u00f6zel\u00edtette, de kit \u00e9rdekelt &#8211; hisz v\u00e9gre megint egy \u00faj SBB albumot hallgathattunk.<\/span><\/p>\n<p style=\"text-align: center;\"><span style=\"font-size: 12pt;\"><img loading=\"lazy\" decoding=\"async\" class=\"aligncenter wp-image-2746 size-large\" src=\"http:\/\/longkft.hu\/audioblog\/wp-content\/uploads\/2018\/02\/SBB-2-1024x740.jpg\" alt=\"sbb\" width=\"1024\" height=\"740\" srcset=\"https:\/\/longkft.hu\/audioblog\/wp-content\/uploads\/2018\/02\/SBB-2-1024x740.jpg 1024w, https:\/\/longkft.hu\/audioblog\/wp-content\/uploads\/2018\/02\/SBB-2-300x217.jpg 300w, https:\/\/longkft.hu\/audioblog\/wp-content\/uploads\/2018\/02\/SBB-2-768x555.jpg 768w, https:\/\/longkft.hu\/audioblog\/wp-content\/uploads\/2018\/02\/SBB-2-200x145.jpg 200w, https:\/\/longkft.hu\/audioblog\/wp-content\/uploads\/2018\/02\/SBB-2-820x593.jpg 820w, https:\/\/longkft.hu\/audioblog\/wp-content\/uploads\/2018\/02\/SBB-2-400x289.jpg 400w, https:\/\/longkft.hu\/audioblog\/wp-content\/uploads\/2018\/02\/SBB-2.jpg 1134w\" sizes=\"auto, (max-width: 1024px) 100vw, 1024px\" \/><\/span><\/p>\n<p style=\"text-align: justify;\"><span style=\"font-size: 12pt;\">Felismerve az ig\u00e9nyt \u00e9s persze a remek \u00fczletet, 2001-ben beindult a kor\u00e1bbi nagy (legend\u00e1s) koncertek anyagainak kiad\u00e1sa (Karlstad &#8217;75, Getyngi &#8217;77, Sopotu &#8217;78).\u00a0<\/span><span style=\"font-size: 12pt;\">2004-ben megjelent a zenekar 1974-2004 k\u00f6z\u00f6tti id\u0151szak\u00e1t feldolgoz\u00f3 22 lemezes d\u00edszdoboz, aminek minden rajong\u00f3 gy\u0171jtem\u00e9ny\u00e9ben ott kellene lennie &#8211; hacsak nincsenek meg k\u00fcl\u00f6n-k\u00fcl\u00f6n a korszak albumai.<\/span><\/p>\n<p style=\"text-align: justify;\"><span style=\"font-size: 12pt;\">2007-ig folyamatosan koncerteztek, kiadtak n\u00e9h\u00e1ny \u00fajabb koncertalbumot, fell\u00e9ptek a Deep Purple t\u00e1rsas\u00e1g\u00e1ban &#8211; teh\u00e1t teljes g\u0151zzel dolgoztak. 2007-ben azonban Pat Metheny visszah\u00edvta \u00e1lland\u00f3 k\u00eds\u00e9r\u0151-zenekar\u00e1ba Paul Wertico-t, aki nem tehetett m\u00e1st &#8211; \u00e9s ezt a tagok is meg\u00e9rtett\u00e9k -, visszarohant a jazz vil\u00e1g\u00e1ba. Hely\u00e9re N\u00e9meth G\u00e1bor \u00e9rkezett, aki nagyon neh\u00e9z helyzetben volt, hisz Vertico ut\u00e1n dobolni nagyon komoly kih\u00edv\u00e1st jelentett &#8211; nem is v\u00e9letlen\u00fcl v\u00e1lasztott\u00e1k \u0151t. G\u00e1bor \u00fct\u0151sj\u00e1t\u00e9k\u00e1t k\u00e9t albumon is \u00e9lvezhetj\u00fck: &#8222;The rock&#8221;, valamint &#8222;Blue trance&#8221;.<\/span><\/p>\n<p style=\"text-align: center;\"><span style=\"font-size: 12pt;\"><img loading=\"lazy\" decoding=\"async\" class=\"alignnone wp-image-2749\" src=\"http:\/\/longkft.hu\/audioblog\/wp-content\/uploads\/2018\/02\/SBB_n\u00e9meth-G\u00e1bor.jpg\" alt=\"\" width=\"500\" height=\"275\" srcset=\"https:\/\/longkft.hu\/audioblog\/wp-content\/uploads\/2018\/02\/SBB_n\u00e9meth-G\u00e1bor.jpg 640w, https:\/\/longkft.hu\/audioblog\/wp-content\/uploads\/2018\/02\/SBB_n\u00e9meth-G\u00e1bor-300x165.jpg 300w, https:\/\/longkft.hu\/audioblog\/wp-content\/uploads\/2018\/02\/SBB_n\u00e9meth-G\u00e1bor-200x110.jpg 200w, https:\/\/longkft.hu\/audioblog\/wp-content\/uploads\/2018\/02\/SBB_n\u00e9meth-G\u00e1bor-400x220.jpg 400w\" sizes=\"auto, (max-width: 500px) 100vw, 500px\" \/><\/span><\/p>\n<p style=\"text-align: justify;\"><span style=\"font-size: 12pt;\">2014. \u00e1prilis 13. a k\u00f6vetkez\u0151 igaz\u00e1n jelent\u0151s esem\u00e9ny az egy\u00fcttes \u00e9let\u00e9ben &#8211; \u00fajra \u00f6ssze\u00e1llt a &#8222;nagy&#8221; csapat, a dobok m\u00f6g\u00f6tt ism\u00e9t Jerzy Piotrowski-t l\u00e1thatjuk&#8230;<\/span><\/p>\n<p style=\"text-align: center;\"><span style=\"font-size: 12pt;\"><img loading=\"lazy\" decoding=\"async\" class=\"alignnone wp-image-2750\" src=\"http:\/\/longkft.hu\/audioblog\/wp-content\/uploads\/2018\/02\/SBB.jpg\" alt=\"\" width=\"500\" height=\"309\" srcset=\"https:\/\/longkft.hu\/audioblog\/wp-content\/uploads\/2018\/02\/SBB.jpg 576w, https:\/\/longkft.hu\/audioblog\/wp-content\/uploads\/2018\/02\/SBB-300x185.jpg 300w, https:\/\/longkft.hu\/audioblog\/wp-content\/uploads\/2018\/02\/SBB-200x124.jpg 200w, https:\/\/longkft.hu\/audioblog\/wp-content\/uploads\/2018\/02\/SBB-400x247.jpg 400w\" sizes=\"auto, (max-width: 500px) 100vw, 500px\" \/><\/span><\/p>\n<p><a href=\"http:\/\/longkft.hu\/audioblog\/sbb-elso-resz\">SBB els\u0151 r\u00e9sz<\/a><\/p>\n<span>Megosztom:<\/span><br><a target=\"_blank\" class=\"facebook\" title=\"\" rel=\"external\" href=\"https:\/\/www.facebook.com\/share.php?u=https:\/\/longkft.hu\/audioblog\/sbb-masodik-resz\/&title=SBB (m\u00e1sodik r\u00e9sz)\"><\/a><a target=\"_blank\" class=\"linkedin\" title=\"\" rel=\"external\" href=\"http:\/\/www.linkedin.com\/shareArticle?mini=true&amp;url=https%3A%2F%2Flongkft.hu%2Faudioblog%2Fsbb-masodik-resz%2F&amp;title=SBB+%28m%C3%A1sodik+r%C3%A9sz%29&amp;summary=%3Ch3+style%3D%22text-align%3A+justify%3B%22%3E%3Cspan+style%3D%22font-size%3A+14pt%3B%22%3ESBB%2C+alias+Silesian+Blues+Band%2C+alias+Szukaj+Burz+Buduj%2C+akias+Search%2C+Break+up%2C+Build%2C+alias+Keresd+meg%2C+Z%C3%BAzd+sz%C3%A9t%2C+%C3%89p%C3%ADtsd+fel%3C%2Fspan%3E%3C%2Fh3%3E%0D%0A%3Cp+style%3D%22text-align%3A+justify%3B%22%3E%3Cspan+style%3D%22font-size%3A+12pt%3B%22%3EAz+els%C5%91+album+megjelen%C3%A9se+ut%C3%A1n+nagyon+sok+lengyel+zen%C3%A9sz+az+%3Cspan+style%3D%22color%3A+%23ff6600%3B%22%3E%3Ca+style%3D%22color%3A+%23ff6600%3B%22+href%3D%22https%3A%2F%2Fhu.wikipedia.org%2Fwiki%2FSBB_%28egy%25C3%25BCttes%29%22+target%3D%22_blank%22+rel%3D%22noopener%22%3ESBB%3C%2Fa%3E%3C%2Fspan%3E-t+v%C3%A1lasztotta+albumai+elk%C3%A9sz%C3%ADt%C3%A9s%C3%A9hez%2C+koncertjeik+%22h%C3%A1tt%C3%A9rzen%C3%A9szeinek%22.+Felt%C3%A9tlen%C3%BCl+ki+kell%2C+hogy+emeljem+k%C3%B6z%C3%BCl%C3%BCk+Tomasz+Sta%C5%84ko+jazz+trombit%C3%A1st.+Sta%C5%84ko+kiv%C3%A1l%C3%B3+tehets%C3%A9g%C5%B1%2C+igazi+k%C3%ADs%C3%A9rletez%C5%91+kedv%C5%B1+zen%C3%A9sz%2C+akinek+tradicion%C3%A1lis+jazz+%C3%A9s+jazz-rock+k%C3%B6z%C3%B6tti+csapong%C3%A1sai%2C+free+jazz+%C3%A9s+avantgarde+albumai%2C+performanszai+egyar%C3%A1nt+maradand%C3%B3+%C3%A9rt%C3%A9ket+k%C3%A9pviselnek.+Egy%C3%A9nis%C3%A9g%C3%A9re+az+ECM+lemezkiad%C3%B3+is+felfigyelt+%C3%A9s+n%C3%A9gy+lemezt+is+megjelentetett+vele.+Olyan+nagys%C3%A1gokkal+zen%C3%A9lt+egy%C3%BCtt%2C+mint+Chico+Freeman%2C+Lester+Bowie%2C+Dave+Holland...+%C3%A9s+persze+az+SBB.%C2%A0%3C%2Fspan%3E%3Cspan+style%3D%22font-size%3A+12pt%3B%22%3EA+%22Sikorki%22+c.+albumot+felt%C3%A9tlen%C3%BCl+%C3%A9rdemes+meghallgatni%2C+m%C3%A1r+csat+Sta%C5%84ko+trombitaj%C3%A1t%C3%A9ka+miatt+is.%3C%2Fspan%3E%3C%2Fp%3E%0D%0A%3Cp+style%3D%22text-align%3A+center%3B%22%3E%3Cspan+style%3D%22font-size%3A+12pt%3B%22%3E%3Cimg+class%3D%22aligncenter+wp-image-2747+size-full%22+src%3D%22http%3A%2F%2Flongkft.hu%2Faudioblog%2Fwp-content%2Fuploads%2F2018%2F02%2Fsbb_shikorki.jpg%22+alt%3D%22sbb%22+width%3D%22500%22+height%3D%22447%22+%2F%3E%3C%2Fspan%3E%3C%2Fp%3E%0D%0A%3Cp+style%3D%22text-align%3A+justify%3B%22%3E%3Cspan+style%3D%22font-size%3A+12pt%3B%22%3E1977-ben+megkezd%C5%91d%C3%B6tt+a+%22nyugat%22+eg%C3%A9szp%C3%A1ly%C3%A1s+%22let%C3%A1mad%C3%A1sa%22.+Kos+G%C3%B6ttingen+producer+k%C3%A9t+albumot+is+elk%C3%A9sz%C3%ADttetett+a+Zenekarral%2C+melyek+kiz%C3%A1r%C3%B3lag+a+nyugati+r%C3%A9gi%C3%B3ban+jelentek+meg+%28akkoriban%29%3A+%22Follow+my+Dream%22%2C+%22Welcome%22.%3C%2Fspan%3E%0D%0A%3Cspan+style%3D%22font-size%3A+12pt%3B%22%3E+A+Zenekar+folyamatosan+utazott+%C3%A9s+koncertezett%2C+id%C5%91nk%C3%A9nt+m%C3%A1r+azt+sem+tudt%C3%A1k+%C3%A9ppen+melyik+v%C3%A1rosban%2C+vagy+melyik+orsz%C3%A1gban+j%C3%A1rnak.+Az+idegi%2C+fizikai+megterhel%C3%A9s+hat%C3%A1s%C3%A1ra+el%C5%91sz%C3%B6r+Anthimos+f%C3%A1radt+el%2C+akinek+%22kiseg%C3%ADt%C3%A9s%C3%A9re%22+S%C5%82awomir+Piwowar+git%C3%A1ros%2C+billenty%C5%B1s+jelent+meg+az+egy%C3%BCttesben.%3C%2Fspan%3E%3C%2Fp%3E%0D%0A%3Cp+style%3D%22text-align%3A+center%3B%22%3E%3Cspan+style%3D%22font-size%3A+12pt%3B%22%3E%3Cimg+class%3D%22aligncenter+wp-image-2748%22+src%3D%22http%3A%2F%2Flongkft.hu%2Faudioblog%2Fwp-content%2Fuploads%2F2018%2F02%2FS%C5%82awomir-Piwowar.jpg%22+alt%3D%22sbb%22+width%3D%22500%22+height%3D%22305%22+%2F%3E%3C%2Fspan%3E%3C%2Fp%3E%0D%0A%3Cp+style%3D%22text-align%3A+justify%3B%22%3E%3Cspan+style%3D%22font-size%3A+12pt%3B%22%3ENem+puszt%C3%A1n+%22kiseg%C3%ADt%C5%91%22+szerep+jutott+neki+-+k%C3%A9tnyak%C3%BA+Gibson+git%C3%A1rj%C3%A1val+%C3%BAj+sz%C3%ADnt%2C+%C3%BAj+lend%C3%BCletet+adott+az+Egy%C3%BCttesnek.+Szerencs%C3%A9re+egy+1979-es+vars%C3%B3i+koncertet+a+kvartett%C3%A9+b%C5%91v%C3%BClt+SBB-r%C5%91l+teljes+eg%C3%A9sz%C3%A9ben+megjelentettek+DVD-n+%C3%ADgy+az+ut%C3%B3kor+is+l%C3%A1thatja%2C+mire+voltak+k%C3%A9pesek+n%C3%A9gyen.+Amennyiben+a+kib%C5%91v%C3%ADtett+SBB-nek+csak+a+zen%C3%A9j%C3%A9re+vagyunk+k%C3%ADv%C3%A1ncsiak%2C+%C3%BAgy+felt%C3%A9tlen%C3%BCl+meg+kell+hallgatnunk+a+%22Memento+z+banalnym+tryptykiem%22+c.+albumot%2C+ami+nem+csak+egy+korszak+lez%C3%A1r%C3%A1sa%2C+hanem+az+SBB+els%C5%91+korszak%C3%A1nak+legjobb%2C+legkiforrottabb+albuma+-+t%C3%B6bb+kritikus+%C3%A9s+zenehallgat%C3%B3+szerint+eg%C3%A9sz+munk%C3%A1ss%C3%A1guk+cs%C3%BAcspontja.%3C%2Fspan%3E%3C%2Fp%3E%0D%0A%0D%0A%3Ch3%3EAz+SBB+els%C5%91+korszak%C3%A1nak+v%C3%A9ge%3C%2Fh3%3E%0D%0A%3Cp+style%3D%22text-align%3A+justify%3B%22%3E%3Cspan+style%3D%22font-size%3A+12pt%3B%22%3E1980-ban+az+SBB+megsz%C5%B1nt%2C+azonban+a+tagok+tov%C3%A1bbzen%C3%A9ltek%2C+sorban+jelentett%C3%A9k+meg+albumaikat+%28f%C5%91leg+Skrzek%29%2C+valamint+h%C3%A1tt%C3%A9rzen%C3%A9szk%C3%A9nt+k%C3%ADs%C3%A9rtek+m%C3%A1sokat.+A+nyolcvanas+%C3%A9vek+%28%C3%A9s+a+kilencvenes+%C3%A9vek+eleje%29+%C3%BAgy+telt+el+az+SBB+n%C3%A9lk%C3%BCl%2C+hogy+a+k%C3%B6ztudatban+maxim%C3%A1lisan+megmaradtak.+Sokan+m%C3%A1ig+%C3%BAgy+tudj%C3%A1k%2C+%C3%BAgy+%C3%A9rzik+%28%C3%A9n+is%29%2C+hogy+nem+is+volt+egy+teljes+%C3%A9vtizednyi+sz%C3%BCnet+a+Zenekar+%C3%A9let%C3%A9ben.%3C%2Fspan%3E%3C%2Fp%3E%0D%0A%0D%0A%3Ch3%3EAz+SBB+m%C3%A1sodik+korszaka%3C%2Fh3%3E%0D%0A%3Cp+style%3D%22text-align%3A+justify%3B%22%3E%3Cspan+style%3D%22font-size%3A+12pt%3B%22%3E1991.+j%C3%BAlius+3-%C3%A1n+a+%22Trzy+Dekady+Rocka%22+fesztiv%C3%A1lon+fell%C3%A9pett+ugyan+az+SBB%2C+de+ezt+a+tagok+akkor+m%C3%A9g+egyszeri+%C3%A9s+megism%C3%A9telhetetlen+alkalomnak+tekintett%C3%A9k.+1993.+j%C3%BAlius+19-%C3%A9n+azonban+Katowic%C3%A9ben+j%C3%B3t%C3%A9konys%C3%A1gi+koncertet+rendeztek%2C+melynek+szt%C3%A1rvend%C3%A9ge+az+SBB+volt%2C+m%C3%A9ghozz%C3%A1+kvintett%C3%A9+kieg%C3%A9sz%C3%BClve+%28Andrzeja+Ruska+basszus%2C+Janusz+Hryniewicz+%C3%A9nek%2C+git%C3%A1r%29.+Az+SBB+arch%C3%ADvum%C3%A1nak+k%C3%B6sz%C3%B6nhet%C5%91en+a+%22Live+1993%22+c%C3%ADmmel+megjelent+CD-r%C5%91l+mi+is+meghallgathatjuk+a+koncertet.+A+kvintet+-+kiel%C3%A9g%C3%ADtve+a+k%C3%B6z%C3%B6ns%C3%A9gakaratot+%28is%29+-+k%C3%A9t+%C3%A9vig+egy%C3%BCtt+maradt+%C3%A9s+folyamatosan+koncertezett.+A+sajnos+nagyon+r%C3%B6vid+korszak+z%C3%A1r%C3%B3akkordja+a+%2794+m%C3%A1jus%C3%A1ban+megrendezett+amerikai+turn%C3%A9+volt%2C+amelynek+v%C3%A9g%C3%A9n+Jerzy+Piotrowski+az+Egyes%C3%BClt+%C3%81llamokban+maradt%2C+a+Zenekar+pedig+ism%C3%A9t+feloszlott+-+%22Live+in+America+%2794%22+c%C3%ADmmel+megjelentett%C3%A9k+a+turn%C3%A9+New+Jersey-i+%C3%A9s+Chicago-i+koncertjeinek+legjobb+pillanatait.%3C%2Fspan%3E%3C%2Fp%3E%0D%0A%0D%0A%3Ch3%3EAz+SBB+harmadik+korszaka%3C%2Fh3%3E%0D%0A%3Cp+style%3D%22text-align%3A+justify%3B%22%3E%3Cspan+style%3D%22font-size%3A+12pt%3B%22%3EIsm%C3%A9t+hossz%C3%BA+sz%C3%BCnet+j%C3%B6tt+a+Zenekar+%C3%A9let%C3%A9ben%2C+amit+egy+fiatal+dobos%2C+Miroslaw+Muzykant+megjelen%C3%A9se+szak%C3%ADtott+meg.+Skrzek+%C3%A9s+Muzykant+b%C3%A1r+eg%C3%A9szen+k%C3%BCl%C3%B6nb%C3%B6z%C5%91+koroszt%C3%A1ly+k%C3%A9pvisel%C5%91i%2C+zeneileg+egym%C3%A1sra+tal%C3%A1ltak%2C+egym%C3%A1st+Skrzek+saj%C3%A1t+projektjeiben+remek%C3%BCl+kieg%C3%A9sz%C3%ADtett%C3%A9k.+A+%2798-ban+30+%C3%A9ves+dobos+r%C3%A1vette+Skrzek-et+a+folytat%C3%A1sra.+Imm%C3%A1r+negyedszer+is+%C3%B6ssze%C3%A1llt+az+SBB+%C3%A9s+ott+folytatta%2C+ahol+1980-ban+abbahagyta.+2000-ben+az+ifj%C3%BA+dobos+hely%C3%A9re+egy+igazi+%22nagy%C3%A1gy%C3%BA%22+Paul+Wertico+%C3%A9rkezett%2C+akinek+eg%C3%A9szen+egyedi%2C+jazz-+%C3%A9s+rock-elemeket+egyar%C3%A1nt+tartalmaz%C3%B3%2C+rendk%C3%ADv%C3%BCl+sz%C3%ADnes%2C+sz%C3%B3lisztikus+%C3%BCt%C5%91sj%C3%A1t%C3%A9ka+n%C3%A9mileg+a+jazz-rock+ir%C3%A1ny%C3%A1ba+terelte+a+Zenekart.%3C%2Fspan%3E%3C%2Fp%3E%0D%0A%0D%0A%3Ch3%3EK%C3%A9t+%C3%A9vtized+ut%C3%A1n+%C3%BAj+st%C3%BAdi%C3%B3album%3C%2Fh3%3E%0D%0A%3Cp+style%3D%22text-align%3A+justify%3B%22%3E%3Cspan+style%3D%22font-size%3A+12pt%3B%22%3E2001-ben+v%C3%A9gre+ism%C3%A9t+st%C3%BAdi%C3%B3ba+vonultak+%C3%A9s+21+%C3%A9v+ut%C3%A1n+elk%C3%A9sz%C3%ADtett%C3%A9k+k%C3%B6vetkez%C5%91+st%C3%BAdi%C3%B3albumukat+%22Nastroje%22+n%C3%A9ven.+Sajnos%2C+az+1980-as+%22Memento-t%22+meg+sem+k%C3%B6zel%C3%ADtette%2C+de+kit+%C3%A9rdekelt+-+hisz+v%C3%A9gre+megint+egy+%C3%BAj+SBB+albumot+hallgathattunk.%3C%2Fspan%3E%3C%2Fp%3E%0D%0A%3Cp+style%3D%22text-align%3A+center%3B%22%3E%3Cspan+style%3D%22font-size%3A+12pt%3B%22%3E%3Cimg+class%3D%22aligncenter+wp-image-2746+size-large%22+src%3D%22http%3A%2F%2Flongkft.hu%2Faudioblog%2Fwp-content%2Fuploads%2F2018%2F02%2FSBB-2-1024x740.jpg%22+alt%3D%22sbb%22+width%3D%221024%22+height%3D%22740%22+%2F%3E%3C%2Fspan%3E%3C%2Fp%3E%0D%0A%3Cp+style%3D%22text-align%3A+justify%3B%22%3E%3Cspan+style%3D%22font-size%3A+12pt%3B%22%3EFelismerve+az+ig%C3%A9nyt+%C3%A9s+persze+a+remek+%C3%BCzletet%2C+2001-ben+beindult+a+kor%C3%A1bbi+nagy+%28legend%C3%A1s%29+koncertek+anyagainak+kiad%C3%A1sa+%28Karlstad+%2775%2C+Getyngi+%2777%2C+Sopotu+%2778%29.%C2%A0%3C%2Fspan%3E%3Cspan+style%3D%22font-size%3A+12pt%3B%22%3E2004-ben+megjelent+a+zenekar+1974-2004+k%C3%B6z%C3%B6tti+id%C5%91szak%C3%A1t+feldolgoz%C3%B3+22+lemezes+d%C3%ADszdoboz%2C+aminek+minden+rajong%C3%B3+gy%C5%B1jtem%C3%A9ny%C3%A9ben+ott+kellene+lennie+-+hacsak+nincsenek+meg+k%C3%BCl%C3%B6n-k%C3%BCl%C3%B6n+a+korszak+albumai.%3C%2Fspan%3E%3C%2Fp%3E%0D%0A%3Cp+style%3D%22text-align%3A+justify%3B%22%3E%3Cspan+style%3D%22font-size%3A+12pt%3B%22%3E2007-ig+folyamatosan+koncerteztek%2C+kiadtak+n%C3%A9h%C3%A1ny+%C3%BAjabb+koncertalbumot%2C+fell%C3%A9ptek+a+Deep+Purple+t%C3%A1rsas%C3%A1g%C3%A1ban+-+teh%C3%A1t+teljes+g%C5%91zzel+dolgoztak.+2007-ben+azonban+Pat+Metheny+visszah%C3%ADvta+%C3%A1lland%C3%B3+k%C3%ADs%C3%A9r%C5%91-zenekar%C3%A1ba+Paul+Wertico-t%2C+aki+nem+tehetett+m%C3%A1st+-+%C3%A9s+ezt+a+tagok+is+meg%C3%A9rtett%C3%A9k+-%2C+visszarohant+a+jazz+vil%C3%A1g%C3%A1ba.+Hely%C3%A9re+N%C3%A9meth+G%C3%A1bor+%C3%A9rkezett%2C+aki+nagyon+neh%C3%A9z+helyzetben+volt%2C+hisz+Vertico+ut%C3%A1n+dobolni+nagyon+komoly+kih%C3%ADv%C3%A1st+jelentett+-+nem+is+v%C3%A9letlen%C3%BCl+v%C3%A1lasztott%C3%A1k+%C5%91t.+G%C3%A1bor+%C3%BCt%C5%91sj%C3%A1t%C3%A9k%C3%A1t+k%C3%A9t+albumon+is+%C3%A9lvezhetj%C3%BCk%3A+%22The+rock%22%2C+valamint+%22Blue+trance%22.%3C%2Fspan%3E%3C%2Fp%3E%0D%0A%3Cp+style%3D%22text-align%3A+center%3B%22%3E%3Cspan+style%3D%22font-size%3A+12pt%3B%22%3E%3Cimg+class%3D%22alignnone+wp-image-2749%22+src%3D%22http%3A%2F%2Flongkft.hu%2Faudioblog%2Fwp-content%2Fuploads%2F2018%2F02%2FSBB_n%C3%A9meth-G%C3%A1bor.jpg%22+alt%3D%22%22+width%3D%22500%22+height%3D%22275%22+%2F%3E%3C%2Fspan%3E%3C%2Fp%3E%0D%0A%3Cp+style%3D%22text-align%3A+justify%3B%22%3E%3Cspan+style%3D%22font-size%3A+12pt%3B%22%3E2014.+%C3%A1prilis+13.+a+k%C3%B6vetkez%C5%91+igaz%C3%A1n+jelent%C5%91s+esem%C3%A9ny+az+egy%C3%BCttes+%C3%A9let%C3%A9ben+-+%C3%BAjra+%C3%B6ssze%C3%A1llt+a+%22nagy%22+csapat%2C+a+dobok+m%C3%B6g%C3%B6tt+ism%C3%A9t+Jerzy+Piotrowski-t+l%C3%A1thatjuk...%3C%2Fspan%3E%3C%2Fp%3E%0D%0A%3Cp+style%3D%22text-align%3A+center%3B%22%3E%3Cspan+style%3D%22font-size%3A+12pt%3B%22%3E%3Cimg+class%3D%22alignnone+wp-image-2750%22+src%3D%22http%3A%2F%2Flongkft.hu%2Faudioblog%2Fwp-content%2Fuploads%2F2018%2F02%2FSBB.jpg%22+alt%3D%22%22+width%3D%22500%22+height%3D%22309%22+%2F%3E%3C%2Fspan%3E%3C%2Fp%3E%0D%0A%3Ca+href%3D%22http%3A%2F%2Flongkft.hu%2Faudioblog%2Fsbb-elso-resz%22%3ESBB+els%C5%91+r%C3%A9sz%3C%2Fa%3E&amp;source=Longaudio\"><\/a><a target=\"_blank\" class=\"gplusz\" title=\"\" rel=\"external\" href=\"https:\/\/plusone.google.com\/_\/+1\/confirm?url=https:\/\/longkft.hu\/audioblog\/sbb-masodik-resz\/\"><\/a><a target=\"_blank\" rel=\"nofollow\" class=\"email\" href=\"mailto:?subject=Longaudio - SBB (m\u00e1sodik r\u00e9sz)&amp;body=Kedves Bar\u00e1tom! Most olvastam a(z) SBB (m\u00e1sodik r\u00e9sz)  c\u00edm\u0171 cikket a(z) Longaudio  oldalon. Hivatkoz\u00e1s:  https:\/\/longkft.hu\/audioblog\/sbb-masodik-resz\/\" title=\"\"><\/a><a class=\"nyomtatas\" title=\"\" href=\"http:\/\/www.printfriendly.com\" onclick=\"window.print();return false;\"><\/a>","protected":false},"excerpt":{"rendered":"<p>SBB, alias Silesian Blues Band, alias Szukaj Burz Buduj, akias Search, Break up, Build, alias Keresd meg, Z\u00fazd sz\u00e9t, \u00c9p\u00edtsd&#8230;<\/p>\n<span>Megosztom:<\/span><br><a target=\"_blank\" class=\"facebook\" title=\"\" rel=\"external\" href=\"https:\/\/www.facebook.com\/share.php?u=https:\/\/longkft.hu\/audioblog\/sbb-masodik-resz\/&title=SBB (m\u00e1sodik r\u00e9sz)\"><\/a><a target=\"_blank\" class=\"linkedin\" title=\"\" rel=\"external\" href=\"http:\/\/www.linkedin.com\/shareArticle?mini=true&amp;url=https%3A%2F%2Flongkft.hu%2Faudioblog%2Fsbb-masodik-resz%2F&amp;title=SBB+%28m%C3%A1sodik+r%C3%A9sz%29&amp;summary=%3Ch3+style%3D%22text-align%3A+justify%3B%22%3E%3Cspan+style%3D%22font-size%3A+14pt%3B%22%3ESBB%2C+alias+Silesian+Blues+Band%2C+alias+Szukaj+Burz+Buduj%2C+akias+Search%2C+Break+up%2C+Build%2C+alias+Keresd+meg%2C+Z%C3%BAzd+sz%C3%A9t%2C+%C3%89p%C3%ADtsd+fel%3C%2Fspan%3E%3C%2Fh3%3E%0D%0A%3Cp+style%3D%22text-align%3A+justify%3B%22%3E%3Cspan+style%3D%22font-size%3A+12pt%3B%22%3EAz+els%C5%91+album+megjelen%C3%A9se+ut%C3%A1n+nagyon+sok+lengyel+zen%C3%A9sz+az+%3Cspan+style%3D%22color%3A+%23ff6600%3B%22%3E%3Ca+style%3D%22color%3A+%23ff6600%3B%22+href%3D%22https%3A%2F%2Fhu.wikipedia.org%2Fwiki%2FSBB_%28egy%25C3%25BCttes%29%22+target%3D%22_blank%22+rel%3D%22noopener%22%3ESBB%3C%2Fa%3E%3C%2Fspan%3E-t+v%C3%A1lasztotta+albumai+elk%C3%A9sz%C3%ADt%C3%A9s%C3%A9hez%2C+koncertjeik+%22h%C3%A1tt%C3%A9rzen%C3%A9szeinek%22.+Felt%C3%A9tlen%C3%BCl+ki+kell%2C+hogy+emeljem+k%C3%B6z%C3%BCl%C3%BCk+Tomasz+Sta%C5%84ko+jazz+trombit%C3%A1st.+Sta%C5%84ko+kiv%C3%A1l%C3%B3+tehets%C3%A9g%C5%B1%2C+igazi+k%C3%ADs%C3%A9rletez%C5%91+kedv%C5%B1+zen%C3%A9sz%2C+akinek+tradicion%C3%A1lis+jazz+%C3%A9s+jazz-rock+k%C3%B6z%C3%B6tti+csapong%C3%A1sai%2C+free+jazz+%C3%A9s+avantgarde+albumai%2C+performanszai+egyar%C3%A1nt+maradand%C3%B3+%C3%A9rt%C3%A9ket+k%C3%A9pviselnek.+Egy%C3%A9nis%C3%A9g%C3%A9re+az+ECM+lemezkiad%C3%B3+is+felfigyelt+%C3%A9s+n%C3%A9gy+lemezt+is+megjelentetett+vele.+Olyan+nagys%C3%A1gokkal+zen%C3%A9lt+egy%C3%BCtt%2C+mint+Chico+Freeman%2C+Lester+Bowie%2C+Dave+Holland...+%C3%A9s+persze+az+SBB.%C2%A0%3C%2Fspan%3E%3Cspan+style%3D%22font-size%3A+12pt%3B%22%3EA+%22Sikorki%22+c.+albumot+felt%C3%A9tlen%C3%BCl+%C3%A9rdemes+meghallgatni%2C+m%C3%A1r+csat+Sta%C5%84ko+trombitaj%C3%A1t%C3%A9ka+miatt+is.%3C%2Fspan%3E%3C%2Fp%3E%0D%0A%3Cp+style%3D%22text-align%3A+center%3B%22%3E%3Cspan+style%3D%22font-size%3A+12pt%3B%22%3E%3Cimg+class%3D%22aligncenter+wp-image-2747+size-full%22+src%3D%22http%3A%2F%2Flongkft.hu%2Faudioblog%2Fwp-content%2Fuploads%2F2018%2F02%2Fsbb_shikorki.jpg%22+alt%3D%22sbb%22+width%3D%22500%22+height%3D%22447%22+%2F%3E%3C%2Fspan%3E%3C%2Fp%3E%0D%0A%3Cp+style%3D%22text-align%3A+justify%3B%22%3E%3Cspan+style%3D%22font-size%3A+12pt%3B%22%3E1977-ben+megkezd%C5%91d%C3%B6tt+a+%22nyugat%22+eg%C3%A9szp%C3%A1ly%C3%A1s+%22let%C3%A1mad%C3%A1sa%22.+Kos+G%C3%B6ttingen+producer+k%C3%A9t+albumot+is+elk%C3%A9sz%C3%ADttetett+a+Zenekarral%2C+melyek+kiz%C3%A1r%C3%B3lag+a+nyugati+r%C3%A9gi%C3%B3ban+jelentek+meg+%28akkoriban%29%3A+%22Follow+my+Dream%22%2C+%22Welcome%22.%3C%2Fspan%3E%0D%0A%3Cspan+style%3D%22font-size%3A+12pt%3B%22%3E+A+Zenekar+folyamatosan+utazott+%C3%A9s+koncertezett%2C+id%C5%91nk%C3%A9nt+m%C3%A1r+azt+sem+tudt%C3%A1k+%C3%A9ppen+melyik+v%C3%A1rosban%2C+vagy+melyik+orsz%C3%A1gban+j%C3%A1rnak.+Az+idegi%2C+fizikai+megterhel%C3%A9s+hat%C3%A1s%C3%A1ra+el%C5%91sz%C3%B6r+Anthimos+f%C3%A1radt+el%2C+akinek+%22kiseg%C3%ADt%C3%A9s%C3%A9re%22+S%C5%82awomir+Piwowar+git%C3%A1ros%2C+billenty%C5%B1s+jelent+meg+az+egy%C3%BCttesben.%3C%2Fspan%3E%3C%2Fp%3E%0D%0A%3Cp+style%3D%22text-align%3A+center%3B%22%3E%3Cspan+style%3D%22font-size%3A+12pt%3B%22%3E%3Cimg+class%3D%22aligncenter+wp-image-2748%22+src%3D%22http%3A%2F%2Flongkft.hu%2Faudioblog%2Fwp-content%2Fuploads%2F2018%2F02%2FS%C5%82awomir-Piwowar.jpg%22+alt%3D%22sbb%22+width%3D%22500%22+height%3D%22305%22+%2F%3E%3C%2Fspan%3E%3C%2Fp%3E%0D%0A%3Cp+style%3D%22text-align%3A+justify%3B%22%3E%3Cspan+style%3D%22font-size%3A+12pt%3B%22%3ENem+puszt%C3%A1n+%22kiseg%C3%ADt%C5%91%22+szerep+jutott+neki+-+k%C3%A9tnyak%C3%BA+Gibson+git%C3%A1rj%C3%A1val+%C3%BAj+sz%C3%ADnt%2C+%C3%BAj+lend%C3%BCletet+adott+az+Egy%C3%BCttesnek.+Szerencs%C3%A9re+egy+1979-es+vars%C3%B3i+koncertet+a+kvartett%C3%A9+b%C5%91v%C3%BClt+SBB-r%C5%91l+teljes+eg%C3%A9sz%C3%A9ben+megjelentettek+DVD-n+%C3%ADgy+az+ut%C3%B3kor+is+l%C3%A1thatja%2C+mire+voltak+k%C3%A9pesek+n%C3%A9gyen.+Amennyiben+a+kib%C5%91v%C3%ADtett+SBB-nek+csak+a+zen%C3%A9j%C3%A9re+vagyunk+k%C3%ADv%C3%A1ncsiak%2C+%C3%BAgy+felt%C3%A9tlen%C3%BCl+meg+kell+hallgatnunk+a+%22Memento+z+banalnym+tryptykiem%22+c.+albumot%2C+ami+nem+csak+egy+korszak+lez%C3%A1r%C3%A1sa%2C+hanem+az+SBB+els%C5%91+korszak%C3%A1nak+legjobb%2C+legkiforrottabb+albuma+-+t%C3%B6bb+kritikus+%C3%A9s+zenehallgat%C3%B3+szerint+eg%C3%A9sz+munk%C3%A1ss%C3%A1guk+cs%C3%BAcspontja.%3C%2Fspan%3E%3C%2Fp%3E%0D%0A%0D%0A%3Ch3%3EAz+SBB+els%C5%91+korszak%C3%A1nak+v%C3%A9ge%3C%2Fh3%3E%0D%0A%3Cp+style%3D%22text-align%3A+justify%3B%22%3E%3Cspan+style%3D%22font-size%3A+12pt%3B%22%3E1980-ban+az+SBB+megsz%C5%B1nt%2C+azonban+a+tagok+tov%C3%A1bbzen%C3%A9ltek%2C+sorban+jelentett%C3%A9k+meg+albumaikat+%28f%C5%91leg+Skrzek%29%2C+valamint+h%C3%A1tt%C3%A9rzen%C3%A9szk%C3%A9nt+k%C3%ADs%C3%A9rtek+m%C3%A1sokat.+A+nyolcvanas+%C3%A9vek+%28%C3%A9s+a+kilencvenes+%C3%A9vek+eleje%29+%C3%BAgy+telt+el+az+SBB+n%C3%A9lk%C3%BCl%2C+hogy+a+k%C3%B6ztudatban+maxim%C3%A1lisan+megmaradtak.+Sokan+m%C3%A1ig+%C3%BAgy+tudj%C3%A1k%2C+%C3%BAgy+%C3%A9rzik+%28%C3%A9n+is%29%2C+hogy+nem+is+volt+egy+teljes+%C3%A9vtizednyi+sz%C3%BCnet+a+Zenekar+%C3%A9let%C3%A9ben.%3C%2Fspan%3E%3C%2Fp%3E%0D%0A%0D%0A%3Ch3%3EAz+SBB+m%C3%A1sodik+korszaka%3C%2Fh3%3E%0D%0A%3Cp+style%3D%22text-align%3A+justify%3B%22%3E%3Cspan+style%3D%22font-size%3A+12pt%3B%22%3E1991.+j%C3%BAlius+3-%C3%A1n+a+%22Trzy+Dekady+Rocka%22+fesztiv%C3%A1lon+fell%C3%A9pett+ugyan+az+SBB%2C+de+ezt+a+tagok+akkor+m%C3%A9g+egyszeri+%C3%A9s+megism%C3%A9telhetetlen+alkalomnak+tekintett%C3%A9k.+1993.+j%C3%BAlius+19-%C3%A9n+azonban+Katowic%C3%A9ben+j%C3%B3t%C3%A9konys%C3%A1gi+koncertet+rendeztek%2C+melynek+szt%C3%A1rvend%C3%A9ge+az+SBB+volt%2C+m%C3%A9ghozz%C3%A1+kvintett%C3%A9+kieg%C3%A9sz%C3%BClve+%28Andrzeja+Ruska+basszus%2C+Janusz+Hryniewicz+%C3%A9nek%2C+git%C3%A1r%29.+Az+SBB+arch%C3%ADvum%C3%A1nak+k%C3%B6sz%C3%B6nhet%C5%91en+a+%22Live+1993%22+c%C3%ADmmel+megjelent+CD-r%C5%91l+mi+is+meghallgathatjuk+a+koncertet.+A+kvintet+-+kiel%C3%A9g%C3%ADtve+a+k%C3%B6z%C3%B6ns%C3%A9gakaratot+%28is%29+-+k%C3%A9t+%C3%A9vig+egy%C3%BCtt+maradt+%C3%A9s+folyamatosan+koncertezett.+A+sajnos+nagyon+r%C3%B6vid+korszak+z%C3%A1r%C3%B3akkordja+a+%2794+m%C3%A1jus%C3%A1ban+megrendezett+amerikai+turn%C3%A9+volt%2C+amelynek+v%C3%A9g%C3%A9n+Jerzy+Piotrowski+az+Egyes%C3%BClt+%C3%81llamokban+maradt%2C+a+Zenekar+pedig+ism%C3%A9t+feloszlott+-+%22Live+in+America+%2794%22+c%C3%ADmmel+megjelentett%C3%A9k+a+turn%C3%A9+New+Jersey-i+%C3%A9s+Chicago-i+koncertjeinek+legjobb+pillanatait.%3C%2Fspan%3E%3C%2Fp%3E%0D%0A%0D%0A%3Ch3%3EAz+SBB+harmadik+korszaka%3C%2Fh3%3E%0D%0A%3Cp+style%3D%22text-align%3A+justify%3B%22%3E%3Cspan+style%3D%22font-size%3A+12pt%3B%22%3EIsm%C3%A9t+hossz%C3%BA+sz%C3%BCnet+j%C3%B6tt+a+Zenekar+%C3%A9let%C3%A9ben%2C+amit+egy+fiatal+dobos%2C+Miroslaw+Muzykant+megjelen%C3%A9se+szak%C3%ADtott+meg.+Skrzek+%C3%A9s+Muzykant+b%C3%A1r+eg%C3%A9szen+k%C3%BCl%C3%B6nb%C3%B6z%C5%91+koroszt%C3%A1ly+k%C3%A9pvisel%C5%91i%2C+zeneileg+egym%C3%A1sra+tal%C3%A1ltak%2C+egym%C3%A1st+Skrzek+saj%C3%A1t+projektjeiben+remek%C3%BCl+kieg%C3%A9sz%C3%ADtett%C3%A9k.+A+%2798-ban+30+%C3%A9ves+dobos+r%C3%A1vette+Skrzek-et+a+folytat%C3%A1sra.+Imm%C3%A1r+negyedszer+is+%C3%B6ssze%C3%A1llt+az+SBB+%C3%A9s+ott+folytatta%2C+ahol+1980-ban+abbahagyta.+2000-ben+az+ifj%C3%BA+dobos+hely%C3%A9re+egy+igazi+%22nagy%C3%A1gy%C3%BA%22+Paul+Wertico+%C3%A9rkezett%2C+akinek+eg%C3%A9szen+egyedi%2C+jazz-+%C3%A9s+rock-elemeket+egyar%C3%A1nt+tartalmaz%C3%B3%2C+rendk%C3%ADv%C3%BCl+sz%C3%ADnes%2C+sz%C3%B3lisztikus+%C3%BCt%C5%91sj%C3%A1t%C3%A9ka+n%C3%A9mileg+a+jazz-rock+ir%C3%A1ny%C3%A1ba+terelte+a+Zenekart.%3C%2Fspan%3E%3C%2Fp%3E%0D%0A%0D%0A%3Ch3%3EK%C3%A9t+%C3%A9vtized+ut%C3%A1n+%C3%BAj+st%C3%BAdi%C3%B3album%3C%2Fh3%3E%0D%0A%3Cp+style%3D%22text-align%3A+justify%3B%22%3E%3Cspan+style%3D%22font-size%3A+12pt%3B%22%3E2001-ben+v%C3%A9gre+ism%C3%A9t+st%C3%BAdi%C3%B3ba+vonultak+%C3%A9s+21+%C3%A9v+ut%C3%A1n+elk%C3%A9sz%C3%ADtett%C3%A9k+k%C3%B6vetkez%C5%91+st%C3%BAdi%C3%B3albumukat+%22Nastroje%22+n%C3%A9ven.+Sajnos%2C+az+1980-as+%22Memento-t%22+meg+sem+k%C3%B6zel%C3%ADtette%2C+de+kit+%C3%A9rdekelt+-+hisz+v%C3%A9gre+megint+egy+%C3%BAj+SBB+albumot+hallgathattunk.%3C%2Fspan%3E%3C%2Fp%3E%0D%0A%3Cp+style%3D%22text-align%3A+center%3B%22%3E%3Cspan+style%3D%22font-size%3A+12pt%3B%22%3E%3Cimg+class%3D%22aligncenter+wp-image-2746+size-large%22+src%3D%22http%3A%2F%2Flongkft.hu%2Faudioblog%2Fwp-content%2Fuploads%2F2018%2F02%2FSBB-2-1024x740.jpg%22+alt%3D%22sbb%22+width%3D%221024%22+height%3D%22740%22+%2F%3E%3C%2Fspan%3E%3C%2Fp%3E%0D%0A%3Cp+style%3D%22text-align%3A+justify%3B%22%3E%3Cspan+style%3D%22font-size%3A+12pt%3B%22%3EFelismerve+az+ig%C3%A9nyt+%C3%A9s+persze+a+remek+%C3%BCzletet%2C+2001-ben+beindult+a+kor%C3%A1bbi+nagy+%28legend%C3%A1s%29+koncertek+anyagainak+kiad%C3%A1sa+%28Karlstad+%2775%2C+Getyngi+%2777%2C+Sopotu+%2778%29.%C2%A0%3C%2Fspan%3E%3Cspan+style%3D%22font-size%3A+12pt%3B%22%3E2004-ben+megjelent+a+zenekar+1974-2004+k%C3%B6z%C3%B6tti+id%C5%91szak%C3%A1t+feldolgoz%C3%B3+22+lemezes+d%C3%ADszdoboz%2C+aminek+minden+rajong%C3%B3+gy%C5%B1jtem%C3%A9ny%C3%A9ben+ott+kellene+lennie+-+hacsak+nincsenek+meg+k%C3%BCl%C3%B6n-k%C3%BCl%C3%B6n+a+korszak+albumai.%3C%2Fspan%3E%3C%2Fp%3E%0D%0A%3Cp+style%3D%22text-align%3A+justify%3B%22%3E%3Cspan+style%3D%22font-size%3A+12pt%3B%22%3E2007-ig+folyamatosan+koncerteztek%2C+kiadtak+n%C3%A9h%C3%A1ny+%C3%BAjabb+koncertalbumot%2C+fell%C3%A9ptek+a+Deep+Purple+t%C3%A1rsas%C3%A1g%C3%A1ban+-+teh%C3%A1t+teljes+g%C5%91zzel+dolgoztak.+2007-ben+azonban+Pat+Metheny+visszah%C3%ADvta+%C3%A1lland%C3%B3+k%C3%ADs%C3%A9r%C5%91-zenekar%C3%A1ba+Paul+Wertico-t%2C+aki+nem+tehetett+m%C3%A1st+-+%C3%A9s+ezt+a+tagok+is+meg%C3%A9rtett%C3%A9k+-%2C+visszarohant+a+jazz+vil%C3%A1g%C3%A1ba.+Hely%C3%A9re+N%C3%A9meth+G%C3%A1bor+%C3%A9rkezett%2C+aki+nagyon+neh%C3%A9z+helyzetben+volt%2C+hisz+Vertico+ut%C3%A1n+dobolni+nagyon+komoly+kih%C3%ADv%C3%A1st+jelentett+-+nem+is+v%C3%A9letlen%C3%BCl+v%C3%A1lasztott%C3%A1k+%C5%91t.+G%C3%A1bor+%C3%BCt%C5%91sj%C3%A1t%C3%A9k%C3%A1t+k%C3%A9t+albumon+is+%C3%A9lvezhetj%C3%BCk%3A+%22The+rock%22%2C+valamint+%22Blue+trance%22.%3C%2Fspan%3E%3C%2Fp%3E%0D%0A%3Cp+style%3D%22text-align%3A+center%3B%22%3E%3Cspan+style%3D%22font-size%3A+12pt%3B%22%3E%3Cimg+class%3D%22alignnone+wp-image-2749%22+src%3D%22http%3A%2F%2Flongkft.hu%2Faudioblog%2Fwp-content%2Fuploads%2F2018%2F02%2FSBB_n%C3%A9meth-G%C3%A1bor.jpg%22+alt%3D%22%22+width%3D%22500%22+height%3D%22275%22+%2F%3E%3C%2Fspan%3E%3C%2Fp%3E%0D%0A%3Cp+style%3D%22text-align%3A+justify%3B%22%3E%3Cspan+style%3D%22font-size%3A+12pt%3B%22%3E2014.+%C3%A1prilis+13.+a+k%C3%B6vetkez%C5%91+igaz%C3%A1n+jelent%C5%91s+esem%C3%A9ny+az+egy%C3%BCttes+%C3%A9let%C3%A9ben+-+%C3%BAjra+%C3%B6ssze%C3%A1llt+a+%22nagy%22+csapat%2C+a+dobok+m%C3%B6g%C3%B6tt+ism%C3%A9t+Jerzy+Piotrowski-t+l%C3%A1thatjuk...%3C%2Fspan%3E%3C%2Fp%3E%0D%0A%3Cp+style%3D%22text-align%3A+center%3B%22%3E%3Cspan+style%3D%22font-size%3A+12pt%3B%22%3E%3Cimg+class%3D%22alignnone+wp-image-2750%22+src%3D%22http%3A%2F%2Flongkft.hu%2Faudioblog%2Fwp-content%2Fuploads%2F2018%2F02%2FSBB.jpg%22+alt%3D%22%22+width%3D%22500%22+height%3D%22309%22+%2F%3E%3C%2Fspan%3E%3C%2Fp%3E%0D%0A%3Ca+href%3D%22http%3A%2F%2Flongkft.hu%2Faudioblog%2Fsbb-elso-resz%22%3ESBB+els%C5%91+r%C3%A9sz%3C%2Fa%3E&amp;source=Longaudio\"><\/a><a target=\"_blank\" class=\"gplusz\" title=\"\" rel=\"external\" href=\"https:\/\/plusone.google.com\/_\/+1\/confirm?url=https:\/\/longkft.hu\/audioblog\/sbb-masodik-resz\/\"><\/a><a target=\"_blank\" rel=\"nofollow\" class=\"email\" href=\"mailto:?subject=Longaudio - SBB (m\u00e1sodik r\u00e9sz)&amp;body=Kedves Bar\u00e1tom! Most olvastam a(z) SBB (m\u00e1sodik r\u00e9sz)  c\u00edm\u0171 cikket a(z) Longaudio  oldalon. Hivatkoz\u00e1s:  https:\/\/longkft.hu\/audioblog\/sbb-masodik-resz\/\" title=\"\"><\/a><a class=\"nyomtatas\" title=\"\" href=\"http:\/\/www.printfriendly.com\" onclick=\"window.print();return false;\"><\/a>","protected":false},"author":2,"featured_media":2746,"comment_status":"open","ping_status":"closed","sticky":false,"template":"","format":"standard","meta":{"footnotes":""},"categories":[31],"tags":[96],"class_list":["post-2745","post","type-post","status-publish","format-standard","has-post-thumbnail","hentry","category-lemezkritika","tag-jazz"],"yoast_head":"<!-- This site is optimized with the Yoast SEO plugin v27.5 - https:\/\/yoast.com\/product\/yoast-seo-wordpress\/ -->\n<title>SBB (m\u00e1sodik r\u00e9sz) - Longaudio<\/title>\n<meta name=\"robots\" content=\"index, follow, max-snippet:-1, max-image-preview:large, max-video-preview:-1\" \/>\n<link rel=\"canonical\" href=\"https:\/\/longkft.hu\/audioblog\/sbb-masodik-resz\/\" \/>\n<meta property=\"og:locale\" content=\"hu_HU\" \/>\n<meta property=\"og:type\" content=\"article\" \/>\n<meta property=\"og:title\" content=\"SBB (m\u00e1sodik r\u00e9sz) - Longaudio\" \/>\n<meta property=\"og:description\" content=\"SBB, alias Silesian Blues Band, alias Szukaj Burz Buduj, akias Search, Break up, Build, alias Keresd meg, Z\u00fazd sz\u00e9t, \u00c9p\u00edtsd...\" \/>\n<meta property=\"og:url\" content=\"https:\/\/longkft.hu\/audioblog\/sbb-masodik-resz\/\" \/>\n<meta property=\"og:site_name\" content=\"Longaudio\" \/>\n<meta property=\"article:publisher\" content=\"https:\/\/www.facebook.com\/longkft\" \/>\n<meta property=\"article:author\" content=\"https:\/\/www.facebook.com\/longkft\" \/>\n<meta property=\"article:published_time\" content=\"2017-08-04T18:39:35+00:00\" \/>\n<meta property=\"article:modified_time\" content=\"2022-05-26T19:57:15+00:00\" \/>\n<meta property=\"og:image\" content=\"https:\/\/longkft.hu\/audioblog\/wp-content\/uploads\/2018\/02\/SBB-2.jpg\" \/>\n\t<meta property=\"og:image:width\" content=\"1134\" \/>\n\t<meta property=\"og:image:height\" content=\"820\" \/>\n\t<meta property=\"og:image:type\" content=\"image\/jpeg\" \/>\n<meta name=\"author\" content=\"Long\" \/>\n<meta name=\"twitter:card\" content=\"summary_large_image\" \/>\n<meta name=\"twitter:label1\" content=\"Szerz\u0151:\" \/>\n\t<meta name=\"twitter:data1\" content=\"Long\" \/>\n\t<meta name=\"twitter:label2\" content=\"Becs\u00fclt olvas\u00e1si id\u0151\" \/>\n\t<meta name=\"twitter:data2\" content=\"5 perc\" \/>\n<script type=\"application\/ld+json\" class=\"yoast-schema-graph\">{\"@context\":\"https:\\\/\\\/schema.org\",\"@graph\":[{\"@type\":\"Article\",\"@id\":\"https:\\\/\\\/longkft.hu\\\/audioblog\\\/sbb-masodik-resz\\\/#article\",\"isPartOf\":{\"@id\":\"https:\\\/\\\/longkft.hu\\\/audioblog\\\/sbb-masodik-resz\\\/\"},\"author\":{\"name\":\"Long\",\"@id\":\"https:\\\/\\\/longkft.hu\\\/audioblog\\\/#\\\/schema\\\/person\\\/645cabad2d8e942354ed2caeef3aa9ea\"},\"headline\":\"SBB (m\u00e1sodik r\u00e9sz)\",\"datePublished\":\"2017-08-04T18:39:35+00:00\",\"dateModified\":\"2022-05-26T19:57:15+00:00\",\"mainEntityOfPage\":{\"@id\":\"https:\\\/\\\/longkft.hu\\\/audioblog\\\/sbb-masodik-resz\\\/\"},\"wordCount\":1019,\"commentCount\":3,\"publisher\":{\"@id\":\"https:\\\/\\\/longkft.hu\\\/audioblog\\\/#\\\/schema\\\/person\\\/645cabad2d8e942354ed2caeef3aa9ea\"},\"image\":{\"@id\":\"https:\\\/\\\/longkft.hu\\\/audioblog\\\/sbb-masodik-resz\\\/#primaryimage\"},\"thumbnailUrl\":\"https:\\\/\\\/longkft.hu\\\/audioblog\\\/wp-content\\\/uploads\\\/2018\\\/02\\\/SBB-2.jpg\",\"keywords\":[\"Jazz\"],\"articleSection\":[\"Lemezkritika\"],\"inLanguage\":\"hu\",\"potentialAction\":[{\"@type\":\"CommentAction\",\"name\":\"Comment\",\"target\":[\"https:\\\/\\\/longkft.hu\\\/audioblog\\\/sbb-masodik-resz\\\/#respond\"]}]},{\"@type\":\"WebPage\",\"@id\":\"https:\\\/\\\/longkft.hu\\\/audioblog\\\/sbb-masodik-resz\\\/\",\"url\":\"https:\\\/\\\/longkft.hu\\\/audioblog\\\/sbb-masodik-resz\\\/\",\"name\":\"SBB (m\u00e1sodik r\u00e9sz) - Longaudio\",\"isPartOf\":{\"@id\":\"https:\\\/\\\/longkft.hu\\\/audioblog\\\/#website\"},\"primaryImageOfPage\":{\"@id\":\"https:\\\/\\\/longkft.hu\\\/audioblog\\\/sbb-masodik-resz\\\/#primaryimage\"},\"image\":{\"@id\":\"https:\\\/\\\/longkft.hu\\\/audioblog\\\/sbb-masodik-resz\\\/#primaryimage\"},\"thumbnailUrl\":\"https:\\\/\\\/longkft.hu\\\/audioblog\\\/wp-content\\\/uploads\\\/2018\\\/02\\\/SBB-2.jpg\",\"datePublished\":\"2017-08-04T18:39:35+00:00\",\"dateModified\":\"2022-05-26T19:57:15+00:00\",\"breadcrumb\":{\"@id\":\"https:\\\/\\\/longkft.hu\\\/audioblog\\\/sbb-masodik-resz\\\/#breadcrumb\"},\"inLanguage\":\"hu\",\"potentialAction\":[{\"@type\":\"ReadAction\",\"target\":[\"https:\\\/\\\/longkft.hu\\\/audioblog\\\/sbb-masodik-resz\\\/\"]}]},{\"@type\":\"ImageObject\",\"inLanguage\":\"hu\",\"@id\":\"https:\\\/\\\/longkft.hu\\\/audioblog\\\/sbb-masodik-resz\\\/#primaryimage\",\"url\":\"https:\\\/\\\/longkft.hu\\\/audioblog\\\/wp-content\\\/uploads\\\/2018\\\/02\\\/SBB-2.jpg\",\"contentUrl\":\"https:\\\/\\\/longkft.hu\\\/audioblog\\\/wp-content\\\/uploads\\\/2018\\\/02\\\/SBB-2.jpg\",\"width\":1134,\"height\":820,\"caption\":\"SBB\"},{\"@type\":\"BreadcrumbList\",\"@id\":\"https:\\\/\\\/longkft.hu\\\/audioblog\\\/sbb-masodik-resz\\\/#breadcrumb\",\"itemListElement\":[{\"@type\":\"ListItem\",\"position\":1,\"name\":\"Kezd\u0151oldal\",\"item\":\"https:\\\/\\\/longkft.hu\\\/audioblog\\\/\"},{\"@type\":\"ListItem\",\"position\":2,\"name\":\"SBB (m\u00e1sodik r\u00e9sz)\"}]},{\"@type\":\"WebSite\",\"@id\":\"https:\\\/\\\/longkft.hu\\\/audioblog\\\/#website\",\"url\":\"https:\\\/\\\/longkft.hu\\\/audioblog\\\/\",\"name\":\"Longaudio\",\"description\":\"50 \u00e9v lemezgy\u0171jtem\u00e9nye \u00e9s audio k\u00e9sz\u00fcl\u00e9kei\",\"publisher\":{\"@id\":\"https:\\\/\\\/longkft.hu\\\/audioblog\\\/#\\\/schema\\\/person\\\/645cabad2d8e942354ed2caeef3aa9ea\"},\"potentialAction\":[{\"@type\":\"SearchAction\",\"target\":{\"@type\":\"EntryPoint\",\"urlTemplate\":\"https:\\\/\\\/longkft.hu\\\/audioblog\\\/?s={search_term_string}\"},\"query-input\":{\"@type\":\"PropertyValueSpecification\",\"valueRequired\":true,\"valueName\":\"search_term_string\"}}],\"inLanguage\":\"hu\"},{\"@type\":[\"Person\",\"Organization\"],\"@id\":\"https:\\\/\\\/longkft.hu\\\/audioblog\\\/#\\\/schema\\\/person\\\/645cabad2d8e942354ed2caeef3aa9ea\",\"name\":\"Long\",\"image\":{\"@type\":\"ImageObject\",\"inLanguage\":\"hu\",\"@id\":\"https:\\\/\\\/longkft.hu\\\/audioblog\\\/wp-content\\\/uploads\\\/2018\\\/01\\\/logo.jpg\",\"url\":\"https:\\\/\\\/longkft.hu\\\/audioblog\\\/wp-content\\\/uploads\\\/2018\\\/01\\\/logo.jpg\",\"contentUrl\":\"https:\\\/\\\/longkft.hu\\\/audioblog\\\/wp-content\\\/uploads\\\/2018\\\/01\\\/logo.jpg\",\"width\":240,\"height\":240,\"caption\":\"Long\"},\"logo\":{\"@id\":\"https:\\\/\\\/longkft.hu\\\/audioblog\\\/wp-content\\\/uploads\\\/2018\\\/01\\\/logo.jpg\"},\"sameAs\":[\"https:\\\/\\\/www.facebook.com\\\/longkft\",\"https:\\\/\\\/hu.pinterest.com\\\/farkas1051\\\/_saved\\\/\"],\"url\":\"https:\\\/\\\/longkft.hu\\\/audioblog\\\/author\\\/audioblogger\\\/\"}]}<\/script>\n<!-- \/ Yoast SEO plugin. -->","yoast_head_json":{"title":"SBB (m\u00e1sodik r\u00e9sz) - Longaudio","robots":{"index":"index","follow":"follow","max-snippet":"max-snippet:-1","max-image-preview":"max-image-preview:large","max-video-preview":"max-video-preview:-1"},"canonical":"https:\/\/longkft.hu\/audioblog\/sbb-masodik-resz\/","og_locale":"hu_HU","og_type":"article","og_title":"SBB (m\u00e1sodik r\u00e9sz) - Longaudio","og_description":"SBB, alias Silesian Blues Band, alias Szukaj Burz Buduj, akias Search, Break up, Build, alias Keresd meg, Z\u00fazd sz\u00e9t, \u00c9p\u00edtsd...","og_url":"https:\/\/longkft.hu\/audioblog\/sbb-masodik-resz\/","og_site_name":"Longaudio","article_publisher":"https:\/\/www.facebook.com\/longkft","article_author":"https:\/\/www.facebook.com\/longkft","article_published_time":"2017-08-04T18:39:35+00:00","article_modified_time":"2022-05-26T19:57:15+00:00","og_image":[{"width":1134,"height":820,"url":"https:\/\/longkft.hu\/audioblog\/wp-content\/uploads\/2018\/02\/SBB-2.jpg","type":"image\/jpeg"}],"author":"Long","twitter_card":"summary_large_image","twitter_misc":{"Szerz\u0151:":"Long","Becs\u00fclt olvas\u00e1si id\u0151":"5 perc"},"schema":{"@context":"https:\/\/schema.org","@graph":[{"@type":"Article","@id":"https:\/\/longkft.hu\/audioblog\/sbb-masodik-resz\/#article","isPartOf":{"@id":"https:\/\/longkft.hu\/audioblog\/sbb-masodik-resz\/"},"author":{"name":"Long","@id":"https:\/\/longkft.hu\/audioblog\/#\/schema\/person\/645cabad2d8e942354ed2caeef3aa9ea"},"headline":"SBB (m\u00e1sodik r\u00e9sz)","datePublished":"2017-08-04T18:39:35+00:00","dateModified":"2022-05-26T19:57:15+00:00","mainEntityOfPage":{"@id":"https:\/\/longkft.hu\/audioblog\/sbb-masodik-resz\/"},"wordCount":1019,"commentCount":3,"publisher":{"@id":"https:\/\/longkft.hu\/audioblog\/#\/schema\/person\/645cabad2d8e942354ed2caeef3aa9ea"},"image":{"@id":"https:\/\/longkft.hu\/audioblog\/sbb-masodik-resz\/#primaryimage"},"thumbnailUrl":"https:\/\/longkft.hu\/audioblog\/wp-content\/uploads\/2018\/02\/SBB-2.jpg","keywords":["Jazz"],"articleSection":["Lemezkritika"],"inLanguage":"hu","potentialAction":[{"@type":"CommentAction","name":"Comment","target":["https:\/\/longkft.hu\/audioblog\/sbb-masodik-resz\/#respond"]}]},{"@type":"WebPage","@id":"https:\/\/longkft.hu\/audioblog\/sbb-masodik-resz\/","url":"https:\/\/longkft.hu\/audioblog\/sbb-masodik-resz\/","name":"SBB (m\u00e1sodik r\u00e9sz) - Longaudio","isPartOf":{"@id":"https:\/\/longkft.hu\/audioblog\/#website"},"primaryImageOfPage":{"@id":"https:\/\/longkft.hu\/audioblog\/sbb-masodik-resz\/#primaryimage"},"image":{"@id":"https:\/\/longkft.hu\/audioblog\/sbb-masodik-resz\/#primaryimage"},"thumbnailUrl":"https:\/\/longkft.hu\/audioblog\/wp-content\/uploads\/2018\/02\/SBB-2.jpg","datePublished":"2017-08-04T18:39:35+00:00","dateModified":"2022-05-26T19:57:15+00:00","breadcrumb":{"@id":"https:\/\/longkft.hu\/audioblog\/sbb-masodik-resz\/#breadcrumb"},"inLanguage":"hu","potentialAction":[{"@type":"ReadAction","target":["https:\/\/longkft.hu\/audioblog\/sbb-masodik-resz\/"]}]},{"@type":"ImageObject","inLanguage":"hu","@id":"https:\/\/longkft.hu\/audioblog\/sbb-masodik-resz\/#primaryimage","url":"https:\/\/longkft.hu\/audioblog\/wp-content\/uploads\/2018\/02\/SBB-2.jpg","contentUrl":"https:\/\/longkft.hu\/audioblog\/wp-content\/uploads\/2018\/02\/SBB-2.jpg","width":1134,"height":820,"caption":"SBB"},{"@type":"BreadcrumbList","@id":"https:\/\/longkft.hu\/audioblog\/sbb-masodik-resz\/#breadcrumb","itemListElement":[{"@type":"ListItem","position":1,"name":"Kezd\u0151oldal","item":"https:\/\/longkft.hu\/audioblog\/"},{"@type":"ListItem","position":2,"name":"SBB (m\u00e1sodik r\u00e9sz)"}]},{"@type":"WebSite","@id":"https:\/\/longkft.hu\/audioblog\/#website","url":"https:\/\/longkft.hu\/audioblog\/","name":"Longaudio","description":"50 \u00e9v lemezgy\u0171jtem\u00e9nye \u00e9s audio k\u00e9sz\u00fcl\u00e9kei","publisher":{"@id":"https:\/\/longkft.hu\/audioblog\/#\/schema\/person\/645cabad2d8e942354ed2caeef3aa9ea"},"potentialAction":[{"@type":"SearchAction","target":{"@type":"EntryPoint","urlTemplate":"https:\/\/longkft.hu\/audioblog\/?s={search_term_string}"},"query-input":{"@type":"PropertyValueSpecification","valueRequired":true,"valueName":"search_term_string"}}],"inLanguage":"hu"},{"@type":["Person","Organization"],"@id":"https:\/\/longkft.hu\/audioblog\/#\/schema\/person\/645cabad2d8e942354ed2caeef3aa9ea","name":"Long","image":{"@type":"ImageObject","inLanguage":"hu","@id":"https:\/\/longkft.hu\/audioblog\/wp-content\/uploads\/2018\/01\/logo.jpg","url":"https:\/\/longkft.hu\/audioblog\/wp-content\/uploads\/2018\/01\/logo.jpg","contentUrl":"https:\/\/longkft.hu\/audioblog\/wp-content\/uploads\/2018\/01\/logo.jpg","width":240,"height":240,"caption":"Long"},"logo":{"@id":"https:\/\/longkft.hu\/audioblog\/wp-content\/uploads\/2018\/01\/logo.jpg"},"sameAs":["https:\/\/www.facebook.com\/longkft","https:\/\/hu.pinterest.com\/farkas1051\/_saved\/"],"url":"https:\/\/longkft.hu\/audioblog\/author\/audioblogger\/"}]}},"_links":{"self":[{"href":"https:\/\/longkft.hu\/audioblog\/wp-json\/wp\/v2\/posts\/2745","targetHints":{"allow":["GET"]}}],"collection":[{"href":"https:\/\/longkft.hu\/audioblog\/wp-json\/wp\/v2\/posts"}],"about":[{"href":"https:\/\/longkft.hu\/audioblog\/wp-json\/wp\/v2\/types\/post"}],"author":[{"embeddable":true,"href":"https:\/\/longkft.hu\/audioblog\/wp-json\/wp\/v2\/users\/2"}],"replies":[{"embeddable":true,"href":"https:\/\/longkft.hu\/audioblog\/wp-json\/wp\/v2\/comments?post=2745"}],"version-history":[{"count":0,"href":"https:\/\/longkft.hu\/audioblog\/wp-json\/wp\/v2\/posts\/2745\/revisions"}],"wp:featuredmedia":[{"embeddable":true,"href":"https:\/\/longkft.hu\/audioblog\/wp-json\/wp\/v2\/media\/2746"}],"wp:attachment":[{"href":"https:\/\/longkft.hu\/audioblog\/wp-json\/wp\/v2\/media?parent=2745"}],"wp:term":[{"taxonomy":"category","embeddable":true,"href":"https:\/\/longkft.hu\/audioblog\/wp-json\/wp\/v2\/categories?post=2745"},{"taxonomy":"post_tag","embeddable":true,"href":"https:\/\/longkft.hu\/audioblog\/wp-json\/wp\/v2\/tags?post=2745"}],"curies":[{"name":"wp","href":"https:\/\/api.w.org\/{rel}","templated":true}]}}