{"id":365,"date":"2016-03-17T15:21:34","date_gmt":"2016-03-17T15:21:34","guid":{"rendered":"http:\/\/longkft.hu\/audioblog\/?p=365"},"modified":"2022-02-04T10:17:34","modified_gmt":"2022-02-04T10:17:34","slug":"omega-budapest-sportcsarnok-1982-nepstadion-1994","status":"publish","type":"post","link":"https:\/\/longkft.hu\/audioblog\/omega-budapest-sportcsarnok-1982-nepstadion-1994\/","title":{"rendered":"Omega &#8211; Budapest Sportcsarnok 1982 \/ N\u00e9pstadion 1994"},"content":{"rendered":"<p style=\"text-align: justify;\"><span style=\"font-size: 12pt;\"><strong>Budapest Sportcsarnok<\/strong> (1982)<\/span><br \/>\n<span style=\"font-size: 12pt;\"> 1982-ben \u00e1tadt\u00e1k Magyarorsz\u00e1g legnagyobb sportcsarnok\u00e1t, az az\u00f3ta sajnos le\u00e9gett Budapest Sportcsarnokot. A nyit\u00f3koncertet az akkor vil\u00e1gh\u00edr\u0171 &#8211; ma m\u00e1r a nev\u00e9re sem eml\u00e9ksz\u00fcnk &#8211; Saga zenekar adta.<\/span><\/p>\n<p style=\"text-align: center;\"><img loading=\"lazy\" decoding=\"async\" class=\"aligncenter wp-image-10629\" src=\"https:\/\/longkft.hu\/audioblog\/wp-content\/uploads\/2016\/03\/omega_82_eleje.jpg\" alt=\"\" width=\"600\" height=\"600\" srcset=\"https:\/\/longkft.hu\/audioblog\/wp-content\/uploads\/2016\/03\/omega_82_eleje.jpg 984w, https:\/\/longkft.hu\/audioblog\/wp-content\/uploads\/2016\/03\/omega_82_eleje-300x300.jpg 300w, https:\/\/longkft.hu\/audioblog\/wp-content\/uploads\/2016\/03\/omega_82_eleje-150x150.jpg 150w, https:\/\/longkft.hu\/audioblog\/wp-content\/uploads\/2016\/03\/omega_82_eleje-768x768.jpg 768w, https:\/\/longkft.hu\/audioblog\/wp-content\/uploads\/2016\/03\/omega_82_eleje-500x500.jpg 500w, https:\/\/longkft.hu\/audioblog\/wp-content\/uploads\/2016\/03\/omega_82_eleje-400x400.jpg 400w, https:\/\/longkft.hu\/audioblog\/wp-content\/uploads\/2016\/03\/omega_82_eleje-200x200.jpg 200w, https:\/\/longkft.hu\/audioblog\/wp-content\/uploads\/2016\/03\/omega_82_eleje-820x820.jpg 820w\" sizes=\"auto, (max-width: 600px) 100vw, 600px\" \/><\/p>\n<p style=\"text-align: justify;\"><span style=\"font-size: 12pt;\">Az Omega ebben az \u00e9vben 20 \u00e9ves lett, meg kellett \u00fcnnepelni. Csin\u00e1lniuk kellett valami nagyon nagyot, valami extr\u00e1n omeg\u00e1sat. Legyen koncert az \u00faj Sportcsarnokban, de nem \u00e1m csak \u00fagy, hogy kimennek, azt\u00e1n zen\u00e9lgetnek&#8230; Felk\u00e9rt\u00e9k Jancs\u00f3 Mikl\u00f3st a koncert megrendez\u00e9s\u00e9re!<span class=\"text_exposed_show\"><br \/>\nFiatalabb zenebar\u00e1tainknak tal\u00e1n kev\u00e9sb\u00e9 ismert e n\u00e9v, az Omega szempontj\u00e1b\u00f3l el\u00e9g, ha annyit \u00edrok r\u00f3la, hogy Jancs\u00f3 nev\u00e9r\u0151l \u00e1ltal\u00e1ban a puszt\u00e1ban v\u00e1gtat\u00f3 feh\u00e9r lovak \u00e9s puc\u00e9r l\u00e1nyok jutnak els\u0151re az emberek esz\u00e9be &#8211; ez\u00faton is eln\u00e9z\u00e9st k\u00e9rek a Mestert\u0151l.<\/span><\/span><\/p>\n<p style=\"text-align: center;\"><img loading=\"lazy\" decoding=\"async\" class=\"aligncenter wp-image-10630\" src=\"https:\/\/longkft.hu\/audioblog\/wp-content\/uploads\/2016\/03\/omega_82__kozepe-1024x512.jpg\" alt=\"\" width=\"800\" height=\"400\" srcset=\"https:\/\/longkft.hu\/audioblog\/wp-content\/uploads\/2016\/03\/omega_82__kozepe-1024x512.jpg 1024w, https:\/\/longkft.hu\/audioblog\/wp-content\/uploads\/2016\/03\/omega_82__kozepe-300x150.jpg 300w, https:\/\/longkft.hu\/audioblog\/wp-content\/uploads\/2016\/03\/omega_82__kozepe-768x384.jpg 768w, https:\/\/longkft.hu\/audioblog\/wp-content\/uploads\/2016\/03\/omega_82__kozepe-1536x768.jpg 1536w, https:\/\/longkft.hu\/audioblog\/wp-content\/uploads\/2016\/03\/omega_82__kozepe-200x100.jpg 200w, https:\/\/longkft.hu\/audioblog\/wp-content\/uploads\/2016\/03\/omega_82__kozepe-1920x960.jpg 1920w, https:\/\/longkft.hu\/audioblog\/wp-content\/uploads\/2016\/03\/omega_82__kozepe-1240x620.jpg 1240w, https:\/\/longkft.hu\/audioblog\/wp-content\/uploads\/2016\/03\/omega_82__kozepe-820x410.jpg 820w, https:\/\/longkft.hu\/audioblog\/wp-content\/uploads\/2016\/03\/omega_82__kozepe-400x200.jpg 400w, https:\/\/longkft.hu\/audioblog\/wp-content\/uploads\/2016\/03\/omega_82__kozepe.jpg 1969w\" sizes=\"auto, (max-width: 800px) 100vw, 800px\" \/><\/p>\n<div class=\"text_exposed_show\" style=\"text-align: justify;\">\n<p><span style=\"font-size: 12pt;\">Teh\u00e1t meghirdettek egy Jancs\u00f3 Mikl\u00f3s rendezte Omega koncertet 1982 november\u00e9re, amire szinte aznap elkapkodt\u00e1k a jegyeket. Majd m\u00e1snapra is, majd a k\u00f6vetkez\u0151 napra is, majd az els\u0151 koncert el\u0151tti &#8222;nulladik&#8221; napra, majd m\u00e9g egyre.<\/span><br \/>\n<span style=\"font-size: 12pt;\"> Az 1982-es koncert(sorozat) v\u00e9g\u00fcl november 11-t\u0151l 15-ig tartott maxim\u00e1lisan telt n\u00e9z\u0151terekkel &#8211; 2 napra is volt jegyem.<\/span><\/p>\n<p><span style=\"font-size: 12pt;\">K\u00e9t &#8222;\u00e9rdekess\u00e9get&#8221; emeln\u00e9k ki a &#8222;rendez\u00e9sb\u0151l&#8221;.<\/span><br \/>\n<span style=\"font-size: 12pt;\"> Amikor teljesen megtelt a n\u00e9z\u0151t\u00e9r &#8211; \u00e9rtsd sz\u00f3 szerint, gombost\u0171 sem eshetett le &#8211; a R\u00e1k\u00f3czi indul\u00f3 zen\u00e9j\u00e9re egy cirkuszi t\u00e1rsulat vonult be a t\u00f6megbe er\u0151m\u0171v\u00e9sszel akrobat\u00e1val&#8230; \u00e9s igen, amolyan jancs\u00f3san, zen\u00e9hez, hangulathoz egy\u00e1ltal\u00e1n nem kapcsol\u00f3d\u00f3an folyamatosan vetk\u0151ztek a sz\u00ednpad k\u00fcl\u00f6nb\u00f6z\u0151 helyein k\u00fcl\u00f6nb\u00f6z\u0151 eszt\u00e9tikai \u00e9lm\u00e9nyt ny\u00fajt\u00f3 l\u00e1nyok.<\/span><\/p>\n<p><span style=\"font-size: 12pt;\"><strong>N\u00e9pstadion<\/strong> (1994)<\/span><br \/>\n<span style=\"font-size: 12pt;\"> Az Omega \u00fagy d\u00f6nt\u00f6tt, ir\u00e1ny a N\u00e9pstadion &#8211; van annyi rajong\u00f3ja, hogy megt\u00f6ltse. Ez volt a &#8222;vizes&#8221; koncert. 1994 szeptember 3-\u00e1n a koncert megkezd\u00e9sekor igazi tr\u00f3pusi zuhatag \u00f6nt\u00f6tte el Budapestet. A zen\u00e9szek \u00e9s a n\u00e9z\u0151k nem adt\u00e1k fel. Bok\u00e1ig v\u00edzben \u00e1llva (m\u0171anyaglapokkal v\u00e9dt\u00e9k a Stadion gyepsz\u0151nyeg\u00e9t), boldogan cs\u00e1polva \u00e9lvezt\u00fck a koncert minden pillanat\u00e1t.<\/span><br \/>\n<span style=\"font-size: 12pt;\"> Ez volt \u00e9letem utols\u00f3 Omega koncertje.<\/span><\/p>\n<p style=\"text-align: center;\"><img loading=\"lazy\" decoding=\"async\" class=\"aligncenter wp-image-10632\" src=\"https:\/\/longkft.hu\/audioblog\/wp-content\/uploads\/2016\/03\/omega_koncert_cd-1024x512.jpg\" alt=\"\" width=\"800\" height=\"400\" srcset=\"https:\/\/longkft.hu\/audioblog\/wp-content\/uploads\/2016\/03\/omega_koncert_cd-1024x512.jpg 1024w, https:\/\/longkft.hu\/audioblog\/wp-content\/uploads\/2016\/03\/omega_koncert_cd-300x150.jpg 300w, https:\/\/longkft.hu\/audioblog\/wp-content\/uploads\/2016\/03\/omega_koncert_cd-768x384.jpg 768w, https:\/\/longkft.hu\/audioblog\/wp-content\/uploads\/2016\/03\/omega_koncert_cd-1536x768.jpg 1536w, https:\/\/longkft.hu\/audioblog\/wp-content\/uploads\/2016\/03\/omega_koncert_cd-200x100.jpg 200w, https:\/\/longkft.hu\/audioblog\/wp-content\/uploads\/2016\/03\/omega_koncert_cd-1920x960.jpg 1920w, https:\/\/longkft.hu\/audioblog\/wp-content\/uploads\/2016\/03\/omega_koncert_cd-1240x620.jpg 1240w, https:\/\/longkft.hu\/audioblog\/wp-content\/uploads\/2016\/03\/omega_koncert_cd-820x410.jpg 820w, https:\/\/longkft.hu\/audioblog\/wp-content\/uploads\/2016\/03\/omega_koncert_cd-400x200.jpg 400w, https:\/\/longkft.hu\/audioblog\/wp-content\/uploads\/2016\/03\/omega_koncert_cd.jpg 1969w\" sizes=\"auto, (max-width: 800px) 100vw, 800px\" \/><\/p>\n<p><span style=\"font-size: 12pt;\">&#8230;\u00e9s egy z\u00e1r\u00f3 gondolat. Omega rajong\u00f3 grafikusi \u00e9nem kik\u00e9ri mag\u00e1nak a v\u00e1rost bebor\u00edt\u00f3 piszkossz\u00fcrke Gy\u00f6ngyhaj\u00fa l\u00e1ny plak\u00e1tokat, ami a &#8222;musicalek alf\u00e1j\u00e1t \u00e9s omeg\u00e1j\u00e1t&#8221; hirdeti!<\/span><\/p>\n<p><span style=\"font-size: 12pt;\"><a href=\"http:\/\/longkft.hu\/audioblog\/tag\/omega\/\">Tov\u00e1bbi Omega<br \/>\n<\/a><a href=\"http:\/\/longkft.hu\/audioblog\/kategoria\/lemezkritika\/\">Tov\u00e1bbi lemezkritik\u00e1k<\/a><\/span><\/p>\n<\/div>\n<span>Megosztom:<\/span><br><a target=\"_blank\" class=\"facebook\" title=\"\" rel=\"external\" href=\"https:\/\/www.facebook.com\/share.php?u=https:\/\/longkft.hu\/audioblog\/omega-budapest-sportcsarnok-1982-nepstadion-1994\/&title=Omega &#8211; Budapest Sportcsarnok 1982 \/ N\u00e9pstadion 1994\"><\/a><a target=\"_blank\" class=\"linkedin\" title=\"\" rel=\"external\" href=\"http:\/\/www.linkedin.com\/shareArticle?mini=true&amp;url=https%3A%2F%2Flongkft.hu%2Faudioblog%2Fomega-budapest-sportcsarnok-1982-nepstadion-1994%2F&amp;title=Omega+%26%238211%3B+Budapest+Sportcsarnok+1982+%2F+N%C3%A9pstadion+1994&amp;summary=%3Cp+style%3D%22text-align%3A+justify%3B%22%3E%3Cspan+style%3D%22font-size%3A+12pt%3B%22%3E%3Cstrong%3EBudapest+Sportcsarnok%3C%2Fstrong%3E+%281982%29%3C%2Fspan%3E%0D%0A%3Cspan+style%3D%22font-size%3A+12pt%3B%22%3E+1982-ben+%C3%A1tadt%C3%A1k+Magyarorsz%C3%A1g+legnagyobb+sportcsarnok%C3%A1t%2C+az+az%C3%B3ta+sajnos+le%C3%A9gett+Budapest+Sportcsarnokot.+A+nyit%C3%B3koncertet+az+akkor+vil%C3%A1gh%C3%ADr%C5%B1+-+ma+m%C3%A1r+a+nev%C3%A9re+sem+eml%C3%A9ksz%C3%BCnk+-+Saga+zenekar+adta.%3C%2Fspan%3E%3C%2Fp%3E%0D%0A%3Cp+style%3D%22text-align%3A+center%3B%22%3E%3Cimg+class%3D%22aligncenter+wp-image-10629%22+src%3D%22https%3A%2F%2Flongkft.hu%2Faudioblog%2Fwp-content%2Fuploads%2F2016%2F03%2Fomega_82_eleje.jpg%22+alt%3D%22%22+width%3D%22600%22+height%3D%22600%22+%2F%3E%3C%2Fp%3E%0D%0A%3Cp+style%3D%22text-align%3A+justify%3B%22%3E%3Cspan+style%3D%22font-size%3A+12pt%3B%22%3EAz+Omega+ebben+az+%C3%A9vben+20+%C3%A9ves+lett%2C+meg+kellett+%C3%BCnnepelni.+Csin%C3%A1lniuk+kellett+valami+nagyon+nagyot%2C+valami+extr%C3%A1n+omeg%C3%A1sat.+Legyen+koncert+az+%C3%BAj+Sportcsarnokban%2C+de+nem+%C3%A1m+csak+%C3%BAgy%2C+hogy+kimennek%2C+azt%C3%A1n+zen%C3%A9lgetnek...+Felk%C3%A9rt%C3%A9k+Jancs%C3%B3+Mikl%C3%B3st+a+koncert+megrendez%C3%A9s%C3%A9re%21%3Cspan+class%3D%22text_exposed_show%22%3E%0D%0AFiatalabb+zenebar%C3%A1tainknak+tal%C3%A1n+kev%C3%A9sb%C3%A9+ismert+e+n%C3%A9v%2C+az+Omega+szempontj%C3%A1b%C3%B3l+el%C3%A9g%2C+ha+annyit+%C3%ADrok+r%C3%B3la%2C+hogy+Jancs%C3%B3+nev%C3%A9r%C5%91l+%C3%A1ltal%C3%A1ban+a+puszt%C3%A1ban+v%C3%A1gtat%C3%B3+feh%C3%A9r+lovak+%C3%A9s+puc%C3%A9r+l%C3%A1nyok+jutnak+els%C5%91re+az+emberek+esz%C3%A9be+-+ez%C3%BAton+is+eln%C3%A9z%C3%A9st+k%C3%A9rek+a+Mestert%C5%91l.%3C%2Fspan%3E%3C%2Fspan%3E%3C%2Fp%3E%0D%0A%3Cp+style%3D%22text-align%3A+center%3B%22%3E%3Cimg+class%3D%22aligncenter+wp-image-10630%22+src%3D%22https%3A%2F%2Flongkft.hu%2Faudioblog%2Fwp-content%2Fuploads%2F2016%2F03%2Fomega_82__kozepe-1024x512.jpg%22+alt%3D%22%22+width%3D%22800%22+height%3D%22400%22+%2F%3E%3C%2Fp%3E%0D%0A%0D%0A%3Cdiv+class%3D%22text_exposed_show%22+style%3D%22text-align%3A+justify%3B%22%3E%0D%0A%0D%0A%3Cspan+style%3D%22font-size%3A+12pt%3B%22%3ETeh%C3%A1t+meghirdettek+egy+Jancs%C3%B3+Mikl%C3%B3s+rendezte+Omega+koncertet+1982+november%C3%A9re%2C+amire+szinte+aznap+elkapkodt%C3%A1k+a+jegyeket.+Majd+m%C3%A1snapra+is%2C+majd+a+k%C3%B6vetkez%C5%91+napra+is%2C+majd+az+els%C5%91+koncert+el%C5%91tti+%22nulladik%22+napra%2C+majd+m%C3%A9g+egyre.%3C%2Fspan%3E%0D%0A%3Cspan+style%3D%22font-size%3A+12pt%3B%22%3E+Az+1982-es+koncert%28sorozat%29+v%C3%A9g%C3%BCl+november+11-t%C5%91l+15-ig+tartott+maxim%C3%A1lisan+telt+n%C3%A9z%C5%91terekkel+-+2+napra+is+volt+jegyem.%3C%2Fspan%3E%0D%0A%0D%0A%3Cspan+style%3D%22font-size%3A+12pt%3B%22%3EK%C3%A9t+%22%C3%A9rdekess%C3%A9get%22+emeln%C3%A9k+ki+a+%22rendez%C3%A9sb%C5%91l%22.%3C%2Fspan%3E%0D%0A%3Cspan+style%3D%22font-size%3A+12pt%3B%22%3E+Amikor+teljesen+megtelt+a+n%C3%A9z%C5%91t%C3%A9r+-+%C3%A9rtsd+sz%C3%B3+szerint%2C+gombost%C5%B1+sem+eshetett+le+-+a+R%C3%A1k%C3%B3czi+indul%C3%B3+zen%C3%A9j%C3%A9re+egy+cirkuszi+t%C3%A1rsulat+vonult+be+a+t%C3%B6megbe+er%C5%91m%C5%B1v%C3%A9sszel+akrobat%C3%A1val...+%C3%A9s+igen%2C+amolyan+jancs%C3%B3san%2C+zen%C3%A9hez%2C+hangulathoz+egy%C3%A1ltal%C3%A1n+nem+kapcsol%C3%B3d%C3%B3an+folyamatosan+vetk%C5%91ztek+a+sz%C3%ADnpad+k%C3%BCl%C3%B6nb%C3%B6z%C5%91+helyein+k%C3%BCl%C3%B6nb%C3%B6z%C5%91+eszt%C3%A9tikai+%C3%A9lm%C3%A9nyt+ny%C3%BAjt%C3%B3+l%C3%A1nyok.%3C%2Fspan%3E%0D%0A%0D%0A%3Cspan+style%3D%22font-size%3A+12pt%3B%22%3E%3Cstrong%3EN%C3%A9pstadion%3C%2Fstrong%3E+%281994%29%3C%2Fspan%3E%0D%0A%3Cspan+style%3D%22font-size%3A+12pt%3B%22%3E+Az+Omega+%C3%BAgy+d%C3%B6nt%C3%B6tt%2C+ir%C3%A1ny+a+N%C3%A9pstadion+-+van+annyi+rajong%C3%B3ja%2C+hogy+megt%C3%B6ltse.+Ez+volt+a+%22vizes%22+koncert.+1994+szeptember+3-%C3%A1n+a+koncert+megkezd%C3%A9sekor+igazi+tr%C3%B3pusi+zuhatag+%C3%B6nt%C3%B6tte+el+Budapestet.+A+zen%C3%A9szek+%C3%A9s+a+n%C3%A9z%C5%91k+nem+adt%C3%A1k+fel.+Bok%C3%A1ig+v%C3%ADzben+%C3%A1llva+%28m%C5%B1anyaglapokkal+v%C3%A9dt%C3%A9k+a+Stadion+gyepsz%C5%91nyeg%C3%A9t%29%2C+boldogan+cs%C3%A1polva+%C3%A9lvezt%C3%BCk+a+koncert+minden+pillanat%C3%A1t.%3C%2Fspan%3E%0D%0A%3Cspan+style%3D%22font-size%3A+12pt%3B%22%3E+Ez+volt+%C3%A9letem+utols%C3%B3+Omega+koncertje.%3C%2Fspan%3E%0D%0A%3Cp+style%3D%22text-align%3A+center%3B%22%3E%3Cimg+class%3D%22aligncenter+wp-image-10632%22+src%3D%22https%3A%2F%2Flongkft.hu%2Faudioblog%2Fwp-content%2Fuploads%2F2016%2F03%2Fomega_koncert_cd-1024x512.jpg%22+alt%3D%22%22+width%3D%22800%22+height%3D%22400%22+%2F%3E%3C%2Fp%3E%0D%0A%3Cspan+style%3D%22font-size%3A+12pt%3B%22%3E...%C3%A9s+egy+z%C3%A1r%C3%B3+gondolat.+Omega+rajong%C3%B3+grafikusi+%C3%A9nem+kik%C3%A9ri+mag%C3%A1nak+a+v%C3%A1rost+bebor%C3%ADt%C3%B3+piszkossz%C3%BCrke+Gy%C3%B6ngyhaj%C3%BA+l%C3%A1ny+plak%C3%A1tokat%2C+ami+a+%22musicalek+alf%C3%A1j%C3%A1t+%C3%A9s+omeg%C3%A1j%C3%A1t%22+hirdeti%21%3C%2Fspan%3E%0D%0A%0D%0A%3Cspan+style%3D%22font-size%3A+12pt%3B%22%3E%3Ca+href%3D%22http%3A%2F%2Flongkft.hu%2Faudioblog%2Ftag%2Fomega%2F%22%3ETov%C3%A1bbi+Omega%0D%0A%3C%2Fa%3E%3Ca+href%3D%22http%3A%2F%2Flongkft.hu%2Faudioblog%2Fkategoria%2Flemezkritika%2F%22%3ETov%C3%A1bbi+lemezkritik%C3%A1k%3C%2Fa%3E%3C%2Fspan%3E%0D%0A%0D%0A%3C%2Fdiv%3E&amp;source=Longaudio\"><\/a><a target=\"_blank\" class=\"gplusz\" title=\"\" rel=\"external\" href=\"https:\/\/plusone.google.com\/_\/+1\/confirm?url=https:\/\/longkft.hu\/audioblog\/omega-budapest-sportcsarnok-1982-nepstadion-1994\/\"><\/a><a target=\"_blank\" rel=\"nofollow\" class=\"email\" href=\"mailto:?subject=Longaudio - Omega &#8211; Budapest Sportcsarnok 1982 \/ N\u00e9pstadion 1994&amp;body=Kedves Bar\u00e1tom! Most olvastam a(z) Omega &#8211; Budapest Sportcsarnok 1982 \/ N\u00e9pstadion 1994  c\u00edm\u0171 cikket a(z) Longaudio  oldalon. Hivatkoz\u00e1s:  https:\/\/longkft.hu\/audioblog\/omega-budapest-sportcsarnok-1982-nepstadion-1994\/\" title=\"\"><\/a><a class=\"nyomtatas\" title=\"\" href=\"http:\/\/www.printfriendly.com\" onclick=\"window.print();return false;\"><\/a>","protected":false},"excerpt":{"rendered":"<p>Budapest Sportcsarnok (1982) 1982-ben \u00e1tadt\u00e1k Magyarorsz\u00e1g legnagyobb sportcsarnok\u00e1t, az az\u00f3ta sajnos le\u00e9gett Budapest Sportcsarnokot. A nyit\u00f3koncertet az akkor vil\u00e1gh\u00edr\u0171 &#8211;&#8230;<\/p>\n<span>Megosztom:<\/span><br><a target=\"_blank\" class=\"facebook\" title=\"\" rel=\"external\" href=\"https:\/\/www.facebook.com\/share.php?u=https:\/\/longkft.hu\/audioblog\/omega-budapest-sportcsarnok-1982-nepstadion-1994\/&title=Omega &#8211; Budapest Sportcsarnok 1982 \/ N\u00e9pstadion 1994\"><\/a><a target=\"_blank\" class=\"linkedin\" title=\"\" rel=\"external\" href=\"http:\/\/www.linkedin.com\/shareArticle?mini=true&amp;url=https%3A%2F%2Flongkft.hu%2Faudioblog%2Fomega-budapest-sportcsarnok-1982-nepstadion-1994%2F&amp;title=Omega+%26%238211%3B+Budapest+Sportcsarnok+1982+%2F+N%C3%A9pstadion+1994&amp;summary=%3Cp+style%3D%22text-align%3A+justify%3B%22%3E%3Cspan+style%3D%22font-size%3A+12pt%3B%22%3E%3Cstrong%3EBudapest+Sportcsarnok%3C%2Fstrong%3E+%281982%29%3C%2Fspan%3E%0D%0A%3Cspan+style%3D%22font-size%3A+12pt%3B%22%3E+1982-ben+%C3%A1tadt%C3%A1k+Magyarorsz%C3%A1g+legnagyobb+sportcsarnok%C3%A1t%2C+az+az%C3%B3ta+sajnos+le%C3%A9gett+Budapest+Sportcsarnokot.+A+nyit%C3%B3koncertet+az+akkor+vil%C3%A1gh%C3%ADr%C5%B1+-+ma+m%C3%A1r+a+nev%C3%A9re+sem+eml%C3%A9ksz%C3%BCnk+-+Saga+zenekar+adta.%3C%2Fspan%3E%3C%2Fp%3E%0D%0A%3Cp+style%3D%22text-align%3A+center%3B%22%3E%3Cimg+class%3D%22aligncenter+wp-image-10629%22+src%3D%22https%3A%2F%2Flongkft.hu%2Faudioblog%2Fwp-content%2Fuploads%2F2016%2F03%2Fomega_82_eleje.jpg%22+alt%3D%22%22+width%3D%22600%22+height%3D%22600%22+%2F%3E%3C%2Fp%3E%0D%0A%3Cp+style%3D%22text-align%3A+justify%3B%22%3E%3Cspan+style%3D%22font-size%3A+12pt%3B%22%3EAz+Omega+ebben+az+%C3%A9vben+20+%C3%A9ves+lett%2C+meg+kellett+%C3%BCnnepelni.+Csin%C3%A1lniuk+kellett+valami+nagyon+nagyot%2C+valami+extr%C3%A1n+omeg%C3%A1sat.+Legyen+koncert+az+%C3%BAj+Sportcsarnokban%2C+de+nem+%C3%A1m+csak+%C3%BAgy%2C+hogy+kimennek%2C+azt%C3%A1n+zen%C3%A9lgetnek...+Felk%C3%A9rt%C3%A9k+Jancs%C3%B3+Mikl%C3%B3st+a+koncert+megrendez%C3%A9s%C3%A9re%21%3Cspan+class%3D%22text_exposed_show%22%3E%0D%0AFiatalabb+zenebar%C3%A1tainknak+tal%C3%A1n+kev%C3%A9sb%C3%A9+ismert+e+n%C3%A9v%2C+az+Omega+szempontj%C3%A1b%C3%B3l+el%C3%A9g%2C+ha+annyit+%C3%ADrok+r%C3%B3la%2C+hogy+Jancs%C3%B3+nev%C3%A9r%C5%91l+%C3%A1ltal%C3%A1ban+a+puszt%C3%A1ban+v%C3%A1gtat%C3%B3+feh%C3%A9r+lovak+%C3%A9s+puc%C3%A9r+l%C3%A1nyok+jutnak+els%C5%91re+az+emberek+esz%C3%A9be+-+ez%C3%BAton+is+eln%C3%A9z%C3%A9st+k%C3%A9rek+a+Mestert%C5%91l.%3C%2Fspan%3E%3C%2Fspan%3E%3C%2Fp%3E%0D%0A%3Cp+style%3D%22text-align%3A+center%3B%22%3E%3Cimg+class%3D%22aligncenter+wp-image-10630%22+src%3D%22https%3A%2F%2Flongkft.hu%2Faudioblog%2Fwp-content%2Fuploads%2F2016%2F03%2Fomega_82__kozepe-1024x512.jpg%22+alt%3D%22%22+width%3D%22800%22+height%3D%22400%22+%2F%3E%3C%2Fp%3E%0D%0A%0D%0A%3Cdiv+class%3D%22text_exposed_show%22+style%3D%22text-align%3A+justify%3B%22%3E%0D%0A%0D%0A%3Cspan+style%3D%22font-size%3A+12pt%3B%22%3ETeh%C3%A1t+meghirdettek+egy+Jancs%C3%B3+Mikl%C3%B3s+rendezte+Omega+koncertet+1982+november%C3%A9re%2C+amire+szinte+aznap+elkapkodt%C3%A1k+a+jegyeket.+Majd+m%C3%A1snapra+is%2C+majd+a+k%C3%B6vetkez%C5%91+napra+is%2C+majd+az+els%C5%91+koncert+el%C5%91tti+%22nulladik%22+napra%2C+majd+m%C3%A9g+egyre.%3C%2Fspan%3E%0D%0A%3Cspan+style%3D%22font-size%3A+12pt%3B%22%3E+Az+1982-es+koncert%28sorozat%29+v%C3%A9g%C3%BCl+november+11-t%C5%91l+15-ig+tartott+maxim%C3%A1lisan+telt+n%C3%A9z%C5%91terekkel+-+2+napra+is+volt+jegyem.%3C%2Fspan%3E%0D%0A%0D%0A%3Cspan+style%3D%22font-size%3A+12pt%3B%22%3EK%C3%A9t+%22%C3%A9rdekess%C3%A9get%22+emeln%C3%A9k+ki+a+%22rendez%C3%A9sb%C5%91l%22.%3C%2Fspan%3E%0D%0A%3Cspan+style%3D%22font-size%3A+12pt%3B%22%3E+Amikor+teljesen+megtelt+a+n%C3%A9z%C5%91t%C3%A9r+-+%C3%A9rtsd+sz%C3%B3+szerint%2C+gombost%C5%B1+sem+eshetett+le+-+a+R%C3%A1k%C3%B3czi+indul%C3%B3+zen%C3%A9j%C3%A9re+egy+cirkuszi+t%C3%A1rsulat+vonult+be+a+t%C3%B6megbe+er%C5%91m%C5%B1v%C3%A9sszel+akrobat%C3%A1val...+%C3%A9s+igen%2C+amolyan+jancs%C3%B3san%2C+zen%C3%A9hez%2C+hangulathoz+egy%C3%A1ltal%C3%A1n+nem+kapcsol%C3%B3d%C3%B3an+folyamatosan+vetk%C5%91ztek+a+sz%C3%ADnpad+k%C3%BCl%C3%B6nb%C3%B6z%C5%91+helyein+k%C3%BCl%C3%B6nb%C3%B6z%C5%91+eszt%C3%A9tikai+%C3%A9lm%C3%A9nyt+ny%C3%BAjt%C3%B3+l%C3%A1nyok.%3C%2Fspan%3E%0D%0A%0D%0A%3Cspan+style%3D%22font-size%3A+12pt%3B%22%3E%3Cstrong%3EN%C3%A9pstadion%3C%2Fstrong%3E+%281994%29%3C%2Fspan%3E%0D%0A%3Cspan+style%3D%22font-size%3A+12pt%3B%22%3E+Az+Omega+%C3%BAgy+d%C3%B6nt%C3%B6tt%2C+ir%C3%A1ny+a+N%C3%A9pstadion+-+van+annyi+rajong%C3%B3ja%2C+hogy+megt%C3%B6ltse.+Ez+volt+a+%22vizes%22+koncert.+1994+szeptember+3-%C3%A1n+a+koncert+megkezd%C3%A9sekor+igazi+tr%C3%B3pusi+zuhatag+%C3%B6nt%C3%B6tte+el+Budapestet.+A+zen%C3%A9szek+%C3%A9s+a+n%C3%A9z%C5%91k+nem+adt%C3%A1k+fel.+Bok%C3%A1ig+v%C3%ADzben+%C3%A1llva+%28m%C5%B1anyaglapokkal+v%C3%A9dt%C3%A9k+a+Stadion+gyepsz%C5%91nyeg%C3%A9t%29%2C+boldogan+cs%C3%A1polva+%C3%A9lvezt%C3%BCk+a+koncert+minden+pillanat%C3%A1t.%3C%2Fspan%3E%0D%0A%3Cspan+style%3D%22font-size%3A+12pt%3B%22%3E+Ez+volt+%C3%A9letem+utols%C3%B3+Omega+koncertje.%3C%2Fspan%3E%0D%0A%3Cp+style%3D%22text-align%3A+center%3B%22%3E%3Cimg+class%3D%22aligncenter+wp-image-10632%22+src%3D%22https%3A%2F%2Flongkft.hu%2Faudioblog%2Fwp-content%2Fuploads%2F2016%2F03%2Fomega_koncert_cd-1024x512.jpg%22+alt%3D%22%22+width%3D%22800%22+height%3D%22400%22+%2F%3E%3C%2Fp%3E%0D%0A%3Cspan+style%3D%22font-size%3A+12pt%3B%22%3E...%C3%A9s+egy+z%C3%A1r%C3%B3+gondolat.+Omega+rajong%C3%B3+grafikusi+%C3%A9nem+kik%C3%A9ri+mag%C3%A1nak+a+v%C3%A1rost+bebor%C3%ADt%C3%B3+piszkossz%C3%BCrke+Gy%C3%B6ngyhaj%C3%BA+l%C3%A1ny+plak%C3%A1tokat%2C+ami+a+%22musicalek+alf%C3%A1j%C3%A1t+%C3%A9s+omeg%C3%A1j%C3%A1t%22+hirdeti%21%3C%2Fspan%3E%0D%0A%0D%0A%3Cspan+style%3D%22font-size%3A+12pt%3B%22%3E%3Ca+href%3D%22http%3A%2F%2Flongkft.hu%2Faudioblog%2Ftag%2Fomega%2F%22%3ETov%C3%A1bbi+Omega%0D%0A%3C%2Fa%3E%3Ca+href%3D%22http%3A%2F%2Flongkft.hu%2Faudioblog%2Fkategoria%2Flemezkritika%2F%22%3ETov%C3%A1bbi+lemezkritik%C3%A1k%3C%2Fa%3E%3C%2Fspan%3E%0D%0A%0D%0A%3C%2Fdiv%3E&amp;source=Longaudio\"><\/a><a target=\"_blank\" class=\"gplusz\" title=\"\" rel=\"external\" href=\"https:\/\/plusone.google.com\/_\/+1\/confirm?url=https:\/\/longkft.hu\/audioblog\/omega-budapest-sportcsarnok-1982-nepstadion-1994\/\"><\/a><a target=\"_blank\" rel=\"nofollow\" class=\"email\" href=\"mailto:?subject=Longaudio - Omega &#8211; Budapest Sportcsarnok 1982 \/ N\u00e9pstadion 1994&amp;body=Kedves Bar\u00e1tom! Most olvastam a(z) Omega &#8211; Budapest Sportcsarnok 1982 \/ N\u00e9pstadion 1994  c\u00edm\u0171 cikket a(z) Longaudio  oldalon. Hivatkoz\u00e1s:  https:\/\/longkft.hu\/audioblog\/omega-budapest-sportcsarnok-1982-nepstadion-1994\/\" title=\"\"><\/a><a class=\"nyomtatas\" title=\"\" href=\"http:\/\/www.printfriendly.com\" onclick=\"window.print();return false;\"><\/a>","protected":false},"author":2,"featured_media":364,"comment_status":"open","ping_status":"closed","sticky":false,"template":"","format":"standard","meta":{"footnotes":""},"categories":[31],"tags":[76,35,36],"class_list":["post-365","post","type-post","status-publish","format-standard","has-post-thumbnail","hentry","category-lemezkritika","tag-koncert","tag-omega","tag-zenekarok"],"yoast_head":"<!-- This site is optimized with the Yoast SEO plugin v27.5 - https:\/\/yoast.com\/product\/yoast-seo-wordpress\/ -->\n<title>Omega - Budapest Sportcsarnok 1982 \/ N\u00e9pstadion 1994 - Longaudio<\/title>\n<meta name=\"robots\" content=\"index, follow, max-snippet:-1, max-image-preview:large, max-video-preview:-1\" \/>\n<link rel=\"canonical\" href=\"https:\/\/longkft.hu\/audioblog\/omega-budapest-sportcsarnok-1982-nepstadion-1994\/\" \/>\n<meta property=\"og:locale\" content=\"hu_HU\" \/>\n<meta property=\"og:type\" content=\"article\" \/>\n<meta property=\"og:title\" content=\"Omega - Budapest Sportcsarnok 1982 \/ N\u00e9pstadion 1994 - Longaudio\" \/>\n<meta property=\"og:description\" content=\"Budapest Sportcsarnok (1982) 1982-ben \u00e1tadt\u00e1k Magyarorsz\u00e1g legnagyobb sportcsarnok\u00e1t, az az\u00f3ta sajnos le\u00e9gett Budapest Sportcsarnokot. A nyit\u00f3koncertet az akkor vil\u00e1gh\u00edr\u0171 &#8211;...\" \/>\n<meta property=\"og:url\" content=\"https:\/\/longkft.hu\/audioblog\/omega-budapest-sportcsarnok-1982-nepstadion-1994\/\" \/>\n<meta property=\"og:site_name\" content=\"Longaudio\" \/>\n<meta property=\"article:publisher\" content=\"https:\/\/www.facebook.com\/longkft\" \/>\n<meta property=\"article:author\" content=\"https:\/\/www.facebook.com\/longkft\" \/>\n<meta property=\"article:published_time\" content=\"2016-03-17T15:21:34+00:00\" \/>\n<meta property=\"article:modified_time\" content=\"2022-02-04T10:17:34+00:00\" \/>\n<meta property=\"og:image\" content=\"https:\/\/longkft.hu\/audioblog\/wp-content\/uploads\/2018\/02\/omega_82__k\u00f6zepe.jpg\" \/>\n\t<meta property=\"og:image:width\" content=\"1969\" \/>\n\t<meta property=\"og:image:height\" content=\"984\" \/>\n\t<meta property=\"og:image:type\" content=\"image\/jpeg\" \/>\n<meta name=\"author\" content=\"Long\" \/>\n<meta name=\"twitter:card\" content=\"summary_large_image\" \/>\n<meta name=\"twitter:label1\" content=\"Szerz\u0151:\" \/>\n\t<meta name=\"twitter:data1\" content=\"Long\" \/>\n\t<meta name=\"twitter:label2\" content=\"Becs\u00fclt olvas\u00e1si id\u0151\" \/>\n\t<meta name=\"twitter:data2\" content=\"2 perc\" \/>\n<script type=\"application\/ld+json\" class=\"yoast-schema-graph\">{\"@context\":\"https:\\\/\\\/schema.org\",\"@graph\":[{\"@type\":\"Article\",\"@id\":\"https:\\\/\\\/longkft.hu\\\/audioblog\\\/omega-budapest-sportcsarnok-1982-nepstadion-1994\\\/#article\",\"isPartOf\":{\"@id\":\"https:\\\/\\\/longkft.hu\\\/audioblog\\\/omega-budapest-sportcsarnok-1982-nepstadion-1994\\\/\"},\"author\":{\"name\":\"Long\",\"@id\":\"https:\\\/\\\/longkft.hu\\\/audioblog\\\/#\\\/schema\\\/person\\\/645cabad2d8e942354ed2caeef3aa9ea\"},\"headline\":\"Omega &#8211; Budapest Sportcsarnok 1982 \\\/ N\u00e9pstadion 1994\",\"datePublished\":\"2016-03-17T15:21:34+00:00\",\"dateModified\":\"2022-02-04T10:17:34+00:00\",\"mainEntityOfPage\":{\"@id\":\"https:\\\/\\\/longkft.hu\\\/audioblog\\\/omega-budapest-sportcsarnok-1982-nepstadion-1994\\\/\"},\"wordCount\":438,\"commentCount\":0,\"publisher\":{\"@id\":\"https:\\\/\\\/longkft.hu\\\/audioblog\\\/#\\\/schema\\\/person\\\/645cabad2d8e942354ed2caeef3aa9ea\"},\"image\":{\"@id\":\"https:\\\/\\\/longkft.hu\\\/audioblog\\\/omega-budapest-sportcsarnok-1982-nepstadion-1994\\\/#primaryimage\"},\"thumbnailUrl\":\"https:\\\/\\\/longkft.hu\\\/audioblog\\\/wp-content\\\/uploads\\\/2018\\\/02\\\/omega_82__k\u00f6zepe.jpg\",\"keywords\":[\"Koncert\",\"Omega\",\"Zenekarok\"],\"articleSection\":[\"Lemezkritika\"],\"inLanguage\":\"hu\",\"potentialAction\":[{\"@type\":\"CommentAction\",\"name\":\"Comment\",\"target\":[\"https:\\\/\\\/longkft.hu\\\/audioblog\\\/omega-budapest-sportcsarnok-1982-nepstadion-1994\\\/#respond\"]}]},{\"@type\":\"WebPage\",\"@id\":\"https:\\\/\\\/longkft.hu\\\/audioblog\\\/omega-budapest-sportcsarnok-1982-nepstadion-1994\\\/\",\"url\":\"https:\\\/\\\/longkft.hu\\\/audioblog\\\/omega-budapest-sportcsarnok-1982-nepstadion-1994\\\/\",\"name\":\"Omega - Budapest Sportcsarnok 1982 \\\/ N\u00e9pstadion 1994 - Longaudio\",\"isPartOf\":{\"@id\":\"https:\\\/\\\/longkft.hu\\\/audioblog\\\/#website\"},\"primaryImageOfPage\":{\"@id\":\"https:\\\/\\\/longkft.hu\\\/audioblog\\\/omega-budapest-sportcsarnok-1982-nepstadion-1994\\\/#primaryimage\"},\"image\":{\"@id\":\"https:\\\/\\\/longkft.hu\\\/audioblog\\\/omega-budapest-sportcsarnok-1982-nepstadion-1994\\\/#primaryimage\"},\"thumbnailUrl\":\"https:\\\/\\\/longkft.hu\\\/audioblog\\\/wp-content\\\/uploads\\\/2018\\\/02\\\/omega_82__k\u00f6zepe.jpg\",\"datePublished\":\"2016-03-17T15:21:34+00:00\",\"dateModified\":\"2022-02-04T10:17:34+00:00\",\"breadcrumb\":{\"@id\":\"https:\\\/\\\/longkft.hu\\\/audioblog\\\/omega-budapest-sportcsarnok-1982-nepstadion-1994\\\/#breadcrumb\"},\"inLanguage\":\"hu\",\"potentialAction\":[{\"@type\":\"ReadAction\",\"target\":[\"https:\\\/\\\/longkft.hu\\\/audioblog\\\/omega-budapest-sportcsarnok-1982-nepstadion-1994\\\/\"]}]},{\"@type\":\"ImageObject\",\"inLanguage\":\"hu\",\"@id\":\"https:\\\/\\\/longkft.hu\\\/audioblog\\\/omega-budapest-sportcsarnok-1982-nepstadion-1994\\\/#primaryimage\",\"url\":\"https:\\\/\\\/longkft.hu\\\/audioblog\\\/wp-content\\\/uploads\\\/2018\\\/02\\\/omega_82__k\u00f6zepe.jpg\",\"contentUrl\":\"https:\\\/\\\/longkft.hu\\\/audioblog\\\/wp-content\\\/uploads\\\/2018\\\/02\\\/omega_82__k\u00f6zepe.jpg\",\"width\":1969,\"height\":984,\"caption\":\"Omega 1982 koncert\"},{\"@type\":\"BreadcrumbList\",\"@id\":\"https:\\\/\\\/longkft.hu\\\/audioblog\\\/omega-budapest-sportcsarnok-1982-nepstadion-1994\\\/#breadcrumb\",\"itemListElement\":[{\"@type\":\"ListItem\",\"position\":1,\"name\":\"Kezd\u0151oldal\",\"item\":\"https:\\\/\\\/longkft.hu\\\/audioblog\\\/\"},{\"@type\":\"ListItem\",\"position\":2,\"name\":\"Omega &#8211; Budapest Sportcsarnok 1982 \\\/ N\u00e9pstadion 1994\"}]},{\"@type\":\"WebSite\",\"@id\":\"https:\\\/\\\/longkft.hu\\\/audioblog\\\/#website\",\"url\":\"https:\\\/\\\/longkft.hu\\\/audioblog\\\/\",\"name\":\"Longaudio\",\"description\":\"50 \u00e9v lemezgy\u0171jtem\u00e9nye \u00e9s audio k\u00e9sz\u00fcl\u00e9kei\",\"publisher\":{\"@id\":\"https:\\\/\\\/longkft.hu\\\/audioblog\\\/#\\\/schema\\\/person\\\/645cabad2d8e942354ed2caeef3aa9ea\"},\"potentialAction\":[{\"@type\":\"SearchAction\",\"target\":{\"@type\":\"EntryPoint\",\"urlTemplate\":\"https:\\\/\\\/longkft.hu\\\/audioblog\\\/?s={search_term_string}\"},\"query-input\":{\"@type\":\"PropertyValueSpecification\",\"valueRequired\":true,\"valueName\":\"search_term_string\"}}],\"inLanguage\":\"hu\"},{\"@type\":[\"Person\",\"Organization\"],\"@id\":\"https:\\\/\\\/longkft.hu\\\/audioblog\\\/#\\\/schema\\\/person\\\/645cabad2d8e942354ed2caeef3aa9ea\",\"name\":\"Long\",\"image\":{\"@type\":\"ImageObject\",\"inLanguage\":\"hu\",\"@id\":\"https:\\\/\\\/longkft.hu\\\/audioblog\\\/wp-content\\\/uploads\\\/2018\\\/01\\\/logo.jpg\",\"url\":\"https:\\\/\\\/longkft.hu\\\/audioblog\\\/wp-content\\\/uploads\\\/2018\\\/01\\\/logo.jpg\",\"contentUrl\":\"https:\\\/\\\/longkft.hu\\\/audioblog\\\/wp-content\\\/uploads\\\/2018\\\/01\\\/logo.jpg\",\"width\":240,\"height\":240,\"caption\":\"Long\"},\"logo\":{\"@id\":\"https:\\\/\\\/longkft.hu\\\/audioblog\\\/wp-content\\\/uploads\\\/2018\\\/01\\\/logo.jpg\"},\"sameAs\":[\"https:\\\/\\\/www.facebook.com\\\/longkft\",\"https:\\\/\\\/hu.pinterest.com\\\/farkas1051\\\/_saved\\\/\"],\"url\":\"https:\\\/\\\/longkft.hu\\\/audioblog\\\/author\\\/audioblogger\\\/\"}]}<\/script>\n<!-- \/ Yoast SEO plugin. -->","yoast_head_json":{"title":"Omega - Budapest Sportcsarnok 1982 \/ N\u00e9pstadion 1994 - Longaudio","robots":{"index":"index","follow":"follow","max-snippet":"max-snippet:-1","max-image-preview":"max-image-preview:large","max-video-preview":"max-video-preview:-1"},"canonical":"https:\/\/longkft.hu\/audioblog\/omega-budapest-sportcsarnok-1982-nepstadion-1994\/","og_locale":"hu_HU","og_type":"article","og_title":"Omega - Budapest Sportcsarnok 1982 \/ N\u00e9pstadion 1994 - Longaudio","og_description":"Budapest Sportcsarnok (1982) 1982-ben \u00e1tadt\u00e1k Magyarorsz\u00e1g legnagyobb sportcsarnok\u00e1t, az az\u00f3ta sajnos le\u00e9gett Budapest Sportcsarnokot. A nyit\u00f3koncertet az akkor vil\u00e1gh\u00edr\u0171 &#8211;...","og_url":"https:\/\/longkft.hu\/audioblog\/omega-budapest-sportcsarnok-1982-nepstadion-1994\/","og_site_name":"Longaudio","article_publisher":"https:\/\/www.facebook.com\/longkft","article_author":"https:\/\/www.facebook.com\/longkft","article_published_time":"2016-03-17T15:21:34+00:00","article_modified_time":"2022-02-04T10:17:34+00:00","og_image":[{"width":1969,"height":984,"url":"https:\/\/longkft.hu\/audioblog\/wp-content\/uploads\/2018\/02\/omega_82__k\u00f6zepe.jpg","type":"image\/jpeg"}],"author":"Long","twitter_card":"summary_large_image","twitter_misc":{"Szerz\u0151:":"Long","Becs\u00fclt olvas\u00e1si id\u0151":"2 perc"},"schema":{"@context":"https:\/\/schema.org","@graph":[{"@type":"Article","@id":"https:\/\/longkft.hu\/audioblog\/omega-budapest-sportcsarnok-1982-nepstadion-1994\/#article","isPartOf":{"@id":"https:\/\/longkft.hu\/audioblog\/omega-budapest-sportcsarnok-1982-nepstadion-1994\/"},"author":{"name":"Long","@id":"https:\/\/longkft.hu\/audioblog\/#\/schema\/person\/645cabad2d8e942354ed2caeef3aa9ea"},"headline":"Omega &#8211; Budapest Sportcsarnok 1982 \/ N\u00e9pstadion 1994","datePublished":"2016-03-17T15:21:34+00:00","dateModified":"2022-02-04T10:17:34+00:00","mainEntityOfPage":{"@id":"https:\/\/longkft.hu\/audioblog\/omega-budapest-sportcsarnok-1982-nepstadion-1994\/"},"wordCount":438,"commentCount":0,"publisher":{"@id":"https:\/\/longkft.hu\/audioblog\/#\/schema\/person\/645cabad2d8e942354ed2caeef3aa9ea"},"image":{"@id":"https:\/\/longkft.hu\/audioblog\/omega-budapest-sportcsarnok-1982-nepstadion-1994\/#primaryimage"},"thumbnailUrl":"https:\/\/longkft.hu\/audioblog\/wp-content\/uploads\/2018\/02\/omega_82__k\u00f6zepe.jpg","keywords":["Koncert","Omega","Zenekarok"],"articleSection":["Lemezkritika"],"inLanguage":"hu","potentialAction":[{"@type":"CommentAction","name":"Comment","target":["https:\/\/longkft.hu\/audioblog\/omega-budapest-sportcsarnok-1982-nepstadion-1994\/#respond"]}]},{"@type":"WebPage","@id":"https:\/\/longkft.hu\/audioblog\/omega-budapest-sportcsarnok-1982-nepstadion-1994\/","url":"https:\/\/longkft.hu\/audioblog\/omega-budapest-sportcsarnok-1982-nepstadion-1994\/","name":"Omega - Budapest Sportcsarnok 1982 \/ N\u00e9pstadion 1994 - Longaudio","isPartOf":{"@id":"https:\/\/longkft.hu\/audioblog\/#website"},"primaryImageOfPage":{"@id":"https:\/\/longkft.hu\/audioblog\/omega-budapest-sportcsarnok-1982-nepstadion-1994\/#primaryimage"},"image":{"@id":"https:\/\/longkft.hu\/audioblog\/omega-budapest-sportcsarnok-1982-nepstadion-1994\/#primaryimage"},"thumbnailUrl":"https:\/\/longkft.hu\/audioblog\/wp-content\/uploads\/2018\/02\/omega_82__k\u00f6zepe.jpg","datePublished":"2016-03-17T15:21:34+00:00","dateModified":"2022-02-04T10:17:34+00:00","breadcrumb":{"@id":"https:\/\/longkft.hu\/audioblog\/omega-budapest-sportcsarnok-1982-nepstadion-1994\/#breadcrumb"},"inLanguage":"hu","potentialAction":[{"@type":"ReadAction","target":["https:\/\/longkft.hu\/audioblog\/omega-budapest-sportcsarnok-1982-nepstadion-1994\/"]}]},{"@type":"ImageObject","inLanguage":"hu","@id":"https:\/\/longkft.hu\/audioblog\/omega-budapest-sportcsarnok-1982-nepstadion-1994\/#primaryimage","url":"https:\/\/longkft.hu\/audioblog\/wp-content\/uploads\/2018\/02\/omega_82__k\u00f6zepe.jpg","contentUrl":"https:\/\/longkft.hu\/audioblog\/wp-content\/uploads\/2018\/02\/omega_82__k\u00f6zepe.jpg","width":1969,"height":984,"caption":"Omega 1982 koncert"},{"@type":"BreadcrumbList","@id":"https:\/\/longkft.hu\/audioblog\/omega-budapest-sportcsarnok-1982-nepstadion-1994\/#breadcrumb","itemListElement":[{"@type":"ListItem","position":1,"name":"Kezd\u0151oldal","item":"https:\/\/longkft.hu\/audioblog\/"},{"@type":"ListItem","position":2,"name":"Omega &#8211; Budapest Sportcsarnok 1982 \/ N\u00e9pstadion 1994"}]},{"@type":"WebSite","@id":"https:\/\/longkft.hu\/audioblog\/#website","url":"https:\/\/longkft.hu\/audioblog\/","name":"Longaudio","description":"50 \u00e9v lemezgy\u0171jtem\u00e9nye \u00e9s audio k\u00e9sz\u00fcl\u00e9kei","publisher":{"@id":"https:\/\/longkft.hu\/audioblog\/#\/schema\/person\/645cabad2d8e942354ed2caeef3aa9ea"},"potentialAction":[{"@type":"SearchAction","target":{"@type":"EntryPoint","urlTemplate":"https:\/\/longkft.hu\/audioblog\/?s={search_term_string}"},"query-input":{"@type":"PropertyValueSpecification","valueRequired":true,"valueName":"search_term_string"}}],"inLanguage":"hu"},{"@type":["Person","Organization"],"@id":"https:\/\/longkft.hu\/audioblog\/#\/schema\/person\/645cabad2d8e942354ed2caeef3aa9ea","name":"Long","image":{"@type":"ImageObject","inLanguage":"hu","@id":"https:\/\/longkft.hu\/audioblog\/wp-content\/uploads\/2018\/01\/logo.jpg","url":"https:\/\/longkft.hu\/audioblog\/wp-content\/uploads\/2018\/01\/logo.jpg","contentUrl":"https:\/\/longkft.hu\/audioblog\/wp-content\/uploads\/2018\/01\/logo.jpg","width":240,"height":240,"caption":"Long"},"logo":{"@id":"https:\/\/longkft.hu\/audioblog\/wp-content\/uploads\/2018\/01\/logo.jpg"},"sameAs":["https:\/\/www.facebook.com\/longkft","https:\/\/hu.pinterest.com\/farkas1051\/_saved\/"],"url":"https:\/\/longkft.hu\/audioblog\/author\/audioblogger\/"}]}},"_links":{"self":[{"href":"https:\/\/longkft.hu\/audioblog\/wp-json\/wp\/v2\/posts\/365","targetHints":{"allow":["GET"]}}],"collection":[{"href":"https:\/\/longkft.hu\/audioblog\/wp-json\/wp\/v2\/posts"}],"about":[{"href":"https:\/\/longkft.hu\/audioblog\/wp-json\/wp\/v2\/types\/post"}],"author":[{"embeddable":true,"href":"https:\/\/longkft.hu\/audioblog\/wp-json\/wp\/v2\/users\/2"}],"replies":[{"embeddable":true,"href":"https:\/\/longkft.hu\/audioblog\/wp-json\/wp\/v2\/comments?post=365"}],"version-history":[{"count":0,"href":"https:\/\/longkft.hu\/audioblog\/wp-json\/wp\/v2\/posts\/365\/revisions"}],"wp:featuredmedia":[{"embeddable":true,"href":"https:\/\/longkft.hu\/audioblog\/wp-json\/wp\/v2\/media\/364"}],"wp:attachment":[{"href":"https:\/\/longkft.hu\/audioblog\/wp-json\/wp\/v2\/media?parent=365"}],"wp:term":[{"taxonomy":"category","embeddable":true,"href":"https:\/\/longkft.hu\/audioblog\/wp-json\/wp\/v2\/categories?post=365"},{"taxonomy":"post_tag","embeddable":true,"href":"https:\/\/longkft.hu\/audioblog\/wp-json\/wp\/v2\/tags?post=365"}],"curies":[{"name":"wp","href":"https:\/\/api.w.org\/{rel}","templated":true}]}}