{"id":5257,"date":"2019-08-05T18:54:04","date_gmt":"2019-08-05T18:54:04","guid":{"rendered":"http:\/\/longkft.hu\/audioblog\/?p=5257"},"modified":"2022-02-04T10:20:14","modified_gmt":"2022-02-04T10:20:14","slug":"egy-tonkretett-koncert-boney-m","status":"publish","type":"post","link":"https:\/\/longkft.hu\/audioblog\/egy-tonkretett-koncert-boney-m\/","title":{"rendered":"Egy t\u00f6nkretett koncert  &#8211;  Boney M"},"content":{"rendered":"<p style=\"text-align: justify;\"><span style=\"font-size: 12pt;\">40+ \u00e9ve j\u00e1rok rendszeresen k\u00fcl\u00f6nf\u00e9le hangos\u00edtott \u00e9s akusztikai koncertekre a legk\u00fcl\u00f6nf\u00e9l\u00e9bb m\u0171fajokban. Soha, semmif\u00e9le lelki v\u00e1ls\u00e1got nem okozott, ha pl. eg\u00e9sz nap Boney M-et, ABBA-t, <a href=\"https:\/\/en.wikipedia.org\/wiki\/Dean_Reed\" target=\"_blank\" rel=\"noopener noreferrer\"><span style=\"color: #ff6600;\">Dean Reed<\/span><\/a>-et hallgattam, este pedig Lopunk koncerten pog\u00f3ztam, vagy \u00e9ppen Exploited koncertr\u0151l s\u00e9t\u00e1ltam \u00e1t az \u00e9p\u00fclet m\u00e1sik fel\u00e9be \u00edr \u00e9s sk\u00f3t n\u00e9pzenekarok \u00e9l\u0151 m\u0171sor\u00e1ra illedelmesen t\u00e1ncolni. L\u00e1ttam (hallottam) szinte az \u00f6sszes opera klasszikust az Operah\u00e1zban, vagy az Erkelben, \u00e9s ott voltam &#8217;79-ben a kisstadioni Omega koncerten (meg persze &#8217;82-ben az \u00f6sszes <a href=\"http:\/\/longkft.hu\/audioblog\/omega-budapest-sportcsarnok-1982-nepstadion-1994\/\" target=\"_blank\" rel=\"noopener noreferrer\"><span style=\"color: #ff6600;\">Jancs\u00f3 Mikl\u00f3s rendezte<\/span><\/a> koncerten is). Hallottam \u00e9l\u0151ben &#8217;85-ben a Dire Straits-et, ami az\u00e9rt is fontos esem\u00e9ny sz\u00e1momra (is), mert azon a koncerten volt a valaha \u00e1ltalam hallott, magasan legjobb koncerthangos\u00edt\u00e1s. Itt felt\u00e9tlen\u00fcl meg kell jegyeznem, hogy a Dire Straits az els\u0151 amerikai koncertturn\u00e9j\u00e1n az \u00e9nekhangot <a href=\"http:\/\/longkft.hu\/audioblog\/tag\/magneplanar\/\" target=\"_blank\" rel=\"noopener noreferrer\"><span style=\"color: #ff6600;\">Magneplanar<\/span><\/a> hangsug\u00e1rz\u00f3kkal sz\u00f3laltatta meg.<\/span><\/p>\n<h3 style=\"text-align: justify;\"><span style=\"font-size: 12pt;\">A Dire Straits rendk\u00edv\u00fcl j\u00f3 hangos\u00edt\u00e1sa mellett sajnos t\u00falnyom\u00f3 t\u00f6bbs\u00e9gben iszonyatosan rossz koncerthang-\u00e9lm\u00e9nyben volt r\u00e9szem. Ez egyr\u00e9szt alapvet\u0151en nem \u00e9rdekelt, m\u00e1sr\u00e9szt pedig betudtam (betudtuk) a kor adta technikai lehet\u0151s\u00e9gek korl\u00e1tainak.<\/span><\/h3>\n<p style=\"text-align: justify;\"><span style=\"font-size: 12pt;\">Term\u00e9szetesen a technikai fejl\u0151d\u00e9st, a szocializmus nyit\u00e1s\u00e1t el\u0151bb ut\u00f3bb a koncerthangokon is \u00e9szrevehettem, r\u00e1ad\u00e1sul nem csak a sorb\u00f3l pozit\u00edv ir\u00e1nyba kil\u00f3g\u00f3 Omega koncerteken. Az 1980-t\u00f3l a Di\u00f3sgy\u0151ri v\u00e1rban megrendezett Kal\u00e1ka folkfesztiv\u00e1l az els\u0151 pillanatt\u00f3l megfogott az \u00e1ltalam megszokott min\u0151s\u00e9gb\u0151l magasan kiemelked\u0151 hangmin\u0151s\u00e9g\u00e9vel (is), ami az \u00e9vtizedek alatt (2011-ig) csak egyre jobb\u00e1 v\u00e1lt.<\/span><\/p>\n<p style=\"text-align: justify;\"><span style=\"font-size: 12pt;\">Az \u00f6r\u00f6mteli technikai \u00e9s szem\u00e9lyzeti fejl\u0151d\u00e9s azonban egyszer csak megtorpant, s\u0151t sok esetben visszas\u00fcllyedt a hangilag legsz\u00f6rny\u0171bb 35-40 \u00e9vvel ezel\u0151tti punkkoncertek szintj\u00e9re. No nem mindegyik, hiszen a klasszikus- \u00e9s rockzen\u00e9t \u00f6tv\u00f6z\u0151 <a href=\"https:\/\/www.youtube.com\/watch?v=RcAfvA3lO10\" target=\"_blank\" rel=\"noopener noreferrer\"><span style=\"color: #ff6600;\">John Lord fell\u00e9p\u00e9se a M\u00dcPA nagyterm\u00e9ben<\/span><\/a>, <a href=\"https:\/\/www.youtube.com\/watch?v=JO4mKrPxCUI\" target=\"_blank\" rel=\"noopener noreferrer\"><span style=\"color: #ff6600;\">Jiri Stivin<\/span><\/a> b\u00e1rmelyik jazzkoncertje, vagy \u00e9ppen a <a href=\"https:\/\/www.youtube.com\/watch?v=-Fh0LOFn9ro\" target=\"_blank\" rel=\"noopener noreferrer\"><span style=\"color: #ff6600;\">Keep Floyding zenekar M\u00dcPA<\/span><\/a> \u00e9s <a href=\"https:\/\/www.youtube.com\/watch?v=KXdqGsEELHQ\" target=\"_blank\" rel=\"noopener noreferrer\"><span style=\"color: #ff6600;\">Planet\u00e1rium<\/span><\/a>-b\u00e9li koncertjei felt\u00e9tlen\u00fcl mintap\u00e9ld\u00e1i annak, hogy mit tud(na) ma a koncerttechnika, a koncerthangos\u00edt\u00e1s, ha azt hozz\u00e1\u00e9rt\u0151k kezelik &#8211; f\u00fcggetlen\u00fcl att\u00f3l, hogy a st\u00e1b magyar, vagy nemzetk\u00f6zi.<\/span><\/p>\n<h3 style=\"text-align: justify;\"><span style=\"font-size: 12pt;\">\u00dagy v\u00e9lem, a koncerthangos\u00edt\u00e1s, a koncertek f\u00e9nytechnik\u00e1ja rendk\u00edv\u00fcl fontos r\u00e9szei az adott koncertnek. K\u00e9pesek ugyanazon zenekar ugyanazon fell\u00e9p\u00e9s\u00e9t rendk\u00edv\u00fcl j\u00f3v\u00e1, felejthetetlenn\u00e9 tenni, ak\u00e1r zenei, zen\u00e9szi hib\u00e1kat is \u00e1lc\u00e1zni, valamint k\u00e9pes azt olyannyira elrontani, hogy az a n\u00e9z\u0151t (n\u00e9z\u0151ket) ak\u00e1r menek\u00fcl\u00e9sre k\u00e9szteti.<\/span><\/h3>\n<p style=\"text-align: justify;\"><span style=\"font-size: 12pt;\">Nem vagyok egy menek\u00fcl\u0151s fajta, tulajdonk\u00e9ppen a tegnapi napig mind\u00f6ssze h\u00e1romszor menek\u00fcltem el koncertr\u0151l a kritik\u00e1n alulinak sem nevezhet\u0151 hangos\u00edt\u00e1s miatt. Az egyik egy lengyel jazzegy\u00fcttes koncertje volt (nev\u00fckre m\u00e1r nem eml\u00e9kszem), a m\u00e1sik egy P. Mobil koncert Ny\u00edregyh\u00e1z\u00e1n, a harmadik pedig a nagyon r\u00e9g\u00f3ta v\u00e1rt Yann Tiersen koncert volt a G\u00f6d\u00f6rben (ez volt a legiszonyatosabb). Azaz volt m\u00e9g egy negyedik menek\u00fcl\u00e9si k\u00e9nyszerem is &#8211; Erkel Sz\u00ednh\u00e1z Billy Elliot musical -, de a csal\u00e1di b\u00e9ke miatt maradtam, az igen negat\u00edv \u00e9lm\u00e9nyr\u0151l pedig k\u00fcl\u00f6n posztban sz\u00e1molok majd be.<\/span><\/p>\n<h3 style=\"text-align: justify;\"><span style=\"font-size: 12pt;\">Ennyi bevezet\u0151 tal\u00e1n el\u00e9g is ahhoz, hogy nem hirtelen felindul\u00e1sb\u00f3l, nem d\u00fchb\u0151l, hanem megfontoltan, alaposan megr\u00e1gva a dolgot \u00e9s az \u00e9lm\u00e9nyt k\u00fcldjem el a j\u00f3 b\u00fas&#8230; \u00e9s javasoljak valami eg\u00e9szen m\u00e1s elfoglalts\u00e1got a tegnapi Boney M koncert hangos\u00edt\u00e1s\u00e1\u00e9rt felel\u0151s st\u00e1bnak.<\/span><\/h3>\n<p style=\"text-align: justify;\"><span style=\"font-size: 12pt;\">A t\u00f6rt\u00e9net \u00fagy kezd\u0151d\u00f6tt, hogy valamikori nagy Boney M rajong\u00f3k\u00e9nt &#8211; mint eml\u00edtettem, remek\u00fcl megf\u00e9rt bennem a Deep Purple, Led Zeppelin, Hendrix, Sex Pistols, stb. mellett -, anyagi okokb\u00f3l nem tudtam elmenni az 1978 j\u00falius 1-\u00e9n a Kisstadionban megrendezett Boney M koncertre. Feles\u00e9gem &#8211; persze m\u00e9g cserfes kisl\u00e1nyk\u00e9nt &#8211; ott volt, de hi\u00e1nyomban nem tal\u00e1lkozhattunk, \u00edgy megismerked\u00e9s\u00fcnk idej\u00e9t k\u00e9nytelenek voltunk eltolni 1994-ig. Tegnap este feles\u00e9gem felvetette a lehet\u0151s\u00e9get, hogy a 41 \u00e9vvel ezel\u0151tti &#8222;nem tal\u00e1lkoz\u00e1sunkat&#8221; meg kellene \u00fcnnepelni egy Boney M koncerttel a XVIII. ker\u00fcleti B\u00f3kay-kertben. Ezen el\u0151sz\u00f6r j\u00f3t r\u00f6h\u00f6gtem &#8211; valamikori nagy kedvencem a szomsz\u00e9d ker\u00fcletben, r\u00e1ad\u00e1sul egy s\u00f6rfesztiv\u00e1lon&#8230; Biztosan valami magyar revival band, meg playback, meg \u00fagyis \u00e1tver\u00e9s \u00e9s kamu az eg\u00e9sz &#8211; gondoltam \u00e9n. Feles\u00e9gem erre csak annyit mondott, legfeljebb s\u00e9t\u00e1lunk egyet \u00e9s k\u00f6zben elmes\u00e9li a kisstadioni koncertet, ahol nem tal\u00e1lkoztunk.<\/span><\/p>\n<h3 style=\"text-align: justify;\"><span style=\"font-size: 12pt;\">A B\u00f3kay-kertben egy m\u00e9retes sz\u00ednpad \u00e9s egy hangol\u00f3, be\u00e1ll\u00f3 zenekar v\u00e1rt minket (a t\u00f6megen k\u00edv\u00fcl). Pozit\u00edvan csal\u00f3dva konstat\u00e1ltuk, hogy itt biztosan lesz valami, m\u00e9g ak\u00e1r Boney M is.<\/span><\/h3>\n<p style=\"text-align: justify;\"><span style=\"font-size: 12pt;\">A hangszerek, \u00e9nekhangok be\u00e1ll\u00edt\u00e1s\u00e1t hallva azonnal felt\u0171nt, hogy eg\u00e9sz j\u00f3 kis hangrendszert pakoltak \u00f6ssze. A f\u00fav\u00f3sok egyszerre \u00e9rdesek, csillog\u00f3ak \u00e9s sim\u00e1k voltak, a dob &#8222;\u00fct\u00f6tt&#8221;, de nem puffogott, csilingelt, nem cs\u00f6rg\u00f6tt, stb. az \u00e9nekhang pedig kifejezetten emberi volt. Mivel ugyanaz a zen\u00e9sz volt a pr\u00f3bahang, m\u00e9g azt is lehetett hallani, hogy az 5 \u00e9nekmikrofon nem ugyanolyan t\u00edpus volt &#8211; vagy valamilyen egy\u00e9b ok miatt, 3-2 ar\u00e1nyban nem egyform\u00e1n sz\u00f3ltak.<\/span><\/p>\n<p style=\"text-align: justify;\"><span style=\"font-size: 12pt;\">Maga a &#8222;be\u00e1ll\u00e1s&#8221; kifejezetten sz\u00f3rakoztat\u00f3 volt, a zen\u00e9szek nem csak p\u00f6nty\u00f6gtek, hanem brill\u00edroztak 20-30 m\u00e1sodperces sz\u00f3l\u00f3ikkal, az afroamerikai billenty\u0171s pedig &#8211; akinek b\u00e1rmelyik x-faktort cs\u00edp\u0151b\u0151l megnyer\u0151 \u00e9nekhangja \u00e9s el\u0151ad\u00f3i tehets\u00e9ge volt &#8211; igazi show-t csin\u00e1lt az \u00e9nekmikrofonok \u00e9s a billenty\u0171s hangszer be\u00e1ll\u00edt\u00e1sakor. Abszol\u00fat adott volt minden a remek sz\u00f3rakoz\u00e1shoz, az \u00e9lvezetes koncerthez.<\/span><\/p>\n<h3 style=\"text-align: justify;\"><span style=\"font-size: 12pt;\">Ezut\u00e1n a helyi polg\u00e1rmester el\u0151adta a legjobb kortesbesz\u00e9det, amit valaha politikust\u00f3l hallottam: &#8222;Kedves XVIII. ker\u00fcleti lakosok, az\u00e9rt volt ennyire hossz\u00fa a be\u00e1ll\u00e1s, hogy mindenki meggy\u0151z\u0151dhessen, a Boney M \u00e9l\u0151ben zen\u00e9l, nem playback koncertet ad. J\u00f3 sz\u00f3rakoz\u00e1st k\u00edv\u00e1nok.&#8221;<\/span><\/h3>\n<p style=\"text-align: justify;\"><span style=\"font-size: 12pt;\">Megsz\u00f3lalt a zene, felgyulladt a koncertvil\u00e1g\u00edt\u00e1s \u00e9s bevonult a sz\u00ednpadra Sheyla Bonnick (a zenekar 1975-\u00f6s alap\u00edt\u00f3 tagja), k\u00e9t \u00e9nekesn\u0151vel, egy \u00e9nekessel \u00e9s egy t\u00e1ncosfi\u00faval. Kicsit nehezen r\u00e1z\u00f3dtak ugyan bele, de n\u00e9h\u00e1ny perc eltelt\u00e9vel meglett a Boney M filing, el kezdett \u00e1ramolni a zene, a ritmus \u00e9s a nosztalgia&#8230;<\/span><\/p>\n<p style=\"text-align: center;\"><img loading=\"lazy\" decoding=\"async\" class=\"aligncenter wp-image-5259 size-full\" src=\"http:\/\/longkft.hu\/audioblog\/wp-content\/uploads\/2019\/08\/boney-m_1.jpg\" alt=\"boney m_1\" width=\"800\" height=\"600\" srcset=\"https:\/\/longkft.hu\/audioblog\/wp-content\/uploads\/2019\/08\/boney-m_1.jpg 800w, https:\/\/longkft.hu\/audioblog\/wp-content\/uploads\/2019\/08\/boney-m_1-300x225.jpg 300w, https:\/\/longkft.hu\/audioblog\/wp-content\/uploads\/2019\/08\/boney-m_1-768x576.jpg 768w, https:\/\/longkft.hu\/audioblog\/wp-content\/uploads\/2019\/08\/boney-m_1-200x150.jpg 200w, https:\/\/longkft.hu\/audioblog\/wp-content\/uploads\/2019\/08\/boney-m_1-400x300.jpg 400w\" sizes=\"auto, (max-width: 800px) 100vw, 800px\" \/><\/p>\n<p style=\"text-align: justify;\"><span style=\"font-size: 12pt;\">Azaz nem j\u00f3l mondom, mert csak el kezdett volna \u00e1ramolni, ugyanis a kever\u0151pultn\u00e1l \u00fcl\u0151 l\u00e9nyek \u00fagy d\u00f6nt\u00f6ttek, hogy a technik\u00e1t a zenekar \u00e9s a hallgat\u00f3k k\u00f6z\u00e9 teszik, mint egy \u00e1th\u00e1ghatatlan hat\u00e1rfalat. Nyomtak vagy 8-10 plusz dB-t \u00e9s jelent\u0151sen kiemelt\u00e9k kb. 3-8 kHz k\u00f6z\u00f6tti frekvencias\u00e1vot a be\u00e1ll\u00e1skor kifejezetten j\u00f3 hang\u00fanak hallatsz\u00f3 rendszeren. Majd mivel m\u00e9g maradt n\u00e9mi foszl\u00e1ny a zen\u00e9b\u0151l a b\u0151d\u00fcletesen torzan \u00e9s cs\u00f6r\u00f6gve megsz\u00f3lal\u00f3 hangban, el kezdt\u00e9k tov\u00e1bb adagolni a hangnyom\u00e1st, aminek eredm\u00e9nyek\u00e9nt nem csak a rendszer mondott cs\u0151d\u00f6t, de a hallgat\u00f3k f\u00fcle is.<\/span><\/p>\n<h3 style=\"text-align: justify;\"><span style=\"font-size: 12pt;\">Az eredm\u00e9ny iszonyatos cs\u00f6rg\u00e9s, csattog\u00e1s, \u00e9rthetetlen sz\u00f6veg, megk\u00fcl\u00f6nb\u00f6ztethetetlen hangszerek, tot\u00e1lis k\u00e1osz, valamint sok-sok f\u00fclre szor\u00edtott k\u00e9z.<\/span><\/h3>\n<p style=\"text-align: justify;\"><span style=\"font-size: 12pt;\">Egy darabig m\u00e9g harcolt benn\u00fcnk a nosztalgia a hallottakkal (vagyis ink\u00e1bb nem hallottakkal), majd a negyedik sz\u00e1m ut\u00e1n feladtuk \u00e9s elmenek\u00fclt\u00fcnk. Ezt az\u00e9rt megpr\u00f3b\u00e1lom kihangs\u00falyozni, a kever\u0151pult m\u00f6g\u00f6tt \u00fcl\u0151 agyatlan l\u00e9nyek agyatlan potm\u00e9tertologat\u00e1sa, abszol\u00fat s\u00fcket f\u00fclei ism\u00e9telten t\u00f6nkre v\u00e1gtak egy zenekari fell\u00e9p\u00e9st, \u00e9s el\u00e9rt\u00e9k, hogy a koncertr\u0151l, amire 41 \u00e9vet v\u00e1rtunk k\u00e9nytelenek voltunk t\u00e1vozni.<\/span><\/p>\n<p style=\"text-align: justify;\"><span style=\"font-size: 12pt;\">&#8230;\u00e9s most nem fogom magamat vissza, mert a tagnapi nap feld\u00fch\u00edtett annyira, hogy a tegnapi potm\u00e9tertologat\u00f3k mellett k\u00fcldjem el a j\u00f3 b\u00fasba azokat a magukat &#8222;hangm\u00e9rn\u00f6knek&#8221;, &#8222;st\u00fadi\u00f3szakembernek&#8221;, &#8222;st\u00fadi\u00f3snak&#8221;, &#8222;hangtechnikusnak&#8221; stb. kiad\u00f3 okj-s tanfolyamot v\u00e9gzett l\u00e9nyeket, akik a &#8222;hall\u00e1sukra&#8221;, a st\u00fadi\u00f3k berendez\u00e9s\u00e9re, stb. hivatkozva &#8222;k\u00f6pk\u00f6dnek tele&#8221; folyamatosan hangmin\u0151s\u00e9gr\u0151l sz\u00f3l\u00f3 f\u00f3rumos besz\u00e9lget\u00e9seket, \u00e9s \/ vagy k\u00e9sz\u00edtenek katasztrof\u00e1lisan szar hangfelv\u00e9teleket. A kedv\u00fck\u00e9rt k\u00e9nytelen vagyok megeml\u00edteni &#8211; mert tele vannak a hifis f\u00f3rumok magukat hangm\u00e9rn\u00f6kk\u00e9nt aposztrof\u00e1l\u00f3 \u00e9s magas l\u00f3r\u00f3l leereszked\u0151 l\u00e9nyekkel -, hogy a r\u00e9gi sz\u00e9p id\u0151kben az igazi hangm\u00e9rn\u00f6ki k\u00e9pz\u00e9s Vars\u00f3ban volt, a jelentkez\u00e9shez k\u00f6telez\u0151 volt a zenei k\u00e9pzetts\u00e9g (el\u0151\u00e9let), a hall\u00e1s \u00e9s a v\u00e9gzetts\u00e9ghez nem csak egy \u00e9vig \u00e9s nem csak szombaton kellett odaj\u00e1rni. \u00a0<\/span><\/p>\n<h3 style=\"text-align: justify;\"><span style=\"font-size: 12pt;\">Term\u00e9szetesen, akinek nem inge&#8230;<\/span><\/h3>\n<span>Megosztom:<\/span><br><a target=\"_blank\" class=\"facebook\" title=\"\" rel=\"external\" href=\"https:\/\/www.facebook.com\/share.php?u=https:\/\/longkft.hu\/audioblog\/egy-tonkretett-koncert-boney-m\/&title=Egy t\u00f6nkretett koncert  &#8211;  Boney M\"><\/a><a target=\"_blank\" class=\"linkedin\" title=\"\" rel=\"external\" href=\"http:\/\/www.linkedin.com\/shareArticle?mini=true&amp;url=https%3A%2F%2Flongkft.hu%2Faudioblog%2Fegy-tonkretett-koncert-boney-m%2F&amp;title=Egy+t%C3%B6nkretett+koncert++%26%238211%3B++Boney+M&amp;summary=%3Cp+style%3D%22text-align%3A+justify%3B%22%3E%3Cspan+style%3D%22font-size%3A+12pt%3B%22%3E40%2B+%C3%A9ve+j%C3%A1rok+rendszeresen+k%C3%BCl%C3%B6nf%C3%A9le+hangos%C3%ADtott+%C3%A9s+akusztikai+koncertekre+a+legk%C3%BCl%C3%B6nf%C3%A9l%C3%A9bb+m%C5%B1fajokban.+Soha%2C+semmif%C3%A9le+lelki+v%C3%A1ls%C3%A1got+nem+okozott%2C+ha+pl.+eg%C3%A9sz+nap+Boney+M-et%2C+ABBA-t%2C+%3Ca+href%3D%22https%3A%2F%2Fen.wikipedia.org%2Fwiki%2FDean_Reed%22+target%3D%22_blank%22+rel%3D%22noopener+noreferrer%22%3E%3Cspan+style%3D%22color%3A+%23ff6600%3B%22%3EDean+Reed%3C%2Fspan%3E%3C%2Fa%3E-et+hallgattam%2C+este+pedig+Lopunk+koncerten+pog%C3%B3ztam%2C+vagy+%C3%A9ppen+Exploited+koncertr%C5%91l+s%C3%A9t%C3%A1ltam+%C3%A1t+az+%C3%A9p%C3%BClet+m%C3%A1sik+fel%C3%A9be+%C3%ADr+%C3%A9s+sk%C3%B3t+n%C3%A9pzenekarok+%C3%A9l%C5%91+m%C5%B1sor%C3%A1ra+illedelmesen+t%C3%A1ncolni.+L%C3%A1ttam+%28hallottam%29+szinte+az+%C3%B6sszes+opera+klasszikust+az+Operah%C3%A1zban%2C+vagy+az+Erkelben%2C+%C3%A9s+ott+voltam+%2779-ben+a+kisstadioni+Omega+koncerten+%28meg+persze+%2782-ben+az+%C3%B6sszes+%3Ca+href%3D%22http%3A%2F%2Flongkft.hu%2Faudioblog%2Fomega-budapest-sportcsarnok-1982-nepstadion-1994%2F%22+target%3D%22_blank%22+rel%3D%22noopener+noreferrer%22%3E%3Cspan+style%3D%22color%3A+%23ff6600%3B%22%3EJancs%C3%B3+Mikl%C3%B3s+rendezte%3C%2Fspan%3E%3C%2Fa%3E+koncerten+is%29.+Hallottam+%C3%A9l%C5%91ben+%2785-ben+a+Dire+Straits-et%2C+ami+az%C3%A9rt+is+fontos+esem%C3%A9ny+sz%C3%A1momra+%28is%29%2C+mert+azon+a+koncerten+volt+a+valaha+%C3%A1ltalam+hallott%2C+magasan+legjobb+koncerthangos%C3%ADt%C3%A1s.+Itt+felt%C3%A9tlen%C3%BCl+meg+kell+jegyeznem%2C+hogy+a+Dire+Straits+az+els%C5%91+amerikai+koncertturn%C3%A9j%C3%A1n+az+%C3%A9nekhangot+%3Ca+href%3D%22http%3A%2F%2Flongkft.hu%2Faudioblog%2Ftag%2Fmagneplanar%2F%22+target%3D%22_blank%22+rel%3D%22noopener+noreferrer%22%3E%3Cspan+style%3D%22color%3A+%23ff6600%3B%22%3EMagneplanar%3C%2Fspan%3E%3C%2Fa%3E+hangsug%C3%A1rz%C3%B3kkal+sz%C3%B3laltatta+meg.%3C%2Fspan%3E%3C%2Fp%3E%0D%0A%0D%0A%3Ch3+style%3D%22text-align%3A+justify%3B%22%3E%3Cspan+style%3D%22font-size%3A+12pt%3B%22%3EA+Dire+Straits+rendk%C3%ADv%C3%BCl+j%C3%B3+hangos%C3%ADt%C3%A1sa+mellett+sajnos+t%C3%BAlnyom%C3%B3+t%C3%B6bbs%C3%A9gben+iszonyatosan+rossz+koncerthang-%C3%A9lm%C3%A9nyben+volt+r%C3%A9szem.+Ez+egyr%C3%A9szt+alapvet%C5%91en+nem+%C3%A9rdekelt%2C+m%C3%A1sr%C3%A9szt+pedig+betudtam+%28betudtuk%29+a+kor+adta+technikai+lehet%C5%91s%C3%A9gek+korl%C3%A1tainak.%3C%2Fspan%3E%3C%2Fh3%3E%0D%0A%3Cp+style%3D%22text-align%3A+justify%3B%22%3E%3Cspan+style%3D%22font-size%3A+12pt%3B%22%3ETerm%C3%A9szetesen+a+technikai+fejl%C5%91d%C3%A9st%2C+a+szocializmus+nyit%C3%A1s%C3%A1t+el%C5%91bb+ut%C3%B3bb+a+koncerthangokon+is+%C3%A9szrevehettem%2C+r%C3%A1ad%C3%A1sul+nem+csak+a+sorb%C3%B3l+pozit%C3%ADv+ir%C3%A1nyba+kil%C3%B3g%C3%B3+Omega+koncerteken.+Az+1980-t%C3%B3l+a+Di%C3%B3sgy%C5%91ri+v%C3%A1rban+megrendezett+Kal%C3%A1ka+folkfesztiv%C3%A1l+az+els%C5%91+pillanatt%C3%B3l+megfogott+az+%C3%A1ltalam+megszokott+min%C5%91s%C3%A9gb%C5%91l+magasan+kiemelked%C5%91+hangmin%C5%91s%C3%A9g%C3%A9vel+%28is%29%2C+ami+az+%C3%A9vtizedek+alatt+%282011-ig%29+csak+egyre+jobb%C3%A1+v%C3%A1lt.%3C%2Fspan%3E%3C%2Fp%3E%0D%0A%3Cp+style%3D%22text-align%3A+justify%3B%22%3E%3Cspan+style%3D%22font-size%3A+12pt%3B%22%3EAz+%C3%B6r%C3%B6mteli+technikai+%C3%A9s+szem%C3%A9lyzeti+fejl%C5%91d%C3%A9s+azonban+egyszer+csak+megtorpant%2C+s%C5%91t+sok+esetben+visszas%C3%BCllyedt+a+hangilag+legsz%C3%B6rny%C5%B1bb+35-40+%C3%A9vvel+ezel%C5%91tti+punkkoncertek+szintj%C3%A9re.+No+nem+mindegyik%2C+hiszen+a+klasszikus-+%C3%A9s+rockzen%C3%A9t+%C3%B6tv%C3%B6z%C5%91+%3Ca+href%3D%22https%3A%2F%2Fwww.youtube.com%2Fwatch%3Fv%3DRcAfvA3lO10%22+target%3D%22_blank%22+rel%3D%22noopener+noreferrer%22%3E%3Cspan+style%3D%22color%3A+%23ff6600%3B%22%3EJohn+Lord+fell%C3%A9p%C3%A9se+a+M%C3%9CPA+nagyterm%C3%A9ben%3C%2Fspan%3E%3C%2Fa%3E%2C+%3Ca+href%3D%22https%3A%2F%2Fwww.youtube.com%2Fwatch%3Fv%3DJO4mKrPxCUI%22+target%3D%22_blank%22+rel%3D%22noopener+noreferrer%22%3E%3Cspan+style%3D%22color%3A+%23ff6600%3B%22%3EJiri+Stivin%3C%2Fspan%3E%3C%2Fa%3E+b%C3%A1rmelyik+jazzkoncertje%2C+vagy+%C3%A9ppen+a+%3Ca+href%3D%22https%3A%2F%2Fwww.youtube.com%2Fwatch%3Fv%3D-Fh0LOFn9ro%22+target%3D%22_blank%22+rel%3D%22noopener+noreferrer%22%3E%3Cspan+style%3D%22color%3A+%23ff6600%3B%22%3EKeep+Floyding+zenekar+M%C3%9CPA%3C%2Fspan%3E%3C%2Fa%3E+%C3%A9s+%3Ca+href%3D%22https%3A%2F%2Fwww.youtube.com%2Fwatch%3Fv%3DKXdqGsEELHQ%22+target%3D%22_blank%22+rel%3D%22noopener+noreferrer%22%3E%3Cspan+style%3D%22color%3A+%23ff6600%3B%22%3EPlanet%C3%A1rium%3C%2Fspan%3E%3C%2Fa%3E-b%C3%A9li+koncertjei+felt%C3%A9tlen%C3%BCl+mintap%C3%A9ld%C3%A1i+annak%2C+hogy+mit+tud%28na%29+ma+a+koncerttechnika%2C+a+koncerthangos%C3%ADt%C3%A1s%2C+ha+azt+hozz%C3%A1%C3%A9rt%C5%91k+kezelik+-+f%C3%BCggetlen%C3%BCl+att%C3%B3l%2C+hogy+a+st%C3%A1b+magyar%2C+vagy+nemzetk%C3%B6zi.%3C%2Fspan%3E%3C%2Fp%3E%0D%0A%0D%0A%3Ch3+style%3D%22text-align%3A+justify%3B%22%3E%3Cspan+style%3D%22font-size%3A+12pt%3B%22%3E%C3%9Agy+v%C3%A9lem%2C+a+koncerthangos%C3%ADt%C3%A1s%2C+a+koncertek+f%C3%A9nytechnik%C3%A1ja+rendk%C3%ADv%C3%BCl+fontos+r%C3%A9szei+az+adott+koncertnek.+K%C3%A9pesek+ugyanazon+zenekar+ugyanazon+fell%C3%A9p%C3%A9s%C3%A9t+rendk%C3%ADv%C3%BCl+j%C3%B3v%C3%A1%2C+felejthetetlenn%C3%A9+tenni%2C+ak%C3%A1r+zenei%2C+zen%C3%A9szi+hib%C3%A1kat+is+%C3%A1lc%C3%A1zni%2C+valamint+k%C3%A9pes+azt+olyannyira+elrontani%2C+hogy+az+a+n%C3%A9z%C5%91t+%28n%C3%A9z%C5%91ket%29+ak%C3%A1r+menek%C3%BCl%C3%A9sre+k%C3%A9szteti.%3C%2Fspan%3E%3C%2Fh3%3E%0D%0A%3Cp+style%3D%22text-align%3A+justify%3B%22%3E%3Cspan+style%3D%22font-size%3A+12pt%3B%22%3ENem+vagyok+egy+menek%C3%BCl%C5%91s+fajta%2C+tulajdonk%C3%A9ppen+a+tegnapi+napig+mind%C3%B6ssze+h%C3%A1romszor+menek%C3%BCltem+el+koncertr%C5%91l+a+kritik%C3%A1n+alulinak+sem+nevezhet%C5%91+hangos%C3%ADt%C3%A1s+miatt.+Az+egyik+egy+lengyel+jazzegy%C3%BCttes+koncertje+volt+%28nev%C3%BCkre+m%C3%A1r+nem+eml%C3%A9kszem%29%2C+a+m%C3%A1sik+egy+P.+Mobil+koncert+Ny%C3%ADregyh%C3%A1z%C3%A1n%2C+a+harmadik+pedig+a+nagyon+r%C3%A9g%C3%B3ta+v%C3%A1rt+Yann+Tiersen+koncert+volt+a+G%C3%B6d%C3%B6rben+%28ez+volt+a+legiszonyatosabb%29.+Azaz+volt+m%C3%A9g+egy+negyedik+menek%C3%BCl%C3%A9si+k%C3%A9nyszerem+is+-+Erkel+Sz%C3%ADnh%C3%A1z+Billy+Elliot+musical+-%2C+de+a+csal%C3%A1di+b%C3%A9ke+miatt+maradtam%2C+az+igen+negat%C3%ADv+%C3%A9lm%C3%A9nyr%C5%91l+pedig+k%C3%BCl%C3%B6n+posztban+sz%C3%A1molok+majd+be.%3C%2Fspan%3E%3C%2Fp%3E%0D%0A%0D%0A%3Ch3+style%3D%22text-align%3A+justify%3B%22%3E%3Cspan+style%3D%22font-size%3A+12pt%3B%22%3EEnnyi+bevezet%C5%91+tal%C3%A1n+el%C3%A9g+is+ahhoz%2C+hogy+nem+hirtelen+felindul%C3%A1sb%C3%B3l%2C+nem+d%C3%BChb%C5%91l%2C+hanem+megfontoltan%2C+alaposan+megr%C3%A1gva+a+dolgot+%C3%A9s+az+%C3%A9lm%C3%A9nyt+k%C3%BCldjem+el+a+j%C3%B3+b%C3%BAs...+%C3%A9s+javasoljak+valami+eg%C3%A9szen+m%C3%A1s+elfoglalts%C3%A1got+a+tegnapi+Boney+M+koncert+hangos%C3%ADt%C3%A1s%C3%A1%C3%A9rt+felel%C5%91s+st%C3%A1bnak.%3C%2Fspan%3E%3C%2Fh3%3E%0D%0A%3Cp+style%3D%22text-align%3A+justify%3B%22%3E%3Cspan+style%3D%22font-size%3A+12pt%3B%22%3EA+t%C3%B6rt%C3%A9net+%C3%BAgy+kezd%C5%91d%C3%B6tt%2C+hogy+valamikori+nagy+Boney+M+rajong%C3%B3k%C3%A9nt+-+mint+eml%C3%ADtettem%2C+remek%C3%BCl+megf%C3%A9rt+bennem+a+Deep+Purple%2C+Led+Zeppelin%2C+Hendrix%2C+Sex+Pistols%2C+stb.+mellett+-%2C+anyagi+okokb%C3%B3l+nem+tudtam+elmenni+az+1978+j%C3%BAlius+1-%C3%A9n+a+Kisstadionban+megrendezett+Boney+M+koncertre.+Feles%C3%A9gem+-+persze+m%C3%A9g+cserfes+kisl%C3%A1nyk%C3%A9nt+-+ott+volt%2C+de+hi%C3%A1nyomban+nem+tal%C3%A1lkozhattunk%2C+%C3%ADgy+megismerked%C3%A9s%C3%BCnk+idej%C3%A9t+k%C3%A9nytelenek+voltunk+eltolni+1994-ig.+Tegnap+este+feles%C3%A9gem+felvetette+a+lehet%C5%91s%C3%A9get%2C+hogy+a+41+%C3%A9vvel+ezel%C5%91tti+%22nem+tal%C3%A1lkoz%C3%A1sunkat%22+meg+kellene+%C3%BCnnepelni+egy+Boney+M+koncerttel+a+XVIII.+ker%C3%BCleti+B%C3%B3kay-kertben.+Ezen+el%C5%91sz%C3%B6r+j%C3%B3t+r%C3%B6h%C3%B6gtem+-+valamikori+nagy+kedvencem+a+szomsz%C3%A9d+ker%C3%BCletben%2C+r%C3%A1ad%C3%A1sul+egy+s%C3%B6rfesztiv%C3%A1lon...+Biztosan+valami+magyar+revival+band%2C+meg+playback%2C+meg+%C3%BAgyis+%C3%A1tver%C3%A9s+%C3%A9s+kamu+az+eg%C3%A9sz+-+gondoltam+%C3%A9n.+Feles%C3%A9gem+erre+csak+annyit+mondott%2C+legfeljebb+s%C3%A9t%C3%A1lunk+egyet+%C3%A9s+k%C3%B6zben+elmes%C3%A9li+a+kisstadioni+koncertet%2C+ahol+nem+tal%C3%A1lkoztunk.%3C%2Fspan%3E%3C%2Fp%3E%0D%0A%0D%0A%3Ch3+style%3D%22text-align%3A+justify%3B%22%3E%3Cspan+style%3D%22font-size%3A+12pt%3B%22%3EA+B%C3%B3kay-kertben+egy+m%C3%A9retes+sz%C3%ADnpad+%C3%A9s+egy+hangol%C3%B3%2C+be%C3%A1ll%C3%B3+zenekar+v%C3%A1rt+minket+%28a+t%C3%B6megen+k%C3%ADv%C3%BCl%29.+Pozit%C3%ADvan+csal%C3%B3dva+konstat%C3%A1ltuk%2C+hogy+itt+biztosan+lesz+valami%2C+m%C3%A9g+ak%C3%A1r+Boney+M+is.%3C%2Fspan%3E%3C%2Fh3%3E%0D%0A%3Cp+style%3D%22text-align%3A+justify%3B%22%3E%3Cspan+style%3D%22font-size%3A+12pt%3B%22%3EA+hangszerek%2C+%C3%A9nekhangok+be%C3%A1ll%C3%ADt%C3%A1s%C3%A1t+hallva+azonnal+felt%C5%B1nt%2C+hogy+eg%C3%A9sz+j%C3%B3+kis+hangrendszert+pakoltak+%C3%B6ssze.+A+f%C3%BAv%C3%B3sok+egyszerre+%C3%A9rdesek%2C+csillog%C3%B3ak+%C3%A9s+sim%C3%A1k+voltak%2C+a+dob+%22%C3%BCt%C3%B6tt%22%2C+de+nem+puffogott%2C+csilingelt%2C+nem+cs%C3%B6rg%C3%B6tt%2C+stb.+az+%C3%A9nekhang+pedig+kifejezetten+emberi+volt.+Mivel+ugyanaz+a+zen%C3%A9sz+volt+a+pr%C3%B3bahang%2C+m%C3%A9g+azt+is+lehetett+hallani%2C+hogy+az+5+%C3%A9nekmikrofon+nem+ugyanolyan+t%C3%ADpus+volt+-+vagy+valamilyen+egy%C3%A9b+ok+miatt%2C+3-2+ar%C3%A1nyban+nem+egyform%C3%A1n+sz%C3%B3ltak.%3C%2Fspan%3E%3C%2Fp%3E%0D%0A%3Cp+style%3D%22text-align%3A+justify%3B%22%3E%3Cspan+style%3D%22font-size%3A+12pt%3B%22%3EMaga+a+%22be%C3%A1ll%C3%A1s%22+kifejezetten+sz%C3%B3rakoztat%C3%B3+volt%2C+a+zen%C3%A9szek+nem+csak+p%C3%B6nty%C3%B6gtek%2C+hanem+brill%C3%ADroztak+20-30+m%C3%A1sodperces+sz%C3%B3l%C3%B3ikkal%2C+az+afroamerikai+billenty%C5%B1s+pedig+-+akinek+b%C3%A1rmelyik+x-faktort+cs%C3%ADp%C5%91b%C5%91l+megnyer%C5%91+%C3%A9nekhangja+%C3%A9s+el%C5%91ad%C3%B3i+tehets%C3%A9ge+volt+-+igazi+show-t+csin%C3%A1lt+az+%C3%A9nekmikrofonok+%C3%A9s+a+billenty%C5%B1s+hangszer+be%C3%A1ll%C3%ADt%C3%A1sakor.+Abszol%C3%BAt+adott+volt+minden+a+remek+sz%C3%B3rakoz%C3%A1shoz%2C+az+%C3%A9lvezetes+koncerthez.%3C%2Fspan%3E%3C%2Fp%3E%0D%0A%0D%0A%3Ch3+style%3D%22text-align%3A+justify%3B%22%3E%3Cspan+style%3D%22font-size%3A+12pt%3B%22%3EEzut%C3%A1n+a+helyi+polg%C3%A1rmester+el%C5%91adta+a+legjobb+kortesbesz%C3%A9det%2C+amit+valaha+politikust%C3%B3l+hallottam%3A+%22Kedves+XVIII.+ker%C3%BCleti+lakosok%2C+az%C3%A9rt+volt+ennyire+hossz%C3%BA+a+be%C3%A1ll%C3%A1s%2C+hogy+mindenki+meggy%C5%91z%C5%91dhessen%2C+a+Boney+M+%C3%A9l%C5%91ben+zen%C3%A9l%2C+nem+playback+koncertet+ad.+J%C3%B3+sz%C3%B3rakoz%C3%A1st+k%C3%ADv%C3%A1nok.%22%3C%2Fspan%3E%3C%2Fh3%3E%0D%0A%3Cp+style%3D%22text-align%3A+justify%3B%22%3E%3Cspan+style%3D%22font-size%3A+12pt%3B%22%3EMegsz%C3%B3lalt+a+zene%2C+felgyulladt+a+koncertvil%C3%A1g%C3%ADt%C3%A1s+%C3%A9s+bevonult+a+sz%C3%ADnpadra+Sheyla+Bonnick+%28a+zenekar+1975-%C3%B6s+alap%C3%ADt%C3%B3+tagja%29%2C+k%C3%A9t+%C3%A9nekesn%C5%91vel%2C+egy+%C3%A9nekessel+%C3%A9s+egy+t%C3%A1ncosfi%C3%BAval.+Kicsit+nehezen+r%C3%A1z%C3%B3dtak+ugyan+bele%2C+de+n%C3%A9h%C3%A1ny+perc+eltelt%C3%A9vel+meglett+a+Boney+M+filing%2C+el+kezdett+%C3%A1ramolni+a+zene%2C+a+ritmus+%C3%A9s+a+nosztalgia...%3C%2Fspan%3E%3C%2Fp%3E%0D%0A%3Cp+style%3D%22text-align%3A+center%3B%22%3E%3Cimg+class%3D%22aligncenter+wp-image-5259+size-full%22+src%3D%22http%3A%2F%2Flongkft.hu%2Faudioblog%2Fwp-content%2Fuploads%2F2019%2F08%2Fboney-m_1.jpg%22+alt%3D%22boney+m_1%22+width%3D%22800%22+height%3D%22600%22+%2F%3E%3C%2Fp%3E%0D%0A%3Cp+style%3D%22text-align%3A+justify%3B%22%3E%3Cspan+style%3D%22font-size%3A+12pt%3B%22%3EAzaz+nem+j%C3%B3l+mondom%2C+mert+csak+el+kezdett+volna+%C3%A1ramolni%2C+ugyanis+a+kever%C5%91pultn%C3%A1l+%C3%BCl%C5%91+l%C3%A9nyek+%C3%BAgy+d%C3%B6nt%C3%B6ttek%2C+hogy+a+technik%C3%A1t+a+zenekar+%C3%A9s+a+hallgat%C3%B3k+k%C3%B6z%C3%A9+teszik%2C+mint+egy+%C3%A1th%C3%A1ghatatlan+hat%C3%A1rfalat.+Nyomtak+vagy+8-10+plusz+dB-t+%C3%A9s+jelent%C5%91sen+kiemelt%C3%A9k+kb.+3-8+kHz+k%C3%B6z%C3%B6tti+frekvencias%C3%A1vot+a+be%C3%A1ll%C3%A1skor+kifejezetten+j%C3%B3+hang%C3%BAnak+hallatsz%C3%B3+rendszeren.+Majd+mivel+m%C3%A9g+maradt+n%C3%A9mi+foszl%C3%A1ny+a+zen%C3%A9b%C5%91l+a+b%C5%91d%C3%BCletesen+torzan+%C3%A9s+cs%C3%B6r%C3%B6gve+megsz%C3%B3lal%C3%B3+hangban%2C+el+kezdt%C3%A9k+tov%C3%A1bb+adagolni+a+hangnyom%C3%A1st%2C+aminek+eredm%C3%A9nyek%C3%A9nt+nem+csak+a+rendszer+mondott+cs%C5%91d%C3%B6t%2C+de+a+hallgat%C3%B3k+f%C3%BCle+is.%3C%2Fspan%3E%3C%2Fp%3E%0D%0A%0D%0A%3Ch3+style%3D%22text-align%3A+justify%3B%22%3E%3Cspan+style%3D%22font-size%3A+12pt%3B%22%3EAz+eredm%C3%A9ny+iszonyatos+cs%C3%B6rg%C3%A9s%2C+csattog%C3%A1s%2C+%C3%A9rthetetlen+sz%C3%B6veg%2C+megk%C3%BCl%C3%B6nb%C3%B6ztethetetlen+hangszerek%2C+tot%C3%A1lis+k%C3%A1osz%2C+valamint+sok-sok+f%C3%BClre+szor%C3%ADtott+k%C3%A9z.%3C%2Fspan%3E%3C%2Fh3%3E%0D%0A%3Cp+style%3D%22text-align%3A+justify%3B%22%3E%3Cspan+style%3D%22font-size%3A+12pt%3B%22%3EEgy+darabig+m%C3%A9g+harcolt+benn%C3%BCnk+a+nosztalgia+a+hallottakkal+%28vagyis+ink%C3%A1bb+nem+hallottakkal%29%2C+majd+a+negyedik+sz%C3%A1m+ut%C3%A1n+feladtuk+%C3%A9s+elmenek%C3%BClt%C3%BCnk.+Ezt+az%C3%A9rt+megpr%C3%B3b%C3%A1lom+kihangs%C3%BAlyozni%2C+a+kever%C5%91pult+m%C3%B6g%C3%B6tt+%C3%BCl%C5%91+agyatlan+l%C3%A9nyek+agyatlan+potm%C3%A9tertologat%C3%A1sa%2C+abszol%C3%BAt+s%C3%BCket+f%C3%BClei+ism%C3%A9telten+t%C3%B6nkre+v%C3%A1gtak+egy+zenekari+fell%C3%A9p%C3%A9st%2C+%C3%A9s+el%C3%A9rt%C3%A9k%2C+hogy+a+koncertr%C5%91l%2C+amire+41+%C3%A9vet+v%C3%A1rtunk+k%C3%A9nytelenek+voltunk+t%C3%A1vozni.%3C%2Fspan%3E%3C%2Fp%3E%0D%0A%3Cp+style%3D%22text-align%3A+justify%3B%22%3E%3Cspan+style%3D%22font-size%3A+12pt%3B%22%3E...%C3%A9s+most+nem+fogom+magamat+vissza%2C+mert+a+tagnapi+nap+feld%C3%BCh%C3%ADtett+annyira%2C+hogy+a+tegnapi+potm%C3%A9tertologat%C3%B3k+mellett+k%C3%BCldjem+el+a+j%C3%B3+b%C3%BAsba+azokat+a+magukat+%22hangm%C3%A9rn%C3%B6knek%22%2C+%22st%C3%BAdi%C3%B3szakembernek%22%2C+%22st%C3%BAdi%C3%B3snak%22%2C+%22hangtechnikusnak%22+stb.+kiad%C3%B3+okj-s+tanfolyamot+v%C3%A9gzett+l%C3%A9nyeket%2C+akik+a+%22hall%C3%A1sukra%22%2C+a+st%C3%BAdi%C3%B3k+berendez%C3%A9s%C3%A9re%2C+stb.+hivatkozva+%22k%C3%B6pk%C3%B6dnek+tele%22+folyamatosan+hangmin%C5%91s%C3%A9gr%C5%91l+sz%C3%B3l%C3%B3+f%C3%B3rumos+besz%C3%A9lget%C3%A9seket%2C+%C3%A9s+%2F+vagy+k%C3%A9sz%C3%ADtenek+katasztrof%C3%A1lisan+szar+hangfelv%C3%A9teleket.+A+kedv%C3%BCk%C3%A9rt+k%C3%A9nytelen+vagyok+megeml%C3%ADteni+-+mert+tele+vannak+a+hifis+f%C3%B3rumok+magukat+hangm%C3%A9rn%C3%B6kk%C3%A9nt+aposztrof%C3%A1l%C3%B3+%C3%A9s+magas+l%C3%B3r%C3%B3l+leereszked%C5%91+l%C3%A9nyekkel+-%2C+hogy+a+r%C3%A9gi+sz%C3%A9p+id%C5%91kben+az+igazi+hangm%C3%A9rn%C3%B6ki+k%C3%A9pz%C3%A9s+Vars%C3%B3ban+volt%2C+a+jelentkez%C3%A9shez+k%C3%B6telez%C5%91+volt+a+zenei+k%C3%A9pzetts%C3%A9g+%28el%C5%91%C3%A9let%29%2C+a+hall%C3%A1s+%C3%A9s+a+v%C3%A9gzetts%C3%A9ghez+nem+csak+egy+%C3%A9vig+%C3%A9s+nem+csak+szombaton+kellett+odaj%C3%A1rni.+%C2%A0%3C%2Fspan%3E%3C%2Fp%3E%0D%0A%0D%0A%3Ch3+style%3D%22text-align%3A+justify%3B%22%3E%3Cspan+style%3D%22font-size%3A+12pt%3B%22%3ETerm%C3%A9szetesen%2C+akinek+nem+inge...%3C%2Fspan%3E%3C%2Fh3%3E&amp;source=Longaudio\"><\/a><a target=\"_blank\" class=\"gplusz\" title=\"\" rel=\"external\" href=\"https:\/\/plusone.google.com\/_\/+1\/confirm?url=https:\/\/longkft.hu\/audioblog\/egy-tonkretett-koncert-boney-m\/\"><\/a><a target=\"_blank\" rel=\"nofollow\" class=\"email\" href=\"mailto:?subject=Longaudio - Egy t\u00f6nkretett koncert  &#8211;  Boney M&amp;body=Kedves Bar\u00e1tom! Most olvastam a(z) Egy t\u00f6nkretett koncert  &#8211;  Boney M  c\u00edm\u0171 cikket a(z) Longaudio  oldalon. Hivatkoz\u00e1s:  https:\/\/longkft.hu\/audioblog\/egy-tonkretett-koncert-boney-m\/\" title=\"\"><\/a><a class=\"nyomtatas\" title=\"\" href=\"http:\/\/www.printfriendly.com\" onclick=\"window.print();return false;\"><\/a>","protected":false},"excerpt":{"rendered":"<p>40+ \u00e9ve j\u00e1rok rendszeresen k\u00fcl\u00f6nf\u00e9le hangos\u00edtott \u00e9s akusztikai koncertekre a legk\u00fcl\u00f6nf\u00e9l\u00e9bb m\u0171fajokban. Soha, semmif\u00e9le lelki v\u00e1ls\u00e1got nem okozott, ha pl&#8230;.<\/p>\n<span>Megosztom:<\/span><br><a target=\"_blank\" class=\"facebook\" title=\"\" rel=\"external\" href=\"https:\/\/www.facebook.com\/share.php?u=https:\/\/longkft.hu\/audioblog\/egy-tonkretett-koncert-boney-m\/&title=Egy t\u00f6nkretett koncert  &#8211;  Boney M\"><\/a><a target=\"_blank\" class=\"linkedin\" title=\"\" rel=\"external\" href=\"http:\/\/www.linkedin.com\/shareArticle?mini=true&amp;url=https%3A%2F%2Flongkft.hu%2Faudioblog%2Fegy-tonkretett-koncert-boney-m%2F&amp;title=Egy+t%C3%B6nkretett+koncert++%26%238211%3B++Boney+M&amp;summary=%3Cp+style%3D%22text-align%3A+justify%3B%22%3E%3Cspan+style%3D%22font-size%3A+12pt%3B%22%3E40%2B+%C3%A9ve+j%C3%A1rok+rendszeresen+k%C3%BCl%C3%B6nf%C3%A9le+hangos%C3%ADtott+%C3%A9s+akusztikai+koncertekre+a+legk%C3%BCl%C3%B6nf%C3%A9l%C3%A9bb+m%C5%B1fajokban.+Soha%2C+semmif%C3%A9le+lelki+v%C3%A1ls%C3%A1got+nem+okozott%2C+ha+pl.+eg%C3%A9sz+nap+Boney+M-et%2C+ABBA-t%2C+%3Ca+href%3D%22https%3A%2F%2Fen.wikipedia.org%2Fwiki%2FDean_Reed%22+target%3D%22_blank%22+rel%3D%22noopener+noreferrer%22%3E%3Cspan+style%3D%22color%3A+%23ff6600%3B%22%3EDean+Reed%3C%2Fspan%3E%3C%2Fa%3E-et+hallgattam%2C+este+pedig+Lopunk+koncerten+pog%C3%B3ztam%2C+vagy+%C3%A9ppen+Exploited+koncertr%C5%91l+s%C3%A9t%C3%A1ltam+%C3%A1t+az+%C3%A9p%C3%BClet+m%C3%A1sik+fel%C3%A9be+%C3%ADr+%C3%A9s+sk%C3%B3t+n%C3%A9pzenekarok+%C3%A9l%C5%91+m%C5%B1sor%C3%A1ra+illedelmesen+t%C3%A1ncolni.+L%C3%A1ttam+%28hallottam%29+szinte+az+%C3%B6sszes+opera+klasszikust+az+Operah%C3%A1zban%2C+vagy+az+Erkelben%2C+%C3%A9s+ott+voltam+%2779-ben+a+kisstadioni+Omega+koncerten+%28meg+persze+%2782-ben+az+%C3%B6sszes+%3Ca+href%3D%22http%3A%2F%2Flongkft.hu%2Faudioblog%2Fomega-budapest-sportcsarnok-1982-nepstadion-1994%2F%22+target%3D%22_blank%22+rel%3D%22noopener+noreferrer%22%3E%3Cspan+style%3D%22color%3A+%23ff6600%3B%22%3EJancs%C3%B3+Mikl%C3%B3s+rendezte%3C%2Fspan%3E%3C%2Fa%3E+koncerten+is%29.+Hallottam+%C3%A9l%C5%91ben+%2785-ben+a+Dire+Straits-et%2C+ami+az%C3%A9rt+is+fontos+esem%C3%A9ny+sz%C3%A1momra+%28is%29%2C+mert+azon+a+koncerten+volt+a+valaha+%C3%A1ltalam+hallott%2C+magasan+legjobb+koncerthangos%C3%ADt%C3%A1s.+Itt+felt%C3%A9tlen%C3%BCl+meg+kell+jegyeznem%2C+hogy+a+Dire+Straits+az+els%C5%91+amerikai+koncertturn%C3%A9j%C3%A1n+az+%C3%A9nekhangot+%3Ca+href%3D%22http%3A%2F%2Flongkft.hu%2Faudioblog%2Ftag%2Fmagneplanar%2F%22+target%3D%22_blank%22+rel%3D%22noopener+noreferrer%22%3E%3Cspan+style%3D%22color%3A+%23ff6600%3B%22%3EMagneplanar%3C%2Fspan%3E%3C%2Fa%3E+hangsug%C3%A1rz%C3%B3kkal+sz%C3%B3laltatta+meg.%3C%2Fspan%3E%3C%2Fp%3E%0D%0A%0D%0A%3Ch3+style%3D%22text-align%3A+justify%3B%22%3E%3Cspan+style%3D%22font-size%3A+12pt%3B%22%3EA+Dire+Straits+rendk%C3%ADv%C3%BCl+j%C3%B3+hangos%C3%ADt%C3%A1sa+mellett+sajnos+t%C3%BAlnyom%C3%B3+t%C3%B6bbs%C3%A9gben+iszonyatosan+rossz+koncerthang-%C3%A9lm%C3%A9nyben+volt+r%C3%A9szem.+Ez+egyr%C3%A9szt+alapvet%C5%91en+nem+%C3%A9rdekelt%2C+m%C3%A1sr%C3%A9szt+pedig+betudtam+%28betudtuk%29+a+kor+adta+technikai+lehet%C5%91s%C3%A9gek+korl%C3%A1tainak.%3C%2Fspan%3E%3C%2Fh3%3E%0D%0A%3Cp+style%3D%22text-align%3A+justify%3B%22%3E%3Cspan+style%3D%22font-size%3A+12pt%3B%22%3ETerm%C3%A9szetesen+a+technikai+fejl%C5%91d%C3%A9st%2C+a+szocializmus+nyit%C3%A1s%C3%A1t+el%C5%91bb+ut%C3%B3bb+a+koncerthangokon+is+%C3%A9szrevehettem%2C+r%C3%A1ad%C3%A1sul+nem+csak+a+sorb%C3%B3l+pozit%C3%ADv+ir%C3%A1nyba+kil%C3%B3g%C3%B3+Omega+koncerteken.+Az+1980-t%C3%B3l+a+Di%C3%B3sgy%C5%91ri+v%C3%A1rban+megrendezett+Kal%C3%A1ka+folkfesztiv%C3%A1l+az+els%C5%91+pillanatt%C3%B3l+megfogott+az+%C3%A1ltalam+megszokott+min%C5%91s%C3%A9gb%C5%91l+magasan+kiemelked%C5%91+hangmin%C5%91s%C3%A9g%C3%A9vel+%28is%29%2C+ami+az+%C3%A9vtizedek+alatt+%282011-ig%29+csak+egyre+jobb%C3%A1+v%C3%A1lt.%3C%2Fspan%3E%3C%2Fp%3E%0D%0A%3Cp+style%3D%22text-align%3A+justify%3B%22%3E%3Cspan+style%3D%22font-size%3A+12pt%3B%22%3EAz+%C3%B6r%C3%B6mteli+technikai+%C3%A9s+szem%C3%A9lyzeti+fejl%C5%91d%C3%A9s+azonban+egyszer+csak+megtorpant%2C+s%C5%91t+sok+esetben+visszas%C3%BCllyedt+a+hangilag+legsz%C3%B6rny%C5%B1bb+35-40+%C3%A9vvel+ezel%C5%91tti+punkkoncertek+szintj%C3%A9re.+No+nem+mindegyik%2C+hiszen+a+klasszikus-+%C3%A9s+rockzen%C3%A9t+%C3%B6tv%C3%B6z%C5%91+%3Ca+href%3D%22https%3A%2F%2Fwww.youtube.com%2Fwatch%3Fv%3DRcAfvA3lO10%22+target%3D%22_blank%22+rel%3D%22noopener+noreferrer%22%3E%3Cspan+style%3D%22color%3A+%23ff6600%3B%22%3EJohn+Lord+fell%C3%A9p%C3%A9se+a+M%C3%9CPA+nagyterm%C3%A9ben%3C%2Fspan%3E%3C%2Fa%3E%2C+%3Ca+href%3D%22https%3A%2F%2Fwww.youtube.com%2Fwatch%3Fv%3DJO4mKrPxCUI%22+target%3D%22_blank%22+rel%3D%22noopener+noreferrer%22%3E%3Cspan+style%3D%22color%3A+%23ff6600%3B%22%3EJiri+Stivin%3C%2Fspan%3E%3C%2Fa%3E+b%C3%A1rmelyik+jazzkoncertje%2C+vagy+%C3%A9ppen+a+%3Ca+href%3D%22https%3A%2F%2Fwww.youtube.com%2Fwatch%3Fv%3D-Fh0LOFn9ro%22+target%3D%22_blank%22+rel%3D%22noopener+noreferrer%22%3E%3Cspan+style%3D%22color%3A+%23ff6600%3B%22%3EKeep+Floyding+zenekar+M%C3%9CPA%3C%2Fspan%3E%3C%2Fa%3E+%C3%A9s+%3Ca+href%3D%22https%3A%2F%2Fwww.youtube.com%2Fwatch%3Fv%3DKXdqGsEELHQ%22+target%3D%22_blank%22+rel%3D%22noopener+noreferrer%22%3E%3Cspan+style%3D%22color%3A+%23ff6600%3B%22%3EPlanet%C3%A1rium%3C%2Fspan%3E%3C%2Fa%3E-b%C3%A9li+koncertjei+felt%C3%A9tlen%C3%BCl+mintap%C3%A9ld%C3%A1i+annak%2C+hogy+mit+tud%28na%29+ma+a+koncerttechnika%2C+a+koncerthangos%C3%ADt%C3%A1s%2C+ha+azt+hozz%C3%A1%C3%A9rt%C5%91k+kezelik+-+f%C3%BCggetlen%C3%BCl+att%C3%B3l%2C+hogy+a+st%C3%A1b+magyar%2C+vagy+nemzetk%C3%B6zi.%3C%2Fspan%3E%3C%2Fp%3E%0D%0A%0D%0A%3Ch3+style%3D%22text-align%3A+justify%3B%22%3E%3Cspan+style%3D%22font-size%3A+12pt%3B%22%3E%C3%9Agy+v%C3%A9lem%2C+a+koncerthangos%C3%ADt%C3%A1s%2C+a+koncertek+f%C3%A9nytechnik%C3%A1ja+rendk%C3%ADv%C3%BCl+fontos+r%C3%A9szei+az+adott+koncertnek.+K%C3%A9pesek+ugyanazon+zenekar+ugyanazon+fell%C3%A9p%C3%A9s%C3%A9t+rendk%C3%ADv%C3%BCl+j%C3%B3v%C3%A1%2C+felejthetetlenn%C3%A9+tenni%2C+ak%C3%A1r+zenei%2C+zen%C3%A9szi+hib%C3%A1kat+is+%C3%A1lc%C3%A1zni%2C+valamint+k%C3%A9pes+azt+olyannyira+elrontani%2C+hogy+az+a+n%C3%A9z%C5%91t+%28n%C3%A9z%C5%91ket%29+ak%C3%A1r+menek%C3%BCl%C3%A9sre+k%C3%A9szteti.%3C%2Fspan%3E%3C%2Fh3%3E%0D%0A%3Cp+style%3D%22text-align%3A+justify%3B%22%3E%3Cspan+style%3D%22font-size%3A+12pt%3B%22%3ENem+vagyok+egy+menek%C3%BCl%C5%91s+fajta%2C+tulajdonk%C3%A9ppen+a+tegnapi+napig+mind%C3%B6ssze+h%C3%A1romszor+menek%C3%BCltem+el+koncertr%C5%91l+a+kritik%C3%A1n+alulinak+sem+nevezhet%C5%91+hangos%C3%ADt%C3%A1s+miatt.+Az+egyik+egy+lengyel+jazzegy%C3%BCttes+koncertje+volt+%28nev%C3%BCkre+m%C3%A1r+nem+eml%C3%A9kszem%29%2C+a+m%C3%A1sik+egy+P.+Mobil+koncert+Ny%C3%ADregyh%C3%A1z%C3%A1n%2C+a+harmadik+pedig+a+nagyon+r%C3%A9g%C3%B3ta+v%C3%A1rt+Yann+Tiersen+koncert+volt+a+G%C3%B6d%C3%B6rben+%28ez+volt+a+legiszonyatosabb%29.+Azaz+volt+m%C3%A9g+egy+negyedik+menek%C3%BCl%C3%A9si+k%C3%A9nyszerem+is+-+Erkel+Sz%C3%ADnh%C3%A1z+Billy+Elliot+musical+-%2C+de+a+csal%C3%A1di+b%C3%A9ke+miatt+maradtam%2C+az+igen+negat%C3%ADv+%C3%A9lm%C3%A9nyr%C5%91l+pedig+k%C3%BCl%C3%B6n+posztban+sz%C3%A1molok+majd+be.%3C%2Fspan%3E%3C%2Fp%3E%0D%0A%0D%0A%3Ch3+style%3D%22text-align%3A+justify%3B%22%3E%3Cspan+style%3D%22font-size%3A+12pt%3B%22%3EEnnyi+bevezet%C5%91+tal%C3%A1n+el%C3%A9g+is+ahhoz%2C+hogy+nem+hirtelen+felindul%C3%A1sb%C3%B3l%2C+nem+d%C3%BChb%C5%91l%2C+hanem+megfontoltan%2C+alaposan+megr%C3%A1gva+a+dolgot+%C3%A9s+az+%C3%A9lm%C3%A9nyt+k%C3%BCldjem+el+a+j%C3%B3+b%C3%BAs...+%C3%A9s+javasoljak+valami+eg%C3%A9szen+m%C3%A1s+elfoglalts%C3%A1got+a+tegnapi+Boney+M+koncert+hangos%C3%ADt%C3%A1s%C3%A1%C3%A9rt+felel%C5%91s+st%C3%A1bnak.%3C%2Fspan%3E%3C%2Fh3%3E%0D%0A%3Cp+style%3D%22text-align%3A+justify%3B%22%3E%3Cspan+style%3D%22font-size%3A+12pt%3B%22%3EA+t%C3%B6rt%C3%A9net+%C3%BAgy+kezd%C5%91d%C3%B6tt%2C+hogy+valamikori+nagy+Boney+M+rajong%C3%B3k%C3%A9nt+-+mint+eml%C3%ADtettem%2C+remek%C3%BCl+megf%C3%A9rt+bennem+a+Deep+Purple%2C+Led+Zeppelin%2C+Hendrix%2C+Sex+Pistols%2C+stb.+mellett+-%2C+anyagi+okokb%C3%B3l+nem+tudtam+elmenni+az+1978+j%C3%BAlius+1-%C3%A9n+a+Kisstadionban+megrendezett+Boney+M+koncertre.+Feles%C3%A9gem+-+persze+m%C3%A9g+cserfes+kisl%C3%A1nyk%C3%A9nt+-+ott+volt%2C+de+hi%C3%A1nyomban+nem+tal%C3%A1lkozhattunk%2C+%C3%ADgy+megismerked%C3%A9s%C3%BCnk+idej%C3%A9t+k%C3%A9nytelenek+voltunk+eltolni+1994-ig.+Tegnap+este+feles%C3%A9gem+felvetette+a+lehet%C5%91s%C3%A9get%2C+hogy+a+41+%C3%A9vvel+ezel%C5%91tti+%22nem+tal%C3%A1lkoz%C3%A1sunkat%22+meg+kellene+%C3%BCnnepelni+egy+Boney+M+koncerttel+a+XVIII.+ker%C3%BCleti+B%C3%B3kay-kertben.+Ezen+el%C5%91sz%C3%B6r+j%C3%B3t+r%C3%B6h%C3%B6gtem+-+valamikori+nagy+kedvencem+a+szomsz%C3%A9d+ker%C3%BCletben%2C+r%C3%A1ad%C3%A1sul+egy+s%C3%B6rfesztiv%C3%A1lon...+Biztosan+valami+magyar+revival+band%2C+meg+playback%2C+meg+%C3%BAgyis+%C3%A1tver%C3%A9s+%C3%A9s+kamu+az+eg%C3%A9sz+-+gondoltam+%C3%A9n.+Feles%C3%A9gem+erre+csak+annyit+mondott%2C+legfeljebb+s%C3%A9t%C3%A1lunk+egyet+%C3%A9s+k%C3%B6zben+elmes%C3%A9li+a+kisstadioni+koncertet%2C+ahol+nem+tal%C3%A1lkoztunk.%3C%2Fspan%3E%3C%2Fp%3E%0D%0A%0D%0A%3Ch3+style%3D%22text-align%3A+justify%3B%22%3E%3Cspan+style%3D%22font-size%3A+12pt%3B%22%3EA+B%C3%B3kay-kertben+egy+m%C3%A9retes+sz%C3%ADnpad+%C3%A9s+egy+hangol%C3%B3%2C+be%C3%A1ll%C3%B3+zenekar+v%C3%A1rt+minket+%28a+t%C3%B6megen+k%C3%ADv%C3%BCl%29.+Pozit%C3%ADvan+csal%C3%B3dva+konstat%C3%A1ltuk%2C+hogy+itt+biztosan+lesz+valami%2C+m%C3%A9g+ak%C3%A1r+Boney+M+is.%3C%2Fspan%3E%3C%2Fh3%3E%0D%0A%3Cp+style%3D%22text-align%3A+justify%3B%22%3E%3Cspan+style%3D%22font-size%3A+12pt%3B%22%3EA+hangszerek%2C+%C3%A9nekhangok+be%C3%A1ll%C3%ADt%C3%A1s%C3%A1t+hallva+azonnal+felt%C5%B1nt%2C+hogy+eg%C3%A9sz+j%C3%B3+kis+hangrendszert+pakoltak+%C3%B6ssze.+A+f%C3%BAv%C3%B3sok+egyszerre+%C3%A9rdesek%2C+csillog%C3%B3ak+%C3%A9s+sim%C3%A1k+voltak%2C+a+dob+%22%C3%BCt%C3%B6tt%22%2C+de+nem+puffogott%2C+csilingelt%2C+nem+cs%C3%B6rg%C3%B6tt%2C+stb.+az+%C3%A9nekhang+pedig+kifejezetten+emberi+volt.+Mivel+ugyanaz+a+zen%C3%A9sz+volt+a+pr%C3%B3bahang%2C+m%C3%A9g+azt+is+lehetett+hallani%2C+hogy+az+5+%C3%A9nekmikrofon+nem+ugyanolyan+t%C3%ADpus+volt+-+vagy+valamilyen+egy%C3%A9b+ok+miatt%2C+3-2+ar%C3%A1nyban+nem+egyform%C3%A1n+sz%C3%B3ltak.%3C%2Fspan%3E%3C%2Fp%3E%0D%0A%3Cp+style%3D%22text-align%3A+justify%3B%22%3E%3Cspan+style%3D%22font-size%3A+12pt%3B%22%3EMaga+a+%22be%C3%A1ll%C3%A1s%22+kifejezetten+sz%C3%B3rakoztat%C3%B3+volt%2C+a+zen%C3%A9szek+nem+csak+p%C3%B6nty%C3%B6gtek%2C+hanem+brill%C3%ADroztak+20-30+m%C3%A1sodperces+sz%C3%B3l%C3%B3ikkal%2C+az+afroamerikai+billenty%C5%B1s+pedig+-+akinek+b%C3%A1rmelyik+x-faktort+cs%C3%ADp%C5%91b%C5%91l+megnyer%C5%91+%C3%A9nekhangja+%C3%A9s+el%C5%91ad%C3%B3i+tehets%C3%A9ge+volt+-+igazi+show-t+csin%C3%A1lt+az+%C3%A9nekmikrofonok+%C3%A9s+a+billenty%C5%B1s+hangszer+be%C3%A1ll%C3%ADt%C3%A1sakor.+Abszol%C3%BAt+adott+volt+minden+a+remek+sz%C3%B3rakoz%C3%A1shoz%2C+az+%C3%A9lvezetes+koncerthez.%3C%2Fspan%3E%3C%2Fp%3E%0D%0A%0D%0A%3Ch3+style%3D%22text-align%3A+justify%3B%22%3E%3Cspan+style%3D%22font-size%3A+12pt%3B%22%3EEzut%C3%A1n+a+helyi+polg%C3%A1rmester+el%C5%91adta+a+legjobb+kortesbesz%C3%A9det%2C+amit+valaha+politikust%C3%B3l+hallottam%3A+%22Kedves+XVIII.+ker%C3%BCleti+lakosok%2C+az%C3%A9rt+volt+ennyire+hossz%C3%BA+a+be%C3%A1ll%C3%A1s%2C+hogy+mindenki+meggy%C5%91z%C5%91dhessen%2C+a+Boney+M+%C3%A9l%C5%91ben+zen%C3%A9l%2C+nem+playback+koncertet+ad.+J%C3%B3+sz%C3%B3rakoz%C3%A1st+k%C3%ADv%C3%A1nok.%22%3C%2Fspan%3E%3C%2Fh3%3E%0D%0A%3Cp+style%3D%22text-align%3A+justify%3B%22%3E%3Cspan+style%3D%22font-size%3A+12pt%3B%22%3EMegsz%C3%B3lalt+a+zene%2C+felgyulladt+a+koncertvil%C3%A1g%C3%ADt%C3%A1s+%C3%A9s+bevonult+a+sz%C3%ADnpadra+Sheyla+Bonnick+%28a+zenekar+1975-%C3%B6s+alap%C3%ADt%C3%B3+tagja%29%2C+k%C3%A9t+%C3%A9nekesn%C5%91vel%2C+egy+%C3%A9nekessel+%C3%A9s+egy+t%C3%A1ncosfi%C3%BAval.+Kicsit+nehezen+r%C3%A1z%C3%B3dtak+ugyan+bele%2C+de+n%C3%A9h%C3%A1ny+perc+eltelt%C3%A9vel+meglett+a+Boney+M+filing%2C+el+kezdett+%C3%A1ramolni+a+zene%2C+a+ritmus+%C3%A9s+a+nosztalgia...%3C%2Fspan%3E%3C%2Fp%3E%0D%0A%3Cp+style%3D%22text-align%3A+center%3B%22%3E%3Cimg+class%3D%22aligncenter+wp-image-5259+size-full%22+src%3D%22http%3A%2F%2Flongkft.hu%2Faudioblog%2Fwp-content%2Fuploads%2F2019%2F08%2Fboney-m_1.jpg%22+alt%3D%22boney+m_1%22+width%3D%22800%22+height%3D%22600%22+%2F%3E%3C%2Fp%3E%0D%0A%3Cp+style%3D%22text-align%3A+justify%3B%22%3E%3Cspan+style%3D%22font-size%3A+12pt%3B%22%3EAzaz+nem+j%C3%B3l+mondom%2C+mert+csak+el+kezdett+volna+%C3%A1ramolni%2C+ugyanis+a+kever%C5%91pultn%C3%A1l+%C3%BCl%C5%91+l%C3%A9nyek+%C3%BAgy+d%C3%B6nt%C3%B6ttek%2C+hogy+a+technik%C3%A1t+a+zenekar+%C3%A9s+a+hallgat%C3%B3k+k%C3%B6z%C3%A9+teszik%2C+mint+egy+%C3%A1th%C3%A1ghatatlan+hat%C3%A1rfalat.+Nyomtak+vagy+8-10+plusz+dB-t+%C3%A9s+jelent%C5%91sen+kiemelt%C3%A9k+kb.+3-8+kHz+k%C3%B6z%C3%B6tti+frekvencias%C3%A1vot+a+be%C3%A1ll%C3%A1skor+kifejezetten+j%C3%B3+hang%C3%BAnak+hallatsz%C3%B3+rendszeren.+Majd+mivel+m%C3%A9g+maradt+n%C3%A9mi+foszl%C3%A1ny+a+zen%C3%A9b%C5%91l+a+b%C5%91d%C3%BCletesen+torzan+%C3%A9s+cs%C3%B6r%C3%B6gve+megsz%C3%B3lal%C3%B3+hangban%2C+el+kezdt%C3%A9k+tov%C3%A1bb+adagolni+a+hangnyom%C3%A1st%2C+aminek+eredm%C3%A9nyek%C3%A9nt+nem+csak+a+rendszer+mondott+cs%C5%91d%C3%B6t%2C+de+a+hallgat%C3%B3k+f%C3%BCle+is.%3C%2Fspan%3E%3C%2Fp%3E%0D%0A%0D%0A%3Ch3+style%3D%22text-align%3A+justify%3B%22%3E%3Cspan+style%3D%22font-size%3A+12pt%3B%22%3EAz+eredm%C3%A9ny+iszonyatos+cs%C3%B6rg%C3%A9s%2C+csattog%C3%A1s%2C+%C3%A9rthetetlen+sz%C3%B6veg%2C+megk%C3%BCl%C3%B6nb%C3%B6ztethetetlen+hangszerek%2C+tot%C3%A1lis+k%C3%A1osz%2C+valamint+sok-sok+f%C3%BClre+szor%C3%ADtott+k%C3%A9z.%3C%2Fspan%3E%3C%2Fh3%3E%0D%0A%3Cp+style%3D%22text-align%3A+justify%3B%22%3E%3Cspan+style%3D%22font-size%3A+12pt%3B%22%3EEgy+darabig+m%C3%A9g+harcolt+benn%C3%BCnk+a+nosztalgia+a+hallottakkal+%28vagyis+ink%C3%A1bb+nem+hallottakkal%29%2C+majd+a+negyedik+sz%C3%A1m+ut%C3%A1n+feladtuk+%C3%A9s+elmenek%C3%BClt%C3%BCnk.+Ezt+az%C3%A9rt+megpr%C3%B3b%C3%A1lom+kihangs%C3%BAlyozni%2C+a+kever%C5%91pult+m%C3%B6g%C3%B6tt+%C3%BCl%C5%91+agyatlan+l%C3%A9nyek+agyatlan+potm%C3%A9tertologat%C3%A1sa%2C+abszol%C3%BAt+s%C3%BCket+f%C3%BClei+ism%C3%A9telten+t%C3%B6nkre+v%C3%A1gtak+egy+zenekari+fell%C3%A9p%C3%A9st%2C+%C3%A9s+el%C3%A9rt%C3%A9k%2C+hogy+a+koncertr%C5%91l%2C+amire+41+%C3%A9vet+v%C3%A1rtunk+k%C3%A9nytelenek+voltunk+t%C3%A1vozni.%3C%2Fspan%3E%3C%2Fp%3E%0D%0A%3Cp+style%3D%22text-align%3A+justify%3B%22%3E%3Cspan+style%3D%22font-size%3A+12pt%3B%22%3E...%C3%A9s+most+nem+fogom+magamat+vissza%2C+mert+a+tagnapi+nap+feld%C3%BCh%C3%ADtett+annyira%2C+hogy+a+tegnapi+potm%C3%A9tertologat%C3%B3k+mellett+k%C3%BCldjem+el+a+j%C3%B3+b%C3%BAsba+azokat+a+magukat+%22hangm%C3%A9rn%C3%B6knek%22%2C+%22st%C3%BAdi%C3%B3szakembernek%22%2C+%22st%C3%BAdi%C3%B3snak%22%2C+%22hangtechnikusnak%22+stb.+kiad%C3%B3+okj-s+tanfolyamot+v%C3%A9gzett+l%C3%A9nyeket%2C+akik+a+%22hall%C3%A1sukra%22%2C+a+st%C3%BAdi%C3%B3k+berendez%C3%A9s%C3%A9re%2C+stb.+hivatkozva+%22k%C3%B6pk%C3%B6dnek+tele%22+folyamatosan+hangmin%C5%91s%C3%A9gr%C5%91l+sz%C3%B3l%C3%B3+f%C3%B3rumos+besz%C3%A9lget%C3%A9seket%2C+%C3%A9s+%2F+vagy+k%C3%A9sz%C3%ADtenek+katasztrof%C3%A1lisan+szar+hangfelv%C3%A9teleket.+A+kedv%C3%BCk%C3%A9rt+k%C3%A9nytelen+vagyok+megeml%C3%ADteni+-+mert+tele+vannak+a+hifis+f%C3%B3rumok+magukat+hangm%C3%A9rn%C3%B6kk%C3%A9nt+aposztrof%C3%A1l%C3%B3+%C3%A9s+magas+l%C3%B3r%C3%B3l+leereszked%C5%91+l%C3%A9nyekkel+-%2C+hogy+a+r%C3%A9gi+sz%C3%A9p+id%C5%91kben+az+igazi+hangm%C3%A9rn%C3%B6ki+k%C3%A9pz%C3%A9s+Vars%C3%B3ban+volt%2C+a+jelentkez%C3%A9shez+k%C3%B6telez%C5%91+volt+a+zenei+k%C3%A9pzetts%C3%A9g+%28el%C5%91%C3%A9let%29%2C+a+hall%C3%A1s+%C3%A9s+a+v%C3%A9gzetts%C3%A9ghez+nem+csak+egy+%C3%A9vig+%C3%A9s+nem+csak+szombaton+kellett+odaj%C3%A1rni.+%C2%A0%3C%2Fspan%3E%3C%2Fp%3E%0D%0A%0D%0A%3Ch3+style%3D%22text-align%3A+justify%3B%22%3E%3Cspan+style%3D%22font-size%3A+12pt%3B%22%3ETerm%C3%A9szetesen%2C+akinek+nem+inge...%3C%2Fspan%3E%3C%2Fh3%3E&amp;source=Longaudio\"><\/a><a target=\"_blank\" class=\"gplusz\" title=\"\" rel=\"external\" href=\"https:\/\/plusone.google.com\/_\/+1\/confirm?url=https:\/\/longkft.hu\/audioblog\/egy-tonkretett-koncert-boney-m\/\"><\/a><a target=\"_blank\" rel=\"nofollow\" class=\"email\" href=\"mailto:?subject=Longaudio - Egy t\u00f6nkretett koncert  &#8211;  Boney M&amp;body=Kedves Bar\u00e1tom! Most olvastam a(z) Egy t\u00f6nkretett koncert  &#8211;  Boney M  c\u00edm\u0171 cikket a(z) Longaudio  oldalon. Hivatkoz\u00e1s:  https:\/\/longkft.hu\/audioblog\/egy-tonkretett-koncert-boney-m\/\" title=\"\"><\/a><a class=\"nyomtatas\" title=\"\" href=\"http:\/\/www.printfriendly.com\" onclick=\"window.print();return false;\"><\/a>","protected":false},"author":2,"featured_media":5258,"comment_status":"open","ping_status":"closed","sticky":false,"template":"","format":"standard","meta":{"footnotes":""},"categories":[1],"tags":[76],"class_list":["post-5257","post","type-post","status-publish","format-standard","has-post-thumbnail","hentry","category-egyeb","tag-koncert"],"yoast_head":"<!-- This site is optimized with the Yoast SEO plugin v27.5 - https:\/\/yoast.com\/product\/yoast-seo-wordpress\/ -->\n<title>Egy t\u00f6nkretett koncert - Boney M - Longaudio<\/title>\n<meta name=\"robots\" content=\"index, follow, max-snippet:-1, max-image-preview:large, max-video-preview:-1\" \/>\n<link rel=\"canonical\" href=\"https:\/\/longkft.hu\/audioblog\/egy-tonkretett-koncert-boney-m\/\" \/>\n<meta property=\"og:locale\" content=\"hu_HU\" \/>\n<meta property=\"og:type\" content=\"article\" \/>\n<meta property=\"og:title\" content=\"Egy t\u00f6nkretett koncert - Boney M - Longaudio\" \/>\n<meta property=\"og:description\" content=\"40+ \u00e9ve j\u00e1rok rendszeresen k\u00fcl\u00f6nf\u00e9le hangos\u00edtott \u00e9s akusztikai koncertekre a legk\u00fcl\u00f6nf\u00e9l\u00e9bb m\u0171fajokban. Soha, semmif\u00e9le lelki v\u00e1ls\u00e1got nem okozott, ha pl....\" \/>\n<meta property=\"og:url\" content=\"https:\/\/longkft.hu\/audioblog\/egy-tonkretett-koncert-boney-m\/\" \/>\n<meta property=\"og:site_name\" content=\"Longaudio\" \/>\n<meta property=\"article:publisher\" content=\"https:\/\/www.facebook.com\/longkft\" \/>\n<meta property=\"article:author\" content=\"https:\/\/www.facebook.com\/longkft\" \/>\n<meta property=\"article:published_time\" content=\"2019-08-05T18:54:04+00:00\" \/>\n<meta property=\"article:modified_time\" content=\"2022-02-04T10:20:14+00:00\" \/>\n<meta property=\"og:image\" content=\"https:\/\/longkft.hu\/audioblog\/wp-content\/uploads\/2019\/08\/boney-m_2.jpg\" \/>\n\t<meta property=\"og:image:width\" content=\"1000\" \/>\n\t<meta property=\"og:image:height\" content=\"750\" \/>\n\t<meta property=\"og:image:type\" content=\"image\/jpeg\" \/>\n<meta name=\"author\" content=\"Long\" \/>\n<meta name=\"twitter:card\" content=\"summary_large_image\" \/>\n<meta name=\"twitter:label1\" content=\"Szerz\u0151:\" \/>\n\t<meta name=\"twitter:data1\" content=\"Long\" \/>\n\t<meta name=\"twitter:label2\" content=\"Becs\u00fclt olvas\u00e1si id\u0151\" \/>\n\t<meta name=\"twitter:data2\" content=\"8 perc\" \/>\n<script type=\"application\/ld+json\" class=\"yoast-schema-graph\">{\"@context\":\"https:\\\/\\\/schema.org\",\"@graph\":[{\"@type\":\"Article\",\"@id\":\"https:\\\/\\\/longkft.hu\\\/audioblog\\\/egy-tonkretett-koncert-boney-m\\\/#article\",\"isPartOf\":{\"@id\":\"https:\\\/\\\/longkft.hu\\\/audioblog\\\/egy-tonkretett-koncert-boney-m\\\/\"},\"author\":{\"name\":\"Long\",\"@id\":\"https:\\\/\\\/longkft.hu\\\/audioblog\\\/#\\\/schema\\\/person\\\/645cabad2d8e942354ed2caeef3aa9ea\"},\"headline\":\"Egy t\u00f6nkretett koncert &#8211; Boney M\",\"datePublished\":\"2019-08-05T18:54:04+00:00\",\"dateModified\":\"2022-02-04T10:20:14+00:00\",\"mainEntityOfPage\":{\"@id\":\"https:\\\/\\\/longkft.hu\\\/audioblog\\\/egy-tonkretett-koncert-boney-m\\\/\"},\"wordCount\":1581,\"commentCount\":1,\"publisher\":{\"@id\":\"https:\\\/\\\/longkft.hu\\\/audioblog\\\/#\\\/schema\\\/person\\\/645cabad2d8e942354ed2caeef3aa9ea\"},\"image\":{\"@id\":\"https:\\\/\\\/longkft.hu\\\/audioblog\\\/egy-tonkretett-koncert-boney-m\\\/#primaryimage\"},\"thumbnailUrl\":\"https:\\\/\\\/longkft.hu\\\/audioblog\\\/wp-content\\\/uploads\\\/2019\\\/08\\\/boney-m_2.jpg\",\"keywords\":[\"Koncert\"],\"inLanguage\":\"hu\",\"potentialAction\":[{\"@type\":\"CommentAction\",\"name\":\"Comment\",\"target\":[\"https:\\\/\\\/longkft.hu\\\/audioblog\\\/egy-tonkretett-koncert-boney-m\\\/#respond\"]}]},{\"@type\":\"WebPage\",\"@id\":\"https:\\\/\\\/longkft.hu\\\/audioblog\\\/egy-tonkretett-koncert-boney-m\\\/\",\"url\":\"https:\\\/\\\/longkft.hu\\\/audioblog\\\/egy-tonkretett-koncert-boney-m\\\/\",\"name\":\"Egy t\u00f6nkretett koncert - Boney M - Longaudio\",\"isPartOf\":{\"@id\":\"https:\\\/\\\/longkft.hu\\\/audioblog\\\/#website\"},\"primaryImageOfPage\":{\"@id\":\"https:\\\/\\\/longkft.hu\\\/audioblog\\\/egy-tonkretett-koncert-boney-m\\\/#primaryimage\"},\"image\":{\"@id\":\"https:\\\/\\\/longkft.hu\\\/audioblog\\\/egy-tonkretett-koncert-boney-m\\\/#primaryimage\"},\"thumbnailUrl\":\"https:\\\/\\\/longkft.hu\\\/audioblog\\\/wp-content\\\/uploads\\\/2019\\\/08\\\/boney-m_2.jpg\",\"datePublished\":\"2019-08-05T18:54:04+00:00\",\"dateModified\":\"2022-02-04T10:20:14+00:00\",\"breadcrumb\":{\"@id\":\"https:\\\/\\\/longkft.hu\\\/audioblog\\\/egy-tonkretett-koncert-boney-m\\\/#breadcrumb\"},\"inLanguage\":\"hu\",\"potentialAction\":[{\"@type\":\"ReadAction\",\"target\":[\"https:\\\/\\\/longkft.hu\\\/audioblog\\\/egy-tonkretett-koncert-boney-m\\\/\"]}]},{\"@type\":\"ImageObject\",\"inLanguage\":\"hu\",\"@id\":\"https:\\\/\\\/longkft.hu\\\/audioblog\\\/egy-tonkretett-koncert-boney-m\\\/#primaryimage\",\"url\":\"https:\\\/\\\/longkft.hu\\\/audioblog\\\/wp-content\\\/uploads\\\/2019\\\/08\\\/boney-m_2.jpg\",\"contentUrl\":\"https:\\\/\\\/longkft.hu\\\/audioblog\\\/wp-content\\\/uploads\\\/2019\\\/08\\\/boney-m_2.jpg\",\"width\":1000,\"height\":750,\"caption\":\"boney m_2\"},{\"@type\":\"BreadcrumbList\",\"@id\":\"https:\\\/\\\/longkft.hu\\\/audioblog\\\/egy-tonkretett-koncert-boney-m\\\/#breadcrumb\",\"itemListElement\":[{\"@type\":\"ListItem\",\"position\":1,\"name\":\"Kezd\u0151oldal\",\"item\":\"https:\\\/\\\/longkft.hu\\\/audioblog\\\/\"},{\"@type\":\"ListItem\",\"position\":2,\"name\":\"Egy t\u00f6nkretett koncert &#8211; Boney M\"}]},{\"@type\":\"WebSite\",\"@id\":\"https:\\\/\\\/longkft.hu\\\/audioblog\\\/#website\",\"url\":\"https:\\\/\\\/longkft.hu\\\/audioblog\\\/\",\"name\":\"Longaudio\",\"description\":\"50 \u00e9v lemezgy\u0171jtem\u00e9nye \u00e9s audio k\u00e9sz\u00fcl\u00e9kei\",\"publisher\":{\"@id\":\"https:\\\/\\\/longkft.hu\\\/audioblog\\\/#\\\/schema\\\/person\\\/645cabad2d8e942354ed2caeef3aa9ea\"},\"potentialAction\":[{\"@type\":\"SearchAction\",\"target\":{\"@type\":\"EntryPoint\",\"urlTemplate\":\"https:\\\/\\\/longkft.hu\\\/audioblog\\\/?s={search_term_string}\"},\"query-input\":{\"@type\":\"PropertyValueSpecification\",\"valueRequired\":true,\"valueName\":\"search_term_string\"}}],\"inLanguage\":\"hu\"},{\"@type\":[\"Person\",\"Organization\"],\"@id\":\"https:\\\/\\\/longkft.hu\\\/audioblog\\\/#\\\/schema\\\/person\\\/645cabad2d8e942354ed2caeef3aa9ea\",\"name\":\"Long\",\"image\":{\"@type\":\"ImageObject\",\"inLanguage\":\"hu\",\"@id\":\"https:\\\/\\\/longkft.hu\\\/audioblog\\\/wp-content\\\/uploads\\\/2018\\\/01\\\/logo.jpg\",\"url\":\"https:\\\/\\\/longkft.hu\\\/audioblog\\\/wp-content\\\/uploads\\\/2018\\\/01\\\/logo.jpg\",\"contentUrl\":\"https:\\\/\\\/longkft.hu\\\/audioblog\\\/wp-content\\\/uploads\\\/2018\\\/01\\\/logo.jpg\",\"width\":240,\"height\":240,\"caption\":\"Long\"},\"logo\":{\"@id\":\"https:\\\/\\\/longkft.hu\\\/audioblog\\\/wp-content\\\/uploads\\\/2018\\\/01\\\/logo.jpg\"},\"sameAs\":[\"https:\\\/\\\/www.facebook.com\\\/longkft\",\"https:\\\/\\\/hu.pinterest.com\\\/farkas1051\\\/_saved\\\/\"],\"url\":\"https:\\\/\\\/longkft.hu\\\/audioblog\\\/author\\\/audioblogger\\\/\"}]}<\/script>\n<!-- \/ Yoast SEO plugin. -->","yoast_head_json":{"title":"Egy t\u00f6nkretett koncert - Boney M - Longaudio","robots":{"index":"index","follow":"follow","max-snippet":"max-snippet:-1","max-image-preview":"max-image-preview:large","max-video-preview":"max-video-preview:-1"},"canonical":"https:\/\/longkft.hu\/audioblog\/egy-tonkretett-koncert-boney-m\/","og_locale":"hu_HU","og_type":"article","og_title":"Egy t\u00f6nkretett koncert - Boney M - Longaudio","og_description":"40+ \u00e9ve j\u00e1rok rendszeresen k\u00fcl\u00f6nf\u00e9le hangos\u00edtott \u00e9s akusztikai koncertekre a legk\u00fcl\u00f6nf\u00e9l\u00e9bb m\u0171fajokban. Soha, semmif\u00e9le lelki v\u00e1ls\u00e1got nem okozott, ha pl....","og_url":"https:\/\/longkft.hu\/audioblog\/egy-tonkretett-koncert-boney-m\/","og_site_name":"Longaudio","article_publisher":"https:\/\/www.facebook.com\/longkft","article_author":"https:\/\/www.facebook.com\/longkft","article_published_time":"2019-08-05T18:54:04+00:00","article_modified_time":"2022-02-04T10:20:14+00:00","og_image":[{"width":1000,"height":750,"url":"https:\/\/longkft.hu\/audioblog\/wp-content\/uploads\/2019\/08\/boney-m_2.jpg","type":"image\/jpeg"}],"author":"Long","twitter_card":"summary_large_image","twitter_misc":{"Szerz\u0151:":"Long","Becs\u00fclt olvas\u00e1si id\u0151":"8 perc"},"schema":{"@context":"https:\/\/schema.org","@graph":[{"@type":"Article","@id":"https:\/\/longkft.hu\/audioblog\/egy-tonkretett-koncert-boney-m\/#article","isPartOf":{"@id":"https:\/\/longkft.hu\/audioblog\/egy-tonkretett-koncert-boney-m\/"},"author":{"name":"Long","@id":"https:\/\/longkft.hu\/audioblog\/#\/schema\/person\/645cabad2d8e942354ed2caeef3aa9ea"},"headline":"Egy t\u00f6nkretett koncert &#8211; Boney M","datePublished":"2019-08-05T18:54:04+00:00","dateModified":"2022-02-04T10:20:14+00:00","mainEntityOfPage":{"@id":"https:\/\/longkft.hu\/audioblog\/egy-tonkretett-koncert-boney-m\/"},"wordCount":1581,"commentCount":1,"publisher":{"@id":"https:\/\/longkft.hu\/audioblog\/#\/schema\/person\/645cabad2d8e942354ed2caeef3aa9ea"},"image":{"@id":"https:\/\/longkft.hu\/audioblog\/egy-tonkretett-koncert-boney-m\/#primaryimage"},"thumbnailUrl":"https:\/\/longkft.hu\/audioblog\/wp-content\/uploads\/2019\/08\/boney-m_2.jpg","keywords":["Koncert"],"inLanguage":"hu","potentialAction":[{"@type":"CommentAction","name":"Comment","target":["https:\/\/longkft.hu\/audioblog\/egy-tonkretett-koncert-boney-m\/#respond"]}]},{"@type":"WebPage","@id":"https:\/\/longkft.hu\/audioblog\/egy-tonkretett-koncert-boney-m\/","url":"https:\/\/longkft.hu\/audioblog\/egy-tonkretett-koncert-boney-m\/","name":"Egy t\u00f6nkretett koncert - Boney M - Longaudio","isPartOf":{"@id":"https:\/\/longkft.hu\/audioblog\/#website"},"primaryImageOfPage":{"@id":"https:\/\/longkft.hu\/audioblog\/egy-tonkretett-koncert-boney-m\/#primaryimage"},"image":{"@id":"https:\/\/longkft.hu\/audioblog\/egy-tonkretett-koncert-boney-m\/#primaryimage"},"thumbnailUrl":"https:\/\/longkft.hu\/audioblog\/wp-content\/uploads\/2019\/08\/boney-m_2.jpg","datePublished":"2019-08-05T18:54:04+00:00","dateModified":"2022-02-04T10:20:14+00:00","breadcrumb":{"@id":"https:\/\/longkft.hu\/audioblog\/egy-tonkretett-koncert-boney-m\/#breadcrumb"},"inLanguage":"hu","potentialAction":[{"@type":"ReadAction","target":["https:\/\/longkft.hu\/audioblog\/egy-tonkretett-koncert-boney-m\/"]}]},{"@type":"ImageObject","inLanguage":"hu","@id":"https:\/\/longkft.hu\/audioblog\/egy-tonkretett-koncert-boney-m\/#primaryimage","url":"https:\/\/longkft.hu\/audioblog\/wp-content\/uploads\/2019\/08\/boney-m_2.jpg","contentUrl":"https:\/\/longkft.hu\/audioblog\/wp-content\/uploads\/2019\/08\/boney-m_2.jpg","width":1000,"height":750,"caption":"boney m_2"},{"@type":"BreadcrumbList","@id":"https:\/\/longkft.hu\/audioblog\/egy-tonkretett-koncert-boney-m\/#breadcrumb","itemListElement":[{"@type":"ListItem","position":1,"name":"Kezd\u0151oldal","item":"https:\/\/longkft.hu\/audioblog\/"},{"@type":"ListItem","position":2,"name":"Egy t\u00f6nkretett koncert &#8211; Boney M"}]},{"@type":"WebSite","@id":"https:\/\/longkft.hu\/audioblog\/#website","url":"https:\/\/longkft.hu\/audioblog\/","name":"Longaudio","description":"50 \u00e9v lemezgy\u0171jtem\u00e9nye \u00e9s audio k\u00e9sz\u00fcl\u00e9kei","publisher":{"@id":"https:\/\/longkft.hu\/audioblog\/#\/schema\/person\/645cabad2d8e942354ed2caeef3aa9ea"},"potentialAction":[{"@type":"SearchAction","target":{"@type":"EntryPoint","urlTemplate":"https:\/\/longkft.hu\/audioblog\/?s={search_term_string}"},"query-input":{"@type":"PropertyValueSpecification","valueRequired":true,"valueName":"search_term_string"}}],"inLanguage":"hu"},{"@type":["Person","Organization"],"@id":"https:\/\/longkft.hu\/audioblog\/#\/schema\/person\/645cabad2d8e942354ed2caeef3aa9ea","name":"Long","image":{"@type":"ImageObject","inLanguage":"hu","@id":"https:\/\/longkft.hu\/audioblog\/wp-content\/uploads\/2018\/01\/logo.jpg","url":"https:\/\/longkft.hu\/audioblog\/wp-content\/uploads\/2018\/01\/logo.jpg","contentUrl":"https:\/\/longkft.hu\/audioblog\/wp-content\/uploads\/2018\/01\/logo.jpg","width":240,"height":240,"caption":"Long"},"logo":{"@id":"https:\/\/longkft.hu\/audioblog\/wp-content\/uploads\/2018\/01\/logo.jpg"},"sameAs":["https:\/\/www.facebook.com\/longkft","https:\/\/hu.pinterest.com\/farkas1051\/_saved\/"],"url":"https:\/\/longkft.hu\/audioblog\/author\/audioblogger\/"}]}},"_links":{"self":[{"href":"https:\/\/longkft.hu\/audioblog\/wp-json\/wp\/v2\/posts\/5257","targetHints":{"allow":["GET"]}}],"collection":[{"href":"https:\/\/longkft.hu\/audioblog\/wp-json\/wp\/v2\/posts"}],"about":[{"href":"https:\/\/longkft.hu\/audioblog\/wp-json\/wp\/v2\/types\/post"}],"author":[{"embeddable":true,"href":"https:\/\/longkft.hu\/audioblog\/wp-json\/wp\/v2\/users\/2"}],"replies":[{"embeddable":true,"href":"https:\/\/longkft.hu\/audioblog\/wp-json\/wp\/v2\/comments?post=5257"}],"version-history":[{"count":0,"href":"https:\/\/longkft.hu\/audioblog\/wp-json\/wp\/v2\/posts\/5257\/revisions"}],"wp:featuredmedia":[{"embeddable":true,"href":"https:\/\/longkft.hu\/audioblog\/wp-json\/wp\/v2\/media\/5258"}],"wp:attachment":[{"href":"https:\/\/longkft.hu\/audioblog\/wp-json\/wp\/v2\/media?parent=5257"}],"wp:term":[{"taxonomy":"category","embeddable":true,"href":"https:\/\/longkft.hu\/audioblog\/wp-json\/wp\/v2\/categories?post=5257"},{"taxonomy":"post_tag","embeddable":true,"href":"https:\/\/longkft.hu\/audioblog\/wp-json\/wp\/v2\/tags?post=5257"}],"curies":[{"name":"wp","href":"https:\/\/api.w.org\/{rel}","templated":true}]}}