{"id":748,"date":"2016-07-01T09:42:50","date_gmt":"2016-07-01T09:42:50","guid":{"rendered":"http:\/\/longkft.hu\/audioblog\/?p=748"},"modified":"2021-02-12T17:01:42","modified_gmt":"2021-02-12T17:01:42","slug":"skorpio-gyere-velem","status":"publish","type":"post","link":"https:\/\/longkft.hu\/audioblog\/skorpio-gyere-velem\/","title":{"rendered":"Skorpi\u00f3 &#8211; Gyere velem"},"content":{"rendered":"<h3 style=\"text-align: justify;\"><span style=\"font-size: 12pt;\">A Skorpi\u00f3 lemezt el\u0151v\u00e9ve a lemeztasakban k\u00e9t r\u00e9g elfelejtett eml\u00e9ket tal\u00e1ltam, amiket ak\u00e1r rockt\u00f6rt\u00e9neti erekly\u00e9nek is tekinthetn\u00e9nk!<\/span><\/h3>\n<p style=\"text-align: justify;\"><span style=\"font-size: 12pt;\">1983-ban &#8211; a Di\u00f3sgy\u0151ri Rockfesztiv\u00e1l 10 \u00e9ves \u00e9vfordul\u00f3j\u00e1n &#8211; a M\u00e1tr\u00e1ban, S\u00e1st\u00f3n hatalmas szabadt\u00e9ri rockkoncertet (fesztiv\u00e1lt) rendeztek. A rengeteg fell\u00e9p\u0151\u00a0 &#8211; t\u00f6bbek k\u00f6z\u00f6tt a Skorpi\u00f3 &#8211; \u00e9s n\u00e9z\u0151 k\u00f6z\u00f6tt ott voltam \u00e9n is, amit a meg\u0151rz\u00f6tt eredeti bel\u00e9p\u0151jegy is bizony\u00edt.\u00a0<span class=\"text_exposed_show\">Az ifjabbaknak aj\u00e1nlom figyelm\u00e9be a bel\u00e9p\u0151jegy \u00e1r\u00e1t is&#8230; Az eg\u00e9sz napos (\u00e9jszak\u00e1s) rendezv\u00e9ny utaz\u00e1ssal egy\u00fctt m\u00e9g a sohasem volt zsebp\u00e9nzemet sem terhelte meg &#8211; igaz, odafel\u00e9 stoppal ment\u00fcnk. Tulajdonk\u00e9ppen ez a rendezv\u00e9ny volt az 1983 szeptemberi, val\u00f3di jubileumi Miskolci Rockfesztiv\u00e1lnak &#8222;el\u0151fut\u00e1ra&#8221;, tesztel\u00e9se.<\/span><\/span><\/p>\n<div class=\"text_exposed_show\" style=\"text-align: left;\">\n<p style=\"text-align: justify;\"><span style=\"font-size: 12pt;\">A m\u00e1sik &#8222;ereklye&#8221; ami kihullott, egy eredeti Frenreisz K\u00e1roly rajz! Abban az id\u0151ben &#8222;z\u00f6ld vir\u00e1g&#8221; korszakot \u00e9ltem, ami tulajdonk\u00e9ppen semmit nem jelentett, de \u00e1lland\u00f3an r\u00f3la (\u00e9s persze hozz\u00e1) besz\u00e9ltem. Karesz megtisztelt azzal, hogy rajzolt nekem egyet.<\/span><\/p>\n<p style=\"text-align: center;\"><span style=\"font-size: 12pt;\"><img loading=\"lazy\" decoding=\"async\" class=\"aligncenter wp-image-741\" src=\"http:\/\/longkft.hu\/audioblog\/wp-content\/uploads\/2018\/02\/frenreisz-z\u00f6ld-vir\u00e1g.jpg\" alt=\"skorpi\u00f3\" width=\"600\" height=\"600\" srcset=\"https:\/\/longkft.hu\/audioblog\/wp-content\/uploads\/2018\/02\/frenreisz-z\u00f6ld-vir\u00e1g.jpg 983w, https:\/\/longkft.hu\/audioblog\/wp-content\/uploads\/2018\/02\/frenreisz-z\u00f6ld-vir\u00e1g-150x150.jpg 150w, https:\/\/longkft.hu\/audioblog\/wp-content\/uploads\/2018\/02\/frenreisz-z\u00f6ld-vir\u00e1g-300x300.jpg 300w, https:\/\/longkft.hu\/audioblog\/wp-content\/uploads\/2018\/02\/frenreisz-z\u00f6ld-vir\u00e1g-768x768.jpg 768w, https:\/\/longkft.hu\/audioblog\/wp-content\/uploads\/2018\/02\/frenreisz-z\u00f6ld-vir\u00e1g-500x500.jpg 500w, https:\/\/longkft.hu\/audioblog\/wp-content\/uploads\/2018\/02\/frenreisz-z\u00f6ld-vir\u00e1g-400x400.jpg 400w, https:\/\/longkft.hu\/audioblog\/wp-content\/uploads\/2018\/02\/frenreisz-z\u00f6ld-vir\u00e1g-200x200.jpg 200w, https:\/\/longkft.hu\/audioblog\/wp-content\/uploads\/2018\/02\/frenreisz-z\u00f6ld-vir\u00e1g-820x820.jpg 820w\" sizes=\"auto, (max-width: 600px) 100vw, 600px\" \/><\/span><\/p>\n<h3 style=\"text-align: justify;\"><span style=\"font-size: 12pt;\">&#8230;\u00e9s akkor az album &#8211; Gyere velem.<\/span><\/h3>\n<p style=\"text-align: center;\"><img loading=\"lazy\" decoding=\"async\" class=\"aligncenter wp-image-10518\" src=\"https:\/\/longkft.hu\/audioblog\/wp-content\/uploads\/2016\/07\/skorpio_gyere_velem_eleje.jpg\" alt=\"\" width=\"600\" height=\"600\" srcset=\"https:\/\/longkft.hu\/audioblog\/wp-content\/uploads\/2016\/07\/skorpio_gyere_velem_eleje.jpg 983w, https:\/\/longkft.hu\/audioblog\/wp-content\/uploads\/2016\/07\/skorpio_gyere_velem_eleje-300x300.jpg 300w, https:\/\/longkft.hu\/audioblog\/wp-content\/uploads\/2016\/07\/skorpio_gyere_velem_eleje-150x150.jpg 150w, https:\/\/longkft.hu\/audioblog\/wp-content\/uploads\/2016\/07\/skorpio_gyere_velem_eleje-768x768.jpg 768w, https:\/\/longkft.hu\/audioblog\/wp-content\/uploads\/2016\/07\/skorpio_gyere_velem_eleje-500x500.jpg 500w, https:\/\/longkft.hu\/audioblog\/wp-content\/uploads\/2016\/07\/skorpio_gyere_velem_eleje-400x400.jpg 400w, https:\/\/longkft.hu\/audioblog\/wp-content\/uploads\/2016\/07\/skorpio_gyere_velem_eleje-200x200.jpg 200w, https:\/\/longkft.hu\/audioblog\/wp-content\/uploads\/2016\/07\/skorpio_gyere_velem_eleje-820x820.jpg 820w\" sizes=\"auto, (max-width: 600px) 100vw, 600px\" \/><\/p>\n<p style=\"text-align: justify;\"><span style=\"font-size: 12pt;\">Egyr\u00e9szt el\u0151rel\u00e9p\u00e9st (oldalra l\u00e9p\u00e9st?) jelentett az el\u0151z\u0151 albumokhoz k\u00e9pest, m\u00e1sr\u00e9szt ugyanezen l\u00e9p\u00e9sek tett\u00e9k kev\u00e9sb\u00e9 elfogadott\u00e1. K\u00f6nnyedebb lett a zene, a hangz\u00e1s, sajnos a progressz\u00edv hangv\u00e9telt teljesen felv\u00e1ltotta a sokkal funky-sabb, n\u00e9ha m\u00e1r-m\u00e1r sziruposan happy \u00e9let\u00e9rz\u00e9s. F\u00fav\u00f3sszekci\u00f3, h\u00e1rom \u00e9nekesn\u0151 \u00e9s persze a n\u00e9gy remek zen\u00e9sz &#8211; minden adva volt, s\u0151t, sz\u00e1momra m\u00e9g a sz\u00f6vegek is fogyaszthat\u00f3bbak lettek&#8230;<\/span><br \/>\n<span style=\"font-size: 12pt;\"> A v\u00e9geredm\u00e9ny azonban egy n\u00e9mileg (nagyon!) tinglitangli album. Nagyon-nagyon t\u00e1vol ker\u00fclt Frenreisz eredeti zenei elk\u00e9pzel\u00e9seit\u0151l (az els\u0151 lemezt\u0151l), aminek megval\u00f3s\u00edt\u00e1s\u00e1ra a Skorpi\u00f3t alap\u00edtotta. Innen m\u00e1r csak egy ir\u00e1nyba lehetett tov\u00e1bbl\u00e9pni, ezt \u00edgy, ilyen form\u00e1ban abba kellett hagyni!<\/span><\/p>\n<p style=\"text-align: center;\"><img loading=\"lazy\" decoding=\"async\" class=\"aligncenter wp-image-10519\" src=\"https:\/\/longkft.hu\/audioblog\/wp-content\/uploads\/2016\/07\/skorpio_gyere_velem_hata.jpg\" alt=\"\" width=\"600\" height=\"600\" srcset=\"https:\/\/longkft.hu\/audioblog\/wp-content\/uploads\/2016\/07\/skorpio_gyere_velem_hata.jpg 983w, https:\/\/longkft.hu\/audioblog\/wp-content\/uploads\/2016\/07\/skorpio_gyere_velem_hata-300x300.jpg 300w, https:\/\/longkft.hu\/audioblog\/wp-content\/uploads\/2016\/07\/skorpio_gyere_velem_hata-150x150.jpg 150w, https:\/\/longkft.hu\/audioblog\/wp-content\/uploads\/2016\/07\/skorpio_gyere_velem_hata-768x768.jpg 768w, https:\/\/longkft.hu\/audioblog\/wp-content\/uploads\/2016\/07\/skorpio_gyere_velem_hata-500x500.jpg 500w, https:\/\/longkft.hu\/audioblog\/wp-content\/uploads\/2016\/07\/skorpio_gyere_velem_hata-400x400.jpg 400w, https:\/\/longkft.hu\/audioblog\/wp-content\/uploads\/2016\/07\/skorpio_gyere_velem_hata-200x200.jpg 200w, https:\/\/longkft.hu\/audioblog\/wp-content\/uploads\/2016\/07\/skorpio_gyere_velem_hata-820x820.jpg 820w\" sizes=\"auto, (max-width: 600px) 100vw, 600px\" \/><\/p>\n<p><span style=\"font-size: 12pt;\"><a href=\"http:\/\/longkft.hu\/audioblog\/tag\/skorpio\/\">Tov\u00e1bbi Skorpi\u00f3<br \/>\n<\/a><a href=\"http:\/\/longkft.hu\/audioblog\/kategoria\/lemezkritika\/\">Tov\u00e1bbi lemezkritik\u00e1k<\/a><\/span><\/p>\n<\/div>\n<span>Megosztom:<\/span><br><a target=\"_blank\" class=\"facebook\" title=\"\" rel=\"external\" href=\"https:\/\/www.facebook.com\/share.php?u=https:\/\/longkft.hu\/audioblog\/skorpio-gyere-velem\/&title=Skorpi\u00f3 &#8211; Gyere velem\"><\/a><a target=\"_blank\" class=\"linkedin\" title=\"\" rel=\"external\" href=\"http:\/\/www.linkedin.com\/shareArticle?mini=true&amp;url=https%3A%2F%2Flongkft.hu%2Faudioblog%2Fskorpio-gyere-velem%2F&amp;title=Skorpi%C3%B3+%26%238211%3B+Gyere+velem&amp;summary=%3Ch3+style%3D%22text-align%3A+justify%3B%22%3E%3Cspan+style%3D%22font-size%3A+12pt%3B%22%3EA+Skorpi%C3%B3+lemezt+el%C5%91v%C3%A9ve+a+lemeztasakban+k%C3%A9t+r%C3%A9g+elfelejtett+eml%C3%A9ket+tal%C3%A1ltam%2C+amiket+ak%C3%A1r+rockt%C3%B6rt%C3%A9neti+erekly%C3%A9nek+is+tekinthetn%C3%A9nk%21%3C%2Fspan%3E%3C%2Fh3%3E%0D%0A%3Cp+style%3D%22text-align%3A+justify%3B%22%3E%3Cspan+style%3D%22font-size%3A+12pt%3B%22%3E1983-ban+-+a+Di%C3%B3sgy%C5%91ri+Rockfesztiv%C3%A1l+10+%C3%A9ves+%C3%A9vfordul%C3%B3j%C3%A1n+-+a+M%C3%A1tr%C3%A1ban%2C+S%C3%A1st%C3%B3n+hatalmas+szabadt%C3%A9ri+rockkoncertet+%28fesztiv%C3%A1lt%29+rendeztek.+A+rengeteg+fell%C3%A9p%C5%91%C2%A0+-+t%C3%B6bbek+k%C3%B6z%C3%B6tt+a+Skorpi%C3%B3+-+%C3%A9s+n%C3%A9z%C5%91+k%C3%B6z%C3%B6tt+ott+voltam+%C3%A9n+is%2C+amit+a+meg%C5%91rz%C3%B6tt+eredeti+bel%C3%A9p%C5%91jegy+is+bizony%C3%ADt.%C2%A0%3Cspan+class%3D%22text_exposed_show%22%3EAz+ifjabbaknak+aj%C3%A1nlom+figyelm%C3%A9be+a+bel%C3%A9p%C5%91jegy+%C3%A1r%C3%A1t+is...+Az+eg%C3%A9sz+napos+%28%C3%A9jszak%C3%A1s%29+rendezv%C3%A9ny+utaz%C3%A1ssal+egy%C3%BCtt+m%C3%A9g+a+sohasem+volt+zsebp%C3%A9nzemet+sem+terhelte+meg+-+igaz%2C+odafel%C3%A9+stoppal+ment%C3%BCnk.+Tulajdonk%C3%A9ppen+ez+a+rendezv%C3%A9ny+volt+az+1983+szeptemberi%2C+val%C3%B3di+jubileumi+Miskolci+Rockfesztiv%C3%A1lnak+%22el%C5%91fut%C3%A1ra%22%2C+tesztel%C3%A9se.%3C%2Fspan%3E%3C%2Fspan%3E%3C%2Fp%3E%0D%0A%0D%0A%3Cdiv+class%3D%22text_exposed_show%22+style%3D%22text-align%3A+left%3B%22%3E%0D%0A%3Cp+style%3D%22text-align%3A+justify%3B%22%3E%3Cspan+style%3D%22font-size%3A+12pt%3B%22%3EA+m%C3%A1sik+%22ereklye%22+ami+kihullott%2C+egy+eredeti+Frenreisz+K%C3%A1roly+rajz%21+Abban+az+id%C5%91ben+%22z%C3%B6ld+vir%C3%A1g%22+korszakot+%C3%A9ltem%2C+ami+tulajdonk%C3%A9ppen+semmit+nem+jelentett%2C+de+%C3%A1lland%C3%B3an+r%C3%B3la+%28%C3%A9s+persze+hozz%C3%A1%29+besz%C3%A9ltem.+Karesz+megtisztelt+azzal%2C+hogy+rajzolt+nekem+egyet.%3C%2Fspan%3E%3C%2Fp%3E%0D%0A%3Cp+style%3D%22text-align%3A+center%3B%22%3E%3Cspan+style%3D%22font-size%3A+12pt%3B%22%3E%3Cimg+class%3D%22aligncenter+wp-image-741%22+src%3D%22http%3A%2F%2Flongkft.hu%2Faudioblog%2Fwp-content%2Fuploads%2F2018%2F02%2Ffrenreisz-z%C3%B6ld-vir%C3%A1g.jpg%22+alt%3D%22skorpi%C3%B3%22+width%3D%22600%22+height%3D%22600%22+%2F%3E%3C%2Fspan%3E%3C%2Fp%3E%0D%0A%0D%0A%3Ch3+style%3D%22text-align%3A+justify%3B%22%3E%3Cspan+style%3D%22font-size%3A+12pt%3B%22%3E...%C3%A9s+akkor+az+album+-+Gyere+velem.%3C%2Fspan%3E%3C%2Fh3%3E%0D%0A%3Cp+style%3D%22text-align%3A+center%3B%22%3E%3Cimg+class%3D%22aligncenter+wp-image-10518%22+src%3D%22https%3A%2F%2Flongkft.hu%2Faudioblog%2Fwp-content%2Fuploads%2F2016%2F07%2Fskorpio_gyere_velem_eleje.jpg%22+alt%3D%22%22+width%3D%22600%22+height%3D%22600%22+%2F%3E%3C%2Fp%3E%0D%0A%3Cp+style%3D%22text-align%3A+justify%3B%22%3E%3Cspan+style%3D%22font-size%3A+12pt%3B%22%3EEgyr%C3%A9szt+el%C5%91rel%C3%A9p%C3%A9st+%28oldalra+l%C3%A9p%C3%A9st%3F%29+jelentett+az+el%C5%91z%C5%91+albumokhoz+k%C3%A9pest%2C+m%C3%A1sr%C3%A9szt+ugyanezen+l%C3%A9p%C3%A9sek+tett%C3%A9k+kev%C3%A9sb%C3%A9+elfogadott%C3%A1.+K%C3%B6nnyedebb+lett+a+zene%2C+a+hangz%C3%A1s%2C+sajnos+a+progressz%C3%ADv+hangv%C3%A9telt+teljesen+felv%C3%A1ltotta+a+sokkal+funky-sabb%2C+n%C3%A9ha+m%C3%A1r-m%C3%A1r+sziruposan+happy+%C3%A9let%C3%A9rz%C3%A9s.+F%C3%BAv%C3%B3sszekci%C3%B3%2C+h%C3%A1rom+%C3%A9nekesn%C5%91+%C3%A9s+persze+a+n%C3%A9gy+remek+zen%C3%A9sz+-+minden+adva+volt%2C+s%C5%91t%2C+sz%C3%A1momra+m%C3%A9g+a+sz%C3%B6vegek+is+fogyaszthat%C3%B3bbak+lettek...%3C%2Fspan%3E%0D%0A%3Cspan+style%3D%22font-size%3A+12pt%3B%22%3E+A+v%C3%A9geredm%C3%A9ny+azonban+egy+n%C3%A9mileg+%28nagyon%21%29+tinglitangli+album.+Nagyon-nagyon+t%C3%A1vol+ker%C3%BClt+Frenreisz+eredeti+zenei+elk%C3%A9pzel%C3%A9seit%C5%91l+%28az+els%C5%91+lemezt%C5%91l%29%2C+aminek+megval%C3%B3s%C3%ADt%C3%A1s%C3%A1ra+a+Skorpi%C3%B3t+alap%C3%ADtotta.+Innen+m%C3%A1r+csak+egy+ir%C3%A1nyba+lehetett+tov%C3%A1bbl%C3%A9pni%2C+ezt+%C3%ADgy%2C+ilyen+form%C3%A1ban+abba+kellett+hagyni%21%3C%2Fspan%3E%3C%2Fp%3E%0D%0A%3Cp+style%3D%22text-align%3A+center%3B%22%3E%3Cimg+class%3D%22aligncenter+wp-image-10519%22+src%3D%22https%3A%2F%2Flongkft.hu%2Faudioblog%2Fwp-content%2Fuploads%2F2016%2F07%2Fskorpio_gyere_velem_hata.jpg%22+alt%3D%22%22+width%3D%22600%22+height%3D%22600%22+%2F%3E%3C%2Fp%3E%0D%0A%3Cspan+style%3D%22font-size%3A+12pt%3B%22%3E%3Ca+href%3D%22http%3A%2F%2Flongkft.hu%2Faudioblog%2Ftag%2Fskorpio%2F%22%3ETov%C3%A1bbi+Skorpi%C3%B3%0D%0A%3C%2Fa%3E%3Ca+href%3D%22http%3A%2F%2Flongkft.hu%2Faudioblog%2Fkategoria%2Flemezkritika%2F%22%3ETov%C3%A1bbi+lemezkritik%C3%A1k%3C%2Fa%3E%3C%2Fspan%3E%0D%0A%0D%0A%3C%2Fdiv%3E&amp;source=Longaudio\"><\/a><a target=\"_blank\" class=\"gplusz\" title=\"\" rel=\"external\" href=\"https:\/\/plusone.google.com\/_\/+1\/confirm?url=https:\/\/longkft.hu\/audioblog\/skorpio-gyere-velem\/\"><\/a><a target=\"_blank\" rel=\"nofollow\" class=\"email\" href=\"mailto:?subject=Longaudio - Skorpi\u00f3 &#8211; Gyere velem&amp;body=Kedves Bar\u00e1tom! Most olvastam a(z) Skorpi\u00f3 &#8211; Gyere velem  c\u00edm\u0171 cikket a(z) Longaudio  oldalon. Hivatkoz\u00e1s:  https:\/\/longkft.hu\/audioblog\/skorpio-gyere-velem\/\" title=\"\"><\/a><a class=\"nyomtatas\" title=\"\" href=\"http:\/\/www.printfriendly.com\" onclick=\"window.print();return false;\"><\/a>","protected":false},"excerpt":{"rendered":"<p>A Skorpi\u00f3 lemezt el\u0151v\u00e9ve a lemeztasakban k\u00e9t r\u00e9g elfelejtett eml\u00e9ket tal\u00e1ltam, amiket ak\u00e1r rockt\u00f6rt\u00e9neti erekly\u00e9nek is tekinthetn\u00e9nk! 1983-ban &#8211; a&#8230;<\/p>\n<span>Megosztom:<\/span><br><a target=\"_blank\" class=\"facebook\" title=\"\" rel=\"external\" href=\"https:\/\/www.facebook.com\/share.php?u=https:\/\/longkft.hu\/audioblog\/skorpio-gyere-velem\/&title=Skorpi\u00f3 &#8211; Gyere velem\"><\/a><a target=\"_blank\" class=\"linkedin\" title=\"\" rel=\"external\" href=\"http:\/\/www.linkedin.com\/shareArticle?mini=true&amp;url=https%3A%2F%2Flongkft.hu%2Faudioblog%2Fskorpio-gyere-velem%2F&amp;title=Skorpi%C3%B3+%26%238211%3B+Gyere+velem&amp;summary=%3Ch3+style%3D%22text-align%3A+justify%3B%22%3E%3Cspan+style%3D%22font-size%3A+12pt%3B%22%3EA+Skorpi%C3%B3+lemezt+el%C5%91v%C3%A9ve+a+lemeztasakban+k%C3%A9t+r%C3%A9g+elfelejtett+eml%C3%A9ket+tal%C3%A1ltam%2C+amiket+ak%C3%A1r+rockt%C3%B6rt%C3%A9neti+erekly%C3%A9nek+is+tekinthetn%C3%A9nk%21%3C%2Fspan%3E%3C%2Fh3%3E%0D%0A%3Cp+style%3D%22text-align%3A+justify%3B%22%3E%3Cspan+style%3D%22font-size%3A+12pt%3B%22%3E1983-ban+-+a+Di%C3%B3sgy%C5%91ri+Rockfesztiv%C3%A1l+10+%C3%A9ves+%C3%A9vfordul%C3%B3j%C3%A1n+-+a+M%C3%A1tr%C3%A1ban%2C+S%C3%A1st%C3%B3n+hatalmas+szabadt%C3%A9ri+rockkoncertet+%28fesztiv%C3%A1lt%29+rendeztek.+A+rengeteg+fell%C3%A9p%C5%91%C2%A0+-+t%C3%B6bbek+k%C3%B6z%C3%B6tt+a+Skorpi%C3%B3+-+%C3%A9s+n%C3%A9z%C5%91+k%C3%B6z%C3%B6tt+ott+voltam+%C3%A9n+is%2C+amit+a+meg%C5%91rz%C3%B6tt+eredeti+bel%C3%A9p%C5%91jegy+is+bizony%C3%ADt.%C2%A0%3Cspan+class%3D%22text_exposed_show%22%3EAz+ifjabbaknak+aj%C3%A1nlom+figyelm%C3%A9be+a+bel%C3%A9p%C5%91jegy+%C3%A1r%C3%A1t+is...+Az+eg%C3%A9sz+napos+%28%C3%A9jszak%C3%A1s%29+rendezv%C3%A9ny+utaz%C3%A1ssal+egy%C3%BCtt+m%C3%A9g+a+sohasem+volt+zsebp%C3%A9nzemet+sem+terhelte+meg+-+igaz%2C+odafel%C3%A9+stoppal+ment%C3%BCnk.+Tulajdonk%C3%A9ppen+ez+a+rendezv%C3%A9ny+volt+az+1983+szeptemberi%2C+val%C3%B3di+jubileumi+Miskolci+Rockfesztiv%C3%A1lnak+%22el%C5%91fut%C3%A1ra%22%2C+tesztel%C3%A9se.%3C%2Fspan%3E%3C%2Fspan%3E%3C%2Fp%3E%0D%0A%0D%0A%3Cdiv+class%3D%22text_exposed_show%22+style%3D%22text-align%3A+left%3B%22%3E%0D%0A%3Cp+style%3D%22text-align%3A+justify%3B%22%3E%3Cspan+style%3D%22font-size%3A+12pt%3B%22%3EA+m%C3%A1sik+%22ereklye%22+ami+kihullott%2C+egy+eredeti+Frenreisz+K%C3%A1roly+rajz%21+Abban+az+id%C5%91ben+%22z%C3%B6ld+vir%C3%A1g%22+korszakot+%C3%A9ltem%2C+ami+tulajdonk%C3%A9ppen+semmit+nem+jelentett%2C+de+%C3%A1lland%C3%B3an+r%C3%B3la+%28%C3%A9s+persze+hozz%C3%A1%29+besz%C3%A9ltem.+Karesz+megtisztelt+azzal%2C+hogy+rajzolt+nekem+egyet.%3C%2Fspan%3E%3C%2Fp%3E%0D%0A%3Cp+style%3D%22text-align%3A+center%3B%22%3E%3Cspan+style%3D%22font-size%3A+12pt%3B%22%3E%3Cimg+class%3D%22aligncenter+wp-image-741%22+src%3D%22http%3A%2F%2Flongkft.hu%2Faudioblog%2Fwp-content%2Fuploads%2F2018%2F02%2Ffrenreisz-z%C3%B6ld-vir%C3%A1g.jpg%22+alt%3D%22skorpi%C3%B3%22+width%3D%22600%22+height%3D%22600%22+%2F%3E%3C%2Fspan%3E%3C%2Fp%3E%0D%0A%0D%0A%3Ch3+style%3D%22text-align%3A+justify%3B%22%3E%3Cspan+style%3D%22font-size%3A+12pt%3B%22%3E...%C3%A9s+akkor+az+album+-+Gyere+velem.%3C%2Fspan%3E%3C%2Fh3%3E%0D%0A%3Cp+style%3D%22text-align%3A+center%3B%22%3E%3Cimg+class%3D%22aligncenter+wp-image-10518%22+src%3D%22https%3A%2F%2Flongkft.hu%2Faudioblog%2Fwp-content%2Fuploads%2F2016%2F07%2Fskorpio_gyere_velem_eleje.jpg%22+alt%3D%22%22+width%3D%22600%22+height%3D%22600%22+%2F%3E%3C%2Fp%3E%0D%0A%3Cp+style%3D%22text-align%3A+justify%3B%22%3E%3Cspan+style%3D%22font-size%3A+12pt%3B%22%3EEgyr%C3%A9szt+el%C5%91rel%C3%A9p%C3%A9st+%28oldalra+l%C3%A9p%C3%A9st%3F%29+jelentett+az+el%C5%91z%C5%91+albumokhoz+k%C3%A9pest%2C+m%C3%A1sr%C3%A9szt+ugyanezen+l%C3%A9p%C3%A9sek+tett%C3%A9k+kev%C3%A9sb%C3%A9+elfogadott%C3%A1.+K%C3%B6nnyedebb+lett+a+zene%2C+a+hangz%C3%A1s%2C+sajnos+a+progressz%C3%ADv+hangv%C3%A9telt+teljesen+felv%C3%A1ltotta+a+sokkal+funky-sabb%2C+n%C3%A9ha+m%C3%A1r-m%C3%A1r+sziruposan+happy+%C3%A9let%C3%A9rz%C3%A9s.+F%C3%BAv%C3%B3sszekci%C3%B3%2C+h%C3%A1rom+%C3%A9nekesn%C5%91+%C3%A9s+persze+a+n%C3%A9gy+remek+zen%C3%A9sz+-+minden+adva+volt%2C+s%C5%91t%2C+sz%C3%A1momra+m%C3%A9g+a+sz%C3%B6vegek+is+fogyaszthat%C3%B3bbak+lettek...%3C%2Fspan%3E%0D%0A%3Cspan+style%3D%22font-size%3A+12pt%3B%22%3E+A+v%C3%A9geredm%C3%A9ny+azonban+egy+n%C3%A9mileg+%28nagyon%21%29+tinglitangli+album.+Nagyon-nagyon+t%C3%A1vol+ker%C3%BClt+Frenreisz+eredeti+zenei+elk%C3%A9pzel%C3%A9seit%C5%91l+%28az+els%C5%91+lemezt%C5%91l%29%2C+aminek+megval%C3%B3s%C3%ADt%C3%A1s%C3%A1ra+a+Skorpi%C3%B3t+alap%C3%ADtotta.+Innen+m%C3%A1r+csak+egy+ir%C3%A1nyba+lehetett+tov%C3%A1bbl%C3%A9pni%2C+ezt+%C3%ADgy%2C+ilyen+form%C3%A1ban+abba+kellett+hagyni%21%3C%2Fspan%3E%3C%2Fp%3E%0D%0A%3Cp+style%3D%22text-align%3A+center%3B%22%3E%3Cimg+class%3D%22aligncenter+wp-image-10519%22+src%3D%22https%3A%2F%2Flongkft.hu%2Faudioblog%2Fwp-content%2Fuploads%2F2016%2F07%2Fskorpio_gyere_velem_hata.jpg%22+alt%3D%22%22+width%3D%22600%22+height%3D%22600%22+%2F%3E%3C%2Fp%3E%0D%0A%3Cspan+style%3D%22font-size%3A+12pt%3B%22%3E%3Ca+href%3D%22http%3A%2F%2Flongkft.hu%2Faudioblog%2Ftag%2Fskorpio%2F%22%3ETov%C3%A1bbi+Skorpi%C3%B3%0D%0A%3C%2Fa%3E%3Ca+href%3D%22http%3A%2F%2Flongkft.hu%2Faudioblog%2Fkategoria%2Flemezkritika%2F%22%3ETov%C3%A1bbi+lemezkritik%C3%A1k%3C%2Fa%3E%3C%2Fspan%3E%0D%0A%0D%0A%3C%2Fdiv%3E&amp;source=Longaudio\"><\/a><a target=\"_blank\" class=\"gplusz\" title=\"\" rel=\"external\" href=\"https:\/\/plusone.google.com\/_\/+1\/confirm?url=https:\/\/longkft.hu\/audioblog\/skorpio-gyere-velem\/\"><\/a><a target=\"_blank\" rel=\"nofollow\" class=\"email\" href=\"mailto:?subject=Longaudio - Skorpi\u00f3 &#8211; Gyere velem&amp;body=Kedves Bar\u00e1tom! Most olvastam a(z) Skorpi\u00f3 &#8211; Gyere velem  c\u00edm\u0171 cikket a(z) Longaudio  oldalon. Hivatkoz\u00e1s:  https:\/\/longkft.hu\/audioblog\/skorpio-gyere-velem\/\" title=\"\"><\/a><a class=\"nyomtatas\" title=\"\" href=\"http:\/\/www.printfriendly.com\" onclick=\"window.print();return false;\"><\/a>","protected":false},"author":2,"featured_media":744,"comment_status":"open","ping_status":"closed","sticky":false,"template":"","format":"standard","meta":{"footnotes":""},"categories":[31],"tags":[41,36],"class_list":["post-748","post","type-post","status-publish","format-standard","has-post-thumbnail","hentry","category-lemezkritika","tag-skorpio","tag-zenekarok"],"yoast_head":"<!-- This site is optimized with the Yoast SEO plugin v27.4 - https:\/\/yoast.com\/product\/yoast-seo-wordpress\/ -->\n<title>Skorpi\u00f3 - Gyere velem - Longaudio<\/title>\n<meta name=\"robots\" content=\"index, follow, max-snippet:-1, max-image-preview:large, max-video-preview:-1\" \/>\n<link rel=\"canonical\" href=\"https:\/\/longkft.hu\/audioblog\/skorpio-gyere-velem\/\" \/>\n<meta property=\"og:locale\" content=\"hu_HU\" \/>\n<meta property=\"og:type\" content=\"article\" \/>\n<meta property=\"og:title\" content=\"Skorpi\u00f3 - Gyere velem - Longaudio\" \/>\n<meta property=\"og:description\" content=\"A Skorpi\u00f3 lemezt el\u0151v\u00e9ve a lemeztasakban k\u00e9t r\u00e9g elfelejtett eml\u00e9ket tal\u00e1ltam, amiket ak\u00e1r rockt\u00f6rt\u00e9neti erekly\u00e9nek is tekinthetn\u00e9nk! 1983-ban &#8211; a...\" \/>\n<meta property=\"og:url\" content=\"https:\/\/longkft.hu\/audioblog\/skorpio-gyere-velem\/\" \/>\n<meta property=\"og:site_name\" content=\"Longaudio\" \/>\n<meta property=\"article:publisher\" content=\"https:\/\/www.facebook.com\/longkft\" \/>\n<meta property=\"article:author\" content=\"https:\/\/www.facebook.com\/longkft\" \/>\n<meta property=\"article:published_time\" content=\"2016-07-01T09:42:50+00:00\" \/>\n<meta property=\"article:modified_time\" content=\"2021-02-12T17:01:42+00:00\" \/>\n<meta property=\"og:image\" content=\"https:\/\/i1.wp.com\/longkft.hu\/audioblog\/wp-content\/uploads\/2018\/02\/skorpio_gyere_velem_eleje.jpg?fit=983%2C983&ssl=1\" \/>\n\t<meta property=\"og:image:width\" content=\"983\" \/>\n\t<meta property=\"og:image:height\" content=\"983\" \/>\n\t<meta property=\"og:image:type\" content=\"image\/jpeg\" \/>\n<meta name=\"author\" content=\"Long\" \/>\n<meta name=\"twitter:card\" content=\"summary_large_image\" \/>\n<meta name=\"twitter:label1\" content=\"Szerz\u0151:\" \/>\n\t<meta name=\"twitter:data1\" content=\"Long\" \/>\n\t<meta name=\"twitter:label2\" content=\"Becs\u00fclt olvas\u00e1si id\u0151\" \/>\n\t<meta name=\"twitter:data2\" content=\"2 perc\" \/>\n<script type=\"application\/ld+json\" class=\"yoast-schema-graph\">{\"@context\":\"https:\\\/\\\/schema.org\",\"@graph\":[{\"@type\":\"Article\",\"@id\":\"https:\\\/\\\/longkft.hu\\\/audioblog\\\/skorpio-gyere-velem\\\/#article\",\"isPartOf\":{\"@id\":\"https:\\\/\\\/longkft.hu\\\/audioblog\\\/skorpio-gyere-velem\\\/\"},\"author\":{\"name\":\"Long\",\"@id\":\"https:\\\/\\\/longkft.hu\\\/audioblog\\\/#\\\/schema\\\/person\\\/645cabad2d8e942354ed2caeef3aa9ea\"},\"headline\":\"Skorpi\u00f3 &#8211; Gyere velem\",\"datePublished\":\"2016-07-01T09:42:50+00:00\",\"dateModified\":\"2021-02-12T17:01:42+00:00\",\"mainEntityOfPage\":{\"@id\":\"https:\\\/\\\/longkft.hu\\\/audioblog\\\/skorpio-gyere-velem\\\/\"},\"wordCount\":361,\"commentCount\":1,\"publisher\":{\"@id\":\"https:\\\/\\\/longkft.hu\\\/audioblog\\\/#\\\/schema\\\/person\\\/645cabad2d8e942354ed2caeef3aa9ea\"},\"image\":{\"@id\":\"https:\\\/\\\/longkft.hu\\\/audioblog\\\/skorpio-gyere-velem\\\/#primaryimage\"},\"thumbnailUrl\":\"https:\\\/\\\/longkft.hu\\\/audioblog\\\/wp-content\\\/uploads\\\/2018\\\/02\\\/skorpio_gyere_velem_eleje.jpg\",\"keywords\":[\"Skorpi\u00f3\",\"Zenekarok\"],\"articleSection\":[\"Lemezkritika\"],\"inLanguage\":\"hu\",\"potentialAction\":[{\"@type\":\"CommentAction\",\"name\":\"Comment\",\"target\":[\"https:\\\/\\\/longkft.hu\\\/audioblog\\\/skorpio-gyere-velem\\\/#respond\"]}]},{\"@type\":\"WebPage\",\"@id\":\"https:\\\/\\\/longkft.hu\\\/audioblog\\\/skorpio-gyere-velem\\\/\",\"url\":\"https:\\\/\\\/longkft.hu\\\/audioblog\\\/skorpio-gyere-velem\\\/\",\"name\":\"Skorpi\u00f3 - Gyere velem - Longaudio\",\"isPartOf\":{\"@id\":\"https:\\\/\\\/longkft.hu\\\/audioblog\\\/#website\"},\"primaryImageOfPage\":{\"@id\":\"https:\\\/\\\/longkft.hu\\\/audioblog\\\/skorpio-gyere-velem\\\/#primaryimage\"},\"image\":{\"@id\":\"https:\\\/\\\/longkft.hu\\\/audioblog\\\/skorpio-gyere-velem\\\/#primaryimage\"},\"thumbnailUrl\":\"https:\\\/\\\/longkft.hu\\\/audioblog\\\/wp-content\\\/uploads\\\/2018\\\/02\\\/skorpio_gyere_velem_eleje.jpg\",\"datePublished\":\"2016-07-01T09:42:50+00:00\",\"dateModified\":\"2021-02-12T17:01:42+00:00\",\"breadcrumb\":{\"@id\":\"https:\\\/\\\/longkft.hu\\\/audioblog\\\/skorpio-gyere-velem\\\/#breadcrumb\"},\"inLanguage\":\"hu\",\"potentialAction\":[{\"@type\":\"ReadAction\",\"target\":[\"https:\\\/\\\/longkft.hu\\\/audioblog\\\/skorpio-gyere-velem\\\/\"]}]},{\"@type\":\"ImageObject\",\"inLanguage\":\"hu\",\"@id\":\"https:\\\/\\\/longkft.hu\\\/audioblog\\\/skorpio-gyere-velem\\\/#primaryimage\",\"url\":\"https:\\\/\\\/longkft.hu\\\/audioblog\\\/wp-content\\\/uploads\\\/2018\\\/02\\\/skorpio_gyere_velem_eleje.jpg\",\"contentUrl\":\"https:\\\/\\\/longkft.hu\\\/audioblog\\\/wp-content\\\/uploads\\\/2018\\\/02\\\/skorpio_gyere_velem_eleje.jpg\",\"width\":983,\"height\":983,\"caption\":\"Skorpio Gyere velem\"},{\"@type\":\"BreadcrumbList\",\"@id\":\"https:\\\/\\\/longkft.hu\\\/audioblog\\\/skorpio-gyere-velem\\\/#breadcrumb\",\"itemListElement\":[{\"@type\":\"ListItem\",\"position\":1,\"name\":\"Kezd\u0151oldal\",\"item\":\"https:\\\/\\\/longkft.hu\\\/audioblog\\\/\"},{\"@type\":\"ListItem\",\"position\":2,\"name\":\"Skorpi\u00f3 &#8211; Gyere velem\"}]},{\"@type\":\"WebSite\",\"@id\":\"https:\\\/\\\/longkft.hu\\\/audioblog\\\/#website\",\"url\":\"https:\\\/\\\/longkft.hu\\\/audioblog\\\/\",\"name\":\"Longaudio\",\"description\":\"50 \u00e9v lemezgy\u0171jtem\u00e9nye \u00e9s audio k\u00e9sz\u00fcl\u00e9kei\",\"publisher\":{\"@id\":\"https:\\\/\\\/longkft.hu\\\/audioblog\\\/#\\\/schema\\\/person\\\/645cabad2d8e942354ed2caeef3aa9ea\"},\"potentialAction\":[{\"@type\":\"SearchAction\",\"target\":{\"@type\":\"EntryPoint\",\"urlTemplate\":\"https:\\\/\\\/longkft.hu\\\/audioblog\\\/?s={search_term_string}\"},\"query-input\":{\"@type\":\"PropertyValueSpecification\",\"valueRequired\":true,\"valueName\":\"search_term_string\"}}],\"inLanguage\":\"hu\"},{\"@type\":[\"Person\",\"Organization\"],\"@id\":\"https:\\\/\\\/longkft.hu\\\/audioblog\\\/#\\\/schema\\\/person\\\/645cabad2d8e942354ed2caeef3aa9ea\",\"name\":\"Long\",\"image\":{\"@type\":\"ImageObject\",\"inLanguage\":\"hu\",\"@id\":\"https:\\\/\\\/longkft.hu\\\/audioblog\\\/wp-content\\\/uploads\\\/2018\\\/01\\\/logo.jpg\",\"url\":\"https:\\\/\\\/longkft.hu\\\/audioblog\\\/wp-content\\\/uploads\\\/2018\\\/01\\\/logo.jpg\",\"contentUrl\":\"https:\\\/\\\/longkft.hu\\\/audioblog\\\/wp-content\\\/uploads\\\/2018\\\/01\\\/logo.jpg\",\"width\":240,\"height\":240,\"caption\":\"Long\"},\"logo\":{\"@id\":\"https:\\\/\\\/longkft.hu\\\/audioblog\\\/wp-content\\\/uploads\\\/2018\\\/01\\\/logo.jpg\"},\"sameAs\":[\"https:\\\/\\\/www.facebook.com\\\/longkft\",\"https:\\\/\\\/hu.pinterest.com\\\/farkas1051\\\/_saved\\\/\"],\"url\":\"https:\\\/\\\/longkft.hu\\\/audioblog\\\/author\\\/audioblogger\\\/\"}]}<\/script>\n<!-- \/ Yoast SEO plugin. -->","yoast_head_json":{"title":"Skorpi\u00f3 - Gyere velem - Longaudio","robots":{"index":"index","follow":"follow","max-snippet":"max-snippet:-1","max-image-preview":"max-image-preview:large","max-video-preview":"max-video-preview:-1"},"canonical":"https:\/\/longkft.hu\/audioblog\/skorpio-gyere-velem\/","og_locale":"hu_HU","og_type":"article","og_title":"Skorpi\u00f3 - Gyere velem - Longaudio","og_description":"A Skorpi\u00f3 lemezt el\u0151v\u00e9ve a lemeztasakban k\u00e9t r\u00e9g elfelejtett eml\u00e9ket tal\u00e1ltam, amiket ak\u00e1r rockt\u00f6rt\u00e9neti erekly\u00e9nek is tekinthetn\u00e9nk! 1983-ban &#8211; a...","og_url":"https:\/\/longkft.hu\/audioblog\/skorpio-gyere-velem\/","og_site_name":"Longaudio","article_publisher":"https:\/\/www.facebook.com\/longkft","article_author":"https:\/\/www.facebook.com\/longkft","article_published_time":"2016-07-01T09:42:50+00:00","article_modified_time":"2021-02-12T17:01:42+00:00","og_image":[{"width":983,"height":983,"url":"https:\/\/i1.wp.com\/longkft.hu\/audioblog\/wp-content\/uploads\/2018\/02\/skorpio_gyere_velem_eleje.jpg?fit=983%2C983&ssl=1","type":"image\/jpeg"}],"author":"Long","twitter_card":"summary_large_image","twitter_misc":{"Szerz\u0151:":"Long","Becs\u00fclt olvas\u00e1si id\u0151":"2 perc"},"schema":{"@context":"https:\/\/schema.org","@graph":[{"@type":"Article","@id":"https:\/\/longkft.hu\/audioblog\/skorpio-gyere-velem\/#article","isPartOf":{"@id":"https:\/\/longkft.hu\/audioblog\/skorpio-gyere-velem\/"},"author":{"name":"Long","@id":"https:\/\/longkft.hu\/audioblog\/#\/schema\/person\/645cabad2d8e942354ed2caeef3aa9ea"},"headline":"Skorpi\u00f3 &#8211; Gyere velem","datePublished":"2016-07-01T09:42:50+00:00","dateModified":"2021-02-12T17:01:42+00:00","mainEntityOfPage":{"@id":"https:\/\/longkft.hu\/audioblog\/skorpio-gyere-velem\/"},"wordCount":361,"commentCount":1,"publisher":{"@id":"https:\/\/longkft.hu\/audioblog\/#\/schema\/person\/645cabad2d8e942354ed2caeef3aa9ea"},"image":{"@id":"https:\/\/longkft.hu\/audioblog\/skorpio-gyere-velem\/#primaryimage"},"thumbnailUrl":"https:\/\/longkft.hu\/audioblog\/wp-content\/uploads\/2018\/02\/skorpio_gyere_velem_eleje.jpg","keywords":["Skorpi\u00f3","Zenekarok"],"articleSection":["Lemezkritika"],"inLanguage":"hu","potentialAction":[{"@type":"CommentAction","name":"Comment","target":["https:\/\/longkft.hu\/audioblog\/skorpio-gyere-velem\/#respond"]}]},{"@type":"WebPage","@id":"https:\/\/longkft.hu\/audioblog\/skorpio-gyere-velem\/","url":"https:\/\/longkft.hu\/audioblog\/skorpio-gyere-velem\/","name":"Skorpi\u00f3 - Gyere velem - Longaudio","isPartOf":{"@id":"https:\/\/longkft.hu\/audioblog\/#website"},"primaryImageOfPage":{"@id":"https:\/\/longkft.hu\/audioblog\/skorpio-gyere-velem\/#primaryimage"},"image":{"@id":"https:\/\/longkft.hu\/audioblog\/skorpio-gyere-velem\/#primaryimage"},"thumbnailUrl":"https:\/\/longkft.hu\/audioblog\/wp-content\/uploads\/2018\/02\/skorpio_gyere_velem_eleje.jpg","datePublished":"2016-07-01T09:42:50+00:00","dateModified":"2021-02-12T17:01:42+00:00","breadcrumb":{"@id":"https:\/\/longkft.hu\/audioblog\/skorpio-gyere-velem\/#breadcrumb"},"inLanguage":"hu","potentialAction":[{"@type":"ReadAction","target":["https:\/\/longkft.hu\/audioblog\/skorpio-gyere-velem\/"]}]},{"@type":"ImageObject","inLanguage":"hu","@id":"https:\/\/longkft.hu\/audioblog\/skorpio-gyere-velem\/#primaryimage","url":"https:\/\/longkft.hu\/audioblog\/wp-content\/uploads\/2018\/02\/skorpio_gyere_velem_eleje.jpg","contentUrl":"https:\/\/longkft.hu\/audioblog\/wp-content\/uploads\/2018\/02\/skorpio_gyere_velem_eleje.jpg","width":983,"height":983,"caption":"Skorpio Gyere velem"},{"@type":"BreadcrumbList","@id":"https:\/\/longkft.hu\/audioblog\/skorpio-gyere-velem\/#breadcrumb","itemListElement":[{"@type":"ListItem","position":1,"name":"Kezd\u0151oldal","item":"https:\/\/longkft.hu\/audioblog\/"},{"@type":"ListItem","position":2,"name":"Skorpi\u00f3 &#8211; Gyere velem"}]},{"@type":"WebSite","@id":"https:\/\/longkft.hu\/audioblog\/#website","url":"https:\/\/longkft.hu\/audioblog\/","name":"Longaudio","description":"50 \u00e9v lemezgy\u0171jtem\u00e9nye \u00e9s audio k\u00e9sz\u00fcl\u00e9kei","publisher":{"@id":"https:\/\/longkft.hu\/audioblog\/#\/schema\/person\/645cabad2d8e942354ed2caeef3aa9ea"},"potentialAction":[{"@type":"SearchAction","target":{"@type":"EntryPoint","urlTemplate":"https:\/\/longkft.hu\/audioblog\/?s={search_term_string}"},"query-input":{"@type":"PropertyValueSpecification","valueRequired":true,"valueName":"search_term_string"}}],"inLanguage":"hu"},{"@type":["Person","Organization"],"@id":"https:\/\/longkft.hu\/audioblog\/#\/schema\/person\/645cabad2d8e942354ed2caeef3aa9ea","name":"Long","image":{"@type":"ImageObject","inLanguage":"hu","@id":"https:\/\/longkft.hu\/audioblog\/wp-content\/uploads\/2018\/01\/logo.jpg","url":"https:\/\/longkft.hu\/audioblog\/wp-content\/uploads\/2018\/01\/logo.jpg","contentUrl":"https:\/\/longkft.hu\/audioblog\/wp-content\/uploads\/2018\/01\/logo.jpg","width":240,"height":240,"caption":"Long"},"logo":{"@id":"https:\/\/longkft.hu\/audioblog\/wp-content\/uploads\/2018\/01\/logo.jpg"},"sameAs":["https:\/\/www.facebook.com\/longkft","https:\/\/hu.pinterest.com\/farkas1051\/_saved\/"],"url":"https:\/\/longkft.hu\/audioblog\/author\/audioblogger\/"}]}},"_links":{"self":[{"href":"https:\/\/longkft.hu\/audioblog\/wp-json\/wp\/v2\/posts\/748","targetHints":{"allow":["GET"]}}],"collection":[{"href":"https:\/\/longkft.hu\/audioblog\/wp-json\/wp\/v2\/posts"}],"about":[{"href":"https:\/\/longkft.hu\/audioblog\/wp-json\/wp\/v2\/types\/post"}],"author":[{"embeddable":true,"href":"https:\/\/longkft.hu\/audioblog\/wp-json\/wp\/v2\/users\/2"}],"replies":[{"embeddable":true,"href":"https:\/\/longkft.hu\/audioblog\/wp-json\/wp\/v2\/comments?post=748"}],"version-history":[{"count":0,"href":"https:\/\/longkft.hu\/audioblog\/wp-json\/wp\/v2\/posts\/748\/revisions"}],"wp:featuredmedia":[{"embeddable":true,"href":"https:\/\/longkft.hu\/audioblog\/wp-json\/wp\/v2\/media\/744"}],"wp:attachment":[{"href":"https:\/\/longkft.hu\/audioblog\/wp-json\/wp\/v2\/media?parent=748"}],"wp:term":[{"taxonomy":"category","embeddable":true,"href":"https:\/\/longkft.hu\/audioblog\/wp-json\/wp\/v2\/categories?post=748"},{"taxonomy":"post_tag","embeddable":true,"href":"https:\/\/longkft.hu\/audioblog\/wp-json\/wp\/v2\/tags?post=748"}],"curies":[{"name":"wp","href":"https:\/\/api.w.org\/{rel}","templated":true}]}}