{"id":832,"date":"2016-09-01T12:48:18","date_gmt":"2016-09-01T12:48:18","guid":{"rendered":"http:\/\/longkft.hu\/audioblog\/?p=832"},"modified":"2021-02-12T16:19:07","modified_gmt":"2021-02-12T16:19:07","slug":"general-rockin-and-rollin","status":"publish","type":"post","link":"https:\/\/longkft.hu\/audioblog\/general-rockin-and-rollin\/","title":{"rendered":"Gener\u00e1l &#8211; Rockin&#8217; and rollin&#8217;"},"content":{"rendered":"<p style=\"text-align: justify;\"><span style=\"font-size: 12pt;\">1974-ben a Gener\u00e1l m\u00e1sodik album\u00e1nak felv\u00e9telei ut\u00e1n Kar\u00e1csony J\u00e1nos \u00e1tigazolt az <a href=\"http:\/\/longkft.hu\/audioblog\/tag\/lgt\/\" target=\"_blank\" rel=\"noopener\"><span style=\"color: #ff6600;\">LGT<\/span><\/a>-be, a hely\u00e9re Pacz\u00e1ri K\u00e1roly ker\u00fclt, az \u00faj dobosuk pedig P\u00f3ta Andr\u00e1s lett.<\/span><\/p>\n<p style=\"text-align: justify;\"><span style=\"font-size: 12pt;\">Mint m\u00e1r eml\u00edtettem, a zenekar az els\u0151 l\u00e9p\u00e9sekt\u0151l kezdve sokkal sikeresebb volt k\u00fclf\u00f6ld\u00f6n, mint Magyarorsz\u00e1gon, s k\u00fcl\u00f6n\u00f6sen igaz ez Lengyelorsz\u00e1gra. Mintha &#8222;hazaj\u00e1rtak&#8221; volna. Koncertjeiket eg\u00e9sz \u00e9vre el\u0151re lek\u00f6t\u00f6tt\u00e9k, \u00e1lland\u00f3 szerepl\u0151i voltak a lengyel tv-nek, r\u00e1di\u00f3nak. Szinte k\u00f6telez\u0151 volt egy angol nyelv\u0171 album elk\u00e9sz\u00edt\u00e9se, amit a szocialista r\u00e9gi\u00f3n k\u00edv\u00fcl a nyugati piacon is ter\u00edthettek (volna).<\/span><\/p>\n<div class=\"text_exposed_show\" style=\"text-align: justify;\">\n<h3 style=\"text-align: justify;\"><span style=\"font-size: 12pt;\">A Gener\u00e1l magyarorsz\u00e1gi helyzet\u00e9t mi sem jelzi jobban, hogy eme szinte k\u00f6telez\u0151 angol nyelv\u0171 v\u00e1ltozatot a lengyel hanglemezgy\u00e1rt\u00f3 v\u00e1llalat adta ki (1975), s m\u00e9g az akkori m\u00e9rc\u00e9vel is meglehet\u0151sen sok, 200 000 p\u00e9ld\u00e1nyban adta el.<\/span><\/h3>\n<p style=\"text-align: center;\"><img loading=\"lazy\" decoding=\"async\" class=\"aligncenter wp-image-831\" src=\"http:\/\/longkft.hu\/audioblog\/wp-content\/uploads\/2018\/02\/gener\u00e1l_rockin_eleje.jpg\" alt=\"gener\u00e1l\" width=\"600\" height=\"600\" srcset=\"https:\/\/longkft.hu\/audioblog\/wp-content\/uploads\/2018\/02\/gener\u00e1l_rockin_eleje.jpg 983w, https:\/\/longkft.hu\/audioblog\/wp-content\/uploads\/2018\/02\/gener\u00e1l_rockin_eleje-150x150.jpg 150w, https:\/\/longkft.hu\/audioblog\/wp-content\/uploads\/2018\/02\/gener\u00e1l_rockin_eleje-300x300.jpg 300w, https:\/\/longkft.hu\/audioblog\/wp-content\/uploads\/2018\/02\/gener\u00e1l_rockin_eleje-768x768.jpg 768w, https:\/\/longkft.hu\/audioblog\/wp-content\/uploads\/2018\/02\/gener\u00e1l_rockin_eleje-500x500.jpg 500w, https:\/\/longkft.hu\/audioblog\/wp-content\/uploads\/2018\/02\/gener\u00e1l_rockin_eleje-400x400.jpg 400w, https:\/\/longkft.hu\/audioblog\/wp-content\/uploads\/2018\/02\/gener\u00e1l_rockin_eleje-200x200.jpg 200w, https:\/\/longkft.hu\/audioblog\/wp-content\/uploads\/2018\/02\/gener\u00e1l_rockin_eleje-820x820.jpg 820w\" sizes=\"auto, (max-width: 600px) 100vw, 600px\" \/><\/p>\n<p style=\"text-align: justify;\"><span style=\"font-size: 12pt;\">Az album elk\u00e9sz\u00edt\u00e9sekor nem puszt\u00e1n az angol nyelv\u0171 \u00e9nekeket kevert\u00e9k r\u00e1 a m\u00e1r megl\u00e9v\u0151 zenei alapra, hanem egy, m\u00e1r kor\u00e1bban megl\u00e9v\u0151 angol nyelv\u0171 sz\u00e1m kiv\u00e9tel\u00e9vel \u00fajravett\u00e9k, \u00fajrakevert\u00e9k azokat. N\u00e9h\u00e1ny m\u00e1sodpercre m\u00e9g a lengyel nyelv sz\u00e9ps\u00e9geit is megismerhetj\u00fck az albumon &#8211; a Suzy c. felv\u00e9telben lengyel\u00fcl &#8222;sz\u00e1molnak&#8221; be.<\/span><\/p>\n<p style=\"text-align: center;\"><img loading=\"lazy\" decoding=\"async\" class=\"aligncenter wp-image-10484\" src=\"https:\/\/longkft.hu\/audioblog\/wp-content\/uploads\/2016\/09\/general_rockin_hata.jpg\" alt=\"\" width=\"600\" height=\"600\" srcset=\"https:\/\/longkft.hu\/audioblog\/wp-content\/uploads\/2016\/09\/general_rockin_hata.jpg 983w, https:\/\/longkft.hu\/audioblog\/wp-content\/uploads\/2016\/09\/general_rockin_hata-300x300.jpg 300w, https:\/\/longkft.hu\/audioblog\/wp-content\/uploads\/2016\/09\/general_rockin_hata-150x150.jpg 150w, https:\/\/longkft.hu\/audioblog\/wp-content\/uploads\/2016\/09\/general_rockin_hata-768x768.jpg 768w, https:\/\/longkft.hu\/audioblog\/wp-content\/uploads\/2016\/09\/general_rockin_hata-500x500.jpg 500w, https:\/\/longkft.hu\/audioblog\/wp-content\/uploads\/2016\/09\/general_rockin_hata-400x400.jpg 400w, https:\/\/longkft.hu\/audioblog\/wp-content\/uploads\/2016\/09\/general_rockin_hata-200x200.jpg 200w, https:\/\/longkft.hu\/audioblog\/wp-content\/uploads\/2016\/09\/general_rockin_hata-820x820.jpg 820w\" sizes=\"auto, (max-width: 600px) 100vw, 600px\" \/><\/p>\n<p><span style=\"font-size: 12pt;\">Pacz\u00e1ri ugyan nem volt k\u00e9pes feledtetni Kar\u00e1csony J\u00e1nos egy\u00e9ni git\u00e1rj\u00e1t\u00e9k\u00e1t, \u00e9nekhangj\u00e1t, de beleillett a Zenekar &#8222;sound&#8221;-j\u00e1ba, s a csapat egy meglehet\u0151sen j\u00f3 albumot k\u00e9sz\u00edtett.<\/span><\/p>\n<p><span style=\"font-size: 12pt;\"><a href=\"http:\/\/longkft.hu\/audioblog\/tag\/general\/\">Tov\u00e1bbi Gener\u00e1l<br \/>\n<\/a><a href=\"http:\/\/longkft.hu\/audioblog\/kategoria\/lemezkritika\/\">Tov\u00e1bbi lemezkritik\u00e1k<\/a><\/span><\/p>\n<\/div>\n<span>Megosztom:<\/span><br><a target=\"_blank\" class=\"facebook\" title=\"\" rel=\"external\" href=\"https:\/\/www.facebook.com\/share.php?u=https:\/\/longkft.hu\/audioblog\/general-rockin-and-rollin\/&title=Gener\u00e1l &#8211; Rockin&#8217; and rollin&#8217;\"><\/a><a target=\"_blank\" class=\"linkedin\" title=\"\" rel=\"external\" href=\"http:\/\/www.linkedin.com\/shareArticle?mini=true&amp;url=https%3A%2F%2Flongkft.hu%2Faudioblog%2Fgeneral-rockin-and-rollin%2F&amp;title=Gener%C3%A1l+%26%238211%3B+Rockin%26%238217%3B+and+rollin%26%238217%3B&amp;summary=%3Cp+style%3D%22text-align%3A+justify%3B%22%3E%3Cspan+style%3D%22font-size%3A+12pt%3B%22%3E1974-ben+a+Gener%C3%A1l+m%C3%A1sodik+album%C3%A1nak+felv%C3%A9telei+ut%C3%A1n+Kar%C3%A1csony+J%C3%A1nos+%C3%A1tigazolt+az+%3Ca+href%3D%22http%3A%2F%2Flongkft.hu%2Faudioblog%2Ftag%2Flgt%2F%22+target%3D%22_blank%22+rel%3D%22noopener%22%3E%3Cspan+style%3D%22color%3A+%23ff6600%3B%22%3ELGT%3C%2Fspan%3E%3C%2Fa%3E-be%2C+a+hely%C3%A9re+Pacz%C3%A1ri+K%C3%A1roly+ker%C3%BClt%2C+az+%C3%BAj+dobosuk+pedig+P%C3%B3ta+Andr%C3%A1s+lett.%3C%2Fspan%3E%3C%2Fp%3E%0D%0A%3Cp+style%3D%22text-align%3A+justify%3B%22%3E%3Cspan+style%3D%22font-size%3A+12pt%3B%22%3EMint+m%C3%A1r+eml%C3%ADtettem%2C+a+zenekar+az+els%C5%91+l%C3%A9p%C3%A9sekt%C5%91l+kezdve+sokkal+sikeresebb+volt+k%C3%BClf%C3%B6ld%C3%B6n%2C+mint+Magyarorsz%C3%A1gon%2C+s+k%C3%BCl%C3%B6n%C3%B6sen+igaz+ez+Lengyelorsz%C3%A1gra.+Mintha+%22hazaj%C3%A1rtak%22+volna.+Koncertjeiket+eg%C3%A9sz+%C3%A9vre+el%C5%91re+lek%C3%B6t%C3%B6tt%C3%A9k%2C+%C3%A1lland%C3%B3+szerepl%C5%91i+voltak+a+lengyel+tv-nek%2C+r%C3%A1di%C3%B3nak.+Szinte+k%C3%B6telez%C5%91+volt+egy+angol+nyelv%C5%B1+album+elk%C3%A9sz%C3%ADt%C3%A9se%2C+amit+a+szocialista+r%C3%A9gi%C3%B3n+k%C3%ADv%C3%BCl+a+nyugati+piacon+is+ter%C3%ADthettek+%28volna%29.%3C%2Fspan%3E%3C%2Fp%3E%0D%0A%0D%0A%3Cdiv+class%3D%22text_exposed_show%22+style%3D%22text-align%3A+justify%3B%22%3E%0D%0A%3Ch3+style%3D%22text-align%3A+justify%3B%22%3E%3Cspan+style%3D%22font-size%3A+12pt%3B%22%3EA+Gener%C3%A1l+magyarorsz%C3%A1gi+helyzet%C3%A9t+mi+sem+jelzi+jobban%2C+hogy+eme+szinte+k%C3%B6telez%C5%91+angol+nyelv%C5%B1+v%C3%A1ltozatot+a+lengyel+hanglemezgy%C3%A1rt%C3%B3+v%C3%A1llalat+adta+ki+%281975%29%2C+s+m%C3%A9g+az+akkori+m%C3%A9rc%C3%A9vel+is+meglehet%C5%91sen+sok%2C+200+000+p%C3%A9ld%C3%A1nyban+adta+el.%3C%2Fspan%3E%3C%2Fh3%3E%0D%0A%3Cp+style%3D%22text-align%3A+center%3B%22%3E%3Cimg+class%3D%22aligncenter+wp-image-831%22+src%3D%22http%3A%2F%2Flongkft.hu%2Faudioblog%2Fwp-content%2Fuploads%2F2018%2F02%2Fgener%C3%A1l_rockin_eleje.jpg%22+alt%3D%22gener%C3%A1l%22+width%3D%22600%22+height%3D%22600%22+%2F%3E%3C%2Fp%3E%0D%0A%3Cp+style%3D%22text-align%3A+justify%3B%22%3E%3Cspan+style%3D%22font-size%3A+12pt%3B%22%3EAz+album+elk%C3%A9sz%C3%ADt%C3%A9sekor+nem+puszt%C3%A1n+az+angol+nyelv%C5%B1+%C3%A9nekeket+kevert%C3%A9k+r%C3%A1+a+m%C3%A1r+megl%C3%A9v%C5%91+zenei+alapra%2C+hanem+egy%2C+m%C3%A1r+kor%C3%A1bban+megl%C3%A9v%C5%91+angol+nyelv%C5%B1+sz%C3%A1m+kiv%C3%A9tel%C3%A9vel+%C3%BAjravett%C3%A9k%2C+%C3%BAjrakevert%C3%A9k+azokat.+N%C3%A9h%C3%A1ny+m%C3%A1sodpercre+m%C3%A9g+a+lengyel+nyelv+sz%C3%A9ps%C3%A9geit+is+megismerhetj%C3%BCk+az+albumon+-+a+Suzy+c.+felv%C3%A9telben+lengyel%C3%BCl+%22sz%C3%A1molnak%22+be.%3C%2Fspan%3E%3C%2Fp%3E%0D%0A%3Cp+style%3D%22text-align%3A+center%3B%22%3E%3Cimg+class%3D%22aligncenter+wp-image-10484%22+src%3D%22https%3A%2F%2Flongkft.hu%2Faudioblog%2Fwp-content%2Fuploads%2F2016%2F09%2Fgeneral_rockin_hata.jpg%22+alt%3D%22%22+width%3D%22600%22+height%3D%22600%22+%2F%3E%3C%2Fp%3E%0D%0A%3Cspan+style%3D%22font-size%3A+12pt%3B%22%3EPacz%C3%A1ri+ugyan+nem+volt+k%C3%A9pes+feledtetni+Kar%C3%A1csony+J%C3%A1nos+egy%C3%A9ni+git%C3%A1rj%C3%A1t%C3%A9k%C3%A1t%2C+%C3%A9nekhangj%C3%A1t%2C+de+beleillett+a+Zenekar+%22sound%22-j%C3%A1ba%2C+s+a+csapat+egy+meglehet%C5%91sen+j%C3%B3+albumot+k%C3%A9sz%C3%ADtett.%3C%2Fspan%3E%0D%0A%0D%0A%3Cspan+style%3D%22font-size%3A+12pt%3B%22%3E%3Ca+href%3D%22http%3A%2F%2Flongkft.hu%2Faudioblog%2Ftag%2Fgeneral%2F%22%3ETov%C3%A1bbi+Gener%C3%A1l%0D%0A%3C%2Fa%3E%3Ca+href%3D%22http%3A%2F%2Flongkft.hu%2Faudioblog%2Fkategoria%2Flemezkritika%2F%22%3ETov%C3%A1bbi+lemezkritik%C3%A1k%3C%2Fa%3E%3C%2Fspan%3E%0D%0A%0D%0A%3C%2Fdiv%3E&amp;source=Longaudio\"><\/a><a target=\"_blank\" class=\"gplusz\" title=\"\" rel=\"external\" href=\"https:\/\/plusone.google.com\/_\/+1\/confirm?url=https:\/\/longkft.hu\/audioblog\/general-rockin-and-rollin\/\"><\/a><a target=\"_blank\" rel=\"nofollow\" class=\"email\" href=\"mailto:?subject=Longaudio - Gener\u00e1l &#8211; Rockin&#8217; and rollin&#8217;&amp;body=Kedves Bar\u00e1tom! Most olvastam a(z) Gener\u00e1l &#8211; Rockin&#8217; and rollin&#8217;  c\u00edm\u0171 cikket a(z) Longaudio  oldalon. Hivatkoz\u00e1s:  https:\/\/longkft.hu\/audioblog\/general-rockin-and-rollin\/\" title=\"\"><\/a><a class=\"nyomtatas\" title=\"\" href=\"http:\/\/www.printfriendly.com\" onclick=\"window.print();return false;\"><\/a>","protected":false},"excerpt":{"rendered":"<p>1974-ben a Gener\u00e1l m\u00e1sodik album\u00e1nak felv\u00e9telei ut\u00e1n Kar\u00e1csony J\u00e1nos \u00e1tigazolt az LGT-be, a hely\u00e9re Pacz\u00e1ri K\u00e1roly ker\u00fclt, az \u00faj dobosuk&#8230;<\/p>\n<span>Megosztom:<\/span><br><a target=\"_blank\" class=\"facebook\" title=\"\" rel=\"external\" href=\"https:\/\/www.facebook.com\/share.php?u=https:\/\/longkft.hu\/audioblog\/general-rockin-and-rollin\/&title=Gener\u00e1l &#8211; Rockin&#8217; and rollin&#8217;\"><\/a><a target=\"_blank\" class=\"linkedin\" title=\"\" rel=\"external\" href=\"http:\/\/www.linkedin.com\/shareArticle?mini=true&amp;url=https%3A%2F%2Flongkft.hu%2Faudioblog%2Fgeneral-rockin-and-rollin%2F&amp;title=Gener%C3%A1l+%26%238211%3B+Rockin%26%238217%3B+and+rollin%26%238217%3B&amp;summary=%3Cp+style%3D%22text-align%3A+justify%3B%22%3E%3Cspan+style%3D%22font-size%3A+12pt%3B%22%3E1974-ben+a+Gener%C3%A1l+m%C3%A1sodik+album%C3%A1nak+felv%C3%A9telei+ut%C3%A1n+Kar%C3%A1csony+J%C3%A1nos+%C3%A1tigazolt+az+%3Ca+href%3D%22http%3A%2F%2Flongkft.hu%2Faudioblog%2Ftag%2Flgt%2F%22+target%3D%22_blank%22+rel%3D%22noopener%22%3E%3Cspan+style%3D%22color%3A+%23ff6600%3B%22%3ELGT%3C%2Fspan%3E%3C%2Fa%3E-be%2C+a+hely%C3%A9re+Pacz%C3%A1ri+K%C3%A1roly+ker%C3%BClt%2C+az+%C3%BAj+dobosuk+pedig+P%C3%B3ta+Andr%C3%A1s+lett.%3C%2Fspan%3E%3C%2Fp%3E%0D%0A%3Cp+style%3D%22text-align%3A+justify%3B%22%3E%3Cspan+style%3D%22font-size%3A+12pt%3B%22%3EMint+m%C3%A1r+eml%C3%ADtettem%2C+a+zenekar+az+els%C5%91+l%C3%A9p%C3%A9sekt%C5%91l+kezdve+sokkal+sikeresebb+volt+k%C3%BClf%C3%B6ld%C3%B6n%2C+mint+Magyarorsz%C3%A1gon%2C+s+k%C3%BCl%C3%B6n%C3%B6sen+igaz+ez+Lengyelorsz%C3%A1gra.+Mintha+%22hazaj%C3%A1rtak%22+volna.+Koncertjeiket+eg%C3%A9sz+%C3%A9vre+el%C5%91re+lek%C3%B6t%C3%B6tt%C3%A9k%2C+%C3%A1lland%C3%B3+szerepl%C5%91i+voltak+a+lengyel+tv-nek%2C+r%C3%A1di%C3%B3nak.+Szinte+k%C3%B6telez%C5%91+volt+egy+angol+nyelv%C5%B1+album+elk%C3%A9sz%C3%ADt%C3%A9se%2C+amit+a+szocialista+r%C3%A9gi%C3%B3n+k%C3%ADv%C3%BCl+a+nyugati+piacon+is+ter%C3%ADthettek+%28volna%29.%3C%2Fspan%3E%3C%2Fp%3E%0D%0A%0D%0A%3Cdiv+class%3D%22text_exposed_show%22+style%3D%22text-align%3A+justify%3B%22%3E%0D%0A%3Ch3+style%3D%22text-align%3A+justify%3B%22%3E%3Cspan+style%3D%22font-size%3A+12pt%3B%22%3EA+Gener%C3%A1l+magyarorsz%C3%A1gi+helyzet%C3%A9t+mi+sem+jelzi+jobban%2C+hogy+eme+szinte+k%C3%B6telez%C5%91+angol+nyelv%C5%B1+v%C3%A1ltozatot+a+lengyel+hanglemezgy%C3%A1rt%C3%B3+v%C3%A1llalat+adta+ki+%281975%29%2C+s+m%C3%A9g+az+akkori+m%C3%A9rc%C3%A9vel+is+meglehet%C5%91sen+sok%2C+200+000+p%C3%A9ld%C3%A1nyban+adta+el.%3C%2Fspan%3E%3C%2Fh3%3E%0D%0A%3Cp+style%3D%22text-align%3A+center%3B%22%3E%3Cimg+class%3D%22aligncenter+wp-image-831%22+src%3D%22http%3A%2F%2Flongkft.hu%2Faudioblog%2Fwp-content%2Fuploads%2F2018%2F02%2Fgener%C3%A1l_rockin_eleje.jpg%22+alt%3D%22gener%C3%A1l%22+width%3D%22600%22+height%3D%22600%22+%2F%3E%3C%2Fp%3E%0D%0A%3Cp+style%3D%22text-align%3A+justify%3B%22%3E%3Cspan+style%3D%22font-size%3A+12pt%3B%22%3EAz+album+elk%C3%A9sz%C3%ADt%C3%A9sekor+nem+puszt%C3%A1n+az+angol+nyelv%C5%B1+%C3%A9nekeket+kevert%C3%A9k+r%C3%A1+a+m%C3%A1r+megl%C3%A9v%C5%91+zenei+alapra%2C+hanem+egy%2C+m%C3%A1r+kor%C3%A1bban+megl%C3%A9v%C5%91+angol+nyelv%C5%B1+sz%C3%A1m+kiv%C3%A9tel%C3%A9vel+%C3%BAjravett%C3%A9k%2C+%C3%BAjrakevert%C3%A9k+azokat.+N%C3%A9h%C3%A1ny+m%C3%A1sodpercre+m%C3%A9g+a+lengyel+nyelv+sz%C3%A9ps%C3%A9geit+is+megismerhetj%C3%BCk+az+albumon+-+a+Suzy+c.+felv%C3%A9telben+lengyel%C3%BCl+%22sz%C3%A1molnak%22+be.%3C%2Fspan%3E%3C%2Fp%3E%0D%0A%3Cp+style%3D%22text-align%3A+center%3B%22%3E%3Cimg+class%3D%22aligncenter+wp-image-10484%22+src%3D%22https%3A%2F%2Flongkft.hu%2Faudioblog%2Fwp-content%2Fuploads%2F2016%2F09%2Fgeneral_rockin_hata.jpg%22+alt%3D%22%22+width%3D%22600%22+height%3D%22600%22+%2F%3E%3C%2Fp%3E%0D%0A%3Cspan+style%3D%22font-size%3A+12pt%3B%22%3EPacz%C3%A1ri+ugyan+nem+volt+k%C3%A9pes+feledtetni+Kar%C3%A1csony+J%C3%A1nos+egy%C3%A9ni+git%C3%A1rj%C3%A1t%C3%A9k%C3%A1t%2C+%C3%A9nekhangj%C3%A1t%2C+de+beleillett+a+Zenekar+%22sound%22-j%C3%A1ba%2C+s+a+csapat+egy+meglehet%C5%91sen+j%C3%B3+albumot+k%C3%A9sz%C3%ADtett.%3C%2Fspan%3E%0D%0A%0D%0A%3Cspan+style%3D%22font-size%3A+12pt%3B%22%3E%3Ca+href%3D%22http%3A%2F%2Flongkft.hu%2Faudioblog%2Ftag%2Fgeneral%2F%22%3ETov%C3%A1bbi+Gener%C3%A1l%0D%0A%3C%2Fa%3E%3Ca+href%3D%22http%3A%2F%2Flongkft.hu%2Faudioblog%2Fkategoria%2Flemezkritika%2F%22%3ETov%C3%A1bbi+lemezkritik%C3%A1k%3C%2Fa%3E%3C%2Fspan%3E%0D%0A%0D%0A%3C%2Fdiv%3E&amp;source=Longaudio\"><\/a><a target=\"_blank\" class=\"gplusz\" title=\"\" rel=\"external\" href=\"https:\/\/plusone.google.com\/_\/+1\/confirm?url=https:\/\/longkft.hu\/audioblog\/general-rockin-and-rollin\/\"><\/a><a target=\"_blank\" rel=\"nofollow\" class=\"email\" href=\"mailto:?subject=Longaudio - Gener\u00e1l &#8211; Rockin&#8217; and rollin&#8217;&amp;body=Kedves Bar\u00e1tom! Most olvastam a(z) Gener\u00e1l &#8211; Rockin&#8217; and rollin&#8217;  c\u00edm\u0171 cikket a(z) Longaudio  oldalon. Hivatkoz\u00e1s:  https:\/\/longkft.hu\/audioblog\/general-rockin-and-rollin\/\" title=\"\"><\/a><a class=\"nyomtatas\" title=\"\" href=\"http:\/\/www.printfriendly.com\" onclick=\"window.print();return false;\"><\/a>","protected":false},"author":2,"featured_media":831,"comment_status":"open","ping_status":"closed","sticky":false,"template":"","format":"standard","meta":{"footnotes":""},"categories":[31],"tags":[42,36],"class_list":["post-832","post","type-post","status-publish","format-standard","has-post-thumbnail","hentry","category-lemezkritika","tag-general","tag-zenekarok"],"yoast_head":"<!-- This site is optimized with the Yoast SEO plugin v27.4 - https:\/\/yoast.com\/product\/yoast-seo-wordpress\/ -->\n<title>Gener\u00e1l - Rockin&#039; and rollin&#039; - Longaudio<\/title>\n<meta name=\"robots\" content=\"index, follow, max-snippet:-1, max-image-preview:large, max-video-preview:-1\" \/>\n<link rel=\"canonical\" href=\"https:\/\/longkft.hu\/audioblog\/general-rockin-and-rollin\/\" \/>\n<meta property=\"og:locale\" content=\"hu_HU\" \/>\n<meta property=\"og:type\" content=\"article\" \/>\n<meta property=\"og:title\" content=\"Gener\u00e1l - Rockin&#039; and rollin&#039; - Longaudio\" \/>\n<meta property=\"og:description\" content=\"1974-ben a Gener\u00e1l m\u00e1sodik album\u00e1nak felv\u00e9telei ut\u00e1n Kar\u00e1csony J\u00e1nos \u00e1tigazolt az LGT-be, a hely\u00e9re Pacz\u00e1ri K\u00e1roly ker\u00fclt, az \u00faj dobosuk...\" \/>\n<meta property=\"og:url\" content=\"https:\/\/longkft.hu\/audioblog\/general-rockin-and-rollin\/\" \/>\n<meta property=\"og:site_name\" content=\"Longaudio\" \/>\n<meta property=\"article:publisher\" content=\"https:\/\/www.facebook.com\/longkft\" \/>\n<meta property=\"article:author\" content=\"https:\/\/www.facebook.com\/longkft\" \/>\n<meta property=\"article:published_time\" content=\"2016-09-01T12:48:18+00:00\" \/>\n<meta property=\"article:modified_time\" content=\"2021-02-12T16:19:07+00:00\" \/>\n<meta property=\"og:image\" content=\"https:\/\/i1.wp.com\/longkft.hu\/audioblog\/wp-content\/uploads\/2018\/02\/gener\u00e1l_rockin_eleje.jpg?fit=983%2C983&ssl=1\" \/>\n\t<meta property=\"og:image:width\" content=\"983\" \/>\n\t<meta property=\"og:image:height\" content=\"983\" \/>\n\t<meta property=\"og:image:type\" content=\"image\/jpeg\" \/>\n<meta name=\"author\" content=\"Long\" \/>\n<meta name=\"twitter:card\" content=\"summary_large_image\" \/>\n<meta name=\"twitter:label1\" content=\"Szerz\u0151:\" \/>\n\t<meta name=\"twitter:data1\" content=\"Long\" \/>\n\t<meta name=\"twitter:label2\" content=\"Becs\u00fclt olvas\u00e1si id\u0151\" \/>\n\t<meta name=\"twitter:data2\" content=\"2 perc\" \/>\n<script type=\"application\/ld+json\" class=\"yoast-schema-graph\">{\"@context\":\"https:\\\/\\\/schema.org\",\"@graph\":[{\"@type\":\"Article\",\"@id\":\"https:\\\/\\\/longkft.hu\\\/audioblog\\\/general-rockin-and-rollin\\\/#article\",\"isPartOf\":{\"@id\":\"https:\\\/\\\/longkft.hu\\\/audioblog\\\/general-rockin-and-rollin\\\/\"},\"author\":{\"name\":\"Long\",\"@id\":\"https:\\\/\\\/longkft.hu\\\/audioblog\\\/#\\\/schema\\\/person\\\/645cabad2d8e942354ed2caeef3aa9ea\"},\"headline\":\"Gener\u00e1l &#8211; Rockin&#8217; and rollin&#8217;\",\"datePublished\":\"2016-09-01T12:48:18+00:00\",\"dateModified\":\"2021-02-12T16:19:07+00:00\",\"mainEntityOfPage\":{\"@id\":\"https:\\\/\\\/longkft.hu\\\/audioblog\\\/general-rockin-and-rollin\\\/\"},\"wordCount\":293,\"commentCount\":0,\"publisher\":{\"@id\":\"https:\\\/\\\/longkft.hu\\\/audioblog\\\/#\\\/schema\\\/person\\\/645cabad2d8e942354ed2caeef3aa9ea\"},\"image\":{\"@id\":\"https:\\\/\\\/longkft.hu\\\/audioblog\\\/general-rockin-and-rollin\\\/#primaryimage\"},\"thumbnailUrl\":\"https:\\\/\\\/longkft.hu\\\/audioblog\\\/wp-content\\\/uploads\\\/2018\\\/02\\\/gener\u00e1l_rockin_eleje.jpg\",\"keywords\":[\"Gener\u00e1l\",\"Zenekarok\"],\"articleSection\":[\"Lemezkritika\"],\"inLanguage\":\"hu\",\"potentialAction\":[{\"@type\":\"CommentAction\",\"name\":\"Comment\",\"target\":[\"https:\\\/\\\/longkft.hu\\\/audioblog\\\/general-rockin-and-rollin\\\/#respond\"]}]},{\"@type\":\"WebPage\",\"@id\":\"https:\\\/\\\/longkft.hu\\\/audioblog\\\/general-rockin-and-rollin\\\/\",\"url\":\"https:\\\/\\\/longkft.hu\\\/audioblog\\\/general-rockin-and-rollin\\\/\",\"name\":\"Gener\u00e1l - Rockin' and rollin' - Longaudio\",\"isPartOf\":{\"@id\":\"https:\\\/\\\/longkft.hu\\\/audioblog\\\/#website\"},\"primaryImageOfPage\":{\"@id\":\"https:\\\/\\\/longkft.hu\\\/audioblog\\\/general-rockin-and-rollin\\\/#primaryimage\"},\"image\":{\"@id\":\"https:\\\/\\\/longkft.hu\\\/audioblog\\\/general-rockin-and-rollin\\\/#primaryimage\"},\"thumbnailUrl\":\"https:\\\/\\\/longkft.hu\\\/audioblog\\\/wp-content\\\/uploads\\\/2018\\\/02\\\/gener\u00e1l_rockin_eleje.jpg\",\"datePublished\":\"2016-09-01T12:48:18+00:00\",\"dateModified\":\"2021-02-12T16:19:07+00:00\",\"breadcrumb\":{\"@id\":\"https:\\\/\\\/longkft.hu\\\/audioblog\\\/general-rockin-and-rollin\\\/#breadcrumb\"},\"inLanguage\":\"hu\",\"potentialAction\":[{\"@type\":\"ReadAction\",\"target\":[\"https:\\\/\\\/longkft.hu\\\/audioblog\\\/general-rockin-and-rollin\\\/\"]}]},{\"@type\":\"ImageObject\",\"inLanguage\":\"hu\",\"@id\":\"https:\\\/\\\/longkft.hu\\\/audioblog\\\/general-rockin-and-rollin\\\/#primaryimage\",\"url\":\"https:\\\/\\\/longkft.hu\\\/audioblog\\\/wp-content\\\/uploads\\\/2018\\\/02\\\/gener\u00e1l_rockin_eleje.jpg\",\"contentUrl\":\"https:\\\/\\\/longkft.hu\\\/audioblog\\\/wp-content\\\/uploads\\\/2018\\\/02\\\/gener\u00e1l_rockin_eleje.jpg\",\"width\":983,\"height\":983,\"caption\":\"gener\u00e1l\"},{\"@type\":\"BreadcrumbList\",\"@id\":\"https:\\\/\\\/longkft.hu\\\/audioblog\\\/general-rockin-and-rollin\\\/#breadcrumb\",\"itemListElement\":[{\"@type\":\"ListItem\",\"position\":1,\"name\":\"Kezd\u0151oldal\",\"item\":\"https:\\\/\\\/longkft.hu\\\/audioblog\\\/\"},{\"@type\":\"ListItem\",\"position\":2,\"name\":\"Gener\u00e1l &#8211; Rockin&#8217; and rollin&#8217;\"}]},{\"@type\":\"WebSite\",\"@id\":\"https:\\\/\\\/longkft.hu\\\/audioblog\\\/#website\",\"url\":\"https:\\\/\\\/longkft.hu\\\/audioblog\\\/\",\"name\":\"Longaudio\",\"description\":\"50 \u00e9v lemezgy\u0171jtem\u00e9nye \u00e9s audio k\u00e9sz\u00fcl\u00e9kei\",\"publisher\":{\"@id\":\"https:\\\/\\\/longkft.hu\\\/audioblog\\\/#\\\/schema\\\/person\\\/645cabad2d8e942354ed2caeef3aa9ea\"},\"potentialAction\":[{\"@type\":\"SearchAction\",\"target\":{\"@type\":\"EntryPoint\",\"urlTemplate\":\"https:\\\/\\\/longkft.hu\\\/audioblog\\\/?s={search_term_string}\"},\"query-input\":{\"@type\":\"PropertyValueSpecification\",\"valueRequired\":true,\"valueName\":\"search_term_string\"}}],\"inLanguage\":\"hu\"},{\"@type\":[\"Person\",\"Organization\"],\"@id\":\"https:\\\/\\\/longkft.hu\\\/audioblog\\\/#\\\/schema\\\/person\\\/645cabad2d8e942354ed2caeef3aa9ea\",\"name\":\"Long\",\"image\":{\"@type\":\"ImageObject\",\"inLanguage\":\"hu\",\"@id\":\"https:\\\/\\\/longkft.hu\\\/audioblog\\\/wp-content\\\/uploads\\\/2018\\\/01\\\/logo.jpg\",\"url\":\"https:\\\/\\\/longkft.hu\\\/audioblog\\\/wp-content\\\/uploads\\\/2018\\\/01\\\/logo.jpg\",\"contentUrl\":\"https:\\\/\\\/longkft.hu\\\/audioblog\\\/wp-content\\\/uploads\\\/2018\\\/01\\\/logo.jpg\",\"width\":240,\"height\":240,\"caption\":\"Long\"},\"logo\":{\"@id\":\"https:\\\/\\\/longkft.hu\\\/audioblog\\\/wp-content\\\/uploads\\\/2018\\\/01\\\/logo.jpg\"},\"sameAs\":[\"https:\\\/\\\/www.facebook.com\\\/longkft\",\"https:\\\/\\\/hu.pinterest.com\\\/farkas1051\\\/_saved\\\/\"],\"url\":\"https:\\\/\\\/longkft.hu\\\/audioblog\\\/author\\\/audioblogger\\\/\"}]}<\/script>\n<!-- \/ Yoast SEO plugin. -->","yoast_head_json":{"title":"Gener\u00e1l - Rockin' and rollin' - Longaudio","robots":{"index":"index","follow":"follow","max-snippet":"max-snippet:-1","max-image-preview":"max-image-preview:large","max-video-preview":"max-video-preview:-1"},"canonical":"https:\/\/longkft.hu\/audioblog\/general-rockin-and-rollin\/","og_locale":"hu_HU","og_type":"article","og_title":"Gener\u00e1l - Rockin' and rollin' - Longaudio","og_description":"1974-ben a Gener\u00e1l m\u00e1sodik album\u00e1nak felv\u00e9telei ut\u00e1n Kar\u00e1csony J\u00e1nos \u00e1tigazolt az LGT-be, a hely\u00e9re Pacz\u00e1ri K\u00e1roly ker\u00fclt, az \u00faj dobosuk...","og_url":"https:\/\/longkft.hu\/audioblog\/general-rockin-and-rollin\/","og_site_name":"Longaudio","article_publisher":"https:\/\/www.facebook.com\/longkft","article_author":"https:\/\/www.facebook.com\/longkft","article_published_time":"2016-09-01T12:48:18+00:00","article_modified_time":"2021-02-12T16:19:07+00:00","og_image":[{"width":983,"height":983,"url":"https:\/\/i1.wp.com\/longkft.hu\/audioblog\/wp-content\/uploads\/2018\/02\/gener\u00e1l_rockin_eleje.jpg?fit=983%2C983&ssl=1","type":"image\/jpeg"}],"author":"Long","twitter_card":"summary_large_image","twitter_misc":{"Szerz\u0151:":"Long","Becs\u00fclt olvas\u00e1si id\u0151":"2 perc"},"schema":{"@context":"https:\/\/schema.org","@graph":[{"@type":"Article","@id":"https:\/\/longkft.hu\/audioblog\/general-rockin-and-rollin\/#article","isPartOf":{"@id":"https:\/\/longkft.hu\/audioblog\/general-rockin-and-rollin\/"},"author":{"name":"Long","@id":"https:\/\/longkft.hu\/audioblog\/#\/schema\/person\/645cabad2d8e942354ed2caeef3aa9ea"},"headline":"Gener\u00e1l &#8211; Rockin&#8217; and rollin&#8217;","datePublished":"2016-09-01T12:48:18+00:00","dateModified":"2021-02-12T16:19:07+00:00","mainEntityOfPage":{"@id":"https:\/\/longkft.hu\/audioblog\/general-rockin-and-rollin\/"},"wordCount":293,"commentCount":0,"publisher":{"@id":"https:\/\/longkft.hu\/audioblog\/#\/schema\/person\/645cabad2d8e942354ed2caeef3aa9ea"},"image":{"@id":"https:\/\/longkft.hu\/audioblog\/general-rockin-and-rollin\/#primaryimage"},"thumbnailUrl":"https:\/\/longkft.hu\/audioblog\/wp-content\/uploads\/2018\/02\/gener\u00e1l_rockin_eleje.jpg","keywords":["Gener\u00e1l","Zenekarok"],"articleSection":["Lemezkritika"],"inLanguage":"hu","potentialAction":[{"@type":"CommentAction","name":"Comment","target":["https:\/\/longkft.hu\/audioblog\/general-rockin-and-rollin\/#respond"]}]},{"@type":"WebPage","@id":"https:\/\/longkft.hu\/audioblog\/general-rockin-and-rollin\/","url":"https:\/\/longkft.hu\/audioblog\/general-rockin-and-rollin\/","name":"Gener\u00e1l - Rockin' and rollin' - Longaudio","isPartOf":{"@id":"https:\/\/longkft.hu\/audioblog\/#website"},"primaryImageOfPage":{"@id":"https:\/\/longkft.hu\/audioblog\/general-rockin-and-rollin\/#primaryimage"},"image":{"@id":"https:\/\/longkft.hu\/audioblog\/general-rockin-and-rollin\/#primaryimage"},"thumbnailUrl":"https:\/\/longkft.hu\/audioblog\/wp-content\/uploads\/2018\/02\/gener\u00e1l_rockin_eleje.jpg","datePublished":"2016-09-01T12:48:18+00:00","dateModified":"2021-02-12T16:19:07+00:00","breadcrumb":{"@id":"https:\/\/longkft.hu\/audioblog\/general-rockin-and-rollin\/#breadcrumb"},"inLanguage":"hu","potentialAction":[{"@type":"ReadAction","target":["https:\/\/longkft.hu\/audioblog\/general-rockin-and-rollin\/"]}]},{"@type":"ImageObject","inLanguage":"hu","@id":"https:\/\/longkft.hu\/audioblog\/general-rockin-and-rollin\/#primaryimage","url":"https:\/\/longkft.hu\/audioblog\/wp-content\/uploads\/2018\/02\/gener\u00e1l_rockin_eleje.jpg","contentUrl":"https:\/\/longkft.hu\/audioblog\/wp-content\/uploads\/2018\/02\/gener\u00e1l_rockin_eleje.jpg","width":983,"height":983,"caption":"gener\u00e1l"},{"@type":"BreadcrumbList","@id":"https:\/\/longkft.hu\/audioblog\/general-rockin-and-rollin\/#breadcrumb","itemListElement":[{"@type":"ListItem","position":1,"name":"Kezd\u0151oldal","item":"https:\/\/longkft.hu\/audioblog\/"},{"@type":"ListItem","position":2,"name":"Gener\u00e1l &#8211; Rockin&#8217; and rollin&#8217;"}]},{"@type":"WebSite","@id":"https:\/\/longkft.hu\/audioblog\/#website","url":"https:\/\/longkft.hu\/audioblog\/","name":"Longaudio","description":"50 \u00e9v lemezgy\u0171jtem\u00e9nye \u00e9s audio k\u00e9sz\u00fcl\u00e9kei","publisher":{"@id":"https:\/\/longkft.hu\/audioblog\/#\/schema\/person\/645cabad2d8e942354ed2caeef3aa9ea"},"potentialAction":[{"@type":"SearchAction","target":{"@type":"EntryPoint","urlTemplate":"https:\/\/longkft.hu\/audioblog\/?s={search_term_string}"},"query-input":{"@type":"PropertyValueSpecification","valueRequired":true,"valueName":"search_term_string"}}],"inLanguage":"hu"},{"@type":["Person","Organization"],"@id":"https:\/\/longkft.hu\/audioblog\/#\/schema\/person\/645cabad2d8e942354ed2caeef3aa9ea","name":"Long","image":{"@type":"ImageObject","inLanguage":"hu","@id":"https:\/\/longkft.hu\/audioblog\/wp-content\/uploads\/2018\/01\/logo.jpg","url":"https:\/\/longkft.hu\/audioblog\/wp-content\/uploads\/2018\/01\/logo.jpg","contentUrl":"https:\/\/longkft.hu\/audioblog\/wp-content\/uploads\/2018\/01\/logo.jpg","width":240,"height":240,"caption":"Long"},"logo":{"@id":"https:\/\/longkft.hu\/audioblog\/wp-content\/uploads\/2018\/01\/logo.jpg"},"sameAs":["https:\/\/www.facebook.com\/longkft","https:\/\/hu.pinterest.com\/farkas1051\/_saved\/"],"url":"https:\/\/longkft.hu\/audioblog\/author\/audioblogger\/"}]}},"_links":{"self":[{"href":"https:\/\/longkft.hu\/audioblog\/wp-json\/wp\/v2\/posts\/832","targetHints":{"allow":["GET"]}}],"collection":[{"href":"https:\/\/longkft.hu\/audioblog\/wp-json\/wp\/v2\/posts"}],"about":[{"href":"https:\/\/longkft.hu\/audioblog\/wp-json\/wp\/v2\/types\/post"}],"author":[{"embeddable":true,"href":"https:\/\/longkft.hu\/audioblog\/wp-json\/wp\/v2\/users\/2"}],"replies":[{"embeddable":true,"href":"https:\/\/longkft.hu\/audioblog\/wp-json\/wp\/v2\/comments?post=832"}],"version-history":[{"count":0,"href":"https:\/\/longkft.hu\/audioblog\/wp-json\/wp\/v2\/posts\/832\/revisions"}],"wp:featuredmedia":[{"embeddable":true,"href":"https:\/\/longkft.hu\/audioblog\/wp-json\/wp\/v2\/media\/831"}],"wp:attachment":[{"href":"https:\/\/longkft.hu\/audioblog\/wp-json\/wp\/v2\/media?parent=832"}],"wp:term":[{"taxonomy":"category","embeddable":true,"href":"https:\/\/longkft.hu\/audioblog\/wp-json\/wp\/v2\/categories?post=832"},{"taxonomy":"post_tag","embeddable":true,"href":"https:\/\/longkft.hu\/audioblog\/wp-json\/wp\/v2\/tags?post=832"}],"curies":[{"name":"wp","href":"https:\/\/api.w.org\/{rel}","templated":true}]}}