{"id":847,"date":"2016-09-29T13:06:28","date_gmt":"2016-09-29T13:06:28","guid":{"rendered":"http:\/\/longkft.hu\/audioblog\/?p=847"},"modified":"2021-02-12T16:13:44","modified_gmt":"2021-02-12T16:13:44","slug":"general-heart-of-rock","status":"publish","type":"post","link":"https:\/\/longkft.hu\/audioblog\/general-heart-of-rock\/","title":{"rendered":"Gener\u00e1l &#8211; Heart of Rock"},"content":{"rendered":"<p style=\"text-align: justify;\"><span style=\"font-size: 12pt;\">Az arculatot, a st\u00edlust meghat\u00e1roz\u00f3 tagok kicser\u00e9l\u0151d\u00e9se, a Kelet-Eur\u00f3p\u00e1ban szokatlan, \u00faj hangz\u00e1s \u00e9s \u00fajfajta zene Lengyelorsz\u00e1gban nyitottabb f\u00fclekre tal\u00e1lt, mint itthon. A lengyel k\u00f6z\u00f6ns\u00e9gnek \u00e9s az ottani \u00e1llami hanglemezkiad\u00f3 v\u00e1llalatnak tetszett az \u00fajfajta Gener\u00e1l.<\/span><\/p>\n<div class=\"text_exposed_show\" style=\"text-align: justify;\">\n<p style=\"text-align: justify;\"><span style=\"font-size: 12pt;\">Ism\u00e9t kiadtak Lengyelorsz\u00e1gban egy angol nyelv\u0171 lemezt &#8211; Gener\u00e1l <a href=\"https:\/\/www.youtube.com\/watch?v=szGKkPhN9Ko\" target=\"_blank\" rel=\"noopener\"><span style=\"color: #ff6600;\">Heart of Rock<\/span><\/a> c\u00edmmel &#8211; amit nem csak orsz\u00e1gon bel\u00fcl, hanem az Egyes\u00fclt \u00c1llamokban is megpr\u00f3b\u00e1ltak k\u00f6zismert\u00e9 tenni. Sajnos, miel\u0151tt b\u00e1rmif\u00e9le eredm\u00e9nye, netal\u00e1n egy amerikai koncertturn\u00e9 lehetett volna, a Zenekart 1979-ben V\u00e1rszegi feloszlatta.<\/span><\/p>\n<p style=\"text-align: center;\"><img loading=\"lazy\" decoding=\"async\" class=\"aligncenter wp-image-844\" src=\"http:\/\/longkft.hu\/audioblog\/wp-content\/uploads\/2018\/02\/gener\u00e1l_heart_of_rock_eleje.jpg\" alt=\"Gener\u00e1l Heart of Rock\" width=\"600\" height=\"600\" srcset=\"https:\/\/longkft.hu\/audioblog\/wp-content\/uploads\/2018\/02\/gener\u00e1l_heart_of_rock_eleje.jpg 983w, https:\/\/longkft.hu\/audioblog\/wp-content\/uploads\/2018\/02\/gener\u00e1l_heart_of_rock_eleje-150x150.jpg 150w, https:\/\/longkft.hu\/audioblog\/wp-content\/uploads\/2018\/02\/gener\u00e1l_heart_of_rock_eleje-300x300.jpg 300w, https:\/\/longkft.hu\/audioblog\/wp-content\/uploads\/2018\/02\/gener\u00e1l_heart_of_rock_eleje-768x768.jpg 768w, https:\/\/longkft.hu\/audioblog\/wp-content\/uploads\/2018\/02\/gener\u00e1l_heart_of_rock_eleje-500x500.jpg 500w, https:\/\/longkft.hu\/audioblog\/wp-content\/uploads\/2018\/02\/gener\u00e1l_heart_of_rock_eleje-400x400.jpg 400w, https:\/\/longkft.hu\/audioblog\/wp-content\/uploads\/2018\/02\/gener\u00e1l_heart_of_rock_eleje-200x200.jpg 200w, https:\/\/longkft.hu\/audioblog\/wp-content\/uploads\/2018\/02\/gener\u00e1l_heart_of_rock_eleje-820x820.jpg 820w\" sizes=\"auto, (max-width: 600px) 100vw, 600px\" \/><\/p>\n<p style=\"text-align: justify;\"><span style=\"font-size: 12pt;\">A magyarorsz\u00e1gi r\u00e1di\u00f3(k), telev\u00edzi\u00f3 az Egy\u00fcttes felv\u00e9teleit nem j\u00e1tszott\u00e1k, a magyar k\u00f6z\u00f6ns\u00e9g nem szokta(?) meg, nem szerette(?) meg az \u00fajfajta hangz\u00e1st &#8211; nem volt \u00e9rtelme tov\u00e1bb veget\u00e1lni. Charlie 10 \u00e9vre \u00fajra elment vend\u00e9gl\u00e1t\u00f3zni, T\u00e1trai be\u00e1llt a tri\u00f3v\u00e1 sz\u0171k\u00fclt Skorpi\u00f3ba, Novai G\u00e1bor a Hung\u00e1ri\u00e1ban folytatta. V\u00e1rkonyi M\u00e1ty\u00e1s pedig megtette azt a &#8222;sz\u00edvess\u00e9get&#8221; nek\u00fcnk, zenehallgat\u00f3knak, hogy elment a Rocksz\u00ednh\u00e1zba, ahol szerz\u0151, zenei vezet\u0151, majd igazgat\u00f3 lett &#8211; mint kor\u00e1bban m\u00e1r \u00edrtam r\u00f3la, neki k\u00f6sz\u00f6nhetj\u00fck a Farkasok, vagy ak\u00e1r a Szt\u00e1rcsin\u00e1l\u00f3k vil\u00e1gsz\u00ednvonal\u00fa zen\u00e9j\u00e9t.<\/span><\/p>\n<p style=\"text-align: center;\"><img loading=\"lazy\" decoding=\"async\" class=\"aligncenter wp-image-10480\" src=\"https:\/\/longkft.hu\/audioblog\/wp-content\/uploads\/2016\/09\/general_heart_of_rock_hata.jpg\" alt=\"Gener\u00e1l Heart of Rock\" width=\"600\" height=\"600\" srcset=\"https:\/\/longkft.hu\/audioblog\/wp-content\/uploads\/2016\/09\/general_heart_of_rock_hata.jpg 983w, https:\/\/longkft.hu\/audioblog\/wp-content\/uploads\/2016\/09\/general_heart_of_rock_hata-300x300.jpg 300w, https:\/\/longkft.hu\/audioblog\/wp-content\/uploads\/2016\/09\/general_heart_of_rock_hata-150x150.jpg 150w, https:\/\/longkft.hu\/audioblog\/wp-content\/uploads\/2016\/09\/general_heart_of_rock_hata-768x768.jpg 768w, https:\/\/longkft.hu\/audioblog\/wp-content\/uploads\/2016\/09\/general_heart_of_rock_hata-500x500.jpg 500w, https:\/\/longkft.hu\/audioblog\/wp-content\/uploads\/2016\/09\/general_heart_of_rock_hata-400x400.jpg 400w, https:\/\/longkft.hu\/audioblog\/wp-content\/uploads\/2016\/09\/general_heart_of_rock_hata-200x200.jpg 200w, https:\/\/longkft.hu\/audioblog\/wp-content\/uploads\/2016\/09\/general_heart_of_rock_hata-820x820.jpg 820w\" sizes=\"auto, (max-width: 600px) 100vw, 600px\" \/><\/p>\n<h3><span style=\"font-size: 12pt;\">A Gener\u00e1l mindk\u00e9t fel\u00e1ll\u00e1sa szint\u00e9n azon magyar zenekarok k\u00f6z\u00e9 tartozott a hetvenes \u00e9vekben, amely egy\u00fcttes, ha t\u0151l\u00fcnk nyugatabbra &#8222;sz\u00fcletik&#8221; meg, r\u00e1ad\u00e1sul kapott volna egy j\u00f3 menedzsmentet, akkor&#8230; &#8211; azonban, k\u00e1r ezen ma m\u00e1r elm\u00e9lkedni.<\/span><\/h3>\n<p><span style=\"font-size: 12pt;\"><a href=\"http:\/\/longkft.hu\/audioblog\/tag\/general\/\">Tov\u00e1bbi Gener\u00e1l<br \/>\n<\/a><a href=\"http:\/\/longkft.hu\/audioblog\/kategoria\/lemezkritika\/\">Tov\u00e1bbi lemezkritik\u00e1k<\/a><\/span><\/p>\n<\/div>\n<span>Megosztom:<\/span><br><a target=\"_blank\" class=\"facebook\" title=\"\" rel=\"external\" href=\"https:\/\/www.facebook.com\/share.php?u=https:\/\/longkft.hu\/audioblog\/general-heart-of-rock\/&title=Gener\u00e1l &#8211; Heart of Rock\"><\/a><a target=\"_blank\" class=\"linkedin\" title=\"\" rel=\"external\" href=\"http:\/\/www.linkedin.com\/shareArticle?mini=true&amp;url=https%3A%2F%2Flongkft.hu%2Faudioblog%2Fgeneral-heart-of-rock%2F&amp;title=Gener%C3%A1l+%26%238211%3B+Heart+of+Rock&amp;summary=%3Cp+style%3D%22text-align%3A+justify%3B%22%3E%3Cspan+style%3D%22font-size%3A+12pt%3B%22%3EAz+arculatot%2C+a+st%C3%ADlust+meghat%C3%A1roz%C3%B3+tagok+kicser%C3%A9l%C5%91d%C3%A9se%2C+a+Kelet-Eur%C3%B3p%C3%A1ban+szokatlan%2C+%C3%BAj+hangz%C3%A1s+%C3%A9s+%C3%BAjfajta+zene+Lengyelorsz%C3%A1gban+nyitottabb+f%C3%BClekre+tal%C3%A1lt%2C+mint+itthon.+A+lengyel+k%C3%B6z%C3%B6ns%C3%A9gnek+%C3%A9s+az+ottani+%C3%A1llami+hanglemezkiad%C3%B3+v%C3%A1llalatnak+tetszett+az+%C3%BAjfajta+Gener%C3%A1l.%3C%2Fspan%3E%3C%2Fp%3E%0D%0A%0D%0A%3Cdiv+class%3D%22text_exposed_show%22+style%3D%22text-align%3A+justify%3B%22%3E%0D%0A%3Cp+style%3D%22text-align%3A+justify%3B%22%3E%3Cspan+style%3D%22font-size%3A+12pt%3B%22%3EIsm%C3%A9t+kiadtak+Lengyelorsz%C3%A1gban+egy+angol+nyelv%C5%B1+lemezt+-+Gener%C3%A1l+%3Ca+href%3D%22https%3A%2F%2Fwww.youtube.com%2Fwatch%3Fv%3DszGKkPhN9Ko%22+target%3D%22_blank%22+rel%3D%22noopener%22%3E%3Cspan+style%3D%22color%3A+%23ff6600%3B%22%3EHeart+of+Rock%3C%2Fspan%3E%3C%2Fa%3E+c%C3%ADmmel+-+amit+nem+csak+orsz%C3%A1gon+bel%C3%BCl%2C+hanem+az+Egyes%C3%BClt+%C3%81llamokban+is+megpr%C3%B3b%C3%A1ltak+k%C3%B6zismert%C3%A9+tenni.+Sajnos%2C+miel%C5%91tt+b%C3%A1rmif%C3%A9le+eredm%C3%A9nye%2C+netal%C3%A1n+egy+amerikai+koncertturn%C3%A9+lehetett+volna%2C+a+Zenekart+1979-ben+V%C3%A1rszegi+feloszlatta.%3C%2Fspan%3E%3C%2Fp%3E%0D%0A%3Cp+style%3D%22text-align%3A+center%3B%22%3E%3Cimg+class%3D%22aligncenter+wp-image-844%22+src%3D%22http%3A%2F%2Flongkft.hu%2Faudioblog%2Fwp-content%2Fuploads%2F2018%2F02%2Fgener%C3%A1l_heart_of_rock_eleje.jpg%22+alt%3D%22Gener%C3%A1l+Heart+of+Rock%22+width%3D%22600%22+height%3D%22600%22+%2F%3E%3C%2Fp%3E%0D%0A%3Cp+style%3D%22text-align%3A+justify%3B%22%3E%3Cspan+style%3D%22font-size%3A+12pt%3B%22%3EA+magyarorsz%C3%A1gi+r%C3%A1di%C3%B3%28k%29%2C+telev%C3%ADzi%C3%B3+az+Egy%C3%BCttes+felv%C3%A9teleit+nem+j%C3%A1tszott%C3%A1k%2C+a+magyar+k%C3%B6z%C3%B6ns%C3%A9g+nem+szokta%28%3F%29+meg%2C+nem+szerette%28%3F%29+meg+az+%C3%BAjfajta+hangz%C3%A1st+-+nem+volt+%C3%A9rtelme+tov%C3%A1bb+veget%C3%A1lni.+Charlie+10+%C3%A9vre+%C3%BAjra+elment+vend%C3%A9gl%C3%A1t%C3%B3zni%2C+T%C3%A1trai+be%C3%A1llt+a+tri%C3%B3v%C3%A1+sz%C5%B1k%C3%BClt+Skorpi%C3%B3ba%2C+Novai+G%C3%A1bor+a+Hung%C3%A1ri%C3%A1ban+folytatta.+V%C3%A1rkonyi+M%C3%A1ty%C3%A1s+pedig+megtette+azt+a+%22sz%C3%ADvess%C3%A9get%22+nek%C3%BCnk%2C+zenehallgat%C3%B3knak%2C+hogy+elment+a+Rocksz%C3%ADnh%C3%A1zba%2C+ahol+szerz%C5%91%2C+zenei+vezet%C5%91%2C+majd+igazgat%C3%B3+lett+-+mint+kor%C3%A1bban+m%C3%A1r+%C3%ADrtam+r%C3%B3la%2C+neki+k%C3%B6sz%C3%B6nhetj%C3%BCk+a+Farkasok%2C+vagy+ak%C3%A1r+a+Szt%C3%A1rcsin%C3%A1l%C3%B3k+vil%C3%A1gsz%C3%ADnvonal%C3%BA+zen%C3%A9j%C3%A9t.%3C%2Fspan%3E%3C%2Fp%3E%0D%0A%3Cp+style%3D%22text-align%3A+center%3B%22%3E%3Cimg+class%3D%22aligncenter+wp-image-10480%22+src%3D%22https%3A%2F%2Flongkft.hu%2Faudioblog%2Fwp-content%2Fuploads%2F2016%2F09%2Fgeneral_heart_of_rock_hata.jpg%22+alt%3D%22Gener%C3%A1l+Heart+of+Rock%22+width%3D%22600%22+height%3D%22600%22+%2F%3E%3C%2Fp%3E%0D%0A%0D%0A%3Ch3%3E%3Cspan+style%3D%22font-size%3A+12pt%3B%22%3EA+Gener%C3%A1l+mindk%C3%A9t+fel%C3%A1ll%C3%A1sa+szint%C3%A9n+azon+magyar+zenekarok+k%C3%B6z%C3%A9+tartozott+a+hetvenes+%C3%A9vekben%2C+amely+egy%C3%BCttes%2C+ha+t%C5%91l%C3%BCnk+nyugatabbra+%22sz%C3%BCletik%22+meg%2C+r%C3%A1ad%C3%A1sul+kapott+volna+egy+j%C3%B3+menedzsmentet%2C+akkor...+-+azonban%2C+k%C3%A1r+ezen+ma+m%C3%A1r+elm%C3%A9lkedni.%3C%2Fspan%3E%3C%2Fh3%3E%0D%0A%3Cspan+style%3D%22font-size%3A+12pt%3B%22%3E%3Ca+href%3D%22http%3A%2F%2Flongkft.hu%2Faudioblog%2Ftag%2Fgeneral%2F%22%3ETov%C3%A1bbi+Gener%C3%A1l%0D%0A%3C%2Fa%3E%3Ca+href%3D%22http%3A%2F%2Flongkft.hu%2Faudioblog%2Fkategoria%2Flemezkritika%2F%22%3ETov%C3%A1bbi+lemezkritik%C3%A1k%3C%2Fa%3E%3C%2Fspan%3E%0D%0A%0D%0A%3C%2Fdiv%3E&amp;source=Longaudio\"><\/a><a target=\"_blank\" class=\"gplusz\" title=\"\" rel=\"external\" href=\"https:\/\/plusone.google.com\/_\/+1\/confirm?url=https:\/\/longkft.hu\/audioblog\/general-heart-of-rock\/\"><\/a><a target=\"_blank\" rel=\"nofollow\" class=\"email\" href=\"mailto:?subject=Longaudio - Gener\u00e1l &#8211; Heart of Rock&amp;body=Kedves Bar\u00e1tom! Most olvastam a(z) Gener\u00e1l &#8211; Heart of Rock  c\u00edm\u0171 cikket a(z) Longaudio  oldalon. Hivatkoz\u00e1s:  https:\/\/longkft.hu\/audioblog\/general-heart-of-rock\/\" title=\"\"><\/a><a class=\"nyomtatas\" title=\"\" href=\"http:\/\/www.printfriendly.com\" onclick=\"window.print();return false;\"><\/a>","protected":false},"excerpt":{"rendered":"<p>Az arculatot, a st\u00edlust meghat\u00e1roz\u00f3 tagok kicser\u00e9l\u0151d\u00e9se, a Kelet-Eur\u00f3p\u00e1ban szokatlan, \u00faj hangz\u00e1s \u00e9s \u00fajfajta zene Lengyelorsz\u00e1gban nyitottabb f\u00fclekre tal\u00e1lt, mint&#8230;<\/p>\n<span>Megosztom:<\/span><br><a target=\"_blank\" class=\"facebook\" title=\"\" rel=\"external\" href=\"https:\/\/www.facebook.com\/share.php?u=https:\/\/longkft.hu\/audioblog\/general-heart-of-rock\/&title=Gener\u00e1l &#8211; Heart of Rock\"><\/a><a target=\"_blank\" class=\"linkedin\" title=\"\" rel=\"external\" href=\"http:\/\/www.linkedin.com\/shareArticle?mini=true&amp;url=https%3A%2F%2Flongkft.hu%2Faudioblog%2Fgeneral-heart-of-rock%2F&amp;title=Gener%C3%A1l+%26%238211%3B+Heart+of+Rock&amp;summary=%3Cp+style%3D%22text-align%3A+justify%3B%22%3E%3Cspan+style%3D%22font-size%3A+12pt%3B%22%3EAz+arculatot%2C+a+st%C3%ADlust+meghat%C3%A1roz%C3%B3+tagok+kicser%C3%A9l%C5%91d%C3%A9se%2C+a+Kelet-Eur%C3%B3p%C3%A1ban+szokatlan%2C+%C3%BAj+hangz%C3%A1s+%C3%A9s+%C3%BAjfajta+zene+Lengyelorsz%C3%A1gban+nyitottabb+f%C3%BClekre+tal%C3%A1lt%2C+mint+itthon.+A+lengyel+k%C3%B6z%C3%B6ns%C3%A9gnek+%C3%A9s+az+ottani+%C3%A1llami+hanglemezkiad%C3%B3+v%C3%A1llalatnak+tetszett+az+%C3%BAjfajta+Gener%C3%A1l.%3C%2Fspan%3E%3C%2Fp%3E%0D%0A%0D%0A%3Cdiv+class%3D%22text_exposed_show%22+style%3D%22text-align%3A+justify%3B%22%3E%0D%0A%3Cp+style%3D%22text-align%3A+justify%3B%22%3E%3Cspan+style%3D%22font-size%3A+12pt%3B%22%3EIsm%C3%A9t+kiadtak+Lengyelorsz%C3%A1gban+egy+angol+nyelv%C5%B1+lemezt+-+Gener%C3%A1l+%3Ca+href%3D%22https%3A%2F%2Fwww.youtube.com%2Fwatch%3Fv%3DszGKkPhN9Ko%22+target%3D%22_blank%22+rel%3D%22noopener%22%3E%3Cspan+style%3D%22color%3A+%23ff6600%3B%22%3EHeart+of+Rock%3C%2Fspan%3E%3C%2Fa%3E+c%C3%ADmmel+-+amit+nem+csak+orsz%C3%A1gon+bel%C3%BCl%2C+hanem+az+Egyes%C3%BClt+%C3%81llamokban+is+megpr%C3%B3b%C3%A1ltak+k%C3%B6zismert%C3%A9+tenni.+Sajnos%2C+miel%C5%91tt+b%C3%A1rmif%C3%A9le+eredm%C3%A9nye%2C+netal%C3%A1n+egy+amerikai+koncertturn%C3%A9+lehetett+volna%2C+a+Zenekart+1979-ben+V%C3%A1rszegi+feloszlatta.%3C%2Fspan%3E%3C%2Fp%3E%0D%0A%3Cp+style%3D%22text-align%3A+center%3B%22%3E%3Cimg+class%3D%22aligncenter+wp-image-844%22+src%3D%22http%3A%2F%2Flongkft.hu%2Faudioblog%2Fwp-content%2Fuploads%2F2018%2F02%2Fgener%C3%A1l_heart_of_rock_eleje.jpg%22+alt%3D%22Gener%C3%A1l+Heart+of+Rock%22+width%3D%22600%22+height%3D%22600%22+%2F%3E%3C%2Fp%3E%0D%0A%3Cp+style%3D%22text-align%3A+justify%3B%22%3E%3Cspan+style%3D%22font-size%3A+12pt%3B%22%3EA+magyarorsz%C3%A1gi+r%C3%A1di%C3%B3%28k%29%2C+telev%C3%ADzi%C3%B3+az+Egy%C3%BCttes+felv%C3%A9teleit+nem+j%C3%A1tszott%C3%A1k%2C+a+magyar+k%C3%B6z%C3%B6ns%C3%A9g+nem+szokta%28%3F%29+meg%2C+nem+szerette%28%3F%29+meg+az+%C3%BAjfajta+hangz%C3%A1st+-+nem+volt+%C3%A9rtelme+tov%C3%A1bb+veget%C3%A1lni.+Charlie+10+%C3%A9vre+%C3%BAjra+elment+vend%C3%A9gl%C3%A1t%C3%B3zni%2C+T%C3%A1trai+be%C3%A1llt+a+tri%C3%B3v%C3%A1+sz%C5%B1k%C3%BClt+Skorpi%C3%B3ba%2C+Novai+G%C3%A1bor+a+Hung%C3%A1ri%C3%A1ban+folytatta.+V%C3%A1rkonyi+M%C3%A1ty%C3%A1s+pedig+megtette+azt+a+%22sz%C3%ADvess%C3%A9get%22+nek%C3%BCnk%2C+zenehallgat%C3%B3knak%2C+hogy+elment+a+Rocksz%C3%ADnh%C3%A1zba%2C+ahol+szerz%C5%91%2C+zenei+vezet%C5%91%2C+majd+igazgat%C3%B3+lett+-+mint+kor%C3%A1bban+m%C3%A1r+%C3%ADrtam+r%C3%B3la%2C+neki+k%C3%B6sz%C3%B6nhetj%C3%BCk+a+Farkasok%2C+vagy+ak%C3%A1r+a+Szt%C3%A1rcsin%C3%A1l%C3%B3k+vil%C3%A1gsz%C3%ADnvonal%C3%BA+zen%C3%A9j%C3%A9t.%3C%2Fspan%3E%3C%2Fp%3E%0D%0A%3Cp+style%3D%22text-align%3A+center%3B%22%3E%3Cimg+class%3D%22aligncenter+wp-image-10480%22+src%3D%22https%3A%2F%2Flongkft.hu%2Faudioblog%2Fwp-content%2Fuploads%2F2016%2F09%2Fgeneral_heart_of_rock_hata.jpg%22+alt%3D%22Gener%C3%A1l+Heart+of+Rock%22+width%3D%22600%22+height%3D%22600%22+%2F%3E%3C%2Fp%3E%0D%0A%0D%0A%3Ch3%3E%3Cspan+style%3D%22font-size%3A+12pt%3B%22%3EA+Gener%C3%A1l+mindk%C3%A9t+fel%C3%A1ll%C3%A1sa+szint%C3%A9n+azon+magyar+zenekarok+k%C3%B6z%C3%A9+tartozott+a+hetvenes+%C3%A9vekben%2C+amely+egy%C3%BCttes%2C+ha+t%C5%91l%C3%BCnk+nyugatabbra+%22sz%C3%BCletik%22+meg%2C+r%C3%A1ad%C3%A1sul+kapott+volna+egy+j%C3%B3+menedzsmentet%2C+akkor...+-+azonban%2C+k%C3%A1r+ezen+ma+m%C3%A1r+elm%C3%A9lkedni.%3C%2Fspan%3E%3C%2Fh3%3E%0D%0A%3Cspan+style%3D%22font-size%3A+12pt%3B%22%3E%3Ca+href%3D%22http%3A%2F%2Flongkft.hu%2Faudioblog%2Ftag%2Fgeneral%2F%22%3ETov%C3%A1bbi+Gener%C3%A1l%0D%0A%3C%2Fa%3E%3Ca+href%3D%22http%3A%2F%2Flongkft.hu%2Faudioblog%2Fkategoria%2Flemezkritika%2F%22%3ETov%C3%A1bbi+lemezkritik%C3%A1k%3C%2Fa%3E%3C%2Fspan%3E%0D%0A%0D%0A%3C%2Fdiv%3E&amp;source=Longaudio\"><\/a><a target=\"_blank\" class=\"gplusz\" title=\"\" rel=\"external\" href=\"https:\/\/plusone.google.com\/_\/+1\/confirm?url=https:\/\/longkft.hu\/audioblog\/general-heart-of-rock\/\"><\/a><a target=\"_blank\" rel=\"nofollow\" class=\"email\" href=\"mailto:?subject=Longaudio - Gener\u00e1l &#8211; Heart of Rock&amp;body=Kedves Bar\u00e1tom! Most olvastam a(z) Gener\u00e1l &#8211; Heart of Rock  c\u00edm\u0171 cikket a(z) Longaudio  oldalon. Hivatkoz\u00e1s:  https:\/\/longkft.hu\/audioblog\/general-heart-of-rock\/\" title=\"\"><\/a><a class=\"nyomtatas\" title=\"\" href=\"http:\/\/www.printfriendly.com\" onclick=\"window.print();return false;\"><\/a>","protected":false},"author":2,"featured_media":844,"comment_status":"open","ping_status":"closed","sticky":false,"template":"","format":"standard","meta":{"footnotes":""},"categories":[31],"tags":[42,36],"class_list":["post-847","post","type-post","status-publish","format-standard","has-post-thumbnail","hentry","category-lemezkritika","tag-general","tag-zenekarok"],"yoast_head":"<!-- This site is optimized with the Yoast SEO plugin v27.5 - https:\/\/yoast.com\/product\/yoast-seo-wordpress\/ -->\n<title>A Gener\u00e1l Heart of Rock c\u00edm\u0171, angol nyelv\u0171 albuma<\/title>\n<meta name=\"description\" content=\"A Gener\u00e1l egy\u00fcttes Heart of Rock c\u00edm\u0171 albuma Lengyelorsz\u00e1gban k\u00e9sz\u00fclt \u00e9s ott, valamint az USA-ban jelent meg angol nyelven.\" \/>\n<meta name=\"robots\" content=\"index, follow, max-snippet:-1, max-image-preview:large, max-video-preview:-1\" \/>\n<link rel=\"canonical\" href=\"https:\/\/longkft.hu\/audioblog\/general-heart-of-rock\/\" \/>\n<meta property=\"og:locale\" content=\"hu_HU\" \/>\n<meta property=\"og:type\" content=\"article\" \/>\n<meta property=\"og:title\" content=\"A Gener\u00e1l Heart of Rock c\u00edm\u0171, angol nyelv\u0171 albuma\" \/>\n<meta property=\"og:description\" content=\"A Gener\u00e1l egy\u00fcttes Heart of Rock c\u00edm\u0171 albuma Lengyelorsz\u00e1gban k\u00e9sz\u00fclt \u00e9s ott, valamint az USA-ban jelent meg angol nyelven.\" \/>\n<meta property=\"og:url\" content=\"https:\/\/longkft.hu\/audioblog\/general-heart-of-rock\/\" \/>\n<meta property=\"og:site_name\" content=\"Longaudio\" \/>\n<meta property=\"article:publisher\" content=\"https:\/\/www.facebook.com\/longkft\" \/>\n<meta property=\"article:author\" content=\"https:\/\/www.facebook.com\/longkft\" \/>\n<meta property=\"article:published_time\" content=\"2016-09-29T13:06:28+00:00\" \/>\n<meta property=\"article:modified_time\" content=\"2021-02-12T16:13:44+00:00\" \/>\n<meta property=\"og:image\" content=\"https:\/\/i0.wp.com\/longkft.hu\/audioblog\/wp-content\/uploads\/2018\/02\/gener\u00e1l_heart_of_rock_eleje.jpg?fit=983%2C983&ssl=1\" \/>\n\t<meta property=\"og:image:width\" content=\"983\" \/>\n\t<meta property=\"og:image:height\" content=\"983\" \/>\n\t<meta property=\"og:image:type\" content=\"image\/jpeg\" \/>\n<meta name=\"author\" content=\"Long\" \/>\n<meta name=\"twitter:card\" content=\"summary_large_image\" \/>\n<meta name=\"twitter:label1\" content=\"Szerz\u0151:\" \/>\n\t<meta name=\"twitter:data1\" content=\"Long\" \/>\n\t<meta name=\"twitter:label2\" content=\"Becs\u00fclt olvas\u00e1si id\u0151\" \/>\n\t<meta name=\"twitter:data2\" content=\"2 perc\" \/>\n<script type=\"application\/ld+json\" class=\"yoast-schema-graph\">{\"@context\":\"https:\\\/\\\/schema.org\",\"@graph\":[{\"@type\":\"Article\",\"@id\":\"https:\\\/\\\/longkft.hu\\\/audioblog\\\/general-heart-of-rock\\\/#article\",\"isPartOf\":{\"@id\":\"https:\\\/\\\/longkft.hu\\\/audioblog\\\/general-heart-of-rock\\\/\"},\"author\":{\"name\":\"Long\",\"@id\":\"https:\\\/\\\/longkft.hu\\\/audioblog\\\/#\\\/schema\\\/person\\\/645cabad2d8e942354ed2caeef3aa9ea\"},\"headline\":\"Gener\u00e1l &#8211; Heart of Rock\",\"datePublished\":\"2016-09-29T13:06:28+00:00\",\"dateModified\":\"2021-02-12T16:13:44+00:00\",\"mainEntityOfPage\":{\"@id\":\"https:\\\/\\\/longkft.hu\\\/audioblog\\\/general-heart-of-rock\\\/\"},\"wordCount\":299,\"commentCount\":0,\"publisher\":{\"@id\":\"https:\\\/\\\/longkft.hu\\\/audioblog\\\/#\\\/schema\\\/person\\\/645cabad2d8e942354ed2caeef3aa9ea\"},\"image\":{\"@id\":\"https:\\\/\\\/longkft.hu\\\/audioblog\\\/general-heart-of-rock\\\/#primaryimage\"},\"thumbnailUrl\":\"https:\\\/\\\/longkft.hu\\\/audioblog\\\/wp-content\\\/uploads\\\/2018\\\/02\\\/gener\u00e1l_heart_of_rock_eleje.jpg\",\"keywords\":[\"Gener\u00e1l\",\"Zenekarok\"],\"articleSection\":[\"Lemezkritika\"],\"inLanguage\":\"hu\",\"potentialAction\":[{\"@type\":\"CommentAction\",\"name\":\"Comment\",\"target\":[\"https:\\\/\\\/longkft.hu\\\/audioblog\\\/general-heart-of-rock\\\/#respond\"]}]},{\"@type\":\"WebPage\",\"@id\":\"https:\\\/\\\/longkft.hu\\\/audioblog\\\/general-heart-of-rock\\\/\",\"url\":\"https:\\\/\\\/longkft.hu\\\/audioblog\\\/general-heart-of-rock\\\/\",\"name\":\"A Gener\u00e1l Heart of Rock c\u00edm\u0171, angol nyelv\u0171 albuma\",\"isPartOf\":{\"@id\":\"https:\\\/\\\/longkft.hu\\\/audioblog\\\/#website\"},\"primaryImageOfPage\":{\"@id\":\"https:\\\/\\\/longkft.hu\\\/audioblog\\\/general-heart-of-rock\\\/#primaryimage\"},\"image\":{\"@id\":\"https:\\\/\\\/longkft.hu\\\/audioblog\\\/general-heart-of-rock\\\/#primaryimage\"},\"thumbnailUrl\":\"https:\\\/\\\/longkft.hu\\\/audioblog\\\/wp-content\\\/uploads\\\/2018\\\/02\\\/gener\u00e1l_heart_of_rock_eleje.jpg\",\"datePublished\":\"2016-09-29T13:06:28+00:00\",\"dateModified\":\"2021-02-12T16:13:44+00:00\",\"description\":\"A Gener\u00e1l egy\u00fcttes Heart of Rock c\u00edm\u0171 albuma Lengyelorsz\u00e1gban k\u00e9sz\u00fclt \u00e9s ott, valamint az USA-ban jelent meg angol nyelven.\",\"breadcrumb\":{\"@id\":\"https:\\\/\\\/longkft.hu\\\/audioblog\\\/general-heart-of-rock\\\/#breadcrumb\"},\"inLanguage\":\"hu\",\"potentialAction\":[{\"@type\":\"ReadAction\",\"target\":[\"https:\\\/\\\/longkft.hu\\\/audioblog\\\/general-heart-of-rock\\\/\"]}]},{\"@type\":\"ImageObject\",\"inLanguage\":\"hu\",\"@id\":\"https:\\\/\\\/longkft.hu\\\/audioblog\\\/general-heart-of-rock\\\/#primaryimage\",\"url\":\"https:\\\/\\\/longkft.hu\\\/audioblog\\\/wp-content\\\/uploads\\\/2018\\\/02\\\/gener\u00e1l_heart_of_rock_eleje.jpg\",\"contentUrl\":\"https:\\\/\\\/longkft.hu\\\/audioblog\\\/wp-content\\\/uploads\\\/2018\\\/02\\\/gener\u00e1l_heart_of_rock_eleje.jpg\",\"width\":983,\"height\":983,\"caption\":\"Gener\u00e1l Heart of Rock\"},{\"@type\":\"BreadcrumbList\",\"@id\":\"https:\\\/\\\/longkft.hu\\\/audioblog\\\/general-heart-of-rock\\\/#breadcrumb\",\"itemListElement\":[{\"@type\":\"ListItem\",\"position\":1,\"name\":\"Kezd\u0151oldal\",\"item\":\"https:\\\/\\\/longkft.hu\\\/audioblog\\\/\"},{\"@type\":\"ListItem\",\"position\":2,\"name\":\"Gener\u00e1l &#8211; Heart of Rock\"}]},{\"@type\":\"WebSite\",\"@id\":\"https:\\\/\\\/longkft.hu\\\/audioblog\\\/#website\",\"url\":\"https:\\\/\\\/longkft.hu\\\/audioblog\\\/\",\"name\":\"Longaudio\",\"description\":\"50 \u00e9v lemezgy\u0171jtem\u00e9nye \u00e9s audio k\u00e9sz\u00fcl\u00e9kei\",\"publisher\":{\"@id\":\"https:\\\/\\\/longkft.hu\\\/audioblog\\\/#\\\/schema\\\/person\\\/645cabad2d8e942354ed2caeef3aa9ea\"},\"potentialAction\":[{\"@type\":\"SearchAction\",\"target\":{\"@type\":\"EntryPoint\",\"urlTemplate\":\"https:\\\/\\\/longkft.hu\\\/audioblog\\\/?s={search_term_string}\"},\"query-input\":{\"@type\":\"PropertyValueSpecification\",\"valueRequired\":true,\"valueName\":\"search_term_string\"}}],\"inLanguage\":\"hu\"},{\"@type\":[\"Person\",\"Organization\"],\"@id\":\"https:\\\/\\\/longkft.hu\\\/audioblog\\\/#\\\/schema\\\/person\\\/645cabad2d8e942354ed2caeef3aa9ea\",\"name\":\"Long\",\"image\":{\"@type\":\"ImageObject\",\"inLanguage\":\"hu\",\"@id\":\"https:\\\/\\\/longkft.hu\\\/audioblog\\\/wp-content\\\/uploads\\\/2018\\\/01\\\/logo.jpg\",\"url\":\"https:\\\/\\\/longkft.hu\\\/audioblog\\\/wp-content\\\/uploads\\\/2018\\\/01\\\/logo.jpg\",\"contentUrl\":\"https:\\\/\\\/longkft.hu\\\/audioblog\\\/wp-content\\\/uploads\\\/2018\\\/01\\\/logo.jpg\",\"width\":240,\"height\":240,\"caption\":\"Long\"},\"logo\":{\"@id\":\"https:\\\/\\\/longkft.hu\\\/audioblog\\\/wp-content\\\/uploads\\\/2018\\\/01\\\/logo.jpg\"},\"sameAs\":[\"https:\\\/\\\/www.facebook.com\\\/longkft\",\"https:\\\/\\\/hu.pinterest.com\\\/farkas1051\\\/_saved\\\/\"],\"url\":\"https:\\\/\\\/longkft.hu\\\/audioblog\\\/author\\\/audioblogger\\\/\"}]}<\/script>\n<!-- \/ Yoast SEO plugin. -->","yoast_head_json":{"title":"A Gener\u00e1l Heart of Rock c\u00edm\u0171, angol nyelv\u0171 albuma","description":"A Gener\u00e1l egy\u00fcttes Heart of Rock c\u00edm\u0171 albuma Lengyelorsz\u00e1gban k\u00e9sz\u00fclt \u00e9s ott, valamint az USA-ban jelent meg angol nyelven.","robots":{"index":"index","follow":"follow","max-snippet":"max-snippet:-1","max-image-preview":"max-image-preview:large","max-video-preview":"max-video-preview:-1"},"canonical":"https:\/\/longkft.hu\/audioblog\/general-heart-of-rock\/","og_locale":"hu_HU","og_type":"article","og_title":"A Gener\u00e1l Heart of Rock c\u00edm\u0171, angol nyelv\u0171 albuma","og_description":"A Gener\u00e1l egy\u00fcttes Heart of Rock c\u00edm\u0171 albuma Lengyelorsz\u00e1gban k\u00e9sz\u00fclt \u00e9s ott, valamint az USA-ban jelent meg angol nyelven.","og_url":"https:\/\/longkft.hu\/audioblog\/general-heart-of-rock\/","og_site_name":"Longaudio","article_publisher":"https:\/\/www.facebook.com\/longkft","article_author":"https:\/\/www.facebook.com\/longkft","article_published_time":"2016-09-29T13:06:28+00:00","article_modified_time":"2021-02-12T16:13:44+00:00","og_image":[{"width":983,"height":983,"url":"https:\/\/i0.wp.com\/longkft.hu\/audioblog\/wp-content\/uploads\/2018\/02\/gener\u00e1l_heart_of_rock_eleje.jpg?fit=983%2C983&ssl=1","type":"image\/jpeg"}],"author":"Long","twitter_card":"summary_large_image","twitter_misc":{"Szerz\u0151:":"Long","Becs\u00fclt olvas\u00e1si id\u0151":"2 perc"},"schema":{"@context":"https:\/\/schema.org","@graph":[{"@type":"Article","@id":"https:\/\/longkft.hu\/audioblog\/general-heart-of-rock\/#article","isPartOf":{"@id":"https:\/\/longkft.hu\/audioblog\/general-heart-of-rock\/"},"author":{"name":"Long","@id":"https:\/\/longkft.hu\/audioblog\/#\/schema\/person\/645cabad2d8e942354ed2caeef3aa9ea"},"headline":"Gener\u00e1l &#8211; Heart of Rock","datePublished":"2016-09-29T13:06:28+00:00","dateModified":"2021-02-12T16:13:44+00:00","mainEntityOfPage":{"@id":"https:\/\/longkft.hu\/audioblog\/general-heart-of-rock\/"},"wordCount":299,"commentCount":0,"publisher":{"@id":"https:\/\/longkft.hu\/audioblog\/#\/schema\/person\/645cabad2d8e942354ed2caeef3aa9ea"},"image":{"@id":"https:\/\/longkft.hu\/audioblog\/general-heart-of-rock\/#primaryimage"},"thumbnailUrl":"https:\/\/longkft.hu\/audioblog\/wp-content\/uploads\/2018\/02\/gener\u00e1l_heart_of_rock_eleje.jpg","keywords":["Gener\u00e1l","Zenekarok"],"articleSection":["Lemezkritika"],"inLanguage":"hu","potentialAction":[{"@type":"CommentAction","name":"Comment","target":["https:\/\/longkft.hu\/audioblog\/general-heart-of-rock\/#respond"]}]},{"@type":"WebPage","@id":"https:\/\/longkft.hu\/audioblog\/general-heart-of-rock\/","url":"https:\/\/longkft.hu\/audioblog\/general-heart-of-rock\/","name":"A Gener\u00e1l Heart of Rock c\u00edm\u0171, angol nyelv\u0171 albuma","isPartOf":{"@id":"https:\/\/longkft.hu\/audioblog\/#website"},"primaryImageOfPage":{"@id":"https:\/\/longkft.hu\/audioblog\/general-heart-of-rock\/#primaryimage"},"image":{"@id":"https:\/\/longkft.hu\/audioblog\/general-heart-of-rock\/#primaryimage"},"thumbnailUrl":"https:\/\/longkft.hu\/audioblog\/wp-content\/uploads\/2018\/02\/gener\u00e1l_heart_of_rock_eleje.jpg","datePublished":"2016-09-29T13:06:28+00:00","dateModified":"2021-02-12T16:13:44+00:00","description":"A Gener\u00e1l egy\u00fcttes Heart of Rock c\u00edm\u0171 albuma Lengyelorsz\u00e1gban k\u00e9sz\u00fclt \u00e9s ott, valamint az USA-ban jelent meg angol nyelven.","breadcrumb":{"@id":"https:\/\/longkft.hu\/audioblog\/general-heart-of-rock\/#breadcrumb"},"inLanguage":"hu","potentialAction":[{"@type":"ReadAction","target":["https:\/\/longkft.hu\/audioblog\/general-heart-of-rock\/"]}]},{"@type":"ImageObject","inLanguage":"hu","@id":"https:\/\/longkft.hu\/audioblog\/general-heart-of-rock\/#primaryimage","url":"https:\/\/longkft.hu\/audioblog\/wp-content\/uploads\/2018\/02\/gener\u00e1l_heart_of_rock_eleje.jpg","contentUrl":"https:\/\/longkft.hu\/audioblog\/wp-content\/uploads\/2018\/02\/gener\u00e1l_heart_of_rock_eleje.jpg","width":983,"height":983,"caption":"Gener\u00e1l Heart of Rock"},{"@type":"BreadcrumbList","@id":"https:\/\/longkft.hu\/audioblog\/general-heart-of-rock\/#breadcrumb","itemListElement":[{"@type":"ListItem","position":1,"name":"Kezd\u0151oldal","item":"https:\/\/longkft.hu\/audioblog\/"},{"@type":"ListItem","position":2,"name":"Gener\u00e1l &#8211; Heart of Rock"}]},{"@type":"WebSite","@id":"https:\/\/longkft.hu\/audioblog\/#website","url":"https:\/\/longkft.hu\/audioblog\/","name":"Longaudio","description":"50 \u00e9v lemezgy\u0171jtem\u00e9nye \u00e9s audio k\u00e9sz\u00fcl\u00e9kei","publisher":{"@id":"https:\/\/longkft.hu\/audioblog\/#\/schema\/person\/645cabad2d8e942354ed2caeef3aa9ea"},"potentialAction":[{"@type":"SearchAction","target":{"@type":"EntryPoint","urlTemplate":"https:\/\/longkft.hu\/audioblog\/?s={search_term_string}"},"query-input":{"@type":"PropertyValueSpecification","valueRequired":true,"valueName":"search_term_string"}}],"inLanguage":"hu"},{"@type":["Person","Organization"],"@id":"https:\/\/longkft.hu\/audioblog\/#\/schema\/person\/645cabad2d8e942354ed2caeef3aa9ea","name":"Long","image":{"@type":"ImageObject","inLanguage":"hu","@id":"https:\/\/longkft.hu\/audioblog\/wp-content\/uploads\/2018\/01\/logo.jpg","url":"https:\/\/longkft.hu\/audioblog\/wp-content\/uploads\/2018\/01\/logo.jpg","contentUrl":"https:\/\/longkft.hu\/audioblog\/wp-content\/uploads\/2018\/01\/logo.jpg","width":240,"height":240,"caption":"Long"},"logo":{"@id":"https:\/\/longkft.hu\/audioblog\/wp-content\/uploads\/2018\/01\/logo.jpg"},"sameAs":["https:\/\/www.facebook.com\/longkft","https:\/\/hu.pinterest.com\/farkas1051\/_saved\/"],"url":"https:\/\/longkft.hu\/audioblog\/author\/audioblogger\/"}]}},"_links":{"self":[{"href":"https:\/\/longkft.hu\/audioblog\/wp-json\/wp\/v2\/posts\/847","targetHints":{"allow":["GET"]}}],"collection":[{"href":"https:\/\/longkft.hu\/audioblog\/wp-json\/wp\/v2\/posts"}],"about":[{"href":"https:\/\/longkft.hu\/audioblog\/wp-json\/wp\/v2\/types\/post"}],"author":[{"embeddable":true,"href":"https:\/\/longkft.hu\/audioblog\/wp-json\/wp\/v2\/users\/2"}],"replies":[{"embeddable":true,"href":"https:\/\/longkft.hu\/audioblog\/wp-json\/wp\/v2\/comments?post=847"}],"version-history":[{"count":0,"href":"https:\/\/longkft.hu\/audioblog\/wp-json\/wp\/v2\/posts\/847\/revisions"}],"wp:featuredmedia":[{"embeddable":true,"href":"https:\/\/longkft.hu\/audioblog\/wp-json\/wp\/v2\/media\/844"}],"wp:attachment":[{"href":"https:\/\/longkft.hu\/audioblog\/wp-json\/wp\/v2\/media?parent=847"}],"wp:term":[{"taxonomy":"category","embeddable":true,"href":"https:\/\/longkft.hu\/audioblog\/wp-json\/wp\/v2\/categories?post=847"},{"taxonomy":"post_tag","embeddable":true,"href":"https:\/\/longkft.hu\/audioblog\/wp-json\/wp\/v2\/tags?post=847"}],"curies":[{"name":"wp","href":"https:\/\/api.w.org\/{rel}","templated":true}]}}