{"id":8947,"date":"2020-11-16T10:22:54","date_gmt":"2020-11-16T10:22:54","guid":{"rendered":"https:\/\/longkft.hu\/audioblog\/?p=8947"},"modified":"2024-06-04T17:24:16","modified_gmt":"2024-06-04T17:24:16","slug":"mit-er-a-rendszer-ha-magyar-core-audio-popori-acoustics","status":"publish","type":"post","link":"https:\/\/longkft.hu\/audioblog\/mit-er-a-rendszer-ha-magyar-core-audio-popori-acoustics\/","title":{"rendered":"Mit \u00e9r a rendszer, ha magyar &#8211; Core Audio + Popori Acoustics"},"content":{"rendered":"<p style=\"text-align: justify;\"><span style=\"font-size: 12pt;\"><em>English language can be selected in upper left corner (British flag).<\/em>\u00a0 \u00c9letem sor\u00e1n nagyon sok becenevet kaptam, melyek r\u00f6videbb-hosszabb id\u0151re r\u00e1m ragadtak. Ezek k\u00f6z\u00f6tt voltak viccesek, kedvesek, l\u00e1tsz\u00f3lag g\u00fanyosak &#8211; sz\u00f3val mindenf\u00e9le. Egyik kedvencem a &#8222;rozoga&#8221;, amit\u00a0 im\u00e1dott edz\u0151m ragasztott r\u00e1m \u00e9s \u00fcv\u00f6lt\u00f6tt folyamatosan hatalmas hanger\u0151vel a meccseinken (kos\u00e1rlabda), a m\u00e1sik pedig a &#8222;hossz\u00fa&#8221;, aminek egy bar\u00e1tn\u0151m h\u00faga nevezett el 35 \u00e9vvel ezel\u0151tt. A mai napon kaptam egy \u00fajabb \u00e9s bizony igen megtisztel\u0151 nick-nevet &#8211; a <a href=\"https:\/\/www.coreaudio.eu\/\" target=\"_blank\" rel=\"noopener noreferrer\"><span style=\"color: #ff6600;\">Core Audio<\/span><\/a> \u00e9s a <a href=\"https:\/\/poporiacoustics.com\/\" target=\"_blank\" rel=\"noopener noreferrer\"><span style=\"color: #ff6600;\">Popori Acoustics<\/span><\/a> tagjai kineveztek &#8222;keresztap\u00e1nak&#8221;. Ebb\u0151l k\u00f6vetkez\u0151en az al\u00e1bbiakat, mint ideiglenes &#8222;Don Vito Corleone&#8221; \u00edrom.<\/span><\/p>\n<p style=\"text-align: justify;\"><span style=\"font-size: 12pt;\">A t\u00f6rt\u00e9net egyik fele \u00fagy kezd\u0151d\u00f6tt, hogy megalakult Core Audio, amely C\u00e9g tev\u00e9kenys\u00e9g\u00e9t, fejleszt\u0151munk\u00e1j\u00e1t az els\u0151 pillanatt\u00f3l figyelhettem. Folyamatosan \u00e9s nagy-nagy lelkesed\u00e9ssel sz\u00e1moltak be elk\u00e9pzel\u00e9seikr\u0151l, aktu\u00e1lis fejleszt\u00e9seikr\u0151l &#8211; melyek egy r\u00e9sz\u00e9t (na j\u00f3, t\u00f6bbs\u00e9g\u00e9t) nem nagyon \u00e9rtettem, de lelkesen b\u00f3logattam. \u00d6r\u00f6mmel hallgattam meg \u00fajabb \u00e9s \u00fajabb k\u00e9sz\u00fcl\u00e9keiket, melyek mindig egy\u00e9rtelm\u0171 el\u0151rel\u00e9p\u00e9st jelentettek a kor\u00e1bbiakhoz k\u00e9pest. \u00dagy v\u00e9lem, siker\u00fclt kialak\u00edtaniuk\u00a0 a C\u00e9gre jellemz\u0151 hangz\u00e1st, valamint a C\u00e9gre jellemz\u0151 k\u00e9sz\u00fcl\u00e9k- \u00e9s \u00e1llv\u00e1nydiz\u00e1jnt.<\/span><\/p>\n<p style=\"text-align: justify;\"><span style=\"font-size: 12pt;\">A t\u00f6rt\u00e9net m\u00e1sik fele Baj\u00e1n indult, ahol <a href=\"https:\/\/longkft.hu\/audioblog\/elektrosztatikus-hangsugarzo\/\" target=\"_blank\" rel=\"noopener noreferrer\"><span style=\"color: #ff6600;\">Popori Ott\u00f3<\/span><\/a> \u00e9vtizedek \u00f3ta \u00e9p\u00edti sztatikus hangsug\u00e1rz\u00f3it, valamint menti meg az eny\u00e9szett\u0151l az Audiostatic, Martin Logan \u00e9s Quad \u00e1ltal gy\u00e1rtott &#8222;lebetegedett&#8221; p\u00e9ld\u00e1nyokat. A t\u00f6bb \u00e9vtizedes tapasztalat \u00e9s egy hozz\u00e1\u00e9rt\u0151 diz\u00e1jner v\u00e9g\u00fcl megsz\u00fclte &#8222;A&#8221; Popori elektroszatikus hangsug\u00e1rz\u00f3t, aminek megsz\u00fclet\u00e9s\u00e9r\u0151l \u00e9s els\u0151 meghallgat\u00e1s\u00e1r\u00f3l kor\u00e1bban besz\u00e1moltam nektek.<\/span><\/p>\n<p style=\"text-align: justify;\"><span style=\"font-size: 12pt;\">A Core Audio hangz\u00e1sa, k\u00e9sz\u00fcl\u00e9keinek \u00e9s f\u0151leg saj\u00e1t tervez\u00e9s\u0171 \u00e1llv\u00e1nyuknak kin\u00e9zete, valamint az \u00faj Popori hangsug\u00e1rz\u00f3 hangk\u00e9pe, annak l\u00e1tv\u00e1nya az egyik \u00e9jszaka &#8211; alv\u00e1s k\u00f6zben, mert mikor m\u00e1skor &#8211; \u00f6sszead\u00f3dott bennem \u00e9s reggel lelkesen h\u00edvtam fel mindk\u00e9t &#8222;felet&#8221; azzal, hogy nekik mindenk\u00e9ppen tal\u00e1lkozniuk kell.<\/span><\/p>\n<h3 style=\"text-align: justify;\"><span style=\"font-size: 14pt;\">\u00dagy v\u00e9ltem &#8211; az\u00f3ta m\u00e1r tudom is -, hogy a Core Audio \u00e9s a Popori Acoustics hangz\u00e1sa t\u00f6k\u00e9letesen illeszkedik, ez\u00e9rt felt\u00e9tlen\u00fcl kell tenni\u00fck legal\u00e1bb egy pr\u00f3b\u00e1t egym\u00e1ssal. R\u00e1ad\u00e1sul a hangsug\u00e1rz\u00f3 \u00e9s az igen j\u00f3l siker\u00fclt \u00e1llv\u00e1nyrendszer kin\u00e9zete annyira hasonl\u00f3, hogy neh\u00e9z elhinni, nem ugyanazon ember tervezte mindkett\u0151t.<\/span><\/h3>\n<p style=\"text-align: center;\"><img loading=\"lazy\" decoding=\"async\" class=\"aligncenter size-full wp-image-8952\" src=\"https:\/\/longkft.hu\/audioblog\/wp-content\/uploads\/2020\/11\/core-audio-Popori-Acoustics-3.jpg\" alt=\"core audio Popori Acoustics 3\" width=\"800\" height=\"450\" srcset=\"https:\/\/longkft.hu\/audioblog\/wp-content\/uploads\/2020\/11\/core-audio-Popori-Acoustics-3.jpg 800w, https:\/\/longkft.hu\/audioblog\/wp-content\/uploads\/2020\/11\/core-audio-Popori-Acoustics-3-300x169.jpg 300w, https:\/\/longkft.hu\/audioblog\/wp-content\/uploads\/2020\/11\/core-audio-Popori-Acoustics-3-768x432.jpg 768w, https:\/\/longkft.hu\/audioblog\/wp-content\/uploads\/2020\/11\/core-audio-Popori-Acoustics-3-200x113.jpg 200w, https:\/\/longkft.hu\/audioblog\/wp-content\/uploads\/2020\/11\/core-audio-Popori-Acoustics-3-400x225.jpg 400w\" sizes=\"auto, (max-width: 800px) 100vw, 800px\" \/><\/p>\n<p style=\"text-align: justify;\"><span style=\"font-size: 12pt;\">Ezut\u00e1n kellett m\u00e9g n\u00e9h\u00e1ny telefonh\u00edv\u00e1s, n\u00e9mi \u00f6szt\u00f6k\u00e9l\u00e9s, hogy j\u00f6jj\u00f6n m\u00e1r \u00f6ssze az a bizonyos n\u00e1sz. Majd v\u00e9gre elj\u00f6tt a nap, amikor Viktor is, Ott\u00f3 is felh\u00edvott \u00e9s egym\u00e1st\u00f3l f\u00fcggetlen\u00fcl, egym\u00e1s h\u00edv\u00e1s\u00e1r\u00f3l nem tudva sz\u00e1moltak be hatalmas lelkesed\u00e9ssel a Core Audio elektronika \u00e9s a Popori Acoustics hangsug\u00e1rz\u00f3 egy\u00fcttese \u00e1ltal ny\u00fajtott hangr\u00f3l.<\/span><\/p>\n<p style=\"text-align: justify;\"><span style=\"font-size: 12pt;\">Az els\u0151 tal\u00e1lkoz\u00e1suk sor\u00e1n t\u00f6rt\u00e9nt egy elgondolkodtat\u00f3 \u00e9s igen vicces eset is &#8211; rem\u00e9lem nem baj, ha le\u00edrom. \u00d6ssze\u00e1ll\u00edtott\u00e1k a rendszert, elindult az els\u0151 felv\u00e9tel \u00e9s bizony a megsz\u00f3lal\u00f3 hang nagyon t\u00e1vol \u00e1llt att\u00f3l, amire az \u0151ket \u00f6sszehoz\u00f3 lelkesed\u00e9sem alapj\u00e1n sz\u00e1m\u00edtottak. Sz\u00f3lt-sz\u00f3lt a rendszer, de&#8230; Ekkor Ott\u00f3 lehajolt \u00e9s bedugta az elektrosztatikus hangsug\u00e1rz\u00f3kat a h\u00e1l\u00f3zatba. Ezut\u00e1n v\u00e9gre megsz\u00f3lalt a zene, ami a jelenl\u00e9v\u0151k k\u00f6z\u00fcl mindenkit leny\u0171g\u00f6z\u00f6tt.<\/span><\/p>\n<p style=\"text-align: justify;\"><span style=\"font-size: 12pt;\">Egy\u00e9rtelm\u0171v\u00e9 v\u00e1lt, hogy a teljesen magyar fejleszt\u00e9s\u0171 \u00e9s gy\u00e1rt\u00e1s\u00fa komplett rendszert egy\u00fctt kell megmutatni a zenehallgat\u00f3knak. \u00cdgy jutott el a t\u00f6rt\u00e9net november 14-ig, amikor is a meghirdetett nyilv\u00e1nos bemutat\u00f3t a Covid 19 miatt sajnos t\u00f6r\u00f6lt\u00e9k, majd 15-ig, amely napon n\u00e9h\u00e1nyunknak &#8211; term\u00e9szetesen a j\u00e1rv\u00e1ny\u00fcgyi szab\u00e1lyokat betartva &#8211; m\u00e9giscsak bemutatt\u00e1k a rendszert.<\/span><\/p>\n<p style=\"text-align: justify;\"><span style=\"font-size: 12pt;\">Most \u00fagy kellene folytatnom, hogy egyik szemem nevet, a m\u00e1sik meg sajnos s\u00edr, de ha alaposabban belegondolok, tulajdonk\u00e9ppen mindk\u00e9t szemem mosolyog. S\u00edr\u00e1sra adhatna ugyan okot, hogy a hallott hangk\u00e9pet azonnal hazahozn\u00e1m \u00e9s a nap 24 \u00f3r\u00e1j\u00e1ban hallgatn\u00e1m, de azt egy lott\u00f3\u00f6t\u00f6s n\u00e9lk\u00fcl nem tehetn\u00e9m meg. Ez a rossz h\u00edr, amin valahogy t\u00falteszem magamat mindaddig, am\u00edg nem veszek lott\u00f3t &#8211; addig meg legfeljebb n\u00e9h\u00e1ny CD-met mostant\u00f3l nem fogom meghallgatni. Gondolom kital\u00e1lt\u00e1tok &#8211; azokat, melyeket ma a tal\u00e1lkoz\u00f3n meghallgattunk.<\/span><\/p>\n<h3 style=\"text-align: justify;\"><span style=\"font-size: 14pt;\">Ink\u00e1bb j\u00f6jjenek a mosolyg\u00e1sra \u00e9s \u00f6r\u00f6mre okot ad\u00f3 pozit\u00edvumok a Core Audio \u00e9s a Popori Acoustics bemutat\u00f3j\u00e1r\u00f3l.<\/span><\/h3>\n<p style=\"text-align: justify;\"><span style=\"font-size: 12pt;\">Nem szeretn\u00e9m \u00e9s nem is tudn\u00e1m kielemezni, hogy a Core legesleg\u00fajabb elektronikai fejleszt\u00e9sei, vagy a Popori elektrosztatikus miatt &#8211; netal\u00e1n az <a href=\"https:\/\/longkft.hu\/audioblog\/entreq-3\/\" target=\"_blank\" rel=\"noopener noreferrer\"><span style=\"color: #ff6600;\">Entreq &#8222;patk\u00e1nyok&#8221;<\/span><\/a> okozt\u00e1k -, de ma hallottam el\u0151sz\u00f6r a Core bemutat\u00f3teremben olyan hangk\u00e9pet, ami nem az eszemnek, hanem a lelkemnek sz\u00f3lt. Nem puszt\u00e1n hangok, nem v\u00e9gtelen mennyis\u00e9g\u0171 r\u00e9szletek sz\u00f3ltak, hanem zene. Becsuktam a szemem, v\u00e9rnyom\u00e1som leesett, ellazulva a k\u00fcl\u00f6nb\u00f6z\u0151 zen\u00e9ken &#8222;lebegve&#8221; cs\u00fasztam egyre lejjebb a fotelben, majd k\u00f6z\u00e9pre \u00fclve a kanap\u00e9n, majd a kanap\u00e9 jobb sz\u00e9l\u00e9n&#8230;<\/span><\/p>\n<h3 style=\"text-align: justify;\"><span style=\"font-size: 14pt;\">Az\u00e9rt \u00edrom le r\u00e9szletesen a konkr\u00e9t helyeket, mert b\u00e1r a k\u00f6z\u00e9ps\u0151 helyen hallgatva alakult ki a legjobb hangt\u00e9r, az oldals\u00f3 helyeken is t\u00e9rb\u0151l megsz\u00f3lal\u00f3, igen \u00e9lvezetes zen\u00e9ben volt r\u00e9sz\u00fcnk.<\/span><\/h3>\n<p style=\"text-align: justify;\"><span style=\"font-size: 12pt;\">Teh\u00e1t cs\u00fasztam lefel\u00e9 a fotelben, amikor is elindult Roger Waters Amused to Death c. album\u00e1r\u00f3l, a &#8222;fav\u00e1g\u00f3s, trojk\u00e1s&#8221; felv\u00e9tel. Az eg\u00e9sz albumot k\u00edv\u00fclr\u0151l f\u00fajom, meghallgattam sz\u00e1mtalan rendszeren, \u00edgy semmif\u00e9le meglepet\u00e9sre nem sz\u00e1m\u00edtottam &#8211; de akkor a fav\u00e1g\u00f3 belev\u00e1gta fejsz\u00e9j\u00e9t a f\u00e1ba. Bocs\u00e1nat, de ahhoz, hogy val\u00f3ban \u00e9rz\u00e9keltetni tudjam, azt kell \u00edrnom, hogy hatalmas energi\u00e1val beleb@szta a f\u00e1ba, \u00e9n meg infarktust kapva majdnem felugrottam.<\/span><\/p>\n<p style=\"text-align: justify;\"><span style=\"font-size: 12pt;\">Nem tudom, l\u00e1tt\u00e1k-e a t\u00f6bbiek, de sz\u00f3 szerint beros\u00e1ltam att\u00f3l a hangt\u00f6megt\u0151l, amit az a bizonyos fejszecsap\u00e1s keltett. Nemhogy sztatikust\u00f3l, de semmilyen hangsug\u00e1rz\u00f3t\u00f3l, semmilyen rendszert\u0151l nem hallottam m\u00e9g ennyire gyorsan fel\u00e9p\u00fcl\u0151 \u00e9s nyomtalanul elt\u0171n\u0151 energiat\u00f6meget. Ehhez k\u00e9pest (sz\u00e1momra) elt\u00f6rp\u00fcl, hogy a trojka \u00e1tmenetelekor olyan hangokat, r\u00e9szleteket, z\u00f6rejeket hallottam, amiket m\u00e9g sohasem vettem \u00e9szre, majd a kutya is, a r\u00e1di\u00f3 is (mint \u00e1lland\u00f3 Pink Floyd \u00e9s Roger Waters k\u00eds\u00e9r\u0151elem) olyan helyeken sz\u00f3laltak meg, amit egy igen j\u00f3 atmoszos h\u00e1zimozi is megirigyelne.<\/span><\/p>\n<p style=\"text-align: justify;\"><span style=\"font-size: 12pt;\">Sorban hallgattuk a zen\u00e9ket, melyek m\u0171fajt\u00f3l f\u00fcggetlen\u00fcl v\u00e1ltottak ki bel\u0151lem (bel\u0151l\u00fcnk) \u00e9rzelmeket. A Kreol mis\u00e9t hallgatva elhaszn\u00e1ltam egy csomag N\u00e1rciszt, Sting hangj\u00e1t hallva elfelejtettem leveg\u0151t venni, a Yello egyszerre mozgatta meg mindk\u00e9t l\u00e1bamat, Jean-Michel Jarre Equinoxe-\u00e1t szerettem volna teljes eg\u00e9sz\u00e9ben v\u00e9gig\u00e9lvezni&#8230;<\/span><\/p>\n<p style=\"text-align: center;\"><img loading=\"lazy\" decoding=\"async\" class=\"aligncenter size-full wp-image-8953\" src=\"https:\/\/longkft.hu\/audioblog\/wp-content\/uploads\/2020\/11\/core-audio-Popori-Acoustics-2.jpg\" alt=\"core audio Popori Acoustics\" width=\"600\" height=\"454\" srcset=\"https:\/\/longkft.hu\/audioblog\/wp-content\/uploads\/2020\/11\/core-audio-Popori-Acoustics-2.jpg 600w, https:\/\/longkft.hu\/audioblog\/wp-content\/uploads\/2020\/11\/core-audio-Popori-Acoustics-2-300x227.jpg 300w, https:\/\/longkft.hu\/audioblog\/wp-content\/uploads\/2020\/11\/core-audio-Popori-Acoustics-2-200x151.jpg 200w, https:\/\/longkft.hu\/audioblog\/wp-content\/uploads\/2020\/11\/core-audio-Popori-Acoustics-2-400x303.jpg 400w\" sizes=\"auto, (max-width: 600px) 100vw, 600px\" \/><\/p>\n<h3 style=\"text-align: justify;\"><span style=\"font-size: 14pt;\">Egy id\u0151 ut\u00e1n \u00fagy d\u00f6nt\u00f6ttem, hogy elkezdek a rendszer ellen szurkolni, \u00e9s csak az\u00e9rt is tal\u00e1lok hib\u00e1t. Nem volt egyszer\u0171 &#8222;hibakeres\u0151&#8221; f\u00fcllel hallgatni, de valahogy csak \u00f6sszej\u00f6tt &#8211; s\u0151t, kett\u0151t is tal\u00e1ltam, ami nem sz\u00e9p dolog t\u0151lem, de az objektivit\u00e1s megk\u00f6veteli.<\/span><\/h3>\n<p style=\"text-align: justify;\"><span style=\"font-size: 12pt;\">A hangsz\u00ednpad a k\u00f6z\u00e9ps\u0151 helyen \u00fclve nagyon sz\u00e9pen fel\u00e9p\u00fclt \u00e9s a sz\u00e9leken is sztatikusokt\u00f3l szokatlanul eg\u00e9sz j\u00f3l \u00e9rz\u00e9kelhet\u0151 volt. Azonban ez a sz\u00ednpad a hangsug\u00e1rz\u00f3k el\u0151tt jelent meg, a zen\u00e9szek, a hangszerek id\u0151nk\u00e9nt t\u00fals\u00e1gosan k\u00f6zel ker\u00fcltek hozz\u00e1nk. Nem tudom (de sejtem), hogy mennyire okolhat\u00f3 \u00e9rte csak a szoba, de hi\u00e1nyoltam a h\u00e1ts\u00f3 fal &#8222;megnyit\u00e1s\u00e1t&#8221;, a hangt\u00e9r h\u00e1trafel\u00e9 t\u00f6rt\u00e9n\u0151 kialak\u00edt\u00e1s\u00e1t. \u00dagy v\u00e9lem, egy nagyobb szob\u00e1ban, ahol a hangsug\u00e1rz\u00f3kat jobban el lehet h\u00fazni a h\u00e1ts\u00f3 falt\u00f3l, valamint a zenehallgat\u00f3k is nagyobb t\u00e1vols\u00e1gban tudn\u00e1nak \u00fclni a hangsug\u00e1rz\u00f3kt\u00f3l, kialakulhatna a h\u00e1trafel\u00e9 is \u00e9p\u00fcl\u0151 l\u00e9gt\u00e9r, de a jelenlegi bemutat\u00f3teremben nem. <em>(Sr\u00e1cok, kellene egy nagyobb zeneszoba.)<\/em><\/span><\/p>\n<p style=\"text-align: justify;\"><span style=\"font-size: 12pt;\">A m\u00e1sik negat\u00edv \u00e9szrev\u00e9telem &#8211; \u00e9s most nagyon-nagyon d\u00f6g leszek. A hangt\u00f6meg, a hangszerek, a zen\u00e9szek teste, a basszustartom\u00e1ny egyszer\u0171en zseni\u00e1lis \u00e9s monument\u00e1lis volt. Id\u0151nk\u00e9nt sz\u00f3 szerint gyomorba hatol\u00f3 volt a hatalmas basszusenergia, de a Yello-n\u00e1l egyszer-egyszer, igaz, nagyon diszkr\u00e9ten ugyan, de bereccsentek a panelek. <em>(Ott\u00f3, nem halaszthatod tov\u00e1bb a h\u00e1rom paneles v\u00e1ltozat befejez\u00e9s\u00e9t.)<\/em><\/span><\/p>\n<h3 style=\"text-align: justify;\"><span style=\"font-size: 14pt;\">Most, hogy siker\u00fclt els\u0151 sz\u00e1m\u00fa k\u00f6zellens\u00e9gg\u00e9 tenni magamat a Core \u00e9s Popori Acoustics c\u00e9gek \u00f6sszes tagja, rokona, bar\u00e1tja szem\u00e9ben, j\u00f6jj\u00f6n n\u00e9h\u00e1ny gondolat arr\u00f3l, hogy mi\u00e9rt mosolyog a m\u00e1sik szemem is.<\/span><\/h3>\n<p style=\"text-align: justify;\"><span style=\"font-size: 12pt;\">Valamikor a rendszerv\u00e1lt\u00e1s k\u00f6rny\u00e9k\u00e9n \u00e9s ut\u00e1na sok-sok \u00e9vig a magyarorsz\u00e1gi hifis \u00e9let a bar\u00e1ts\u00e1gokr\u00f3l, a zen\u00e9r\u0151l, az egym\u00e1s \u00f6nzetlen seg\u00edt\u00e9s\u00e9r\u0151l sz\u00f3lt. Ak\u00e1r teljesen ismeretlen\u00fcl is be\u00e1ll\u00edthattunk egym\u00e1shoz, mert ha elhangzott a b\u0171v\u00f6s sz\u00f3, hogy &#8222;hifi&#8221;, r\u00f6gt\u00f6n tudtuk, hogy rokonlelkek vagyunk. Megsz\u00e1ml\u00e1lhatatlan \u00e9lm\u00e9ny, besz\u00e9lget\u0151s, zenehallgat\u00f3s (iszogat\u00f3s) \u00e9jszaka k\u00f6t\u0151dik az eml\u00edtett id\u0151szakhoz. \u00c9rdekes m\u00f3don kialakultak a &#8222;drukkercsapatok&#8221; &#8211; ki az egyik forgalmaz\u00f3hoz \u00e9s term\u00e9keihez k\u00f6t\u0151d\u00f6tt, ki a m\u00e1sikhoz, de a vita, a veszeked\u00e9s, egym\u00e1s ut\u00e1lata, len\u00e9z\u00e9se abszol\u00fat ismeretlen fogalmak voltak.<\/span><\/p>\n<p style=\"text-align: justify;\"><span style=\"font-size: 12pt;\">\u00dagy j\u00e1rk\u00e1ltunk a k\u00fcl\u00f6nb\u00f6z\u0151 bemutat\u00f3termekbe, mintha hazamenn\u00e9nk. Nem n\u00e9ztek ki minket, nem n\u00e9zt\u00e9k, mit vesz\u00fcnk, egy\u00e1ltal\u00e1n vesz\u00fcnk-e valamit. A bemutat\u00f3termek \u00fagy m\u0171k\u00f6dtek, mint egy-egy zenei, szellemi k\u00f6z\u00f6ss\u00e9gi h\u00e1z. Ez a fajta hozz\u00e1\u00e1ll\u00e1s tulajdonk\u00e9ppen a forgalmaz\u00f3knak is kifizet\u0151d\u0151 volt, mert el\u0151bb-ut\u00f3bb mindenkinek \u00f6sszegy\u0171lt annyi p\u00e9nze, hogy vehessen is valamit \u00e9s azt a kedvelt bemutat\u00f3teremben k\u00f6lt\u00f6tte el. Majd a k\u00f6vetkez\u0151 k\u00e9sz\u00fcl\u00e9ket is ott vette, majd a hangsug\u00e1rz\u00f3t, stb.<\/span><\/p>\n<p style=\"text-align: justify;\"><span style=\"font-size: 12pt;\">Azt\u00e1n valami sajnos megv\u00e1ltozott, ridegg\u00e9, hidegg\u00e9, anyagiass\u00e1 v\u00e1lt \u00e9s megsz\u0171nt az a fajta hifista \u00e9let, hifista \u00f6sszetart\u00e1s, ami annyira sz\u00e9pp\u00e9 \u00e9s tulajdonk\u00e9ppen nemess\u00e9 tette a min\u0151s\u00e9gi zenehallgat\u00e1s ir\u00e1nti v\u00e1gyat.<\/span><\/p>\n<p style=\"text-align: justify;\"><span style=\"font-size: 12pt;\">Sz\u00f3val, a m\u00e1sik szemem is nevet, mert \u00fagy l\u00e1tom, \u00edgy 25-30 \u00e9v ut\u00e1n ism\u00e9t kezd valami hasonl\u00f3 kialakulni, mint ami anno pl. a Datateam, a Merlin Audio, a Zsolt Audio (stb.) k\u00f6r\u00fcl szervez\u0151d\u00f6tt. A Core Audio \u00e9s a Popori Acoustics tagjai, tervez\u0151i ugyanazzal a nyitotts\u00e1ggal, a zene, a zenereproduk\u00e1l\u00e1s \u00e9s a zenehallgat\u00f3(!) ir\u00e1nti szeretettel \u00e9s tisztelettel rendelkeznek, mint ami anno \u00f6sszetartott minket. Nagyon szimpatikus volt (mindenki r\u00e9sz\u00e9r\u0151l), hogy a bemutat\u00f3n \u00f6r\u00f6mmel fogadt\u00e1k a <a href=\"https:\/\/www.dreamaudiocomponents.hu\/\" target=\"_blank\" rel=\"noopener noreferrer\"><span style=\"color: #ff6600;\">Dreamaudio<\/span><\/a> &#8222;versenyen k\u00edv\u00fcl bees\u0151&#8221; \u00e9s hasonl\u00f3an nyitott, hifista-bar\u00e1t gondolkod\u00e1s\u00fa tulajdonos\u00e1t is, aki \u0151szinte lelkesed\u00e9ssel hallgatta a konkurencia igen j\u00f3 hangj\u00e1t. Felt\u00e9tlen\u00fcl meg kell eml\u00edtenem a &#8222;j\u00f3 ir\u00e1nnyal&#8221; kapcsolatban az <a href=\"https:\/\/impressivia.hu\/\" target=\"_blank\" rel=\"noopener noreferrer\"><span style=\"color: #ff6600;\">Impressivia<\/span><\/a>-t is, ahol vas\u00e1rnaponk\u00e9nt kellemes hangulat\u00fa \u00e9s mindenf\u00e9le k\u00f6telezetts\u00e9gekt\u0151l mentes bemutat\u00f3kat, \u00f6sszej\u00f6veteleket tartanak.<\/span><\/p>\n<p style=\"text-align: justify;\"><span style=\"font-size: 12pt;\">A hifist\u00e1k lelk\u00e9nek &#8222;\u00e1pol\u00e1sa&#8221; ut\u00e1n, m\u00e9g mindig van mit mes\u00e9lnem, mert most j\u00f6n &#8211; bizonyos szempontb\u00f3l &#8211; a l\u00e9nyeg. A hallottak alapj\u00e1n az egyik jelenl\u00e9v\u0151 zenehallgat\u00f3 felebar\u00e1tunk megrendelt mag\u00e1nak egy p\u00e1rat a bemutatott Popori hangsug\u00e1rz\u00f3kb\u00f3l. \u00dagy v\u00e9lem, ett\u0151l nagyobb elismer\u00e9st ez a t\u00e9nyleg kiemelked\u0151en j\u00f3 \u00e9s teljes eg\u00e9sz\u00e9ben magyar fejleszt\u00e9s\u0171 hangrendszer nem is kaphatott volna.<\/span><\/p>\n<p style=\"text-align: justify;\"><span style=\"font-size: 12pt;\">V\u00e9gsz\u00f3k\u00e9nt pedig nem tudok m\u00e1st \u00edrni, mint az igazi Don Vito Corleone egyik t\u00f6k\u00e9letesen helyt\u00e1ll\u00f3 gondolat\u00e1t a <a href=\"https:\/\/hu.wikipedia.org\/wiki\/A_Keresztapa\" target=\"_blank\" rel=\"noopener noreferrer\"><span style=\"color: #ff6600;\">Keresztapa<\/span><\/a> c. filmb\u0151l:<\/span><\/p>\n<p style=\"text-align: justify;\"><span style=\"font-size: 12pt;\">&#8222;A nagy emberek nem sz\u00fcletnek nagynak, de azz\u00e1 lesznek.&#8221;<\/span><\/p>\n<span>Megosztom:<\/span><br><a target=\"_blank\" class=\"facebook\" title=\"\" rel=\"external\" href=\"https:\/\/www.facebook.com\/share.php?u=https:\/\/longkft.hu\/audioblog\/mit-er-a-rendszer-ha-magyar-core-audio-popori-acoustics\/&title=Mit \u00e9r a rendszer, ha magyar &#8211; Core Audio + Popori Acoustics\"><\/a><a target=\"_blank\" class=\"linkedin\" title=\"\" rel=\"external\" href=\"http:\/\/www.linkedin.com\/shareArticle?mini=true&amp;url=https%3A%2F%2Flongkft.hu%2Faudioblog%2Fmit-er-a-rendszer-ha-magyar-core-audio-popori-acoustics%2F&amp;title=Mit+%C3%A9r+a+rendszer%2C+ha+magyar+%26%238211%3B+Core+Audio+%2B+Popori+Acoustics&amp;summary=%3Cp+style%3D%22text-align%3A+justify%3B%22%3E%3Cspan+style%3D%22font-size%3A+12pt%3B%22%3E%3Cem%3EEnglish+language+can+be+selected+in+upper+left+corner+%28British+flag%29.%3C%2Fem%3E%C2%A0+%C3%89letem+sor%C3%A1n+nagyon+sok+becenevet+kaptam%2C+melyek+r%C3%B6videbb-hosszabb+id%C5%91re+r%C3%A1m+ragadtak.+Ezek+k%C3%B6z%C3%B6tt+voltak+viccesek%2C+kedvesek%2C+l%C3%A1tsz%C3%B3lag+g%C3%BAnyosak+-+sz%C3%B3val+mindenf%C3%A9le.+Egyik+kedvencem+a+%22rozoga%22%2C+amit%C2%A0+im%C3%A1dott+edz%C5%91m+ragasztott+r%C3%A1m+%C3%A9s+%C3%BCv%C3%B6lt%C3%B6tt+folyamatosan+hatalmas+hanger%C5%91vel+a+meccseinken+%28kos%C3%A1rlabda%29%2C+a+m%C3%A1sik+pedig+a+%22hossz%C3%BA%22%2C+aminek+egy+bar%C3%A1tn%C5%91m+h%C3%BAga+nevezett+el+35+%C3%A9vvel+ezel%C5%91tt.+A+mai+napon+kaptam+egy+%C3%BAjabb+%C3%A9s+bizony+igen+megtisztel%C5%91+nick-nevet+-+a+%3Ca+href%3D%22https%3A%2F%2Fwww.coreaudio.eu%2F%22+target%3D%22_blank%22+rel%3D%22noopener+noreferrer%22%3E%3Cspan+style%3D%22color%3A+%23ff6600%3B%22%3ECore+Audio%3C%2Fspan%3E%3C%2Fa%3E+%C3%A9s+a+%3Ca+href%3D%22https%3A%2F%2Fpoporiacoustics.com%2F%22+target%3D%22_blank%22+rel%3D%22noopener+noreferrer%22%3E%3Cspan+style%3D%22color%3A+%23ff6600%3B%22%3EPopori+Acoustics%3C%2Fspan%3E%3C%2Fa%3E+tagjai+kineveztek+%22keresztap%C3%A1nak%22.+Ebb%C5%91l+k%C3%B6vetkez%C5%91en+az+al%C3%A1bbiakat%2C+mint+ideiglenes+%22Don+Vito+Corleone%22+%C3%ADrom.%3C%2Fspan%3E%3C%2Fp%3E%0D%0A%3Cp+style%3D%22text-align%3A+justify%3B%22%3E%3Cspan+style%3D%22font-size%3A+12pt%3B%22%3EA+t%C3%B6rt%C3%A9net+egyik+fele+%C3%BAgy+kezd%C5%91d%C3%B6tt%2C+hogy+megalakult+Core+Audio%2C+amely+C%C3%A9g+tev%C3%A9kenys%C3%A9g%C3%A9t%2C+fejleszt%C5%91munk%C3%A1j%C3%A1t+az+els%C5%91+pillanatt%C3%B3l+figyelhettem.+Folyamatosan+%C3%A9s+nagy-nagy+lelkesed%C3%A9ssel+sz%C3%A1moltak+be+elk%C3%A9pzel%C3%A9seikr%C5%91l%2C+aktu%C3%A1lis+fejleszt%C3%A9seikr%C5%91l+-+melyek+egy+r%C3%A9sz%C3%A9t+%28na+j%C3%B3%2C+t%C3%B6bbs%C3%A9g%C3%A9t%29+nem+nagyon+%C3%A9rtettem%2C+de+lelkesen+b%C3%B3logattam.+%C3%96r%C3%B6mmel+hallgattam+meg+%C3%BAjabb+%C3%A9s+%C3%BAjabb+k%C3%A9sz%C3%BCl%C3%A9keiket%2C+melyek+mindig+egy%C3%A9rtelm%C5%B1+el%C5%91rel%C3%A9p%C3%A9st+jelentettek+a+kor%C3%A1bbiakhoz+k%C3%A9pest.+%C3%9Agy+v%C3%A9lem%2C+siker%C3%BClt+kialak%C3%ADtaniuk%C2%A0+a+C%C3%A9gre+jellemz%C5%91+hangz%C3%A1st%2C+valamint+a+C%C3%A9gre+jellemz%C5%91+k%C3%A9sz%C3%BCl%C3%A9k-+%C3%A9s+%C3%A1llv%C3%A1nydiz%C3%A1jnt.%3C%2Fspan%3E%3C%2Fp%3E%0D%0A%3Cp+style%3D%22text-align%3A+justify%3B%22%3E%3Cspan+style%3D%22font-size%3A+12pt%3B%22%3EA+t%C3%B6rt%C3%A9net+m%C3%A1sik+fele+Baj%C3%A1n+indult%2C+ahol+%3Ca+href%3D%22https%3A%2F%2Flongkft.hu%2Faudioblog%2Felektrosztatikus-hangsugarzo%2F%22+target%3D%22_blank%22+rel%3D%22noopener+noreferrer%22%3E%3Cspan+style%3D%22color%3A+%23ff6600%3B%22%3EPopori+Ott%C3%B3%3C%2Fspan%3E%3C%2Fa%3E+%C3%A9vtizedek+%C3%B3ta+%C3%A9p%C3%ADti+sztatikus+hangsug%C3%A1rz%C3%B3it%2C+valamint+menti+meg+az+eny%C3%A9szett%C5%91l+az+Audiostatic%2C+Martin+Logan+%C3%A9s+Quad+%C3%A1ltal+gy%C3%A1rtott+%22lebetegedett%22+p%C3%A9ld%C3%A1nyokat.+A+t%C3%B6bb+%C3%A9vtizedes+tapasztalat+%C3%A9s+egy+hozz%C3%A1%C3%A9rt%C5%91+diz%C3%A1jner+v%C3%A9g%C3%BCl+megsz%C3%BClte+%22A%22+Popori+elektroszatikus+hangsug%C3%A1rz%C3%B3t%2C+aminek+megsz%C3%BClet%C3%A9s%C3%A9r%C5%91l+%C3%A9s+els%C5%91+meghallgat%C3%A1s%C3%A1r%C3%B3l+kor%C3%A1bban+besz%C3%A1moltam+nektek.%3C%2Fspan%3E%3C%2Fp%3E%0D%0A%3Cp+style%3D%22text-align%3A+justify%3B%22%3E%3Cspan+style%3D%22font-size%3A+12pt%3B%22%3EA+Core+Audio+hangz%C3%A1sa%2C+k%C3%A9sz%C3%BCl%C3%A9keinek+%C3%A9s+f%C5%91leg+saj%C3%A1t+tervez%C3%A9s%C5%B1+%C3%A1llv%C3%A1nyuknak+kin%C3%A9zete%2C+valamint+az+%C3%BAj+Popori+hangsug%C3%A1rz%C3%B3+hangk%C3%A9pe%2C+annak+l%C3%A1tv%C3%A1nya+az+egyik+%C3%A9jszaka+-+alv%C3%A1s+k%C3%B6zben%2C+mert+mikor+m%C3%A1skor+-+%C3%B6sszead%C3%B3dott+bennem+%C3%A9s+reggel+lelkesen+h%C3%ADvtam+fel+mindk%C3%A9t+%22felet%22+azzal%2C+hogy+nekik+mindenk%C3%A9ppen+tal%C3%A1lkozniuk+kell.%3C%2Fspan%3E%3C%2Fp%3E%0D%0A%0D%0A%3Ch3+style%3D%22text-align%3A+justify%3B%22%3E%3Cspan+style%3D%22font-size%3A+14pt%3B%22%3E%C3%9Agy+v%C3%A9ltem+-+az%C3%B3ta+m%C3%A1r+tudom+is+-%2C+hogy+a+Core+Audio+%C3%A9s+a+Popori+Acoustics+hangz%C3%A1sa+t%C3%B6k%C3%A9letesen+illeszkedik%2C+ez%C3%A9rt+felt%C3%A9tlen%C3%BCl+kell+tenni%C3%BCk+legal%C3%A1bb+egy+pr%C3%B3b%C3%A1t+egym%C3%A1ssal.+R%C3%A1ad%C3%A1sul+a+hangsug%C3%A1rz%C3%B3+%C3%A9s+az+igen+j%C3%B3l+siker%C3%BClt+%C3%A1llv%C3%A1nyrendszer+kin%C3%A9zete+annyira+hasonl%C3%B3%2C+hogy+neh%C3%A9z+elhinni%2C+nem+ugyanazon+ember+tervezte+mindkett%C5%91t.%3C%2Fspan%3E%3C%2Fh3%3E%0D%0A%3Cp+style%3D%22text-align%3A+center%3B%22%3E%3Cimg+class%3D%22aligncenter+size-full+wp-image-8952%22+src%3D%22https%3A%2F%2Flongkft.hu%2Faudioblog%2Fwp-content%2Fuploads%2F2020%2F11%2Fcore-audio-Popori-Acoustics-3.jpg%22+alt%3D%22core+audio+Popori+Acoustics+3%22+width%3D%22800%22+height%3D%22450%22+%2F%3E%3C%2Fp%3E%0D%0A%3Cp+style%3D%22text-align%3A+justify%3B%22%3E%3Cspan+style%3D%22font-size%3A+12pt%3B%22%3EEzut%C3%A1n+kellett+m%C3%A9g+n%C3%A9h%C3%A1ny+telefonh%C3%ADv%C3%A1s%2C+n%C3%A9mi+%C3%B6szt%C3%B6k%C3%A9l%C3%A9s%2C+hogy+j%C3%B6jj%C3%B6n+m%C3%A1r+%C3%B6ssze+az+a+bizonyos+n%C3%A1sz.+Majd+v%C3%A9gre+elj%C3%B6tt+a+nap%2C+amikor+Viktor+is%2C+Ott%C3%B3+is+felh%C3%ADvott+%C3%A9s+egym%C3%A1st%C3%B3l+f%C3%BCggetlen%C3%BCl%2C+egym%C3%A1s+h%C3%ADv%C3%A1s%C3%A1r%C3%B3l+nem+tudva+sz%C3%A1moltak+be+hatalmas+lelkesed%C3%A9ssel+a+Core+Audio+elektronika+%C3%A9s+a+Popori+Acoustics+hangsug%C3%A1rz%C3%B3+egy%C3%BCttese+%C3%A1ltal+ny%C3%BAjtott+hangr%C3%B3l.%3C%2Fspan%3E%3C%2Fp%3E%0D%0A%3Cp+style%3D%22text-align%3A+justify%3B%22%3E%3Cspan+style%3D%22font-size%3A+12pt%3B%22%3EAz+els%C5%91+tal%C3%A1lkoz%C3%A1suk+sor%C3%A1n+t%C3%B6rt%C3%A9nt+egy+elgondolkodtat%C3%B3+%C3%A9s+igen+vicces+eset+is+-+rem%C3%A9lem+nem+baj%2C+ha+le%C3%ADrom.+%C3%96ssze%C3%A1ll%C3%ADtott%C3%A1k+a+rendszert%2C+elindult+az+els%C5%91+felv%C3%A9tel+%C3%A9s+bizony+a+megsz%C3%B3lal%C3%B3+hang+nagyon+t%C3%A1vol+%C3%A1llt+att%C3%B3l%2C+amire+az+%C5%91ket+%C3%B6sszehoz%C3%B3+lelkesed%C3%A9sem+alapj%C3%A1n+sz%C3%A1m%C3%ADtottak.+Sz%C3%B3lt-sz%C3%B3lt+a+rendszer%2C+de...+Ekkor+Ott%C3%B3+lehajolt+%C3%A9s+bedugta+az+elektrosztatikus+hangsug%C3%A1rz%C3%B3kat+a+h%C3%A1l%C3%B3zatba.+Ezut%C3%A1n+v%C3%A9gre+megsz%C3%B3lalt+a+zene%2C+ami+a+jelenl%C3%A9v%C5%91k+k%C3%B6z%C3%BCl+mindenkit+leny%C5%B1g%C3%B6z%C3%B6tt.%3C%2Fspan%3E%3C%2Fp%3E%0D%0A%3Cp+style%3D%22text-align%3A+justify%3B%22%3E%3Cspan+style%3D%22font-size%3A+12pt%3B%22%3EEgy%C3%A9rtelm%C5%B1v%C3%A9+v%C3%A1lt%2C+hogy+a+teljesen+magyar+fejleszt%C3%A9s%C5%B1+%C3%A9s+gy%C3%A1rt%C3%A1s%C3%BA+komplett+rendszert+egy%C3%BCtt+kell+megmutatni+a+zenehallgat%C3%B3knak.+%C3%8Dgy+jutott+el+a+t%C3%B6rt%C3%A9net+november+14-ig%2C+amikor+is+a+meghirdetett+nyilv%C3%A1nos+bemutat%C3%B3t+a+Covid+19+miatt+sajnos+t%C3%B6r%C3%B6lt%C3%A9k%2C+majd+15-ig%2C+amely+napon+n%C3%A9h%C3%A1nyunknak+-+term%C3%A9szetesen+a+j%C3%A1rv%C3%A1ny%C3%BCgyi+szab%C3%A1lyokat+betartva+-+m%C3%A9giscsak+bemutatt%C3%A1k+a+rendszert.%3C%2Fspan%3E%3C%2Fp%3E%0D%0A%3Cp+style%3D%22text-align%3A+justify%3B%22%3E%3Cspan+style%3D%22font-size%3A+12pt%3B%22%3EMost+%C3%BAgy+kellene+folytatnom%2C+hogy+egyik+szemem+nevet%2C+a+m%C3%A1sik+meg+sajnos+s%C3%ADr%2C+de+ha+alaposabban+belegondolok%2C+tulajdonk%C3%A9ppen+mindk%C3%A9t+szemem+mosolyog.+S%C3%ADr%C3%A1sra+adhatna+ugyan+okot%2C+hogy+a+hallott+hangk%C3%A9pet+azonnal+hazahozn%C3%A1m+%C3%A9s+a+nap+24+%C3%B3r%C3%A1j%C3%A1ban+hallgatn%C3%A1m%2C+de+azt+egy+lott%C3%B3%C3%B6t%C3%B6s+n%C3%A9lk%C3%BCl+nem+tehetn%C3%A9m+meg.+Ez+a+rossz+h%C3%ADr%2C+amin+valahogy+t%C3%BAlteszem+magamat+mindaddig%2C+am%C3%ADg+nem+veszek+lott%C3%B3t+-+addig+meg+legfeljebb+n%C3%A9h%C3%A1ny+CD-met+mostant%C3%B3l+nem+fogom+meghallgatni.+Gondolom+kital%C3%A1lt%C3%A1tok+-+azokat%2C+melyeket+ma+a+tal%C3%A1lkoz%C3%B3n+meghallgattunk.%3C%2Fspan%3E%3C%2Fp%3E%0D%0A%0D%0A%3Ch3+style%3D%22text-align%3A+justify%3B%22%3E%3Cspan+style%3D%22font-size%3A+14pt%3B%22%3EInk%C3%A1bb+j%C3%B6jjenek+a+mosolyg%C3%A1sra+%C3%A9s+%C3%B6r%C3%B6mre+okot+ad%C3%B3+pozit%C3%ADvumok+a+Core+Audio+%C3%A9s+a+Popori+Acoustics+bemutat%C3%B3j%C3%A1r%C3%B3l.%3C%2Fspan%3E%3C%2Fh3%3E%0D%0A%3Cp+style%3D%22text-align%3A+justify%3B%22%3E%3Cspan+style%3D%22font-size%3A+12pt%3B%22%3ENem+szeretn%C3%A9m+%C3%A9s+nem+is+tudn%C3%A1m+kielemezni%2C+hogy+a+Core+legesleg%C3%BAjabb+elektronikai+fejleszt%C3%A9sei%2C+vagy+a+Popori+elektrosztatikus+miatt+-+netal%C3%A1n+az+%3Ca+href%3D%22https%3A%2F%2Flongkft.hu%2Faudioblog%2Fentreq-3%2F%22+target%3D%22_blank%22+rel%3D%22noopener+noreferrer%22%3E%3Cspan+style%3D%22color%3A+%23ff6600%3B%22%3EEntreq+%22patk%C3%A1nyok%22%3C%2Fspan%3E%3C%2Fa%3E+okozt%C3%A1k+-%2C+de+ma+hallottam+el%C5%91sz%C3%B6r+a+Core+bemutat%C3%B3teremben+olyan+hangk%C3%A9pet%2C+ami+nem+az+eszemnek%2C+hanem+a+lelkemnek+sz%C3%B3lt.+Nem+puszt%C3%A1n+hangok%2C+nem+v%C3%A9gtelen+mennyis%C3%A9g%C5%B1+r%C3%A9szletek+sz%C3%B3ltak%2C+hanem+zene.+Becsuktam+a+szemem%2C+v%C3%A9rnyom%C3%A1som+leesett%2C+ellazulva+a+k%C3%BCl%C3%B6nb%C3%B6z%C5%91+zen%C3%A9ken+%22lebegve%22+cs%C3%BAsztam+egyre+lejjebb+a+fotelben%2C+majd+k%C3%B6z%C3%A9pre+%C3%BClve+a+kanap%C3%A9n%2C+majd+a+kanap%C3%A9+jobb+sz%C3%A9l%C3%A9n...%3C%2Fspan%3E%3C%2Fp%3E%0D%0A%0D%0A%3Ch3+style%3D%22text-align%3A+justify%3B%22%3E%3Cspan+style%3D%22font-size%3A+14pt%3B%22%3EAz%C3%A9rt+%C3%ADrom+le+r%C3%A9szletesen+a+konkr%C3%A9t+helyeket%2C+mert+b%C3%A1r+a+k%C3%B6z%C3%A9ps%C5%91+helyen+hallgatva+alakult+ki+a+legjobb+hangt%C3%A9r%2C+az+oldals%C3%B3+helyeken+is+t%C3%A9rb%C5%91l+megsz%C3%B3lal%C3%B3%2C+igen+%C3%A9lvezetes+zen%C3%A9ben+volt+r%C3%A9sz%C3%BCnk.%3C%2Fspan%3E%3C%2Fh3%3E%0D%0A%3Cp+style%3D%22text-align%3A+justify%3B%22%3E%3Cspan+style%3D%22font-size%3A+12pt%3B%22%3ETeh%C3%A1t+cs%C3%BAsztam+lefel%C3%A9+a+fotelben%2C+amikor+is+elindult+Roger+Waters+Amused+to+Death+c.+album%C3%A1r%C3%B3l%2C+a+%22fav%C3%A1g%C3%B3s%2C+trojk%C3%A1s%22+felv%C3%A9tel.+Az+eg%C3%A9sz+albumot+k%C3%ADv%C3%BClr%C5%91l+f%C3%BAjom%2C+meghallgattam+sz%C3%A1mtalan+rendszeren%2C+%C3%ADgy+semmif%C3%A9le+meglepet%C3%A9sre+nem+sz%C3%A1m%C3%ADtottam+-+de+akkor+a+fav%C3%A1g%C3%B3+belev%C3%A1gta+fejsz%C3%A9j%C3%A9t+a+f%C3%A1ba.+Bocs%C3%A1nat%2C+de+ahhoz%2C+hogy+val%C3%B3ban+%C3%A9rz%C3%A9keltetni+tudjam%2C+azt+kell+%C3%ADrnom%2C+hogy+hatalmas+energi%C3%A1val+beleb%40szta+a+f%C3%A1ba%2C+%C3%A9n+meg+infarktust+kapva+majdnem+felugrottam.%3C%2Fspan%3E%3C%2Fp%3E%0D%0A%3Cp+style%3D%22text-align%3A+justify%3B%22%3E%3Cspan+style%3D%22font-size%3A+12pt%3B%22%3ENem+tudom%2C+l%C3%A1tt%C3%A1k-e+a+t%C3%B6bbiek%2C+de+sz%C3%B3+szerint+beros%C3%A1ltam+att%C3%B3l+a+hangt%C3%B6megt%C5%91l%2C+amit+az+a+bizonyos+fejszecsap%C3%A1s+keltett.+Nemhogy+sztatikust%C3%B3l%2C+de+semmilyen+hangsug%C3%A1rz%C3%B3t%C3%B3l%2C+semmilyen+rendszert%C5%91l+nem+hallottam+m%C3%A9g+ennyire+gyorsan+fel%C3%A9p%C3%BCl%C5%91+%C3%A9s+nyomtalanul+elt%C5%B1n%C5%91+energiat%C3%B6meget.+Ehhez+k%C3%A9pest+%28sz%C3%A1momra%29+elt%C3%B6rp%C3%BCl%2C+hogy+a+trojka+%C3%A1tmenetelekor+olyan+hangokat%2C+r%C3%A9szleteket%2C+z%C3%B6rejeket+hallottam%2C+amiket+m%C3%A9g+sohasem+vettem+%C3%A9szre%2C+majd+a+kutya+is%2C+a+r%C3%A1di%C3%B3+is+%28mint+%C3%A1lland%C3%B3+Pink+Floyd+%C3%A9s+Roger+Waters+k%C3%ADs%C3%A9r%C5%91elem%29+olyan+helyeken+sz%C3%B3laltak+meg%2C+amit+egy+igen+j%C3%B3+atmoszos+h%C3%A1zimozi+is+megirigyelne.%3C%2Fspan%3E%3C%2Fp%3E%0D%0A%3Cp+style%3D%22text-align%3A+justify%3B%22%3E%3Cspan+style%3D%22font-size%3A+12pt%3B%22%3ESorban+hallgattuk+a+zen%C3%A9ket%2C+melyek+m%C5%B1fajt%C3%B3l+f%C3%BCggetlen%C3%BCl+v%C3%A1ltottak+ki+bel%C5%91lem+%28bel%C5%91l%C3%BCnk%29+%C3%A9rzelmeket.+A+Kreol+mis%C3%A9t+hallgatva+elhaszn%C3%A1ltam+egy+csomag+N%C3%A1rciszt%2C+Sting+hangj%C3%A1t+hallva+elfelejtettem+leveg%C5%91t+venni%2C+a+Yello+egyszerre+mozgatta+meg+mindk%C3%A9t+l%C3%A1bamat%2C+Jean-Michel+Jarre+Equinoxe-%C3%A1t+szerettem+volna+teljes+eg%C3%A9sz%C3%A9ben+v%C3%A9gig%C3%A9lvezni...%3C%2Fspan%3E%3C%2Fp%3E%0D%0A%3Cp+style%3D%22text-align%3A+center%3B%22%3E%3Cimg+class%3D%22aligncenter+size-full+wp-image-8953%22+src%3D%22https%3A%2F%2Flongkft.hu%2Faudioblog%2Fwp-content%2Fuploads%2F2020%2F11%2Fcore-audio-Popori-Acoustics-2.jpg%22+alt%3D%22core+audio+Popori+Acoustics%22+width%3D%22600%22+height%3D%22454%22+%2F%3E%3C%2Fp%3E%0D%0A%0D%0A%3Ch3+style%3D%22text-align%3A+justify%3B%22%3E%3Cspan+style%3D%22font-size%3A+14pt%3B%22%3EEgy+id%C5%91+ut%C3%A1n+%C3%BAgy+d%C3%B6nt%C3%B6ttem%2C+hogy+elkezdek+a+rendszer+ellen+szurkolni%2C+%C3%A9s+csak+az%C3%A9rt+is+tal%C3%A1lok+hib%C3%A1t.+Nem+volt+egyszer%C5%B1+%22hibakeres%C5%91%22+f%C3%BCllel+hallgatni%2C+de+valahogy+csak+%C3%B6sszej%C3%B6tt+-+s%C5%91t%2C+kett%C5%91t+is+tal%C3%A1ltam%2C+ami+nem+sz%C3%A9p+dolog+t%C5%91lem%2C+de+az+objektivit%C3%A1s+megk%C3%B6veteli.%3C%2Fspan%3E%3C%2Fh3%3E%0D%0A%3Cp+style%3D%22text-align%3A+justify%3B%22%3E%3Cspan+style%3D%22font-size%3A+12pt%3B%22%3EA+hangsz%C3%ADnpad+a+k%C3%B6z%C3%A9ps%C5%91+helyen+%C3%BClve+nagyon+sz%C3%A9pen+fel%C3%A9p%C3%BClt+%C3%A9s+a+sz%C3%A9leken+is+sztatikusokt%C3%B3l+szokatlanul+eg%C3%A9sz+j%C3%B3l+%C3%A9rz%C3%A9kelhet%C5%91+volt.+Azonban+ez+a+sz%C3%ADnpad+a+hangsug%C3%A1rz%C3%B3k+el%C5%91tt+jelent+meg%2C+a+zen%C3%A9szek%2C+a+hangszerek+id%C5%91nk%C3%A9nt+t%C3%BAls%C3%A1gosan+k%C3%B6zel+ker%C3%BCltek+hozz%C3%A1nk.+Nem+tudom+%28de+sejtem%29%2C+hogy+mennyire+okolhat%C3%B3+%C3%A9rte+csak+a+szoba%2C+de+hi%C3%A1nyoltam+a+h%C3%A1ts%C3%B3+fal+%22megnyit%C3%A1s%C3%A1t%22%2C+a+hangt%C3%A9r+h%C3%A1trafel%C3%A9+t%C3%B6rt%C3%A9n%C5%91+kialak%C3%ADt%C3%A1s%C3%A1t.+%C3%9Agy+v%C3%A9lem%2C+egy+nagyobb+szob%C3%A1ban%2C+ahol+a+hangsug%C3%A1rz%C3%B3kat+jobban+el+lehet+h%C3%BAzni+a+h%C3%A1ts%C3%B3+falt%C3%B3l%2C+valamint+a+zenehallgat%C3%B3k+is+nagyobb+t%C3%A1vols%C3%A1gban+tudn%C3%A1nak+%C3%BClni+a+hangsug%C3%A1rz%C3%B3kt%C3%B3l%2C+kialakulhatna+a+h%C3%A1trafel%C3%A9+is+%C3%A9p%C3%BCl%C5%91+l%C3%A9gt%C3%A9r%2C+de+a+jelenlegi+bemutat%C3%B3teremben+nem.+%3Cem%3E%28Sr%C3%A1cok%2C+kellene+egy+nagyobb+zeneszoba.%29%3C%2Fem%3E%3C%2Fspan%3E%3C%2Fp%3E%0D%0A%3Cp+style%3D%22text-align%3A+justify%3B%22%3E%3Cspan+style%3D%22font-size%3A+12pt%3B%22%3EA+m%C3%A1sik+negat%C3%ADv+%C3%A9szrev%C3%A9telem+-+%C3%A9s+most+nagyon-nagyon+d%C3%B6g+leszek.+A+hangt%C3%B6meg%2C+a+hangszerek%2C+a+zen%C3%A9szek+teste%2C+a+basszustartom%C3%A1ny+egyszer%C5%B1en+zseni%C3%A1lis+%C3%A9s+monument%C3%A1lis+volt.+Id%C5%91nk%C3%A9nt+sz%C3%B3+szerint+gyomorba+hatol%C3%B3+volt+a+hatalmas+basszusenergia%2C+de+a+Yello-n%C3%A1l+egyszer-egyszer%2C+igaz%2C+nagyon+diszkr%C3%A9ten+ugyan%2C+de+bereccsentek+a+panelek.+%3Cem%3E%28Ott%C3%B3%2C+nem+halaszthatod+tov%C3%A1bb+a+h%C3%A1rom+paneles+v%C3%A1ltozat+befejez%C3%A9s%C3%A9t.%29%3C%2Fem%3E%3C%2Fspan%3E%3C%2Fp%3E%0D%0A%0D%0A%3Ch3+style%3D%22text-align%3A+justify%3B%22%3E%3Cspan+style%3D%22font-size%3A+14pt%3B%22%3EMost%2C+hogy+siker%C3%BClt+els%C5%91+sz%C3%A1m%C3%BA+k%C3%B6zellens%C3%A9gg%C3%A9+tenni+magamat+a+Core+%C3%A9s+Popori+Acoustics+c%C3%A9gek+%C3%B6sszes+tagja%2C+rokona%2C+bar%C3%A1tja+szem%C3%A9ben%2C+j%C3%B6jj%C3%B6n+n%C3%A9h%C3%A1ny+gondolat+arr%C3%B3l%2C+hogy+mi%C3%A9rt+mosolyog+a+m%C3%A1sik+szemem+is.%3C%2Fspan%3E%3C%2Fh3%3E%0D%0A%3Cp+style%3D%22text-align%3A+justify%3B%22%3E%3Cspan+style%3D%22font-size%3A+12pt%3B%22%3EValamikor+a+rendszerv%C3%A1lt%C3%A1s+k%C3%B6rny%C3%A9k%C3%A9n+%C3%A9s+ut%C3%A1na+sok-sok+%C3%A9vig+a+magyarorsz%C3%A1gi+hifis+%C3%A9let+a+bar%C3%A1ts%C3%A1gokr%C3%B3l%2C+a+zen%C3%A9r%C5%91l%2C+az+egym%C3%A1s+%C3%B6nzetlen+seg%C3%ADt%C3%A9s%C3%A9r%C5%91l+sz%C3%B3lt.+Ak%C3%A1r+teljesen+ismeretlen%C3%BCl+is+be%C3%A1ll%C3%ADthattunk+egym%C3%A1shoz%2C+mert+ha+elhangzott+a+b%C5%B1v%C3%B6s+sz%C3%B3%2C+hogy+%22hifi%22%2C+r%C3%B6gt%C3%B6n+tudtuk%2C+hogy+rokonlelkek+vagyunk.+Megsz%C3%A1ml%C3%A1lhatatlan+%C3%A9lm%C3%A9ny%2C+besz%C3%A9lget%C5%91s%2C+zenehallgat%C3%B3s+%28iszogat%C3%B3s%29+%C3%A9jszaka+k%C3%B6t%C5%91dik+az+eml%C3%ADtett+id%C5%91szakhoz.+%C3%89rdekes+m%C3%B3don+kialakultak+a+%22drukkercsapatok%22+-+ki+az+egyik+forgalmaz%C3%B3hoz+%C3%A9s+term%C3%A9keihez+k%C3%B6t%C5%91d%C3%B6tt%2C+ki+a+m%C3%A1sikhoz%2C+de+a+vita%2C+a+veszeked%C3%A9s%2C+egym%C3%A1s+ut%C3%A1lata%2C+len%C3%A9z%C3%A9se+abszol%C3%BAt+ismeretlen+fogalmak+voltak.%3C%2Fspan%3E%3C%2Fp%3E%0D%0A%3Cp+style%3D%22text-align%3A+justify%3B%22%3E%3Cspan+style%3D%22font-size%3A+12pt%3B%22%3E%C3%9Agy+j%C3%A1rk%C3%A1ltunk+a+k%C3%BCl%C3%B6nb%C3%B6z%C5%91+bemutat%C3%B3termekbe%2C+mintha+hazamenn%C3%A9nk.+Nem+n%C3%A9ztek+ki+minket%2C+nem+n%C3%A9zt%C3%A9k%2C+mit+vesz%C3%BCnk%2C+egy%C3%A1ltal%C3%A1n+vesz%C3%BCnk-e+valamit.+A+bemutat%C3%B3termek+%C3%BAgy+m%C5%B1k%C3%B6dtek%2C+mint+egy-egy+zenei%2C+szellemi+k%C3%B6z%C3%B6ss%C3%A9gi+h%C3%A1z.+Ez+a+fajta+hozz%C3%A1%C3%A1ll%C3%A1s+tulajdonk%C3%A9ppen+a+forgalmaz%C3%B3knak+is+kifizet%C5%91d%C5%91+volt%2C+mert+el%C5%91bb-ut%C3%B3bb+mindenkinek+%C3%B6sszegy%C5%B1lt+annyi+p%C3%A9nze%2C+hogy+vehessen+is+valamit+%C3%A9s+azt+a+kedvelt+bemutat%C3%B3teremben+k%C3%B6lt%C3%B6tte+el.+Majd+a+k%C3%B6vetkez%C5%91+k%C3%A9sz%C3%BCl%C3%A9ket+is+ott+vette%2C+majd+a+hangsug%C3%A1rz%C3%B3t%2C+stb.%3C%2Fspan%3E%3C%2Fp%3E%0D%0A%3Cp+style%3D%22text-align%3A+justify%3B%22%3E%3Cspan+style%3D%22font-size%3A+12pt%3B%22%3EAzt%C3%A1n+valami+sajnos+megv%C3%A1ltozott%2C+ridegg%C3%A9%2C+hidegg%C3%A9%2C+anyagiass%C3%A1+v%C3%A1lt+%C3%A9s+megsz%C5%B1nt+az+a+fajta+hifista+%C3%A9let%2C+hifista+%C3%B6sszetart%C3%A1s%2C+ami+annyira+sz%C3%A9pp%C3%A9+%C3%A9s+tulajdonk%C3%A9ppen+nemess%C3%A9+tette+a+min%C5%91s%C3%A9gi+zenehallgat%C3%A1s+ir%C3%A1nti+v%C3%A1gyat.%3C%2Fspan%3E%3C%2Fp%3E%0D%0A%3Cp+style%3D%22text-align%3A+justify%3B%22%3E%3Cspan+style%3D%22font-size%3A+12pt%3B%22%3ESz%C3%B3val%2C+a+m%C3%A1sik+szemem+is+nevet%2C+mert+%C3%BAgy+l%C3%A1tom%2C+%C3%ADgy+25-30+%C3%A9v+ut%C3%A1n+ism%C3%A9t+kezd+valami+hasonl%C3%B3+kialakulni%2C+mint+ami+anno+pl.+a+Datateam%2C+a+Merlin+Audio%2C+a+Zsolt+Audio+%28stb.%29+k%C3%B6r%C3%BCl+szervez%C5%91d%C3%B6tt.+A+Core+Audio+%C3%A9s+a+Popori+Acoustics+tagjai%2C+tervez%C5%91i+ugyanazzal+a+nyitotts%C3%A1ggal%2C+a+zene%2C+a+zenereproduk%C3%A1l%C3%A1s+%C3%A9s+a+zenehallgat%C3%B3%28%21%29+ir%C3%A1nti+szeretettel+%C3%A9s+tisztelettel+rendelkeznek%2C+mint+ami+anno+%C3%B6sszetartott+minket.+Nagyon+szimpatikus+volt+%28mindenki+r%C3%A9sz%C3%A9r%C5%91l%29%2C+hogy+a+bemutat%C3%B3n+%C3%B6r%C3%B6mmel+fogadt%C3%A1k+a+%3Ca+href%3D%22https%3A%2F%2Fwww.dreamaudiocomponents.hu%2F%22+target%3D%22_blank%22+rel%3D%22noopener+noreferrer%22%3E%3Cspan+style%3D%22color%3A+%23ff6600%3B%22%3EDreamaudio%3C%2Fspan%3E%3C%2Fa%3E+%22versenyen+k%C3%ADv%C3%BCl+bees%C5%91%22+%C3%A9s+hasonl%C3%B3an+nyitott%2C+hifista-bar%C3%A1t+gondolkod%C3%A1s%C3%BA+tulajdonos%C3%A1t+is%2C+aki+%C5%91szinte+lelkesed%C3%A9ssel+hallgatta+a+konkurencia+igen+j%C3%B3+hangj%C3%A1t.+Felt%C3%A9tlen%C3%BCl+meg+kell+eml%C3%ADtenem+a+%22j%C3%B3+ir%C3%A1nnyal%22+kapcsolatban+az+%3Ca+href%3D%22https%3A%2F%2Fimpressivia.hu%2F%22+target%3D%22_blank%22+rel%3D%22noopener+noreferrer%22%3E%3Cspan+style%3D%22color%3A+%23ff6600%3B%22%3EImpressivia%3C%2Fspan%3E%3C%2Fa%3E-t+is%2C+ahol+vas%C3%A1rnaponk%C3%A9nt+kellemes+hangulat%C3%BA+%C3%A9s+mindenf%C3%A9le+k%C3%B6telezetts%C3%A9gekt%C5%91l+mentes+bemutat%C3%B3kat%2C+%C3%B6sszej%C3%B6veteleket+tartanak.%3C%2Fspan%3E%3C%2Fp%3E%0D%0A%3Cp+style%3D%22text-align%3A+justify%3B%22%3E%3Cspan+style%3D%22font-size%3A+12pt%3B%22%3EA+hifist%C3%A1k+lelk%C3%A9nek+%22%C3%A1pol%C3%A1sa%22+ut%C3%A1n%2C+m%C3%A9g+mindig+van+mit+mes%C3%A9lnem%2C+mert+most+j%C3%B6n+-+bizonyos+szempontb%C3%B3l+-+a+l%C3%A9nyeg.+A+hallottak+alapj%C3%A1n+az+egyik+jelenl%C3%A9v%C5%91+zenehallgat%C3%B3+felebar%C3%A1tunk+megrendelt+mag%C3%A1nak+egy+p%C3%A1rat+a+bemutatott+Popori+hangsug%C3%A1rz%C3%B3kb%C3%B3l.+%C3%9Agy+v%C3%A9lem%2C+ett%C5%91l+nagyobb+elismer%C3%A9st+ez+a+t%C3%A9nyleg+kiemelked%C5%91en+j%C3%B3+%C3%A9s+teljes+eg%C3%A9sz%C3%A9ben+magyar+fejleszt%C3%A9s%C5%B1+hangrendszer+nem+is+kaphatott+volna.%3C%2Fspan%3E%3C%2Fp%3E%0D%0A%3Cp+style%3D%22text-align%3A+justify%3B%22%3E%3Cspan+style%3D%22font-size%3A+12pt%3B%22%3EV%C3%A9gsz%C3%B3k%C3%A9nt+pedig+nem+tudok+m%C3%A1st+%C3%ADrni%2C+mint+az+igazi+Don+Vito+Corleone+egyik+t%C3%B6k%C3%A9letesen+helyt%C3%A1ll%C3%B3+gondolat%C3%A1t+a+%3Ca+href%3D%22https%3A%2F%2Fhu.wikipedia.org%2Fwiki%2FA_Keresztapa%22+target%3D%22_blank%22+rel%3D%22noopener+noreferrer%22%3E%3Cspan+style%3D%22color%3A+%23ff6600%3B%22%3EKeresztapa%3C%2Fspan%3E%3C%2Fa%3E+c.+filmb%C5%91l%3A%3C%2Fspan%3E%3C%2Fp%3E%0D%0A%3Cp+style%3D%22text-align%3A+justify%3B%22%3E%3Cspan+style%3D%22font-size%3A+12pt%3B%22%3E%22A+nagy+emberek+nem+sz%C3%BCletnek+nagynak%2C+de+azz%C3%A1+lesznek.%22%3C%2Fspan%3E%3C%2Fp%3E&amp;source=Longaudio\"><\/a><a target=\"_blank\" class=\"gplusz\" title=\"\" rel=\"external\" href=\"https:\/\/plusone.google.com\/_\/+1\/confirm?url=https:\/\/longkft.hu\/audioblog\/mit-er-a-rendszer-ha-magyar-core-audio-popori-acoustics\/\"><\/a><a target=\"_blank\" rel=\"nofollow\" class=\"email\" href=\"mailto:?subject=Longaudio - Mit \u00e9r a rendszer, ha magyar &#8211; Core Audio + Popori Acoustics&amp;body=Kedves Bar\u00e1tom! Most olvastam a(z) Mit \u00e9r a rendszer, ha magyar &#8211; Core Audio + Popori Acoustics  c\u00edm\u0171 cikket a(z) Longaudio  oldalon. Hivatkoz\u00e1s:  https:\/\/longkft.hu\/audioblog\/mit-er-a-rendszer-ha-magyar-core-audio-popori-acoustics\/\" title=\"\"><\/a><a class=\"nyomtatas\" title=\"\" href=\"http:\/\/www.printfriendly.com\" onclick=\"window.print();return false;\"><\/a>","protected":false},"excerpt":{"rendered":"<p>English language can be selected in upper left corner (British flag).\u00a0 \u00c9letem sor\u00e1n nagyon sok becenevet kaptam, melyek r\u00f6videbb-hosszabb id\u0151re&#8230;<\/p>\n<span>Megosztom:<\/span><br><a target=\"_blank\" class=\"facebook\" title=\"\" rel=\"external\" href=\"https:\/\/www.facebook.com\/share.php?u=https:\/\/longkft.hu\/audioblog\/mit-er-a-rendszer-ha-magyar-core-audio-popori-acoustics\/&title=Mit \u00e9r a rendszer, ha magyar &#8211; Core Audio + Popori Acoustics\"><\/a><a target=\"_blank\" class=\"linkedin\" title=\"\" rel=\"external\" href=\"http:\/\/www.linkedin.com\/shareArticle?mini=true&amp;url=https%3A%2F%2Flongkft.hu%2Faudioblog%2Fmit-er-a-rendszer-ha-magyar-core-audio-popori-acoustics%2F&amp;title=Mit+%C3%A9r+a+rendszer%2C+ha+magyar+%26%238211%3B+Core+Audio+%2B+Popori+Acoustics&amp;summary=%3Cp+style%3D%22text-align%3A+justify%3B%22%3E%3Cspan+style%3D%22font-size%3A+12pt%3B%22%3E%3Cem%3EEnglish+language+can+be+selected+in+upper+left+corner+%28British+flag%29.%3C%2Fem%3E%C2%A0+%C3%89letem+sor%C3%A1n+nagyon+sok+becenevet+kaptam%2C+melyek+r%C3%B6videbb-hosszabb+id%C5%91re+r%C3%A1m+ragadtak.+Ezek+k%C3%B6z%C3%B6tt+voltak+viccesek%2C+kedvesek%2C+l%C3%A1tsz%C3%B3lag+g%C3%BAnyosak+-+sz%C3%B3val+mindenf%C3%A9le.+Egyik+kedvencem+a+%22rozoga%22%2C+amit%C2%A0+im%C3%A1dott+edz%C5%91m+ragasztott+r%C3%A1m+%C3%A9s+%C3%BCv%C3%B6lt%C3%B6tt+folyamatosan+hatalmas+hanger%C5%91vel+a+meccseinken+%28kos%C3%A1rlabda%29%2C+a+m%C3%A1sik+pedig+a+%22hossz%C3%BA%22%2C+aminek+egy+bar%C3%A1tn%C5%91m+h%C3%BAga+nevezett+el+35+%C3%A9vvel+ezel%C5%91tt.+A+mai+napon+kaptam+egy+%C3%BAjabb+%C3%A9s+bizony+igen+megtisztel%C5%91+nick-nevet+-+a+%3Ca+href%3D%22https%3A%2F%2Fwww.coreaudio.eu%2F%22+target%3D%22_blank%22+rel%3D%22noopener+noreferrer%22%3E%3Cspan+style%3D%22color%3A+%23ff6600%3B%22%3ECore+Audio%3C%2Fspan%3E%3C%2Fa%3E+%C3%A9s+a+%3Ca+href%3D%22https%3A%2F%2Fpoporiacoustics.com%2F%22+target%3D%22_blank%22+rel%3D%22noopener+noreferrer%22%3E%3Cspan+style%3D%22color%3A+%23ff6600%3B%22%3EPopori+Acoustics%3C%2Fspan%3E%3C%2Fa%3E+tagjai+kineveztek+%22keresztap%C3%A1nak%22.+Ebb%C5%91l+k%C3%B6vetkez%C5%91en+az+al%C3%A1bbiakat%2C+mint+ideiglenes+%22Don+Vito+Corleone%22+%C3%ADrom.%3C%2Fspan%3E%3C%2Fp%3E%0D%0A%3Cp+style%3D%22text-align%3A+justify%3B%22%3E%3Cspan+style%3D%22font-size%3A+12pt%3B%22%3EA+t%C3%B6rt%C3%A9net+egyik+fele+%C3%BAgy+kezd%C5%91d%C3%B6tt%2C+hogy+megalakult+Core+Audio%2C+amely+C%C3%A9g+tev%C3%A9kenys%C3%A9g%C3%A9t%2C+fejleszt%C5%91munk%C3%A1j%C3%A1t+az+els%C5%91+pillanatt%C3%B3l+figyelhettem.+Folyamatosan+%C3%A9s+nagy-nagy+lelkesed%C3%A9ssel+sz%C3%A1moltak+be+elk%C3%A9pzel%C3%A9seikr%C5%91l%2C+aktu%C3%A1lis+fejleszt%C3%A9seikr%C5%91l+-+melyek+egy+r%C3%A9sz%C3%A9t+%28na+j%C3%B3%2C+t%C3%B6bbs%C3%A9g%C3%A9t%29+nem+nagyon+%C3%A9rtettem%2C+de+lelkesen+b%C3%B3logattam.+%C3%96r%C3%B6mmel+hallgattam+meg+%C3%BAjabb+%C3%A9s+%C3%BAjabb+k%C3%A9sz%C3%BCl%C3%A9keiket%2C+melyek+mindig+egy%C3%A9rtelm%C5%B1+el%C5%91rel%C3%A9p%C3%A9st+jelentettek+a+kor%C3%A1bbiakhoz+k%C3%A9pest.+%C3%9Agy+v%C3%A9lem%2C+siker%C3%BClt+kialak%C3%ADtaniuk%C2%A0+a+C%C3%A9gre+jellemz%C5%91+hangz%C3%A1st%2C+valamint+a+C%C3%A9gre+jellemz%C5%91+k%C3%A9sz%C3%BCl%C3%A9k-+%C3%A9s+%C3%A1llv%C3%A1nydiz%C3%A1jnt.%3C%2Fspan%3E%3C%2Fp%3E%0D%0A%3Cp+style%3D%22text-align%3A+justify%3B%22%3E%3Cspan+style%3D%22font-size%3A+12pt%3B%22%3EA+t%C3%B6rt%C3%A9net+m%C3%A1sik+fele+Baj%C3%A1n+indult%2C+ahol+%3Ca+href%3D%22https%3A%2F%2Flongkft.hu%2Faudioblog%2Felektrosztatikus-hangsugarzo%2F%22+target%3D%22_blank%22+rel%3D%22noopener+noreferrer%22%3E%3Cspan+style%3D%22color%3A+%23ff6600%3B%22%3EPopori+Ott%C3%B3%3C%2Fspan%3E%3C%2Fa%3E+%C3%A9vtizedek+%C3%B3ta+%C3%A9p%C3%ADti+sztatikus+hangsug%C3%A1rz%C3%B3it%2C+valamint+menti+meg+az+eny%C3%A9szett%C5%91l+az+Audiostatic%2C+Martin+Logan+%C3%A9s+Quad+%C3%A1ltal+gy%C3%A1rtott+%22lebetegedett%22+p%C3%A9ld%C3%A1nyokat.+A+t%C3%B6bb+%C3%A9vtizedes+tapasztalat+%C3%A9s+egy+hozz%C3%A1%C3%A9rt%C5%91+diz%C3%A1jner+v%C3%A9g%C3%BCl+megsz%C3%BClte+%22A%22+Popori+elektroszatikus+hangsug%C3%A1rz%C3%B3t%2C+aminek+megsz%C3%BClet%C3%A9s%C3%A9r%C5%91l+%C3%A9s+els%C5%91+meghallgat%C3%A1s%C3%A1r%C3%B3l+kor%C3%A1bban+besz%C3%A1moltam+nektek.%3C%2Fspan%3E%3C%2Fp%3E%0D%0A%3Cp+style%3D%22text-align%3A+justify%3B%22%3E%3Cspan+style%3D%22font-size%3A+12pt%3B%22%3EA+Core+Audio+hangz%C3%A1sa%2C+k%C3%A9sz%C3%BCl%C3%A9keinek+%C3%A9s+f%C5%91leg+saj%C3%A1t+tervez%C3%A9s%C5%B1+%C3%A1llv%C3%A1nyuknak+kin%C3%A9zete%2C+valamint+az+%C3%BAj+Popori+hangsug%C3%A1rz%C3%B3+hangk%C3%A9pe%2C+annak+l%C3%A1tv%C3%A1nya+az+egyik+%C3%A9jszaka+-+alv%C3%A1s+k%C3%B6zben%2C+mert+mikor+m%C3%A1skor+-+%C3%B6sszead%C3%B3dott+bennem+%C3%A9s+reggel+lelkesen+h%C3%ADvtam+fel+mindk%C3%A9t+%22felet%22+azzal%2C+hogy+nekik+mindenk%C3%A9ppen+tal%C3%A1lkozniuk+kell.%3C%2Fspan%3E%3C%2Fp%3E%0D%0A%0D%0A%3Ch3+style%3D%22text-align%3A+justify%3B%22%3E%3Cspan+style%3D%22font-size%3A+14pt%3B%22%3E%C3%9Agy+v%C3%A9ltem+-+az%C3%B3ta+m%C3%A1r+tudom+is+-%2C+hogy+a+Core+Audio+%C3%A9s+a+Popori+Acoustics+hangz%C3%A1sa+t%C3%B6k%C3%A9letesen+illeszkedik%2C+ez%C3%A9rt+felt%C3%A9tlen%C3%BCl+kell+tenni%C3%BCk+legal%C3%A1bb+egy+pr%C3%B3b%C3%A1t+egym%C3%A1ssal.+R%C3%A1ad%C3%A1sul+a+hangsug%C3%A1rz%C3%B3+%C3%A9s+az+igen+j%C3%B3l+siker%C3%BClt+%C3%A1llv%C3%A1nyrendszer+kin%C3%A9zete+annyira+hasonl%C3%B3%2C+hogy+neh%C3%A9z+elhinni%2C+nem+ugyanazon+ember+tervezte+mindkett%C5%91t.%3C%2Fspan%3E%3C%2Fh3%3E%0D%0A%3Cp+style%3D%22text-align%3A+center%3B%22%3E%3Cimg+class%3D%22aligncenter+size-full+wp-image-8952%22+src%3D%22https%3A%2F%2Flongkft.hu%2Faudioblog%2Fwp-content%2Fuploads%2F2020%2F11%2Fcore-audio-Popori-Acoustics-3.jpg%22+alt%3D%22core+audio+Popori+Acoustics+3%22+width%3D%22800%22+height%3D%22450%22+%2F%3E%3C%2Fp%3E%0D%0A%3Cp+style%3D%22text-align%3A+justify%3B%22%3E%3Cspan+style%3D%22font-size%3A+12pt%3B%22%3EEzut%C3%A1n+kellett+m%C3%A9g+n%C3%A9h%C3%A1ny+telefonh%C3%ADv%C3%A1s%2C+n%C3%A9mi+%C3%B6szt%C3%B6k%C3%A9l%C3%A9s%2C+hogy+j%C3%B6jj%C3%B6n+m%C3%A1r+%C3%B6ssze+az+a+bizonyos+n%C3%A1sz.+Majd+v%C3%A9gre+elj%C3%B6tt+a+nap%2C+amikor+Viktor+is%2C+Ott%C3%B3+is+felh%C3%ADvott+%C3%A9s+egym%C3%A1st%C3%B3l+f%C3%BCggetlen%C3%BCl%2C+egym%C3%A1s+h%C3%ADv%C3%A1s%C3%A1r%C3%B3l+nem+tudva+sz%C3%A1moltak+be+hatalmas+lelkesed%C3%A9ssel+a+Core+Audio+elektronika+%C3%A9s+a+Popori+Acoustics+hangsug%C3%A1rz%C3%B3+egy%C3%BCttese+%C3%A1ltal+ny%C3%BAjtott+hangr%C3%B3l.%3C%2Fspan%3E%3C%2Fp%3E%0D%0A%3Cp+style%3D%22text-align%3A+justify%3B%22%3E%3Cspan+style%3D%22font-size%3A+12pt%3B%22%3EAz+els%C5%91+tal%C3%A1lkoz%C3%A1suk+sor%C3%A1n+t%C3%B6rt%C3%A9nt+egy+elgondolkodtat%C3%B3+%C3%A9s+igen+vicces+eset+is+-+rem%C3%A9lem+nem+baj%2C+ha+le%C3%ADrom.+%C3%96ssze%C3%A1ll%C3%ADtott%C3%A1k+a+rendszert%2C+elindult+az+els%C5%91+felv%C3%A9tel+%C3%A9s+bizony+a+megsz%C3%B3lal%C3%B3+hang+nagyon+t%C3%A1vol+%C3%A1llt+att%C3%B3l%2C+amire+az+%C5%91ket+%C3%B6sszehoz%C3%B3+lelkesed%C3%A9sem+alapj%C3%A1n+sz%C3%A1m%C3%ADtottak.+Sz%C3%B3lt-sz%C3%B3lt+a+rendszer%2C+de...+Ekkor+Ott%C3%B3+lehajolt+%C3%A9s+bedugta+az+elektrosztatikus+hangsug%C3%A1rz%C3%B3kat+a+h%C3%A1l%C3%B3zatba.+Ezut%C3%A1n+v%C3%A9gre+megsz%C3%B3lalt+a+zene%2C+ami+a+jelenl%C3%A9v%C5%91k+k%C3%B6z%C3%BCl+mindenkit+leny%C5%B1g%C3%B6z%C3%B6tt.%3C%2Fspan%3E%3C%2Fp%3E%0D%0A%3Cp+style%3D%22text-align%3A+justify%3B%22%3E%3Cspan+style%3D%22font-size%3A+12pt%3B%22%3EEgy%C3%A9rtelm%C5%B1v%C3%A9+v%C3%A1lt%2C+hogy+a+teljesen+magyar+fejleszt%C3%A9s%C5%B1+%C3%A9s+gy%C3%A1rt%C3%A1s%C3%BA+komplett+rendszert+egy%C3%BCtt+kell+megmutatni+a+zenehallgat%C3%B3knak.+%C3%8Dgy+jutott+el+a+t%C3%B6rt%C3%A9net+november+14-ig%2C+amikor+is+a+meghirdetett+nyilv%C3%A1nos+bemutat%C3%B3t+a+Covid+19+miatt+sajnos+t%C3%B6r%C3%B6lt%C3%A9k%2C+majd+15-ig%2C+amely+napon+n%C3%A9h%C3%A1nyunknak+-+term%C3%A9szetesen+a+j%C3%A1rv%C3%A1ny%C3%BCgyi+szab%C3%A1lyokat+betartva+-+m%C3%A9giscsak+bemutatt%C3%A1k+a+rendszert.%3C%2Fspan%3E%3C%2Fp%3E%0D%0A%3Cp+style%3D%22text-align%3A+justify%3B%22%3E%3Cspan+style%3D%22font-size%3A+12pt%3B%22%3EMost+%C3%BAgy+kellene+folytatnom%2C+hogy+egyik+szemem+nevet%2C+a+m%C3%A1sik+meg+sajnos+s%C3%ADr%2C+de+ha+alaposabban+belegondolok%2C+tulajdonk%C3%A9ppen+mindk%C3%A9t+szemem+mosolyog.+S%C3%ADr%C3%A1sra+adhatna+ugyan+okot%2C+hogy+a+hallott+hangk%C3%A9pet+azonnal+hazahozn%C3%A1m+%C3%A9s+a+nap+24+%C3%B3r%C3%A1j%C3%A1ban+hallgatn%C3%A1m%2C+de+azt+egy+lott%C3%B3%C3%B6t%C3%B6s+n%C3%A9lk%C3%BCl+nem+tehetn%C3%A9m+meg.+Ez+a+rossz+h%C3%ADr%2C+amin+valahogy+t%C3%BAlteszem+magamat+mindaddig%2C+am%C3%ADg+nem+veszek+lott%C3%B3t+-+addig+meg+legfeljebb+n%C3%A9h%C3%A1ny+CD-met+mostant%C3%B3l+nem+fogom+meghallgatni.+Gondolom+kital%C3%A1lt%C3%A1tok+-+azokat%2C+melyeket+ma+a+tal%C3%A1lkoz%C3%B3n+meghallgattunk.%3C%2Fspan%3E%3C%2Fp%3E%0D%0A%0D%0A%3Ch3+style%3D%22text-align%3A+justify%3B%22%3E%3Cspan+style%3D%22font-size%3A+14pt%3B%22%3EInk%C3%A1bb+j%C3%B6jjenek+a+mosolyg%C3%A1sra+%C3%A9s+%C3%B6r%C3%B6mre+okot+ad%C3%B3+pozit%C3%ADvumok+a+Core+Audio+%C3%A9s+a+Popori+Acoustics+bemutat%C3%B3j%C3%A1r%C3%B3l.%3C%2Fspan%3E%3C%2Fh3%3E%0D%0A%3Cp+style%3D%22text-align%3A+justify%3B%22%3E%3Cspan+style%3D%22font-size%3A+12pt%3B%22%3ENem+szeretn%C3%A9m+%C3%A9s+nem+is+tudn%C3%A1m+kielemezni%2C+hogy+a+Core+legesleg%C3%BAjabb+elektronikai+fejleszt%C3%A9sei%2C+vagy+a+Popori+elektrosztatikus+miatt+-+netal%C3%A1n+az+%3Ca+href%3D%22https%3A%2F%2Flongkft.hu%2Faudioblog%2Fentreq-3%2F%22+target%3D%22_blank%22+rel%3D%22noopener+noreferrer%22%3E%3Cspan+style%3D%22color%3A+%23ff6600%3B%22%3EEntreq+%22patk%C3%A1nyok%22%3C%2Fspan%3E%3C%2Fa%3E+okozt%C3%A1k+-%2C+de+ma+hallottam+el%C5%91sz%C3%B6r+a+Core+bemutat%C3%B3teremben+olyan+hangk%C3%A9pet%2C+ami+nem+az+eszemnek%2C+hanem+a+lelkemnek+sz%C3%B3lt.+Nem+puszt%C3%A1n+hangok%2C+nem+v%C3%A9gtelen+mennyis%C3%A9g%C5%B1+r%C3%A9szletek+sz%C3%B3ltak%2C+hanem+zene.+Becsuktam+a+szemem%2C+v%C3%A9rnyom%C3%A1som+leesett%2C+ellazulva+a+k%C3%BCl%C3%B6nb%C3%B6z%C5%91+zen%C3%A9ken+%22lebegve%22+cs%C3%BAsztam+egyre+lejjebb+a+fotelben%2C+majd+k%C3%B6z%C3%A9pre+%C3%BClve+a+kanap%C3%A9n%2C+majd+a+kanap%C3%A9+jobb+sz%C3%A9l%C3%A9n...%3C%2Fspan%3E%3C%2Fp%3E%0D%0A%0D%0A%3Ch3+style%3D%22text-align%3A+justify%3B%22%3E%3Cspan+style%3D%22font-size%3A+14pt%3B%22%3EAz%C3%A9rt+%C3%ADrom+le+r%C3%A9szletesen+a+konkr%C3%A9t+helyeket%2C+mert+b%C3%A1r+a+k%C3%B6z%C3%A9ps%C5%91+helyen+hallgatva+alakult+ki+a+legjobb+hangt%C3%A9r%2C+az+oldals%C3%B3+helyeken+is+t%C3%A9rb%C5%91l+megsz%C3%B3lal%C3%B3%2C+igen+%C3%A9lvezetes+zen%C3%A9ben+volt+r%C3%A9sz%C3%BCnk.%3C%2Fspan%3E%3C%2Fh3%3E%0D%0A%3Cp+style%3D%22text-align%3A+justify%3B%22%3E%3Cspan+style%3D%22font-size%3A+12pt%3B%22%3ETeh%C3%A1t+cs%C3%BAsztam+lefel%C3%A9+a+fotelben%2C+amikor+is+elindult+Roger+Waters+Amused+to+Death+c.+album%C3%A1r%C3%B3l%2C+a+%22fav%C3%A1g%C3%B3s%2C+trojk%C3%A1s%22+felv%C3%A9tel.+Az+eg%C3%A9sz+albumot+k%C3%ADv%C3%BClr%C5%91l+f%C3%BAjom%2C+meghallgattam+sz%C3%A1mtalan+rendszeren%2C+%C3%ADgy+semmif%C3%A9le+meglepet%C3%A9sre+nem+sz%C3%A1m%C3%ADtottam+-+de+akkor+a+fav%C3%A1g%C3%B3+belev%C3%A1gta+fejsz%C3%A9j%C3%A9t+a+f%C3%A1ba.+Bocs%C3%A1nat%2C+de+ahhoz%2C+hogy+val%C3%B3ban+%C3%A9rz%C3%A9keltetni+tudjam%2C+azt+kell+%C3%ADrnom%2C+hogy+hatalmas+energi%C3%A1val+beleb%40szta+a+f%C3%A1ba%2C+%C3%A9n+meg+infarktust+kapva+majdnem+felugrottam.%3C%2Fspan%3E%3C%2Fp%3E%0D%0A%3Cp+style%3D%22text-align%3A+justify%3B%22%3E%3Cspan+style%3D%22font-size%3A+12pt%3B%22%3ENem+tudom%2C+l%C3%A1tt%C3%A1k-e+a+t%C3%B6bbiek%2C+de+sz%C3%B3+szerint+beros%C3%A1ltam+att%C3%B3l+a+hangt%C3%B6megt%C5%91l%2C+amit+az+a+bizonyos+fejszecsap%C3%A1s+keltett.+Nemhogy+sztatikust%C3%B3l%2C+de+semmilyen+hangsug%C3%A1rz%C3%B3t%C3%B3l%2C+semmilyen+rendszert%C5%91l+nem+hallottam+m%C3%A9g+ennyire+gyorsan+fel%C3%A9p%C3%BCl%C5%91+%C3%A9s+nyomtalanul+elt%C5%B1n%C5%91+energiat%C3%B6meget.+Ehhez+k%C3%A9pest+%28sz%C3%A1momra%29+elt%C3%B6rp%C3%BCl%2C+hogy+a+trojka+%C3%A1tmenetelekor+olyan+hangokat%2C+r%C3%A9szleteket%2C+z%C3%B6rejeket+hallottam%2C+amiket+m%C3%A9g+sohasem+vettem+%C3%A9szre%2C+majd+a+kutya+is%2C+a+r%C3%A1di%C3%B3+is+%28mint+%C3%A1lland%C3%B3+Pink+Floyd+%C3%A9s+Roger+Waters+k%C3%ADs%C3%A9r%C5%91elem%29+olyan+helyeken+sz%C3%B3laltak+meg%2C+amit+egy+igen+j%C3%B3+atmoszos+h%C3%A1zimozi+is+megirigyelne.%3C%2Fspan%3E%3C%2Fp%3E%0D%0A%3Cp+style%3D%22text-align%3A+justify%3B%22%3E%3Cspan+style%3D%22font-size%3A+12pt%3B%22%3ESorban+hallgattuk+a+zen%C3%A9ket%2C+melyek+m%C5%B1fajt%C3%B3l+f%C3%BCggetlen%C3%BCl+v%C3%A1ltottak+ki+bel%C5%91lem+%28bel%C5%91l%C3%BCnk%29+%C3%A9rzelmeket.+A+Kreol+mis%C3%A9t+hallgatva+elhaszn%C3%A1ltam+egy+csomag+N%C3%A1rciszt%2C+Sting+hangj%C3%A1t+hallva+elfelejtettem+leveg%C5%91t+venni%2C+a+Yello+egyszerre+mozgatta+meg+mindk%C3%A9t+l%C3%A1bamat%2C+Jean-Michel+Jarre+Equinoxe-%C3%A1t+szerettem+volna+teljes+eg%C3%A9sz%C3%A9ben+v%C3%A9gig%C3%A9lvezni...%3C%2Fspan%3E%3C%2Fp%3E%0D%0A%3Cp+style%3D%22text-align%3A+center%3B%22%3E%3Cimg+class%3D%22aligncenter+size-full+wp-image-8953%22+src%3D%22https%3A%2F%2Flongkft.hu%2Faudioblog%2Fwp-content%2Fuploads%2F2020%2F11%2Fcore-audio-Popori-Acoustics-2.jpg%22+alt%3D%22core+audio+Popori+Acoustics%22+width%3D%22600%22+height%3D%22454%22+%2F%3E%3C%2Fp%3E%0D%0A%0D%0A%3Ch3+style%3D%22text-align%3A+justify%3B%22%3E%3Cspan+style%3D%22font-size%3A+14pt%3B%22%3EEgy+id%C5%91+ut%C3%A1n+%C3%BAgy+d%C3%B6nt%C3%B6ttem%2C+hogy+elkezdek+a+rendszer+ellen+szurkolni%2C+%C3%A9s+csak+az%C3%A9rt+is+tal%C3%A1lok+hib%C3%A1t.+Nem+volt+egyszer%C5%B1+%22hibakeres%C5%91%22+f%C3%BCllel+hallgatni%2C+de+valahogy+csak+%C3%B6sszej%C3%B6tt+-+s%C5%91t%2C+kett%C5%91t+is+tal%C3%A1ltam%2C+ami+nem+sz%C3%A9p+dolog+t%C5%91lem%2C+de+az+objektivit%C3%A1s+megk%C3%B6veteli.%3C%2Fspan%3E%3C%2Fh3%3E%0D%0A%3Cp+style%3D%22text-align%3A+justify%3B%22%3E%3Cspan+style%3D%22font-size%3A+12pt%3B%22%3EA+hangsz%C3%ADnpad+a+k%C3%B6z%C3%A9ps%C5%91+helyen+%C3%BClve+nagyon+sz%C3%A9pen+fel%C3%A9p%C3%BClt+%C3%A9s+a+sz%C3%A9leken+is+sztatikusokt%C3%B3l+szokatlanul+eg%C3%A9sz+j%C3%B3l+%C3%A9rz%C3%A9kelhet%C5%91+volt.+Azonban+ez+a+sz%C3%ADnpad+a+hangsug%C3%A1rz%C3%B3k+el%C5%91tt+jelent+meg%2C+a+zen%C3%A9szek%2C+a+hangszerek+id%C5%91nk%C3%A9nt+t%C3%BAls%C3%A1gosan+k%C3%B6zel+ker%C3%BCltek+hozz%C3%A1nk.+Nem+tudom+%28de+sejtem%29%2C+hogy+mennyire+okolhat%C3%B3+%C3%A9rte+csak+a+szoba%2C+de+hi%C3%A1nyoltam+a+h%C3%A1ts%C3%B3+fal+%22megnyit%C3%A1s%C3%A1t%22%2C+a+hangt%C3%A9r+h%C3%A1trafel%C3%A9+t%C3%B6rt%C3%A9n%C5%91+kialak%C3%ADt%C3%A1s%C3%A1t.+%C3%9Agy+v%C3%A9lem%2C+egy+nagyobb+szob%C3%A1ban%2C+ahol+a+hangsug%C3%A1rz%C3%B3kat+jobban+el+lehet+h%C3%BAzni+a+h%C3%A1ts%C3%B3+falt%C3%B3l%2C+valamint+a+zenehallgat%C3%B3k+is+nagyobb+t%C3%A1vols%C3%A1gban+tudn%C3%A1nak+%C3%BClni+a+hangsug%C3%A1rz%C3%B3kt%C3%B3l%2C+kialakulhatna+a+h%C3%A1trafel%C3%A9+is+%C3%A9p%C3%BCl%C5%91+l%C3%A9gt%C3%A9r%2C+de+a+jelenlegi+bemutat%C3%B3teremben+nem.+%3Cem%3E%28Sr%C3%A1cok%2C+kellene+egy+nagyobb+zeneszoba.%29%3C%2Fem%3E%3C%2Fspan%3E%3C%2Fp%3E%0D%0A%3Cp+style%3D%22text-align%3A+justify%3B%22%3E%3Cspan+style%3D%22font-size%3A+12pt%3B%22%3EA+m%C3%A1sik+negat%C3%ADv+%C3%A9szrev%C3%A9telem+-+%C3%A9s+most+nagyon-nagyon+d%C3%B6g+leszek.+A+hangt%C3%B6meg%2C+a+hangszerek%2C+a+zen%C3%A9szek+teste%2C+a+basszustartom%C3%A1ny+egyszer%C5%B1en+zseni%C3%A1lis+%C3%A9s+monument%C3%A1lis+volt.+Id%C5%91nk%C3%A9nt+sz%C3%B3+szerint+gyomorba+hatol%C3%B3+volt+a+hatalmas+basszusenergia%2C+de+a+Yello-n%C3%A1l+egyszer-egyszer%2C+igaz%2C+nagyon+diszkr%C3%A9ten+ugyan%2C+de+bereccsentek+a+panelek.+%3Cem%3E%28Ott%C3%B3%2C+nem+halaszthatod+tov%C3%A1bb+a+h%C3%A1rom+paneles+v%C3%A1ltozat+befejez%C3%A9s%C3%A9t.%29%3C%2Fem%3E%3C%2Fspan%3E%3C%2Fp%3E%0D%0A%0D%0A%3Ch3+style%3D%22text-align%3A+justify%3B%22%3E%3Cspan+style%3D%22font-size%3A+14pt%3B%22%3EMost%2C+hogy+siker%C3%BClt+els%C5%91+sz%C3%A1m%C3%BA+k%C3%B6zellens%C3%A9gg%C3%A9+tenni+magamat+a+Core+%C3%A9s+Popori+Acoustics+c%C3%A9gek+%C3%B6sszes+tagja%2C+rokona%2C+bar%C3%A1tja+szem%C3%A9ben%2C+j%C3%B6jj%C3%B6n+n%C3%A9h%C3%A1ny+gondolat+arr%C3%B3l%2C+hogy+mi%C3%A9rt+mosolyog+a+m%C3%A1sik+szemem+is.%3C%2Fspan%3E%3C%2Fh3%3E%0D%0A%3Cp+style%3D%22text-align%3A+justify%3B%22%3E%3Cspan+style%3D%22font-size%3A+12pt%3B%22%3EValamikor+a+rendszerv%C3%A1lt%C3%A1s+k%C3%B6rny%C3%A9k%C3%A9n+%C3%A9s+ut%C3%A1na+sok-sok+%C3%A9vig+a+magyarorsz%C3%A1gi+hifis+%C3%A9let+a+bar%C3%A1ts%C3%A1gokr%C3%B3l%2C+a+zen%C3%A9r%C5%91l%2C+az+egym%C3%A1s+%C3%B6nzetlen+seg%C3%ADt%C3%A9s%C3%A9r%C5%91l+sz%C3%B3lt.+Ak%C3%A1r+teljesen+ismeretlen%C3%BCl+is+be%C3%A1ll%C3%ADthattunk+egym%C3%A1shoz%2C+mert+ha+elhangzott+a+b%C5%B1v%C3%B6s+sz%C3%B3%2C+hogy+%22hifi%22%2C+r%C3%B6gt%C3%B6n+tudtuk%2C+hogy+rokonlelkek+vagyunk.+Megsz%C3%A1ml%C3%A1lhatatlan+%C3%A9lm%C3%A9ny%2C+besz%C3%A9lget%C5%91s%2C+zenehallgat%C3%B3s+%28iszogat%C3%B3s%29+%C3%A9jszaka+k%C3%B6t%C5%91dik+az+eml%C3%ADtett+id%C5%91szakhoz.+%C3%89rdekes+m%C3%B3don+kialakultak+a+%22drukkercsapatok%22+-+ki+az+egyik+forgalmaz%C3%B3hoz+%C3%A9s+term%C3%A9keihez+k%C3%B6t%C5%91d%C3%B6tt%2C+ki+a+m%C3%A1sikhoz%2C+de+a+vita%2C+a+veszeked%C3%A9s%2C+egym%C3%A1s+ut%C3%A1lata%2C+len%C3%A9z%C3%A9se+abszol%C3%BAt+ismeretlen+fogalmak+voltak.%3C%2Fspan%3E%3C%2Fp%3E%0D%0A%3Cp+style%3D%22text-align%3A+justify%3B%22%3E%3Cspan+style%3D%22font-size%3A+12pt%3B%22%3E%C3%9Agy+j%C3%A1rk%C3%A1ltunk+a+k%C3%BCl%C3%B6nb%C3%B6z%C5%91+bemutat%C3%B3termekbe%2C+mintha+hazamenn%C3%A9nk.+Nem+n%C3%A9ztek+ki+minket%2C+nem+n%C3%A9zt%C3%A9k%2C+mit+vesz%C3%BCnk%2C+egy%C3%A1ltal%C3%A1n+vesz%C3%BCnk-e+valamit.+A+bemutat%C3%B3termek+%C3%BAgy+m%C5%B1k%C3%B6dtek%2C+mint+egy-egy+zenei%2C+szellemi+k%C3%B6z%C3%B6ss%C3%A9gi+h%C3%A1z.+Ez+a+fajta+hozz%C3%A1%C3%A1ll%C3%A1s+tulajdonk%C3%A9ppen+a+forgalmaz%C3%B3knak+is+kifizet%C5%91d%C5%91+volt%2C+mert+el%C5%91bb-ut%C3%B3bb+mindenkinek+%C3%B6sszegy%C5%B1lt+annyi+p%C3%A9nze%2C+hogy+vehessen+is+valamit+%C3%A9s+azt+a+kedvelt+bemutat%C3%B3teremben+k%C3%B6lt%C3%B6tte+el.+Majd+a+k%C3%B6vetkez%C5%91+k%C3%A9sz%C3%BCl%C3%A9ket+is+ott+vette%2C+majd+a+hangsug%C3%A1rz%C3%B3t%2C+stb.%3C%2Fspan%3E%3C%2Fp%3E%0D%0A%3Cp+style%3D%22text-align%3A+justify%3B%22%3E%3Cspan+style%3D%22font-size%3A+12pt%3B%22%3EAzt%C3%A1n+valami+sajnos+megv%C3%A1ltozott%2C+ridegg%C3%A9%2C+hidegg%C3%A9%2C+anyagiass%C3%A1+v%C3%A1lt+%C3%A9s+megsz%C5%B1nt+az+a+fajta+hifista+%C3%A9let%2C+hifista+%C3%B6sszetart%C3%A1s%2C+ami+annyira+sz%C3%A9pp%C3%A9+%C3%A9s+tulajdonk%C3%A9ppen+nemess%C3%A9+tette+a+min%C5%91s%C3%A9gi+zenehallgat%C3%A1s+ir%C3%A1nti+v%C3%A1gyat.%3C%2Fspan%3E%3C%2Fp%3E%0D%0A%3Cp+style%3D%22text-align%3A+justify%3B%22%3E%3Cspan+style%3D%22font-size%3A+12pt%3B%22%3ESz%C3%B3val%2C+a+m%C3%A1sik+szemem+is+nevet%2C+mert+%C3%BAgy+l%C3%A1tom%2C+%C3%ADgy+25-30+%C3%A9v+ut%C3%A1n+ism%C3%A9t+kezd+valami+hasonl%C3%B3+kialakulni%2C+mint+ami+anno+pl.+a+Datateam%2C+a+Merlin+Audio%2C+a+Zsolt+Audio+%28stb.%29+k%C3%B6r%C3%BCl+szervez%C5%91d%C3%B6tt.+A+Core+Audio+%C3%A9s+a+Popori+Acoustics+tagjai%2C+tervez%C5%91i+ugyanazzal+a+nyitotts%C3%A1ggal%2C+a+zene%2C+a+zenereproduk%C3%A1l%C3%A1s+%C3%A9s+a+zenehallgat%C3%B3%28%21%29+ir%C3%A1nti+szeretettel+%C3%A9s+tisztelettel+rendelkeznek%2C+mint+ami+anno+%C3%B6sszetartott+minket.+Nagyon+szimpatikus+volt+%28mindenki+r%C3%A9sz%C3%A9r%C5%91l%29%2C+hogy+a+bemutat%C3%B3n+%C3%B6r%C3%B6mmel+fogadt%C3%A1k+a+%3Ca+href%3D%22https%3A%2F%2Fwww.dreamaudiocomponents.hu%2F%22+target%3D%22_blank%22+rel%3D%22noopener+noreferrer%22%3E%3Cspan+style%3D%22color%3A+%23ff6600%3B%22%3EDreamaudio%3C%2Fspan%3E%3C%2Fa%3E+%22versenyen+k%C3%ADv%C3%BCl+bees%C5%91%22+%C3%A9s+hasonl%C3%B3an+nyitott%2C+hifista-bar%C3%A1t+gondolkod%C3%A1s%C3%BA+tulajdonos%C3%A1t+is%2C+aki+%C5%91szinte+lelkesed%C3%A9ssel+hallgatta+a+konkurencia+igen+j%C3%B3+hangj%C3%A1t.+Felt%C3%A9tlen%C3%BCl+meg+kell+eml%C3%ADtenem+a+%22j%C3%B3+ir%C3%A1nnyal%22+kapcsolatban+az+%3Ca+href%3D%22https%3A%2F%2Fimpressivia.hu%2F%22+target%3D%22_blank%22+rel%3D%22noopener+noreferrer%22%3E%3Cspan+style%3D%22color%3A+%23ff6600%3B%22%3EImpressivia%3C%2Fspan%3E%3C%2Fa%3E-t+is%2C+ahol+vas%C3%A1rnaponk%C3%A9nt+kellemes+hangulat%C3%BA+%C3%A9s+mindenf%C3%A9le+k%C3%B6telezetts%C3%A9gekt%C5%91l+mentes+bemutat%C3%B3kat%2C+%C3%B6sszej%C3%B6veteleket+tartanak.%3C%2Fspan%3E%3C%2Fp%3E%0D%0A%3Cp+style%3D%22text-align%3A+justify%3B%22%3E%3Cspan+style%3D%22font-size%3A+12pt%3B%22%3EA+hifist%C3%A1k+lelk%C3%A9nek+%22%C3%A1pol%C3%A1sa%22+ut%C3%A1n%2C+m%C3%A9g+mindig+van+mit+mes%C3%A9lnem%2C+mert+most+j%C3%B6n+-+bizonyos+szempontb%C3%B3l+-+a+l%C3%A9nyeg.+A+hallottak+alapj%C3%A1n+az+egyik+jelenl%C3%A9v%C5%91+zenehallgat%C3%B3+felebar%C3%A1tunk+megrendelt+mag%C3%A1nak+egy+p%C3%A1rat+a+bemutatott+Popori+hangsug%C3%A1rz%C3%B3kb%C3%B3l.+%C3%9Agy+v%C3%A9lem%2C+ett%C5%91l+nagyobb+elismer%C3%A9st+ez+a+t%C3%A9nyleg+kiemelked%C5%91en+j%C3%B3+%C3%A9s+teljes+eg%C3%A9sz%C3%A9ben+magyar+fejleszt%C3%A9s%C5%B1+hangrendszer+nem+is+kaphatott+volna.%3C%2Fspan%3E%3C%2Fp%3E%0D%0A%3Cp+style%3D%22text-align%3A+justify%3B%22%3E%3Cspan+style%3D%22font-size%3A+12pt%3B%22%3EV%C3%A9gsz%C3%B3k%C3%A9nt+pedig+nem+tudok+m%C3%A1st+%C3%ADrni%2C+mint+az+igazi+Don+Vito+Corleone+egyik+t%C3%B6k%C3%A9letesen+helyt%C3%A1ll%C3%B3+gondolat%C3%A1t+a+%3Ca+href%3D%22https%3A%2F%2Fhu.wikipedia.org%2Fwiki%2FA_Keresztapa%22+target%3D%22_blank%22+rel%3D%22noopener+noreferrer%22%3E%3Cspan+style%3D%22color%3A+%23ff6600%3B%22%3EKeresztapa%3C%2Fspan%3E%3C%2Fa%3E+c.+filmb%C5%91l%3A%3C%2Fspan%3E%3C%2Fp%3E%0D%0A%3Cp+style%3D%22text-align%3A+justify%3B%22%3E%3Cspan+style%3D%22font-size%3A+12pt%3B%22%3E%22A+nagy+emberek+nem+sz%C3%BCletnek+nagynak%2C+de+azz%C3%A1+lesznek.%22%3C%2Fspan%3E%3C%2Fp%3E&amp;source=Longaudio\"><\/a><a target=\"_blank\" class=\"gplusz\" title=\"\" rel=\"external\" href=\"https:\/\/plusone.google.com\/_\/+1\/confirm?url=https:\/\/longkft.hu\/audioblog\/mit-er-a-rendszer-ha-magyar-core-audio-popori-acoustics\/\"><\/a><a target=\"_blank\" rel=\"nofollow\" class=\"email\" href=\"mailto:?subject=Longaudio - Mit \u00e9r a rendszer, ha magyar &#8211; Core Audio + Popori Acoustics&amp;body=Kedves Bar\u00e1tom! Most olvastam a(z) Mit \u00e9r a rendszer, ha magyar &#8211; Core Audio + Popori Acoustics  c\u00edm\u0171 cikket a(z) Longaudio  oldalon. Hivatkoz\u00e1s:  https:\/\/longkft.hu\/audioblog\/mit-er-a-rendszer-ha-magyar-core-audio-popori-acoustics\/\" title=\"\"><\/a><a class=\"nyomtatas\" title=\"\" href=\"http:\/\/www.printfriendly.com\" onclick=\"window.print();return false;\"><\/a>","protected":false},"author":2,"featured_media":8948,"comment_status":"open","ping_status":"closed","sticky":false,"template":"","format":"standard","meta":{"footnotes":""},"categories":[86,25,28],"tags":[75,84,98],"class_list":["post-8947","post","type-post","status-publish","format-standard","has-post-thumbnail","hentry","category-audio","category-bemutato","category-hangsugarzo","tag-sztatikus-hangsugarzo","tag-magyar-hangsugarzok","tag-magyar-hifi"],"yoast_head":"<!-- This site is optimized with the Yoast SEO plugin v27.4 - https:\/\/yoast.com\/product\/yoast-seo-wordpress\/ -->\n<title>Mit \u00e9r a rendszer, ha magyar - Core Audio + Popori Acoustics - Longaudio<\/title>\n<meta name=\"description\" content=\"A Core Audio \u00e9s a Popori Acoustics szervez\u00e9s\u00e9ben meghallgathattunk egy minden elem\u00e9ben magyar tervez\u00e9s\u0171 \u00e9s gy\u00e1rt\u00e1s\u00fa high-end rendszert.\" \/>\n<meta name=\"robots\" content=\"index, follow, max-snippet:-1, max-image-preview:large, max-video-preview:-1\" \/>\n<link rel=\"canonical\" href=\"https:\/\/longkft.hu\/audioblog\/mit-er-a-rendszer-ha-magyar-core-audio-popori-acoustics\/\" \/>\n<meta property=\"og:locale\" content=\"hu_HU\" \/>\n<meta property=\"og:type\" content=\"article\" \/>\n<meta property=\"og:title\" content=\"Mit \u00e9r a rendszer, ha magyar - Core Audio + Popori Acoustics - Longaudio\" \/>\n<meta property=\"og:description\" content=\"A Core Audio \u00e9s a Popori Acoustics szervez\u00e9s\u00e9ben meghallgathattunk egy minden elem\u00e9ben magyar tervez\u00e9s\u0171 \u00e9s gy\u00e1rt\u00e1s\u00fa high-end rendszert.\" \/>\n<meta property=\"og:url\" content=\"https:\/\/longkft.hu\/audioblog\/mit-er-a-rendszer-ha-magyar-core-audio-popori-acoustics\/\" \/>\n<meta property=\"og:site_name\" content=\"Longaudio\" \/>\n<meta property=\"article:publisher\" content=\"https:\/\/www.facebook.com\/longkft\" \/>\n<meta property=\"article:author\" content=\"https:\/\/www.facebook.com\/longkft\" \/>\n<meta property=\"article:published_time\" content=\"2020-11-16T10:22:54+00:00\" \/>\n<meta property=\"article:modified_time\" content=\"2024-06-04T17:24:16+00:00\" \/>\n<meta property=\"og:image\" content=\"https:\/\/longkft.hu\/audioblog\/wp-content\/uploads\/2020\/11\/Popori-Acoustics-nyito.jpg\" \/>\n\t<meta property=\"og:image:width\" content=\"1200\" \/>\n\t<meta property=\"og:image:height\" content=\"457\" \/>\n\t<meta property=\"og:image:type\" content=\"image\/jpeg\" \/>\n<meta name=\"author\" content=\"Long\" \/>\n<meta name=\"twitter:card\" content=\"summary_large_image\" \/>\n<meta name=\"twitter:label1\" content=\"Szerz\u0151:\" \/>\n\t<meta name=\"twitter:data1\" content=\"Long\" \/>\n\t<meta name=\"twitter:label2\" content=\"Becs\u00fclt olvas\u00e1si id\u0151\" \/>\n\t<meta name=\"twitter:data2\" content=\"9 perc\" \/>\n<script type=\"application\/ld+json\" class=\"yoast-schema-graph\">{\"@context\":\"https:\\\/\\\/schema.org\",\"@graph\":[{\"@type\":\"Article\",\"@id\":\"https:\\\/\\\/longkft.hu\\\/audioblog\\\/mit-er-a-rendszer-ha-magyar-core-audio-popori-acoustics\\\/#article\",\"isPartOf\":{\"@id\":\"https:\\\/\\\/longkft.hu\\\/audioblog\\\/mit-er-a-rendszer-ha-magyar-core-audio-popori-acoustics\\\/\"},\"author\":{\"name\":\"Long\",\"@id\":\"https:\\\/\\\/longkft.hu\\\/audioblog\\\/#\\\/schema\\\/person\\\/645cabad2d8e942354ed2caeef3aa9ea\"},\"headline\":\"Mit \u00e9r a rendszer, ha magyar &#8211; Core Audio + Popori Acoustics\",\"datePublished\":\"2020-11-16T10:22:54+00:00\",\"dateModified\":\"2024-06-04T17:24:16+00:00\",\"mainEntityOfPage\":{\"@id\":\"https:\\\/\\\/longkft.hu\\\/audioblog\\\/mit-er-a-rendszer-ha-magyar-core-audio-popori-acoustics\\\/\"},\"wordCount\":2139,\"commentCount\":3,\"publisher\":{\"@id\":\"https:\\\/\\\/longkft.hu\\\/audioblog\\\/#\\\/schema\\\/person\\\/645cabad2d8e942354ed2caeef3aa9ea\"},\"image\":{\"@id\":\"https:\\\/\\\/longkft.hu\\\/audioblog\\\/mit-er-a-rendszer-ha-magyar-core-audio-popori-acoustics\\\/#primaryimage\"},\"thumbnailUrl\":\"https:\\\/\\\/longkft.hu\\\/audioblog\\\/wp-content\\\/uploads\\\/2020\\\/11\\\/Popori-Acoustics-nyito.jpg\",\"keywords\":[\"Elektrosztatikus hangsug\u00e1rz\u00f3\",\"Magyar hangsug\u00e1rz\u00f3k\",\"Magyar hifi\"],\"articleSection\":[\"Audio\",\"Bemutat\u00f3\",\"Hangsug\u00e1rz\u00f3\"],\"inLanguage\":\"hu\",\"potentialAction\":[{\"@type\":\"CommentAction\",\"name\":\"Comment\",\"target\":[\"https:\\\/\\\/longkft.hu\\\/audioblog\\\/mit-er-a-rendszer-ha-magyar-core-audio-popori-acoustics\\\/#respond\"]}]},{\"@type\":\"WebPage\",\"@id\":\"https:\\\/\\\/longkft.hu\\\/audioblog\\\/mit-er-a-rendszer-ha-magyar-core-audio-popori-acoustics\\\/\",\"url\":\"https:\\\/\\\/longkft.hu\\\/audioblog\\\/mit-er-a-rendszer-ha-magyar-core-audio-popori-acoustics\\\/\",\"name\":\"Mit \u00e9r a rendszer, ha magyar - Core Audio + Popori Acoustics - Longaudio\",\"isPartOf\":{\"@id\":\"https:\\\/\\\/longkft.hu\\\/audioblog\\\/#website\"},\"primaryImageOfPage\":{\"@id\":\"https:\\\/\\\/longkft.hu\\\/audioblog\\\/mit-er-a-rendszer-ha-magyar-core-audio-popori-acoustics\\\/#primaryimage\"},\"image\":{\"@id\":\"https:\\\/\\\/longkft.hu\\\/audioblog\\\/mit-er-a-rendszer-ha-magyar-core-audio-popori-acoustics\\\/#primaryimage\"},\"thumbnailUrl\":\"https:\\\/\\\/longkft.hu\\\/audioblog\\\/wp-content\\\/uploads\\\/2020\\\/11\\\/Popori-Acoustics-nyito.jpg\",\"datePublished\":\"2020-11-16T10:22:54+00:00\",\"dateModified\":\"2024-06-04T17:24:16+00:00\",\"description\":\"A Core Audio \u00e9s a Popori Acoustics szervez\u00e9s\u00e9ben meghallgathattunk egy minden elem\u00e9ben magyar tervez\u00e9s\u0171 \u00e9s gy\u00e1rt\u00e1s\u00fa high-end rendszert.\",\"breadcrumb\":{\"@id\":\"https:\\\/\\\/longkft.hu\\\/audioblog\\\/mit-er-a-rendszer-ha-magyar-core-audio-popori-acoustics\\\/#breadcrumb\"},\"inLanguage\":\"hu\",\"potentialAction\":[{\"@type\":\"ReadAction\",\"target\":[\"https:\\\/\\\/longkft.hu\\\/audioblog\\\/mit-er-a-rendszer-ha-magyar-core-audio-popori-acoustics\\\/\"]}]},{\"@type\":\"ImageObject\",\"inLanguage\":\"hu\",\"@id\":\"https:\\\/\\\/longkft.hu\\\/audioblog\\\/mit-er-a-rendszer-ha-magyar-core-audio-popori-acoustics\\\/#primaryimage\",\"url\":\"https:\\\/\\\/longkft.hu\\\/audioblog\\\/wp-content\\\/uploads\\\/2020\\\/11\\\/Popori-Acoustics-nyito.jpg\",\"contentUrl\":\"https:\\\/\\\/longkft.hu\\\/audioblog\\\/wp-content\\\/uploads\\\/2020\\\/11\\\/Popori-Acoustics-nyito.jpg\",\"width\":1200,\"height\":457,\"caption\":\"core audio Popori Acoustics\"},{\"@type\":\"BreadcrumbList\",\"@id\":\"https:\\\/\\\/longkft.hu\\\/audioblog\\\/mit-er-a-rendszer-ha-magyar-core-audio-popori-acoustics\\\/#breadcrumb\",\"itemListElement\":[{\"@type\":\"ListItem\",\"position\":1,\"name\":\"Kezd\u0151oldal\",\"item\":\"https:\\\/\\\/longkft.hu\\\/audioblog\\\/\"},{\"@type\":\"ListItem\",\"position\":2,\"name\":\"Mit \u00e9r a rendszer, ha magyar &#8211; Core Audio + Popori Acoustics\"}]},{\"@type\":\"WebSite\",\"@id\":\"https:\\\/\\\/longkft.hu\\\/audioblog\\\/#website\",\"url\":\"https:\\\/\\\/longkft.hu\\\/audioblog\\\/\",\"name\":\"Longaudio\",\"description\":\"50 \u00e9v lemezgy\u0171jtem\u00e9nye \u00e9s audio k\u00e9sz\u00fcl\u00e9kei\",\"publisher\":{\"@id\":\"https:\\\/\\\/longkft.hu\\\/audioblog\\\/#\\\/schema\\\/person\\\/645cabad2d8e942354ed2caeef3aa9ea\"},\"potentialAction\":[{\"@type\":\"SearchAction\",\"target\":{\"@type\":\"EntryPoint\",\"urlTemplate\":\"https:\\\/\\\/longkft.hu\\\/audioblog\\\/?s={search_term_string}\"},\"query-input\":{\"@type\":\"PropertyValueSpecification\",\"valueRequired\":true,\"valueName\":\"search_term_string\"}}],\"inLanguage\":\"hu\"},{\"@type\":[\"Person\",\"Organization\"],\"@id\":\"https:\\\/\\\/longkft.hu\\\/audioblog\\\/#\\\/schema\\\/person\\\/645cabad2d8e942354ed2caeef3aa9ea\",\"name\":\"Long\",\"image\":{\"@type\":\"ImageObject\",\"inLanguage\":\"hu\",\"@id\":\"https:\\\/\\\/longkft.hu\\\/audioblog\\\/wp-content\\\/uploads\\\/2018\\\/01\\\/logo.jpg\",\"url\":\"https:\\\/\\\/longkft.hu\\\/audioblog\\\/wp-content\\\/uploads\\\/2018\\\/01\\\/logo.jpg\",\"contentUrl\":\"https:\\\/\\\/longkft.hu\\\/audioblog\\\/wp-content\\\/uploads\\\/2018\\\/01\\\/logo.jpg\",\"width\":240,\"height\":240,\"caption\":\"Long\"},\"logo\":{\"@id\":\"https:\\\/\\\/longkft.hu\\\/audioblog\\\/wp-content\\\/uploads\\\/2018\\\/01\\\/logo.jpg\"},\"sameAs\":[\"https:\\\/\\\/www.facebook.com\\\/longkft\",\"https:\\\/\\\/hu.pinterest.com\\\/farkas1051\\\/_saved\\\/\"],\"url\":\"https:\\\/\\\/longkft.hu\\\/audioblog\\\/author\\\/audioblogger\\\/\"}]}<\/script>\n<!-- \/ Yoast SEO plugin. -->","yoast_head_json":{"title":"Mit \u00e9r a rendszer, ha magyar - Core Audio + Popori Acoustics - Longaudio","description":"A Core Audio \u00e9s a Popori Acoustics szervez\u00e9s\u00e9ben meghallgathattunk egy minden elem\u00e9ben magyar tervez\u00e9s\u0171 \u00e9s gy\u00e1rt\u00e1s\u00fa high-end rendszert.","robots":{"index":"index","follow":"follow","max-snippet":"max-snippet:-1","max-image-preview":"max-image-preview:large","max-video-preview":"max-video-preview:-1"},"canonical":"https:\/\/longkft.hu\/audioblog\/mit-er-a-rendszer-ha-magyar-core-audio-popori-acoustics\/","og_locale":"hu_HU","og_type":"article","og_title":"Mit \u00e9r a rendszer, ha magyar - Core Audio + Popori Acoustics - Longaudio","og_description":"A Core Audio \u00e9s a Popori Acoustics szervez\u00e9s\u00e9ben meghallgathattunk egy minden elem\u00e9ben magyar tervez\u00e9s\u0171 \u00e9s gy\u00e1rt\u00e1s\u00fa high-end rendszert.","og_url":"https:\/\/longkft.hu\/audioblog\/mit-er-a-rendszer-ha-magyar-core-audio-popori-acoustics\/","og_site_name":"Longaudio","article_publisher":"https:\/\/www.facebook.com\/longkft","article_author":"https:\/\/www.facebook.com\/longkft","article_published_time":"2020-11-16T10:22:54+00:00","article_modified_time":"2024-06-04T17:24:16+00:00","og_image":[{"width":1200,"height":457,"url":"https:\/\/longkft.hu\/audioblog\/wp-content\/uploads\/2020\/11\/Popori-Acoustics-nyito.jpg","type":"image\/jpeg"}],"author":"Long","twitter_card":"summary_large_image","twitter_misc":{"Szerz\u0151:":"Long","Becs\u00fclt olvas\u00e1si id\u0151":"9 perc"},"schema":{"@context":"https:\/\/schema.org","@graph":[{"@type":"Article","@id":"https:\/\/longkft.hu\/audioblog\/mit-er-a-rendszer-ha-magyar-core-audio-popori-acoustics\/#article","isPartOf":{"@id":"https:\/\/longkft.hu\/audioblog\/mit-er-a-rendszer-ha-magyar-core-audio-popori-acoustics\/"},"author":{"name":"Long","@id":"https:\/\/longkft.hu\/audioblog\/#\/schema\/person\/645cabad2d8e942354ed2caeef3aa9ea"},"headline":"Mit \u00e9r a rendszer, ha magyar &#8211; Core Audio + Popori Acoustics","datePublished":"2020-11-16T10:22:54+00:00","dateModified":"2024-06-04T17:24:16+00:00","mainEntityOfPage":{"@id":"https:\/\/longkft.hu\/audioblog\/mit-er-a-rendszer-ha-magyar-core-audio-popori-acoustics\/"},"wordCount":2139,"commentCount":3,"publisher":{"@id":"https:\/\/longkft.hu\/audioblog\/#\/schema\/person\/645cabad2d8e942354ed2caeef3aa9ea"},"image":{"@id":"https:\/\/longkft.hu\/audioblog\/mit-er-a-rendszer-ha-magyar-core-audio-popori-acoustics\/#primaryimage"},"thumbnailUrl":"https:\/\/longkft.hu\/audioblog\/wp-content\/uploads\/2020\/11\/Popori-Acoustics-nyito.jpg","keywords":["Elektrosztatikus hangsug\u00e1rz\u00f3","Magyar hangsug\u00e1rz\u00f3k","Magyar hifi"],"articleSection":["Audio","Bemutat\u00f3","Hangsug\u00e1rz\u00f3"],"inLanguage":"hu","potentialAction":[{"@type":"CommentAction","name":"Comment","target":["https:\/\/longkft.hu\/audioblog\/mit-er-a-rendszer-ha-magyar-core-audio-popori-acoustics\/#respond"]}]},{"@type":"WebPage","@id":"https:\/\/longkft.hu\/audioblog\/mit-er-a-rendszer-ha-magyar-core-audio-popori-acoustics\/","url":"https:\/\/longkft.hu\/audioblog\/mit-er-a-rendszer-ha-magyar-core-audio-popori-acoustics\/","name":"Mit \u00e9r a rendszer, ha magyar - Core Audio + Popori Acoustics - Longaudio","isPartOf":{"@id":"https:\/\/longkft.hu\/audioblog\/#website"},"primaryImageOfPage":{"@id":"https:\/\/longkft.hu\/audioblog\/mit-er-a-rendszer-ha-magyar-core-audio-popori-acoustics\/#primaryimage"},"image":{"@id":"https:\/\/longkft.hu\/audioblog\/mit-er-a-rendszer-ha-magyar-core-audio-popori-acoustics\/#primaryimage"},"thumbnailUrl":"https:\/\/longkft.hu\/audioblog\/wp-content\/uploads\/2020\/11\/Popori-Acoustics-nyito.jpg","datePublished":"2020-11-16T10:22:54+00:00","dateModified":"2024-06-04T17:24:16+00:00","description":"A Core Audio \u00e9s a Popori Acoustics szervez\u00e9s\u00e9ben meghallgathattunk egy minden elem\u00e9ben magyar tervez\u00e9s\u0171 \u00e9s gy\u00e1rt\u00e1s\u00fa high-end rendszert.","breadcrumb":{"@id":"https:\/\/longkft.hu\/audioblog\/mit-er-a-rendszer-ha-magyar-core-audio-popori-acoustics\/#breadcrumb"},"inLanguage":"hu","potentialAction":[{"@type":"ReadAction","target":["https:\/\/longkft.hu\/audioblog\/mit-er-a-rendszer-ha-magyar-core-audio-popori-acoustics\/"]}]},{"@type":"ImageObject","inLanguage":"hu","@id":"https:\/\/longkft.hu\/audioblog\/mit-er-a-rendszer-ha-magyar-core-audio-popori-acoustics\/#primaryimage","url":"https:\/\/longkft.hu\/audioblog\/wp-content\/uploads\/2020\/11\/Popori-Acoustics-nyito.jpg","contentUrl":"https:\/\/longkft.hu\/audioblog\/wp-content\/uploads\/2020\/11\/Popori-Acoustics-nyito.jpg","width":1200,"height":457,"caption":"core audio Popori Acoustics"},{"@type":"BreadcrumbList","@id":"https:\/\/longkft.hu\/audioblog\/mit-er-a-rendszer-ha-magyar-core-audio-popori-acoustics\/#breadcrumb","itemListElement":[{"@type":"ListItem","position":1,"name":"Kezd\u0151oldal","item":"https:\/\/longkft.hu\/audioblog\/"},{"@type":"ListItem","position":2,"name":"Mit \u00e9r a rendszer, ha magyar &#8211; Core Audio + Popori Acoustics"}]},{"@type":"WebSite","@id":"https:\/\/longkft.hu\/audioblog\/#website","url":"https:\/\/longkft.hu\/audioblog\/","name":"Longaudio","description":"50 \u00e9v lemezgy\u0171jtem\u00e9nye \u00e9s audio k\u00e9sz\u00fcl\u00e9kei","publisher":{"@id":"https:\/\/longkft.hu\/audioblog\/#\/schema\/person\/645cabad2d8e942354ed2caeef3aa9ea"},"potentialAction":[{"@type":"SearchAction","target":{"@type":"EntryPoint","urlTemplate":"https:\/\/longkft.hu\/audioblog\/?s={search_term_string}"},"query-input":{"@type":"PropertyValueSpecification","valueRequired":true,"valueName":"search_term_string"}}],"inLanguage":"hu"},{"@type":["Person","Organization"],"@id":"https:\/\/longkft.hu\/audioblog\/#\/schema\/person\/645cabad2d8e942354ed2caeef3aa9ea","name":"Long","image":{"@type":"ImageObject","inLanguage":"hu","@id":"https:\/\/longkft.hu\/audioblog\/wp-content\/uploads\/2018\/01\/logo.jpg","url":"https:\/\/longkft.hu\/audioblog\/wp-content\/uploads\/2018\/01\/logo.jpg","contentUrl":"https:\/\/longkft.hu\/audioblog\/wp-content\/uploads\/2018\/01\/logo.jpg","width":240,"height":240,"caption":"Long"},"logo":{"@id":"https:\/\/longkft.hu\/audioblog\/wp-content\/uploads\/2018\/01\/logo.jpg"},"sameAs":["https:\/\/www.facebook.com\/longkft","https:\/\/hu.pinterest.com\/farkas1051\/_saved\/"],"url":"https:\/\/longkft.hu\/audioblog\/author\/audioblogger\/"}]}},"_links":{"self":[{"href":"https:\/\/longkft.hu\/audioblog\/wp-json\/wp\/v2\/posts\/8947","targetHints":{"allow":["GET"]}}],"collection":[{"href":"https:\/\/longkft.hu\/audioblog\/wp-json\/wp\/v2\/posts"}],"about":[{"href":"https:\/\/longkft.hu\/audioblog\/wp-json\/wp\/v2\/types\/post"}],"author":[{"embeddable":true,"href":"https:\/\/longkft.hu\/audioblog\/wp-json\/wp\/v2\/users\/2"}],"replies":[{"embeddable":true,"href":"https:\/\/longkft.hu\/audioblog\/wp-json\/wp\/v2\/comments?post=8947"}],"version-history":[{"count":0,"href":"https:\/\/longkft.hu\/audioblog\/wp-json\/wp\/v2\/posts\/8947\/revisions"}],"wp:featuredmedia":[{"embeddable":true,"href":"https:\/\/longkft.hu\/audioblog\/wp-json\/wp\/v2\/media\/8948"}],"wp:attachment":[{"href":"https:\/\/longkft.hu\/audioblog\/wp-json\/wp\/v2\/media?parent=8947"}],"wp:term":[{"taxonomy":"category","embeddable":true,"href":"https:\/\/longkft.hu\/audioblog\/wp-json\/wp\/v2\/categories?post=8947"},{"taxonomy":"post_tag","embeddable":true,"href":"https:\/\/longkft.hu\/audioblog\/wp-json\/wp\/v2\/tags?post=8947"}],"curies":[{"name":"wp","href":"https:\/\/api.w.org\/{rel}","templated":true}]}}