{"id":904,"date":"2016-10-12T15:24:28","date_gmt":"2016-10-12T15:24:28","guid":{"rendered":"http:\/\/longkft.hu\/audioblog\/?p=904"},"modified":"2021-02-11T16:46:27","modified_gmt":"2021-02-11T16:46:27","slug":"bergendy-beat-ablak","status":"publish","type":"post","link":"https:\/\/longkft.hu\/audioblog\/bergendy-beat-ablak\/","title":{"rendered":"Bergendy &#8211; Beat ablak"},"content":{"rendered":"<p style=\"text-align: justify;\"><span style=\"font-size: 12pt;\">Jelentkezzen, aki hallotta m\u00e1r a <span style=\"color: #ff6600;\"><a style=\"color: #ff6600;\" href=\"https:\/\/www.youtube.com\/watch?v=6Hq8_WkophE\" target=\"_blank\" rel=\"noopener\">Deep Purple \u00f6r\u00f6kbecs\u0171 &#8222;Black Night&#8221;<\/a><\/span> c. szerzem\u00e9ny\u00e9t Blood, Sweat &amp; Tears szint\u0171 f\u00fav\u00f3sszekci\u00f3val el\u0151adva, hatalmas energi\u00e1val, cs\u00e1pol\u00e1sra k\u00e9sztet\u0151 hangulattal, majd ugyanezen az albumon a Tip Toe Trou&#8217; c. tinglitanglit von\u00f3szenekarral, amit k\u00f6vet a Hair ikonikus Aquarius-a, szint\u00e9n a szenz\u00e1ci\u00f3s f\u00fav\u00f3sokkal &#8211; vagyis a Bergendy els\u0151 lemez\u00e9t.<\/span><\/p>\n<h3 style=\"text-align: justify;\"><span style=\"font-size: 12pt;\">Miel\u0151tt eljutunk ehhez az albumhoz, n\u00e9h\u00e1ny sz\u00f3 a Bergendy indul\u00e1s\u00e1r\u00f3l.<\/span><\/h3>\n<p style=\"text-align: justify;\"><span style=\"font-size: 12pt;\">A Bergendy Egy\u00fcttest 1958-ban alak\u00edtott\u00e1k meg a Bergendy testv\u00e9rek. Mint egyetemi dzsesszegy\u00fcttes deb\u00fct\u00e1ltak \u00e1m nev\u00fck akkor m\u00e9g n\u00e9mileg hosszabb volt &#8211; Marx K\u00e1roly K\u00f6zgazdas\u00e1gi Egyetem Ifj\u00fas\u00e1gi Dzsesszegy\u00fcttese. Elf\u00e1radtam, mire le\u00edrtam, meg persze elk\u00e9pzeltem, ahogy a rajong\u00f3k a koncertek hev\u00e9ben k\u00e1nt\u00e1lt\u00e1k Marx-ot (esetleg Engels-t \u00e9s Lenin-t)&#8230; 1962-ben j\u00f6tt a zseni\u00e1lis \u00f6tlet, hogy r\u00f6vid\u00edtenek, s nemes egyszer\u0171s\u00e9ggel felvett\u00e9k a Bergendy nevet. Ett\u0151l kezdve minden megv\u00e1ltozott k\u00f6r\u00fcl\u00f6tt\u00fck. \u00c1lland\u00f3 fell\u00e9p\u0151hely\u00fck lett a Budai Ifj\u00fas\u00e1gi Park, sorban k\u00e9sz\u00fcltek a r\u00e1di\u00f3 \u00e9s TV-felv\u00e9telek, k\u00eds\u00e9r\u0151zenekark\u00e9nt pedig megjelentek az els\u0151 lemezeken.<\/span><\/p>\n<h3 style=\"text-align: justify;\"><span style=\"font-size: 12pt;\">1964-ben \u00fagy d\u00f6nt\u00f6ttek, felveszik Oroszl\u00e1n Gy\u00f6rgy git\u00e1rost, s ezzel egy\u00fctt megv\u00e1ltoztatj\u00e1k zenei st\u00edlusukat, s \u00e1tnyergelnek a popszakm\u00e1ra.<\/span><\/h3>\n<p style=\"text-align: justify;\"><span style=\"font-size: 12pt;\">Ezzel egy id\u0151ben m\u00e9g Sz\u00f6r\u00e9nyi Levent\u00e9n\u00e9l is bepr\u00f3b\u00e1lkoztak, de ez a f\u00fazi\u00f3 v\u00e9g\u00fcl nem j\u00f6tt \u00f6ssze, de az ut\u00f3kor sz\u00e1m\u00e1ra fennmaradt egy k\u00f6z\u00f6s szerzem\u00e9ny\u00fck. A popos\u00edtott Bergendy innent\u0151l kezdve mindenkivel fell\u00e9pett, mindenkit k\u00eds\u00e9rt, de meg\u00e9rte, hisz 1969-ig k\u00f6rbezen\u00e9lt\u00e9k Eur\u00f3p\u00e1t. &#8217;69-ben csatlakozott a Zenekarhoz Latzin Norbert, \u00edgy imm\u00e1r 7 f\u0151re duzzadt az egy\u00fcttes, melyben minden tag mestere volt hangszer\u00e9nek, j\u00e1rtasak voltak k\u00fcl\u00f6nb\u00f6z\u0151, egym\u00e1st\u00f3l nagyon t\u00e1vol \u00e1ll\u00f3 zenei m\u0171fajokban. 1970-ben \u00faj, \u00e9nekelni is tud\u00f3 basszusgit\u00e1rost kerestek, s leltek r\u00e1 Demj\u00e9n Ferencre.<\/span><\/p>\n<p style=\"text-align: justify;\"><span style=\"font-size: 12pt;\">Telt h\u00e1zas koncertjeik, kiv\u00e1l\u00f3 zenei tud\u00e1suk ellen\u00e9re azonban m\u00e1sodvonalbeli egy\u00fcttesk\u00e9nt jegyezt\u00e9k \u0151ket. Ki akartak t\u00f6rni eme m\u00e9ltatlan szerepb\u0151l, s mindent elv\u00e1llaltak, minden\u00fctt ott voltak (tal\u00e1n pont ez volt a gond, neh\u00e9z volt \u0151ket beskatuly\u00e1zni). Nem igaz\u00e1n tudtak egys\u00e9ges rajong\u00f3t\u00e1bort maguk k\u00f6r\u00e9 szervezni \u00fagy, hogy dzsessz, rock, f\u00fazi\u00f3s, funky koncertjeiket &#8222;ny\u00e1las&#8221; popkoncertek k\u00f6vett\u00e9k, k\u00eds\u00e9rt\u00e9k <span style=\"color: #ff6600;\"><a style=\"color: #ff6600;\" href=\"http:\/\/longkft.hu\/audioblog\/tag\/koncz-zsuzsa\/\" target=\"_blank\" rel=\"noopener\">Koncz Zsuzs\u00e1t<\/a><\/span>, Katona Kl\u00e1rit, majd egy kis dzsesszrock&#8230;<\/span><\/p>\n<p style=\"text-align: justify;\"><span style=\"font-size: 12pt;\">1970-ben szerveztek egy t\u00f6bb \u00f3r\u00e1s koncertet, melyen vend\u00e9g\u00fcl l\u00e1tt\u00e1k a Hanglemezgy\u00e1r vezet\u0151s\u00e9g\u00e9t, s ahol zanz\u00e1s\u00edtva mindent bemutattak, amit tudtak, amire zeneileg k\u00e9pesek voltak. Az eredm\u00e9ny az 1971-ben megjelent Beat ablak c. album lett, melyen a Zenekar a legk\u00fcl\u00f6nf\u00e9l\u00e9bb zenei st\u00edlusokban j\u00e1tszik bergendysen, s ad el\u0151 a korszakban aktu\u00e1lis vil\u00e1gsl\u00e1gereket.<\/span><\/p>\n<p style=\"text-align: center;\"><img loading=\"lazy\" decoding=\"async\" class=\"aligncenter wp-image-903\" src=\"http:\/\/longkft.hu\/audioblog\/wp-content\/uploads\/2018\/02\/bergendy_1_eleje_2.jpg\" alt=\"bergendy\" width=\"600\" height=\"600\" srcset=\"https:\/\/longkft.hu\/audioblog\/wp-content\/uploads\/2018\/02\/bergendy_1_eleje_2.jpg 983w, https:\/\/longkft.hu\/audioblog\/wp-content\/uploads\/2018\/02\/bergendy_1_eleje_2-150x150.jpg 150w, https:\/\/longkft.hu\/audioblog\/wp-content\/uploads\/2018\/02\/bergendy_1_eleje_2-300x300.jpg 300w, https:\/\/longkft.hu\/audioblog\/wp-content\/uploads\/2018\/02\/bergendy_1_eleje_2-768x768.jpg 768w, https:\/\/longkft.hu\/audioblog\/wp-content\/uploads\/2018\/02\/bergendy_1_eleje_2-500x500.jpg 500w, https:\/\/longkft.hu\/audioblog\/wp-content\/uploads\/2018\/02\/bergendy_1_eleje_2-400x400.jpg 400w, https:\/\/longkft.hu\/audioblog\/wp-content\/uploads\/2018\/02\/bergendy_1_eleje_2-200x200.jpg 200w, https:\/\/longkft.hu\/audioblog\/wp-content\/uploads\/2018\/02\/bergendy_1_eleje_2-820x820.jpg 820w\" sizes=\"auto, (max-width: 600px) 100vw, 600px\" \/><\/p>\n<p style=\"text-align: justify;\"><span style=\"font-size: 12pt;\">Az album t\u00f6bbf\u00e9le bor\u00edt\u00f3val is megjelent, melyek k\u00f6z\u00fcl t\u00f6bb ma m\u00e1r igazi ritkas\u00e1gnak sz\u00e1m\u00edt. 1972 v\u00e9g\u00e9n j\u00f6tt ki az a sorozat, melyre m\u00e1r a Bergendy c\u00edm ker\u00fclt, s amit t\u00f6bben a Zenekar els\u0151 lemez\u00e9nek tekintenek, m\u00e1sok pedig nem. \u00dagy gondolom, b\u00e1r az albumon l\u00e9v\u0151 szerzem\u00e9nyek m\u00e1s-m\u00e1s n\u00e9vhez (nevekhez) k\u00f6t\u0151dnek, a v\u00e9gterm\u00e9k, a zene m\u00e9gis vitathatatlanul Bergendy. H\u00e9t ember egy\u00fctt zen\u00e9l\u00e9se, egy\u00fctt l\u00e9legz\u00e9se rengeteg zenei, hangz\u00e1sbeli finoms\u00e1ggal, profizmussal.<\/span><\/p>\n<p style=\"text-align: justify;\"><span style=\"color: #ff6600;\"><a style=\"color: #ff6600;\" href=\"https:\/\/www.youtube.com\/watch?v=Je7kpt2RXT8\" target=\"_blank\" rel=\"noopener\"><span style=\"font-size: 12pt;\">A Black Night-ot pedig felt\u00e9tlen\u00fcl \u00e9rdemes meghallgatni!<\/span><\/a><\/span><\/p>\n<p><span style=\"font-size: 12pt;\"><a href=\"http:\/\/longkft.hu\/audioblog\/tag\/bergendy\/\">Tov\u00e1bbi Bergendy<br \/>\n<\/a><a href=\"http:\/\/longkft.hu\/audioblog\/kategoria\/lemezkritika\/\">Tov\u00e1bbi lemezkritik\u00e1k<\/a><\/span><\/p>\n<span>Megosztom:<\/span><br><a target=\"_blank\" class=\"facebook\" title=\"\" rel=\"external\" href=\"https:\/\/www.facebook.com\/share.php?u=https:\/\/longkft.hu\/audioblog\/bergendy-beat-ablak\/&title=Bergendy &#8211; Beat ablak\"><\/a><a target=\"_blank\" class=\"linkedin\" title=\"\" rel=\"external\" href=\"http:\/\/www.linkedin.com\/shareArticle?mini=true&amp;url=https%3A%2F%2Flongkft.hu%2Faudioblog%2Fbergendy-beat-ablak%2F&amp;title=Bergendy+%26%238211%3B+Beat+ablak&amp;summary=%3Cp+style%3D%22text-align%3A+justify%3B%22%3E%3Cspan+style%3D%22font-size%3A+12pt%3B%22%3EJelentkezzen%2C+aki+hallotta+m%C3%A1r+a+%3Cspan+style%3D%22color%3A+%23ff6600%3B%22%3E%3Ca+style%3D%22color%3A+%23ff6600%3B%22+href%3D%22https%3A%2F%2Fwww.youtube.com%2Fwatch%3Fv%3D6Hq8_WkophE%22+target%3D%22_blank%22+rel%3D%22noopener%22%3EDeep+Purple+%C3%B6r%C3%B6kbecs%C5%B1+%22Black+Night%22%3C%2Fa%3E%3C%2Fspan%3E+c.+szerzem%C3%A9ny%C3%A9t+Blood%2C+Sweat+%26amp%3B+Tears+szint%C5%B1+f%C3%BAv%C3%B3sszekci%C3%B3val+el%C5%91adva%2C+hatalmas+energi%C3%A1val%2C+cs%C3%A1pol%C3%A1sra+k%C3%A9sztet%C5%91+hangulattal%2C+majd+ugyanezen+az+albumon+a+Tip+Toe+Trou%27+c.+tinglitanglit+von%C3%B3szenekarral%2C+amit+k%C3%B6vet+a+Hair+ikonikus+Aquarius-a%2C+szint%C3%A9n+a+szenz%C3%A1ci%C3%B3s+f%C3%BAv%C3%B3sokkal+-+vagyis+a+Bergendy+els%C5%91+lemez%C3%A9t.%3C%2Fspan%3E%3C%2Fp%3E%0D%0A%0D%0A%3Ch3+style%3D%22text-align%3A+justify%3B%22%3E%3Cspan+style%3D%22font-size%3A+12pt%3B%22%3EMiel%C5%91tt+eljutunk+ehhez+az+albumhoz%2C+n%C3%A9h%C3%A1ny+sz%C3%B3+a+Bergendy+indul%C3%A1s%C3%A1r%C3%B3l.%3C%2Fspan%3E%3C%2Fh3%3E%0D%0A%3Cp+style%3D%22text-align%3A+justify%3B%22%3E%3Cspan+style%3D%22font-size%3A+12pt%3B%22%3EA+Bergendy+Egy%C3%BCttest+1958-ban+alak%C3%ADtott%C3%A1k+meg+a+Bergendy+testv%C3%A9rek.+Mint+egyetemi+dzsesszegy%C3%BCttes+deb%C3%BCt%C3%A1ltak+%C3%A1m+nev%C3%BCk+akkor+m%C3%A9g+n%C3%A9mileg+hosszabb+volt+-+Marx+K%C3%A1roly+K%C3%B6zgazdas%C3%A1gi+Egyetem+Ifj%C3%BAs%C3%A1gi+Dzsesszegy%C3%BCttese.+Elf%C3%A1radtam%2C+mire+le%C3%ADrtam%2C+meg+persze+elk%C3%A9pzeltem%2C+ahogy+a+rajong%C3%B3k+a+koncertek+hev%C3%A9ben+k%C3%A1nt%C3%A1lt%C3%A1k+Marx-ot+%28esetleg+Engels-t+%C3%A9s+Lenin-t%29...+1962-ben+j%C3%B6tt+a+zseni%C3%A1lis+%C3%B6tlet%2C+hogy+r%C3%B6vid%C3%ADtenek%2C+s+nemes+egyszer%C5%B1s%C3%A9ggel+felvett%C3%A9k+a+Bergendy+nevet.+Ett%C5%91l+kezdve+minden+megv%C3%A1ltozott+k%C3%B6r%C3%BCl%C3%B6tt%C3%BCk.+%C3%81lland%C3%B3+fell%C3%A9p%C5%91hely%C3%BCk+lett+a+Budai+Ifj%C3%BAs%C3%A1gi+Park%2C+sorban+k%C3%A9sz%C3%BCltek+a+r%C3%A1di%C3%B3+%C3%A9s+TV-felv%C3%A9telek%2C+k%C3%ADs%C3%A9r%C5%91zenekark%C3%A9nt+pedig+megjelentek+az+els%C5%91+lemezeken.%3C%2Fspan%3E%3C%2Fp%3E%0D%0A%0D%0A%3Ch3+style%3D%22text-align%3A+justify%3B%22%3E%3Cspan+style%3D%22font-size%3A+12pt%3B%22%3E1964-ben+%C3%BAgy+d%C3%B6nt%C3%B6ttek%2C+felveszik+Oroszl%C3%A1n+Gy%C3%B6rgy+git%C3%A1rost%2C+s+ezzel+egy%C3%BCtt+megv%C3%A1ltoztatj%C3%A1k+zenei+st%C3%ADlusukat%2C+s+%C3%A1tnyergelnek+a+popszakm%C3%A1ra.%3C%2Fspan%3E%3C%2Fh3%3E%0D%0A%3Cp+style%3D%22text-align%3A+justify%3B%22%3E%3Cspan+style%3D%22font-size%3A+12pt%3B%22%3EEzzel+egy+id%C5%91ben+m%C3%A9g+Sz%C3%B6r%C3%A9nyi+Levent%C3%A9n%C3%A9l+is+bepr%C3%B3b%C3%A1lkoztak%2C+de+ez+a+f%C3%BAzi%C3%B3+v%C3%A9g%C3%BCl+nem+j%C3%B6tt+%C3%B6ssze%2C+de+az+ut%C3%B3kor+sz%C3%A1m%C3%A1ra+fennmaradt+egy+k%C3%B6z%C3%B6s+szerzem%C3%A9ny%C3%BCk.+A+popos%C3%ADtott+Bergendy+innent%C5%91l+kezdve+mindenkivel+fell%C3%A9pett%2C+mindenkit+k%C3%ADs%C3%A9rt%2C+de+meg%C3%A9rte%2C+hisz+1969-ig+k%C3%B6rbezen%C3%A9lt%C3%A9k+Eur%C3%B3p%C3%A1t.+%2769-ben+csatlakozott+a+Zenekarhoz+Latzin+Norbert%2C+%C3%ADgy+imm%C3%A1r+7+f%C5%91re+duzzadt+az+egy%C3%BCttes%2C+melyben+minden+tag+mestere+volt+hangszer%C3%A9nek%2C+j%C3%A1rtasak+voltak+k%C3%BCl%C3%B6nb%C3%B6z%C5%91%2C+egym%C3%A1st%C3%B3l+nagyon+t%C3%A1vol+%C3%A1ll%C3%B3+zenei+m%C5%B1fajokban.+1970-ben+%C3%BAj%2C+%C3%A9nekelni+is+tud%C3%B3+basszusgit%C3%A1rost+kerestek%2C+s+leltek+r%C3%A1+Demj%C3%A9n+Ferencre.%3C%2Fspan%3E%3C%2Fp%3E%0D%0A%3Cp+style%3D%22text-align%3A+justify%3B%22%3E%3Cspan+style%3D%22font-size%3A+12pt%3B%22%3ETelt+h%C3%A1zas+koncertjeik%2C+kiv%C3%A1l%C3%B3+zenei+tud%C3%A1suk+ellen%C3%A9re+azonban+m%C3%A1sodvonalbeli+egy%C3%BCttesk%C3%A9nt+jegyezt%C3%A9k+%C5%91ket.+Ki+akartak+t%C3%B6rni+eme+m%C3%A9ltatlan+szerepb%C5%91l%2C+s+mindent+elv%C3%A1llaltak%2C+minden%C3%BCtt+ott+voltak+%28tal%C3%A1n+pont+ez+volt+a+gond%2C+neh%C3%A9z+volt+%C5%91ket+beskatuly%C3%A1zni%29.+Nem+igaz%C3%A1n+tudtak+egys%C3%A9ges+rajong%C3%B3t%C3%A1bort+maguk+k%C3%B6r%C3%A9+szervezni+%C3%BAgy%2C+hogy+dzsessz%2C+rock%2C+f%C3%BAzi%C3%B3s%2C+funky+koncertjeiket+%22ny%C3%A1las%22+popkoncertek+k%C3%B6vett%C3%A9k%2C+k%C3%ADs%C3%A9rt%C3%A9k+%3Cspan+style%3D%22color%3A+%23ff6600%3B%22%3E%3Ca+style%3D%22color%3A+%23ff6600%3B%22+href%3D%22http%3A%2F%2Flongkft.hu%2Faudioblog%2Ftag%2Fkoncz-zsuzsa%2F%22+target%3D%22_blank%22+rel%3D%22noopener%22%3EKoncz+Zsuzs%C3%A1t%3C%2Fa%3E%3C%2Fspan%3E%2C+Katona+Kl%C3%A1rit%2C+majd+egy+kis+dzsesszrock...%3C%2Fspan%3E%3C%2Fp%3E%0D%0A%3Cp+style%3D%22text-align%3A+justify%3B%22%3E%3Cspan+style%3D%22font-size%3A+12pt%3B%22%3E1970-ben+szerveztek+egy+t%C3%B6bb+%C3%B3r%C3%A1s+koncertet%2C+melyen+vend%C3%A9g%C3%BCl+l%C3%A1tt%C3%A1k+a+Hanglemezgy%C3%A1r+vezet%C5%91s%C3%A9g%C3%A9t%2C+s+ahol+zanz%C3%A1s%C3%ADtva+mindent+bemutattak%2C+amit+tudtak%2C+amire+zeneileg+k%C3%A9pesek+voltak.+Az+eredm%C3%A9ny+az+1971-ben+megjelent+Beat+ablak+c.+album+lett%2C+melyen+a+Zenekar+a+legk%C3%BCl%C3%B6nf%C3%A9l%C3%A9bb+zenei+st%C3%ADlusokban+j%C3%A1tszik+bergendysen%2C+s+ad+el%C5%91+a+korszakban+aktu%C3%A1lis+vil%C3%A1gsl%C3%A1gereket.%3C%2Fspan%3E%3C%2Fp%3E%0D%0A%3Cp+style%3D%22text-align%3A+center%3B%22%3E%3Cimg+class%3D%22aligncenter+wp-image-903%22+src%3D%22http%3A%2F%2Flongkft.hu%2Faudioblog%2Fwp-content%2Fuploads%2F2018%2F02%2Fbergendy_1_eleje_2.jpg%22+alt%3D%22bergendy%22+width%3D%22600%22+height%3D%22600%22+%2F%3E%3C%2Fp%3E%0D%0A%3Cp+style%3D%22text-align%3A+justify%3B%22%3E%3Cspan+style%3D%22font-size%3A+12pt%3B%22%3EAz+album+t%C3%B6bbf%C3%A9le+bor%C3%ADt%C3%B3val+is+megjelent%2C+melyek+k%C3%B6z%C3%BCl+t%C3%B6bb+ma+m%C3%A1r+igazi+ritkas%C3%A1gnak+sz%C3%A1m%C3%ADt.+1972+v%C3%A9g%C3%A9n+j%C3%B6tt+ki+az+a+sorozat%2C+melyre+m%C3%A1r+a+Bergendy+c%C3%ADm+ker%C3%BClt%2C+s+amit+t%C3%B6bben+a+Zenekar+els%C5%91+lemez%C3%A9nek+tekintenek%2C+m%C3%A1sok+pedig+nem.+%C3%9Agy+gondolom%2C+b%C3%A1r+az+albumon+l%C3%A9v%C5%91+szerzem%C3%A9nyek+m%C3%A1s-m%C3%A1s+n%C3%A9vhez+%28nevekhez%29+k%C3%B6t%C5%91dnek%2C+a+v%C3%A9gterm%C3%A9k%2C+a+zene+m%C3%A9gis+vitathatatlanul+Bergendy.+H%C3%A9t+ember+egy%C3%BCtt+zen%C3%A9l%C3%A9se%2C+egy%C3%BCtt+l%C3%A9legz%C3%A9se+rengeteg+zenei%2C+hangz%C3%A1sbeli+finoms%C3%A1ggal%2C+profizmussal.%3C%2Fspan%3E%3C%2Fp%3E%0D%0A%3Cp+style%3D%22text-align%3A+justify%3B%22%3E%3Cspan+style%3D%22color%3A+%23ff6600%3B%22%3E%3Ca+style%3D%22color%3A+%23ff6600%3B%22+href%3D%22https%3A%2F%2Fwww.youtube.com%2Fwatch%3Fv%3DJe7kpt2RXT8%22+target%3D%22_blank%22+rel%3D%22noopener%22%3E%3Cspan+style%3D%22font-size%3A+12pt%3B%22%3EA+Black+Night-ot+pedig+felt%C3%A9tlen%C3%BCl+%C3%A9rdemes+meghallgatni%21%3C%2Fspan%3E%3C%2Fa%3E%3C%2Fspan%3E%3C%2Fp%3E%0D%0A%3Cspan+style%3D%22font-size%3A+12pt%3B%22%3E%3Ca+href%3D%22http%3A%2F%2Flongkft.hu%2Faudioblog%2Ftag%2Fbergendy%2F%22%3ETov%C3%A1bbi+Bergendy%0D%0A%3C%2Fa%3E%3Ca+href%3D%22http%3A%2F%2Flongkft.hu%2Faudioblog%2Fkategoria%2Flemezkritika%2F%22%3ETov%C3%A1bbi+lemezkritik%C3%A1k%3C%2Fa%3E%3C%2Fspan%3E&amp;source=Longaudio\"><\/a><a target=\"_blank\" class=\"gplusz\" title=\"\" rel=\"external\" href=\"https:\/\/plusone.google.com\/_\/+1\/confirm?url=https:\/\/longkft.hu\/audioblog\/bergendy-beat-ablak\/\"><\/a><a target=\"_blank\" rel=\"nofollow\" class=\"email\" href=\"mailto:?subject=Longaudio - Bergendy &#8211; Beat ablak&amp;body=Kedves Bar\u00e1tom! Most olvastam a(z) Bergendy &#8211; Beat ablak  c\u00edm\u0171 cikket a(z) Longaudio  oldalon. Hivatkoz\u00e1s:  https:\/\/longkft.hu\/audioblog\/bergendy-beat-ablak\/\" title=\"\"><\/a><a class=\"nyomtatas\" title=\"\" href=\"http:\/\/www.printfriendly.com\" onclick=\"window.print();return false;\"><\/a>","protected":false},"excerpt":{"rendered":"<p>Jelentkezzen, aki hallotta m\u00e1r a Deep Purple \u00f6r\u00f6kbecs\u0171 &#8222;Black Night&#8221; c. szerzem\u00e9ny\u00e9t Blood, Sweat &amp; Tears szint\u0171 f\u00fav\u00f3sszekci\u00f3val el\u0151adva, hatalmas&#8230;<\/p>\n<span>Megosztom:<\/span><br><a target=\"_blank\" class=\"facebook\" title=\"\" rel=\"external\" href=\"https:\/\/www.facebook.com\/share.php?u=https:\/\/longkft.hu\/audioblog\/bergendy-beat-ablak\/&title=Bergendy &#8211; Beat ablak\"><\/a><a target=\"_blank\" class=\"linkedin\" title=\"\" rel=\"external\" href=\"http:\/\/www.linkedin.com\/shareArticle?mini=true&amp;url=https%3A%2F%2Flongkft.hu%2Faudioblog%2Fbergendy-beat-ablak%2F&amp;title=Bergendy+%26%238211%3B+Beat+ablak&amp;summary=%3Cp+style%3D%22text-align%3A+justify%3B%22%3E%3Cspan+style%3D%22font-size%3A+12pt%3B%22%3EJelentkezzen%2C+aki+hallotta+m%C3%A1r+a+%3Cspan+style%3D%22color%3A+%23ff6600%3B%22%3E%3Ca+style%3D%22color%3A+%23ff6600%3B%22+href%3D%22https%3A%2F%2Fwww.youtube.com%2Fwatch%3Fv%3D6Hq8_WkophE%22+target%3D%22_blank%22+rel%3D%22noopener%22%3EDeep+Purple+%C3%B6r%C3%B6kbecs%C5%B1+%22Black+Night%22%3C%2Fa%3E%3C%2Fspan%3E+c.+szerzem%C3%A9ny%C3%A9t+Blood%2C+Sweat+%26amp%3B+Tears+szint%C5%B1+f%C3%BAv%C3%B3sszekci%C3%B3val+el%C5%91adva%2C+hatalmas+energi%C3%A1val%2C+cs%C3%A1pol%C3%A1sra+k%C3%A9sztet%C5%91+hangulattal%2C+majd+ugyanezen+az+albumon+a+Tip+Toe+Trou%27+c.+tinglitanglit+von%C3%B3szenekarral%2C+amit+k%C3%B6vet+a+Hair+ikonikus+Aquarius-a%2C+szint%C3%A9n+a+szenz%C3%A1ci%C3%B3s+f%C3%BAv%C3%B3sokkal+-+vagyis+a+Bergendy+els%C5%91+lemez%C3%A9t.%3C%2Fspan%3E%3C%2Fp%3E%0D%0A%0D%0A%3Ch3+style%3D%22text-align%3A+justify%3B%22%3E%3Cspan+style%3D%22font-size%3A+12pt%3B%22%3EMiel%C5%91tt+eljutunk+ehhez+az+albumhoz%2C+n%C3%A9h%C3%A1ny+sz%C3%B3+a+Bergendy+indul%C3%A1s%C3%A1r%C3%B3l.%3C%2Fspan%3E%3C%2Fh3%3E%0D%0A%3Cp+style%3D%22text-align%3A+justify%3B%22%3E%3Cspan+style%3D%22font-size%3A+12pt%3B%22%3EA+Bergendy+Egy%C3%BCttest+1958-ban+alak%C3%ADtott%C3%A1k+meg+a+Bergendy+testv%C3%A9rek.+Mint+egyetemi+dzsesszegy%C3%BCttes+deb%C3%BCt%C3%A1ltak+%C3%A1m+nev%C3%BCk+akkor+m%C3%A9g+n%C3%A9mileg+hosszabb+volt+-+Marx+K%C3%A1roly+K%C3%B6zgazdas%C3%A1gi+Egyetem+Ifj%C3%BAs%C3%A1gi+Dzsesszegy%C3%BCttese.+Elf%C3%A1radtam%2C+mire+le%C3%ADrtam%2C+meg+persze+elk%C3%A9pzeltem%2C+ahogy+a+rajong%C3%B3k+a+koncertek+hev%C3%A9ben+k%C3%A1nt%C3%A1lt%C3%A1k+Marx-ot+%28esetleg+Engels-t+%C3%A9s+Lenin-t%29...+1962-ben+j%C3%B6tt+a+zseni%C3%A1lis+%C3%B6tlet%2C+hogy+r%C3%B6vid%C3%ADtenek%2C+s+nemes+egyszer%C5%B1s%C3%A9ggel+felvett%C3%A9k+a+Bergendy+nevet.+Ett%C5%91l+kezdve+minden+megv%C3%A1ltozott+k%C3%B6r%C3%BCl%C3%B6tt%C3%BCk.+%C3%81lland%C3%B3+fell%C3%A9p%C5%91hely%C3%BCk+lett+a+Budai+Ifj%C3%BAs%C3%A1gi+Park%2C+sorban+k%C3%A9sz%C3%BCltek+a+r%C3%A1di%C3%B3+%C3%A9s+TV-felv%C3%A9telek%2C+k%C3%ADs%C3%A9r%C5%91zenekark%C3%A9nt+pedig+megjelentek+az+els%C5%91+lemezeken.%3C%2Fspan%3E%3C%2Fp%3E%0D%0A%0D%0A%3Ch3+style%3D%22text-align%3A+justify%3B%22%3E%3Cspan+style%3D%22font-size%3A+12pt%3B%22%3E1964-ben+%C3%BAgy+d%C3%B6nt%C3%B6ttek%2C+felveszik+Oroszl%C3%A1n+Gy%C3%B6rgy+git%C3%A1rost%2C+s+ezzel+egy%C3%BCtt+megv%C3%A1ltoztatj%C3%A1k+zenei+st%C3%ADlusukat%2C+s+%C3%A1tnyergelnek+a+popszakm%C3%A1ra.%3C%2Fspan%3E%3C%2Fh3%3E%0D%0A%3Cp+style%3D%22text-align%3A+justify%3B%22%3E%3Cspan+style%3D%22font-size%3A+12pt%3B%22%3EEzzel+egy+id%C5%91ben+m%C3%A9g+Sz%C3%B6r%C3%A9nyi+Levent%C3%A9n%C3%A9l+is+bepr%C3%B3b%C3%A1lkoztak%2C+de+ez+a+f%C3%BAzi%C3%B3+v%C3%A9g%C3%BCl+nem+j%C3%B6tt+%C3%B6ssze%2C+de+az+ut%C3%B3kor+sz%C3%A1m%C3%A1ra+fennmaradt+egy+k%C3%B6z%C3%B6s+szerzem%C3%A9ny%C3%BCk.+A+popos%C3%ADtott+Bergendy+innent%C5%91l+kezdve+mindenkivel+fell%C3%A9pett%2C+mindenkit+k%C3%ADs%C3%A9rt%2C+de+meg%C3%A9rte%2C+hisz+1969-ig+k%C3%B6rbezen%C3%A9lt%C3%A9k+Eur%C3%B3p%C3%A1t.+%2769-ben+csatlakozott+a+Zenekarhoz+Latzin+Norbert%2C+%C3%ADgy+imm%C3%A1r+7+f%C5%91re+duzzadt+az+egy%C3%BCttes%2C+melyben+minden+tag+mestere+volt+hangszer%C3%A9nek%2C+j%C3%A1rtasak+voltak+k%C3%BCl%C3%B6nb%C3%B6z%C5%91%2C+egym%C3%A1st%C3%B3l+nagyon+t%C3%A1vol+%C3%A1ll%C3%B3+zenei+m%C5%B1fajokban.+1970-ben+%C3%BAj%2C+%C3%A9nekelni+is+tud%C3%B3+basszusgit%C3%A1rost+kerestek%2C+s+leltek+r%C3%A1+Demj%C3%A9n+Ferencre.%3C%2Fspan%3E%3C%2Fp%3E%0D%0A%3Cp+style%3D%22text-align%3A+justify%3B%22%3E%3Cspan+style%3D%22font-size%3A+12pt%3B%22%3ETelt+h%C3%A1zas+koncertjeik%2C+kiv%C3%A1l%C3%B3+zenei+tud%C3%A1suk+ellen%C3%A9re+azonban+m%C3%A1sodvonalbeli+egy%C3%BCttesk%C3%A9nt+jegyezt%C3%A9k+%C5%91ket.+Ki+akartak+t%C3%B6rni+eme+m%C3%A9ltatlan+szerepb%C5%91l%2C+s+mindent+elv%C3%A1llaltak%2C+minden%C3%BCtt+ott+voltak+%28tal%C3%A1n+pont+ez+volt+a+gond%2C+neh%C3%A9z+volt+%C5%91ket+beskatuly%C3%A1zni%29.+Nem+igaz%C3%A1n+tudtak+egys%C3%A9ges+rajong%C3%B3t%C3%A1bort+maguk+k%C3%B6r%C3%A9+szervezni+%C3%BAgy%2C+hogy+dzsessz%2C+rock%2C+f%C3%BAzi%C3%B3s%2C+funky+koncertjeiket+%22ny%C3%A1las%22+popkoncertek+k%C3%B6vett%C3%A9k%2C+k%C3%ADs%C3%A9rt%C3%A9k+%3Cspan+style%3D%22color%3A+%23ff6600%3B%22%3E%3Ca+style%3D%22color%3A+%23ff6600%3B%22+href%3D%22http%3A%2F%2Flongkft.hu%2Faudioblog%2Ftag%2Fkoncz-zsuzsa%2F%22+target%3D%22_blank%22+rel%3D%22noopener%22%3EKoncz+Zsuzs%C3%A1t%3C%2Fa%3E%3C%2Fspan%3E%2C+Katona+Kl%C3%A1rit%2C+majd+egy+kis+dzsesszrock...%3C%2Fspan%3E%3C%2Fp%3E%0D%0A%3Cp+style%3D%22text-align%3A+justify%3B%22%3E%3Cspan+style%3D%22font-size%3A+12pt%3B%22%3E1970-ben+szerveztek+egy+t%C3%B6bb+%C3%B3r%C3%A1s+koncertet%2C+melyen+vend%C3%A9g%C3%BCl+l%C3%A1tt%C3%A1k+a+Hanglemezgy%C3%A1r+vezet%C5%91s%C3%A9g%C3%A9t%2C+s+ahol+zanz%C3%A1s%C3%ADtva+mindent+bemutattak%2C+amit+tudtak%2C+amire+zeneileg+k%C3%A9pesek+voltak.+Az+eredm%C3%A9ny+az+1971-ben+megjelent+Beat+ablak+c.+album+lett%2C+melyen+a+Zenekar+a+legk%C3%BCl%C3%B6nf%C3%A9l%C3%A9bb+zenei+st%C3%ADlusokban+j%C3%A1tszik+bergendysen%2C+s+ad+el%C5%91+a+korszakban+aktu%C3%A1lis+vil%C3%A1gsl%C3%A1gereket.%3C%2Fspan%3E%3C%2Fp%3E%0D%0A%3Cp+style%3D%22text-align%3A+center%3B%22%3E%3Cimg+class%3D%22aligncenter+wp-image-903%22+src%3D%22http%3A%2F%2Flongkft.hu%2Faudioblog%2Fwp-content%2Fuploads%2F2018%2F02%2Fbergendy_1_eleje_2.jpg%22+alt%3D%22bergendy%22+width%3D%22600%22+height%3D%22600%22+%2F%3E%3C%2Fp%3E%0D%0A%3Cp+style%3D%22text-align%3A+justify%3B%22%3E%3Cspan+style%3D%22font-size%3A+12pt%3B%22%3EAz+album+t%C3%B6bbf%C3%A9le+bor%C3%ADt%C3%B3val+is+megjelent%2C+melyek+k%C3%B6z%C3%BCl+t%C3%B6bb+ma+m%C3%A1r+igazi+ritkas%C3%A1gnak+sz%C3%A1m%C3%ADt.+1972+v%C3%A9g%C3%A9n+j%C3%B6tt+ki+az+a+sorozat%2C+melyre+m%C3%A1r+a+Bergendy+c%C3%ADm+ker%C3%BClt%2C+s+amit+t%C3%B6bben+a+Zenekar+els%C5%91+lemez%C3%A9nek+tekintenek%2C+m%C3%A1sok+pedig+nem.+%C3%9Agy+gondolom%2C+b%C3%A1r+az+albumon+l%C3%A9v%C5%91+szerzem%C3%A9nyek+m%C3%A1s-m%C3%A1s+n%C3%A9vhez+%28nevekhez%29+k%C3%B6t%C5%91dnek%2C+a+v%C3%A9gterm%C3%A9k%2C+a+zene+m%C3%A9gis+vitathatatlanul+Bergendy.+H%C3%A9t+ember+egy%C3%BCtt+zen%C3%A9l%C3%A9se%2C+egy%C3%BCtt+l%C3%A9legz%C3%A9se+rengeteg+zenei%2C+hangz%C3%A1sbeli+finoms%C3%A1ggal%2C+profizmussal.%3C%2Fspan%3E%3C%2Fp%3E%0D%0A%3Cp+style%3D%22text-align%3A+justify%3B%22%3E%3Cspan+style%3D%22color%3A+%23ff6600%3B%22%3E%3Ca+style%3D%22color%3A+%23ff6600%3B%22+href%3D%22https%3A%2F%2Fwww.youtube.com%2Fwatch%3Fv%3DJe7kpt2RXT8%22+target%3D%22_blank%22+rel%3D%22noopener%22%3E%3Cspan+style%3D%22font-size%3A+12pt%3B%22%3EA+Black+Night-ot+pedig+felt%C3%A9tlen%C3%BCl+%C3%A9rdemes+meghallgatni%21%3C%2Fspan%3E%3C%2Fa%3E%3C%2Fspan%3E%3C%2Fp%3E%0D%0A%3Cspan+style%3D%22font-size%3A+12pt%3B%22%3E%3Ca+href%3D%22http%3A%2F%2Flongkft.hu%2Faudioblog%2Ftag%2Fbergendy%2F%22%3ETov%C3%A1bbi+Bergendy%0D%0A%3C%2Fa%3E%3Ca+href%3D%22http%3A%2F%2Flongkft.hu%2Faudioblog%2Fkategoria%2Flemezkritika%2F%22%3ETov%C3%A1bbi+lemezkritik%C3%A1k%3C%2Fa%3E%3C%2Fspan%3E&amp;source=Longaudio\"><\/a><a target=\"_blank\" class=\"gplusz\" title=\"\" rel=\"external\" href=\"https:\/\/plusone.google.com\/_\/+1\/confirm?url=https:\/\/longkft.hu\/audioblog\/bergendy-beat-ablak\/\"><\/a><a target=\"_blank\" rel=\"nofollow\" class=\"email\" href=\"mailto:?subject=Longaudio - Bergendy &#8211; Beat ablak&amp;body=Kedves Bar\u00e1tom! Most olvastam a(z) Bergendy &#8211; Beat ablak  c\u00edm\u0171 cikket a(z) Longaudio  oldalon. Hivatkoz\u00e1s:  https:\/\/longkft.hu\/audioblog\/bergendy-beat-ablak\/\" title=\"\"><\/a><a class=\"nyomtatas\" title=\"\" href=\"http:\/\/www.printfriendly.com\" onclick=\"window.print();return false;\"><\/a>","protected":false},"author":2,"featured_media":902,"comment_status":"open","ping_status":"closed","sticky":false,"template":"","format":"standard","meta":{"footnotes":""},"categories":[31],"tags":[36],"class_list":["post-904","post","type-post","status-publish","format-standard","has-post-thumbnail","hentry","category-lemezkritika","tag-zenekarok"],"yoast_head":"<!-- This site is optimized with the Yoast SEO plugin v27.4 - https:\/\/yoast.com\/product\/yoast-seo-wordpress\/ -->\n<title>Bergendy - Beat ablak - Longaudio<\/title>\n<meta name=\"robots\" content=\"index, follow, max-snippet:-1, max-image-preview:large, max-video-preview:-1\" \/>\n<link rel=\"canonical\" href=\"https:\/\/longkft.hu\/audioblog\/bergendy-beat-ablak\/\" \/>\n<meta property=\"og:locale\" content=\"hu_HU\" \/>\n<meta property=\"og:type\" content=\"article\" \/>\n<meta property=\"og:title\" content=\"Bergendy - Beat ablak - Longaudio\" \/>\n<meta property=\"og:description\" content=\"Jelentkezzen, aki hallotta m\u00e1r a Deep Purple \u00f6r\u00f6kbecs\u0171 &#8222;Black Night&#8221; c. szerzem\u00e9ny\u00e9t Blood, Sweat &amp; Tears szint\u0171 f\u00fav\u00f3sszekci\u00f3val el\u0151adva, hatalmas...\" \/>\n<meta property=\"og:url\" content=\"https:\/\/longkft.hu\/audioblog\/bergendy-beat-ablak\/\" \/>\n<meta property=\"og:site_name\" content=\"Longaudio\" \/>\n<meta property=\"article:publisher\" content=\"https:\/\/www.facebook.com\/longkft\" \/>\n<meta property=\"article:author\" content=\"https:\/\/www.facebook.com\/longkft\" \/>\n<meta property=\"article:published_time\" content=\"2016-10-12T15:24:28+00:00\" \/>\n<meta property=\"article:modified_time\" content=\"2021-02-11T16:46:27+00:00\" \/>\n<meta property=\"og:image\" content=\"https:\/\/i0.wp.com\/longkft.hu\/audioblog\/wp-content\/uploads\/2018\/02\/bergendy_1_eleje.jpg?fit=983%2C983&ssl=1\" \/>\n\t<meta property=\"og:image:width\" content=\"983\" \/>\n\t<meta property=\"og:image:height\" content=\"983\" \/>\n\t<meta property=\"og:image:type\" content=\"image\/jpeg\" \/>\n<meta name=\"author\" content=\"Long\" \/>\n<meta name=\"twitter:card\" content=\"summary_large_image\" \/>\n<meta name=\"twitter:label1\" content=\"Szerz\u0151:\" \/>\n\t<meta name=\"twitter:data1\" content=\"Long\" \/>\n\t<meta name=\"twitter:label2\" content=\"Becs\u00fclt olvas\u00e1si id\u0151\" \/>\n\t<meta name=\"twitter:data2\" content=\"3 perc\" \/>\n<script type=\"application\/ld+json\" class=\"yoast-schema-graph\">{\"@context\":\"https:\\\/\\\/schema.org\",\"@graph\":[{\"@type\":\"Article\",\"@id\":\"https:\\\/\\\/longkft.hu\\\/audioblog\\\/bergendy-beat-ablak\\\/#article\",\"isPartOf\":{\"@id\":\"https:\\\/\\\/longkft.hu\\\/audioblog\\\/bergendy-beat-ablak\\\/\"},\"author\":{\"name\":\"Long\",\"@id\":\"https:\\\/\\\/longkft.hu\\\/audioblog\\\/#\\\/schema\\\/person\\\/645cabad2d8e942354ed2caeef3aa9ea\"},\"headline\":\"Bergendy &#8211; Beat ablak\",\"datePublished\":\"2016-10-12T15:24:28+00:00\",\"dateModified\":\"2021-02-11T16:46:27+00:00\",\"mainEntityOfPage\":{\"@id\":\"https:\\\/\\\/longkft.hu\\\/audioblog\\\/bergendy-beat-ablak\\\/\"},\"wordCount\":659,\"commentCount\":0,\"publisher\":{\"@id\":\"https:\\\/\\\/longkft.hu\\\/audioblog\\\/#\\\/schema\\\/person\\\/645cabad2d8e942354ed2caeef3aa9ea\"},\"image\":{\"@id\":\"https:\\\/\\\/longkft.hu\\\/audioblog\\\/bergendy-beat-ablak\\\/#primaryimage\"},\"thumbnailUrl\":\"https:\\\/\\\/longkft.hu\\\/audioblog\\\/wp-content\\\/uploads\\\/2018\\\/02\\\/bergendy_1_eleje.jpg\",\"keywords\":[\"Zenekarok\"],\"articleSection\":[\"Lemezkritika\"],\"inLanguage\":\"hu\",\"potentialAction\":[{\"@type\":\"CommentAction\",\"name\":\"Comment\",\"target\":[\"https:\\\/\\\/longkft.hu\\\/audioblog\\\/bergendy-beat-ablak\\\/#respond\"]}]},{\"@type\":\"WebPage\",\"@id\":\"https:\\\/\\\/longkft.hu\\\/audioblog\\\/bergendy-beat-ablak\\\/\",\"url\":\"https:\\\/\\\/longkft.hu\\\/audioblog\\\/bergendy-beat-ablak\\\/\",\"name\":\"Bergendy - Beat ablak - Longaudio\",\"isPartOf\":{\"@id\":\"https:\\\/\\\/longkft.hu\\\/audioblog\\\/#website\"},\"primaryImageOfPage\":{\"@id\":\"https:\\\/\\\/longkft.hu\\\/audioblog\\\/bergendy-beat-ablak\\\/#primaryimage\"},\"image\":{\"@id\":\"https:\\\/\\\/longkft.hu\\\/audioblog\\\/bergendy-beat-ablak\\\/#primaryimage\"},\"thumbnailUrl\":\"https:\\\/\\\/longkft.hu\\\/audioblog\\\/wp-content\\\/uploads\\\/2018\\\/02\\\/bergendy_1_eleje.jpg\",\"datePublished\":\"2016-10-12T15:24:28+00:00\",\"dateModified\":\"2021-02-11T16:46:27+00:00\",\"breadcrumb\":{\"@id\":\"https:\\\/\\\/longkft.hu\\\/audioblog\\\/bergendy-beat-ablak\\\/#breadcrumb\"},\"inLanguage\":\"hu\",\"potentialAction\":[{\"@type\":\"ReadAction\",\"target\":[\"https:\\\/\\\/longkft.hu\\\/audioblog\\\/bergendy-beat-ablak\\\/\"]}]},{\"@type\":\"ImageObject\",\"inLanguage\":\"hu\",\"@id\":\"https:\\\/\\\/longkft.hu\\\/audioblog\\\/bergendy-beat-ablak\\\/#primaryimage\",\"url\":\"https:\\\/\\\/longkft.hu\\\/audioblog\\\/wp-content\\\/uploads\\\/2018\\\/02\\\/bergendy_1_eleje.jpg\",\"contentUrl\":\"https:\\\/\\\/longkft.hu\\\/audioblog\\\/wp-content\\\/uploads\\\/2018\\\/02\\\/bergendy_1_eleje.jpg\",\"width\":983,\"height\":983,\"caption\":\"bergendy\"},{\"@type\":\"BreadcrumbList\",\"@id\":\"https:\\\/\\\/longkft.hu\\\/audioblog\\\/bergendy-beat-ablak\\\/#breadcrumb\",\"itemListElement\":[{\"@type\":\"ListItem\",\"position\":1,\"name\":\"Kezd\u0151oldal\",\"item\":\"https:\\\/\\\/longkft.hu\\\/audioblog\\\/\"},{\"@type\":\"ListItem\",\"position\":2,\"name\":\"Bergendy &#8211; Beat ablak\"}]},{\"@type\":\"WebSite\",\"@id\":\"https:\\\/\\\/longkft.hu\\\/audioblog\\\/#website\",\"url\":\"https:\\\/\\\/longkft.hu\\\/audioblog\\\/\",\"name\":\"Longaudio\",\"description\":\"50 \u00e9v lemezgy\u0171jtem\u00e9nye \u00e9s audio k\u00e9sz\u00fcl\u00e9kei\",\"publisher\":{\"@id\":\"https:\\\/\\\/longkft.hu\\\/audioblog\\\/#\\\/schema\\\/person\\\/645cabad2d8e942354ed2caeef3aa9ea\"},\"potentialAction\":[{\"@type\":\"SearchAction\",\"target\":{\"@type\":\"EntryPoint\",\"urlTemplate\":\"https:\\\/\\\/longkft.hu\\\/audioblog\\\/?s={search_term_string}\"},\"query-input\":{\"@type\":\"PropertyValueSpecification\",\"valueRequired\":true,\"valueName\":\"search_term_string\"}}],\"inLanguage\":\"hu\"},{\"@type\":[\"Person\",\"Organization\"],\"@id\":\"https:\\\/\\\/longkft.hu\\\/audioblog\\\/#\\\/schema\\\/person\\\/645cabad2d8e942354ed2caeef3aa9ea\",\"name\":\"Long\",\"image\":{\"@type\":\"ImageObject\",\"inLanguage\":\"hu\",\"@id\":\"https:\\\/\\\/longkft.hu\\\/audioblog\\\/wp-content\\\/uploads\\\/2018\\\/01\\\/logo.jpg\",\"url\":\"https:\\\/\\\/longkft.hu\\\/audioblog\\\/wp-content\\\/uploads\\\/2018\\\/01\\\/logo.jpg\",\"contentUrl\":\"https:\\\/\\\/longkft.hu\\\/audioblog\\\/wp-content\\\/uploads\\\/2018\\\/01\\\/logo.jpg\",\"width\":240,\"height\":240,\"caption\":\"Long\"},\"logo\":{\"@id\":\"https:\\\/\\\/longkft.hu\\\/audioblog\\\/wp-content\\\/uploads\\\/2018\\\/01\\\/logo.jpg\"},\"sameAs\":[\"https:\\\/\\\/www.facebook.com\\\/longkft\",\"https:\\\/\\\/hu.pinterest.com\\\/farkas1051\\\/_saved\\\/\"],\"url\":\"https:\\\/\\\/longkft.hu\\\/audioblog\\\/author\\\/audioblogger\\\/\"}]}<\/script>\n<!-- \/ Yoast SEO plugin. -->","yoast_head_json":{"title":"Bergendy - Beat ablak - Longaudio","robots":{"index":"index","follow":"follow","max-snippet":"max-snippet:-1","max-image-preview":"max-image-preview:large","max-video-preview":"max-video-preview:-1"},"canonical":"https:\/\/longkft.hu\/audioblog\/bergendy-beat-ablak\/","og_locale":"hu_HU","og_type":"article","og_title":"Bergendy - Beat ablak - Longaudio","og_description":"Jelentkezzen, aki hallotta m\u00e1r a Deep Purple \u00f6r\u00f6kbecs\u0171 &#8222;Black Night&#8221; c. szerzem\u00e9ny\u00e9t Blood, Sweat &amp; Tears szint\u0171 f\u00fav\u00f3sszekci\u00f3val el\u0151adva, hatalmas...","og_url":"https:\/\/longkft.hu\/audioblog\/bergendy-beat-ablak\/","og_site_name":"Longaudio","article_publisher":"https:\/\/www.facebook.com\/longkft","article_author":"https:\/\/www.facebook.com\/longkft","article_published_time":"2016-10-12T15:24:28+00:00","article_modified_time":"2021-02-11T16:46:27+00:00","og_image":[{"width":983,"height":983,"url":"https:\/\/i0.wp.com\/longkft.hu\/audioblog\/wp-content\/uploads\/2018\/02\/bergendy_1_eleje.jpg?fit=983%2C983&ssl=1","type":"image\/jpeg"}],"author":"Long","twitter_card":"summary_large_image","twitter_misc":{"Szerz\u0151:":"Long","Becs\u00fclt olvas\u00e1si id\u0151":"3 perc"},"schema":{"@context":"https:\/\/schema.org","@graph":[{"@type":"Article","@id":"https:\/\/longkft.hu\/audioblog\/bergendy-beat-ablak\/#article","isPartOf":{"@id":"https:\/\/longkft.hu\/audioblog\/bergendy-beat-ablak\/"},"author":{"name":"Long","@id":"https:\/\/longkft.hu\/audioblog\/#\/schema\/person\/645cabad2d8e942354ed2caeef3aa9ea"},"headline":"Bergendy &#8211; Beat ablak","datePublished":"2016-10-12T15:24:28+00:00","dateModified":"2021-02-11T16:46:27+00:00","mainEntityOfPage":{"@id":"https:\/\/longkft.hu\/audioblog\/bergendy-beat-ablak\/"},"wordCount":659,"commentCount":0,"publisher":{"@id":"https:\/\/longkft.hu\/audioblog\/#\/schema\/person\/645cabad2d8e942354ed2caeef3aa9ea"},"image":{"@id":"https:\/\/longkft.hu\/audioblog\/bergendy-beat-ablak\/#primaryimage"},"thumbnailUrl":"https:\/\/longkft.hu\/audioblog\/wp-content\/uploads\/2018\/02\/bergendy_1_eleje.jpg","keywords":["Zenekarok"],"articleSection":["Lemezkritika"],"inLanguage":"hu","potentialAction":[{"@type":"CommentAction","name":"Comment","target":["https:\/\/longkft.hu\/audioblog\/bergendy-beat-ablak\/#respond"]}]},{"@type":"WebPage","@id":"https:\/\/longkft.hu\/audioblog\/bergendy-beat-ablak\/","url":"https:\/\/longkft.hu\/audioblog\/bergendy-beat-ablak\/","name":"Bergendy - Beat ablak - Longaudio","isPartOf":{"@id":"https:\/\/longkft.hu\/audioblog\/#website"},"primaryImageOfPage":{"@id":"https:\/\/longkft.hu\/audioblog\/bergendy-beat-ablak\/#primaryimage"},"image":{"@id":"https:\/\/longkft.hu\/audioblog\/bergendy-beat-ablak\/#primaryimage"},"thumbnailUrl":"https:\/\/longkft.hu\/audioblog\/wp-content\/uploads\/2018\/02\/bergendy_1_eleje.jpg","datePublished":"2016-10-12T15:24:28+00:00","dateModified":"2021-02-11T16:46:27+00:00","breadcrumb":{"@id":"https:\/\/longkft.hu\/audioblog\/bergendy-beat-ablak\/#breadcrumb"},"inLanguage":"hu","potentialAction":[{"@type":"ReadAction","target":["https:\/\/longkft.hu\/audioblog\/bergendy-beat-ablak\/"]}]},{"@type":"ImageObject","inLanguage":"hu","@id":"https:\/\/longkft.hu\/audioblog\/bergendy-beat-ablak\/#primaryimage","url":"https:\/\/longkft.hu\/audioblog\/wp-content\/uploads\/2018\/02\/bergendy_1_eleje.jpg","contentUrl":"https:\/\/longkft.hu\/audioblog\/wp-content\/uploads\/2018\/02\/bergendy_1_eleje.jpg","width":983,"height":983,"caption":"bergendy"},{"@type":"BreadcrumbList","@id":"https:\/\/longkft.hu\/audioblog\/bergendy-beat-ablak\/#breadcrumb","itemListElement":[{"@type":"ListItem","position":1,"name":"Kezd\u0151oldal","item":"https:\/\/longkft.hu\/audioblog\/"},{"@type":"ListItem","position":2,"name":"Bergendy &#8211; Beat ablak"}]},{"@type":"WebSite","@id":"https:\/\/longkft.hu\/audioblog\/#website","url":"https:\/\/longkft.hu\/audioblog\/","name":"Longaudio","description":"50 \u00e9v lemezgy\u0171jtem\u00e9nye \u00e9s audio k\u00e9sz\u00fcl\u00e9kei","publisher":{"@id":"https:\/\/longkft.hu\/audioblog\/#\/schema\/person\/645cabad2d8e942354ed2caeef3aa9ea"},"potentialAction":[{"@type":"SearchAction","target":{"@type":"EntryPoint","urlTemplate":"https:\/\/longkft.hu\/audioblog\/?s={search_term_string}"},"query-input":{"@type":"PropertyValueSpecification","valueRequired":true,"valueName":"search_term_string"}}],"inLanguage":"hu"},{"@type":["Person","Organization"],"@id":"https:\/\/longkft.hu\/audioblog\/#\/schema\/person\/645cabad2d8e942354ed2caeef3aa9ea","name":"Long","image":{"@type":"ImageObject","inLanguage":"hu","@id":"https:\/\/longkft.hu\/audioblog\/wp-content\/uploads\/2018\/01\/logo.jpg","url":"https:\/\/longkft.hu\/audioblog\/wp-content\/uploads\/2018\/01\/logo.jpg","contentUrl":"https:\/\/longkft.hu\/audioblog\/wp-content\/uploads\/2018\/01\/logo.jpg","width":240,"height":240,"caption":"Long"},"logo":{"@id":"https:\/\/longkft.hu\/audioblog\/wp-content\/uploads\/2018\/01\/logo.jpg"},"sameAs":["https:\/\/www.facebook.com\/longkft","https:\/\/hu.pinterest.com\/farkas1051\/_saved\/"],"url":"https:\/\/longkft.hu\/audioblog\/author\/audioblogger\/"}]}},"_links":{"self":[{"href":"https:\/\/longkft.hu\/audioblog\/wp-json\/wp\/v2\/posts\/904","targetHints":{"allow":["GET"]}}],"collection":[{"href":"https:\/\/longkft.hu\/audioblog\/wp-json\/wp\/v2\/posts"}],"about":[{"href":"https:\/\/longkft.hu\/audioblog\/wp-json\/wp\/v2\/types\/post"}],"author":[{"embeddable":true,"href":"https:\/\/longkft.hu\/audioblog\/wp-json\/wp\/v2\/users\/2"}],"replies":[{"embeddable":true,"href":"https:\/\/longkft.hu\/audioblog\/wp-json\/wp\/v2\/comments?post=904"}],"version-history":[{"count":0,"href":"https:\/\/longkft.hu\/audioblog\/wp-json\/wp\/v2\/posts\/904\/revisions"}],"wp:featuredmedia":[{"embeddable":true,"href":"https:\/\/longkft.hu\/audioblog\/wp-json\/wp\/v2\/media\/902"}],"wp:attachment":[{"href":"https:\/\/longkft.hu\/audioblog\/wp-json\/wp\/v2\/media?parent=904"}],"wp:term":[{"taxonomy":"category","embeddable":true,"href":"https:\/\/longkft.hu\/audioblog\/wp-json\/wp\/v2\/categories?post=904"},{"taxonomy":"post_tag","embeddable":true,"href":"https:\/\/longkft.hu\/audioblog\/wp-json\/wp\/v2\/tags?post=904"}],"curies":[{"name":"wp","href":"https:\/\/api.w.org\/{rel}","templated":true}]}}