{"id":9135,"date":"2021-01-01T16:51:26","date_gmt":"2021-01-01T16:51:26","guid":{"rendered":"https:\/\/longkft.hu\/audioblog\/?p=9135"},"modified":"2021-01-01T16:51:26","modified_gmt":"2021-01-01T16:51:26","slug":"rendhagyo-bucsu-az-oevtol","status":"publish","type":"post","link":"https:\/\/longkft.hu\/audioblog\/rendhagyo-bucsu-az-oevtol\/","title":{"rendered":"Rendhagy\u00f3 b\u00facs\u00fa az \u00f3\u00e9vt\u0151l"},"content":{"rendered":"<p style=\"text-align: justify;\"><span style=\"font-size: 12pt;\">\u0150 Fanni. Fannival el\u0151sz\u00f6r a megsz\u00fclet\u00e9se napj\u00e1n tal\u00e1lkoztam \u00e9s tartottam a karomban. Majd egyszer-k\u00e9tszer seg\u00edtettem a pelenk\u00e1z\u00e1s\u00e1ban, l\u00e1ttam az els\u0151 l\u00e9p\u00e9seit, hallottam az els\u0151 szavait.<\/span><\/p>\n<p style=\"text-align: justify;\"><span style=\"font-size: 12pt;\">M\u00e1ig sem \u00e9rtem hogyan m\u00falhatott el ennyire gyorsan az id\u0151, de a tegnap m\u00e9g a karomban tartott \u00fajsz\u00fcl\u00f6tt ma m\u00e1r nem &#8222;csup\u00e1n&#8221; a bar\u00e1taim gyermeke, hanem a bar\u00e1tom. Orvos lett bel\u0151le, aki minden nap ott van, ahova mi nem szeretn\u00e9nk ker\u00fclni, minden nap szem\u00e9lyesen tal\u00e1lkozik a pand\u00e9mia borzalmaival.<\/span><\/p>\n<p style=\"text-align: justify;\"><span style=\"font-size: 12pt;\">Fannib\u00f3l a kisbab\u00e1b\u00f3l egy igazi bomb\u00e1z\u00f3 n\u0151 lett, amib\u0151l a folyamatosan rajta l\u00e9v\u0151 v\u00e9d\u0151ruha miatt m\u00e1r h\u00f3napok \u00f3ta semmi sem l\u00e1tsz\u00f3dik.<\/span><\/p>\n<p style=\"text-align: justify;\"><span style=\"font-size: 12pt;\">A v\u00e9d\u0151ruha az eddig sem rossz alakj\u00e1t igencsak jelent\u0151sen tov\u00e1bbjav\u00edtotta, mert bizony a n\u00e1la h\u00e1rom sz\u00e1mmal nagyobb v\u00e9d\u0151felszerel\u00e9s &#8211; melynek fen\u00e9kr\u00e9sze \u00e1lland\u00f3an Fanni t\u00e9rd\u00e9t abajgatja -, igencsak meleg. Olyan meleg, mint egy \u00f6nhord\u00f3 szaunak\u00e1lyha, aminek k\u00f6vetkezt\u00e9ben egy-egy m\u0171szak alatt Fanni ak\u00e1r 3-4 liter vizet is kiizzad mag\u00e1b\u00f3l.<\/span><\/p>\n<p style=\"text-align: justify;\"><span style=\"font-size: 12pt;\">Sajnos a v\u00e9d\u0151ruha, \u00e9s a v\u00e9d\u0151maszk ellen\u00e9re a k\u00f3rh\u00e1zban Fanni is elkapta a v\u00edrust. Fel\u00e9p\u00fcl\u00e9se ut\u00e1n azonban r\u00f6gt\u00f6n visszavette a v\u00e9d\u0151felszerel\u00e9st, \u00fajra be\u00e1llt a &#8222;fogy\u00f3k\u00far\u00e1s csoportba&#8221;, \u00e9s folytatta munk\u00e1j\u00e1t. Ezt tette december 31-\u00e9n is, t\u00e1vol a csal\u00e1dj\u00e1t\u00f3l, t\u00e1vol a bar\u00e1tait\u00f3l, t\u00e1vol a norm\u00e1lis \u00e9lett\u0151l.<\/span><\/p>\n<p style=\"text-align: justify;\"><span style=\"font-size: 12pt;\">Ezzel a n\u00e9h\u00e1ny sorral \u00e9s fot\u00f3val szeretn\u00e9m megk\u00f6sz\u00f6nni az \u00f6sszes &#8222;Fanninak&#8221; a 2020-ban v\u00e9gzett munk\u00e1jukat, \u00f6nfel\u00e1ldoz\u00e1sukat.<\/p>\n<p><\/span><\/p>\n<p style=\"text-align: center;\"><img loading=\"lazy\" decoding=\"async\" class=\"aligncenter size-full wp-image-9137\" src=\"https:\/\/longkft.hu\/audioblog\/wp-content\/uploads\/2021\/01\/fanni-nagy.jpg\" alt=\"\" width=\"555\" height=\"800\" srcset=\"https:\/\/longkft.hu\/audioblog\/wp-content\/uploads\/2021\/01\/fanni-nagy.jpg 555w, https:\/\/longkft.hu\/audioblog\/wp-content\/uploads\/2021\/01\/fanni-nagy-208x300.jpg 208w, https:\/\/longkft.hu\/audioblog\/wp-content\/uploads\/2021\/01\/fanni-nagy-139x200.jpg 139w, https:\/\/longkft.hu\/audioblog\/wp-content\/uploads\/2021\/01\/fanni-nagy-400x577.jpg 400w\" sizes=\"auto, (max-width: 555px) 100vw, 555px\" \/><\/p>\n<p style=\"text-align: justify;\"><strong><span style=\"font-size: 12pt;\">M\u00e1s.<\/span><\/strong><\/p>\n<h3 style=\"text-align: justify;\"><span style=\"font-size: 12pt;\">Boldog \u00faj \u00e9vet k\u00edv\u00e1nok minden olvas\u00f3nak \u00e9s egyben k\u00f6sz\u00f6n\u00f6m nektek a 2020-as \u00e9vet. <\/span><\/h3>\n<p style=\"text-align: justify;\"><span style=\"font-size: 12pt;\">Ma, amikor \u00fajra \u00f6sszeraktam a sz\u00e1m\u00edt\u00f3g\u00e9pemet, a levelez\u00e9semben t\u00f6bbek k\u00f6z\u00f6tt a szerverszolg\u00e1ltat\u00f3mt\u00f3l is v\u00e1rt egy lev\u00e9l &#8211; aki mellesleg az a &#8222;Sabolc&#8221;, aki Toki\u00f3ban megv\u00e1s\u00e1rolta a JVC hangsug\u00e1rz\u00f3imat <a href=\"https:\/\/www.sabolc.com\/blog\/?p=2461&amp;fbclid=IwAR2bMti4cf3cfDl0f5EkGJ-8p6_EntTAJAKVJGRM6NBIkcPlG_eI8ta7umw\" target=\"_blank\" rel=\"noopener noreferrer\"><span style=\"color: #ff6600;\">\u00e9s \u00edrt r\u00f3luk egy igen izgalmas besz\u00e1mol\u00f3t.<\/span><\/a><\/span><\/p>\n<p style=\"text-align: justify;\"><span style=\"font-size: 12pt;\">Szabolcs \u00f6sszefoglalta az elm\u00falt \u00e9vet, \u00e9s feltette nekem a k\u00e9rd\u00e9st, hogy hogyan tov\u00e1bb, mert 2020-ban a Long blog igen jelent\u0151sen t\u00faln\u0151tt azon a szinten, amilyenre a l\u00e1togatotts\u00e1g \u00e9s az adatforgalom alapj\u00e1n eredetileg tervezt\u00fck.<\/span><\/p>\n<h4 style=\"text-align: justify;\"><span style=\"font-size: 12pt;\">A l\u00e1togatotts\u00e1g az \u00e9v v\u00e9g\u00e9re \u00e1tl\u00e9pte a 300 ezret, az \u00e9ves adatforgalom pedig 1,35 TB volt.<\/span><\/h4>\n<p style=\"text-align: justify;\"><span style=\"font-size: 12pt;\">Nem, ezeket az \u00e9rt\u00e9keket nem adathal\u00e1sz v\u00edrusok, nem netes &#8222;robotok&#8221;, hanem ti, olvas\u00f3k hozt\u00e1tok \u00f6ssze, ami rendk\u00edv\u00fcl megtisztel\u0151 \u00e9s egyben hatalmas \u00f6r\u00f6m a sz\u00e1momra. Ha ilyen \u00fctemben fejl\u0151d\u00fcnk, akkor Szabolcs bar\u00e1tom k\u00e9nytelen lesz n\u00f6velni a szerverpark SSD \u00e1llom\u00e1ny\u00e1t.<\/p>\n<p><\/span><\/p>\n<p><strong><span style=\"font-size: 12pt;\">M\u00e1s.<\/span><\/strong><\/p>\n<p style=\"text-align: justify;\"><span style=\"font-size: 12pt;\">Gyakran felteszitek a k\u00e9rd\u00e9st &#8211; hozz\u00e1sz\u00f3l\u00e1sokban, mag\u00e1nlevelekben egyar\u00e1nt -, hogy pontosan milyen elemekb\u0151l \u00e1ll a rendszer, amit hallgatok, amin filmeket n\u00e9zek. Aff\u00e9le \u00e9vz\u00e1r\u00e1sk\u00e9nt \/ \u00e9vnyit\u00f3k\u00e9nt most felsorolok mindent, s egyben jel\u00f6l\u00f6m (s\u00e1rg\u00e1val \u00e9s linkkel) azokat, melyekr\u0151l kor\u00e1bban m\u00e1r \u00edrtam.<\/span><\/p>\n<p style=\"text-align: left;\"><strong><span style=\"font-size: 12pt;\">Sztere\u00f3 rendszer:<\/span><\/strong><br \/>\n<span style=\"font-size: 12pt;\"><a href=\"https:\/\/longkft.hu\/audioblog\/cd-futomu\/\" target=\"_blank\" rel=\"noopener noreferrer\"><span style=\"color: #ff6600;\">Pro-Ject Audio RS CD-fut\u00f3m\u0171<\/span><\/a>, 300 Wattos anal\u00f3g t\u00e1ppal, ami 176 000 mikr\u00f3nyi puffer kondenz\u00e1torral van kieg\u00e9sz\u00edtve<\/span><br \/>\n<a href=\"https:\/\/longkft.hu\/audioblog\/napi-megvilagosodas-6\/\" target=\"_blank\" rel=\"noopener noreferrer\"><span style=\"font-size: 12pt; color: #ff6600;\">Core Audio Denpo dac<\/span><\/a><br \/>\n<span style=\"font-size: 12pt;\"><span style=\"color: #ff6600;\">Musical Fidelity Nu-Vista 800<\/span> er\u0151s\u00edt\u0151<\/span><br \/>\n<a href=\"https:\/\/longkft.hu\/audioblog\/a-legkisebb-orias-wood-cone\/\" target=\"_blank\" rel=\"noopener noreferrer\"><span style=\"font-size: 12pt; color: #ff6600;\">JVC sz\u00e9less\u00e1v\u00fa hangsug\u00e1rz\u00f3<\/span><\/a><br \/>\n<span style=\"font-size: 12pt;\">Solid Steel Hyperspike k\u00e9sz\u00fcl\u00e9k\u00e1llv\u00e1nyok<\/span><br \/>\n<span style=\"font-size: 12pt;\">Hifi Racks hangsug\u00e1rz\u00f3\u00e1llv\u00e1ny<\/span><br \/>\n<a href=\"https:\/\/longkft.hu\/audioblog\/siltech-ruby-hill\/\" target=\"_blank\" rel=\"noopener noreferrer\"><span style=\"font-size: 12pt; color: #ff6600;\">Cables (Radnai Rudolf) k\u00e1belez\u00e9s<\/span><\/a><br \/>\n<span style=\"font-size: 12pt;\"><a href=\"https:\/\/longkft.hu\/audioblog\/entreq-virtualis-fold-ground-box\/\" target=\"_blank\" rel=\"noopener noreferrer\"><span style=\"color: #ff6600;\">Entreq<\/span><\/a> + <a href=\"https:\/\/longkft.hu\/audioblog\/virtualis_fold\/\" target=\"_blank\" rel=\"noopener noreferrer\"><span style=\"color: #ff6600;\">Cables<\/span><\/a> + <a href=\"https:\/\/longkft.hu\/audioblog\/virtualis-fold-ground-box_3\/\" target=\"_blank\" rel=\"noopener noreferrer\"><span style=\"color: #ff6600;\">S\u00fck\u00f6sd G\u00e1bor<\/span><\/a> virtu\u00e1lisf\u00f6ldek<\/span><br \/>\n<span style=\"font-size: 12pt;\">S\u00fck\u00f6sd G\u00e1bor + <a href=\"https:\/\/longkft.hu\/audioblog\/megnyitott-a-core-audio-bemutatoterme\/\" target=\"_blank\" rel=\"noopener noreferrer\"><span style=\"color: #ff6600;\">Menyus (Menyh\u00e1rt L\u00e1szl\u00f3)<\/span><\/a> p\u00e1rhuzamos t\u00e1psz\u0171r\u0151k<\/span><br \/>\n<span style=\"font-size: 12pt;\"><a href=\"https:\/\/longkft.hu\/audioblog\/cardas-fakocka\/\" target=\"_blank\" rel=\"noopener noreferrer\"><span style=\"color: #ff6600;\">Cardas<\/span><\/a> + Yamamoto + Franck Tchang al\u00e1t\u00e9tek<\/span><\/p>\n<p><strong><span style=\"font-size: 12pt;\">H\u00e1zimozi:<\/span><\/strong><br \/>\n<a href=\"https:\/\/longkft.hu\/audioblog\/ps-audio-p10-tapgenerator-a-vegallomas-2\/\" target=\"_blank\" rel=\"noopener noreferrer\"><span style=\"font-size: 12pt; color: #ff6600;\">PS Audio P10 t\u00e1pgener\u00e1tor<\/span><\/a><br \/>\n<span style=\"font-size: 12pt;\">Pioneer BDP-LX88 BD-j\u00e1tsz\u00f3 \/ h\u00e1l\u00f3zati lej\u00e1tsz\u00f3<\/span><br \/>\n<span style=\"font-size: 12pt;\">NAD T757 hm-er\u0151s\u00edt\u0151<\/span><br \/>\n<span style=\"font-size: 12pt;\">Celestion F-sorozat hangsug\u00e1rz\u00f3k (m\u00e1r 18 \u00e9ve)<\/span><br \/>\n<span style=\"font-size: 12pt;\">REL T5 szub<\/span><br \/>\n<span style=\"font-size: 12pt;\">Solid Steel 6.2 \u00e9s 5.3 k\u00e9sz\u00fcl\u00e9k\u00e1llv\u00e1nyok<br \/>\n<a href=\"https:\/\/longkft.hu\/audioblog\/az-induktivitas-kincse-hangszorokabel\/\" target=\"_blank\" rel=\"noopener noreferrer\"><span style=\"color: #ff6600;\">Induktivit\u00e1sb\u00f3l k\u00e9sz\u00edtett hangsz\u00f3r\u00f3k\u00e1belek<\/span><\/a> (m\u00e1r 18 \u00e9ve)<\/span><br \/>\n<a href=\"https:\/\/avx.hu\/forum\/viewforum.php?f=147\" target=\"_blank\" rel=\"noopener noreferrer\"><span style=\"font-size: 12pt; color: #ff6600;\">Cables (Radnai Rudolf) t\u00e1pk\u00e1belek<\/span><\/a><br \/>\n<span style=\"font-size: 12pt;\">Entreq + Cables + S\u00fck\u00f6sd G\u00e1bor virtu\u00e1lisf\u00f6ldek<\/span><br \/>\n<span style=\"font-size: 12pt;\">Crystal 1.3 HDMI-k\u00e1belek<\/span><br \/>\n<span style=\"font-size: 12pt;\">Cardas + Yamamoto + Franck Tchang al\u00e1t\u00e9tek<\/span><br \/>\n<span style=\"font-size: 12pt;\">AudioQuest ethernet-k\u00e1belek<\/span><\/p>\n<p><strong><span style=\"font-size: 12pt;\">Egy\u00e9b:<\/span><\/strong><br \/>\n<span style=\"font-size: 12pt;\"><a href=\"https:\/\/longkft.hu\/audioblog\/mostantol-szines-tintakrol-almodom-szines-tuning\/\" target=\"_blank\" rel=\"noopener noreferrer\"><span style=\"color: #ff6600;\">Sz\u00edntuning<\/span><\/a>, <a href=\"https:\/\/longkft.hu\/audioblog\/mire-jo-a-9-voltos-elem-masodik-menet\/\" target=\"_blank\" rel=\"noopener noreferrer\"><span style=\"color: #ff6600;\">elemes tuning<\/span><\/a>, valamint <a href=\"https:\/\/longkft.hu\/audioblog\/szobaakusztika-mindennapi-smirglinket-add-meg-nekunk-ma\/\" target=\"_blank\" rel=\"noopener noreferrer\"><span style=\"color: #ff6600;\">smirglilapok<\/span><\/a> a megfelel\u0151 helyeken, 7 db <a href=\"https:\/\/longkft.hu\/audioblog\/entreq-3\/\" target=\"_blank\" rel=\"noopener noreferrer\"><span style=\"color: #ff6600;\">Entreq Vibb Eater<\/span><\/a>.<\/span><br \/>\n<span style=\"font-size: 12pt;\">&#8230;\u00e9s persze 6300 db fapiramis a plafonon \u00e9s 6-7000 k\u00f6nyv a polcokon<\/span><\/p>\n<span>Megosztom:<\/span><br><a target=\"_blank\" class=\"facebook\" title=\"\" rel=\"external\" href=\"https:\/\/www.facebook.com\/share.php?u=https:\/\/longkft.hu\/audioblog\/rendhagyo-bucsu-az-oevtol\/&title=Rendhagy\u00f3 b\u00facs\u00fa az \u00f3\u00e9vt\u0151l\"><\/a><a target=\"_blank\" class=\"linkedin\" title=\"\" rel=\"external\" href=\"http:\/\/www.linkedin.com\/shareArticle?mini=true&amp;url=https%3A%2F%2Flongkft.hu%2Faudioblog%2Frendhagyo-bucsu-az-oevtol%2F&amp;title=Rendhagy%C3%B3+b%C3%BAcs%C3%BA+az+%C3%B3%C3%A9vt%C5%91l&amp;summary=%3Cp+style%3D%22text-align%3A+justify%3B%22%3E%3Cspan+style%3D%22font-size%3A+12pt%3B%22%3E%C5%90+Fanni.+Fannival+el%C5%91sz%C3%B6r+a+megsz%C3%BClet%C3%A9se+napj%C3%A1n+tal%C3%A1lkoztam+%C3%A9s+tartottam+a+karomban.+Majd+egyszer-k%C3%A9tszer+seg%C3%ADtettem+a+pelenk%C3%A1z%C3%A1s%C3%A1ban%2C+l%C3%A1ttam+az+els%C5%91+l%C3%A9p%C3%A9seit%2C+hallottam+az+els%C5%91+szavait.%3C%2Fspan%3E%3C%2Fp%3E%0D%0A%3Cp+style%3D%22text-align%3A+justify%3B%22%3E%3Cspan+style%3D%22font-size%3A+12pt%3B%22%3EM%C3%A1ig+sem+%C3%A9rtem+hogyan+m%C3%BAlhatott+el+ennyire+gyorsan+az+id%C5%91%2C+de+a+tegnap+m%C3%A9g+a+karomban+tartott+%C3%BAjsz%C3%BCl%C3%B6tt+ma+m%C3%A1r+nem+%22csup%C3%A1n%22+a+bar%C3%A1taim+gyermeke%2C+hanem+a+bar%C3%A1tom.+Orvos+lett+bel%C5%91le%2C+aki+minden+nap+ott+van%2C+ahova+mi+nem+szeretn%C3%A9nk+ker%C3%BClni%2C+minden+nap+szem%C3%A9lyesen+tal%C3%A1lkozik+a+pand%C3%A9mia+borzalmaival.%3C%2Fspan%3E%3C%2Fp%3E%0D%0A%3Cp+style%3D%22text-align%3A+justify%3B%22%3E%3Cspan+style%3D%22font-size%3A+12pt%3B%22%3EFannib%C3%B3l+a+kisbab%C3%A1b%C3%B3l+egy+igazi+bomb%C3%A1z%C3%B3+n%C5%91+lett%2C+amib%C5%91l+a+folyamatosan+rajta+l%C3%A9v%C5%91+v%C3%A9d%C5%91ruha+miatt+m%C3%A1r+h%C3%B3napok+%C3%B3ta+semmi+sem+l%C3%A1tsz%C3%B3dik.%3C%2Fspan%3E%3C%2Fp%3E%0D%0A%3Cp+style%3D%22text-align%3A+justify%3B%22%3E%3Cspan+style%3D%22font-size%3A+12pt%3B%22%3EA+v%C3%A9d%C5%91ruha+az+eddig+sem+rossz+alakj%C3%A1t+igencsak+jelent%C5%91sen+tov%C3%A1bbjav%C3%ADtotta%2C+mert+bizony+a+n%C3%A1la+h%C3%A1rom+sz%C3%A1mmal+nagyobb+v%C3%A9d%C5%91felszerel%C3%A9s+-+melynek+fen%C3%A9kr%C3%A9sze+%C3%A1lland%C3%B3an+Fanni+t%C3%A9rd%C3%A9t+abajgatja+-%2C+igencsak+meleg.+Olyan+meleg%2C+mint+egy+%C3%B6nhord%C3%B3+szaunak%C3%A1lyha%2C+aminek+k%C3%B6vetkezt%C3%A9ben+egy-egy+m%C5%B1szak+alatt+Fanni+ak%C3%A1r+3-4+liter+vizet+is+kiizzad+mag%C3%A1b%C3%B3l.%3C%2Fspan%3E%3C%2Fp%3E%0D%0A%3Cp+style%3D%22text-align%3A+justify%3B%22%3E%3Cspan+style%3D%22font-size%3A+12pt%3B%22%3ESajnos+a+v%C3%A9d%C5%91ruha%2C+%C3%A9s+a+v%C3%A9d%C5%91maszk+ellen%C3%A9re+a+k%C3%B3rh%C3%A1zban+Fanni+is+elkapta+a+v%C3%ADrust.+Fel%C3%A9p%C3%BCl%C3%A9se+ut%C3%A1n+azonban+r%C3%B6gt%C3%B6n+visszavette+a+v%C3%A9d%C5%91felszerel%C3%A9st%2C+%C3%BAjra+be%C3%A1llt+a+%22fogy%C3%B3k%C3%BAr%C3%A1s+csoportba%22%2C+%C3%A9s+folytatta+munk%C3%A1j%C3%A1t.+Ezt+tette+december+31-%C3%A9n+is%2C+t%C3%A1vol+a+csal%C3%A1dj%C3%A1t%C3%B3l%2C+t%C3%A1vol+a+bar%C3%A1tait%C3%B3l%2C+t%C3%A1vol+a+norm%C3%A1lis+%C3%A9lett%C5%91l.%3C%2Fspan%3E%3C%2Fp%3E%0D%0A%3Cp+style%3D%22text-align%3A+justify%3B%22%3E%3Cspan+style%3D%22font-size%3A+12pt%3B%22%3EEzzel+a+n%C3%A9h%C3%A1ny+sorral+%C3%A9s+fot%C3%B3val+szeretn%C3%A9m+megk%C3%B6sz%C3%B6nni+az+%C3%B6sszes+%22Fanninak%22+a+2020-ban+v%C3%A9gzett+munk%C3%A1jukat%2C+%C3%B6nfel%C3%A1ldoz%C3%A1sukat.%0D%0A%0D%0A%3C%2Fspan%3E%3C%2Fp%3E%0D%0A%3Cp+style%3D%22text-align%3A+center%3B%22%3E%3Cimg+class%3D%22aligncenter+size-full+wp-image-9137%22+src%3D%22https%3A%2F%2Flongkft.hu%2Faudioblog%2Fwp-content%2Fuploads%2F2021%2F01%2Ffanni-nagy.jpg%22+alt%3D%22%22+width%3D%22555%22+height%3D%22800%22+%2F%3E%3C%2Fp%3E%0D%0A%3Cp+style%3D%22text-align%3A+justify%3B%22%3E%3Cstrong%3E%3Cspan+style%3D%22font-size%3A+12pt%3B%22%3EM%C3%A1s.%3C%2Fspan%3E%3C%2Fstrong%3E%3C%2Fp%3E%0D%0A%0D%0A%3Ch3+style%3D%22text-align%3A+justify%3B%22%3E%3Cspan+style%3D%22font-size%3A+12pt%3B%22%3EBoldog+%C3%BAj+%C3%A9vet+k%C3%ADv%C3%A1nok+minden+olvas%C3%B3nak+%C3%A9s+egyben+k%C3%B6sz%C3%B6n%C3%B6m+nektek+a+2020-as+%C3%A9vet.+%3C%2Fspan%3E%3C%2Fh3%3E%0D%0A%3Cp+style%3D%22text-align%3A+justify%3B%22%3E%3Cspan+style%3D%22font-size%3A+12pt%3B%22%3EMa%2C+amikor+%C3%BAjra+%C3%B6sszeraktam+a+sz%C3%A1m%C3%ADt%C3%B3g%C3%A9pemet%2C+a+levelez%C3%A9semben+t%C3%B6bbek+k%C3%B6z%C3%B6tt+a+szerverszolg%C3%A1ltat%C3%B3mt%C3%B3l+is+v%C3%A1rt+egy+lev%C3%A9l+-+aki+mellesleg+az+a+%22Sabolc%22%2C+aki+Toki%C3%B3ban+megv%C3%A1s%C3%A1rolta+a+JVC+hangsug%C3%A1rz%C3%B3imat+%3Ca+href%3D%22https%3A%2F%2Fwww.sabolc.com%2Fblog%2F%3Fp%3D2461%26amp%3Bfbclid%3DIwAR2bMti4cf3cfDl0f5EkGJ-8p6_EntTAJAKVJGRM6NBIkcPlG_eI8ta7umw%22+target%3D%22_blank%22+rel%3D%22noopener+noreferrer%22%3E%3Cspan+style%3D%22color%3A+%23ff6600%3B%22%3E%C3%A9s+%C3%ADrt+r%C3%B3luk+egy+igen+izgalmas+besz%C3%A1mol%C3%B3t.%3C%2Fspan%3E%3C%2Fa%3E%3C%2Fspan%3E%3C%2Fp%3E%0D%0A%3Cp+style%3D%22text-align%3A+justify%3B%22%3E%3Cspan+style%3D%22font-size%3A+12pt%3B%22%3ESzabolcs+%C3%B6sszefoglalta+az+elm%C3%BAlt+%C3%A9vet%2C+%C3%A9s+feltette+nekem+a+k%C3%A9rd%C3%A9st%2C+hogy+hogyan+tov%C3%A1bb%2C+mert+2020-ban+a+Long+blog+igen+jelent%C5%91sen+t%C3%BAln%C5%91tt+azon+a+szinten%2C+amilyenre+a+l%C3%A1togatotts%C3%A1g+%C3%A9s+az+adatforgalom+alapj%C3%A1n+eredetileg+tervezt%C3%BCk.%3C%2Fspan%3E%3C%2Fp%3E%0D%0A%0D%0A%3Ch4+style%3D%22text-align%3A+justify%3B%22%3E%3Cspan+style%3D%22font-size%3A+12pt%3B%22%3EA+l%C3%A1togatotts%C3%A1g+az+%C3%A9v+v%C3%A9g%C3%A9re+%C3%A1tl%C3%A9pte+a+300+ezret%2C+az+%C3%A9ves+adatforgalom+pedig+1%2C35+TB+volt.%3C%2Fspan%3E%3C%2Fh4%3E%0D%0A%3Cp+style%3D%22text-align%3A+justify%3B%22%3E%3Cspan+style%3D%22font-size%3A+12pt%3B%22%3ENem%2C+ezeket+az+%C3%A9rt%C3%A9keket+nem+adathal%C3%A1sz+v%C3%ADrusok%2C+nem+netes+%22robotok%22%2C+hanem+ti%2C+olvas%C3%B3k+hozt%C3%A1tok+%C3%B6ssze%2C+ami+rendk%C3%ADv%C3%BCl+megtisztel%C5%91+%C3%A9s+egyben+hatalmas+%C3%B6r%C3%B6m+a+sz%C3%A1momra.+Ha+ilyen+%C3%BCtemben+fejl%C5%91d%C3%BCnk%2C+akkor+Szabolcs+bar%C3%A1tom+k%C3%A9nytelen+lesz+n%C3%B6velni+a+szerverpark+SSD+%C3%A1llom%C3%A1ny%C3%A1t.%0D%0A%0D%0A%3C%2Fspan%3E%3C%2Fp%3E%0D%0A%3Cstrong%3E%3Cspan+style%3D%22font-size%3A+12pt%3B%22%3EM%C3%A1s.%3C%2Fspan%3E%3C%2Fstrong%3E%0D%0A%3Cp+style%3D%22text-align%3A+justify%3B%22%3E%3Cspan+style%3D%22font-size%3A+12pt%3B%22%3EGyakran+felteszitek+a+k%C3%A9rd%C3%A9st+-+hozz%C3%A1sz%C3%B3l%C3%A1sokban%2C+mag%C3%A1nlevelekben+egyar%C3%A1nt+-%2C+hogy+pontosan+milyen+elemekb%C5%91l+%C3%A1ll+a+rendszer%2C+amit+hallgatok%2C+amin+filmeket+n%C3%A9zek.+Aff%C3%A9le+%C3%A9vz%C3%A1r%C3%A1sk%C3%A9nt+%2F+%C3%A9vnyit%C3%B3k%C3%A9nt+most+felsorolok+mindent%2C+s+egyben+jel%C3%B6l%C3%B6m+%28s%C3%A1rg%C3%A1val+%C3%A9s+linkkel%29+azokat%2C+melyekr%C5%91l+kor%C3%A1bban+m%C3%A1r+%C3%ADrtam.%3C%2Fspan%3E%3C%2Fp%3E%0D%0A%3Cp+style%3D%22text-align%3A+left%3B%22%3E%3Cstrong%3E%3Cspan+style%3D%22font-size%3A+12pt%3B%22%3ESztere%C3%B3+rendszer%3A%3C%2Fspan%3E%3C%2Fstrong%3E%0D%0A%3Cspan+style%3D%22font-size%3A+12pt%3B%22%3E%3Ca+href%3D%22https%3A%2F%2Flongkft.hu%2Faudioblog%2Fcd-futomu%2F%22+target%3D%22_blank%22+rel%3D%22noopener+noreferrer%22%3E%3Cspan+style%3D%22color%3A+%23ff6600%3B%22%3EPro-Ject+Audio+RS+CD-fut%C3%B3m%C5%B1%3C%2Fspan%3E%3C%2Fa%3E%2C+300+Wattos+anal%C3%B3g+t%C3%A1ppal%2C+ami+176+000+mikr%C3%B3nyi+puffer+kondenz%C3%A1torral+van+kieg%C3%A9sz%C3%ADtve%3C%2Fspan%3E%0D%0A%3Ca+href%3D%22https%3A%2F%2Flongkft.hu%2Faudioblog%2Fnapi-megvilagosodas-6%2F%22+target%3D%22_blank%22+rel%3D%22noopener+noreferrer%22%3E%3Cspan+style%3D%22font-size%3A+12pt%3B+color%3A+%23ff6600%3B%22%3ECore+Audio+Denpo+dac%3C%2Fspan%3E%3C%2Fa%3E%0D%0A%3Cspan+style%3D%22font-size%3A+12pt%3B%22%3E%3Cspan+style%3D%22color%3A+%23ff6600%3B%22%3EMusical+Fidelity+Nu-Vista+800%3C%2Fspan%3E+er%C5%91s%C3%ADt%C5%91%3C%2Fspan%3E%0D%0A%3Ca+href%3D%22https%3A%2F%2Flongkft.hu%2Faudioblog%2Fa-legkisebb-orias-wood-cone%2F%22+target%3D%22_blank%22+rel%3D%22noopener+noreferrer%22%3E%3Cspan+style%3D%22font-size%3A+12pt%3B+color%3A+%23ff6600%3B%22%3EJVC+sz%C3%A9less%C3%A1v%C3%BA+hangsug%C3%A1rz%C3%B3%3C%2Fspan%3E%3C%2Fa%3E%0D%0A%3Cspan+style%3D%22font-size%3A+12pt%3B%22%3ESolid+Steel+Hyperspike+k%C3%A9sz%C3%BCl%C3%A9k%C3%A1llv%C3%A1nyok%3C%2Fspan%3E%0D%0A%3Cspan+style%3D%22font-size%3A+12pt%3B%22%3EHifi+Racks+hangsug%C3%A1rz%C3%B3%C3%A1llv%C3%A1ny%3C%2Fspan%3E%0D%0A%3Ca+href%3D%22https%3A%2F%2Flongkft.hu%2Faudioblog%2Fsiltech-ruby-hill%2F%22+target%3D%22_blank%22+rel%3D%22noopener+noreferrer%22%3E%3Cspan+style%3D%22font-size%3A+12pt%3B+color%3A+%23ff6600%3B%22%3ECables+%28Radnai+Rudolf%29+k%C3%A1belez%C3%A9s%3C%2Fspan%3E%3C%2Fa%3E%0D%0A%3Cspan+style%3D%22font-size%3A+12pt%3B%22%3E%3Ca+href%3D%22https%3A%2F%2Flongkft.hu%2Faudioblog%2Fentreq-virtualis-fold-ground-box%2F%22+target%3D%22_blank%22+rel%3D%22noopener+noreferrer%22%3E%3Cspan+style%3D%22color%3A+%23ff6600%3B%22%3EEntreq%3C%2Fspan%3E%3C%2Fa%3E+%2B+%3Ca+href%3D%22https%3A%2F%2Flongkft.hu%2Faudioblog%2Fvirtualis_fold%2F%22+target%3D%22_blank%22+rel%3D%22noopener+noreferrer%22%3E%3Cspan+style%3D%22color%3A+%23ff6600%3B%22%3ECables%3C%2Fspan%3E%3C%2Fa%3E+%2B+%3Ca+href%3D%22https%3A%2F%2Flongkft.hu%2Faudioblog%2Fvirtualis-fold-ground-box_3%2F%22+target%3D%22_blank%22+rel%3D%22noopener+noreferrer%22%3E%3Cspan+style%3D%22color%3A+%23ff6600%3B%22%3ES%C3%BCk%C3%B6sd+G%C3%A1bor%3C%2Fspan%3E%3C%2Fa%3E+virtu%C3%A1lisf%C3%B6ldek%3C%2Fspan%3E%0D%0A%3Cspan+style%3D%22font-size%3A+12pt%3B%22%3ES%C3%BCk%C3%B6sd+G%C3%A1bor+%2B+%3Ca+href%3D%22https%3A%2F%2Flongkft.hu%2Faudioblog%2Fmegnyitott-a-core-audio-bemutatoterme%2F%22+target%3D%22_blank%22+rel%3D%22noopener+noreferrer%22%3E%3Cspan+style%3D%22color%3A+%23ff6600%3B%22%3EMenyus+%28Menyh%C3%A1rt+L%C3%A1szl%C3%B3%29%3C%2Fspan%3E%3C%2Fa%3E+p%C3%A1rhuzamos+t%C3%A1psz%C5%B1r%C5%91k%3C%2Fspan%3E%0D%0A%3Cspan+style%3D%22font-size%3A+12pt%3B%22%3E%3Ca+href%3D%22https%3A%2F%2Flongkft.hu%2Faudioblog%2Fcardas-fakocka%2F%22+target%3D%22_blank%22+rel%3D%22noopener+noreferrer%22%3E%3Cspan+style%3D%22color%3A+%23ff6600%3B%22%3ECardas%3C%2Fspan%3E%3C%2Fa%3E+%2B+Yamamoto+%2B+Franck+Tchang+al%C3%A1t%C3%A9tek%3C%2Fspan%3E%0D%0A%0D%0A%3Cstrong%3E%3Cspan+style%3D%22font-size%3A+12pt%3B%22%3EH%C3%A1zimozi%3A%3C%2Fspan%3E%3C%2Fstrong%3E%0D%0A%3Ca+href%3D%22https%3A%2F%2Flongkft.hu%2Faudioblog%2Fps-audio-p10-tapgenerator-a-vegallomas-2%2F%22+target%3D%22_blank%22+rel%3D%22noopener+noreferrer%22%3E%3Cspan+style%3D%22font-size%3A+12pt%3B+color%3A+%23ff6600%3B%22%3EPS+Audio+P10+t%C3%A1pgener%C3%A1tor%3C%2Fspan%3E%3C%2Fa%3E%0D%0A%3Cspan+style%3D%22font-size%3A+12pt%3B%22%3EPioneer+BDP-LX88+BD-j%C3%A1tsz%C3%B3+%2F+h%C3%A1l%C3%B3zati+lej%C3%A1tsz%C3%B3%3C%2Fspan%3E%0D%0A%3Cspan+style%3D%22font-size%3A+12pt%3B%22%3ENAD+T757+hm-er%C5%91s%C3%ADt%C5%91%3C%2Fspan%3E%0D%0A%3Cspan+style%3D%22font-size%3A+12pt%3B%22%3ECelestion+F-sorozat+hangsug%C3%A1rz%C3%B3k+%28m%C3%A1r+18+%C3%A9ve%29%3C%2Fspan%3E%0D%0A%3Cspan+style%3D%22font-size%3A+12pt%3B%22%3EREL+T5+szub%3C%2Fspan%3E%0D%0A%3Cspan+style%3D%22font-size%3A+12pt%3B%22%3ESolid+Steel+6.2+%C3%A9s+5.3+k%C3%A9sz%C3%BCl%C3%A9k%C3%A1llv%C3%A1nyok%0D%0A%3Ca+href%3D%22https%3A%2F%2Flongkft.hu%2Faudioblog%2Faz-induktivitas-kincse-hangszorokabel%2F%22+target%3D%22_blank%22+rel%3D%22noopener+noreferrer%22%3E%3Cspan+style%3D%22color%3A+%23ff6600%3B%22%3EInduktivit%C3%A1sb%C3%B3l+k%C3%A9sz%C3%ADtett+hangsz%C3%B3r%C3%B3k%C3%A1belek%3C%2Fspan%3E%3C%2Fa%3E+%28m%C3%A1r+18+%C3%A9ve%29%3C%2Fspan%3E%0D%0A%3Ca+href%3D%22https%3A%2F%2Favx.hu%2Fforum%2Fviewforum.php%3Ff%3D147%22+target%3D%22_blank%22+rel%3D%22noopener+noreferrer%22%3E%3Cspan+style%3D%22font-size%3A+12pt%3B+color%3A+%23ff6600%3B%22%3ECables+%28Radnai+Rudolf%29+t%C3%A1pk%C3%A1belek%3C%2Fspan%3E%3C%2Fa%3E%0D%0A%3Cspan+style%3D%22font-size%3A+12pt%3B%22%3EEntreq+%2B+Cables+%2B+S%C3%BCk%C3%B6sd+G%C3%A1bor+virtu%C3%A1lisf%C3%B6ldek%3C%2Fspan%3E%0D%0A%3Cspan+style%3D%22font-size%3A+12pt%3B%22%3ECrystal+1.3+HDMI-k%C3%A1belek%3C%2Fspan%3E%0D%0A%3Cspan+style%3D%22font-size%3A+12pt%3B%22%3ECardas+%2B+Yamamoto+%2B+Franck+Tchang+al%C3%A1t%C3%A9tek%3C%2Fspan%3E%0D%0A%3Cspan+style%3D%22font-size%3A+12pt%3B%22%3EAudioQuest+ethernet-k%C3%A1belek%3C%2Fspan%3E%3C%2Fp%3E%0D%0A%3Cstrong%3E%3Cspan+style%3D%22font-size%3A+12pt%3B%22%3EEgy%C3%A9b%3A%3C%2Fspan%3E%3C%2Fstrong%3E%0D%0A%3Cspan+style%3D%22font-size%3A+12pt%3B%22%3E%3Ca+href%3D%22https%3A%2F%2Flongkft.hu%2Faudioblog%2Fmostantol-szines-tintakrol-almodom-szines-tuning%2F%22+target%3D%22_blank%22+rel%3D%22noopener+noreferrer%22%3E%3Cspan+style%3D%22color%3A+%23ff6600%3B%22%3ESz%C3%ADntuning%3C%2Fspan%3E%3C%2Fa%3E%2C+%3Ca+href%3D%22https%3A%2F%2Flongkft.hu%2Faudioblog%2Fmire-jo-a-9-voltos-elem-masodik-menet%2F%22+target%3D%22_blank%22+rel%3D%22noopener+noreferrer%22%3E%3Cspan+style%3D%22color%3A+%23ff6600%3B%22%3Eelemes+tuning%3C%2Fspan%3E%3C%2Fa%3E%2C+valamint+%3Ca+href%3D%22https%3A%2F%2Flongkft.hu%2Faudioblog%2Fszobaakusztika-mindennapi-smirglinket-add-meg-nekunk-ma%2F%22+target%3D%22_blank%22+rel%3D%22noopener+noreferrer%22%3E%3Cspan+style%3D%22color%3A+%23ff6600%3B%22%3Esmirglilapok%3C%2Fspan%3E%3C%2Fa%3E+a+megfelel%C5%91+helyeken%2C+7+db+%3Ca+href%3D%22https%3A%2F%2Flongkft.hu%2Faudioblog%2Fentreq-3%2F%22+target%3D%22_blank%22+rel%3D%22noopener+noreferrer%22%3E%3Cspan+style%3D%22color%3A+%23ff6600%3B%22%3EEntreq+Vibb+Eater%3C%2Fspan%3E%3C%2Fa%3E.%3C%2Fspan%3E%0D%0A%3Cspan+style%3D%22font-size%3A+12pt%3B%22%3E...%C3%A9s+persze+6300+db+fapiramis+a+plafonon+%C3%A9s+6-7000+k%C3%B6nyv+a+polcokon%3C%2Fspan%3E&amp;source=Longaudio\"><\/a><a target=\"_blank\" class=\"gplusz\" title=\"\" rel=\"external\" href=\"https:\/\/plusone.google.com\/_\/+1\/confirm?url=https:\/\/longkft.hu\/audioblog\/rendhagyo-bucsu-az-oevtol\/\"><\/a><a target=\"_blank\" rel=\"nofollow\" class=\"email\" href=\"mailto:?subject=Longaudio - Rendhagy\u00f3 b\u00facs\u00fa az \u00f3\u00e9vt\u0151l&amp;body=Kedves Bar\u00e1tom! Most olvastam a(z) Rendhagy\u00f3 b\u00facs\u00fa az \u00f3\u00e9vt\u0151l  c\u00edm\u0171 cikket a(z) Longaudio  oldalon. Hivatkoz\u00e1s:  https:\/\/longkft.hu\/audioblog\/rendhagyo-bucsu-az-oevtol\/\" title=\"\"><\/a><a class=\"nyomtatas\" title=\"\" href=\"http:\/\/www.printfriendly.com\" onclick=\"window.print();return false;\"><\/a>","protected":false},"excerpt":{"rendered":"<p>\u0150 Fanni. Fannival el\u0151sz\u00f6r a megsz\u00fclet\u00e9se napj\u00e1n tal\u00e1lkoztam \u00e9s tartottam a karomban. Majd egyszer-k\u00e9tszer seg\u00edtettem a pelenk\u00e1z\u00e1s\u00e1ban, l\u00e1ttam az els\u0151&#8230;<\/p>\n<span>Megosztom:<\/span><br><a target=\"_blank\" class=\"facebook\" title=\"\" rel=\"external\" href=\"https:\/\/www.facebook.com\/share.php?u=https:\/\/longkft.hu\/audioblog\/rendhagyo-bucsu-az-oevtol\/&title=Rendhagy\u00f3 b\u00facs\u00fa az \u00f3\u00e9vt\u0151l\"><\/a><a target=\"_blank\" class=\"linkedin\" title=\"\" rel=\"external\" href=\"http:\/\/www.linkedin.com\/shareArticle?mini=true&amp;url=https%3A%2F%2Flongkft.hu%2Faudioblog%2Frendhagyo-bucsu-az-oevtol%2F&amp;title=Rendhagy%C3%B3+b%C3%BAcs%C3%BA+az+%C3%B3%C3%A9vt%C5%91l&amp;summary=%3Cp+style%3D%22text-align%3A+justify%3B%22%3E%3Cspan+style%3D%22font-size%3A+12pt%3B%22%3E%C5%90+Fanni.+Fannival+el%C5%91sz%C3%B6r+a+megsz%C3%BClet%C3%A9se+napj%C3%A1n+tal%C3%A1lkoztam+%C3%A9s+tartottam+a+karomban.+Majd+egyszer-k%C3%A9tszer+seg%C3%ADtettem+a+pelenk%C3%A1z%C3%A1s%C3%A1ban%2C+l%C3%A1ttam+az+els%C5%91+l%C3%A9p%C3%A9seit%2C+hallottam+az+els%C5%91+szavait.%3C%2Fspan%3E%3C%2Fp%3E%0D%0A%3Cp+style%3D%22text-align%3A+justify%3B%22%3E%3Cspan+style%3D%22font-size%3A+12pt%3B%22%3EM%C3%A1ig+sem+%C3%A9rtem+hogyan+m%C3%BAlhatott+el+ennyire+gyorsan+az+id%C5%91%2C+de+a+tegnap+m%C3%A9g+a+karomban+tartott+%C3%BAjsz%C3%BCl%C3%B6tt+ma+m%C3%A1r+nem+%22csup%C3%A1n%22+a+bar%C3%A1taim+gyermeke%2C+hanem+a+bar%C3%A1tom.+Orvos+lett+bel%C5%91le%2C+aki+minden+nap+ott+van%2C+ahova+mi+nem+szeretn%C3%A9nk+ker%C3%BClni%2C+minden+nap+szem%C3%A9lyesen+tal%C3%A1lkozik+a+pand%C3%A9mia+borzalmaival.%3C%2Fspan%3E%3C%2Fp%3E%0D%0A%3Cp+style%3D%22text-align%3A+justify%3B%22%3E%3Cspan+style%3D%22font-size%3A+12pt%3B%22%3EFannib%C3%B3l+a+kisbab%C3%A1b%C3%B3l+egy+igazi+bomb%C3%A1z%C3%B3+n%C5%91+lett%2C+amib%C5%91l+a+folyamatosan+rajta+l%C3%A9v%C5%91+v%C3%A9d%C5%91ruha+miatt+m%C3%A1r+h%C3%B3napok+%C3%B3ta+semmi+sem+l%C3%A1tsz%C3%B3dik.%3C%2Fspan%3E%3C%2Fp%3E%0D%0A%3Cp+style%3D%22text-align%3A+justify%3B%22%3E%3Cspan+style%3D%22font-size%3A+12pt%3B%22%3EA+v%C3%A9d%C5%91ruha+az+eddig+sem+rossz+alakj%C3%A1t+igencsak+jelent%C5%91sen+tov%C3%A1bbjav%C3%ADtotta%2C+mert+bizony+a+n%C3%A1la+h%C3%A1rom+sz%C3%A1mmal+nagyobb+v%C3%A9d%C5%91felszerel%C3%A9s+-+melynek+fen%C3%A9kr%C3%A9sze+%C3%A1lland%C3%B3an+Fanni+t%C3%A9rd%C3%A9t+abajgatja+-%2C+igencsak+meleg.+Olyan+meleg%2C+mint+egy+%C3%B6nhord%C3%B3+szaunak%C3%A1lyha%2C+aminek+k%C3%B6vetkezt%C3%A9ben+egy-egy+m%C5%B1szak+alatt+Fanni+ak%C3%A1r+3-4+liter+vizet+is+kiizzad+mag%C3%A1b%C3%B3l.%3C%2Fspan%3E%3C%2Fp%3E%0D%0A%3Cp+style%3D%22text-align%3A+justify%3B%22%3E%3Cspan+style%3D%22font-size%3A+12pt%3B%22%3ESajnos+a+v%C3%A9d%C5%91ruha%2C+%C3%A9s+a+v%C3%A9d%C5%91maszk+ellen%C3%A9re+a+k%C3%B3rh%C3%A1zban+Fanni+is+elkapta+a+v%C3%ADrust.+Fel%C3%A9p%C3%BCl%C3%A9se+ut%C3%A1n+azonban+r%C3%B6gt%C3%B6n+visszavette+a+v%C3%A9d%C5%91felszerel%C3%A9st%2C+%C3%BAjra+be%C3%A1llt+a+%22fogy%C3%B3k%C3%BAr%C3%A1s+csoportba%22%2C+%C3%A9s+folytatta+munk%C3%A1j%C3%A1t.+Ezt+tette+december+31-%C3%A9n+is%2C+t%C3%A1vol+a+csal%C3%A1dj%C3%A1t%C3%B3l%2C+t%C3%A1vol+a+bar%C3%A1tait%C3%B3l%2C+t%C3%A1vol+a+norm%C3%A1lis+%C3%A9lett%C5%91l.%3C%2Fspan%3E%3C%2Fp%3E%0D%0A%3Cp+style%3D%22text-align%3A+justify%3B%22%3E%3Cspan+style%3D%22font-size%3A+12pt%3B%22%3EEzzel+a+n%C3%A9h%C3%A1ny+sorral+%C3%A9s+fot%C3%B3val+szeretn%C3%A9m+megk%C3%B6sz%C3%B6nni+az+%C3%B6sszes+%22Fanninak%22+a+2020-ban+v%C3%A9gzett+munk%C3%A1jukat%2C+%C3%B6nfel%C3%A1ldoz%C3%A1sukat.%0D%0A%0D%0A%3C%2Fspan%3E%3C%2Fp%3E%0D%0A%3Cp+style%3D%22text-align%3A+center%3B%22%3E%3Cimg+class%3D%22aligncenter+size-full+wp-image-9137%22+src%3D%22https%3A%2F%2Flongkft.hu%2Faudioblog%2Fwp-content%2Fuploads%2F2021%2F01%2Ffanni-nagy.jpg%22+alt%3D%22%22+width%3D%22555%22+height%3D%22800%22+%2F%3E%3C%2Fp%3E%0D%0A%3Cp+style%3D%22text-align%3A+justify%3B%22%3E%3Cstrong%3E%3Cspan+style%3D%22font-size%3A+12pt%3B%22%3EM%C3%A1s.%3C%2Fspan%3E%3C%2Fstrong%3E%3C%2Fp%3E%0D%0A%0D%0A%3Ch3+style%3D%22text-align%3A+justify%3B%22%3E%3Cspan+style%3D%22font-size%3A+12pt%3B%22%3EBoldog+%C3%BAj+%C3%A9vet+k%C3%ADv%C3%A1nok+minden+olvas%C3%B3nak+%C3%A9s+egyben+k%C3%B6sz%C3%B6n%C3%B6m+nektek+a+2020-as+%C3%A9vet.+%3C%2Fspan%3E%3C%2Fh3%3E%0D%0A%3Cp+style%3D%22text-align%3A+justify%3B%22%3E%3Cspan+style%3D%22font-size%3A+12pt%3B%22%3EMa%2C+amikor+%C3%BAjra+%C3%B6sszeraktam+a+sz%C3%A1m%C3%ADt%C3%B3g%C3%A9pemet%2C+a+levelez%C3%A9semben+t%C3%B6bbek+k%C3%B6z%C3%B6tt+a+szerverszolg%C3%A1ltat%C3%B3mt%C3%B3l+is+v%C3%A1rt+egy+lev%C3%A9l+-+aki+mellesleg+az+a+%22Sabolc%22%2C+aki+Toki%C3%B3ban+megv%C3%A1s%C3%A1rolta+a+JVC+hangsug%C3%A1rz%C3%B3imat+%3Ca+href%3D%22https%3A%2F%2Fwww.sabolc.com%2Fblog%2F%3Fp%3D2461%26amp%3Bfbclid%3DIwAR2bMti4cf3cfDl0f5EkGJ-8p6_EntTAJAKVJGRM6NBIkcPlG_eI8ta7umw%22+target%3D%22_blank%22+rel%3D%22noopener+noreferrer%22%3E%3Cspan+style%3D%22color%3A+%23ff6600%3B%22%3E%C3%A9s+%C3%ADrt+r%C3%B3luk+egy+igen+izgalmas+besz%C3%A1mol%C3%B3t.%3C%2Fspan%3E%3C%2Fa%3E%3C%2Fspan%3E%3C%2Fp%3E%0D%0A%3Cp+style%3D%22text-align%3A+justify%3B%22%3E%3Cspan+style%3D%22font-size%3A+12pt%3B%22%3ESzabolcs+%C3%B6sszefoglalta+az+elm%C3%BAlt+%C3%A9vet%2C+%C3%A9s+feltette+nekem+a+k%C3%A9rd%C3%A9st%2C+hogy+hogyan+tov%C3%A1bb%2C+mert+2020-ban+a+Long+blog+igen+jelent%C5%91sen+t%C3%BAln%C5%91tt+azon+a+szinten%2C+amilyenre+a+l%C3%A1togatotts%C3%A1g+%C3%A9s+az+adatforgalom+alapj%C3%A1n+eredetileg+tervezt%C3%BCk.%3C%2Fspan%3E%3C%2Fp%3E%0D%0A%0D%0A%3Ch4+style%3D%22text-align%3A+justify%3B%22%3E%3Cspan+style%3D%22font-size%3A+12pt%3B%22%3EA+l%C3%A1togatotts%C3%A1g+az+%C3%A9v+v%C3%A9g%C3%A9re+%C3%A1tl%C3%A9pte+a+300+ezret%2C+az+%C3%A9ves+adatforgalom+pedig+1%2C35+TB+volt.%3C%2Fspan%3E%3C%2Fh4%3E%0D%0A%3Cp+style%3D%22text-align%3A+justify%3B%22%3E%3Cspan+style%3D%22font-size%3A+12pt%3B%22%3ENem%2C+ezeket+az+%C3%A9rt%C3%A9keket+nem+adathal%C3%A1sz+v%C3%ADrusok%2C+nem+netes+%22robotok%22%2C+hanem+ti%2C+olvas%C3%B3k+hozt%C3%A1tok+%C3%B6ssze%2C+ami+rendk%C3%ADv%C3%BCl+megtisztel%C5%91+%C3%A9s+egyben+hatalmas+%C3%B6r%C3%B6m+a+sz%C3%A1momra.+Ha+ilyen+%C3%BCtemben+fejl%C5%91d%C3%BCnk%2C+akkor+Szabolcs+bar%C3%A1tom+k%C3%A9nytelen+lesz+n%C3%B6velni+a+szerverpark+SSD+%C3%A1llom%C3%A1ny%C3%A1t.%0D%0A%0D%0A%3C%2Fspan%3E%3C%2Fp%3E%0D%0A%3Cstrong%3E%3Cspan+style%3D%22font-size%3A+12pt%3B%22%3EM%C3%A1s.%3C%2Fspan%3E%3C%2Fstrong%3E%0D%0A%3Cp+style%3D%22text-align%3A+justify%3B%22%3E%3Cspan+style%3D%22font-size%3A+12pt%3B%22%3EGyakran+felteszitek+a+k%C3%A9rd%C3%A9st+-+hozz%C3%A1sz%C3%B3l%C3%A1sokban%2C+mag%C3%A1nlevelekben+egyar%C3%A1nt+-%2C+hogy+pontosan+milyen+elemekb%C5%91l+%C3%A1ll+a+rendszer%2C+amit+hallgatok%2C+amin+filmeket+n%C3%A9zek.+Aff%C3%A9le+%C3%A9vz%C3%A1r%C3%A1sk%C3%A9nt+%2F+%C3%A9vnyit%C3%B3k%C3%A9nt+most+felsorolok+mindent%2C+s+egyben+jel%C3%B6l%C3%B6m+%28s%C3%A1rg%C3%A1val+%C3%A9s+linkkel%29+azokat%2C+melyekr%C5%91l+kor%C3%A1bban+m%C3%A1r+%C3%ADrtam.%3C%2Fspan%3E%3C%2Fp%3E%0D%0A%3Cp+style%3D%22text-align%3A+left%3B%22%3E%3Cstrong%3E%3Cspan+style%3D%22font-size%3A+12pt%3B%22%3ESztere%C3%B3+rendszer%3A%3C%2Fspan%3E%3C%2Fstrong%3E%0D%0A%3Cspan+style%3D%22font-size%3A+12pt%3B%22%3E%3Ca+href%3D%22https%3A%2F%2Flongkft.hu%2Faudioblog%2Fcd-futomu%2F%22+target%3D%22_blank%22+rel%3D%22noopener+noreferrer%22%3E%3Cspan+style%3D%22color%3A+%23ff6600%3B%22%3EPro-Ject+Audio+RS+CD-fut%C3%B3m%C5%B1%3C%2Fspan%3E%3C%2Fa%3E%2C+300+Wattos+anal%C3%B3g+t%C3%A1ppal%2C+ami+176+000+mikr%C3%B3nyi+puffer+kondenz%C3%A1torral+van+kieg%C3%A9sz%C3%ADtve%3C%2Fspan%3E%0D%0A%3Ca+href%3D%22https%3A%2F%2Flongkft.hu%2Faudioblog%2Fnapi-megvilagosodas-6%2F%22+target%3D%22_blank%22+rel%3D%22noopener+noreferrer%22%3E%3Cspan+style%3D%22font-size%3A+12pt%3B+color%3A+%23ff6600%3B%22%3ECore+Audio+Denpo+dac%3C%2Fspan%3E%3C%2Fa%3E%0D%0A%3Cspan+style%3D%22font-size%3A+12pt%3B%22%3E%3Cspan+style%3D%22color%3A+%23ff6600%3B%22%3EMusical+Fidelity+Nu-Vista+800%3C%2Fspan%3E+er%C5%91s%C3%ADt%C5%91%3C%2Fspan%3E%0D%0A%3Ca+href%3D%22https%3A%2F%2Flongkft.hu%2Faudioblog%2Fa-legkisebb-orias-wood-cone%2F%22+target%3D%22_blank%22+rel%3D%22noopener+noreferrer%22%3E%3Cspan+style%3D%22font-size%3A+12pt%3B+color%3A+%23ff6600%3B%22%3EJVC+sz%C3%A9less%C3%A1v%C3%BA+hangsug%C3%A1rz%C3%B3%3C%2Fspan%3E%3C%2Fa%3E%0D%0A%3Cspan+style%3D%22font-size%3A+12pt%3B%22%3ESolid+Steel+Hyperspike+k%C3%A9sz%C3%BCl%C3%A9k%C3%A1llv%C3%A1nyok%3C%2Fspan%3E%0D%0A%3Cspan+style%3D%22font-size%3A+12pt%3B%22%3EHifi+Racks+hangsug%C3%A1rz%C3%B3%C3%A1llv%C3%A1ny%3C%2Fspan%3E%0D%0A%3Ca+href%3D%22https%3A%2F%2Flongkft.hu%2Faudioblog%2Fsiltech-ruby-hill%2F%22+target%3D%22_blank%22+rel%3D%22noopener+noreferrer%22%3E%3Cspan+style%3D%22font-size%3A+12pt%3B+color%3A+%23ff6600%3B%22%3ECables+%28Radnai+Rudolf%29+k%C3%A1belez%C3%A9s%3C%2Fspan%3E%3C%2Fa%3E%0D%0A%3Cspan+style%3D%22font-size%3A+12pt%3B%22%3E%3Ca+href%3D%22https%3A%2F%2Flongkft.hu%2Faudioblog%2Fentreq-virtualis-fold-ground-box%2F%22+target%3D%22_blank%22+rel%3D%22noopener+noreferrer%22%3E%3Cspan+style%3D%22color%3A+%23ff6600%3B%22%3EEntreq%3C%2Fspan%3E%3C%2Fa%3E+%2B+%3Ca+href%3D%22https%3A%2F%2Flongkft.hu%2Faudioblog%2Fvirtualis_fold%2F%22+target%3D%22_blank%22+rel%3D%22noopener+noreferrer%22%3E%3Cspan+style%3D%22color%3A+%23ff6600%3B%22%3ECables%3C%2Fspan%3E%3C%2Fa%3E+%2B+%3Ca+href%3D%22https%3A%2F%2Flongkft.hu%2Faudioblog%2Fvirtualis-fold-ground-box_3%2F%22+target%3D%22_blank%22+rel%3D%22noopener+noreferrer%22%3E%3Cspan+style%3D%22color%3A+%23ff6600%3B%22%3ES%C3%BCk%C3%B6sd+G%C3%A1bor%3C%2Fspan%3E%3C%2Fa%3E+virtu%C3%A1lisf%C3%B6ldek%3C%2Fspan%3E%0D%0A%3Cspan+style%3D%22font-size%3A+12pt%3B%22%3ES%C3%BCk%C3%B6sd+G%C3%A1bor+%2B+%3Ca+href%3D%22https%3A%2F%2Flongkft.hu%2Faudioblog%2Fmegnyitott-a-core-audio-bemutatoterme%2F%22+target%3D%22_blank%22+rel%3D%22noopener+noreferrer%22%3E%3Cspan+style%3D%22color%3A+%23ff6600%3B%22%3EMenyus+%28Menyh%C3%A1rt+L%C3%A1szl%C3%B3%29%3C%2Fspan%3E%3C%2Fa%3E+p%C3%A1rhuzamos+t%C3%A1psz%C5%B1r%C5%91k%3C%2Fspan%3E%0D%0A%3Cspan+style%3D%22font-size%3A+12pt%3B%22%3E%3Ca+href%3D%22https%3A%2F%2Flongkft.hu%2Faudioblog%2Fcardas-fakocka%2F%22+target%3D%22_blank%22+rel%3D%22noopener+noreferrer%22%3E%3Cspan+style%3D%22color%3A+%23ff6600%3B%22%3ECardas%3C%2Fspan%3E%3C%2Fa%3E+%2B+Yamamoto+%2B+Franck+Tchang+al%C3%A1t%C3%A9tek%3C%2Fspan%3E%0D%0A%0D%0A%3Cstrong%3E%3Cspan+style%3D%22font-size%3A+12pt%3B%22%3EH%C3%A1zimozi%3A%3C%2Fspan%3E%3C%2Fstrong%3E%0D%0A%3Ca+href%3D%22https%3A%2F%2Flongkft.hu%2Faudioblog%2Fps-audio-p10-tapgenerator-a-vegallomas-2%2F%22+target%3D%22_blank%22+rel%3D%22noopener+noreferrer%22%3E%3Cspan+style%3D%22font-size%3A+12pt%3B+color%3A+%23ff6600%3B%22%3EPS+Audio+P10+t%C3%A1pgener%C3%A1tor%3C%2Fspan%3E%3C%2Fa%3E%0D%0A%3Cspan+style%3D%22font-size%3A+12pt%3B%22%3EPioneer+BDP-LX88+BD-j%C3%A1tsz%C3%B3+%2F+h%C3%A1l%C3%B3zati+lej%C3%A1tsz%C3%B3%3C%2Fspan%3E%0D%0A%3Cspan+style%3D%22font-size%3A+12pt%3B%22%3ENAD+T757+hm-er%C5%91s%C3%ADt%C5%91%3C%2Fspan%3E%0D%0A%3Cspan+style%3D%22font-size%3A+12pt%3B%22%3ECelestion+F-sorozat+hangsug%C3%A1rz%C3%B3k+%28m%C3%A1r+18+%C3%A9ve%29%3C%2Fspan%3E%0D%0A%3Cspan+style%3D%22font-size%3A+12pt%3B%22%3EREL+T5+szub%3C%2Fspan%3E%0D%0A%3Cspan+style%3D%22font-size%3A+12pt%3B%22%3ESolid+Steel+6.2+%C3%A9s+5.3+k%C3%A9sz%C3%BCl%C3%A9k%C3%A1llv%C3%A1nyok%0D%0A%3Ca+href%3D%22https%3A%2F%2Flongkft.hu%2Faudioblog%2Faz-induktivitas-kincse-hangszorokabel%2F%22+target%3D%22_blank%22+rel%3D%22noopener+noreferrer%22%3E%3Cspan+style%3D%22color%3A+%23ff6600%3B%22%3EInduktivit%C3%A1sb%C3%B3l+k%C3%A9sz%C3%ADtett+hangsz%C3%B3r%C3%B3k%C3%A1belek%3C%2Fspan%3E%3C%2Fa%3E+%28m%C3%A1r+18+%C3%A9ve%29%3C%2Fspan%3E%0D%0A%3Ca+href%3D%22https%3A%2F%2Favx.hu%2Fforum%2Fviewforum.php%3Ff%3D147%22+target%3D%22_blank%22+rel%3D%22noopener+noreferrer%22%3E%3Cspan+style%3D%22font-size%3A+12pt%3B+color%3A+%23ff6600%3B%22%3ECables+%28Radnai+Rudolf%29+t%C3%A1pk%C3%A1belek%3C%2Fspan%3E%3C%2Fa%3E%0D%0A%3Cspan+style%3D%22font-size%3A+12pt%3B%22%3EEntreq+%2B+Cables+%2B+S%C3%BCk%C3%B6sd+G%C3%A1bor+virtu%C3%A1lisf%C3%B6ldek%3C%2Fspan%3E%0D%0A%3Cspan+style%3D%22font-size%3A+12pt%3B%22%3ECrystal+1.3+HDMI-k%C3%A1belek%3C%2Fspan%3E%0D%0A%3Cspan+style%3D%22font-size%3A+12pt%3B%22%3ECardas+%2B+Yamamoto+%2B+Franck+Tchang+al%C3%A1t%C3%A9tek%3C%2Fspan%3E%0D%0A%3Cspan+style%3D%22font-size%3A+12pt%3B%22%3EAudioQuest+ethernet-k%C3%A1belek%3C%2Fspan%3E%3C%2Fp%3E%0D%0A%3Cstrong%3E%3Cspan+style%3D%22font-size%3A+12pt%3B%22%3EEgy%C3%A9b%3A%3C%2Fspan%3E%3C%2Fstrong%3E%0D%0A%3Cspan+style%3D%22font-size%3A+12pt%3B%22%3E%3Ca+href%3D%22https%3A%2F%2Flongkft.hu%2Faudioblog%2Fmostantol-szines-tintakrol-almodom-szines-tuning%2F%22+target%3D%22_blank%22+rel%3D%22noopener+noreferrer%22%3E%3Cspan+style%3D%22color%3A+%23ff6600%3B%22%3ESz%C3%ADntuning%3C%2Fspan%3E%3C%2Fa%3E%2C+%3Ca+href%3D%22https%3A%2F%2Flongkft.hu%2Faudioblog%2Fmire-jo-a-9-voltos-elem-masodik-menet%2F%22+target%3D%22_blank%22+rel%3D%22noopener+noreferrer%22%3E%3Cspan+style%3D%22color%3A+%23ff6600%3B%22%3Eelemes+tuning%3C%2Fspan%3E%3C%2Fa%3E%2C+valamint+%3Ca+href%3D%22https%3A%2F%2Flongkft.hu%2Faudioblog%2Fszobaakusztika-mindennapi-smirglinket-add-meg-nekunk-ma%2F%22+target%3D%22_blank%22+rel%3D%22noopener+noreferrer%22%3E%3Cspan+style%3D%22color%3A+%23ff6600%3B%22%3Esmirglilapok%3C%2Fspan%3E%3C%2Fa%3E+a+megfelel%C5%91+helyeken%2C+7+db+%3Ca+href%3D%22https%3A%2F%2Flongkft.hu%2Faudioblog%2Fentreq-3%2F%22+target%3D%22_blank%22+rel%3D%22noopener+noreferrer%22%3E%3Cspan+style%3D%22color%3A+%23ff6600%3B%22%3EEntreq+Vibb+Eater%3C%2Fspan%3E%3C%2Fa%3E.%3C%2Fspan%3E%0D%0A%3Cspan+style%3D%22font-size%3A+12pt%3B%22%3E...%C3%A9s+persze+6300+db+fapiramis+a+plafonon+%C3%A9s+6-7000+k%C3%B6nyv+a+polcokon%3C%2Fspan%3E&amp;source=Longaudio\"><\/a><a target=\"_blank\" class=\"gplusz\" title=\"\" rel=\"external\" href=\"https:\/\/plusone.google.com\/_\/+1\/confirm?url=https:\/\/longkft.hu\/audioblog\/rendhagyo-bucsu-az-oevtol\/\"><\/a><a target=\"_blank\" rel=\"nofollow\" class=\"email\" href=\"mailto:?subject=Longaudio - Rendhagy\u00f3 b\u00facs\u00fa az \u00f3\u00e9vt\u0151l&amp;body=Kedves Bar\u00e1tom! Most olvastam a(z) Rendhagy\u00f3 b\u00facs\u00fa az \u00f3\u00e9vt\u0151l  c\u00edm\u0171 cikket a(z) Longaudio  oldalon. Hivatkoz\u00e1s:  https:\/\/longkft.hu\/audioblog\/rendhagyo-bucsu-az-oevtol\/\" title=\"\"><\/a><a class=\"nyomtatas\" title=\"\" href=\"http:\/\/www.printfriendly.com\" onclick=\"window.print();return false;\"><\/a>","protected":false},"author":2,"featured_media":9136,"comment_status":"open","ping_status":"closed","sticky":false,"template":"","format":"standard","meta":{"footnotes":""},"categories":[1],"tags":[],"class_list":["post-9135","post","type-post","status-publish","format-standard","has-post-thumbnail","hentry","category-egyeb"],"yoast_head":"<!-- This site is optimized with the Yoast SEO plugin v27.4 - https:\/\/yoast.com\/product\/yoast-seo-wordpress\/ -->\n<title>Rendhagy\u00f3 b\u00facs\u00fa az \u00f3\u00e9vt\u0151l - Longaudio<\/title>\n<meta name=\"robots\" content=\"index, follow, max-snippet:-1, max-image-preview:large, max-video-preview:-1\" \/>\n<link rel=\"canonical\" href=\"https:\/\/longkft.hu\/audioblog\/rendhagyo-bucsu-az-oevtol\/\" \/>\n<meta property=\"og:locale\" content=\"hu_HU\" \/>\n<meta property=\"og:type\" content=\"article\" \/>\n<meta property=\"og:title\" content=\"Rendhagy\u00f3 b\u00facs\u00fa az \u00f3\u00e9vt\u0151l - Longaudio\" \/>\n<meta property=\"og:description\" content=\"\u0150 Fanni. Fannival el\u0151sz\u00f6r a megsz\u00fclet\u00e9se napj\u00e1n tal\u00e1lkoztam \u00e9s tartottam a karomban. Majd egyszer-k\u00e9tszer seg\u00edtettem a pelenk\u00e1z\u00e1s\u00e1ban, l\u00e1ttam az els\u0151...\" \/>\n<meta property=\"og:url\" content=\"https:\/\/longkft.hu\/audioblog\/rendhagyo-bucsu-az-oevtol\/\" \/>\n<meta property=\"og:site_name\" content=\"Longaudio\" \/>\n<meta property=\"article:publisher\" content=\"https:\/\/www.facebook.com\/longkft\" \/>\n<meta property=\"article:author\" content=\"https:\/\/www.facebook.com\/longkft\" \/>\n<meta property=\"article:published_time\" content=\"2021-01-01T16:51:26+00:00\" \/>\n<meta property=\"og:image\" content=\"https:\/\/i0.wp.com\/longkft.hu\/audioblog\/wp-content\/uploads\/2021\/01\/fanni-nyito.jpg?fit=1000%2C607&ssl=1\" \/>\n\t<meta property=\"og:image:width\" content=\"1000\" \/>\n\t<meta property=\"og:image:height\" content=\"607\" \/>\n\t<meta property=\"og:image:type\" content=\"image\/jpeg\" \/>\n<meta name=\"author\" content=\"Long\" \/>\n<meta name=\"twitter:card\" content=\"summary_large_image\" \/>\n<meta name=\"twitter:label1\" content=\"Szerz\u0151:\" \/>\n\t<meta name=\"twitter:data1\" content=\"Long\" \/>\n\t<meta name=\"twitter:label2\" content=\"Becs\u00fclt olvas\u00e1si id\u0151\" \/>\n\t<meta name=\"twitter:data2\" content=\"4 perc\" \/>\n<script type=\"application\/ld+json\" class=\"yoast-schema-graph\">{\"@context\":\"https:\\\/\\\/schema.org\",\"@graph\":[{\"@type\":\"Article\",\"@id\":\"https:\\\/\\\/longkft.hu\\\/audioblog\\\/rendhagyo-bucsu-az-oevtol\\\/#article\",\"isPartOf\":{\"@id\":\"https:\\\/\\\/longkft.hu\\\/audioblog\\\/rendhagyo-bucsu-az-oevtol\\\/\"},\"author\":{\"name\":\"Long\",\"@id\":\"https:\\\/\\\/longkft.hu\\\/audioblog\\\/#\\\/schema\\\/person\\\/645cabad2d8e942354ed2caeef3aa9ea\"},\"headline\":\"Rendhagy\u00f3 b\u00facs\u00fa az \u00f3\u00e9vt\u0151l\",\"datePublished\":\"2021-01-01T16:51:26+00:00\",\"mainEntityOfPage\":{\"@id\":\"https:\\\/\\\/longkft.hu\\\/audioblog\\\/rendhagyo-bucsu-az-oevtol\\\/\"},\"wordCount\":774,\"commentCount\":0,\"publisher\":{\"@id\":\"https:\\\/\\\/longkft.hu\\\/audioblog\\\/#\\\/schema\\\/person\\\/645cabad2d8e942354ed2caeef3aa9ea\"},\"image\":{\"@id\":\"https:\\\/\\\/longkft.hu\\\/audioblog\\\/rendhagyo-bucsu-az-oevtol\\\/#primaryimage\"},\"thumbnailUrl\":\"https:\\\/\\\/longkft.hu\\\/audioblog\\\/wp-content\\\/uploads\\\/2021\\\/01\\\/fanni-nyito.jpg\",\"inLanguage\":\"hu\",\"potentialAction\":[{\"@type\":\"CommentAction\",\"name\":\"Comment\",\"target\":[\"https:\\\/\\\/longkft.hu\\\/audioblog\\\/rendhagyo-bucsu-az-oevtol\\\/#respond\"]}]},{\"@type\":\"WebPage\",\"@id\":\"https:\\\/\\\/longkft.hu\\\/audioblog\\\/rendhagyo-bucsu-az-oevtol\\\/\",\"url\":\"https:\\\/\\\/longkft.hu\\\/audioblog\\\/rendhagyo-bucsu-az-oevtol\\\/\",\"name\":\"Rendhagy\u00f3 b\u00facs\u00fa az \u00f3\u00e9vt\u0151l - Longaudio\",\"isPartOf\":{\"@id\":\"https:\\\/\\\/longkft.hu\\\/audioblog\\\/#website\"},\"primaryImageOfPage\":{\"@id\":\"https:\\\/\\\/longkft.hu\\\/audioblog\\\/rendhagyo-bucsu-az-oevtol\\\/#primaryimage\"},\"image\":{\"@id\":\"https:\\\/\\\/longkft.hu\\\/audioblog\\\/rendhagyo-bucsu-az-oevtol\\\/#primaryimage\"},\"thumbnailUrl\":\"https:\\\/\\\/longkft.hu\\\/audioblog\\\/wp-content\\\/uploads\\\/2021\\\/01\\\/fanni-nyito.jpg\",\"datePublished\":\"2021-01-01T16:51:26+00:00\",\"breadcrumb\":{\"@id\":\"https:\\\/\\\/longkft.hu\\\/audioblog\\\/rendhagyo-bucsu-az-oevtol\\\/#breadcrumb\"},\"inLanguage\":\"hu\",\"potentialAction\":[{\"@type\":\"ReadAction\",\"target\":[\"https:\\\/\\\/longkft.hu\\\/audioblog\\\/rendhagyo-bucsu-az-oevtol\\\/\"]}]},{\"@type\":\"ImageObject\",\"inLanguage\":\"hu\",\"@id\":\"https:\\\/\\\/longkft.hu\\\/audioblog\\\/rendhagyo-bucsu-az-oevtol\\\/#primaryimage\",\"url\":\"https:\\\/\\\/longkft.hu\\\/audioblog\\\/wp-content\\\/uploads\\\/2021\\\/01\\\/fanni-nyito.jpg\",\"contentUrl\":\"https:\\\/\\\/longkft.hu\\\/audioblog\\\/wp-content\\\/uploads\\\/2021\\\/01\\\/fanni-nyito.jpg\",\"width\":1000,\"height\":607},{\"@type\":\"BreadcrumbList\",\"@id\":\"https:\\\/\\\/longkft.hu\\\/audioblog\\\/rendhagyo-bucsu-az-oevtol\\\/#breadcrumb\",\"itemListElement\":[{\"@type\":\"ListItem\",\"position\":1,\"name\":\"Kezd\u0151oldal\",\"item\":\"https:\\\/\\\/longkft.hu\\\/audioblog\\\/\"},{\"@type\":\"ListItem\",\"position\":2,\"name\":\"Rendhagy\u00f3 b\u00facs\u00fa az \u00f3\u00e9vt\u0151l\"}]},{\"@type\":\"WebSite\",\"@id\":\"https:\\\/\\\/longkft.hu\\\/audioblog\\\/#website\",\"url\":\"https:\\\/\\\/longkft.hu\\\/audioblog\\\/\",\"name\":\"Longaudio\",\"description\":\"50 \u00e9v lemezgy\u0171jtem\u00e9nye \u00e9s audio k\u00e9sz\u00fcl\u00e9kei\",\"publisher\":{\"@id\":\"https:\\\/\\\/longkft.hu\\\/audioblog\\\/#\\\/schema\\\/person\\\/645cabad2d8e942354ed2caeef3aa9ea\"},\"potentialAction\":[{\"@type\":\"SearchAction\",\"target\":{\"@type\":\"EntryPoint\",\"urlTemplate\":\"https:\\\/\\\/longkft.hu\\\/audioblog\\\/?s={search_term_string}\"},\"query-input\":{\"@type\":\"PropertyValueSpecification\",\"valueRequired\":true,\"valueName\":\"search_term_string\"}}],\"inLanguage\":\"hu\"},{\"@type\":[\"Person\",\"Organization\"],\"@id\":\"https:\\\/\\\/longkft.hu\\\/audioblog\\\/#\\\/schema\\\/person\\\/645cabad2d8e942354ed2caeef3aa9ea\",\"name\":\"Long\",\"image\":{\"@type\":\"ImageObject\",\"inLanguage\":\"hu\",\"@id\":\"https:\\\/\\\/longkft.hu\\\/audioblog\\\/wp-content\\\/uploads\\\/2018\\\/01\\\/logo.jpg\",\"url\":\"https:\\\/\\\/longkft.hu\\\/audioblog\\\/wp-content\\\/uploads\\\/2018\\\/01\\\/logo.jpg\",\"contentUrl\":\"https:\\\/\\\/longkft.hu\\\/audioblog\\\/wp-content\\\/uploads\\\/2018\\\/01\\\/logo.jpg\",\"width\":240,\"height\":240,\"caption\":\"Long\"},\"logo\":{\"@id\":\"https:\\\/\\\/longkft.hu\\\/audioblog\\\/wp-content\\\/uploads\\\/2018\\\/01\\\/logo.jpg\"},\"sameAs\":[\"https:\\\/\\\/www.facebook.com\\\/longkft\",\"https:\\\/\\\/hu.pinterest.com\\\/farkas1051\\\/_saved\\\/\"],\"url\":\"https:\\\/\\\/longkft.hu\\\/audioblog\\\/author\\\/audioblogger\\\/\"}]}<\/script>\n<!-- \/ Yoast SEO plugin. -->","yoast_head_json":{"title":"Rendhagy\u00f3 b\u00facs\u00fa az \u00f3\u00e9vt\u0151l - Longaudio","robots":{"index":"index","follow":"follow","max-snippet":"max-snippet:-1","max-image-preview":"max-image-preview:large","max-video-preview":"max-video-preview:-1"},"canonical":"https:\/\/longkft.hu\/audioblog\/rendhagyo-bucsu-az-oevtol\/","og_locale":"hu_HU","og_type":"article","og_title":"Rendhagy\u00f3 b\u00facs\u00fa az \u00f3\u00e9vt\u0151l - Longaudio","og_description":"\u0150 Fanni. Fannival el\u0151sz\u00f6r a megsz\u00fclet\u00e9se napj\u00e1n tal\u00e1lkoztam \u00e9s tartottam a karomban. Majd egyszer-k\u00e9tszer seg\u00edtettem a pelenk\u00e1z\u00e1s\u00e1ban, l\u00e1ttam az els\u0151...","og_url":"https:\/\/longkft.hu\/audioblog\/rendhagyo-bucsu-az-oevtol\/","og_site_name":"Longaudio","article_publisher":"https:\/\/www.facebook.com\/longkft","article_author":"https:\/\/www.facebook.com\/longkft","article_published_time":"2021-01-01T16:51:26+00:00","og_image":[{"width":1000,"height":607,"url":"https:\/\/i0.wp.com\/longkft.hu\/audioblog\/wp-content\/uploads\/2021\/01\/fanni-nyito.jpg?fit=1000%2C607&ssl=1","type":"image\/jpeg"}],"author":"Long","twitter_card":"summary_large_image","twitter_misc":{"Szerz\u0151:":"Long","Becs\u00fclt olvas\u00e1si id\u0151":"4 perc"},"schema":{"@context":"https:\/\/schema.org","@graph":[{"@type":"Article","@id":"https:\/\/longkft.hu\/audioblog\/rendhagyo-bucsu-az-oevtol\/#article","isPartOf":{"@id":"https:\/\/longkft.hu\/audioblog\/rendhagyo-bucsu-az-oevtol\/"},"author":{"name":"Long","@id":"https:\/\/longkft.hu\/audioblog\/#\/schema\/person\/645cabad2d8e942354ed2caeef3aa9ea"},"headline":"Rendhagy\u00f3 b\u00facs\u00fa az \u00f3\u00e9vt\u0151l","datePublished":"2021-01-01T16:51:26+00:00","mainEntityOfPage":{"@id":"https:\/\/longkft.hu\/audioblog\/rendhagyo-bucsu-az-oevtol\/"},"wordCount":774,"commentCount":0,"publisher":{"@id":"https:\/\/longkft.hu\/audioblog\/#\/schema\/person\/645cabad2d8e942354ed2caeef3aa9ea"},"image":{"@id":"https:\/\/longkft.hu\/audioblog\/rendhagyo-bucsu-az-oevtol\/#primaryimage"},"thumbnailUrl":"https:\/\/longkft.hu\/audioblog\/wp-content\/uploads\/2021\/01\/fanni-nyito.jpg","inLanguage":"hu","potentialAction":[{"@type":"CommentAction","name":"Comment","target":["https:\/\/longkft.hu\/audioblog\/rendhagyo-bucsu-az-oevtol\/#respond"]}]},{"@type":"WebPage","@id":"https:\/\/longkft.hu\/audioblog\/rendhagyo-bucsu-az-oevtol\/","url":"https:\/\/longkft.hu\/audioblog\/rendhagyo-bucsu-az-oevtol\/","name":"Rendhagy\u00f3 b\u00facs\u00fa az \u00f3\u00e9vt\u0151l - Longaudio","isPartOf":{"@id":"https:\/\/longkft.hu\/audioblog\/#website"},"primaryImageOfPage":{"@id":"https:\/\/longkft.hu\/audioblog\/rendhagyo-bucsu-az-oevtol\/#primaryimage"},"image":{"@id":"https:\/\/longkft.hu\/audioblog\/rendhagyo-bucsu-az-oevtol\/#primaryimage"},"thumbnailUrl":"https:\/\/longkft.hu\/audioblog\/wp-content\/uploads\/2021\/01\/fanni-nyito.jpg","datePublished":"2021-01-01T16:51:26+00:00","breadcrumb":{"@id":"https:\/\/longkft.hu\/audioblog\/rendhagyo-bucsu-az-oevtol\/#breadcrumb"},"inLanguage":"hu","potentialAction":[{"@type":"ReadAction","target":["https:\/\/longkft.hu\/audioblog\/rendhagyo-bucsu-az-oevtol\/"]}]},{"@type":"ImageObject","inLanguage":"hu","@id":"https:\/\/longkft.hu\/audioblog\/rendhagyo-bucsu-az-oevtol\/#primaryimage","url":"https:\/\/longkft.hu\/audioblog\/wp-content\/uploads\/2021\/01\/fanni-nyito.jpg","contentUrl":"https:\/\/longkft.hu\/audioblog\/wp-content\/uploads\/2021\/01\/fanni-nyito.jpg","width":1000,"height":607},{"@type":"BreadcrumbList","@id":"https:\/\/longkft.hu\/audioblog\/rendhagyo-bucsu-az-oevtol\/#breadcrumb","itemListElement":[{"@type":"ListItem","position":1,"name":"Kezd\u0151oldal","item":"https:\/\/longkft.hu\/audioblog\/"},{"@type":"ListItem","position":2,"name":"Rendhagy\u00f3 b\u00facs\u00fa az \u00f3\u00e9vt\u0151l"}]},{"@type":"WebSite","@id":"https:\/\/longkft.hu\/audioblog\/#website","url":"https:\/\/longkft.hu\/audioblog\/","name":"Longaudio","description":"50 \u00e9v lemezgy\u0171jtem\u00e9nye \u00e9s audio k\u00e9sz\u00fcl\u00e9kei","publisher":{"@id":"https:\/\/longkft.hu\/audioblog\/#\/schema\/person\/645cabad2d8e942354ed2caeef3aa9ea"},"potentialAction":[{"@type":"SearchAction","target":{"@type":"EntryPoint","urlTemplate":"https:\/\/longkft.hu\/audioblog\/?s={search_term_string}"},"query-input":{"@type":"PropertyValueSpecification","valueRequired":true,"valueName":"search_term_string"}}],"inLanguage":"hu"},{"@type":["Person","Organization"],"@id":"https:\/\/longkft.hu\/audioblog\/#\/schema\/person\/645cabad2d8e942354ed2caeef3aa9ea","name":"Long","image":{"@type":"ImageObject","inLanguage":"hu","@id":"https:\/\/longkft.hu\/audioblog\/wp-content\/uploads\/2018\/01\/logo.jpg","url":"https:\/\/longkft.hu\/audioblog\/wp-content\/uploads\/2018\/01\/logo.jpg","contentUrl":"https:\/\/longkft.hu\/audioblog\/wp-content\/uploads\/2018\/01\/logo.jpg","width":240,"height":240,"caption":"Long"},"logo":{"@id":"https:\/\/longkft.hu\/audioblog\/wp-content\/uploads\/2018\/01\/logo.jpg"},"sameAs":["https:\/\/www.facebook.com\/longkft","https:\/\/hu.pinterest.com\/farkas1051\/_saved\/"],"url":"https:\/\/longkft.hu\/audioblog\/author\/audioblogger\/"}]}},"_links":{"self":[{"href":"https:\/\/longkft.hu\/audioblog\/wp-json\/wp\/v2\/posts\/9135","targetHints":{"allow":["GET"]}}],"collection":[{"href":"https:\/\/longkft.hu\/audioblog\/wp-json\/wp\/v2\/posts"}],"about":[{"href":"https:\/\/longkft.hu\/audioblog\/wp-json\/wp\/v2\/types\/post"}],"author":[{"embeddable":true,"href":"https:\/\/longkft.hu\/audioblog\/wp-json\/wp\/v2\/users\/2"}],"replies":[{"embeddable":true,"href":"https:\/\/longkft.hu\/audioblog\/wp-json\/wp\/v2\/comments?post=9135"}],"version-history":[{"count":0,"href":"https:\/\/longkft.hu\/audioblog\/wp-json\/wp\/v2\/posts\/9135\/revisions"}],"wp:featuredmedia":[{"embeddable":true,"href":"https:\/\/longkft.hu\/audioblog\/wp-json\/wp\/v2\/media\/9136"}],"wp:attachment":[{"href":"https:\/\/longkft.hu\/audioblog\/wp-json\/wp\/v2\/media?parent=9135"}],"wp:term":[{"taxonomy":"category","embeddable":true,"href":"https:\/\/longkft.hu\/audioblog\/wp-json\/wp\/v2\/categories?post=9135"},{"taxonomy":"post_tag","embeddable":true,"href":"https:\/\/longkft.hu\/audioblog\/wp-json\/wp\/v2\/tags?post=9135"}],"curies":[{"name":"wp","href":"https:\/\/api.w.org\/{rel}","templated":true}]}}