{"id":9152,"date":"2021-01-05T17:05:46","date_gmt":"2021-01-05T17:05:46","guid":{"rendered":"https:\/\/longkft.hu\/audioblog\/?p=9152"},"modified":"2022-02-09T12:44:33","modified_gmt":"2022-02-09T12:44:33","slug":"az-egyertelmu-fejlodes-vf-max-virtualisfold","status":"publish","type":"post","link":"https:\/\/longkft.hu\/audioblog\/az-egyertelmu-fejlodes-vf-max-virtualisfold\/","title":{"rendered":"Az egy\u00e9rtelm\u0171 fejl\u0151d\u00e9s &#8211; VF Max virtu\u00e1lisf\u00f6ld"},"content":{"rendered":"<p style=\"text-align: justify;\"><span style=\"font-size: 12pt;\">N\u00e9mi fejt\u00f6r\u00e9st okozott veletek szemben is, magammal szemben is, hogy ezt most hogyan is kellene megfogalmaznom &#8211; sz\u00f3val, beker\u00fclt a rendszerembe m\u00e9g egy \u00fajabb virtu\u00e1lisf\u00f6ld. Term\u00e9szetesen err\u0151l ism\u00e9t nem \u00e9n tehetek, hanem most (megint) Radnai Rudolf &#8211; alias Power-R, alias Cables. M\u00e1r legal\u00e1bb egy \u00e9ve javasoltam neki, hogy a k\u00f6nnyebb azonos\u00edthat\u00f3s\u00e1g kedv\u00e9\u00e9rt csak egy nevet kellene haszn\u00e1lnia, amit most \u00faj\u00e9vi fogadalomk\u00e9nt el is hat\u00e1rozott &#8211; teh\u00e1t annak, hogy lett egy VF Max virtu\u00e1lisf\u00f6ld is a rendszeremben, kiz\u00e1r\u00f3lag Cables az oka.<\/span><\/p>\n<p style=\"text-align: justify;\"><span style=\"font-size: 12pt;\">Tudom, a virtu\u00e1lisf\u00f6ld elnevez\u00e9s igen-igen megt\u00e9veszt\u0151, hiszen ezt a kifejez\u00e9st az elektronik\u00e1ban eg\u00e9sz m\u00e1sra haszn\u00e1lj\u00e1k, de m\u00e9g mindig t\u00f6bb \u00e9rtelme van \u00edgy h\u00edvni, mintha azt \u00edrn\u00e1m, azt mondan\u00e1nk, hogy a t\u00e1pell\u00e1t\u00e1s v\u00e9d\u0151f\u00f6ldel\u00e9s\u00e9n \u00e9s null\u00e1j\u00e1n, valamint az elektronik\u00e1k null\u00e1j\u00e1n l\u00e9v\u0151 zajt cs\u00f6kkent\u0151 iz\u00e9&#8230;<\/span><\/p>\n<p style=\"text-align: justify;\"><span style=\"font-size: 12pt;\"><a href=\"https:\/\/longkft.hu\/audioblog\/virtualis_fold\/\" target=\"_blank\" rel=\"noopener noreferrer\"><span style=\"color: #ff6600;\">2018 elej\u00e9n m\u00e1r besz\u00e1moltam nektek Cables aktu\u00e1lis vf-megold\u00e1sair\u00f3l<\/span><\/a>, melyek k\u00f6z\u00f6tt voltak olyanok, melyek a rendszeremben (az \u00e9n preferenci\u00e1im szerint) nem okoztak el\u0151rel\u00e9p\u00e9st, valamint volt egy olyan vf-dug\u00f3, amib\u0151l bizony gyorsan be is v\u00e1s\u00e1roltam t\u00f6bb p\u00e9ld\u00e1nyt.<\/span><\/p>\n<p style=\"text-align: justify;\"><span style=\"font-size: 12pt;\">Az az\u00f3ta eltelt id\u0151ben Cables tov\u00e1bbfejlesztette vf-dug\u00f3it, melyekkel csak m\u00e1sok rendszereiben tal\u00e1lkoztam, azokat saj\u00e1t rendszeremben nem pr\u00f3b\u00e1ltam ki. Ennek k\u00e9t oka volt: egyr\u00e9szt nagyon sok m\u00e1s ir\u00e1nyb\u00f3l is \u00e9rtek &#8222;vf-hat\u00e1sok&#8221;, m\u00e1sr\u00e9szt pedig Cables a m\u00e1r megismert \u00e9s n\u00e1lam l\u00e9v\u0151 vf-dug\u00f3kban l\u00e9v\u0151 megold\u00e1st finom\u00edtotta, csiszolgatta.<\/span><\/p>\n<h3 style=\"text-align: justify;\"><span style=\"font-size: 14pt;\">N\u00e9h\u00e1ny h\u00f3napja felh\u00edvott, hogy kital\u00e1lt valami \u00fajat, valami m\u00e1s utat, ami szerinte jobb, mint a kor\u00e1bban haszn\u00e1lt megold\u00e1s &#8211; ez lett a VF Max virtu\u00e1lisf\u00f6ld (vagyis t\u00e1pdug\u00f3nak \u00e1lc\u00e1zott iz\u00e9).<\/span><\/h3>\n<p style=\"text-align: justify;\"><span style=\"font-size: 12pt;\">A Covid miatt, egyre csak toltuk halasztottuk a tal\u00e1lkoz\u00e1sunkat \u00e9s ebb\u0151l k\u00f6vetkez\u0151en a pr\u00f3b\u00e1t, de mivel nagyon k\u00edv\u00e1ncsiv\u00e1 tett a besz\u00e1mol\u00f3ja, \u00edgy a csal\u00e1dunk minden tagj\u00e1nak megl\u00e9v\u0151 negat\u00edv Covid-tesztje \u00e9s Cables maszkos, gumikeszty\u0171s be\u00f6lt\u00f6z\u00e9se mellett v\u00e9gre \u00f6sszej\u00f6tt a tal\u00e1lkoz\u00f3. Ezt \u00edgy le\u00edrva l\u00e1tni el\u00e9g megh\u00f6kkent\u0151, de ez van.<\/span><\/p>\n<p style=\"text-align: justify;\"><span style=\"font-size: 12pt;\"><a href=\"https:\/\/avx.hu\/forum\/viewforum.php?f=147\" target=\"_blank\" rel=\"noopener noreferrer\"><span style=\"color: #ff6600;\">J\u00f6tt Cables<\/span><\/a>, \u00e9s mag\u00e1val hozott egyetlen dug\u00f3t, ami a n\u00e1lam l\u00e9v\u0151 kor\u00e1bbi v\u00e1ltozatokt\u00f3l k\u00fcls\u0151leg annyiban k\u00fcl\u00f6nb\u00f6zik, hogy a fekete helyett, piros bevonatot kapott, valamint m\u00e1s van r\u00e1 \u00edrva.<\/span><\/p>\n<p style=\"text-align: center;\"><img loading=\"lazy\" decoding=\"async\" class=\"aligncenter size-full wp-image-9157\" src=\"https:\/\/longkft.hu\/audioblog\/wp-content\/uploads\/2021\/01\/VF-Max-virtualisfold.jpg\" alt=\"VF Max virtu\u00e1lisf\u00f6ld\" width=\"600\" height=\"300\" srcset=\"https:\/\/longkft.hu\/audioblog\/wp-content\/uploads\/2021\/01\/VF-Max-virtualisfold.jpg 600w, https:\/\/longkft.hu\/audioblog\/wp-content\/uploads\/2021\/01\/VF-Max-virtualisfold-300x150.jpg 300w, https:\/\/longkft.hu\/audioblog\/wp-content\/uploads\/2021\/01\/VF-Max-virtualisfold-200x100.jpg 200w, https:\/\/longkft.hu\/audioblog\/wp-content\/uploads\/2021\/01\/VF-Max-virtualisfold-400x200.jpg 400w\" sizes=\"auto, (max-width: 600px) 100vw, 600px\" \/><\/p>\n<p style=\"text-align: justify;\"><span style=\"font-size: 12pt;\">Cables kor\u00e1bbi vf-dug\u00f3in\u00e1l nagyon sokan tapasztaltuk azt, hogy azok t\u00e1pgener\u00e1torokba, bonyolultabb t\u00e1psz\u0171r\u0151kbe dugva bizony negat\u00edv hat\u00e1s\u00faak. Ha az \u00e9vek \u00f3ta n\u00e1lam l\u00e9v\u0151 kor\u00e1bbi v\u00e1ltozatot bedugtam a <a href=\"https:\/\/longkft.hu\/audioblog\/ps-audio-p10-tapgenerator-a-vegallomas-2\/\" target=\"_blank\" rel=\"noopener noreferrer\"><span style=\"color: #ff6600;\">PS Audio P10 t\u00e1pgener\u00e1torba<\/span><\/a>, bizony romlott a hang &#8211; ennyit a placebo hat\u00e1sr\u00f3l.<\/span><\/p>\n<p style=\"text-align: justify;\"><span style=\"font-size: 12pt;\">Ennek ok\u00e1t abszol\u00fat nem \u00e9rtem, hiszen a logika &#8211; \u00e9s persze a j\u00f3zan \u00e9sz &#8211; azt dikt\u00e1ln\u00e1, hogy a zajsz\u0171r\u00e9snek ott kellene t\u00f6rt\u00e9nnie, ahonnan a hangrendszer a t\u00e1pot kapja, de m\u00e9gsem. Cables kor\u00e1bbi dug\u00f3i \u00e9s az Entreq vf-dobozai nem k\u00f6thet\u0151k r\u00e1 a P10-re &#8211; term\u00e9szetesen hozz\u00e1 kell tennem, hogy n\u00e1lam, a n\u00e1lam l\u00e9v\u0151 t\u00e1p\u00f6sv\u00e9ny-kialak\u00edt\u00e1s \u00e9s saj\u00e1t v\u00e9d\u0151f\u00f6ldszonda mellett.<\/span><\/p>\n<p style=\"text-align: justify;\"><span style=\"font-size: 12pt;\">Ebb\u0151l k\u00f6vetkez\u0151en a vf-dug\u00f3k a lak\u00e1s k\u00fcl\u00f6nb\u00f6z\u0151 pontjain, a villany\u00f3r\u00e1t\u00f3l t\u00e1vol lettek elhelyezve \u00e9s a v\u00e9d\u0151f\u00f6ldel\u00e9sre k\u00f6tve, az <a href=\"https:\/\/www.entreq.com\/\" target=\"_blank\" rel=\"noopener noreferrer\"><span style=\"color: #ff6600;\">Entreq<\/span><\/a> dobozok k\u00f6z\u00fcl pedig 2 darab k\u00f6zvetlen\u00fcl a villany\u00f3r\u00e1n\u00e1l. Azonban az Entreq dobozok nem a v\u00e9d\u0151f\u00f6ldel\u00e9sre, hanem a null\u00e1ra vannak k\u00f6tve &#8211; n\u00e1lam a kett\u0151 nincs k\u00f6z\u00f6s\u00edtve. A meglehet\u0151sen, j\u00f3l bev\u00e1lt elempakkok k\u00f6z\u00fcl pedig az egyik a villany\u00f3r\u00e1n\u00e1l van v\u00e9d\u0151f\u00f6ldel\u00e9sre k\u00f6tve, a m\u00e1sik pedig a h\u00e1z elektromosan egyik legt\u00e1volabbi pontj\u00e1n.<\/span><\/p>\n<p style=\"text-align: justify;\"><span style=\"font-size: 12pt;\">Amennyiben a virtu\u00e1lisf\u00f6ldek puszt\u00e1n zajt sz\u0171rnek, azt gondolhatn\u00e1nk, hogy mindent megtettem &#8211; 4 db Cables-f\u00e9le vf-dug\u00f3, 2 db elempakk, <a href=\"https:\/\/longkft.hu\/audioblog\/entreq-virtualis-fold-ground-box\/\" target=\"_blank\" rel=\"noopener noreferrer\"><span style=\"color: #ff6600;\">2 db Entreq doboz<\/span><\/a> a t\u00e1pell\u00e1t\u00e1son, valamint <a href=\"https:\/\/longkft.hu\/audioblog\/mire-jo-a-9-voltos-elem-masodik-menet\/\" target=\"_blank\" rel=\"noopener noreferrer\"><span style=\"color: #ff6600;\">tov\u00e1bbi elempakkok<\/span><\/a>, egy nagy Entreq doboz \u00e9s <a href=\"https:\/\/longkft.hu\/audioblog\/virtualis-fold-ground-box_3\/\" target=\"_blank\" rel=\"noopener noreferrer\"><span style=\"color: #ff6600;\">S\u00fck\u00f6sd G\u00e1bor virtu\u00e1lisf\u00f6ldje<\/span><\/a> a k\u00e9sz\u00fcl\u00e9keken. Itt m\u00e1r csoda nem t\u00f6rt\u00e9nhet&#8230;<\/span><\/p>\n<p style=\"text-align: justify;\"><span style=\"font-size: 12pt;\">M\u00e1r sz\u00e1mtalanszor le\u00edrtam, hogy ha belekezd\u00fcnk a tuningol\u00e1s nev\u0171 &#8222;betegs\u00e9gbe&#8221;, akkor felt\u00e9tlen\u00fcl ellen\u0151rizz\u00fck magunkat, teh\u00e1t a nagy-nagy lelkesed\u00e9ssel rendszerbe-illesztett megold\u00e1st n\u00e9h\u00e1ny nap m\u00falva vegy\u00fck ki \u00e9s hallgassuk meg n\u00e9lk\u00fcle a rendszert. Mivel az egyetlen dologra, a hangk\u00e9p egyetlen \u00f6sszetev\u0151j\u00e9re val\u00f3 koncentr\u00e1l\u00e1s gyakran f\u00e9lrevihet minket, nagyon fontos az \u00f6nellen\u0151rz\u00e9s.<\/span><\/p>\n<p style=\"text-align: justify;\"><span style=\"font-size: 12pt;\">Cables \u00e9rkez\u00e9se el\u0151tt tettem \u00e9n is egy \u00f6nellen\u0151rz\u00e9st. Meghallgattam egy Paco de Lucia sz\u00f3l\u00f3darabot &#8211; koncertfelv\u00e9tel -, majd kih\u00faztam a falialjzatokb\u00f3l a r\u00e9gi vf-dug\u00f3kat \u00e9s meghallgattam \u00fajra. Azaz, megpr\u00f3b\u00e1ltam meghallgatni, de nem volt kedvem, mert el\u0151t\u00e9rbe-nyomakod\u00f3bb, f\u00e9mesebb, csattog\u00f3bb, \u00e9rzelemmentes volt a megsz\u00f3lal\u00f3 git\u00e1rhang.<\/span><\/p>\n<p style=\"text-align: justify;\"><span style=\"font-size: 12pt;\">N\u00e9mi megnyugv\u00e1ssal konstat\u00e1ltam az eredm\u00e9nyt \u00e9s visszadugtam a vf-eket a hely\u00fckre &#8211; ism\u00e9telten hangs\u00falyozom, nem a rendszerhez ki\u00e9p\u00edtett t\u00e1p\u00f6sv\u00e9nyre, hanem a lak\u00e1s k\u00fcl\u00f6nb\u00f6z\u0151 \u00e9s t\u00e1voli pontjain l\u00e9v\u0151 aljzatokba.<\/span><\/p>\n<h3 style=\"text-align: justify;\"><span style=\"font-size: 14pt;\">Ezut\u00e1n meg\u00e9rkezett Cables \u00e9s a VF Max virtu\u00e1lisf\u00f6ld.<\/span><\/h3>\n<p style=\"text-align: justify;\"><span style=\"font-size: 12pt;\">N\u00e9mi besz\u00e9lget\u00e9s ut\u00e1n r\u00f6gt\u00f6n a l\u00e9nyegre t\u00e9rt\u00fcnk, vagyis belev\u00e1gtunk a meghallgat\u00e1sba, amit r\u00f6gt\u00f6n azzal a teszttel kezdtem, amin eddig minden n\u00e1lam j\u00e1rt virtu\u00e1lisf\u00f6ld-megold\u00e1s elv\u00e9rzett &#8211; vagyis a piros dug\u00f3t bedugtam a PS Audio P10 t\u00e1pgener\u00e1torba.<\/span><\/p>\n<p style=\"text-align: justify;\"><span style=\"font-size: 12pt;\">Ennek k\u00e9t oka is volt, egyr\u00e9szt a k\u00edv\u00e1ncsis\u00e1g, hogy mit sz\u00f3l hozz\u00e1 a P10, m\u00e1sr\u00e9szt a lustas\u00e1g, mert a t\u00e1pgener\u00e1tor a zenehallgat\u00f3-fotelem mellett van, \u00edgy nagyon gyorsan \u00e9s k\u00f6nnyed\u00e9n lehet az aljzat\u00e1ba pl. egy vf-megold\u00e1st bedugni.<\/span><\/p>\n<p style=\"text-align: justify;\"><span style=\"font-size: 12pt;\">Term\u00e9szetesen a pr\u00f3ba el\u0151tt kerestem olyan zen\u00e9ket, melyeket az elm\u00falt napokban hallgattam, ami nem ment egyszer\u0171en, mert egyr\u00e9szt leragadtam a hallgat\u00e1sukban, m\u00e1sr\u00e9szt nem tudtam, hogy val\u00f3j\u00e1ban mivel is szeretn\u00e9k tesztelni (\u00e9s egy\u00e1ltal\u00e1n akarok-e).<\/span><\/p>\n<p style=\"text-align: justify;\"><span style=\"font-size: 12pt;\">Az els\u0151 v\u00e1lasztott felv\u00e9tel, <a href=\"https:\/\/www.youtube.com\/watch?v=6mTEpicRFwM\" target=\"_blank\" rel=\"noopener noreferrer\"><span style=\"color: #ff6600;\">Vivaldi &#8222;Juditha&#8221;<\/span><\/a> c. m\u0171ve volt, az igen monument\u00e1lisra sikeredett kezd\u00e9s\u00e9vel &#8211; minden hangszer egyszerre sz\u00f3l, a teljes k\u00f3rus egy\u00fctt\u00e9nekel, az \u00fcstdob folyamatosan p\u00fcf\u00f6l\u0151dik, a f\u00e9mf\u00fav\u00f3sok hars\u00e1nykodnak. Nem tipikusan Vivaldi darab, ink\u00e1bb amolyan &#8222;van v\u00e9r a puc\u00e1j\u00e1ban&#8221; st\u00edlus\u00fa &#8211; legal\u00e1bbis a felvezet\u00e9s.<\/span><\/p>\n<p style=\"text-align: justify;\"><span style=\"font-size: 12pt;\"><a href=\"https:\/\/longkft.hu\/audioblog\/a-legkisebb-orias-wood-cone\/\" target=\"_blank\" rel=\"noopener noreferrer\"><span style=\"color: #ff6600;\">A kis JVC<\/span><\/a> bizony megszenvedett t\u0151le, nem is volt kedvem feljebb tekerni a hanger\u0151t, majd beker\u00fclt a t\u00e1pgener\u00e1torba a VF Max virtu\u00e1lisf\u00f6ld.<\/span><\/p>\n<p style=\"text-align: justify;\"><span style=\"font-size: 12pt;\">Bor\u00edt\u00e9kolni mertem volna, hogy egy rosszabb, er\u0151szakosabb \u00e9s egyben tomp\u00e1bb hangk\u00e9pet fogok kapni. Azonban meglep\u0151dve hallottam, hogy az el\u0151ad\u00e1sban (JVC-kben) megjelent a test, az er\u0151, az energia \u00e9s elt\u0171nt a zavar\u00f3 hars\u00e1nys\u00e1g. Minden hangszer, minden \u00e9nekhang (a k\u00f3rus minden tagja) testesebb\u00e9, term\u00e9szetesebb\u00e9 v\u00e1lt, automatikusan el kezdtem emelni a hanger\u0151t. Kih\u00fazva a vf-dug\u00f3t, r\u00f6gt\u00f6n lejjebb kellett venni a hanger\u0151t, de m\u00e9g \u00fagyis zavar\u00f3bb\u00e1 v\u00e1lt a megsz\u00f3lal\u00e1s hars\u00e1nys\u00e1ga.<\/span><\/p>\n<p style=\"text-align: justify;\"><span style=\"font-size: 12pt;\">A k\u00f6vetkez\u0151 album egy <a href=\"https:\/\/www.youtube.com\/watch?v=s-jtdKjzQaE\" target=\"_blank\" rel=\"noopener noreferrer\"><span style=\"color: #ff6600;\">jap\u00e1n jazz-rock \/ jazz-funk gy\u0171jtem\u00e9ny<\/span><\/a> volt a 70-es \u00e9vekb\u0151l. (Ha m\u00e9g nem mondtam volna, im\u00e1dom a jap\u00e1n jazz, jazz-rock \u00e9s progressz\u00edv-rock felv\u00e9teleket.)<\/span><\/p>\n<p style=\"text-align: justify;\"><span style=\"font-size: 12pt;\">Dug\u00f3 n\u00e9lk\u00fcl meghallgatva abszol\u00fat pontosan megmutatta a kicsi hangsz\u00f3r\u00f3im hib\u00e1it, \u00e9s persze el\u0151nyeit. T\u00e9rben el\u00e9g j\u00f3l elhelyezett hangszerek, izgalmas k\u00f6z\u00e9p \u00e9s fels\u0151 tartom\u00e1ny, enyh\u00e9n \u00fcres als\u00f3 r\u00e9sz. A vf-dug\u00f3 hat\u00e1s\u00e1ra meger\u0151s\u00f6d\u00f6tt az als\u00f3 tartom\u00e1ny, egyar\u00e1nt testesebb\u00e9 \u00e9s energikusabb\u00e1 v\u00e1ltak a dobok, az elektromos zongora, a git\u00e1rok, cint\u00e1ny\u00e9rok. A t\u00e9rben n\u00e9mileg h\u00e1tr\u00e9bb h\u00faz\u00f3dtak a hangszerek. Ez egy\u00e9bk\u00e9nt a Vivaldi m\u0171n\u00e9l is jelentkezett, h\u00e1trafel\u00e9 t\u00e1gult a t\u00e9r, s\u0151t, egy kicsit minden zen\u00e9sz \u00e9s hangszer h\u00e1tr\u00e9bb l\u00e9pett.<\/span><\/p>\n<p style=\"text-align: center;\"><img loading=\"lazy\" decoding=\"async\" class=\"aligncenter size-full wp-image-9158\" src=\"https:\/\/longkft.hu\/audioblog\/wp-content\/uploads\/2021\/01\/VF-Max-virtualisfold_2.png\" alt=\"VF Max virtu\u00e1lisf\u00f6ld\" width=\"400\" height=\"385\" srcset=\"https:\/\/longkft.hu\/audioblog\/wp-content\/uploads\/2021\/01\/VF-Max-virtualisfold_2.png 400w, https:\/\/longkft.hu\/audioblog\/wp-content\/uploads\/2021\/01\/VF-Max-virtualisfold_2-300x289.png 300w, https:\/\/longkft.hu\/audioblog\/wp-content\/uploads\/2021\/01\/VF-Max-virtualisfold_2-200x193.png 200w\" sizes=\"auto, (max-width: 400px) 100vw, 400px\" \/><\/p>\n<p style=\"text-align: justify;\"><span style=\"font-size: 12pt;\"><a href=\"https:\/\/www.youtube.com\/watch?v=Ig91Z0-rBfo\" target=\"_blank\" rel=\"noopener noreferrer\"><span style=\"color: #ff6600;\">Sona Jobarteh koncertfelv\u00e9tel\u00e9vel<\/span><\/a> folytattam a sort, amely el\u0151ad\u00e1sban Sona n\u00e9mileg orrhang\u00fa \u00e9neke izgalmasan keveredik a k\u00fcl\u00f6nf\u00e9le egzotikus afrikai \u00fct\u0151s- \u00e9s penget\u0151s-hangszerek hangj\u00e1val, valamint egy b\u00e1rsonyosan m\u00e9ly hang\u00fa f\u00e9rfi \u00e9nekes refr\u00e9njeivel.<\/span><\/p>\n<p style=\"text-align: justify;\"><span style=\"font-size: 12pt;\">Nagyon izgalmas, l\u00fcktet\u0151 el\u0151ad\u00e1s, amit sajnos (sz\u00e1momra) eddig kicsit t\u00f6nkretett a f\u0151szerepl\u0151, Sona \u00e9nekhangja. \u00cdgy volt ez most is. Minden nagyon tetszett, a ritmus hat\u00e1s\u00e1ra mozg\u00e1sba kezdett kezem, l\u00e1bam, de az \u00e9nekhang kicsit zavart.<\/span><\/p>\n<p style=\"text-align: justify;\"><span style=\"font-size: 12pt;\">Bedugva a VF Max-ot, elt\u0171nt a hars\u00e1nys\u00e1g, az \u00e9nekesn\u0151 h\u00e1tr\u00e9bb l\u00e9pett egy m\u00e9tert, a jobb oldalon l\u00e9v\u0151 f\u00e9rfi, hangosabban, \u00e9rthet\u0151bben kezdett \u00e9nekelni. Minden hangszer, minden hang testesebb\u00e9, ugyanakkor simogat\u00f3bb\u00e1, sz\u00f3 szerint melegebb\u00e9 v\u00e1lt.<\/span><\/p>\n<p style=\"text-align: justify;\"><span style=\"font-size: 12pt;\">A feles\u00e9gem sok-sok \u00e9vig \u00e9nekelt k\u00f3rusban &#8211; j\u00e1rta a vil\u00e1got -, \u00edgy Sona Jobarteh hangj\u00e1t egy sz\u00f3l\u00f3r\u00e9szn\u00e9l vele is meghallgattattam. Sz\u00f3 szerint id\u00e9zem, mit mondott: &#8222;Az els\u0151 tomp\u00e1bb \u00e9s h\u00e1tr\u00e9bb sz\u00f3l, a m\u00e1sodik \u00e9lesebb \u00e9s el\u0151rej\u00f6n&#8221; &#8211; na ebb\u0151l okosodjatok ki. A k\u00e9rd\u00e9sre, hogy akkor szerinte, melyik a val\u00f3dibb, n\u00e9mi len\u00e9z\u00e9ssel a szem\u00e9ben csak ennyit mondott: &#8222;H\u00e1t az els\u0151 sokkal \u00e9l\u0151bb, te nem hallod?&#8221;. Az els\u0151 v\u00e1ltozatn\u00e1l volt bedugva a vf a t\u00e1pgener\u00e1torba.<\/span><\/p>\n<p style=\"text-align: justify;\"><span style=\"font-size: 12pt;\">Ezut\u00e1n m\u00e1r csak egy hangszerre, a zongor\u00e1ra voltam k\u00edv\u00e1ncsi, amely hangszer megsz\u00f3laltat\u00e1s\u00e1ban a sz\u00e9less\u00e1v\u00fam kifejezetten j\u00f3. Elind\u00edtottam <a href=\"https:\/\/www.youtube.com\/watch?v=41iYjJZCaVs\" target=\"_blank\" rel=\"noopener noreferrer\"><span style=\"color: #ff6600;\">Duke Jordan &#8222;Flight to Denmark&#8221;<\/span><\/a> album\u00e1t. El\u0151sz\u00f6r dug\u00f3 n\u00e9lk\u00fcl hallgattam meg az els\u0151 sz\u00e1mot, melyen a j\u00f3l ismert \u00e9s a hib\u00e1i ellen\u00e9re meglehet\u0151sen val\u00f3dinak t\u0171n\u0151 zongorahang sz\u00f3lt (dobbal, nagyb\u0151g\u0151vel k\u00eds\u00e9rve). Amikor beker\u00fclt a VF Max virtu\u00e1lisf\u00f6ld a P10-be, enyh\u00e9n sz\u00f3lva meglep\u0151dtem, tal\u00e1n, m\u00e9g a sz\u00e1mat is elt\u00e1tottam. A zongora m\u00e9rete megn\u0151tt, hangja testesebb\u00e9 v\u00e1lt \u00e9s tulajdonk\u00e9ppen hihet\u0151bb\u00e9 v\u00e1lt az is, hogy a kalap\u00e1csok nem szimpla h\u00farokat \u00fct\u00f6getnek valamilyen fel\u00fcleten, hanem mindez, egy m\u00e9retes &#8222;testben&#8221; t\u00f6rt\u00e9nik.<\/span><\/p>\n<p style=\"text-align: justify;\"><span style=\"font-size: 12pt;\">Nagyj\u00e1b\u00f3l id\u00e1ig jutottam, amikor megk\u00e9rdeztem Cables-t, hogy mennyi p\u00e9nzt vegyek ki a &#8222;dugifi\u00f3komb\u00f3l&#8221;, mert nagyon szomor\u00fa lenn\u00e9k, ha a dug\u00f3t elvinn\u00e9 t\u0151lem &#8211; kifizettem, megnyugodtam.<\/span><\/p>\n<p style=\"text-align: justify;\"><span style=\"font-size: 12pt;\">Este tov\u00e1bb vizsg\u00e1lgattam, hallgattam a piros vf-dug\u00f3t. (Nehogy kevered\u00e9s legyen, nem a kor\u00e1bbi piros v\u00e1ltozatr\u00f3l, hanem a Max t\u00edpusr\u00f3l van sz\u00f3.) Megkerestem a legjobb hely\u00e9t, ami bizony a t\u00e1pgener\u00e1torban volt. Mivel ez v\u00e1ltozatlanul zavarba hozott, ez\u00e9rt megcsin\u00e1ltam azt a pr\u00f3b\u00e1t is, amit k\u00e9t \u00e9vvel ezel\u0151tt. Betettem Cables egyik r\u00e9gi vf-dug\u00f3j\u00e1t a P10-be, \u00e9s bizony, romlott a hang, betettem a Max-ot \u00e9s javult &#8211; a kor\u00e1bban le\u00edrt m\u00f3don.<\/span><\/p>\n<p style=\"text-align: justify;\"><span style=\"font-size: 12pt;\">A pr\u00f3b\u00e1k ut\u00e1n mintegy 5-6 \u00f3r\u00e1t hallgattam zen\u00e9t, mik\u00f6zben id\u0151nk\u00e9nt kih\u00faztam VF Max-ot, majd gyorsan vissza is dugtam.<\/span><\/p>\n<p style=\"text-align: justify;\"><span style=\"font-size: 12pt;\">Okosabb ugyan nem lettem &#8211; mert most m\u00e1r v\u00e9gk\u00e9p nem tudom, hol lehet az a hat\u00e1r, amikor m\u00e1r nem halhat\u00f3 egy-egy \u00fajabb vf hat\u00e1sa -, de hangilag, azaz, ink\u00e1bb zeneileg ism\u00e9t l\u00e9ptem el\u0151re egy kicsit.<\/span><\/p>\n<span>Megosztom:<\/span><br><a target=\"_blank\" class=\"facebook\" title=\"\" rel=\"external\" href=\"https:\/\/www.facebook.com\/share.php?u=https:\/\/longkft.hu\/audioblog\/az-egyertelmu-fejlodes-vf-max-virtualisfold\/&title=Az egy\u00e9rtelm\u0171 fejl\u0151d\u00e9s &#8211; VF Max virtu\u00e1lisf\u00f6ld\"><\/a><a target=\"_blank\" class=\"linkedin\" title=\"\" rel=\"external\" href=\"http:\/\/www.linkedin.com\/shareArticle?mini=true&amp;url=https%3A%2F%2Flongkft.hu%2Faudioblog%2Faz-egyertelmu-fejlodes-vf-max-virtualisfold%2F&amp;title=Az+egy%C3%A9rtelm%C5%B1+fejl%C5%91d%C3%A9s+%26%238211%3B+VF+Max+virtu%C3%A1lisf%C3%B6ld&amp;summary=%3Cp+style%3D%22text-align%3A+justify%3B%22%3E%3Cspan+style%3D%22font-size%3A+12pt%3B%22%3EN%C3%A9mi+fejt%C3%B6r%C3%A9st+okozott+veletek+szemben+is%2C+magammal+szemben+is%2C+hogy+ezt+most+hogyan+is+kellene+megfogalmaznom+-+sz%C3%B3val%2C+beker%C3%BClt+a+rendszerembe+m%C3%A9g+egy+%C3%BAjabb+virtu%C3%A1lisf%C3%B6ld.+Term%C3%A9szetesen+err%C5%91l+ism%C3%A9t+nem+%C3%A9n+tehetek%2C+hanem+most+%28megint%29+Radnai+Rudolf+-+alias+Power-R%2C+alias+Cables.+M%C3%A1r+legal%C3%A1bb+egy+%C3%A9ve+javasoltam+neki%2C+hogy+a+k%C3%B6nnyebb+azonos%C3%ADthat%C3%B3s%C3%A1g+kedv%C3%A9%C3%A9rt+csak+egy+nevet+kellene+haszn%C3%A1lnia%2C+amit+most+%C3%BAj%C3%A9vi+fogadalomk%C3%A9nt+el+is+hat%C3%A1rozott+-+teh%C3%A1t+annak%2C+hogy+lett+egy+VF+Max+virtu%C3%A1lisf%C3%B6ld+is+a+rendszeremben%2C+kiz%C3%A1r%C3%B3lag+Cables+az+oka.%3C%2Fspan%3E%3C%2Fp%3E%0D%0A%3Cp+style%3D%22text-align%3A+justify%3B%22%3E%3Cspan+style%3D%22font-size%3A+12pt%3B%22%3ETudom%2C+a+virtu%C3%A1lisf%C3%B6ld+elnevez%C3%A9s+igen-igen+megt%C3%A9veszt%C5%91%2C+hiszen+ezt+a+kifejez%C3%A9st+az+elektronik%C3%A1ban+eg%C3%A9sz+m%C3%A1sra+haszn%C3%A1lj%C3%A1k%2C+de+m%C3%A9g+mindig+t%C3%B6bb+%C3%A9rtelme+van+%C3%ADgy+h%C3%ADvni%2C+mintha+azt+%C3%ADrn%C3%A1m%2C+azt+mondan%C3%A1nk%2C+hogy+a+t%C3%A1pell%C3%A1t%C3%A1s+v%C3%A9d%C5%91f%C3%B6ldel%C3%A9s%C3%A9n+%C3%A9s+null%C3%A1j%C3%A1n%2C+valamint+az+elektronik%C3%A1k+null%C3%A1j%C3%A1n+l%C3%A9v%C5%91+zajt+cs%C3%B6kkent%C5%91+iz%C3%A9...%3C%2Fspan%3E%3C%2Fp%3E%0D%0A%3Cp+style%3D%22text-align%3A+justify%3B%22%3E%3Cspan+style%3D%22font-size%3A+12pt%3B%22%3E%3Ca+href%3D%22https%3A%2F%2Flongkft.hu%2Faudioblog%2Fvirtualis_fold%2F%22+target%3D%22_blank%22+rel%3D%22noopener+noreferrer%22%3E%3Cspan+style%3D%22color%3A+%23ff6600%3B%22%3E2018+elej%C3%A9n+m%C3%A1r+besz%C3%A1moltam+nektek+Cables+aktu%C3%A1lis+vf-megold%C3%A1sair%C3%B3l%3C%2Fspan%3E%3C%2Fa%3E%2C+melyek+k%C3%B6z%C3%B6tt+voltak+olyanok%2C+melyek+a+rendszeremben+%28az+%C3%A9n+preferenci%C3%A1im+szerint%29+nem+okoztak+el%C5%91rel%C3%A9p%C3%A9st%2C+valamint+volt+egy+olyan+vf-dug%C3%B3%2C+amib%C5%91l+bizony+gyorsan+be+is+v%C3%A1s%C3%A1roltam+t%C3%B6bb+p%C3%A9ld%C3%A1nyt.%3C%2Fspan%3E%3C%2Fp%3E%0D%0A%3Cp+style%3D%22text-align%3A+justify%3B%22%3E%3Cspan+style%3D%22font-size%3A+12pt%3B%22%3EAz+az%C3%B3ta+eltelt+id%C5%91ben+Cables+tov%C3%A1bbfejlesztette+vf-dug%C3%B3it%2C+melyekkel+csak+m%C3%A1sok+rendszereiben+tal%C3%A1lkoztam%2C+azokat+saj%C3%A1t+rendszeremben+nem+pr%C3%B3b%C3%A1ltam+ki.+Ennek+k%C3%A9t+oka+volt%3A+egyr%C3%A9szt+nagyon+sok+m%C3%A1s+ir%C3%A1nyb%C3%B3l+is+%C3%A9rtek+%22vf-hat%C3%A1sok%22%2C+m%C3%A1sr%C3%A9szt+pedig+Cables+a+m%C3%A1r+megismert+%C3%A9s+n%C3%A1lam+l%C3%A9v%C5%91+vf-dug%C3%B3kban+l%C3%A9v%C5%91+megold%C3%A1st+finom%C3%ADtotta%2C+csiszolgatta.%3C%2Fspan%3E%3C%2Fp%3E%0D%0A%0D%0A%3Ch3+style%3D%22text-align%3A+justify%3B%22%3E%3Cspan+style%3D%22font-size%3A+14pt%3B%22%3EN%C3%A9h%C3%A1ny+h%C3%B3napja+felh%C3%ADvott%2C+hogy+kital%C3%A1lt+valami+%C3%BAjat%2C+valami+m%C3%A1s+utat%2C+ami+szerinte+jobb%2C+mint+a+kor%C3%A1bban+haszn%C3%A1lt+megold%C3%A1s+-+ez+lett+a+VF+Max+virtu%C3%A1lisf%C3%B6ld+%28vagyis+t%C3%A1pdug%C3%B3nak+%C3%A1lc%C3%A1zott+iz%C3%A9%29.%3C%2Fspan%3E%3C%2Fh3%3E%0D%0A%3Cp+style%3D%22text-align%3A+justify%3B%22%3E%3Cspan+style%3D%22font-size%3A+12pt%3B%22%3EA+Covid+miatt%2C+egyre+csak+toltuk+halasztottuk+a+tal%C3%A1lkoz%C3%A1sunkat+%C3%A9s+ebb%C5%91l+k%C3%B6vetkez%C5%91en+a+pr%C3%B3b%C3%A1t%2C+de+mivel+nagyon+k%C3%ADv%C3%A1ncsiv%C3%A1+tett+a+besz%C3%A1mol%C3%B3ja%2C+%C3%ADgy+a+csal%C3%A1dunk+minden+tagj%C3%A1nak+megl%C3%A9v%C5%91+negat%C3%ADv+Covid-tesztje+%C3%A9s+Cables+maszkos%2C+gumikeszty%C5%B1s+be%C3%B6lt%C3%B6z%C3%A9se+mellett+v%C3%A9gre+%C3%B6sszej%C3%B6tt+a+tal%C3%A1lkoz%C3%B3.+Ezt+%C3%ADgy+le%C3%ADrva+l%C3%A1tni+el%C3%A9g+megh%C3%B6kkent%C5%91%2C+de+ez+van.%3C%2Fspan%3E%3C%2Fp%3E%0D%0A%3Cp+style%3D%22text-align%3A+justify%3B%22%3E%3Cspan+style%3D%22font-size%3A+12pt%3B%22%3E%3Ca+href%3D%22https%3A%2F%2Favx.hu%2Fforum%2Fviewforum.php%3Ff%3D147%22+target%3D%22_blank%22+rel%3D%22noopener+noreferrer%22%3E%3Cspan+style%3D%22color%3A+%23ff6600%3B%22%3EJ%C3%B6tt+Cables%3C%2Fspan%3E%3C%2Fa%3E%2C+%C3%A9s+mag%C3%A1val+hozott+egyetlen+dug%C3%B3t%2C+ami+a+n%C3%A1lam+l%C3%A9v%C5%91+kor%C3%A1bbi+v%C3%A1ltozatokt%C3%B3l+k%C3%BCls%C5%91leg+annyiban+k%C3%BCl%C3%B6nb%C3%B6zik%2C+hogy+a+fekete+helyett%2C+piros+bevonatot+kapott%2C+valamint+m%C3%A1s+van+r%C3%A1+%C3%ADrva.%3C%2Fspan%3E%3C%2Fp%3E%0D%0A%3Cp+style%3D%22text-align%3A+center%3B%22%3E%3Cimg+class%3D%22aligncenter+size-full+wp-image-9157%22+src%3D%22https%3A%2F%2Flongkft.hu%2Faudioblog%2Fwp-content%2Fuploads%2F2021%2F01%2FVF-Max-virtualisfold.jpg%22+alt%3D%22VF+Max+virtu%C3%A1lisf%C3%B6ld%22+width%3D%22600%22+height%3D%22300%22+%2F%3E%3C%2Fp%3E%0D%0A%3Cp+style%3D%22text-align%3A+justify%3B%22%3E%3Cspan+style%3D%22font-size%3A+12pt%3B%22%3ECables+kor%C3%A1bbi+vf-dug%C3%B3in%C3%A1l+nagyon+sokan+tapasztaltuk+azt%2C+hogy+azok+t%C3%A1pgener%C3%A1torokba%2C+bonyolultabb+t%C3%A1psz%C5%B1r%C5%91kbe+dugva+bizony+negat%C3%ADv+hat%C3%A1s%C3%BAak.+Ha+az+%C3%A9vek+%C3%B3ta+n%C3%A1lam+l%C3%A9v%C5%91+kor%C3%A1bbi+v%C3%A1ltozatot+bedugtam+a+%3Ca+href%3D%22https%3A%2F%2Flongkft.hu%2Faudioblog%2Fps-audio-p10-tapgenerator-a-vegallomas-2%2F%22+target%3D%22_blank%22+rel%3D%22noopener+noreferrer%22%3E%3Cspan+style%3D%22color%3A+%23ff6600%3B%22%3EPS+Audio+P10+t%C3%A1pgener%C3%A1torba%3C%2Fspan%3E%3C%2Fa%3E%2C+bizony+romlott+a+hang+-+ennyit+a+placebo+hat%C3%A1sr%C3%B3l.%3C%2Fspan%3E%3C%2Fp%3E%0D%0A%3Cp+style%3D%22text-align%3A+justify%3B%22%3E%3Cspan+style%3D%22font-size%3A+12pt%3B%22%3EEnnek+ok%C3%A1t+abszol%C3%BAt+nem+%C3%A9rtem%2C+hiszen+a+logika+-+%C3%A9s+persze+a+j%C3%B3zan+%C3%A9sz+-+azt+dikt%C3%A1ln%C3%A1%2C+hogy+a+zajsz%C5%B1r%C3%A9snek+ott+kellene+t%C3%B6rt%C3%A9nnie%2C+ahonnan+a+hangrendszer+a+t%C3%A1pot+kapja%2C+de+m%C3%A9gsem.+Cables+kor%C3%A1bbi+dug%C3%B3i+%C3%A9s+az+Entreq+vf-dobozai+nem+k%C3%B6thet%C5%91k+r%C3%A1+a+P10-re+-+term%C3%A9szetesen+hozz%C3%A1+kell+tennem%2C+hogy+n%C3%A1lam%2C+a+n%C3%A1lam+l%C3%A9v%C5%91+t%C3%A1p%C3%B6sv%C3%A9ny-kialak%C3%ADt%C3%A1s+%C3%A9s+saj%C3%A1t+v%C3%A9d%C5%91f%C3%B6ldszonda+mellett.%3C%2Fspan%3E%3C%2Fp%3E%0D%0A%3Cp+style%3D%22text-align%3A+justify%3B%22%3E%3Cspan+style%3D%22font-size%3A+12pt%3B%22%3EEbb%C5%91l+k%C3%B6vetkez%C5%91en+a+vf-dug%C3%B3k+a+lak%C3%A1s+k%C3%BCl%C3%B6nb%C3%B6z%C5%91+pontjain%2C+a+villany%C3%B3r%C3%A1t%C3%B3l+t%C3%A1vol+lettek+elhelyezve+%C3%A9s+a+v%C3%A9d%C5%91f%C3%B6ldel%C3%A9sre+k%C3%B6tve%2C+az+%3Ca+href%3D%22https%3A%2F%2Fwww.entreq.com%2F%22+target%3D%22_blank%22+rel%3D%22noopener+noreferrer%22%3E%3Cspan+style%3D%22color%3A+%23ff6600%3B%22%3EEntreq%3C%2Fspan%3E%3C%2Fa%3E+dobozok+k%C3%B6z%C3%BCl+pedig+2+darab+k%C3%B6zvetlen%C3%BCl+a+villany%C3%B3r%C3%A1n%C3%A1l.+Azonban+az+Entreq+dobozok+nem+a+v%C3%A9d%C5%91f%C3%B6ldel%C3%A9sre%2C+hanem+a+null%C3%A1ra+vannak+k%C3%B6tve+-+n%C3%A1lam+a+kett%C5%91+nincs+k%C3%B6z%C3%B6s%C3%ADtve.+A+meglehet%C5%91sen%2C+j%C3%B3l+bev%C3%A1lt+elempakkok+k%C3%B6z%C3%BCl+pedig+az+egyik+a+villany%C3%B3r%C3%A1n%C3%A1l+van+v%C3%A9d%C5%91f%C3%B6ldel%C3%A9sre+k%C3%B6tve%2C+a+m%C3%A1sik+pedig+a+h%C3%A1z+elektromosan+egyik+legt%C3%A1volabbi+pontj%C3%A1n.%3C%2Fspan%3E%3C%2Fp%3E%0D%0A%3Cp+style%3D%22text-align%3A+justify%3B%22%3E%3Cspan+style%3D%22font-size%3A+12pt%3B%22%3EAmennyiben+a+virtu%C3%A1lisf%C3%B6ldek+puszt%C3%A1n+zajt+sz%C5%B1rnek%2C+azt+gondolhatn%C3%A1nk%2C+hogy+mindent+megtettem+-+4+db+Cables-f%C3%A9le+vf-dug%C3%B3%2C+2+db+elempakk%2C+%3Ca+href%3D%22https%3A%2F%2Flongkft.hu%2Faudioblog%2Fentreq-virtualis-fold-ground-box%2F%22+target%3D%22_blank%22+rel%3D%22noopener+noreferrer%22%3E%3Cspan+style%3D%22color%3A+%23ff6600%3B%22%3E2+db+Entreq+doboz%3C%2Fspan%3E%3C%2Fa%3E+a+t%C3%A1pell%C3%A1t%C3%A1son%2C+valamint+%3Ca+href%3D%22https%3A%2F%2Flongkft.hu%2Faudioblog%2Fmire-jo-a-9-voltos-elem-masodik-menet%2F%22+target%3D%22_blank%22+rel%3D%22noopener+noreferrer%22%3E%3Cspan+style%3D%22color%3A+%23ff6600%3B%22%3Etov%C3%A1bbi+elempakkok%3C%2Fspan%3E%3C%2Fa%3E%2C+egy+nagy+Entreq+doboz+%C3%A9s+%3Ca+href%3D%22https%3A%2F%2Flongkft.hu%2Faudioblog%2Fvirtualis-fold-ground-box_3%2F%22+target%3D%22_blank%22+rel%3D%22noopener+noreferrer%22%3E%3Cspan+style%3D%22color%3A+%23ff6600%3B%22%3ES%C3%BCk%C3%B6sd+G%C3%A1bor+virtu%C3%A1lisf%C3%B6ldje%3C%2Fspan%3E%3C%2Fa%3E+a+k%C3%A9sz%C3%BCl%C3%A9keken.+Itt+m%C3%A1r+csoda+nem+t%C3%B6rt%C3%A9nhet...%3C%2Fspan%3E%3C%2Fp%3E%0D%0A%3Cp+style%3D%22text-align%3A+justify%3B%22%3E%3Cspan+style%3D%22font-size%3A+12pt%3B%22%3EM%C3%A1r+sz%C3%A1mtalanszor+le%C3%ADrtam%2C+hogy+ha+belekezd%C3%BCnk+a+tuningol%C3%A1s+nev%C5%B1+%22betegs%C3%A9gbe%22%2C+akkor+felt%C3%A9tlen%C3%BCl+ellen%C5%91rizz%C3%BCk+magunkat%2C+teh%C3%A1t+a+nagy-nagy+lelkesed%C3%A9ssel+rendszerbe-illesztett+megold%C3%A1st+n%C3%A9h%C3%A1ny+nap+m%C3%BAlva+vegy%C3%BCk+ki+%C3%A9s+hallgassuk+meg+n%C3%A9lk%C3%BCle+a+rendszert.+Mivel+az+egyetlen+dologra%2C+a+hangk%C3%A9p+egyetlen+%C3%B6sszetev%C5%91j%C3%A9re+val%C3%B3+koncentr%C3%A1l%C3%A1s+gyakran+f%C3%A9lrevihet+minket%2C+nagyon+fontos+az+%C3%B6nellen%C5%91rz%C3%A9s.%3C%2Fspan%3E%3C%2Fp%3E%0D%0A%3Cp+style%3D%22text-align%3A+justify%3B%22%3E%3Cspan+style%3D%22font-size%3A+12pt%3B%22%3ECables+%C3%A9rkez%C3%A9se+el%C5%91tt+tettem+%C3%A9n+is+egy+%C3%B6nellen%C5%91rz%C3%A9st.+Meghallgattam+egy+Paco+de+Lucia+sz%C3%B3l%C3%B3darabot+-+koncertfelv%C3%A9tel+-%2C+majd+kih%C3%BAztam+a+falialjzatokb%C3%B3l+a+r%C3%A9gi+vf-dug%C3%B3kat+%C3%A9s+meghallgattam+%C3%BAjra.+Azaz%2C+megpr%C3%B3b%C3%A1ltam+meghallgatni%2C+de+nem+volt+kedvem%2C+mert+el%C5%91t%C3%A9rbe-nyomakod%C3%B3bb%2C+f%C3%A9mesebb%2C+csattog%C3%B3bb%2C+%C3%A9rzelemmentes+volt+a+megsz%C3%B3lal%C3%B3+git%C3%A1rhang.%3C%2Fspan%3E%3C%2Fp%3E%0D%0A%3Cp+style%3D%22text-align%3A+justify%3B%22%3E%3Cspan+style%3D%22font-size%3A+12pt%3B%22%3EN%C3%A9mi+megnyugv%C3%A1ssal+konstat%C3%A1ltam+az+eredm%C3%A9nyt+%C3%A9s+visszadugtam+a+vf-eket+a+hely%C3%BCkre+-+ism%C3%A9telten+hangs%C3%BAlyozom%2C+nem+a+rendszerhez+ki%C3%A9p%C3%ADtett+t%C3%A1p%C3%B6sv%C3%A9nyre%2C+hanem+a+lak%C3%A1s+k%C3%BCl%C3%B6nb%C3%B6z%C5%91+%C3%A9s+t%C3%A1voli+pontjain+l%C3%A9v%C5%91+aljzatokba.%3C%2Fspan%3E%3C%2Fp%3E%0D%0A%0D%0A%3Ch3+style%3D%22text-align%3A+justify%3B%22%3E%3Cspan+style%3D%22font-size%3A+14pt%3B%22%3EEzut%C3%A1n+meg%C3%A9rkezett+Cables+%C3%A9s+a+VF+Max+virtu%C3%A1lisf%C3%B6ld.%3C%2Fspan%3E%3C%2Fh3%3E%0D%0A%3Cp+style%3D%22text-align%3A+justify%3B%22%3E%3Cspan+style%3D%22font-size%3A+12pt%3B%22%3EN%C3%A9mi+besz%C3%A9lget%C3%A9s+ut%C3%A1n+r%C3%B6gt%C3%B6n+a+l%C3%A9nyegre+t%C3%A9rt%C3%BCnk%2C+vagyis+belev%C3%A1gtunk+a+meghallgat%C3%A1sba%2C+amit+r%C3%B6gt%C3%B6n+azzal+a+teszttel+kezdtem%2C+amin+eddig+minden+n%C3%A1lam+j%C3%A1rt+virtu%C3%A1lisf%C3%B6ld-megold%C3%A1s+elv%C3%A9rzett+-+vagyis+a+piros+dug%C3%B3t+bedugtam+a+PS+Audio+P10+t%C3%A1pgener%C3%A1torba.%3C%2Fspan%3E%3C%2Fp%3E%0D%0A%3Cp+style%3D%22text-align%3A+justify%3B%22%3E%3Cspan+style%3D%22font-size%3A+12pt%3B%22%3EEnnek+k%C3%A9t+oka+is+volt%2C+egyr%C3%A9szt+a+k%C3%ADv%C3%A1ncsis%C3%A1g%2C+hogy+mit+sz%C3%B3l+hozz%C3%A1+a+P10%2C+m%C3%A1sr%C3%A9szt+a+lustas%C3%A1g%2C+mert+a+t%C3%A1pgener%C3%A1tor+a+zenehallgat%C3%B3-fotelem+mellett+van%2C+%C3%ADgy+nagyon+gyorsan+%C3%A9s+k%C3%B6nnyed%C3%A9n+lehet+az+aljzat%C3%A1ba+pl.+egy+vf-megold%C3%A1st+bedugni.%3C%2Fspan%3E%3C%2Fp%3E%0D%0A%3Cp+style%3D%22text-align%3A+justify%3B%22%3E%3Cspan+style%3D%22font-size%3A+12pt%3B%22%3ETerm%C3%A9szetesen+a+pr%C3%B3ba+el%C5%91tt+kerestem+olyan+zen%C3%A9ket%2C+melyeket+az+elm%C3%BAlt+napokban+hallgattam%2C+ami+nem+ment+egyszer%C5%B1en%2C+mert+egyr%C3%A9szt+leragadtam+a+hallgat%C3%A1sukban%2C+m%C3%A1sr%C3%A9szt+nem+tudtam%2C+hogy+val%C3%B3j%C3%A1ban+mivel+is+szeretn%C3%A9k+tesztelni+%28%C3%A9s+egy%C3%A1ltal%C3%A1n+akarok-e%29.%3C%2Fspan%3E%3C%2Fp%3E%0D%0A%3Cp+style%3D%22text-align%3A+justify%3B%22%3E%3Cspan+style%3D%22font-size%3A+12pt%3B%22%3EAz+els%C5%91+v%C3%A1lasztott+felv%C3%A9tel%2C+%3Ca+href%3D%22https%3A%2F%2Fwww.youtube.com%2Fwatch%3Fv%3D6mTEpicRFwM%22+target%3D%22_blank%22+rel%3D%22noopener+noreferrer%22%3E%3Cspan+style%3D%22color%3A+%23ff6600%3B%22%3EVivaldi+%22Juditha%22%3C%2Fspan%3E%3C%2Fa%3E+c.+m%C5%B1ve+volt%2C+az+igen+monument%C3%A1lisra+sikeredett+kezd%C3%A9s%C3%A9vel+-+minden+hangszer+egyszerre+sz%C3%B3l%2C+a+teljes+k%C3%B3rus+egy%C3%BCtt%C3%A9nekel%2C+az+%C3%BCstdob+folyamatosan+p%C3%BCf%C3%B6l%C5%91dik%2C+a+f%C3%A9mf%C3%BAv%C3%B3sok+hars%C3%A1nykodnak.+Nem+tipikusan+Vivaldi+darab%2C+ink%C3%A1bb+amolyan+%22van+v%C3%A9r+a+puc%C3%A1j%C3%A1ban%22+st%C3%ADlus%C3%BA+-+legal%C3%A1bbis+a+felvezet%C3%A9s.%3C%2Fspan%3E%3C%2Fp%3E%0D%0A%3Cp+style%3D%22text-align%3A+justify%3B%22%3E%3Cspan+style%3D%22font-size%3A+12pt%3B%22%3E%3Ca+href%3D%22https%3A%2F%2Flongkft.hu%2Faudioblog%2Fa-legkisebb-orias-wood-cone%2F%22+target%3D%22_blank%22+rel%3D%22noopener+noreferrer%22%3E%3Cspan+style%3D%22color%3A+%23ff6600%3B%22%3EA+kis+JVC%3C%2Fspan%3E%3C%2Fa%3E+bizony+megszenvedett+t%C5%91le%2C+nem+is+volt+kedvem+feljebb+tekerni+a+hanger%C5%91t%2C+majd+beker%C3%BClt+a+t%C3%A1pgener%C3%A1torba+a+VF+Max+virtu%C3%A1lisf%C3%B6ld.%3C%2Fspan%3E%3C%2Fp%3E%0D%0A%3Cp+style%3D%22text-align%3A+justify%3B%22%3E%3Cspan+style%3D%22font-size%3A+12pt%3B%22%3EBor%C3%ADt%C3%A9kolni+mertem+volna%2C+hogy+egy+rosszabb%2C+er%C5%91szakosabb+%C3%A9s+egyben+tomp%C3%A1bb+hangk%C3%A9pet+fogok+kapni.+Azonban+meglep%C5%91dve+hallottam%2C+hogy+az+el%C5%91ad%C3%A1sban+%28JVC-kben%29+megjelent+a+test%2C+az+er%C5%91%2C+az+energia+%C3%A9s+elt%C5%B1nt+a+zavar%C3%B3+hars%C3%A1nys%C3%A1g.+Minden+hangszer%2C+minden+%C3%A9nekhang+%28a+k%C3%B3rus+minden+tagja%29+testesebb%C3%A9%2C+term%C3%A9szetesebb%C3%A9+v%C3%A1lt%2C+automatikusan+el+kezdtem+emelni+a+hanger%C5%91t.+Kih%C3%BAzva+a+vf-dug%C3%B3t%2C+r%C3%B6gt%C3%B6n+lejjebb+kellett+venni+a+hanger%C5%91t%2C+de+m%C3%A9g+%C3%BAgyis+zavar%C3%B3bb%C3%A1+v%C3%A1lt+a+megsz%C3%B3lal%C3%A1s+hars%C3%A1nys%C3%A1ga.%3C%2Fspan%3E%3C%2Fp%3E%0D%0A%3Cp+style%3D%22text-align%3A+justify%3B%22%3E%3Cspan+style%3D%22font-size%3A+12pt%3B%22%3EA+k%C3%B6vetkez%C5%91+album+egy+%3Ca+href%3D%22https%3A%2F%2Fwww.youtube.com%2Fwatch%3Fv%3Ds-jtdKjzQaE%22+target%3D%22_blank%22+rel%3D%22noopener+noreferrer%22%3E%3Cspan+style%3D%22color%3A+%23ff6600%3B%22%3Ejap%C3%A1n+jazz-rock+%2F+jazz-funk+gy%C5%B1jtem%C3%A9ny%3C%2Fspan%3E%3C%2Fa%3E+volt+a+70-es+%C3%A9vekb%C5%91l.+%28Ha+m%C3%A9g+nem+mondtam+volna%2C+im%C3%A1dom+a+jap%C3%A1n+jazz%2C+jazz-rock+%C3%A9s+progressz%C3%ADv-rock+felv%C3%A9teleket.%29%3C%2Fspan%3E%3C%2Fp%3E%0D%0A%3Cp+style%3D%22text-align%3A+justify%3B%22%3E%3Cspan+style%3D%22font-size%3A+12pt%3B%22%3EDug%C3%B3+n%C3%A9lk%C3%BCl+meghallgatva+abszol%C3%BAt+pontosan+megmutatta+a+kicsi+hangsz%C3%B3r%C3%B3im+hib%C3%A1it%2C+%C3%A9s+persze+el%C5%91nyeit.+T%C3%A9rben+el%C3%A9g+j%C3%B3l+elhelyezett+hangszerek%2C+izgalmas+k%C3%B6z%C3%A9p+%C3%A9s+fels%C5%91+tartom%C3%A1ny%2C+enyh%C3%A9n+%C3%BCres+als%C3%B3+r%C3%A9sz.+A+vf-dug%C3%B3+hat%C3%A1s%C3%A1ra+meger%C5%91s%C3%B6d%C3%B6tt+az+als%C3%B3+tartom%C3%A1ny%2C+egyar%C3%A1nt+testesebb%C3%A9+%C3%A9s+energikusabb%C3%A1+v%C3%A1ltak+a+dobok%2C+az+elektromos+zongora%2C+a+git%C3%A1rok%2C+cint%C3%A1ny%C3%A9rok.+A+t%C3%A9rben+n%C3%A9mileg+h%C3%A1tr%C3%A9bb+h%C3%BAz%C3%B3dtak+a+hangszerek.+Ez+egy%C3%A9bk%C3%A9nt+a+Vivaldi+m%C5%B1n%C3%A9l+is+jelentkezett%2C+h%C3%A1trafel%C3%A9+t%C3%A1gult+a+t%C3%A9r%2C+s%C5%91t%2C+egy+kicsit+minden+zen%C3%A9sz+%C3%A9s+hangszer+h%C3%A1tr%C3%A9bb+l%C3%A9pett.%3C%2Fspan%3E%3C%2Fp%3E%0D%0A%3Cp+style%3D%22text-align%3A+center%3B%22%3E%3Cimg+class%3D%22aligncenter+size-full+wp-image-9158%22+src%3D%22https%3A%2F%2Flongkft.hu%2Faudioblog%2Fwp-content%2Fuploads%2F2021%2F01%2FVF-Max-virtualisfold_2.png%22+alt%3D%22VF+Max+virtu%C3%A1lisf%C3%B6ld%22+width%3D%22400%22+height%3D%22385%22+%2F%3E%3C%2Fp%3E%0D%0A%3Cp+style%3D%22text-align%3A+justify%3B%22%3E%3Cspan+style%3D%22font-size%3A+12pt%3B%22%3E%3Ca+href%3D%22https%3A%2F%2Fwww.youtube.com%2Fwatch%3Fv%3DIg91Z0-rBfo%22+target%3D%22_blank%22+rel%3D%22noopener+noreferrer%22%3E%3Cspan+style%3D%22color%3A+%23ff6600%3B%22%3ESona+Jobarteh+koncertfelv%C3%A9tel%C3%A9vel%3C%2Fspan%3E%3C%2Fa%3E+folytattam+a+sort%2C+amely+el%C5%91ad%C3%A1sban+Sona+n%C3%A9mileg+orrhang%C3%BA+%C3%A9neke+izgalmasan+keveredik+a+k%C3%BCl%C3%B6nf%C3%A9le+egzotikus+afrikai+%C3%BCt%C5%91s-+%C3%A9s+penget%C5%91s-hangszerek+hangj%C3%A1val%2C+valamint+egy+b%C3%A1rsonyosan+m%C3%A9ly+hang%C3%BA+f%C3%A9rfi+%C3%A9nekes+refr%C3%A9njeivel.%3C%2Fspan%3E%3C%2Fp%3E%0D%0A%3Cp+style%3D%22text-align%3A+justify%3B%22%3E%3Cspan+style%3D%22font-size%3A+12pt%3B%22%3ENagyon+izgalmas%2C+l%C3%BCktet%C5%91+el%C5%91ad%C3%A1s%2C+amit+sajnos+%28sz%C3%A1momra%29+eddig+kicsit+t%C3%B6nkretett+a+f%C5%91szerepl%C5%91%2C+Sona+%C3%A9nekhangja.+%C3%8Dgy+volt+ez+most+is.+Minden+nagyon+tetszett%2C+a+ritmus+hat%C3%A1s%C3%A1ra+mozg%C3%A1sba+kezdett+kezem%2C+l%C3%A1bam%2C+de+az+%C3%A9nekhang+kicsit+zavart.%3C%2Fspan%3E%3C%2Fp%3E%0D%0A%3Cp+style%3D%22text-align%3A+justify%3B%22%3E%3Cspan+style%3D%22font-size%3A+12pt%3B%22%3EBedugva+a+VF+Max-ot%2C+elt%C5%B1nt+a+hars%C3%A1nys%C3%A1g%2C+az+%C3%A9nekesn%C5%91+h%C3%A1tr%C3%A9bb+l%C3%A9pett+egy+m%C3%A9tert%2C+a+jobb+oldalon+l%C3%A9v%C5%91+f%C3%A9rfi%2C+hangosabban%2C+%C3%A9rthet%C5%91bben+kezdett+%C3%A9nekelni.+Minden+hangszer%2C+minden+hang+testesebb%C3%A9%2C+ugyanakkor+simogat%C3%B3bb%C3%A1%2C+sz%C3%B3+szerint+melegebb%C3%A9+v%C3%A1lt.%3C%2Fspan%3E%3C%2Fp%3E%0D%0A%3Cp+style%3D%22text-align%3A+justify%3B%22%3E%3Cspan+style%3D%22font-size%3A+12pt%3B%22%3EA+feles%C3%A9gem+sok-sok+%C3%A9vig+%C3%A9nekelt+k%C3%B3rusban+-+j%C3%A1rta+a+vil%C3%A1got+-%2C+%C3%ADgy+Sona+Jobarteh+hangj%C3%A1t+egy+sz%C3%B3l%C3%B3r%C3%A9szn%C3%A9l+vele+is+meghallgattattam.+Sz%C3%B3+szerint+id%C3%A9zem%2C+mit+mondott%3A+%22Az+els%C5%91+tomp%C3%A1bb+%C3%A9s+h%C3%A1tr%C3%A9bb+sz%C3%B3l%2C+a+m%C3%A1sodik+%C3%A9lesebb+%C3%A9s+el%C5%91rej%C3%B6n%22+-+na+ebb%C5%91l+okosodjatok+ki.+A+k%C3%A9rd%C3%A9sre%2C+hogy+akkor+szerinte%2C+melyik+a+val%C3%B3dibb%2C+n%C3%A9mi+len%C3%A9z%C3%A9ssel+a+szem%C3%A9ben+csak+ennyit+mondott%3A+%22H%C3%A1t+az+els%C5%91+sokkal+%C3%A9l%C5%91bb%2C+te+nem+hallod%3F%22.+Az+els%C5%91+v%C3%A1ltozatn%C3%A1l+volt+bedugva+a+vf+a+t%C3%A1pgener%C3%A1torba.%3C%2Fspan%3E%3C%2Fp%3E%0D%0A%3Cp+style%3D%22text-align%3A+justify%3B%22%3E%3Cspan+style%3D%22font-size%3A+12pt%3B%22%3EEzut%C3%A1n+m%C3%A1r+csak+egy+hangszerre%2C+a+zongor%C3%A1ra+voltam+k%C3%ADv%C3%A1ncsi%2C+amely+hangszer+megsz%C3%B3laltat%C3%A1s%C3%A1ban+a+sz%C3%A9less%C3%A1v%C3%BAm+kifejezetten+j%C3%B3.+Elind%C3%ADtottam+%3Ca+href%3D%22https%3A%2F%2Fwww.youtube.com%2Fwatch%3Fv%3D41iYjJZCaVs%22+target%3D%22_blank%22+rel%3D%22noopener+noreferrer%22%3E%3Cspan+style%3D%22color%3A+%23ff6600%3B%22%3EDuke+Jordan+%22Flight+to+Denmark%22%3C%2Fspan%3E%3C%2Fa%3E+album%C3%A1t.+El%C5%91sz%C3%B6r+dug%C3%B3+n%C3%A9lk%C3%BCl+hallgattam+meg+az+els%C5%91+sz%C3%A1mot%2C+melyen+a+j%C3%B3l+ismert+%C3%A9s+a+hib%C3%A1i+ellen%C3%A9re+meglehet%C5%91sen+val%C3%B3dinak+t%C5%B1n%C5%91+zongorahang+sz%C3%B3lt+%28dobbal%2C+nagyb%C5%91g%C5%91vel+k%C3%ADs%C3%A9rve%29.+Amikor+beker%C3%BClt+a+VF+Max+virtu%C3%A1lisf%C3%B6ld+a+P10-be%2C+enyh%C3%A9n+sz%C3%B3lva+meglep%C5%91dtem%2C+tal%C3%A1n%2C+m%C3%A9g+a+sz%C3%A1mat+is+elt%C3%A1tottam.+A+zongora+m%C3%A9rete+megn%C5%91tt%2C+hangja+testesebb%C3%A9+v%C3%A1lt+%C3%A9s+tulajdonk%C3%A9ppen+hihet%C5%91bb%C3%A9+v%C3%A1lt+az+is%2C+hogy+a+kalap%C3%A1csok+nem+szimpla+h%C3%BArokat+%C3%BCt%C3%B6getnek+valamilyen+fel%C3%BCleten%2C+hanem+mindez%2C+egy+m%C3%A9retes+%22testben%22+t%C3%B6rt%C3%A9nik.%3C%2Fspan%3E%3C%2Fp%3E%0D%0A%3Cp+style%3D%22text-align%3A+justify%3B%22%3E%3Cspan+style%3D%22font-size%3A+12pt%3B%22%3ENagyj%C3%A1b%C3%B3l+id%C3%A1ig+jutottam%2C+amikor+megk%C3%A9rdeztem+Cables-t%2C+hogy+mennyi+p%C3%A9nzt+vegyek+ki+a+%22dugifi%C3%B3komb%C3%B3l%22%2C+mert+nagyon+szomor%C3%BA+lenn%C3%A9k%2C+ha+a+dug%C3%B3t+elvinn%C3%A9+t%C5%91lem+-+kifizettem%2C+megnyugodtam.%3C%2Fspan%3E%3C%2Fp%3E%0D%0A%3Cp+style%3D%22text-align%3A+justify%3B%22%3E%3Cspan+style%3D%22font-size%3A+12pt%3B%22%3EEste+tov%C3%A1bb+vizsg%C3%A1lgattam%2C+hallgattam+a+piros+vf-dug%C3%B3t.+%28Nehogy+kevered%C3%A9s+legyen%2C+nem+a+kor%C3%A1bbi+piros+v%C3%A1ltozatr%C3%B3l%2C+hanem+a+Max+t%C3%ADpusr%C3%B3l+van+sz%C3%B3.%29+Megkerestem+a+legjobb+hely%C3%A9t%2C+ami+bizony+a+t%C3%A1pgener%C3%A1torban+volt.+Mivel+ez+v%C3%A1ltozatlanul+zavarba+hozott%2C+ez%C3%A9rt+megcsin%C3%A1ltam+azt+a+pr%C3%B3b%C3%A1t+is%2C+amit+k%C3%A9t+%C3%A9vvel+ezel%C5%91tt.+Betettem+Cables+egyik+r%C3%A9gi+vf-dug%C3%B3j%C3%A1t+a+P10-be%2C+%C3%A9s+bizony%2C+romlott+a+hang%2C+betettem+a+Max-ot+%C3%A9s+javult+-+a+kor%C3%A1bban+le%C3%ADrt+m%C3%B3don.%3C%2Fspan%3E%3C%2Fp%3E%0D%0A%3Cp+style%3D%22text-align%3A+justify%3B%22%3E%3Cspan+style%3D%22font-size%3A+12pt%3B%22%3EA+pr%C3%B3b%C3%A1k+ut%C3%A1n+mintegy+5-6+%C3%B3r%C3%A1t+hallgattam+zen%C3%A9t%2C+mik%C3%B6zben+id%C5%91nk%C3%A9nt+kih%C3%BAztam+VF+Max-ot%2C+majd+gyorsan+vissza+is+dugtam.%3C%2Fspan%3E%3C%2Fp%3E%0D%0A%3Cp+style%3D%22text-align%3A+justify%3B%22%3E%3Cspan+style%3D%22font-size%3A+12pt%3B%22%3EOkosabb+ugyan+nem+lettem+-+mert+most+m%C3%A1r+v%C3%A9gk%C3%A9p+nem+tudom%2C+hol+lehet+az+a+hat%C3%A1r%2C+amikor+m%C3%A1r+nem+halhat%C3%B3+egy-egy+%C3%BAjabb+vf+hat%C3%A1sa+-%2C+de+hangilag%2C+azaz%2C+ink%C3%A1bb+zeneileg+ism%C3%A9t+l%C3%A9ptem+el%C5%91re+egy+kicsit.%3C%2Fspan%3E%3C%2Fp%3E&amp;source=Longaudio\"><\/a><a target=\"_blank\" class=\"gplusz\" title=\"\" rel=\"external\" href=\"https:\/\/plusone.google.com\/_\/+1\/confirm?url=https:\/\/longkft.hu\/audioblog\/az-egyertelmu-fejlodes-vf-max-virtualisfold\/\"><\/a><a target=\"_blank\" rel=\"nofollow\" class=\"email\" href=\"mailto:?subject=Longaudio - Az egy\u00e9rtelm\u0171 fejl\u0151d\u00e9s &#8211; VF Max virtu\u00e1lisf\u00f6ld&amp;body=Kedves Bar\u00e1tom! Most olvastam a(z) Az egy\u00e9rtelm\u0171 fejl\u0151d\u00e9s &#8211; VF Max virtu\u00e1lisf\u00f6ld  c\u00edm\u0171 cikket a(z) Longaudio  oldalon. Hivatkoz\u00e1s:  https:\/\/longkft.hu\/audioblog\/az-egyertelmu-fejlodes-vf-max-virtualisfold\/\" title=\"\"><\/a><a class=\"nyomtatas\" title=\"\" href=\"http:\/\/www.printfriendly.com\" onclick=\"window.print();return false;\"><\/a>","protected":false},"excerpt":{"rendered":"<p>N\u00e9mi fejt\u00f6r\u00e9st okozott veletek szemben is, magammal szemben is, hogy ezt most hogyan is kellene megfogalmaznom &#8211; sz\u00f3val, beker\u00fclt a&#8230;<\/p>\n<span>Megosztom:<\/span><br><a target=\"_blank\" class=\"facebook\" title=\"\" rel=\"external\" href=\"https:\/\/www.facebook.com\/share.php?u=https:\/\/longkft.hu\/audioblog\/az-egyertelmu-fejlodes-vf-max-virtualisfold\/&title=Az egy\u00e9rtelm\u0171 fejl\u0151d\u00e9s &#8211; VF Max virtu\u00e1lisf\u00f6ld\"><\/a><a target=\"_blank\" class=\"linkedin\" title=\"\" rel=\"external\" href=\"http:\/\/www.linkedin.com\/shareArticle?mini=true&amp;url=https%3A%2F%2Flongkft.hu%2Faudioblog%2Faz-egyertelmu-fejlodes-vf-max-virtualisfold%2F&amp;title=Az+egy%C3%A9rtelm%C5%B1+fejl%C5%91d%C3%A9s+%26%238211%3B+VF+Max+virtu%C3%A1lisf%C3%B6ld&amp;summary=%3Cp+style%3D%22text-align%3A+justify%3B%22%3E%3Cspan+style%3D%22font-size%3A+12pt%3B%22%3EN%C3%A9mi+fejt%C3%B6r%C3%A9st+okozott+veletek+szemben+is%2C+magammal+szemben+is%2C+hogy+ezt+most+hogyan+is+kellene+megfogalmaznom+-+sz%C3%B3val%2C+beker%C3%BClt+a+rendszerembe+m%C3%A9g+egy+%C3%BAjabb+virtu%C3%A1lisf%C3%B6ld.+Term%C3%A9szetesen+err%C5%91l+ism%C3%A9t+nem+%C3%A9n+tehetek%2C+hanem+most+%28megint%29+Radnai+Rudolf+-+alias+Power-R%2C+alias+Cables.+M%C3%A1r+legal%C3%A1bb+egy+%C3%A9ve+javasoltam+neki%2C+hogy+a+k%C3%B6nnyebb+azonos%C3%ADthat%C3%B3s%C3%A1g+kedv%C3%A9%C3%A9rt+csak+egy+nevet+kellene+haszn%C3%A1lnia%2C+amit+most+%C3%BAj%C3%A9vi+fogadalomk%C3%A9nt+el+is+hat%C3%A1rozott+-+teh%C3%A1t+annak%2C+hogy+lett+egy+VF+Max+virtu%C3%A1lisf%C3%B6ld+is+a+rendszeremben%2C+kiz%C3%A1r%C3%B3lag+Cables+az+oka.%3C%2Fspan%3E%3C%2Fp%3E%0D%0A%3Cp+style%3D%22text-align%3A+justify%3B%22%3E%3Cspan+style%3D%22font-size%3A+12pt%3B%22%3ETudom%2C+a+virtu%C3%A1lisf%C3%B6ld+elnevez%C3%A9s+igen-igen+megt%C3%A9veszt%C5%91%2C+hiszen+ezt+a+kifejez%C3%A9st+az+elektronik%C3%A1ban+eg%C3%A9sz+m%C3%A1sra+haszn%C3%A1lj%C3%A1k%2C+de+m%C3%A9g+mindig+t%C3%B6bb+%C3%A9rtelme+van+%C3%ADgy+h%C3%ADvni%2C+mintha+azt+%C3%ADrn%C3%A1m%2C+azt+mondan%C3%A1nk%2C+hogy+a+t%C3%A1pell%C3%A1t%C3%A1s+v%C3%A9d%C5%91f%C3%B6ldel%C3%A9s%C3%A9n+%C3%A9s+null%C3%A1j%C3%A1n%2C+valamint+az+elektronik%C3%A1k+null%C3%A1j%C3%A1n+l%C3%A9v%C5%91+zajt+cs%C3%B6kkent%C5%91+iz%C3%A9...%3C%2Fspan%3E%3C%2Fp%3E%0D%0A%3Cp+style%3D%22text-align%3A+justify%3B%22%3E%3Cspan+style%3D%22font-size%3A+12pt%3B%22%3E%3Ca+href%3D%22https%3A%2F%2Flongkft.hu%2Faudioblog%2Fvirtualis_fold%2F%22+target%3D%22_blank%22+rel%3D%22noopener+noreferrer%22%3E%3Cspan+style%3D%22color%3A+%23ff6600%3B%22%3E2018+elej%C3%A9n+m%C3%A1r+besz%C3%A1moltam+nektek+Cables+aktu%C3%A1lis+vf-megold%C3%A1sair%C3%B3l%3C%2Fspan%3E%3C%2Fa%3E%2C+melyek+k%C3%B6z%C3%B6tt+voltak+olyanok%2C+melyek+a+rendszeremben+%28az+%C3%A9n+preferenci%C3%A1im+szerint%29+nem+okoztak+el%C5%91rel%C3%A9p%C3%A9st%2C+valamint+volt+egy+olyan+vf-dug%C3%B3%2C+amib%C5%91l+bizony+gyorsan+be+is+v%C3%A1s%C3%A1roltam+t%C3%B6bb+p%C3%A9ld%C3%A1nyt.%3C%2Fspan%3E%3C%2Fp%3E%0D%0A%3Cp+style%3D%22text-align%3A+justify%3B%22%3E%3Cspan+style%3D%22font-size%3A+12pt%3B%22%3EAz+az%C3%B3ta+eltelt+id%C5%91ben+Cables+tov%C3%A1bbfejlesztette+vf-dug%C3%B3it%2C+melyekkel+csak+m%C3%A1sok+rendszereiben+tal%C3%A1lkoztam%2C+azokat+saj%C3%A1t+rendszeremben+nem+pr%C3%B3b%C3%A1ltam+ki.+Ennek+k%C3%A9t+oka+volt%3A+egyr%C3%A9szt+nagyon+sok+m%C3%A1s+ir%C3%A1nyb%C3%B3l+is+%C3%A9rtek+%22vf-hat%C3%A1sok%22%2C+m%C3%A1sr%C3%A9szt+pedig+Cables+a+m%C3%A1r+megismert+%C3%A9s+n%C3%A1lam+l%C3%A9v%C5%91+vf-dug%C3%B3kban+l%C3%A9v%C5%91+megold%C3%A1st+finom%C3%ADtotta%2C+csiszolgatta.%3C%2Fspan%3E%3C%2Fp%3E%0D%0A%0D%0A%3Ch3+style%3D%22text-align%3A+justify%3B%22%3E%3Cspan+style%3D%22font-size%3A+14pt%3B%22%3EN%C3%A9h%C3%A1ny+h%C3%B3napja+felh%C3%ADvott%2C+hogy+kital%C3%A1lt+valami+%C3%BAjat%2C+valami+m%C3%A1s+utat%2C+ami+szerinte+jobb%2C+mint+a+kor%C3%A1bban+haszn%C3%A1lt+megold%C3%A1s+-+ez+lett+a+VF+Max+virtu%C3%A1lisf%C3%B6ld+%28vagyis+t%C3%A1pdug%C3%B3nak+%C3%A1lc%C3%A1zott+iz%C3%A9%29.%3C%2Fspan%3E%3C%2Fh3%3E%0D%0A%3Cp+style%3D%22text-align%3A+justify%3B%22%3E%3Cspan+style%3D%22font-size%3A+12pt%3B%22%3EA+Covid+miatt%2C+egyre+csak+toltuk+halasztottuk+a+tal%C3%A1lkoz%C3%A1sunkat+%C3%A9s+ebb%C5%91l+k%C3%B6vetkez%C5%91en+a+pr%C3%B3b%C3%A1t%2C+de+mivel+nagyon+k%C3%ADv%C3%A1ncsiv%C3%A1+tett+a+besz%C3%A1mol%C3%B3ja%2C+%C3%ADgy+a+csal%C3%A1dunk+minden+tagj%C3%A1nak+megl%C3%A9v%C5%91+negat%C3%ADv+Covid-tesztje+%C3%A9s+Cables+maszkos%2C+gumikeszty%C5%B1s+be%C3%B6lt%C3%B6z%C3%A9se+mellett+v%C3%A9gre+%C3%B6sszej%C3%B6tt+a+tal%C3%A1lkoz%C3%B3.+Ezt+%C3%ADgy+le%C3%ADrva+l%C3%A1tni+el%C3%A9g+megh%C3%B6kkent%C5%91%2C+de+ez+van.%3C%2Fspan%3E%3C%2Fp%3E%0D%0A%3Cp+style%3D%22text-align%3A+justify%3B%22%3E%3Cspan+style%3D%22font-size%3A+12pt%3B%22%3E%3Ca+href%3D%22https%3A%2F%2Favx.hu%2Fforum%2Fviewforum.php%3Ff%3D147%22+target%3D%22_blank%22+rel%3D%22noopener+noreferrer%22%3E%3Cspan+style%3D%22color%3A+%23ff6600%3B%22%3EJ%C3%B6tt+Cables%3C%2Fspan%3E%3C%2Fa%3E%2C+%C3%A9s+mag%C3%A1val+hozott+egyetlen+dug%C3%B3t%2C+ami+a+n%C3%A1lam+l%C3%A9v%C5%91+kor%C3%A1bbi+v%C3%A1ltozatokt%C3%B3l+k%C3%BCls%C5%91leg+annyiban+k%C3%BCl%C3%B6nb%C3%B6zik%2C+hogy+a+fekete+helyett%2C+piros+bevonatot+kapott%2C+valamint+m%C3%A1s+van+r%C3%A1+%C3%ADrva.%3C%2Fspan%3E%3C%2Fp%3E%0D%0A%3Cp+style%3D%22text-align%3A+center%3B%22%3E%3Cimg+class%3D%22aligncenter+size-full+wp-image-9157%22+src%3D%22https%3A%2F%2Flongkft.hu%2Faudioblog%2Fwp-content%2Fuploads%2F2021%2F01%2FVF-Max-virtualisfold.jpg%22+alt%3D%22VF+Max+virtu%C3%A1lisf%C3%B6ld%22+width%3D%22600%22+height%3D%22300%22+%2F%3E%3C%2Fp%3E%0D%0A%3Cp+style%3D%22text-align%3A+justify%3B%22%3E%3Cspan+style%3D%22font-size%3A+12pt%3B%22%3ECables+kor%C3%A1bbi+vf-dug%C3%B3in%C3%A1l+nagyon+sokan+tapasztaltuk+azt%2C+hogy+azok+t%C3%A1pgener%C3%A1torokba%2C+bonyolultabb+t%C3%A1psz%C5%B1r%C5%91kbe+dugva+bizony+negat%C3%ADv+hat%C3%A1s%C3%BAak.+Ha+az+%C3%A9vek+%C3%B3ta+n%C3%A1lam+l%C3%A9v%C5%91+kor%C3%A1bbi+v%C3%A1ltozatot+bedugtam+a+%3Ca+href%3D%22https%3A%2F%2Flongkft.hu%2Faudioblog%2Fps-audio-p10-tapgenerator-a-vegallomas-2%2F%22+target%3D%22_blank%22+rel%3D%22noopener+noreferrer%22%3E%3Cspan+style%3D%22color%3A+%23ff6600%3B%22%3EPS+Audio+P10+t%C3%A1pgener%C3%A1torba%3C%2Fspan%3E%3C%2Fa%3E%2C+bizony+romlott+a+hang+-+ennyit+a+placebo+hat%C3%A1sr%C3%B3l.%3C%2Fspan%3E%3C%2Fp%3E%0D%0A%3Cp+style%3D%22text-align%3A+justify%3B%22%3E%3Cspan+style%3D%22font-size%3A+12pt%3B%22%3EEnnek+ok%C3%A1t+abszol%C3%BAt+nem+%C3%A9rtem%2C+hiszen+a+logika+-+%C3%A9s+persze+a+j%C3%B3zan+%C3%A9sz+-+azt+dikt%C3%A1ln%C3%A1%2C+hogy+a+zajsz%C5%B1r%C3%A9snek+ott+kellene+t%C3%B6rt%C3%A9nnie%2C+ahonnan+a+hangrendszer+a+t%C3%A1pot+kapja%2C+de+m%C3%A9gsem.+Cables+kor%C3%A1bbi+dug%C3%B3i+%C3%A9s+az+Entreq+vf-dobozai+nem+k%C3%B6thet%C5%91k+r%C3%A1+a+P10-re+-+term%C3%A9szetesen+hozz%C3%A1+kell+tennem%2C+hogy+n%C3%A1lam%2C+a+n%C3%A1lam+l%C3%A9v%C5%91+t%C3%A1p%C3%B6sv%C3%A9ny-kialak%C3%ADt%C3%A1s+%C3%A9s+saj%C3%A1t+v%C3%A9d%C5%91f%C3%B6ldszonda+mellett.%3C%2Fspan%3E%3C%2Fp%3E%0D%0A%3Cp+style%3D%22text-align%3A+justify%3B%22%3E%3Cspan+style%3D%22font-size%3A+12pt%3B%22%3EEbb%C5%91l+k%C3%B6vetkez%C5%91en+a+vf-dug%C3%B3k+a+lak%C3%A1s+k%C3%BCl%C3%B6nb%C3%B6z%C5%91+pontjain%2C+a+villany%C3%B3r%C3%A1t%C3%B3l+t%C3%A1vol+lettek+elhelyezve+%C3%A9s+a+v%C3%A9d%C5%91f%C3%B6ldel%C3%A9sre+k%C3%B6tve%2C+az+%3Ca+href%3D%22https%3A%2F%2Fwww.entreq.com%2F%22+target%3D%22_blank%22+rel%3D%22noopener+noreferrer%22%3E%3Cspan+style%3D%22color%3A+%23ff6600%3B%22%3EEntreq%3C%2Fspan%3E%3C%2Fa%3E+dobozok+k%C3%B6z%C3%BCl+pedig+2+darab+k%C3%B6zvetlen%C3%BCl+a+villany%C3%B3r%C3%A1n%C3%A1l.+Azonban+az+Entreq+dobozok+nem+a+v%C3%A9d%C5%91f%C3%B6ldel%C3%A9sre%2C+hanem+a+null%C3%A1ra+vannak+k%C3%B6tve+-+n%C3%A1lam+a+kett%C5%91+nincs+k%C3%B6z%C3%B6s%C3%ADtve.+A+meglehet%C5%91sen%2C+j%C3%B3l+bev%C3%A1lt+elempakkok+k%C3%B6z%C3%BCl+pedig+az+egyik+a+villany%C3%B3r%C3%A1n%C3%A1l+van+v%C3%A9d%C5%91f%C3%B6ldel%C3%A9sre+k%C3%B6tve%2C+a+m%C3%A1sik+pedig+a+h%C3%A1z+elektromosan+egyik+legt%C3%A1volabbi+pontj%C3%A1n.%3C%2Fspan%3E%3C%2Fp%3E%0D%0A%3Cp+style%3D%22text-align%3A+justify%3B%22%3E%3Cspan+style%3D%22font-size%3A+12pt%3B%22%3EAmennyiben+a+virtu%C3%A1lisf%C3%B6ldek+puszt%C3%A1n+zajt+sz%C5%B1rnek%2C+azt+gondolhatn%C3%A1nk%2C+hogy+mindent+megtettem+-+4+db+Cables-f%C3%A9le+vf-dug%C3%B3%2C+2+db+elempakk%2C+%3Ca+href%3D%22https%3A%2F%2Flongkft.hu%2Faudioblog%2Fentreq-virtualis-fold-ground-box%2F%22+target%3D%22_blank%22+rel%3D%22noopener+noreferrer%22%3E%3Cspan+style%3D%22color%3A+%23ff6600%3B%22%3E2+db+Entreq+doboz%3C%2Fspan%3E%3C%2Fa%3E+a+t%C3%A1pell%C3%A1t%C3%A1son%2C+valamint+%3Ca+href%3D%22https%3A%2F%2Flongkft.hu%2Faudioblog%2Fmire-jo-a-9-voltos-elem-masodik-menet%2F%22+target%3D%22_blank%22+rel%3D%22noopener+noreferrer%22%3E%3Cspan+style%3D%22color%3A+%23ff6600%3B%22%3Etov%C3%A1bbi+elempakkok%3C%2Fspan%3E%3C%2Fa%3E%2C+egy+nagy+Entreq+doboz+%C3%A9s+%3Ca+href%3D%22https%3A%2F%2Flongkft.hu%2Faudioblog%2Fvirtualis-fold-ground-box_3%2F%22+target%3D%22_blank%22+rel%3D%22noopener+noreferrer%22%3E%3Cspan+style%3D%22color%3A+%23ff6600%3B%22%3ES%C3%BCk%C3%B6sd+G%C3%A1bor+virtu%C3%A1lisf%C3%B6ldje%3C%2Fspan%3E%3C%2Fa%3E+a+k%C3%A9sz%C3%BCl%C3%A9keken.+Itt+m%C3%A1r+csoda+nem+t%C3%B6rt%C3%A9nhet...%3C%2Fspan%3E%3C%2Fp%3E%0D%0A%3Cp+style%3D%22text-align%3A+justify%3B%22%3E%3Cspan+style%3D%22font-size%3A+12pt%3B%22%3EM%C3%A1r+sz%C3%A1mtalanszor+le%C3%ADrtam%2C+hogy+ha+belekezd%C3%BCnk+a+tuningol%C3%A1s+nev%C5%B1+%22betegs%C3%A9gbe%22%2C+akkor+felt%C3%A9tlen%C3%BCl+ellen%C5%91rizz%C3%BCk+magunkat%2C+teh%C3%A1t+a+nagy-nagy+lelkesed%C3%A9ssel+rendszerbe-illesztett+megold%C3%A1st+n%C3%A9h%C3%A1ny+nap+m%C3%BAlva+vegy%C3%BCk+ki+%C3%A9s+hallgassuk+meg+n%C3%A9lk%C3%BCle+a+rendszert.+Mivel+az+egyetlen+dologra%2C+a+hangk%C3%A9p+egyetlen+%C3%B6sszetev%C5%91j%C3%A9re+val%C3%B3+koncentr%C3%A1l%C3%A1s+gyakran+f%C3%A9lrevihet+minket%2C+nagyon+fontos+az+%C3%B6nellen%C5%91rz%C3%A9s.%3C%2Fspan%3E%3C%2Fp%3E%0D%0A%3Cp+style%3D%22text-align%3A+justify%3B%22%3E%3Cspan+style%3D%22font-size%3A+12pt%3B%22%3ECables+%C3%A9rkez%C3%A9se+el%C5%91tt+tettem+%C3%A9n+is+egy+%C3%B6nellen%C5%91rz%C3%A9st.+Meghallgattam+egy+Paco+de+Lucia+sz%C3%B3l%C3%B3darabot+-+koncertfelv%C3%A9tel+-%2C+majd+kih%C3%BAztam+a+falialjzatokb%C3%B3l+a+r%C3%A9gi+vf-dug%C3%B3kat+%C3%A9s+meghallgattam+%C3%BAjra.+Azaz%2C+megpr%C3%B3b%C3%A1ltam+meghallgatni%2C+de+nem+volt+kedvem%2C+mert+el%C5%91t%C3%A9rbe-nyomakod%C3%B3bb%2C+f%C3%A9mesebb%2C+csattog%C3%B3bb%2C+%C3%A9rzelemmentes+volt+a+megsz%C3%B3lal%C3%B3+git%C3%A1rhang.%3C%2Fspan%3E%3C%2Fp%3E%0D%0A%3Cp+style%3D%22text-align%3A+justify%3B%22%3E%3Cspan+style%3D%22font-size%3A+12pt%3B%22%3EN%C3%A9mi+megnyugv%C3%A1ssal+konstat%C3%A1ltam+az+eredm%C3%A9nyt+%C3%A9s+visszadugtam+a+vf-eket+a+hely%C3%BCkre+-+ism%C3%A9telten+hangs%C3%BAlyozom%2C+nem+a+rendszerhez+ki%C3%A9p%C3%ADtett+t%C3%A1p%C3%B6sv%C3%A9nyre%2C+hanem+a+lak%C3%A1s+k%C3%BCl%C3%B6nb%C3%B6z%C5%91+%C3%A9s+t%C3%A1voli+pontjain+l%C3%A9v%C5%91+aljzatokba.%3C%2Fspan%3E%3C%2Fp%3E%0D%0A%0D%0A%3Ch3+style%3D%22text-align%3A+justify%3B%22%3E%3Cspan+style%3D%22font-size%3A+14pt%3B%22%3EEzut%C3%A1n+meg%C3%A9rkezett+Cables+%C3%A9s+a+VF+Max+virtu%C3%A1lisf%C3%B6ld.%3C%2Fspan%3E%3C%2Fh3%3E%0D%0A%3Cp+style%3D%22text-align%3A+justify%3B%22%3E%3Cspan+style%3D%22font-size%3A+12pt%3B%22%3EN%C3%A9mi+besz%C3%A9lget%C3%A9s+ut%C3%A1n+r%C3%B6gt%C3%B6n+a+l%C3%A9nyegre+t%C3%A9rt%C3%BCnk%2C+vagyis+belev%C3%A1gtunk+a+meghallgat%C3%A1sba%2C+amit+r%C3%B6gt%C3%B6n+azzal+a+teszttel+kezdtem%2C+amin+eddig+minden+n%C3%A1lam+j%C3%A1rt+virtu%C3%A1lisf%C3%B6ld-megold%C3%A1s+elv%C3%A9rzett+-+vagyis+a+piros+dug%C3%B3t+bedugtam+a+PS+Audio+P10+t%C3%A1pgener%C3%A1torba.%3C%2Fspan%3E%3C%2Fp%3E%0D%0A%3Cp+style%3D%22text-align%3A+justify%3B%22%3E%3Cspan+style%3D%22font-size%3A+12pt%3B%22%3EEnnek+k%C3%A9t+oka+is+volt%2C+egyr%C3%A9szt+a+k%C3%ADv%C3%A1ncsis%C3%A1g%2C+hogy+mit+sz%C3%B3l+hozz%C3%A1+a+P10%2C+m%C3%A1sr%C3%A9szt+a+lustas%C3%A1g%2C+mert+a+t%C3%A1pgener%C3%A1tor+a+zenehallgat%C3%B3-fotelem+mellett+van%2C+%C3%ADgy+nagyon+gyorsan+%C3%A9s+k%C3%B6nnyed%C3%A9n+lehet+az+aljzat%C3%A1ba+pl.+egy+vf-megold%C3%A1st+bedugni.%3C%2Fspan%3E%3C%2Fp%3E%0D%0A%3Cp+style%3D%22text-align%3A+justify%3B%22%3E%3Cspan+style%3D%22font-size%3A+12pt%3B%22%3ETerm%C3%A9szetesen+a+pr%C3%B3ba+el%C5%91tt+kerestem+olyan+zen%C3%A9ket%2C+melyeket+az+elm%C3%BAlt+napokban+hallgattam%2C+ami+nem+ment+egyszer%C5%B1en%2C+mert+egyr%C3%A9szt+leragadtam+a+hallgat%C3%A1sukban%2C+m%C3%A1sr%C3%A9szt+nem+tudtam%2C+hogy+val%C3%B3j%C3%A1ban+mivel+is+szeretn%C3%A9k+tesztelni+%28%C3%A9s+egy%C3%A1ltal%C3%A1n+akarok-e%29.%3C%2Fspan%3E%3C%2Fp%3E%0D%0A%3Cp+style%3D%22text-align%3A+justify%3B%22%3E%3Cspan+style%3D%22font-size%3A+12pt%3B%22%3EAz+els%C5%91+v%C3%A1lasztott+felv%C3%A9tel%2C+%3Ca+href%3D%22https%3A%2F%2Fwww.youtube.com%2Fwatch%3Fv%3D6mTEpicRFwM%22+target%3D%22_blank%22+rel%3D%22noopener+noreferrer%22%3E%3Cspan+style%3D%22color%3A+%23ff6600%3B%22%3EVivaldi+%22Juditha%22%3C%2Fspan%3E%3C%2Fa%3E+c.+m%C5%B1ve+volt%2C+az+igen+monument%C3%A1lisra+sikeredett+kezd%C3%A9s%C3%A9vel+-+minden+hangszer+egyszerre+sz%C3%B3l%2C+a+teljes+k%C3%B3rus+egy%C3%BCtt%C3%A9nekel%2C+az+%C3%BCstdob+folyamatosan+p%C3%BCf%C3%B6l%C5%91dik%2C+a+f%C3%A9mf%C3%BAv%C3%B3sok+hars%C3%A1nykodnak.+Nem+tipikusan+Vivaldi+darab%2C+ink%C3%A1bb+amolyan+%22van+v%C3%A9r+a+puc%C3%A1j%C3%A1ban%22+st%C3%ADlus%C3%BA+-+legal%C3%A1bbis+a+felvezet%C3%A9s.%3C%2Fspan%3E%3C%2Fp%3E%0D%0A%3Cp+style%3D%22text-align%3A+justify%3B%22%3E%3Cspan+style%3D%22font-size%3A+12pt%3B%22%3E%3Ca+href%3D%22https%3A%2F%2Flongkft.hu%2Faudioblog%2Fa-legkisebb-orias-wood-cone%2F%22+target%3D%22_blank%22+rel%3D%22noopener+noreferrer%22%3E%3Cspan+style%3D%22color%3A+%23ff6600%3B%22%3EA+kis+JVC%3C%2Fspan%3E%3C%2Fa%3E+bizony+megszenvedett+t%C5%91le%2C+nem+is+volt+kedvem+feljebb+tekerni+a+hanger%C5%91t%2C+majd+beker%C3%BClt+a+t%C3%A1pgener%C3%A1torba+a+VF+Max+virtu%C3%A1lisf%C3%B6ld.%3C%2Fspan%3E%3C%2Fp%3E%0D%0A%3Cp+style%3D%22text-align%3A+justify%3B%22%3E%3Cspan+style%3D%22font-size%3A+12pt%3B%22%3EBor%C3%ADt%C3%A9kolni+mertem+volna%2C+hogy+egy+rosszabb%2C+er%C5%91szakosabb+%C3%A9s+egyben+tomp%C3%A1bb+hangk%C3%A9pet+fogok+kapni.+Azonban+meglep%C5%91dve+hallottam%2C+hogy+az+el%C5%91ad%C3%A1sban+%28JVC-kben%29+megjelent+a+test%2C+az+er%C5%91%2C+az+energia+%C3%A9s+elt%C5%B1nt+a+zavar%C3%B3+hars%C3%A1nys%C3%A1g.+Minden+hangszer%2C+minden+%C3%A9nekhang+%28a+k%C3%B3rus+minden+tagja%29+testesebb%C3%A9%2C+term%C3%A9szetesebb%C3%A9+v%C3%A1lt%2C+automatikusan+el+kezdtem+emelni+a+hanger%C5%91t.+Kih%C3%BAzva+a+vf-dug%C3%B3t%2C+r%C3%B6gt%C3%B6n+lejjebb+kellett+venni+a+hanger%C5%91t%2C+de+m%C3%A9g+%C3%BAgyis+zavar%C3%B3bb%C3%A1+v%C3%A1lt+a+megsz%C3%B3lal%C3%A1s+hars%C3%A1nys%C3%A1ga.%3C%2Fspan%3E%3C%2Fp%3E%0D%0A%3Cp+style%3D%22text-align%3A+justify%3B%22%3E%3Cspan+style%3D%22font-size%3A+12pt%3B%22%3EA+k%C3%B6vetkez%C5%91+album+egy+%3Ca+href%3D%22https%3A%2F%2Fwww.youtube.com%2Fwatch%3Fv%3Ds-jtdKjzQaE%22+target%3D%22_blank%22+rel%3D%22noopener+noreferrer%22%3E%3Cspan+style%3D%22color%3A+%23ff6600%3B%22%3Ejap%C3%A1n+jazz-rock+%2F+jazz-funk+gy%C5%B1jtem%C3%A9ny%3C%2Fspan%3E%3C%2Fa%3E+volt+a+70-es+%C3%A9vekb%C5%91l.+%28Ha+m%C3%A9g+nem+mondtam+volna%2C+im%C3%A1dom+a+jap%C3%A1n+jazz%2C+jazz-rock+%C3%A9s+progressz%C3%ADv-rock+felv%C3%A9teleket.%29%3C%2Fspan%3E%3C%2Fp%3E%0D%0A%3Cp+style%3D%22text-align%3A+justify%3B%22%3E%3Cspan+style%3D%22font-size%3A+12pt%3B%22%3EDug%C3%B3+n%C3%A9lk%C3%BCl+meghallgatva+abszol%C3%BAt+pontosan+megmutatta+a+kicsi+hangsz%C3%B3r%C3%B3im+hib%C3%A1it%2C+%C3%A9s+persze+el%C5%91nyeit.+T%C3%A9rben+el%C3%A9g+j%C3%B3l+elhelyezett+hangszerek%2C+izgalmas+k%C3%B6z%C3%A9p+%C3%A9s+fels%C5%91+tartom%C3%A1ny%2C+enyh%C3%A9n+%C3%BCres+als%C3%B3+r%C3%A9sz.+A+vf-dug%C3%B3+hat%C3%A1s%C3%A1ra+meger%C5%91s%C3%B6d%C3%B6tt+az+als%C3%B3+tartom%C3%A1ny%2C+egyar%C3%A1nt+testesebb%C3%A9+%C3%A9s+energikusabb%C3%A1+v%C3%A1ltak+a+dobok%2C+az+elektromos+zongora%2C+a+git%C3%A1rok%2C+cint%C3%A1ny%C3%A9rok.+A+t%C3%A9rben+n%C3%A9mileg+h%C3%A1tr%C3%A9bb+h%C3%BAz%C3%B3dtak+a+hangszerek.+Ez+egy%C3%A9bk%C3%A9nt+a+Vivaldi+m%C5%B1n%C3%A9l+is+jelentkezett%2C+h%C3%A1trafel%C3%A9+t%C3%A1gult+a+t%C3%A9r%2C+s%C5%91t%2C+egy+kicsit+minden+zen%C3%A9sz+%C3%A9s+hangszer+h%C3%A1tr%C3%A9bb+l%C3%A9pett.%3C%2Fspan%3E%3C%2Fp%3E%0D%0A%3Cp+style%3D%22text-align%3A+center%3B%22%3E%3Cimg+class%3D%22aligncenter+size-full+wp-image-9158%22+src%3D%22https%3A%2F%2Flongkft.hu%2Faudioblog%2Fwp-content%2Fuploads%2F2021%2F01%2FVF-Max-virtualisfold_2.png%22+alt%3D%22VF+Max+virtu%C3%A1lisf%C3%B6ld%22+width%3D%22400%22+height%3D%22385%22+%2F%3E%3C%2Fp%3E%0D%0A%3Cp+style%3D%22text-align%3A+justify%3B%22%3E%3Cspan+style%3D%22font-size%3A+12pt%3B%22%3E%3Ca+href%3D%22https%3A%2F%2Fwww.youtube.com%2Fwatch%3Fv%3DIg91Z0-rBfo%22+target%3D%22_blank%22+rel%3D%22noopener+noreferrer%22%3E%3Cspan+style%3D%22color%3A+%23ff6600%3B%22%3ESona+Jobarteh+koncertfelv%C3%A9tel%C3%A9vel%3C%2Fspan%3E%3C%2Fa%3E+folytattam+a+sort%2C+amely+el%C5%91ad%C3%A1sban+Sona+n%C3%A9mileg+orrhang%C3%BA+%C3%A9neke+izgalmasan+keveredik+a+k%C3%BCl%C3%B6nf%C3%A9le+egzotikus+afrikai+%C3%BCt%C5%91s-+%C3%A9s+penget%C5%91s-hangszerek+hangj%C3%A1val%2C+valamint+egy+b%C3%A1rsonyosan+m%C3%A9ly+hang%C3%BA+f%C3%A9rfi+%C3%A9nekes+refr%C3%A9njeivel.%3C%2Fspan%3E%3C%2Fp%3E%0D%0A%3Cp+style%3D%22text-align%3A+justify%3B%22%3E%3Cspan+style%3D%22font-size%3A+12pt%3B%22%3ENagyon+izgalmas%2C+l%C3%BCktet%C5%91+el%C5%91ad%C3%A1s%2C+amit+sajnos+%28sz%C3%A1momra%29+eddig+kicsit+t%C3%B6nkretett+a+f%C5%91szerepl%C5%91%2C+Sona+%C3%A9nekhangja.+%C3%8Dgy+volt+ez+most+is.+Minden+nagyon+tetszett%2C+a+ritmus+hat%C3%A1s%C3%A1ra+mozg%C3%A1sba+kezdett+kezem%2C+l%C3%A1bam%2C+de+az+%C3%A9nekhang+kicsit+zavart.%3C%2Fspan%3E%3C%2Fp%3E%0D%0A%3Cp+style%3D%22text-align%3A+justify%3B%22%3E%3Cspan+style%3D%22font-size%3A+12pt%3B%22%3EBedugva+a+VF+Max-ot%2C+elt%C5%B1nt+a+hars%C3%A1nys%C3%A1g%2C+az+%C3%A9nekesn%C5%91+h%C3%A1tr%C3%A9bb+l%C3%A9pett+egy+m%C3%A9tert%2C+a+jobb+oldalon+l%C3%A9v%C5%91+f%C3%A9rfi%2C+hangosabban%2C+%C3%A9rthet%C5%91bben+kezdett+%C3%A9nekelni.+Minden+hangszer%2C+minden+hang+testesebb%C3%A9%2C+ugyanakkor+simogat%C3%B3bb%C3%A1%2C+sz%C3%B3+szerint+melegebb%C3%A9+v%C3%A1lt.%3C%2Fspan%3E%3C%2Fp%3E%0D%0A%3Cp+style%3D%22text-align%3A+justify%3B%22%3E%3Cspan+style%3D%22font-size%3A+12pt%3B%22%3EA+feles%C3%A9gem+sok-sok+%C3%A9vig+%C3%A9nekelt+k%C3%B3rusban+-+j%C3%A1rta+a+vil%C3%A1got+-%2C+%C3%ADgy+Sona+Jobarteh+hangj%C3%A1t+egy+sz%C3%B3l%C3%B3r%C3%A9szn%C3%A9l+vele+is+meghallgattattam.+Sz%C3%B3+szerint+id%C3%A9zem%2C+mit+mondott%3A+%22Az+els%C5%91+tomp%C3%A1bb+%C3%A9s+h%C3%A1tr%C3%A9bb+sz%C3%B3l%2C+a+m%C3%A1sodik+%C3%A9lesebb+%C3%A9s+el%C5%91rej%C3%B6n%22+-+na+ebb%C5%91l+okosodjatok+ki.+A+k%C3%A9rd%C3%A9sre%2C+hogy+akkor+szerinte%2C+melyik+a+val%C3%B3dibb%2C+n%C3%A9mi+len%C3%A9z%C3%A9ssel+a+szem%C3%A9ben+csak+ennyit+mondott%3A+%22H%C3%A1t+az+els%C5%91+sokkal+%C3%A9l%C5%91bb%2C+te+nem+hallod%3F%22.+Az+els%C5%91+v%C3%A1ltozatn%C3%A1l+volt+bedugva+a+vf+a+t%C3%A1pgener%C3%A1torba.%3C%2Fspan%3E%3C%2Fp%3E%0D%0A%3Cp+style%3D%22text-align%3A+justify%3B%22%3E%3Cspan+style%3D%22font-size%3A+12pt%3B%22%3EEzut%C3%A1n+m%C3%A1r+csak+egy+hangszerre%2C+a+zongor%C3%A1ra+voltam+k%C3%ADv%C3%A1ncsi%2C+amely+hangszer+megsz%C3%B3laltat%C3%A1s%C3%A1ban+a+sz%C3%A9less%C3%A1v%C3%BAm+kifejezetten+j%C3%B3.+Elind%C3%ADtottam+%3Ca+href%3D%22https%3A%2F%2Fwww.youtube.com%2Fwatch%3Fv%3D41iYjJZCaVs%22+target%3D%22_blank%22+rel%3D%22noopener+noreferrer%22%3E%3Cspan+style%3D%22color%3A+%23ff6600%3B%22%3EDuke+Jordan+%22Flight+to+Denmark%22%3C%2Fspan%3E%3C%2Fa%3E+album%C3%A1t.+El%C5%91sz%C3%B6r+dug%C3%B3+n%C3%A9lk%C3%BCl+hallgattam+meg+az+els%C5%91+sz%C3%A1mot%2C+melyen+a+j%C3%B3l+ismert+%C3%A9s+a+hib%C3%A1i+ellen%C3%A9re+meglehet%C5%91sen+val%C3%B3dinak+t%C5%B1n%C5%91+zongorahang+sz%C3%B3lt+%28dobbal%2C+nagyb%C5%91g%C5%91vel+k%C3%ADs%C3%A9rve%29.+Amikor+beker%C3%BClt+a+VF+Max+virtu%C3%A1lisf%C3%B6ld+a+P10-be%2C+enyh%C3%A9n+sz%C3%B3lva+meglep%C5%91dtem%2C+tal%C3%A1n%2C+m%C3%A9g+a+sz%C3%A1mat+is+elt%C3%A1tottam.+A+zongora+m%C3%A9rete+megn%C5%91tt%2C+hangja+testesebb%C3%A9+v%C3%A1lt+%C3%A9s+tulajdonk%C3%A9ppen+hihet%C5%91bb%C3%A9+v%C3%A1lt+az+is%2C+hogy+a+kalap%C3%A1csok+nem+szimpla+h%C3%BArokat+%C3%BCt%C3%B6getnek+valamilyen+fel%C3%BCleten%2C+hanem+mindez%2C+egy+m%C3%A9retes+%22testben%22+t%C3%B6rt%C3%A9nik.%3C%2Fspan%3E%3C%2Fp%3E%0D%0A%3Cp+style%3D%22text-align%3A+justify%3B%22%3E%3Cspan+style%3D%22font-size%3A+12pt%3B%22%3ENagyj%C3%A1b%C3%B3l+id%C3%A1ig+jutottam%2C+amikor+megk%C3%A9rdeztem+Cables-t%2C+hogy+mennyi+p%C3%A9nzt+vegyek+ki+a+%22dugifi%C3%B3komb%C3%B3l%22%2C+mert+nagyon+szomor%C3%BA+lenn%C3%A9k%2C+ha+a+dug%C3%B3t+elvinn%C3%A9+t%C5%91lem+-+kifizettem%2C+megnyugodtam.%3C%2Fspan%3E%3C%2Fp%3E%0D%0A%3Cp+style%3D%22text-align%3A+justify%3B%22%3E%3Cspan+style%3D%22font-size%3A+12pt%3B%22%3EEste+tov%C3%A1bb+vizsg%C3%A1lgattam%2C+hallgattam+a+piros+vf-dug%C3%B3t.+%28Nehogy+kevered%C3%A9s+legyen%2C+nem+a+kor%C3%A1bbi+piros+v%C3%A1ltozatr%C3%B3l%2C+hanem+a+Max+t%C3%ADpusr%C3%B3l+van+sz%C3%B3.%29+Megkerestem+a+legjobb+hely%C3%A9t%2C+ami+bizony+a+t%C3%A1pgener%C3%A1torban+volt.+Mivel+ez+v%C3%A1ltozatlanul+zavarba+hozott%2C+ez%C3%A9rt+megcsin%C3%A1ltam+azt+a+pr%C3%B3b%C3%A1t+is%2C+amit+k%C3%A9t+%C3%A9vvel+ezel%C5%91tt.+Betettem+Cables+egyik+r%C3%A9gi+vf-dug%C3%B3j%C3%A1t+a+P10-be%2C+%C3%A9s+bizony%2C+romlott+a+hang%2C+betettem+a+Max-ot+%C3%A9s+javult+-+a+kor%C3%A1bban+le%C3%ADrt+m%C3%B3don.%3C%2Fspan%3E%3C%2Fp%3E%0D%0A%3Cp+style%3D%22text-align%3A+justify%3B%22%3E%3Cspan+style%3D%22font-size%3A+12pt%3B%22%3EA+pr%C3%B3b%C3%A1k+ut%C3%A1n+mintegy+5-6+%C3%B3r%C3%A1t+hallgattam+zen%C3%A9t%2C+mik%C3%B6zben+id%C5%91nk%C3%A9nt+kih%C3%BAztam+VF+Max-ot%2C+majd+gyorsan+vissza+is+dugtam.%3C%2Fspan%3E%3C%2Fp%3E%0D%0A%3Cp+style%3D%22text-align%3A+justify%3B%22%3E%3Cspan+style%3D%22font-size%3A+12pt%3B%22%3EOkosabb+ugyan+nem+lettem+-+mert+most+m%C3%A1r+v%C3%A9gk%C3%A9p+nem+tudom%2C+hol+lehet+az+a+hat%C3%A1r%2C+amikor+m%C3%A1r+nem+halhat%C3%B3+egy-egy+%C3%BAjabb+vf+hat%C3%A1sa+-%2C+de+hangilag%2C+azaz%2C+ink%C3%A1bb+zeneileg+ism%C3%A9t+l%C3%A9ptem+el%C5%91re+egy+kicsit.%3C%2Fspan%3E%3C%2Fp%3E&amp;source=Longaudio\"><\/a><a target=\"_blank\" class=\"gplusz\" title=\"\" rel=\"external\" href=\"https:\/\/plusone.google.com\/_\/+1\/confirm?url=https:\/\/longkft.hu\/audioblog\/az-egyertelmu-fejlodes-vf-max-virtualisfold\/\"><\/a><a target=\"_blank\" rel=\"nofollow\" class=\"email\" href=\"mailto:?subject=Longaudio - Az egy\u00e9rtelm\u0171 fejl\u0151d\u00e9s &#8211; VF Max virtu\u00e1lisf\u00f6ld&amp;body=Kedves Bar\u00e1tom! Most olvastam a(z) Az egy\u00e9rtelm\u0171 fejl\u0151d\u00e9s &#8211; VF Max virtu\u00e1lisf\u00f6ld  c\u00edm\u0171 cikket a(z) Longaudio  oldalon. Hivatkoz\u00e1s:  https:\/\/longkft.hu\/audioblog\/az-egyertelmu-fejlodes-vf-max-virtualisfold\/\" title=\"\"><\/a><a class=\"nyomtatas\" title=\"\" href=\"http:\/\/www.printfriendly.com\" onclick=\"window.print();return false;\"><\/a>","protected":false},"author":2,"featured_media":9153,"comment_status":"open","ping_status":"closed","sticky":false,"template":"","format":"standard","meta":{"footnotes":""},"categories":[32],"tags":[45,87,73],"class_list":["post-9152","post","type-post","status-publish","format-standard","has-post-thumbnail","hentry","category-tuning","tag-4-dimenzio","tag-diy","tag-virtualis-fold"],"yoast_head":"<!-- This site is optimized with the Yoast SEO plugin v27.4 - https:\/\/yoast.com\/product\/yoast-seo-wordpress\/ -->\n<title>Az egy\u00e9rtelm\u0171 fejl\u0151d\u00e9s - VF Max virtu\u00e1lisf\u00f6ld - Longaudio<\/title>\n<meta name=\"description\" content=\"A Cables \u00e1ltal k\u00e9sz\u00edtett VF Max virtu\u00e1lisf\u00f6ld igen j\u00f3 alternat\u00edv\u00e1t k\u00edn\u00e1l mindenkinek, akik szeretn\u00e9k megl\u00e9v\u0151 hangrendszer\u00fcket feljav\u00edtani.\" \/>\n<meta name=\"robots\" content=\"index, follow, max-snippet:-1, max-image-preview:large, max-video-preview:-1\" \/>\n<link rel=\"canonical\" href=\"https:\/\/longkft.hu\/audioblog\/az-egyertelmu-fejlodes-vf-max-virtualisfold\/\" \/>\n<meta property=\"og:locale\" content=\"hu_HU\" \/>\n<meta property=\"og:type\" content=\"article\" \/>\n<meta property=\"og:title\" content=\"Az egy\u00e9rtelm\u0171 fejl\u0151d\u00e9s - VF Max virtu\u00e1lisf\u00f6ld - Longaudio\" \/>\n<meta property=\"og:description\" content=\"A Cables \u00e1ltal k\u00e9sz\u00edtett VF Max virtu\u00e1lisf\u00f6ld igen j\u00f3 alternat\u00edv\u00e1t k\u00edn\u00e1l mindenkinek, akik szeretn\u00e9k megl\u00e9v\u0151 hangrendszer\u00fcket feljav\u00edtani.\" \/>\n<meta property=\"og:url\" content=\"https:\/\/longkft.hu\/audioblog\/az-egyertelmu-fejlodes-vf-max-virtualisfold\/\" \/>\n<meta property=\"og:site_name\" content=\"Longaudio\" \/>\n<meta property=\"article:publisher\" content=\"https:\/\/www.facebook.com\/longkft\" \/>\n<meta property=\"article:author\" content=\"https:\/\/www.facebook.com\/longkft\" \/>\n<meta property=\"article:published_time\" content=\"2021-01-05T17:05:46+00:00\" \/>\n<meta property=\"article:modified_time\" content=\"2022-02-09T12:44:33+00:00\" \/>\n<meta property=\"og:image\" content=\"https:\/\/longkft.hu\/audioblog\/wp-content\/uploads\/2021\/01\/piano.gif\" \/>\n\t<meta property=\"og:image:width\" content=\"500\" \/>\n\t<meta property=\"og:image:height\" content=\"255\" \/>\n\t<meta property=\"og:image:type\" content=\"image\/gif\" \/>\n<meta name=\"author\" content=\"Long\" \/>\n<meta name=\"twitter:card\" content=\"summary_large_image\" \/>\n<meta name=\"twitter:label1\" content=\"Szerz\u0151:\" \/>\n\t<meta name=\"twitter:data1\" content=\"Long\" \/>\n\t<meta name=\"twitter:label2\" content=\"Becs\u00fclt olvas\u00e1si id\u0151\" \/>\n\t<meta name=\"twitter:data2\" content=\"10 perc\" \/>\n<script type=\"application\/ld+json\" class=\"yoast-schema-graph\">{\"@context\":\"https:\\\/\\\/schema.org\",\"@graph\":[{\"@type\":\"Article\",\"@id\":\"https:\\\/\\\/longkft.hu\\\/audioblog\\\/az-egyertelmu-fejlodes-vf-max-virtualisfold\\\/#article\",\"isPartOf\":{\"@id\":\"https:\\\/\\\/longkft.hu\\\/audioblog\\\/az-egyertelmu-fejlodes-vf-max-virtualisfold\\\/\"},\"author\":{\"name\":\"Long\",\"@id\":\"https:\\\/\\\/longkft.hu\\\/audioblog\\\/#\\\/schema\\\/person\\\/645cabad2d8e942354ed2caeef3aa9ea\"},\"headline\":\"Az egy\u00e9rtelm\u0171 fejl\u0151d\u00e9s &#8211; VF Max virtu\u00e1lisf\u00f6ld\",\"datePublished\":\"2021-01-05T17:05:46+00:00\",\"dateModified\":\"2022-02-09T12:44:33+00:00\",\"mainEntityOfPage\":{\"@id\":\"https:\\\/\\\/longkft.hu\\\/audioblog\\\/az-egyertelmu-fejlodes-vf-max-virtualisfold\\\/\"},\"wordCount\":2073,\"commentCount\":6,\"publisher\":{\"@id\":\"https:\\\/\\\/longkft.hu\\\/audioblog\\\/#\\\/schema\\\/person\\\/645cabad2d8e942354ed2caeef3aa9ea\"},\"image\":{\"@id\":\"https:\\\/\\\/longkft.hu\\\/audioblog\\\/az-egyertelmu-fejlodes-vf-max-virtualisfold\\\/#primaryimage\"},\"thumbnailUrl\":\"https:\\\/\\\/longkft.hu\\\/audioblog\\\/wp-content\\\/uploads\\\/2021\\\/01\\\/piano.gif\",\"keywords\":[\"4. dimenzi\u00f3\",\"DIY\",\"Virtu\u00e1lis f\u00f6ld\"],\"articleSection\":[\"Tuning\"],\"inLanguage\":\"hu\",\"potentialAction\":[{\"@type\":\"CommentAction\",\"name\":\"Comment\",\"target\":[\"https:\\\/\\\/longkft.hu\\\/audioblog\\\/az-egyertelmu-fejlodes-vf-max-virtualisfold\\\/#respond\"]}]},{\"@type\":\"WebPage\",\"@id\":\"https:\\\/\\\/longkft.hu\\\/audioblog\\\/az-egyertelmu-fejlodes-vf-max-virtualisfold\\\/\",\"url\":\"https:\\\/\\\/longkft.hu\\\/audioblog\\\/az-egyertelmu-fejlodes-vf-max-virtualisfold\\\/\",\"name\":\"Az egy\u00e9rtelm\u0171 fejl\u0151d\u00e9s - VF Max virtu\u00e1lisf\u00f6ld - Longaudio\",\"isPartOf\":{\"@id\":\"https:\\\/\\\/longkft.hu\\\/audioblog\\\/#website\"},\"primaryImageOfPage\":{\"@id\":\"https:\\\/\\\/longkft.hu\\\/audioblog\\\/az-egyertelmu-fejlodes-vf-max-virtualisfold\\\/#primaryimage\"},\"image\":{\"@id\":\"https:\\\/\\\/longkft.hu\\\/audioblog\\\/az-egyertelmu-fejlodes-vf-max-virtualisfold\\\/#primaryimage\"},\"thumbnailUrl\":\"https:\\\/\\\/longkft.hu\\\/audioblog\\\/wp-content\\\/uploads\\\/2021\\\/01\\\/piano.gif\",\"datePublished\":\"2021-01-05T17:05:46+00:00\",\"dateModified\":\"2022-02-09T12:44:33+00:00\",\"description\":\"A Cables \u00e1ltal k\u00e9sz\u00edtett VF Max virtu\u00e1lisf\u00f6ld igen j\u00f3 alternat\u00edv\u00e1t k\u00edn\u00e1l mindenkinek, akik szeretn\u00e9k megl\u00e9v\u0151 hangrendszer\u00fcket feljav\u00edtani.\",\"breadcrumb\":{\"@id\":\"https:\\\/\\\/longkft.hu\\\/audioblog\\\/az-egyertelmu-fejlodes-vf-max-virtualisfold\\\/#breadcrumb\"},\"inLanguage\":\"hu\",\"potentialAction\":[{\"@type\":\"ReadAction\",\"target\":[\"https:\\\/\\\/longkft.hu\\\/audioblog\\\/az-egyertelmu-fejlodes-vf-max-virtualisfold\\\/\"]}]},{\"@type\":\"ImageObject\",\"inLanguage\":\"hu\",\"@id\":\"https:\\\/\\\/longkft.hu\\\/audioblog\\\/az-egyertelmu-fejlodes-vf-max-virtualisfold\\\/#primaryimage\",\"url\":\"https:\\\/\\\/longkft.hu\\\/audioblog\\\/wp-content\\\/uploads\\\/2021\\\/01\\\/piano.gif\",\"contentUrl\":\"https:\\\/\\\/longkft.hu\\\/audioblog\\\/wp-content\\\/uploads\\\/2021\\\/01\\\/piano.gif\",\"width\":500,\"height\":255,\"caption\":\"VF Max virtu\u00e1lisf\u00f6ld\"},{\"@type\":\"BreadcrumbList\",\"@id\":\"https:\\\/\\\/longkft.hu\\\/audioblog\\\/az-egyertelmu-fejlodes-vf-max-virtualisfold\\\/#breadcrumb\",\"itemListElement\":[{\"@type\":\"ListItem\",\"position\":1,\"name\":\"Kezd\u0151oldal\",\"item\":\"https:\\\/\\\/longkft.hu\\\/audioblog\\\/\"},{\"@type\":\"ListItem\",\"position\":2,\"name\":\"Az egy\u00e9rtelm\u0171 fejl\u0151d\u00e9s &#8211; VF Max virtu\u00e1lisf\u00f6ld\"}]},{\"@type\":\"WebSite\",\"@id\":\"https:\\\/\\\/longkft.hu\\\/audioblog\\\/#website\",\"url\":\"https:\\\/\\\/longkft.hu\\\/audioblog\\\/\",\"name\":\"Longaudio\",\"description\":\"50 \u00e9v lemezgy\u0171jtem\u00e9nye \u00e9s audio k\u00e9sz\u00fcl\u00e9kei\",\"publisher\":{\"@id\":\"https:\\\/\\\/longkft.hu\\\/audioblog\\\/#\\\/schema\\\/person\\\/645cabad2d8e942354ed2caeef3aa9ea\"},\"potentialAction\":[{\"@type\":\"SearchAction\",\"target\":{\"@type\":\"EntryPoint\",\"urlTemplate\":\"https:\\\/\\\/longkft.hu\\\/audioblog\\\/?s={search_term_string}\"},\"query-input\":{\"@type\":\"PropertyValueSpecification\",\"valueRequired\":true,\"valueName\":\"search_term_string\"}}],\"inLanguage\":\"hu\"},{\"@type\":[\"Person\",\"Organization\"],\"@id\":\"https:\\\/\\\/longkft.hu\\\/audioblog\\\/#\\\/schema\\\/person\\\/645cabad2d8e942354ed2caeef3aa9ea\",\"name\":\"Long\",\"image\":{\"@type\":\"ImageObject\",\"inLanguage\":\"hu\",\"@id\":\"https:\\\/\\\/longkft.hu\\\/audioblog\\\/wp-content\\\/uploads\\\/2018\\\/01\\\/logo.jpg\",\"url\":\"https:\\\/\\\/longkft.hu\\\/audioblog\\\/wp-content\\\/uploads\\\/2018\\\/01\\\/logo.jpg\",\"contentUrl\":\"https:\\\/\\\/longkft.hu\\\/audioblog\\\/wp-content\\\/uploads\\\/2018\\\/01\\\/logo.jpg\",\"width\":240,\"height\":240,\"caption\":\"Long\"},\"logo\":{\"@id\":\"https:\\\/\\\/longkft.hu\\\/audioblog\\\/wp-content\\\/uploads\\\/2018\\\/01\\\/logo.jpg\"},\"sameAs\":[\"https:\\\/\\\/www.facebook.com\\\/longkft\",\"https:\\\/\\\/hu.pinterest.com\\\/farkas1051\\\/_saved\\\/\"],\"url\":\"https:\\\/\\\/longkft.hu\\\/audioblog\\\/author\\\/audioblogger\\\/\"}]}<\/script>\n<!-- \/ Yoast SEO plugin. -->","yoast_head_json":{"title":"Az egy\u00e9rtelm\u0171 fejl\u0151d\u00e9s - VF Max virtu\u00e1lisf\u00f6ld - Longaudio","description":"A Cables \u00e1ltal k\u00e9sz\u00edtett VF Max virtu\u00e1lisf\u00f6ld igen j\u00f3 alternat\u00edv\u00e1t k\u00edn\u00e1l mindenkinek, akik szeretn\u00e9k megl\u00e9v\u0151 hangrendszer\u00fcket feljav\u00edtani.","robots":{"index":"index","follow":"follow","max-snippet":"max-snippet:-1","max-image-preview":"max-image-preview:large","max-video-preview":"max-video-preview:-1"},"canonical":"https:\/\/longkft.hu\/audioblog\/az-egyertelmu-fejlodes-vf-max-virtualisfold\/","og_locale":"hu_HU","og_type":"article","og_title":"Az egy\u00e9rtelm\u0171 fejl\u0151d\u00e9s - VF Max virtu\u00e1lisf\u00f6ld - Longaudio","og_description":"A Cables \u00e1ltal k\u00e9sz\u00edtett VF Max virtu\u00e1lisf\u00f6ld igen j\u00f3 alternat\u00edv\u00e1t k\u00edn\u00e1l mindenkinek, akik szeretn\u00e9k megl\u00e9v\u0151 hangrendszer\u00fcket feljav\u00edtani.","og_url":"https:\/\/longkft.hu\/audioblog\/az-egyertelmu-fejlodes-vf-max-virtualisfold\/","og_site_name":"Longaudio","article_publisher":"https:\/\/www.facebook.com\/longkft","article_author":"https:\/\/www.facebook.com\/longkft","article_published_time":"2021-01-05T17:05:46+00:00","article_modified_time":"2022-02-09T12:44:33+00:00","og_image":[{"width":500,"height":255,"url":"https:\/\/longkft.hu\/audioblog\/wp-content\/uploads\/2021\/01\/piano.gif","type":"image\/gif"}],"author":"Long","twitter_card":"summary_large_image","twitter_misc":{"Szerz\u0151:":"Long","Becs\u00fclt olvas\u00e1si id\u0151":"10 perc"},"schema":{"@context":"https:\/\/schema.org","@graph":[{"@type":"Article","@id":"https:\/\/longkft.hu\/audioblog\/az-egyertelmu-fejlodes-vf-max-virtualisfold\/#article","isPartOf":{"@id":"https:\/\/longkft.hu\/audioblog\/az-egyertelmu-fejlodes-vf-max-virtualisfold\/"},"author":{"name":"Long","@id":"https:\/\/longkft.hu\/audioblog\/#\/schema\/person\/645cabad2d8e942354ed2caeef3aa9ea"},"headline":"Az egy\u00e9rtelm\u0171 fejl\u0151d\u00e9s &#8211; VF Max virtu\u00e1lisf\u00f6ld","datePublished":"2021-01-05T17:05:46+00:00","dateModified":"2022-02-09T12:44:33+00:00","mainEntityOfPage":{"@id":"https:\/\/longkft.hu\/audioblog\/az-egyertelmu-fejlodes-vf-max-virtualisfold\/"},"wordCount":2073,"commentCount":6,"publisher":{"@id":"https:\/\/longkft.hu\/audioblog\/#\/schema\/person\/645cabad2d8e942354ed2caeef3aa9ea"},"image":{"@id":"https:\/\/longkft.hu\/audioblog\/az-egyertelmu-fejlodes-vf-max-virtualisfold\/#primaryimage"},"thumbnailUrl":"https:\/\/longkft.hu\/audioblog\/wp-content\/uploads\/2021\/01\/piano.gif","keywords":["4. dimenzi\u00f3","DIY","Virtu\u00e1lis f\u00f6ld"],"articleSection":["Tuning"],"inLanguage":"hu","potentialAction":[{"@type":"CommentAction","name":"Comment","target":["https:\/\/longkft.hu\/audioblog\/az-egyertelmu-fejlodes-vf-max-virtualisfold\/#respond"]}]},{"@type":"WebPage","@id":"https:\/\/longkft.hu\/audioblog\/az-egyertelmu-fejlodes-vf-max-virtualisfold\/","url":"https:\/\/longkft.hu\/audioblog\/az-egyertelmu-fejlodes-vf-max-virtualisfold\/","name":"Az egy\u00e9rtelm\u0171 fejl\u0151d\u00e9s - VF Max virtu\u00e1lisf\u00f6ld - Longaudio","isPartOf":{"@id":"https:\/\/longkft.hu\/audioblog\/#website"},"primaryImageOfPage":{"@id":"https:\/\/longkft.hu\/audioblog\/az-egyertelmu-fejlodes-vf-max-virtualisfold\/#primaryimage"},"image":{"@id":"https:\/\/longkft.hu\/audioblog\/az-egyertelmu-fejlodes-vf-max-virtualisfold\/#primaryimage"},"thumbnailUrl":"https:\/\/longkft.hu\/audioblog\/wp-content\/uploads\/2021\/01\/piano.gif","datePublished":"2021-01-05T17:05:46+00:00","dateModified":"2022-02-09T12:44:33+00:00","description":"A Cables \u00e1ltal k\u00e9sz\u00edtett VF Max virtu\u00e1lisf\u00f6ld igen j\u00f3 alternat\u00edv\u00e1t k\u00edn\u00e1l mindenkinek, akik szeretn\u00e9k megl\u00e9v\u0151 hangrendszer\u00fcket feljav\u00edtani.","breadcrumb":{"@id":"https:\/\/longkft.hu\/audioblog\/az-egyertelmu-fejlodes-vf-max-virtualisfold\/#breadcrumb"},"inLanguage":"hu","potentialAction":[{"@type":"ReadAction","target":["https:\/\/longkft.hu\/audioblog\/az-egyertelmu-fejlodes-vf-max-virtualisfold\/"]}]},{"@type":"ImageObject","inLanguage":"hu","@id":"https:\/\/longkft.hu\/audioblog\/az-egyertelmu-fejlodes-vf-max-virtualisfold\/#primaryimage","url":"https:\/\/longkft.hu\/audioblog\/wp-content\/uploads\/2021\/01\/piano.gif","contentUrl":"https:\/\/longkft.hu\/audioblog\/wp-content\/uploads\/2021\/01\/piano.gif","width":500,"height":255,"caption":"VF Max virtu\u00e1lisf\u00f6ld"},{"@type":"BreadcrumbList","@id":"https:\/\/longkft.hu\/audioblog\/az-egyertelmu-fejlodes-vf-max-virtualisfold\/#breadcrumb","itemListElement":[{"@type":"ListItem","position":1,"name":"Kezd\u0151oldal","item":"https:\/\/longkft.hu\/audioblog\/"},{"@type":"ListItem","position":2,"name":"Az egy\u00e9rtelm\u0171 fejl\u0151d\u00e9s &#8211; VF Max virtu\u00e1lisf\u00f6ld"}]},{"@type":"WebSite","@id":"https:\/\/longkft.hu\/audioblog\/#website","url":"https:\/\/longkft.hu\/audioblog\/","name":"Longaudio","description":"50 \u00e9v lemezgy\u0171jtem\u00e9nye \u00e9s audio k\u00e9sz\u00fcl\u00e9kei","publisher":{"@id":"https:\/\/longkft.hu\/audioblog\/#\/schema\/person\/645cabad2d8e942354ed2caeef3aa9ea"},"potentialAction":[{"@type":"SearchAction","target":{"@type":"EntryPoint","urlTemplate":"https:\/\/longkft.hu\/audioblog\/?s={search_term_string}"},"query-input":{"@type":"PropertyValueSpecification","valueRequired":true,"valueName":"search_term_string"}}],"inLanguage":"hu"},{"@type":["Person","Organization"],"@id":"https:\/\/longkft.hu\/audioblog\/#\/schema\/person\/645cabad2d8e942354ed2caeef3aa9ea","name":"Long","image":{"@type":"ImageObject","inLanguage":"hu","@id":"https:\/\/longkft.hu\/audioblog\/wp-content\/uploads\/2018\/01\/logo.jpg","url":"https:\/\/longkft.hu\/audioblog\/wp-content\/uploads\/2018\/01\/logo.jpg","contentUrl":"https:\/\/longkft.hu\/audioblog\/wp-content\/uploads\/2018\/01\/logo.jpg","width":240,"height":240,"caption":"Long"},"logo":{"@id":"https:\/\/longkft.hu\/audioblog\/wp-content\/uploads\/2018\/01\/logo.jpg"},"sameAs":["https:\/\/www.facebook.com\/longkft","https:\/\/hu.pinterest.com\/farkas1051\/_saved\/"],"url":"https:\/\/longkft.hu\/audioblog\/author\/audioblogger\/"}]}},"_links":{"self":[{"href":"https:\/\/longkft.hu\/audioblog\/wp-json\/wp\/v2\/posts\/9152","targetHints":{"allow":["GET"]}}],"collection":[{"href":"https:\/\/longkft.hu\/audioblog\/wp-json\/wp\/v2\/posts"}],"about":[{"href":"https:\/\/longkft.hu\/audioblog\/wp-json\/wp\/v2\/types\/post"}],"author":[{"embeddable":true,"href":"https:\/\/longkft.hu\/audioblog\/wp-json\/wp\/v2\/users\/2"}],"replies":[{"embeddable":true,"href":"https:\/\/longkft.hu\/audioblog\/wp-json\/wp\/v2\/comments?post=9152"}],"version-history":[{"count":0,"href":"https:\/\/longkft.hu\/audioblog\/wp-json\/wp\/v2\/posts\/9152\/revisions"}],"wp:featuredmedia":[{"embeddable":true,"href":"https:\/\/longkft.hu\/audioblog\/wp-json\/wp\/v2\/media\/9153"}],"wp:attachment":[{"href":"https:\/\/longkft.hu\/audioblog\/wp-json\/wp\/v2\/media?parent=9152"}],"wp:term":[{"taxonomy":"category","embeddable":true,"href":"https:\/\/longkft.hu\/audioblog\/wp-json\/wp\/v2\/categories?post=9152"},{"taxonomy":"post_tag","embeddable":true,"href":"https:\/\/longkft.hu\/audioblog\/wp-json\/wp\/v2\/tags?post=9152"}],"curies":[{"name":"wp","href":"https:\/\/api.w.org\/{rel}","templated":true}]}}