{"id":9168,"date":"2021-01-11T17:03:57","date_gmt":"2021-01-11T17:03:57","guid":{"rendered":"https:\/\/longkft.hu\/audioblog\/?p=9168"},"modified":"2021-02-26T16:14:30","modified_gmt":"2021-02-26T16:14:30","slug":"jarjunk-nyitott-szemmel-nyitott-fullel","status":"publish","type":"post","link":"https:\/\/longkft.hu\/audioblog\/jarjunk-nyitott-szemmel-nyitott-fullel\/","title":{"rendered":"J\u00e1rjunk nyitott szemmel, nyitott f\u00fcllel"},"content":{"rendered":"<p style=\"text-align: justify;\"><span style=\"font-size: 12pt;\">A hangtechnik\u00e1ban haszn\u00e1latos k\u00fcl\u00f6nb\u00f6z\u0151 k\u00e1belek, k\u00e1belrendszerek \u00e9s azok hangk\u00e9pre gyakorolt hat\u00e1sa nagyon gyakori t\u00e9ma a k\u00fcl\u00f6nb\u00f6z\u0151 hifis \u00e9s h\u00e1zimozis k\u00f6z\u00f6ss\u00e9gekben. Id\u0151nk\u00e9nt val\u00f3di tapasztalatcser\u00e9vel j\u00e1r\u00f3 besz\u00e9lget\u00e9sek alakulnak ki a t\u00e9m\u00e1ban, m\u00e1skor pedig ak\u00e1r szem\u00e9lyesked\u00e9sekbe torkoll\u00f3 vit\u00e1k. No komment.<\/span><\/p>\n<p style=\"text-align: justify;\"><span style=\"font-size: 12pt;\">Most j\u00f6jj\u00f6n egy k\u00e1beles t\u00f6rt\u00e9net arr\u00f3l, hogy bizony mindig \u00e9rdemes nyitott elm\u00e9vel, nyitott f\u00fclekkel j\u00e1rni-kelni, amely t\u00f6rt\u00e9netnek az adja az aktualit\u00e1s\u00e1t, hogy 25 \u00e9vvel ezel\u0151tt, 1996 janu\u00e1rban elindult az APT &#8211; vagyis az American Power Tuning.<\/span><\/p>\n<p style=\"text-align: justify;\"><span style=\"font-size: 12pt;\">Anno, a hifi mellett volt egy m\u00e1sik hobbim is, ami t\u00f6bb \u00e9ven kereszt\u00fcl teljesen kit\u00f6lt\u00f6tte a napjaimat. Franciaorsz\u00e1gban \u00e9s Angli\u00e1ban szem\u00e9lyesen is megismerkedtem az un. gy\u00fajt\u00e1stuning m\u0171faj\u00e1val &#8211; amir\u0151l addig csak olvastam az amerikai Hot Rod magazinokban, \u00e9s \u00fagy d\u00f6nt\u00f6ttem, hogy bevezetem Magyarorsz\u00e1gon is.<\/span><\/p>\n<p style=\"text-align: center;\"><img loading=\"lazy\" decoding=\"async\" class=\"aligncenter wp-image-9172 size-full\" src=\"https:\/\/longkft.hu\/audioblog\/wp-content\/uploads\/2021\/01\/msd-szett.jpg\" alt=\"msd szett\" width=\"600\" height=\"500\" srcset=\"https:\/\/longkft.hu\/audioblog\/wp-content\/uploads\/2021\/01\/msd-szett.jpg 600w, https:\/\/longkft.hu\/audioblog\/wp-content\/uploads\/2021\/01\/msd-szett-300x250.jpg 300w, https:\/\/longkft.hu\/audioblog\/wp-content\/uploads\/2021\/01\/msd-szett-200x167.jpg 200w, https:\/\/longkft.hu\/audioblog\/wp-content\/uploads\/2021\/01\/msd-szett-400x333.jpg 400w\" sizes=\"auto, (max-width: 600px) 100vw, 600px\" \/><\/p>\n<p style=\"text-align: justify;\"><span style=\"font-size: 12pt;\">Ink\u00e1bb nem r\u00e9szletezem, hogy mekkora ellen\u00e1ll\u00e1sba \u00fctk\u00f6ztem, h\u00e1ny aut\u00f3szerel\u0151, h\u00e1ny versenycsapat, h\u00e1ny \u00fajs\u00e1g\u00edr\u00f3 \u00e9s persze h\u00e9tk\u00f6znapi aut\u00f3s n\u00e9zett elmeh\u00e1borodottnak miatta &#8211; term\u00e9szetesen hatalmas vehemenci\u00e1val \u00e9s a t\u00e9mak\u00f6rben nulla tapasztalattal. <em>(Nem ismer\u0151s ez nektek valahonnan?)<\/em><\/span><\/p>\n<p style=\"text-align: justify;\"><span style=\"font-size: 12pt;\">Megk\u00fczd\u00f6ttem vel\u00fck, r\u00e1ad\u00e1sul olyannyira sikeresen, hogy egy id\u0151 ut\u00e1n m\u00e1r aut\u00f3verseny-csapatokat t\u00e1mogattunk, s\u0151t, m\u00e9g motorcs\u00f3nak-versenycsapatot is. Egyfajta el\u00e9gt\u00e9telt jelentett az agyhalottakkal val\u00f3 &#8222;k\u00fczdelemben&#8221;, amikor rep\u00fcl\u0151g\u00e9pbe is beker\u00fclt egy kor\u00e1bban nem ismert \u00e9s az APT \u00e1ltal &#8222;meghonos\u00edtott&#8221; komplett gy\u00fajt\u00e1srendszer.<\/span><\/p>\n<p style=\"text-align: justify;\"><span style=\"font-size: 12pt;\">Felt\u00e9tlen\u00fcl meg kell eml\u00edtenem Basa K\u00e1rolyt (<a href=\"https:\/\/totel.hu\/\" target=\"_blank\" rel=\"noopener noreferrer\"><span style=\"color: #ff6600;\">Totel<\/span><\/a>), aki nem hajtott el melegebb \u00e9ghajlatra, nem kereste a kiz\u00e1r\u00f3 okokat, hanem az \u00f6tletemet v\u00e9gighallgatta, az amerikai \u00fajs\u00e1gokat \u00e1tny\u00e1lazta \u00e9s az \u00e1ltalam \u00f6sszeszedett inform\u00e1ci\u00f3kat szakmailag leellen\u0151rizte, kijav\u00edtotta &#8211; elv\u00e9gre &#8222;elektromos&#8221; v\u00e9gzetts\u00e9ge van. Meglehet\u0151sen izgalmas volt vele kiv\u00e9telesen nem hifir\u0151l, hanem aut\u00f3tuningr\u00f3l besz\u00e9lgetni, \u00e9s tulajdonk\u00e9ppen az \u0151 igen pozit\u00edv hozz\u00e1\u00e1ll\u00e1sa is kellett ahhoz, hogy bele merjek v\u00e1gni.<\/span><\/p>\n<p style=\"text-align: justify;\"><span style=\"font-size: 12pt;\">Valamint, meg kell eml\u00edtenem a Balogh \u00e9s Fiai Peugeot szervizt is (Monor), ahol a sr\u00e1cok mindig, mindent megtettek az\u00e9rt, hogy a saj\u00e1t aut\u00f3mba beszerelt pr\u00f3baverzi\u00f3k (is) hib\u00e1tlanul m\u0171k\u00f6djenek &#8211; pedig ilyen jelleg\u0171 gy\u00fajt\u00e1stuningr\u00f3l kor\u00e1bban m\u00e9g csak nem is hallottak.<\/span><\/p>\n<p style=\"text-align: center;\"><img loading=\"lazy\" decoding=\"async\" class=\"aligncenter size-full wp-image-9173\" src=\"https:\/\/longkft.hu\/audioblog\/wp-content\/uploads\/2021\/01\/crane-hi6.png\" alt=\"crane hi6\" width=\"585\" height=\"289\" srcset=\"https:\/\/longkft.hu\/audioblog\/wp-content\/uploads\/2021\/01\/crane-hi6.png 585w, https:\/\/longkft.hu\/audioblog\/wp-content\/uploads\/2021\/01\/crane-hi6-300x148.png 300w, https:\/\/longkft.hu\/audioblog\/wp-content\/uploads\/2021\/01\/crane-hi6-200x99.png 200w, https:\/\/longkft.hu\/audioblog\/wp-content\/uploads\/2021\/01\/crane-hi6-400x198.png 400w\" sizes=\"auto, (max-width: 585px) 100vw, 585px\" \/><\/p>\n<p style=\"text-align: justify;\"><span style=\"font-size: 12pt;\">Azonban, most nem ez a l\u00e9nyeg. Mivel mindig, mindenben azt keresem, hogy milyen m\u00f3don lehetne azt hasznos\u00edtani a hifiben &#8211; ami nem tudatos folyamat -, \u00edgy &#8222;term\u00e9szetesen&#8221; megfordult a fejemben az is, hogy a tekercsekben behozott igen k\u00fcl\u00f6nleges gy\u00fajt\u00e1sk\u00e1belek, mik\u00e9nt is &#8222;sz\u00f3lhatnak&#8221;. <\/span><\/p>\n<p style=\"text-align: justify;\"><span style=\"font-size: 12pt;\">K\u00e9sz\u00edtettem bel\u0151l\u00fck hangsz\u00f3r\u00f3- \u00e9s IC-k\u00e1beleket, melyekkel minden gond n\u00e9lk\u00fcl megsz\u00f3lalt az akkori rendszerem. Igaz\u00e1b\u00f3l meg sem lep\u0151dve konstat\u00e1ltam, hogy a k\u00fcl\u00f6nb\u00f6z\u0151 gy\u00fajt\u00e1sk\u00e1belek elt\u00e9r\u0151 m\u00f3don zen\u00e9ltek, de azt, hogy hallgathatatlanok lettek volna, bizony nem lehetett mondani.<\/span><\/p>\n<p style=\"text-align: center;\"><img loading=\"lazy\" decoding=\"async\" class=\"aligncenter size-full wp-image-9174\" src=\"https:\/\/longkft.hu\/audioblog\/wp-content\/uploads\/2021\/01\/nsd-kabel.jpg\" alt=\"msd k\u00e1bel\" width=\"600\" height=\"463\" srcset=\"https:\/\/longkft.hu\/audioblog\/wp-content\/uploads\/2021\/01\/nsd-kabel.jpg 600w, https:\/\/longkft.hu\/audioblog\/wp-content\/uploads\/2021\/01\/nsd-kabel-300x232.jpg 300w, https:\/\/longkft.hu\/audioblog\/wp-content\/uploads\/2021\/01\/nsd-kabel-200x154.jpg 200w, https:\/\/longkft.hu\/audioblog\/wp-content\/uploads\/2021\/01\/nsd-kabel-400x309.jpg 400w\" sizes=\"auto, (max-width: 600px) 100vw, 600px\" \/><\/p>\n<p style=\"text-align: justify;\"><span style=\"font-size: 12pt;\">S\u0151t, az egyik MSD-gy\u00fajt\u00e1sk\u00e1bel <em>(annyi maradt meg az eml\u00e9kezetemben, hogy 8,5 mm-es \u00e9s piros k\u00f6peny\u0171)<\/em> bizony partiban volt t\u00f6bb, \u00e1ltalam kipr\u00f3b\u00e1lt neves, audio-k\u00e1beleket gy\u00e1rt\u00f3 c\u00e9g term\u00e9keivel is, \u00edgy a &#8222;j\u00e1t\u00e9k&#8221;, a tapasztalatszerz\u00e9s \u00e9rdek\u00e9ben id\u0151nk\u00e9nt bek\u00f6t\u00f6ttem azokat. A mai eszemmel, ismereteimmel m\u00e1r v\u00e9glegesen ott is hagytam volna, de 20+ \u00e9vvel ezel\u0151tt m\u00e9g csak a r\u00e1csod\u00e1lkoz\u00e1s korszakomban j\u00e1rtam.<\/span><\/p>\n<p style=\"text-align: justify;\"><span style=\"font-size: 12pt;\">N\u00e9h\u00e1ny \u00e9vvel k\u00e9s\u0151bb besz\u00e9lget\u00e9sbe elegyedtem valakivel, \u00e9s sz\u00f3ba ker\u00fclt a t\u00e9ma. Az illet\u0151 szocialista aut\u00f3kat &#8211; els\u0151sorban LADA &#8211; tuningolt, \u00e9s bizony neki is esz\u00e9be jutott az \u00f6tlet. \u0150 orosz gy\u00fajt\u00e1sk\u00e1belb\u0151l k\u00e9sz\u00edtett IC-k\u00e1belt.<\/span><\/p>\n<p style=\"text-align: justify;\"><span style=\"font-size: 12pt;\">Ezzel term\u00e9szetesen nem azt szeretn\u00e9m \u00fczenni, hogy most mindenki rohanjon, \u00e9s vegye ki aut\u00f3j\u00e1b\u00f3l <em>(vagy a szomsz\u00e9d\u00e9b\u00f3l)<\/em> a gy\u00fajt\u00e1sk\u00e1beleket, hanem j\u00e1rjatok nyitott szemmel, nyitott f\u00fcllel, mert nagyon sok <em>(\u00e9s sokba ker\u00fcl\u0151)<\/em> hangz\u00e1sjav\u00edt\u00f3-megold\u00e1s ott hever el\u0151tt\u00fcnk, csak \u00e9ppen nem vessz\u00fck \u00e9szre, vagy nem merj\u00fck kipr\u00f3b\u00e1lni, vagy sajnos, nem mer\u00fcnk r\u00f3la besz\u00e1molni&#8230;<\/span><\/p>\n<span>Megosztom:<\/span><br><a target=\"_blank\" class=\"facebook\" title=\"\" rel=\"external\" href=\"https:\/\/www.facebook.com\/share.php?u=https:\/\/longkft.hu\/audioblog\/jarjunk-nyitott-szemmel-nyitott-fullel\/&title=J\u00e1rjunk nyitott szemmel, nyitott f\u00fcllel\"><\/a><a target=\"_blank\" class=\"linkedin\" title=\"\" rel=\"external\" href=\"http:\/\/www.linkedin.com\/shareArticle?mini=true&amp;url=https%3A%2F%2Flongkft.hu%2Faudioblog%2Fjarjunk-nyitott-szemmel-nyitott-fullel%2F&amp;title=J%C3%A1rjunk+nyitott+szemmel%2C+nyitott+f%C3%BCllel&amp;summary=%3Cp+style%3D%22text-align%3A+justify%3B%22%3E%3Cspan+style%3D%22font-size%3A+12pt%3B%22%3EA+hangtechnik%C3%A1ban+haszn%C3%A1latos+k%C3%BCl%C3%B6nb%C3%B6z%C5%91+k%C3%A1belek%2C+k%C3%A1belrendszerek+%C3%A9s+azok+hangk%C3%A9pre+gyakorolt+hat%C3%A1sa+nagyon+gyakori+t%C3%A9ma+a+k%C3%BCl%C3%B6nb%C3%B6z%C5%91+hifis+%C3%A9s+h%C3%A1zimozis+k%C3%B6z%C3%B6ss%C3%A9gekben.+Id%C5%91nk%C3%A9nt+val%C3%B3di+tapasztalatcser%C3%A9vel+j%C3%A1r%C3%B3+besz%C3%A9lget%C3%A9sek+alakulnak+ki+a+t%C3%A9m%C3%A1ban%2C+m%C3%A1skor+pedig+ak%C3%A1r+szem%C3%A9lyesked%C3%A9sekbe+torkoll%C3%B3+vit%C3%A1k.+No+komment.%3C%2Fspan%3E%3C%2Fp%3E%0D%0A%3Cp+style%3D%22text-align%3A+justify%3B%22%3E%3Cspan+style%3D%22font-size%3A+12pt%3B%22%3EMost+j%C3%B6jj%C3%B6n+egy+k%C3%A1beles+t%C3%B6rt%C3%A9net+arr%C3%B3l%2C+hogy+bizony+mindig+%C3%A9rdemes+nyitott+elm%C3%A9vel%2C+nyitott+f%C3%BClekkel+j%C3%A1rni-kelni%2C+amely+t%C3%B6rt%C3%A9netnek+az+adja+az+aktualit%C3%A1s%C3%A1t%2C+hogy+25+%C3%A9vvel+ezel%C5%91tt%2C+1996+janu%C3%A1rban+elindult+az+APT+-+vagyis+az+American+Power+Tuning.%3C%2Fspan%3E%3C%2Fp%3E%0D%0A%3Cp+style%3D%22text-align%3A+justify%3B%22%3E%3Cspan+style%3D%22font-size%3A+12pt%3B%22%3EAnno%2C+a+hifi+mellett+volt+egy+m%C3%A1sik+hobbim+is%2C+ami+t%C3%B6bb+%C3%A9ven+kereszt%C3%BCl+teljesen+kit%C3%B6lt%C3%B6tte+a+napjaimat.+Franciaorsz%C3%A1gban+%C3%A9s+Angli%C3%A1ban+szem%C3%A9lyesen+is+megismerkedtem+az+un.+gy%C3%BAjt%C3%A1stuning+m%C5%B1faj%C3%A1val+-+amir%C5%91l+addig+csak+olvastam+az+amerikai+Hot+Rod+magazinokban%2C+%C3%A9s+%C3%BAgy+d%C3%B6nt%C3%B6ttem%2C+hogy+bevezetem+Magyarorsz%C3%A1gon+is.%3C%2Fspan%3E%3C%2Fp%3E%0D%0A%3Cp+style%3D%22text-align%3A+center%3B%22%3E%3Cimg+class%3D%22aligncenter+wp-image-9172+size-full%22+src%3D%22https%3A%2F%2Flongkft.hu%2Faudioblog%2Fwp-content%2Fuploads%2F2021%2F01%2Fmsd-szett.jpg%22+alt%3D%22msd+szett%22+width%3D%22600%22+height%3D%22500%22+%2F%3E%3C%2Fp%3E%0D%0A%3Cp+style%3D%22text-align%3A+justify%3B%22%3E%3Cspan+style%3D%22font-size%3A+12pt%3B%22%3EInk%C3%A1bb+nem+r%C3%A9szletezem%2C+hogy+mekkora+ellen%C3%A1ll%C3%A1sba+%C3%BCtk%C3%B6ztem%2C+h%C3%A1ny+aut%C3%B3szerel%C5%91%2C+h%C3%A1ny+versenycsapat%2C+h%C3%A1ny+%C3%BAjs%C3%A1g%C3%ADr%C3%B3+%C3%A9s+persze+h%C3%A9tk%C3%B6znapi+aut%C3%B3s+n%C3%A9zett+elmeh%C3%A1borodottnak+miatta+-+term%C3%A9szetesen+hatalmas+vehemenci%C3%A1val+%C3%A9s+a+t%C3%A9mak%C3%B6rben+nulla+tapasztalattal.+%3Cem%3E%28Nem+ismer%C5%91s+ez+nektek+valahonnan%3F%29%3C%2Fem%3E%3C%2Fspan%3E%3C%2Fp%3E%0D%0A%3Cp+style%3D%22text-align%3A+justify%3B%22%3E%3Cspan+style%3D%22font-size%3A+12pt%3B%22%3EMegk%C3%BCzd%C3%B6ttem+vel%C3%BCk%2C+r%C3%A1ad%C3%A1sul+olyannyira+sikeresen%2C+hogy+egy+id%C5%91+ut%C3%A1n+m%C3%A1r+aut%C3%B3verseny-csapatokat+t%C3%A1mogattunk%2C+s%C5%91t%2C+m%C3%A9g+motorcs%C3%B3nak-versenycsapatot+is.+Egyfajta+el%C3%A9gt%C3%A9telt+jelentett+az+agyhalottakkal+val%C3%B3+%22k%C3%BCzdelemben%22%2C+amikor+rep%C3%BCl%C5%91g%C3%A9pbe+is+beker%C3%BClt+egy+kor%C3%A1bban+nem+ismert+%C3%A9s+az+APT+%C3%A1ltal+%22meghonos%C3%ADtott%22+komplett+gy%C3%BAjt%C3%A1srendszer.%3C%2Fspan%3E%3C%2Fp%3E%0D%0A%3Cp+style%3D%22text-align%3A+justify%3B%22%3E%3Cspan+style%3D%22font-size%3A+12pt%3B%22%3EFelt%C3%A9tlen%C3%BCl+meg+kell+eml%C3%ADtenem+Basa+K%C3%A1rolyt+%28%3Ca+href%3D%22https%3A%2F%2Ftotel.hu%2F%22+target%3D%22_blank%22+rel%3D%22noopener+noreferrer%22%3E%3Cspan+style%3D%22color%3A+%23ff6600%3B%22%3ETotel%3C%2Fspan%3E%3C%2Fa%3E%29%2C+aki+nem+hajtott+el+melegebb+%C3%A9ghajlatra%2C+nem+kereste+a+kiz%C3%A1r%C3%B3+okokat%2C+hanem+az+%C3%B6tletemet+v%C3%A9gighallgatta%2C+az+amerikai+%C3%BAjs%C3%A1gokat+%C3%A1tny%C3%A1lazta+%C3%A9s+az+%C3%A1ltalam+%C3%B6sszeszedett+inform%C3%A1ci%C3%B3kat+szakmailag+leellen%C5%91rizte%2C+kijav%C3%ADtotta+-+elv%C3%A9gre+%22elektromos%22+v%C3%A9gzetts%C3%A9ge+van.+Meglehet%C5%91sen+izgalmas+volt+vele+kiv%C3%A9telesen+nem+hifir%C5%91l%2C+hanem+aut%C3%B3tuningr%C3%B3l+besz%C3%A9lgetni%2C+%C3%A9s+tulajdonk%C3%A9ppen+az+%C5%91+igen+pozit%C3%ADv+hozz%C3%A1%C3%A1ll%C3%A1sa+is+kellett+ahhoz%2C+hogy+bele+merjek+v%C3%A1gni.%3C%2Fspan%3E%3C%2Fp%3E%0D%0A%3Cp+style%3D%22text-align%3A+justify%3B%22%3E%3Cspan+style%3D%22font-size%3A+12pt%3B%22%3EValamint%2C+meg+kell+eml%C3%ADtenem+a+Balogh+%C3%A9s+Fiai+Peugeot+szervizt+is+%28Monor%29%2C+ahol+a+sr%C3%A1cok+mindig%2C+mindent+megtettek+az%C3%A9rt%2C+hogy+a+saj%C3%A1t+aut%C3%B3mba+beszerelt+pr%C3%B3baverzi%C3%B3k+%28is%29+hib%C3%A1tlanul+m%C5%B1k%C3%B6djenek+-+pedig+ilyen+jelleg%C5%B1+gy%C3%BAjt%C3%A1stuningr%C3%B3l+kor%C3%A1bban+m%C3%A9g+csak+nem+is+hallottak.%3C%2Fspan%3E%3C%2Fp%3E%0D%0A%3Cp+style%3D%22text-align%3A+center%3B%22%3E%3Cimg+class%3D%22aligncenter+size-full+wp-image-9173%22+src%3D%22https%3A%2F%2Flongkft.hu%2Faudioblog%2Fwp-content%2Fuploads%2F2021%2F01%2Fcrane-hi6.png%22+alt%3D%22crane+hi6%22+width%3D%22585%22+height%3D%22289%22+%2F%3E%3C%2Fp%3E%0D%0A%3Cp+style%3D%22text-align%3A+justify%3B%22%3E%3Cspan+style%3D%22font-size%3A+12pt%3B%22%3EAzonban%2C+most+nem+ez+a+l%C3%A9nyeg.+Mivel+mindig%2C+mindenben+azt+keresem%2C+hogy+milyen+m%C3%B3don+lehetne+azt+hasznos%C3%ADtani+a+hifiben+-+ami+nem+tudatos+folyamat+-%2C+%C3%ADgy+%22term%C3%A9szetesen%22+megfordult+a+fejemben+az+is%2C+hogy+a+tekercsekben+behozott+igen+k%C3%BCl%C3%B6nleges+gy%C3%BAjt%C3%A1sk%C3%A1belek%2C+mik%C3%A9nt+is+%22sz%C3%B3lhatnak%22.+%3C%2Fspan%3E%3C%2Fp%3E%0D%0A%3Cp+style%3D%22text-align%3A+justify%3B%22%3E%3Cspan+style%3D%22font-size%3A+12pt%3B%22%3EK%C3%A9sz%C3%ADtettem+bel%C5%91l%C3%BCk+hangsz%C3%B3r%C3%B3-+%C3%A9s+IC-k%C3%A1beleket%2C+melyekkel+minden+gond+n%C3%A9lk%C3%BCl+megsz%C3%B3lalt+az+akkori+rendszerem.+Igaz%C3%A1b%C3%B3l+meg+sem+lep%C5%91dve+konstat%C3%A1ltam%2C+hogy+a+k%C3%BCl%C3%B6nb%C3%B6z%C5%91+gy%C3%BAjt%C3%A1sk%C3%A1belek+elt%C3%A9r%C5%91+m%C3%B3don+zen%C3%A9ltek%2C+de+azt%2C+hogy+hallgathatatlanok+lettek+volna%2C+bizony+nem+lehetett+mondani.%3C%2Fspan%3E%3C%2Fp%3E%0D%0A%3Cp+style%3D%22text-align%3A+center%3B%22%3E%3Cimg+class%3D%22aligncenter+size-full+wp-image-9174%22+src%3D%22https%3A%2F%2Flongkft.hu%2Faudioblog%2Fwp-content%2Fuploads%2F2021%2F01%2Fnsd-kabel.jpg%22+alt%3D%22msd+k%C3%A1bel%22+width%3D%22600%22+height%3D%22463%22+%2F%3E%3C%2Fp%3E%0D%0A%3Cp+style%3D%22text-align%3A+justify%3B%22%3E%3Cspan+style%3D%22font-size%3A+12pt%3B%22%3ES%C5%91t%2C+az+egyik+MSD-gy%C3%BAjt%C3%A1sk%C3%A1bel+%3Cem%3E%28annyi+maradt+meg+az+eml%C3%A9kezetemben%2C+hogy+8%2C5+mm-es+%C3%A9s+piros+k%C3%B6peny%C5%B1%29%3C%2Fem%3E+bizony+partiban+volt+t%C3%B6bb%2C+%C3%A1ltalam+kipr%C3%B3b%C3%A1lt+neves%2C+audio-k%C3%A1beleket+gy%C3%A1rt%C3%B3+c%C3%A9g+term%C3%A9keivel+is%2C+%C3%ADgy+a+%22j%C3%A1t%C3%A9k%22%2C+a+tapasztalatszerz%C3%A9s+%C3%A9rdek%C3%A9ben+id%C5%91nk%C3%A9nt+bek%C3%B6t%C3%B6ttem+azokat.+A+mai+eszemmel%2C+ismereteimmel+m%C3%A1r+v%C3%A9glegesen+ott+is+hagytam+volna%2C+de+20%2B+%C3%A9vvel+ezel%C5%91tt+m%C3%A9g+csak+a+r%C3%A1csod%C3%A1lkoz%C3%A1s+korszakomban+j%C3%A1rtam.%3C%2Fspan%3E%3C%2Fp%3E%0D%0A%3Cp+style%3D%22text-align%3A+justify%3B%22%3E%3Cspan+style%3D%22font-size%3A+12pt%3B%22%3EN%C3%A9h%C3%A1ny+%C3%A9vvel+k%C3%A9s%C5%91bb+besz%C3%A9lget%C3%A9sbe+elegyedtem+valakivel%2C+%C3%A9s+sz%C3%B3ba+ker%C3%BClt+a+t%C3%A9ma.+Az+illet%C5%91+szocialista+aut%C3%B3kat+-+els%C5%91sorban+LADA+-+tuningolt%2C+%C3%A9s+bizony+neki+is+esz%C3%A9be+jutott+az+%C3%B6tlet.+%C5%90+orosz+gy%C3%BAjt%C3%A1sk%C3%A1belb%C5%91l+k%C3%A9sz%C3%ADtett+IC-k%C3%A1belt.%3C%2Fspan%3E%3C%2Fp%3E%0D%0A%3Cp+style%3D%22text-align%3A+justify%3B%22%3E%3Cspan+style%3D%22font-size%3A+12pt%3B%22%3EEzzel+term%C3%A9szetesen+nem+azt+szeretn%C3%A9m+%C3%BCzenni%2C+hogy+most+mindenki+rohanjon%2C+%C3%A9s+vegye+ki+aut%C3%B3j%C3%A1b%C3%B3l+%3Cem%3E%28vagy+a+szomsz%C3%A9d%C3%A9b%C3%B3l%29%3C%2Fem%3E+a+gy%C3%BAjt%C3%A1sk%C3%A1beleket%2C+hanem+j%C3%A1rjatok+nyitott+szemmel%2C+nyitott+f%C3%BCllel%2C+mert+nagyon+sok+%3Cem%3E%28%C3%A9s+sokba+ker%C3%BCl%C5%91%29%3C%2Fem%3E+hangz%C3%A1sjav%C3%ADt%C3%B3-megold%C3%A1s+ott+hever+el%C5%91tt%C3%BCnk%2C+csak+%C3%A9ppen+nem+vessz%C3%BCk+%C3%A9szre%2C+vagy+nem+merj%C3%BCk+kipr%C3%B3b%C3%A1lni%2C+vagy+sajnos%2C+nem+mer%C3%BCnk+r%C3%B3la+besz%C3%A1molni...%3C%2Fspan%3E%3C%2Fp%3E&amp;source=Longaudio\"><\/a><a target=\"_blank\" class=\"gplusz\" title=\"\" rel=\"external\" href=\"https:\/\/plusone.google.com\/_\/+1\/confirm?url=https:\/\/longkft.hu\/audioblog\/jarjunk-nyitott-szemmel-nyitott-fullel\/\"><\/a><a target=\"_blank\" rel=\"nofollow\" class=\"email\" href=\"mailto:?subject=Longaudio - J\u00e1rjunk nyitott szemmel, nyitott f\u00fcllel&amp;body=Kedves Bar\u00e1tom! Most olvastam a(z) J\u00e1rjunk nyitott szemmel, nyitott f\u00fcllel  c\u00edm\u0171 cikket a(z) Longaudio  oldalon. Hivatkoz\u00e1s:  https:\/\/longkft.hu\/audioblog\/jarjunk-nyitott-szemmel-nyitott-fullel\/\" title=\"\"><\/a><a class=\"nyomtatas\" title=\"\" href=\"http:\/\/www.printfriendly.com\" onclick=\"window.print();return false;\"><\/a>","protected":false},"excerpt":{"rendered":"<p>A hangtechnik\u00e1ban haszn\u00e1latos k\u00fcl\u00f6nb\u00f6z\u0151 k\u00e1belek, k\u00e1belrendszerek \u00e9s azok hangk\u00e9pre gyakorolt hat\u00e1sa nagyon gyakori t\u00e9ma a k\u00fcl\u00f6nb\u00f6z\u0151 hifis \u00e9s h\u00e1zimozis k\u00f6z\u00f6ss\u00e9gekben&#8230;.<\/p>\n<span>Megosztom:<\/span><br><a target=\"_blank\" class=\"facebook\" title=\"\" rel=\"external\" href=\"https:\/\/www.facebook.com\/share.php?u=https:\/\/longkft.hu\/audioblog\/jarjunk-nyitott-szemmel-nyitott-fullel\/&title=J\u00e1rjunk nyitott szemmel, nyitott f\u00fcllel\"><\/a><a target=\"_blank\" class=\"linkedin\" title=\"\" rel=\"external\" href=\"http:\/\/www.linkedin.com\/shareArticle?mini=true&amp;url=https%3A%2F%2Flongkft.hu%2Faudioblog%2Fjarjunk-nyitott-szemmel-nyitott-fullel%2F&amp;title=J%C3%A1rjunk+nyitott+szemmel%2C+nyitott+f%C3%BCllel&amp;summary=%3Cp+style%3D%22text-align%3A+justify%3B%22%3E%3Cspan+style%3D%22font-size%3A+12pt%3B%22%3EA+hangtechnik%C3%A1ban+haszn%C3%A1latos+k%C3%BCl%C3%B6nb%C3%B6z%C5%91+k%C3%A1belek%2C+k%C3%A1belrendszerek+%C3%A9s+azok+hangk%C3%A9pre+gyakorolt+hat%C3%A1sa+nagyon+gyakori+t%C3%A9ma+a+k%C3%BCl%C3%B6nb%C3%B6z%C5%91+hifis+%C3%A9s+h%C3%A1zimozis+k%C3%B6z%C3%B6ss%C3%A9gekben.+Id%C5%91nk%C3%A9nt+val%C3%B3di+tapasztalatcser%C3%A9vel+j%C3%A1r%C3%B3+besz%C3%A9lget%C3%A9sek+alakulnak+ki+a+t%C3%A9m%C3%A1ban%2C+m%C3%A1skor+pedig+ak%C3%A1r+szem%C3%A9lyesked%C3%A9sekbe+torkoll%C3%B3+vit%C3%A1k.+No+komment.%3C%2Fspan%3E%3C%2Fp%3E%0D%0A%3Cp+style%3D%22text-align%3A+justify%3B%22%3E%3Cspan+style%3D%22font-size%3A+12pt%3B%22%3EMost+j%C3%B6jj%C3%B6n+egy+k%C3%A1beles+t%C3%B6rt%C3%A9net+arr%C3%B3l%2C+hogy+bizony+mindig+%C3%A9rdemes+nyitott+elm%C3%A9vel%2C+nyitott+f%C3%BClekkel+j%C3%A1rni-kelni%2C+amely+t%C3%B6rt%C3%A9netnek+az+adja+az+aktualit%C3%A1s%C3%A1t%2C+hogy+25+%C3%A9vvel+ezel%C5%91tt%2C+1996+janu%C3%A1rban+elindult+az+APT+-+vagyis+az+American+Power+Tuning.%3C%2Fspan%3E%3C%2Fp%3E%0D%0A%3Cp+style%3D%22text-align%3A+justify%3B%22%3E%3Cspan+style%3D%22font-size%3A+12pt%3B%22%3EAnno%2C+a+hifi+mellett+volt+egy+m%C3%A1sik+hobbim+is%2C+ami+t%C3%B6bb+%C3%A9ven+kereszt%C3%BCl+teljesen+kit%C3%B6lt%C3%B6tte+a+napjaimat.+Franciaorsz%C3%A1gban+%C3%A9s+Angli%C3%A1ban+szem%C3%A9lyesen+is+megismerkedtem+az+un.+gy%C3%BAjt%C3%A1stuning+m%C5%B1faj%C3%A1val+-+amir%C5%91l+addig+csak+olvastam+az+amerikai+Hot+Rod+magazinokban%2C+%C3%A9s+%C3%BAgy+d%C3%B6nt%C3%B6ttem%2C+hogy+bevezetem+Magyarorsz%C3%A1gon+is.%3C%2Fspan%3E%3C%2Fp%3E%0D%0A%3Cp+style%3D%22text-align%3A+center%3B%22%3E%3Cimg+class%3D%22aligncenter+wp-image-9172+size-full%22+src%3D%22https%3A%2F%2Flongkft.hu%2Faudioblog%2Fwp-content%2Fuploads%2F2021%2F01%2Fmsd-szett.jpg%22+alt%3D%22msd+szett%22+width%3D%22600%22+height%3D%22500%22+%2F%3E%3C%2Fp%3E%0D%0A%3Cp+style%3D%22text-align%3A+justify%3B%22%3E%3Cspan+style%3D%22font-size%3A+12pt%3B%22%3EInk%C3%A1bb+nem+r%C3%A9szletezem%2C+hogy+mekkora+ellen%C3%A1ll%C3%A1sba+%C3%BCtk%C3%B6ztem%2C+h%C3%A1ny+aut%C3%B3szerel%C5%91%2C+h%C3%A1ny+versenycsapat%2C+h%C3%A1ny+%C3%BAjs%C3%A1g%C3%ADr%C3%B3+%C3%A9s+persze+h%C3%A9tk%C3%B6znapi+aut%C3%B3s+n%C3%A9zett+elmeh%C3%A1borodottnak+miatta+-+term%C3%A9szetesen+hatalmas+vehemenci%C3%A1val+%C3%A9s+a+t%C3%A9mak%C3%B6rben+nulla+tapasztalattal.+%3Cem%3E%28Nem+ismer%C5%91s+ez+nektek+valahonnan%3F%29%3C%2Fem%3E%3C%2Fspan%3E%3C%2Fp%3E%0D%0A%3Cp+style%3D%22text-align%3A+justify%3B%22%3E%3Cspan+style%3D%22font-size%3A+12pt%3B%22%3EMegk%C3%BCzd%C3%B6ttem+vel%C3%BCk%2C+r%C3%A1ad%C3%A1sul+olyannyira+sikeresen%2C+hogy+egy+id%C5%91+ut%C3%A1n+m%C3%A1r+aut%C3%B3verseny-csapatokat+t%C3%A1mogattunk%2C+s%C5%91t%2C+m%C3%A9g+motorcs%C3%B3nak-versenycsapatot+is.+Egyfajta+el%C3%A9gt%C3%A9telt+jelentett+az+agyhalottakkal+val%C3%B3+%22k%C3%BCzdelemben%22%2C+amikor+rep%C3%BCl%C5%91g%C3%A9pbe+is+beker%C3%BClt+egy+kor%C3%A1bban+nem+ismert+%C3%A9s+az+APT+%C3%A1ltal+%22meghonos%C3%ADtott%22+komplett+gy%C3%BAjt%C3%A1srendszer.%3C%2Fspan%3E%3C%2Fp%3E%0D%0A%3Cp+style%3D%22text-align%3A+justify%3B%22%3E%3Cspan+style%3D%22font-size%3A+12pt%3B%22%3EFelt%C3%A9tlen%C3%BCl+meg+kell+eml%C3%ADtenem+Basa+K%C3%A1rolyt+%28%3Ca+href%3D%22https%3A%2F%2Ftotel.hu%2F%22+target%3D%22_blank%22+rel%3D%22noopener+noreferrer%22%3E%3Cspan+style%3D%22color%3A+%23ff6600%3B%22%3ETotel%3C%2Fspan%3E%3C%2Fa%3E%29%2C+aki+nem+hajtott+el+melegebb+%C3%A9ghajlatra%2C+nem+kereste+a+kiz%C3%A1r%C3%B3+okokat%2C+hanem+az+%C3%B6tletemet+v%C3%A9gighallgatta%2C+az+amerikai+%C3%BAjs%C3%A1gokat+%C3%A1tny%C3%A1lazta+%C3%A9s+az+%C3%A1ltalam+%C3%B6sszeszedett+inform%C3%A1ci%C3%B3kat+szakmailag+leellen%C5%91rizte%2C+kijav%C3%ADtotta+-+elv%C3%A9gre+%22elektromos%22+v%C3%A9gzetts%C3%A9ge+van.+Meglehet%C5%91sen+izgalmas+volt+vele+kiv%C3%A9telesen+nem+hifir%C5%91l%2C+hanem+aut%C3%B3tuningr%C3%B3l+besz%C3%A9lgetni%2C+%C3%A9s+tulajdonk%C3%A9ppen+az+%C5%91+igen+pozit%C3%ADv+hozz%C3%A1%C3%A1ll%C3%A1sa+is+kellett+ahhoz%2C+hogy+bele+merjek+v%C3%A1gni.%3C%2Fspan%3E%3C%2Fp%3E%0D%0A%3Cp+style%3D%22text-align%3A+justify%3B%22%3E%3Cspan+style%3D%22font-size%3A+12pt%3B%22%3EValamint%2C+meg+kell+eml%C3%ADtenem+a+Balogh+%C3%A9s+Fiai+Peugeot+szervizt+is+%28Monor%29%2C+ahol+a+sr%C3%A1cok+mindig%2C+mindent+megtettek+az%C3%A9rt%2C+hogy+a+saj%C3%A1t+aut%C3%B3mba+beszerelt+pr%C3%B3baverzi%C3%B3k+%28is%29+hib%C3%A1tlanul+m%C5%B1k%C3%B6djenek+-+pedig+ilyen+jelleg%C5%B1+gy%C3%BAjt%C3%A1stuningr%C3%B3l+kor%C3%A1bban+m%C3%A9g+csak+nem+is+hallottak.%3C%2Fspan%3E%3C%2Fp%3E%0D%0A%3Cp+style%3D%22text-align%3A+center%3B%22%3E%3Cimg+class%3D%22aligncenter+size-full+wp-image-9173%22+src%3D%22https%3A%2F%2Flongkft.hu%2Faudioblog%2Fwp-content%2Fuploads%2F2021%2F01%2Fcrane-hi6.png%22+alt%3D%22crane+hi6%22+width%3D%22585%22+height%3D%22289%22+%2F%3E%3C%2Fp%3E%0D%0A%3Cp+style%3D%22text-align%3A+justify%3B%22%3E%3Cspan+style%3D%22font-size%3A+12pt%3B%22%3EAzonban%2C+most+nem+ez+a+l%C3%A9nyeg.+Mivel+mindig%2C+mindenben+azt+keresem%2C+hogy+milyen+m%C3%B3don+lehetne+azt+hasznos%C3%ADtani+a+hifiben+-+ami+nem+tudatos+folyamat+-%2C+%C3%ADgy+%22term%C3%A9szetesen%22+megfordult+a+fejemben+az+is%2C+hogy+a+tekercsekben+behozott+igen+k%C3%BCl%C3%B6nleges+gy%C3%BAjt%C3%A1sk%C3%A1belek%2C+mik%C3%A9nt+is+%22sz%C3%B3lhatnak%22.+%3C%2Fspan%3E%3C%2Fp%3E%0D%0A%3Cp+style%3D%22text-align%3A+justify%3B%22%3E%3Cspan+style%3D%22font-size%3A+12pt%3B%22%3EK%C3%A9sz%C3%ADtettem+bel%C5%91l%C3%BCk+hangsz%C3%B3r%C3%B3-+%C3%A9s+IC-k%C3%A1beleket%2C+melyekkel+minden+gond+n%C3%A9lk%C3%BCl+megsz%C3%B3lalt+az+akkori+rendszerem.+Igaz%C3%A1b%C3%B3l+meg+sem+lep%C5%91dve+konstat%C3%A1ltam%2C+hogy+a+k%C3%BCl%C3%B6nb%C3%B6z%C5%91+gy%C3%BAjt%C3%A1sk%C3%A1belek+elt%C3%A9r%C5%91+m%C3%B3don+zen%C3%A9ltek%2C+de+azt%2C+hogy+hallgathatatlanok+lettek+volna%2C+bizony+nem+lehetett+mondani.%3C%2Fspan%3E%3C%2Fp%3E%0D%0A%3Cp+style%3D%22text-align%3A+center%3B%22%3E%3Cimg+class%3D%22aligncenter+size-full+wp-image-9174%22+src%3D%22https%3A%2F%2Flongkft.hu%2Faudioblog%2Fwp-content%2Fuploads%2F2021%2F01%2Fnsd-kabel.jpg%22+alt%3D%22msd+k%C3%A1bel%22+width%3D%22600%22+height%3D%22463%22+%2F%3E%3C%2Fp%3E%0D%0A%3Cp+style%3D%22text-align%3A+justify%3B%22%3E%3Cspan+style%3D%22font-size%3A+12pt%3B%22%3ES%C5%91t%2C+az+egyik+MSD-gy%C3%BAjt%C3%A1sk%C3%A1bel+%3Cem%3E%28annyi+maradt+meg+az+eml%C3%A9kezetemben%2C+hogy+8%2C5+mm-es+%C3%A9s+piros+k%C3%B6peny%C5%B1%29%3C%2Fem%3E+bizony+partiban+volt+t%C3%B6bb%2C+%C3%A1ltalam+kipr%C3%B3b%C3%A1lt+neves%2C+audio-k%C3%A1beleket+gy%C3%A1rt%C3%B3+c%C3%A9g+term%C3%A9keivel+is%2C+%C3%ADgy+a+%22j%C3%A1t%C3%A9k%22%2C+a+tapasztalatszerz%C3%A9s+%C3%A9rdek%C3%A9ben+id%C5%91nk%C3%A9nt+bek%C3%B6t%C3%B6ttem+azokat.+A+mai+eszemmel%2C+ismereteimmel+m%C3%A1r+v%C3%A9glegesen+ott+is+hagytam+volna%2C+de+20%2B+%C3%A9vvel+ezel%C5%91tt+m%C3%A9g+csak+a+r%C3%A1csod%C3%A1lkoz%C3%A1s+korszakomban+j%C3%A1rtam.%3C%2Fspan%3E%3C%2Fp%3E%0D%0A%3Cp+style%3D%22text-align%3A+justify%3B%22%3E%3Cspan+style%3D%22font-size%3A+12pt%3B%22%3EN%C3%A9h%C3%A1ny+%C3%A9vvel+k%C3%A9s%C5%91bb+besz%C3%A9lget%C3%A9sbe+elegyedtem+valakivel%2C+%C3%A9s+sz%C3%B3ba+ker%C3%BClt+a+t%C3%A9ma.+Az+illet%C5%91+szocialista+aut%C3%B3kat+-+els%C5%91sorban+LADA+-+tuningolt%2C+%C3%A9s+bizony+neki+is+esz%C3%A9be+jutott+az+%C3%B6tlet.+%C5%90+orosz+gy%C3%BAjt%C3%A1sk%C3%A1belb%C5%91l+k%C3%A9sz%C3%ADtett+IC-k%C3%A1belt.%3C%2Fspan%3E%3C%2Fp%3E%0D%0A%3Cp+style%3D%22text-align%3A+justify%3B%22%3E%3Cspan+style%3D%22font-size%3A+12pt%3B%22%3EEzzel+term%C3%A9szetesen+nem+azt+szeretn%C3%A9m+%C3%BCzenni%2C+hogy+most+mindenki+rohanjon%2C+%C3%A9s+vegye+ki+aut%C3%B3j%C3%A1b%C3%B3l+%3Cem%3E%28vagy+a+szomsz%C3%A9d%C3%A9b%C3%B3l%29%3C%2Fem%3E+a+gy%C3%BAjt%C3%A1sk%C3%A1beleket%2C+hanem+j%C3%A1rjatok+nyitott+szemmel%2C+nyitott+f%C3%BCllel%2C+mert+nagyon+sok+%3Cem%3E%28%C3%A9s+sokba+ker%C3%BCl%C5%91%29%3C%2Fem%3E+hangz%C3%A1sjav%C3%ADt%C3%B3-megold%C3%A1s+ott+hever+el%C5%91tt%C3%BCnk%2C+csak+%C3%A9ppen+nem+vessz%C3%BCk+%C3%A9szre%2C+vagy+nem+merj%C3%BCk+kipr%C3%B3b%C3%A1lni%2C+vagy+sajnos%2C+nem+mer%C3%BCnk+r%C3%B3la+besz%C3%A1molni...%3C%2Fspan%3E%3C%2Fp%3E&amp;source=Longaudio\"><\/a><a target=\"_blank\" class=\"gplusz\" title=\"\" rel=\"external\" href=\"https:\/\/plusone.google.com\/_\/+1\/confirm?url=https:\/\/longkft.hu\/audioblog\/jarjunk-nyitott-szemmel-nyitott-fullel\/\"><\/a><a target=\"_blank\" rel=\"nofollow\" class=\"email\" href=\"mailto:?subject=Longaudio - J\u00e1rjunk nyitott szemmel, nyitott f\u00fcllel&amp;body=Kedves Bar\u00e1tom! Most olvastam a(z) J\u00e1rjunk nyitott szemmel, nyitott f\u00fcllel  c\u00edm\u0171 cikket a(z) Longaudio  oldalon. Hivatkoz\u00e1s:  https:\/\/longkft.hu\/audioblog\/jarjunk-nyitott-szemmel-nyitott-fullel\/\" title=\"\"><\/a><a class=\"nyomtatas\" title=\"\" href=\"http:\/\/www.printfriendly.com\" onclick=\"window.print();return false;\"><\/a>","protected":false},"author":2,"featured_media":9171,"comment_status":"open","ping_status":"closed","sticky":false,"template":"","format":"standard","meta":{"footnotes":""},"categories":[32],"tags":[87],"class_list":["post-9168","post","type-post","status-publish","format-standard","has-post-thumbnail","hentry","category-tuning","tag-diy"],"yoast_head":"<!-- This site is optimized with the Yoast SEO plugin v27.5 - https:\/\/yoast.com\/product\/yoast-seo-wordpress\/ -->\n<title>J\u00e1rjunk nyitott szemmel, nyitott f\u00fcllel - Longaudio<\/title>\n<meta name=\"description\" content=\"N\u00e9ha a legszokatlanabb helyen tal\u00e1lhatunk olyan eszk\u00f6zt, olyan megold\u00e1st, amivel jobb hangmin\u0151s\u00e9get \u00e9rhet\u00fcnk el rendszer\u00fcnkben.\" \/>\n<meta name=\"robots\" content=\"index, follow, max-snippet:-1, max-image-preview:large, max-video-preview:-1\" \/>\n<link rel=\"canonical\" href=\"https:\/\/longkft.hu\/audioblog\/jarjunk-nyitott-szemmel-nyitott-fullel\/\" \/>\n<meta property=\"og:locale\" content=\"hu_HU\" \/>\n<meta property=\"og:type\" content=\"article\" \/>\n<meta property=\"og:title\" content=\"J\u00e1rjunk nyitott szemmel, nyitott f\u00fcllel - Longaudio\" \/>\n<meta property=\"og:description\" content=\"N\u00e9ha a legszokatlanabb helyen tal\u00e1lhatunk olyan eszk\u00f6zt, olyan megold\u00e1st, amivel jobb hangmin\u0151s\u00e9get \u00e9rhet\u00fcnk el rendszer\u00fcnkben.\" \/>\n<meta property=\"og:url\" content=\"https:\/\/longkft.hu\/audioblog\/jarjunk-nyitott-szemmel-nyitott-fullel\/\" \/>\n<meta property=\"og:site_name\" content=\"Longaudio\" \/>\n<meta property=\"article:publisher\" content=\"https:\/\/www.facebook.com\/longkft\" \/>\n<meta property=\"article:author\" content=\"https:\/\/www.facebook.com\/longkft\" \/>\n<meta property=\"article:published_time\" content=\"2021-01-11T17:03:57+00:00\" \/>\n<meta property=\"article:modified_time\" content=\"2021-02-26T16:14:30+00:00\" \/>\n<meta property=\"og:image\" content=\"https:\/\/longkft.hu\/audioblog\/wp-content\/uploads\/2021\/01\/hot-rod.gif\" \/>\n\t<meta property=\"og:image:width\" content=\"480\" \/>\n\t<meta property=\"og:image:height\" content=\"270\" \/>\n\t<meta property=\"og:image:type\" content=\"image\/gif\" \/>\n<meta name=\"author\" content=\"Long\" \/>\n<meta name=\"twitter:card\" content=\"summary_large_image\" \/>\n<meta name=\"twitter:label1\" content=\"Szerz\u0151:\" \/>\n\t<meta name=\"twitter:data1\" content=\"Long\" \/>\n\t<meta name=\"twitter:label2\" content=\"Becs\u00fclt olvas\u00e1si id\u0151\" \/>\n\t<meta name=\"twitter:data2\" content=\"4 perc\" \/>\n<script type=\"application\/ld+json\" class=\"yoast-schema-graph\">{\"@context\":\"https:\\\/\\\/schema.org\",\"@graph\":[{\"@type\":\"Article\",\"@id\":\"https:\\\/\\\/longkft.hu\\\/audioblog\\\/jarjunk-nyitott-szemmel-nyitott-fullel\\\/#article\",\"isPartOf\":{\"@id\":\"https:\\\/\\\/longkft.hu\\\/audioblog\\\/jarjunk-nyitott-szemmel-nyitott-fullel\\\/\"},\"author\":{\"name\":\"Long\",\"@id\":\"https:\\\/\\\/longkft.hu\\\/audioblog\\\/#\\\/schema\\\/person\\\/645cabad2d8e942354ed2caeef3aa9ea\"},\"headline\":\"J\u00e1rjunk nyitott szemmel, nyitott f\u00fcllel\",\"datePublished\":\"2021-01-11T17:03:57+00:00\",\"dateModified\":\"2021-02-26T16:14:30+00:00\",\"mainEntityOfPage\":{\"@id\":\"https:\\\/\\\/longkft.hu\\\/audioblog\\\/jarjunk-nyitott-szemmel-nyitott-fullel\\\/\"},\"wordCount\":764,\"commentCount\":1,\"publisher\":{\"@id\":\"https:\\\/\\\/longkft.hu\\\/audioblog\\\/#\\\/schema\\\/person\\\/645cabad2d8e942354ed2caeef3aa9ea\"},\"image\":{\"@id\":\"https:\\\/\\\/longkft.hu\\\/audioblog\\\/jarjunk-nyitott-szemmel-nyitott-fullel\\\/#primaryimage\"},\"thumbnailUrl\":\"https:\\\/\\\/longkft.hu\\\/audioblog\\\/wp-content\\\/uploads\\\/2021\\\/01\\\/hot-rod.gif\",\"keywords\":[\"DIY\"],\"articleSection\":[\"Tuning\"],\"inLanguage\":\"hu\",\"potentialAction\":[{\"@type\":\"CommentAction\",\"name\":\"Comment\",\"target\":[\"https:\\\/\\\/longkft.hu\\\/audioblog\\\/jarjunk-nyitott-szemmel-nyitott-fullel\\\/#respond\"]}]},{\"@type\":\"WebPage\",\"@id\":\"https:\\\/\\\/longkft.hu\\\/audioblog\\\/jarjunk-nyitott-szemmel-nyitott-fullel\\\/\",\"url\":\"https:\\\/\\\/longkft.hu\\\/audioblog\\\/jarjunk-nyitott-szemmel-nyitott-fullel\\\/\",\"name\":\"J\u00e1rjunk nyitott szemmel, nyitott f\u00fcllel - Longaudio\",\"isPartOf\":{\"@id\":\"https:\\\/\\\/longkft.hu\\\/audioblog\\\/#website\"},\"primaryImageOfPage\":{\"@id\":\"https:\\\/\\\/longkft.hu\\\/audioblog\\\/jarjunk-nyitott-szemmel-nyitott-fullel\\\/#primaryimage\"},\"image\":{\"@id\":\"https:\\\/\\\/longkft.hu\\\/audioblog\\\/jarjunk-nyitott-szemmel-nyitott-fullel\\\/#primaryimage\"},\"thumbnailUrl\":\"https:\\\/\\\/longkft.hu\\\/audioblog\\\/wp-content\\\/uploads\\\/2021\\\/01\\\/hot-rod.gif\",\"datePublished\":\"2021-01-11T17:03:57+00:00\",\"dateModified\":\"2021-02-26T16:14:30+00:00\",\"description\":\"N\u00e9ha a legszokatlanabb helyen tal\u00e1lhatunk olyan eszk\u00f6zt, olyan megold\u00e1st, amivel jobb hangmin\u0151s\u00e9get \u00e9rhet\u00fcnk el rendszer\u00fcnkben.\",\"breadcrumb\":{\"@id\":\"https:\\\/\\\/longkft.hu\\\/audioblog\\\/jarjunk-nyitott-szemmel-nyitott-fullel\\\/#breadcrumb\"},\"inLanguage\":\"hu\",\"potentialAction\":[{\"@type\":\"ReadAction\",\"target\":[\"https:\\\/\\\/longkft.hu\\\/audioblog\\\/jarjunk-nyitott-szemmel-nyitott-fullel\\\/\"]}]},{\"@type\":\"ImageObject\",\"inLanguage\":\"hu\",\"@id\":\"https:\\\/\\\/longkft.hu\\\/audioblog\\\/jarjunk-nyitott-szemmel-nyitott-fullel\\\/#primaryimage\",\"url\":\"https:\\\/\\\/longkft.hu\\\/audioblog\\\/wp-content\\\/uploads\\\/2021\\\/01\\\/hot-rod.gif\",\"contentUrl\":\"https:\\\/\\\/longkft.hu\\\/audioblog\\\/wp-content\\\/uploads\\\/2021\\\/01\\\/hot-rod.gif\",\"width\":480,\"height\":270},{\"@type\":\"BreadcrumbList\",\"@id\":\"https:\\\/\\\/longkft.hu\\\/audioblog\\\/jarjunk-nyitott-szemmel-nyitott-fullel\\\/#breadcrumb\",\"itemListElement\":[{\"@type\":\"ListItem\",\"position\":1,\"name\":\"Kezd\u0151oldal\",\"item\":\"https:\\\/\\\/longkft.hu\\\/audioblog\\\/\"},{\"@type\":\"ListItem\",\"position\":2,\"name\":\"J\u00e1rjunk nyitott szemmel, nyitott f\u00fcllel\"}]},{\"@type\":\"WebSite\",\"@id\":\"https:\\\/\\\/longkft.hu\\\/audioblog\\\/#website\",\"url\":\"https:\\\/\\\/longkft.hu\\\/audioblog\\\/\",\"name\":\"Longaudio\",\"description\":\"50 \u00e9v lemezgy\u0171jtem\u00e9nye \u00e9s audio k\u00e9sz\u00fcl\u00e9kei\",\"publisher\":{\"@id\":\"https:\\\/\\\/longkft.hu\\\/audioblog\\\/#\\\/schema\\\/person\\\/645cabad2d8e942354ed2caeef3aa9ea\"},\"potentialAction\":[{\"@type\":\"SearchAction\",\"target\":{\"@type\":\"EntryPoint\",\"urlTemplate\":\"https:\\\/\\\/longkft.hu\\\/audioblog\\\/?s={search_term_string}\"},\"query-input\":{\"@type\":\"PropertyValueSpecification\",\"valueRequired\":true,\"valueName\":\"search_term_string\"}}],\"inLanguage\":\"hu\"},{\"@type\":[\"Person\",\"Organization\"],\"@id\":\"https:\\\/\\\/longkft.hu\\\/audioblog\\\/#\\\/schema\\\/person\\\/645cabad2d8e942354ed2caeef3aa9ea\",\"name\":\"Long\",\"image\":{\"@type\":\"ImageObject\",\"inLanguage\":\"hu\",\"@id\":\"https:\\\/\\\/longkft.hu\\\/audioblog\\\/wp-content\\\/uploads\\\/2018\\\/01\\\/logo.jpg\",\"url\":\"https:\\\/\\\/longkft.hu\\\/audioblog\\\/wp-content\\\/uploads\\\/2018\\\/01\\\/logo.jpg\",\"contentUrl\":\"https:\\\/\\\/longkft.hu\\\/audioblog\\\/wp-content\\\/uploads\\\/2018\\\/01\\\/logo.jpg\",\"width\":240,\"height\":240,\"caption\":\"Long\"},\"logo\":{\"@id\":\"https:\\\/\\\/longkft.hu\\\/audioblog\\\/wp-content\\\/uploads\\\/2018\\\/01\\\/logo.jpg\"},\"sameAs\":[\"https:\\\/\\\/www.facebook.com\\\/longkft\",\"https:\\\/\\\/hu.pinterest.com\\\/farkas1051\\\/_saved\\\/\"],\"url\":\"https:\\\/\\\/longkft.hu\\\/audioblog\\\/author\\\/audioblogger\\\/\"}]}<\/script>\n<!-- \/ Yoast SEO plugin. -->","yoast_head_json":{"title":"J\u00e1rjunk nyitott szemmel, nyitott f\u00fcllel - Longaudio","description":"N\u00e9ha a legszokatlanabb helyen tal\u00e1lhatunk olyan eszk\u00f6zt, olyan megold\u00e1st, amivel jobb hangmin\u0151s\u00e9get \u00e9rhet\u00fcnk el rendszer\u00fcnkben.","robots":{"index":"index","follow":"follow","max-snippet":"max-snippet:-1","max-image-preview":"max-image-preview:large","max-video-preview":"max-video-preview:-1"},"canonical":"https:\/\/longkft.hu\/audioblog\/jarjunk-nyitott-szemmel-nyitott-fullel\/","og_locale":"hu_HU","og_type":"article","og_title":"J\u00e1rjunk nyitott szemmel, nyitott f\u00fcllel - Longaudio","og_description":"N\u00e9ha a legszokatlanabb helyen tal\u00e1lhatunk olyan eszk\u00f6zt, olyan megold\u00e1st, amivel jobb hangmin\u0151s\u00e9get \u00e9rhet\u00fcnk el rendszer\u00fcnkben.","og_url":"https:\/\/longkft.hu\/audioblog\/jarjunk-nyitott-szemmel-nyitott-fullel\/","og_site_name":"Longaudio","article_publisher":"https:\/\/www.facebook.com\/longkft","article_author":"https:\/\/www.facebook.com\/longkft","article_published_time":"2021-01-11T17:03:57+00:00","article_modified_time":"2021-02-26T16:14:30+00:00","og_image":[{"url":"https:\/\/longkft.hu\/audioblog\/wp-content\/uploads\/2021\/01\/hot-rod.gif","width":480,"height":270,"type":"image\/gif"}],"author":"Long","twitter_card":"summary_large_image","twitter_misc":{"Szerz\u0151:":"Long","Becs\u00fclt olvas\u00e1si id\u0151":"4 perc"},"schema":{"@context":"https:\/\/schema.org","@graph":[{"@type":"Article","@id":"https:\/\/longkft.hu\/audioblog\/jarjunk-nyitott-szemmel-nyitott-fullel\/#article","isPartOf":{"@id":"https:\/\/longkft.hu\/audioblog\/jarjunk-nyitott-szemmel-nyitott-fullel\/"},"author":{"name":"Long","@id":"https:\/\/longkft.hu\/audioblog\/#\/schema\/person\/645cabad2d8e942354ed2caeef3aa9ea"},"headline":"J\u00e1rjunk nyitott szemmel, nyitott f\u00fcllel","datePublished":"2021-01-11T17:03:57+00:00","dateModified":"2021-02-26T16:14:30+00:00","mainEntityOfPage":{"@id":"https:\/\/longkft.hu\/audioblog\/jarjunk-nyitott-szemmel-nyitott-fullel\/"},"wordCount":764,"commentCount":1,"publisher":{"@id":"https:\/\/longkft.hu\/audioblog\/#\/schema\/person\/645cabad2d8e942354ed2caeef3aa9ea"},"image":{"@id":"https:\/\/longkft.hu\/audioblog\/jarjunk-nyitott-szemmel-nyitott-fullel\/#primaryimage"},"thumbnailUrl":"https:\/\/longkft.hu\/audioblog\/wp-content\/uploads\/2021\/01\/hot-rod.gif","keywords":["DIY"],"articleSection":["Tuning"],"inLanguage":"hu","potentialAction":[{"@type":"CommentAction","name":"Comment","target":["https:\/\/longkft.hu\/audioblog\/jarjunk-nyitott-szemmel-nyitott-fullel\/#respond"]}]},{"@type":"WebPage","@id":"https:\/\/longkft.hu\/audioblog\/jarjunk-nyitott-szemmel-nyitott-fullel\/","url":"https:\/\/longkft.hu\/audioblog\/jarjunk-nyitott-szemmel-nyitott-fullel\/","name":"J\u00e1rjunk nyitott szemmel, nyitott f\u00fcllel - Longaudio","isPartOf":{"@id":"https:\/\/longkft.hu\/audioblog\/#website"},"primaryImageOfPage":{"@id":"https:\/\/longkft.hu\/audioblog\/jarjunk-nyitott-szemmel-nyitott-fullel\/#primaryimage"},"image":{"@id":"https:\/\/longkft.hu\/audioblog\/jarjunk-nyitott-szemmel-nyitott-fullel\/#primaryimage"},"thumbnailUrl":"https:\/\/longkft.hu\/audioblog\/wp-content\/uploads\/2021\/01\/hot-rod.gif","datePublished":"2021-01-11T17:03:57+00:00","dateModified":"2021-02-26T16:14:30+00:00","description":"N\u00e9ha a legszokatlanabb helyen tal\u00e1lhatunk olyan eszk\u00f6zt, olyan megold\u00e1st, amivel jobb hangmin\u0151s\u00e9get \u00e9rhet\u00fcnk el rendszer\u00fcnkben.","breadcrumb":{"@id":"https:\/\/longkft.hu\/audioblog\/jarjunk-nyitott-szemmel-nyitott-fullel\/#breadcrumb"},"inLanguage":"hu","potentialAction":[{"@type":"ReadAction","target":["https:\/\/longkft.hu\/audioblog\/jarjunk-nyitott-szemmel-nyitott-fullel\/"]}]},{"@type":"ImageObject","inLanguage":"hu","@id":"https:\/\/longkft.hu\/audioblog\/jarjunk-nyitott-szemmel-nyitott-fullel\/#primaryimage","url":"https:\/\/longkft.hu\/audioblog\/wp-content\/uploads\/2021\/01\/hot-rod.gif","contentUrl":"https:\/\/longkft.hu\/audioblog\/wp-content\/uploads\/2021\/01\/hot-rod.gif","width":480,"height":270},{"@type":"BreadcrumbList","@id":"https:\/\/longkft.hu\/audioblog\/jarjunk-nyitott-szemmel-nyitott-fullel\/#breadcrumb","itemListElement":[{"@type":"ListItem","position":1,"name":"Kezd\u0151oldal","item":"https:\/\/longkft.hu\/audioblog\/"},{"@type":"ListItem","position":2,"name":"J\u00e1rjunk nyitott szemmel, nyitott f\u00fcllel"}]},{"@type":"WebSite","@id":"https:\/\/longkft.hu\/audioblog\/#website","url":"https:\/\/longkft.hu\/audioblog\/","name":"Longaudio","description":"50 \u00e9v lemezgy\u0171jtem\u00e9nye \u00e9s audio k\u00e9sz\u00fcl\u00e9kei","publisher":{"@id":"https:\/\/longkft.hu\/audioblog\/#\/schema\/person\/645cabad2d8e942354ed2caeef3aa9ea"},"potentialAction":[{"@type":"SearchAction","target":{"@type":"EntryPoint","urlTemplate":"https:\/\/longkft.hu\/audioblog\/?s={search_term_string}"},"query-input":{"@type":"PropertyValueSpecification","valueRequired":true,"valueName":"search_term_string"}}],"inLanguage":"hu"},{"@type":["Person","Organization"],"@id":"https:\/\/longkft.hu\/audioblog\/#\/schema\/person\/645cabad2d8e942354ed2caeef3aa9ea","name":"Long","image":{"@type":"ImageObject","inLanguage":"hu","@id":"https:\/\/longkft.hu\/audioblog\/wp-content\/uploads\/2018\/01\/logo.jpg","url":"https:\/\/longkft.hu\/audioblog\/wp-content\/uploads\/2018\/01\/logo.jpg","contentUrl":"https:\/\/longkft.hu\/audioblog\/wp-content\/uploads\/2018\/01\/logo.jpg","width":240,"height":240,"caption":"Long"},"logo":{"@id":"https:\/\/longkft.hu\/audioblog\/wp-content\/uploads\/2018\/01\/logo.jpg"},"sameAs":["https:\/\/www.facebook.com\/longkft","https:\/\/hu.pinterest.com\/farkas1051\/_saved\/"],"url":"https:\/\/longkft.hu\/audioblog\/author\/audioblogger\/"}]}},"_links":{"self":[{"href":"https:\/\/longkft.hu\/audioblog\/wp-json\/wp\/v2\/posts\/9168","targetHints":{"allow":["GET"]}}],"collection":[{"href":"https:\/\/longkft.hu\/audioblog\/wp-json\/wp\/v2\/posts"}],"about":[{"href":"https:\/\/longkft.hu\/audioblog\/wp-json\/wp\/v2\/types\/post"}],"author":[{"embeddable":true,"href":"https:\/\/longkft.hu\/audioblog\/wp-json\/wp\/v2\/users\/2"}],"replies":[{"embeddable":true,"href":"https:\/\/longkft.hu\/audioblog\/wp-json\/wp\/v2\/comments?post=9168"}],"version-history":[{"count":0,"href":"https:\/\/longkft.hu\/audioblog\/wp-json\/wp\/v2\/posts\/9168\/revisions"}],"wp:featuredmedia":[{"embeddable":true,"href":"https:\/\/longkft.hu\/audioblog\/wp-json\/wp\/v2\/media\/9171"}],"wp:attachment":[{"href":"https:\/\/longkft.hu\/audioblog\/wp-json\/wp\/v2\/media?parent=9168"}],"wp:term":[{"taxonomy":"category","embeddable":true,"href":"https:\/\/longkft.hu\/audioblog\/wp-json\/wp\/v2\/categories?post=9168"},{"taxonomy":"post_tag","embeddable":true,"href":"https:\/\/longkft.hu\/audioblog\/wp-json\/wp\/v2\/tags?post=9168"}],"curies":[{"name":"wp","href":"https:\/\/api.w.org\/{rel}","templated":true}]}}